{"id":1344,"date":"2025-11-10T21:05:08","date_gmt":"2025-11-10T20:05:08","guid":{"rendered":"http:\/\/www.meblobranie.pl\/porady\/?p=1344"},"modified":"2026-02-02T21:18:37","modified_gmt":"2026-02-02T20:18:37","slug":"taras-tylem-na-przod-czyli-o-ganku-slow-kilka","status":"publish","type":"post","link":"https:\/\/www.meblobranie.pl\/porady\/taras-tylem-na-przod-czyli-o-ganku-slow-kilka\/","title":{"rendered":"Ganek przed domem &#8211; pomys\u0142y i aran\u017cacje"},"content":{"rendered":"\n<p><strong>Zastanawiasz si\u0119, co to jest ganek?<\/strong> To zadaszona przestrze\u0144 przed Twoim wej\u015bciem do domu, cz\u0119sto wsparta na s\u0142upach. <strong>Taka konstrukcja chroni Twoje drzwi przed deszczem, a jednocze\u015bnie stanowi ozdob\u0119 budynku i przyjemne miejsce do codziennego odpoczynku.<\/strong><\/p>\n\n\n\n<p><strong>Tw\u00f3j ganek przed domem to co\u015b wi\u0119cej ni\u017c tylko zadaszenie przy wej\u015bciu \u2013 to wizyt\u00f3wka ca\u0142ej posesji i przestrze\u0144, kt\u00f3ra p\u0142ynnie \u0142\u0105czy wn\u0119trze z ogrodem.<\/strong> Mo\u017ce by\u0107 on drewniany, nowoczesny, przeszklony lub rustykalny \u2013 wszystko zale\u017cy od Twojego pomys\u0142u na aran\u017cacj\u0119 tej wyj\u0105tkowej strefy wej\u015bciowej. Szukasz pomys\u0142u na <strong>ganek przed domem? Inspiracje<\/strong> i praktyczne wskaz\u00f3wki znajdziesz w\u0142a\u015bnie u nas!<\/p>\n\n\n\n<p>Je\u015bli interesuje Ci\u0119 stylowa <strong>aran\u017cacja ganku<\/strong>, sprawd\u017a koniecznie, <a href=\"https:\/\/www.meblobranie.pl\/porady\/jak-zaaranzowac-wejscie-do-domu-pomysly\/\"><strong>jak zaaran\u017cowa\u0107 wej\u015bcie do domu<\/strong><\/a> tak, by by\u0142o ono nowoczesne i funkcjonalne. Dobre pierwsze wra\u017cenie zaczyna si\u0119 ju\u017c na progu, dlatego warto zadba\u0107 o odpowiednie o\u015bwietlenie i dodatki, kt\u00f3re od progu powitaj\u0105 Twoich go\u015bci wyj\u0105tkow\u0105 atmosfer\u0105.<\/p>\n\n\n<div class=\"wp-block-image\">\n<figure class=\"aligncenter\"><img loading=\"lazy\" decoding=\"async\" width=\"830\" height=\"553\" src=\"https:\/\/www.meblobranie.pl\/porady\/wp-content\/uploads\/2011\/08\/aranzacja-ganku-perata.jpeg\" alt=\"aran\u017cacja ganku meble technorattanowe perata\" class=\"wp-image-41412\" srcset=\"https:\/\/www.meblobranie.pl\/porady\/wp-content\/uploads\/2011\/08\/aranzacja-ganku-perata.jpeg 830w, https:\/\/www.meblobranie.pl\/porady\/wp-content\/uploads\/2011\/08\/aranzacja-ganku-perata-300x200.jpeg 300w, https:\/\/www.meblobranie.pl\/porady\/wp-content\/uploads\/2011\/08\/aranzacja-ganku-perata-768x512.jpeg 768w\" sizes=\"auto, (max-width: 830px) 100vw, 830px\" \/><\/figure>\n<\/div>\n\n\n<!--more-->\n\n\n\n\n\n\n<h2 class=\"wp-block-heading\">Jak zrobi\u0107 ganek?<\/h2>\n\n\n\n<p>Zastanawiasz si\u0119, <strong>jak zrobi\u0107 ganek<\/strong>, kt\u00f3ry przetrwa lata? Twoja konstrukcja powinna opiera\u0107 si\u0119 zwykle na:<\/p>\n\n\n\n<ul class=\"wp-block-list\">\n<li>stabilnych drewnianych s\u0142upach,<\/li>\n\n\n\n<li>solidnych betonowych stopniach,<\/li>\n\n\n\n<li>odpowiednim dachu, kt\u00f3ry skutecznie ochroni Ci\u0119 przed deszczem i mrozem.<\/li>\n<\/ul>\n\n\n\n<p><strong>Tw\u00f3j drewniany ganek przed wej\u015bciem do domu b\u0119dzie doskonale komponowa\u0142 si\u0119 z budynkiem w stylu rustykalnym.<\/strong> Z kolei w nowoczesnych projektach zyskasz lepszy efekt, wybieraj\u0105c szklan\u0105 konstrukcj\u0119 wyko\u0144czon\u0105 naturalnym kamieniem. <strong>Wa\u017cne, by\u015b dobra\u0142 materia\u0142y o wysokiej odporno\u015bci na wilgo\u0107, dzi\u0119ki czemu ganek zachowa sw\u00f3j pierwotny urok przez d\u0142ugi czas.<\/strong><\/p>\n\n\n\n<h2 class=\"wp-block-heading\">Jak zabudowa\u0107 ganek?<\/h2>\n\n\n\n<p><strong>Je\u015bli chcesz stworzy\u0107 przeszklony ganek lub ogr\u00f3d zimowy, najlepszym rozwi\u0105zaniem dla Ciebie b\u0119d\u0105 szklane \u015bciany po\u0142\u0105czone z drewnianymi elementami konstrukcyjnymi.<\/strong> Taka forma nie tylko chroni Twoje wej\u015bcie przed utrat\u0105 ciep\u0142a, ale te\u017c wpuszcza do \u015brodka mn\u00f3stwo naturalnego \u015bwiat\u0142a. Wiedza o tym, <strong>jak zabudowa\u0107 ganek<\/strong>, pozwoli Ci stworzy\u0107 dodatkowy wiatro\u0142ap lub zaciszn\u0105 stref\u0119 relaksu z meblami ogrodowymi. <strong>Konstrukcja w nowoczesnym stylu b\u0119dzie prezentowa\u0107 si\u0119 u Ciebie wyj\u0105tkowo efektownie w po\u0142\u0105czeniu z dyskretnym o\u015bwietleniem LED i czujnikami ruchu.<\/strong> Postaw na trwa\u0142e aluminium i szk\u0142o hartowane, aby zyska\u0107 rozwi\u0105zanie na lata.<\/p>\n\n\n<p>[[kategoria:32:6]]<\/p>\n\n\n\n<h2 class=\"wp-block-heading\">Jak urz\u0105dzi\u0107 ganek w domu?<\/h2>\n\n\n\n<p>Planuj\u0105c, <strong>jak urz\u0105dzi\u0107 ganek w domu<\/strong>, mo\u017cesz z \u0142atwo\u015bci\u0105 po\u0142\u0105czy\u0107 funkcjonalno\u015b\u0107 z przytulnym stylem. <strong>Wybierz wygodne meble, ro\u015bliny doniczkowe i mi\u0119kkie o\u015bwietlenie, dzi\u0119ki kt\u00f3rym stworzysz u siebie sielski klimat.<\/strong><\/p>\n\n\n\n<p><strong>Bia\u0142e \u015bciany i prosta forma w stylu skandynawskim wprowadz\u0105 po\u017c\u0105dan\u0105 harmoni\u0119 mi\u0119dzy wn\u0119trzem Twojego domu a jego otoczeniem.<\/strong><\/p>\n\n\n\n<p class=\"worth-know\"><strong>Warto wiedzie\u0107<\/strong><br><br><strong>W krajach skandynawskich ganki maluje si\u0119 cz\u0119sto na czerwono \u2013 to tradycyjny symbol go\u015bcinno\u015bci, kt\u00f3ry od razu rzuca si\u0119 w oczy.<\/strong><\/p>\n\n\n\n<p>Je\u015bli wolisz minimalizm, postaw na oszcz\u0119dne o\u015bwietlenie i naturalne materia\u0142y. <strong>Twoja aran\u017cacja ganku w domu powinna te\u017c uwzgl\u0119dnia\u0107 praktyczne miejsce na odzie\u017c wierzchni\u0105 oraz wygodne siedziska.<\/strong> Dzi\u0119ki temu zyskasz idealn\u0105 przestrze\u0144 do kr\u00f3tkiego odpoczynku lub porannej rozmowy przy fili\u017cance kawy. Zobacz przygotowane przez nas <strong>ganek w domu aran\u017cacje<\/strong> i znajd\u017a styl idealny dla siebie.<\/p>\n\n\n<p>[[kategoria:1990:6]]<\/p>\n\n\n\n<h2 class=\"wp-block-heading\">Jak wyko\u0144czy\u0107 ganek w \u015brodku?<\/h2>\n\n\n\n<p>Pod\u0142og\u0119 i dach mo\u017cesz wyko\u0144czy\u0107 z tego samego materia\u0142u co reszt\u0119 budynku, dzi\u0119ki czemu zyskasz sp\u00f3jny i elegancki wygl\u0105d elewacji. <strong>Pami\u0119taj, \u017ce to, jak wyko\u0144czysz ganek w \u015brodku, wp\u0142ynie na Tw\u00f3j komfort podczas letnich wieczor\u00f3w.<\/strong> Ganek ma pe\u0142ni\u0107 funkcj\u0119 salonu na \u015bwie\u017cym powietrzu \u2013 miejsca, w kt\u00f3rym b\u0119dziesz ch\u0119tnie przesiadywa\u0107 z ksi\u0105\u017ck\u0105, wypijesz popo\u0142udniow\u0105 kaw\u0119 i przyjmiesz swoich go\u015bci w niezobowi\u0105zuj\u0105cej atmosferze.<\/p>\n\n\n\n<p><strong>Warto, by to wymarzone miejsce od pierwszego wejrzenia kojarzy\u0142o si\u0119 z Twoim przytulnym wn\u0119trzem.<\/strong> Je\u015bli planujesz <strong>aran\u017cacj\u0119 ganku w domu<\/strong> w stylu rustykalnym, wybierz drewno i ro\u015bliny pn\u0105ce. Z kolei przy stylu boho postaw na:<\/p>\n\n\n\n<ul class=\"wp-block-list\">\n<li>klimatyczne lampiony i girlandy,<\/li>\n\n\n\n<li>proste meble z naturalnych materia\u0142\u00f3w,<\/li>\n\n\n\n<li>dekoracje z makramy lub naturalnych traw.<\/li>\n<\/ul>\n\n\n<div class=\"wp-block-image wp-image-41417 size-full\">\n<figure class=\"aligncenter\"><img loading=\"lazy\" decoding=\"async\" width=\"900\" height=\"676\" src=\"https:\/\/www.meblobranie.pl\/porady\/wp-content\/uploads\/2011\/08\/ganek-inspiracje-technorattan-perata.jpeg\" alt=\"werandy przydomowe zdj\u0119cia technorattan perata\" class=\"wp-image-41417\" srcset=\"https:\/\/www.meblobranie.pl\/porady\/wp-content\/uploads\/2011\/08\/ganek-inspiracje-technorattan-perata.jpeg 900w, https:\/\/www.meblobranie.pl\/porady\/wp-content\/uploads\/2011\/08\/ganek-inspiracje-technorattan-perata-300x225.jpeg 300w, https:\/\/www.meblobranie.pl\/porady\/wp-content\/uploads\/2011\/08\/ganek-inspiracje-technorattan-perata-768x577.jpeg 768w\" sizes=\"auto, (max-width: 900px) 100vw, 900px\" \/><\/figure>\n<\/div>\n\n\n<h2 class=\"wp-block-heading\">Pomys\u0142 na ganek przed domem<\/h2>\n\n\n\n<p><strong>Tw\u00f3j pomys\u0142 na ganek przed domem nie musi wcale ogranicza\u0107 si\u0119 do prostego, drewnianego podestu.<\/strong> Wariacji na ten temat mo\u017cesz stworzy\u0107 mn\u00f3stwo, dopasowuj\u0105c je do przeznaczenia i architektury Twojego budynku. <strong>Ganek mo\u017ce sta\u0107 si\u0119 nie tylko przybud\u00f3wk\u0105 ze schodami, ale wr\u0119cz reprezentacyjn\u0105 werand\u0105, kt\u00f3ra ca\u0142kowicie odmieni charakter domu.<\/strong> Gankiem nazwiesz r\u00f3wnie\u017c taras z dachem \u2013 takie <strong>ganek aran\u017cacje<\/strong> cz\u0119sto umieszcza si\u0119 od strony ogrodu, by zapewni\u0107 sobie prywatno\u015b\u0107. <strong>Zadbaj o to, aby aran\u017cacja ganku by\u0142a sp\u00f3jna z kolorem Twoich okien i drzwi.<\/strong><\/p>\n\n\n\n<h2 class=\"wp-block-heading\">Ganek przed domem &#8211; inspiracje<\/h2>\n\n\n\n<p><strong>Ganek przed domem to Twoja najwa\u017cniejsza wizyt\u00f3wka, dlatego warto po\u015bwi\u0119ci\u0107 czas na jego staranne zaplanowanie.<\/strong> Przegl\u0105daj\u0105c <strong>ganek inspiracje<\/strong>, zauwa\u017cysz, \u017ce w nowoczesnym stylu kr\u00f3luj\u0105 szklane \u015bciany i surowe formy. Z kolei styl rustykalny to powr\u00f3t do drewna i naturalnego kamienia. <strong>Wybierz o\u015bwietlenie, kt\u00f3re wieczorem pi\u0119knie wyeksponuje bry\u0142\u0119 budynku i u\u0142atwi Ci doj\u015bcie do drzwi.<\/strong> Dobrym pomys\u0142em dla Ciebie b\u0119dzie po\u0142\u0105czenie drewna z zieleni\u0105 \u2013 donice z kwiatami przy wej\u015bciu stworz\u0105 bardzo przyjazne pierwsze wra\u017cenie.<\/p>\n\n\n\n<p class=\"worth-know\"><strong>Warto wiedzie\u0107<\/strong><br><br><strong>Wybieraj\u0105c odpowiednie <a href=\"https:\/\/www.meblobranie.pl\/ogrod-meble-ogrodowe\">meble ogrodowe<\/a> czy eleganckie <a href=\"https:\/\/www.meblobranie.pl\/sofy-ogrodowe\">sofy ogrodowe<\/a>, z \u0142atwo\u015bci\u0105 stworzysz na ganku klimat, kt\u00f3ry zaprasza do odpoczynku na \u015bwie\u017cym powietrzu. Odpowiednio dobrane siedziska sprawi\u0105, \u017ce ta przestrze\u0144 stanie si\u0119 Twoim ulubionym miejscem na letnie popo\u0142udnia.<\/strong><\/p>\n\n\n\n<figure class=\"wp-block-table\"><table class=\"has-white-background-color has-background\"><tbody><tr><th><strong>Styl ganku<\/strong><\/th><th><strong>Materia\u0142y<\/strong><\/th><th><strong>Cechy charakterystyczne<\/strong><\/th><th><strong>Dodatki<\/strong><\/th><\/tr><tr><td>Rustykalny<\/td><td>Drewno, kamie\u0144<\/td><td>Ciep\u0142y, naturalny wygl\u0105d<\/td><td>Ro\u015bliny pn\u0105ce, lampiony<\/td><\/tr><tr><td>Nowoczesny<\/td><td>Szk\u0142o, aluminium<\/td><td>Minimalizm i prostota<\/td><td>LED, betonowe schody<\/td><\/tr><tr><td>Skandynawski<\/td><td>Jasne drewno<\/td><td>Jasne barwy, funkcjonalno\u015b\u0107<\/td><td>Doniczki, naturalne tkaniny<\/td><\/tr><tr><td>Boho<\/td><td>Drewno, trawy, makramy<\/td><td>Lekko\u015b\u0107 i swoboda<\/td><td>Girlandy, poduszki<\/td><\/tr><\/tbody><\/table><\/figure>\n\n\n\n<h2 class=\"wp-block-heading\">Jak urz\u0105dzi\u0107 ganek przed wej\u015bciem do domu? Podsumowanie<\/h2>\n\n\n\n<p><strong>Tw\u00f3j ganek przed domem to co\u015b wi\u0119cej ni\u017c praktyczne zadaszenie \u2013 to ozdoba, kt\u00f3ra wita Ci\u0119 ka\u017cdego dnia.<\/strong> Niezale\u017cnie od tego, czy wybierzesz drewnian\u0105 konstrukcj\u0119 pe\u0142n\u0105 uroku, czy nowoczesny, przeszklony ganek, zyskasz now\u0105 przestrze\u0144 do relaksu. <strong>W\u0142a\u015bciwie dobrane materia\u0142y, ro\u015bliny i o\u015bwietlenie sprawi\u0105, \u017ce Tw\u00f3j ganek przed wej\u015bciem do domu stanie si\u0119 najbardziej go\u015bcinnym punktem na mapie posesji.<\/strong><\/p>\n\n\n\n<p>To przestrze\u0144, kt\u00f3ra mo\u017ce sta\u0107 si\u0119 Twoj\u0105 ulubion\u0105 enklaw\u0105, je\u015bli zadbasz o ka\u017cdy detal. <strong>Mamy nadziej\u0119, \u017ce nasz pomys\u0142 na ganek zainspiruje Ci\u0119 do zmian.<\/strong> A je\u015bli marzysz o jeszcze wi\u0119kszym komforcie, sprawd\u017a tak\u017ce, <a href=\"https:\/\/www.meblobranie.pl\/porady\/jak-urzadzic-werande\/\"><strong>jak urz\u0105dzi\u0107 werand\u0119<\/strong><\/a>, aby zyska\u0107 dodatkowe, nastrojowe miejsce wypoczynku dla ca\u0142ej rodziny. Poznaj triki na aran\u017cacj\u0119 mebli i dob\u00f3r tekstyli\u00f3w, kt\u00f3re ociepl\u0105 ka\u017cd\u0105 przestrze\u0144 zewn\u0119trzn\u0105.<\/p>\n\n\n<div class=\"wp-block-image wp-image-41415 size-full\">\n<figure class=\"aligncenter\"><img loading=\"lazy\" decoding=\"async\" width=\"900\" height=\"675\" src=\"https:\/\/www.meblobranie.pl\/porady\/wp-content\/uploads\/2011\/08\/aranzacje-ganku-zestaw-ogrodowy-meblobranie-sfm-grafit.jpeg\" alt=\"aran\u017cacje ganku technorattan look salemo\" class=\"wp-image-41415\" srcset=\"https:\/\/www.meblobranie.pl\/porady\/wp-content\/uploads\/2011\/08\/aranzacje-ganku-zestaw-ogrodowy-meblobranie-sfm-grafit.jpeg 900w, https:\/\/www.meblobranie.pl\/porady\/wp-content\/uploads\/2011\/08\/aranzacje-ganku-zestaw-ogrodowy-meblobranie-sfm-grafit-300x225.jpeg 300w, https:\/\/www.meblobranie.pl\/porady\/wp-content\/uploads\/2011\/08\/aranzacje-ganku-zestaw-ogrodowy-meblobranie-sfm-grafit-768x576.jpeg 768w\" sizes=\"auto, (max-width: 900px) 100vw, 900px\" \/><\/figure>\n<\/div>\n\n<div class=\"wp-block-image wp-image-41424 size-full\">\n<figure class=\"aligncenter\"><img loading=\"lazy\" decoding=\"async\" width=\"900\" height=\"675\" src=\"https:\/\/www.meblobranie.pl\/porady\/wp-content\/uploads\/2011\/08\/nowoczesny-ganek-meble-salve.jpeg\" alt=\"weranda zabudowana z meblami salve\" class=\"wp-image-41424\" srcset=\"https:\/\/www.meblobranie.pl\/porady\/wp-content\/uploads\/2011\/08\/nowoczesny-ganek-meble-salve.jpeg 900w, https:\/\/www.meblobranie.pl\/porady\/wp-content\/uploads\/2011\/08\/nowoczesny-ganek-meble-salve-300x225.jpeg 300w, https:\/\/www.meblobranie.pl\/porady\/wp-content\/uploads\/2011\/08\/nowoczesny-ganek-meble-salve-768x576.jpeg 768w\" sizes=\"auto, (max-width: 900px) 100vw, 900px\" \/><\/figure>\n<\/div>\n\n<div class=\"wp-block-image wp-image-41421 size-full\">\n<figure class=\"aligncenter\"><img loading=\"lazy\" decoding=\"async\" width=\"900\" height=\"506\" src=\"https:\/\/www.meblobranie.pl\/porady\/wp-content\/uploads\/2011\/08\/ganek-w-domu-aranzacje-torgiano.jpeg\" alt=\"werandy przydomowe technorattan torgiano\" class=\"wp-image-41421\" srcset=\"https:\/\/www.meblobranie.pl\/porady\/wp-content\/uploads\/2011\/08\/ganek-w-domu-aranzacje-torgiano.jpeg 900w, https:\/\/www.meblobranie.pl\/porady\/wp-content\/uploads\/2011\/08\/ganek-w-domu-aranzacje-torgiano-300x169.jpeg 300w, https:\/\/www.meblobranie.pl\/porady\/wp-content\/uploads\/2011\/08\/ganek-w-domu-aranzacje-torgiano-768x432.jpeg 768w\" sizes=\"auto, (max-width: 900px) 100vw, 900px\" \/><\/figure>\n<\/div>\n\n<div class=\"wp-block-image wp-image-41413 size-full\">\n<figure class=\"aligncenter\"><img loading=\"lazy\" decoding=\"async\" width=\"900\" height=\"675\" src=\"https:\/\/www.meblobranie.pl\/porady\/wp-content\/uploads\/2011\/08\/aranzacja-ganku-technorattan-cioso.jpeg\" alt=\"ganek inspiracje technorattan cioso\" class=\"wp-image-41413\" srcset=\"https:\/\/www.meblobranie.pl\/porady\/wp-content\/uploads\/2011\/08\/aranzacja-ganku-technorattan-cioso.jpeg 900w, https:\/\/www.meblobranie.pl\/porady\/wp-content\/uploads\/2011\/08\/aranzacja-ganku-technorattan-cioso-300x225.jpeg 300w, https:\/\/www.meblobranie.pl\/porady\/wp-content\/uploads\/2011\/08\/aranzacja-ganku-technorattan-cioso-768x576.jpeg 768w\" sizes=\"auto, (max-width: 900px) 100vw, 900px\" \/><\/figure>\n<\/div>\n\n<div class=\"wp-block-image wp-image-41428 size-full\">\n<figure class=\"aligncenter\"><img loading=\"lazy\" decoding=\"async\" width=\"900\" height=\"675\" src=\"https:\/\/www.meblobranie.pl\/porady\/wp-content\/uploads\/2011\/08\/weranda-zabudowana-zestaw-mebli-modulowych-na-taras-salve6.jpeg\" alt=\"nowoczesny ganek meble salve\" class=\"wp-image-41428\" srcset=\"https:\/\/www.meblobranie.pl\/porady\/wp-content\/uploads\/2011\/08\/weranda-zabudowana-zestaw-mebli-modulowych-na-taras-salve6.jpeg 900w, https:\/\/www.meblobranie.pl\/porady\/wp-content\/uploads\/2011\/08\/weranda-zabudowana-zestaw-mebli-modulowych-na-taras-salve6-300x225.jpeg 300w, https:\/\/www.meblobranie.pl\/porady\/wp-content\/uploads\/2011\/08\/weranda-zabudowana-zestaw-mebli-modulowych-na-taras-salve6-768x576.jpeg 768w\" sizes=\"auto, (max-width: 900px) 100vw, 900px\" \/><\/figure>\n<\/div>\n\n<div class=\"wp-block-image wp-image-41419 size-full\">\n<figure class=\"aligncenter\"><img loading=\"lazy\" decoding=\"async\" width=\"900\" height=\"675\" src=\"https:\/\/www.meblobranie.pl\/porady\/wp-content\/uploads\/2011\/08\/ganek-przy-domu-w-stylu-rustykalnym-zestaw-perata.jpeg\" alt=\"werandy przydomowe technorattan perata\" class=\"wp-image-41419\" srcset=\"https:\/\/www.meblobranie.pl\/porady\/wp-content\/uploads\/2011\/08\/ganek-przy-domu-w-stylu-rustykalnym-zestaw-perata.jpeg 900w, https:\/\/www.meblobranie.pl\/porady\/wp-content\/uploads\/2011\/08\/ganek-przy-domu-w-stylu-rustykalnym-zestaw-perata-300x225.jpeg 300w, https:\/\/www.meblobranie.pl\/porady\/wp-content\/uploads\/2011\/08\/ganek-przy-domu-w-stylu-rustykalnym-zestaw-perata-768x576.jpeg 768w\" sizes=\"auto, (max-width: 900px) 100vw, 900px\" \/><\/figure>\n<\/div>\n\n<div class=\"wp-block-image wp-image-41422 size-full\">\n<figure class=\"aligncenter\"><img loading=\"lazy\" decoding=\"async\" width=\"900\" height=\"675\" src=\"https:\/\/www.meblobranie.pl\/porady\/wp-content\/uploads\/2011\/08\/ganek-w-domu-aranzacje-zestaw-salemo.jpeg\" alt=\"aran\u017cacje ganku meble salemo\" class=\"wp-image-41422\" srcset=\"https:\/\/www.meblobranie.pl\/porady\/wp-content\/uploads\/2011\/08\/ganek-w-domu-aranzacje-zestaw-salemo.jpeg 900w, https:\/\/www.meblobranie.pl\/porady\/wp-content\/uploads\/2011\/08\/ganek-w-domu-aranzacje-zestaw-salemo-300x225.jpeg 300w, https:\/\/www.meblobranie.pl\/porady\/wp-content\/uploads\/2011\/08\/ganek-w-domu-aranzacje-zestaw-salemo-768x576.jpeg 768w\" sizes=\"auto, (max-width: 900px) 100vw, 900px\" \/><\/figure>\n<\/div>\n\n<div class=\"wp-block-image wp-image-41414 size-full\">\n<figure class=\"aligncenter\"><img loading=\"lazy\" decoding=\"async\" width=\"900\" height=\"506\" src=\"https:\/\/www.meblobranie.pl\/porady\/wp-content\/uploads\/2011\/08\/aranzacje-ganku-komplet-mebli-technorattanowych-perata-grande.jpeg\" alt=\"aran\u017cacja ganku technorattan perata\" class=\"wp-image-41414\" srcset=\"https:\/\/www.meblobranie.pl\/porady\/wp-content\/uploads\/2011\/08\/aranzacje-ganku-komplet-mebli-technorattanowych-perata-grande.jpeg 900w, https:\/\/www.meblobranie.pl\/porady\/wp-content\/uploads\/2011\/08\/aranzacje-ganku-komplet-mebli-technorattanowych-perata-grande-300x169.jpeg 300w, https:\/\/www.meblobranie.pl\/porady\/wp-content\/uploads\/2011\/08\/aranzacje-ganku-komplet-mebli-technorattanowych-perata-grande-768x432.jpeg 768w\" sizes=\"auto, (max-width: 900px) 100vw, 900px\" \/><\/figure>\n<\/div>\n\n<div class=\"wp-block-image wp-image-41425 size-full\">\n<figure class=\"aligncenter\"><img loading=\"lazy\" decoding=\"async\" width=\"900\" height=\"506\" src=\"https:\/\/www.meblobranie.pl\/porady\/wp-content\/uploads\/2011\/08\/nowoczesny-ganek-przy-domu-arazacja-meble-salve.jpeg\" alt=\"weranda zabudowana meble salve\" class=\"wp-image-41425\" srcset=\"https:\/\/www.meblobranie.pl\/porady\/wp-content\/uploads\/2011\/08\/nowoczesny-ganek-przy-domu-arazacja-meble-salve.jpeg 900w, https:\/\/www.meblobranie.pl\/porady\/wp-content\/uploads\/2011\/08\/nowoczesny-ganek-przy-domu-arazacja-meble-salve-300x169.jpeg 300w, https:\/\/www.meblobranie.pl\/porady\/wp-content\/uploads\/2011\/08\/nowoczesny-ganek-przy-domu-arazacja-meble-salve-768x432.jpeg 768w\" sizes=\"auto, (max-width: 900px) 100vw, 900px\" \/><\/figure>\n<\/div>\n\n<div class=\"wp-block-image wp-image-41416 size-full\">\n<figure class=\"aligncenter\"><img loading=\"lazy\" decoding=\"async\" width=\"900\" height=\"673\" src=\"https:\/\/www.meblobranie.pl\/porady\/wp-content\/uploads\/2011\/08\/ganek-inspiracje-komplet-z-technorattanu-ze-stolem-obiadowym-perata-grande.jpeg\" alt=\"aran\u017cacje ganku z technorattanem perata\" class=\"wp-image-41416\" srcset=\"https:\/\/www.meblobranie.pl\/porady\/wp-content\/uploads\/2011\/08\/ganek-inspiracje-komplet-z-technorattanu-ze-stolem-obiadowym-perata-grande.jpeg 900w, https:\/\/www.meblobranie.pl\/porady\/wp-content\/uploads\/2011\/08\/ganek-inspiracje-komplet-z-technorattanu-ze-stolem-obiadowym-perata-grande-300x224.jpeg 300w, https:\/\/www.meblobranie.pl\/porady\/wp-content\/uploads\/2011\/08\/ganek-inspiracje-komplet-z-technorattanu-ze-stolem-obiadowym-perata-grande-768x574.jpeg 768w\" sizes=\"auto, (max-width: 900px) 100vw, 900px\" \/><\/figure>\n<\/div>\n\n<div class=\"wp-block-image wp-image-41427 size-full\">\n<figure class=\"aligncenter\"><img loading=\"lazy\" decoding=\"async\" width=\"900\" height=\"506\" src=\"https:\/\/www.meblobranie.pl\/porady\/wp-content\/uploads\/2011\/08\/weranda-zabudowana-aranzacja-zestaw-ogrodowy-salemo.jpeg\" alt=\"aran\u017cacja ganku w domu z meblami salemo\" class=\"wp-image-41427\" srcset=\"https:\/\/www.meblobranie.pl\/porady\/wp-content\/uploads\/2011\/08\/weranda-zabudowana-aranzacja-zestaw-ogrodowy-salemo.jpeg 900w, https:\/\/www.meblobranie.pl\/porady\/wp-content\/uploads\/2011\/08\/weranda-zabudowana-aranzacja-zestaw-ogrodowy-salemo-300x169.jpeg 300w, https:\/\/www.meblobranie.pl\/porady\/wp-content\/uploads\/2011\/08\/weranda-zabudowana-aranzacja-zestaw-ogrodowy-salemo-768x432.jpeg 768w\" sizes=\"auto, (max-width: 900px) 100vw, 900px\" \/><\/figure>\n<\/div>\n\n<div class=\"wp-block-image wp-image-41418 size-full\">\n<figure class=\"aligncenter\"><img loading=\"lazy\" decoding=\"async\" width=\"900\" height=\"675\" src=\"https:\/\/www.meblobranie.pl\/porady\/wp-content\/uploads\/2011\/08\/ganek-przy-domu-aranzacja-nowoczesne-meble-modulowe-na-taras-salve.jpeg\" alt=\"ganek inspiracje nowoczesne meble salve\" class=\"wp-image-41418\" srcset=\"https:\/\/www.meblobranie.pl\/porady\/wp-content\/uploads\/2011\/08\/ganek-przy-domu-aranzacja-nowoczesne-meble-modulowe-na-taras-salve.jpeg 900w, https:\/\/www.meblobranie.pl\/porady\/wp-content\/uploads\/2011\/08\/ganek-przy-domu-aranzacja-nowoczesne-meble-modulowe-na-taras-salve-300x225.jpeg 300w, https:\/\/www.meblobranie.pl\/porady\/wp-content\/uploads\/2011\/08\/ganek-przy-domu-aranzacja-nowoczesne-meble-modulowe-na-taras-salve-768x576.jpeg 768w\" sizes=\"auto, (max-width: 900px) 100vw, 900px\" \/><\/figure>\n<\/div>\n\n<div class=\"wp-block-image wp-image-41426 size-full\">\n<figure class=\"aligncenter\"><img loading=\"lazy\" decoding=\"async\" width=\"900\" height=\"677\" src=\"https:\/\/www.meblobranie.pl\/porady\/wp-content\/uploads\/2011\/08\/weranda-ganek-aranzacja-zestaw-ogrodowy-rattanowy-rope-ze-stolikiem-torgiano.jpeg\" alt=\"nowoczesny ganek przy domu z meblami technorattanowymi torgiano\" class=\"wp-image-41426\" srcset=\"https:\/\/www.meblobranie.pl\/porady\/wp-content\/uploads\/2011\/08\/weranda-ganek-aranzacja-zestaw-ogrodowy-rattanowy-rope-ze-stolikiem-torgiano.jpeg 900w, https:\/\/www.meblobranie.pl\/porady\/wp-content\/uploads\/2011\/08\/weranda-ganek-aranzacja-zestaw-ogrodowy-rattanowy-rope-ze-stolikiem-torgiano-300x226.jpeg 300w, https:\/\/www.meblobranie.pl\/porady\/wp-content\/uploads\/2011\/08\/weranda-ganek-aranzacja-zestaw-ogrodowy-rattanowy-rope-ze-stolikiem-torgiano-768x578.jpeg 768w\" sizes=\"auto, (max-width: 900px) 100vw, 900px\" \/><\/figure>\n<\/div>\n\n<div class=\"wp-block-image wp-image-41429 size-full\">\n<figure class=\"aligncenter\"><img loading=\"lazy\" decoding=\"async\" width=\"900\" height=\"675\" src=\"https:\/\/www.meblobranie.pl\/porady\/wp-content\/uploads\/2011\/08\/werandy-przydomowe-zdjecia-aranzacja-zestaw-mebli-technorattanowych-laritto.jpeg\" alt=\"ganek w domu technorattan laritto\" class=\"wp-image-41429\" srcset=\"https:\/\/www.meblobranie.pl\/porady\/wp-content\/uploads\/2011\/08\/werandy-przydomowe-zdjecia-aranzacja-zestaw-mebli-technorattanowych-laritto.jpeg 900w, https:\/\/www.meblobranie.pl\/porady\/wp-content\/uploads\/2011\/08\/werandy-przydomowe-zdjecia-aranzacja-zestaw-mebli-technorattanowych-laritto-300x225.jpeg 300w, https:\/\/www.meblobranie.pl\/porady\/wp-content\/uploads\/2011\/08\/werandy-przydomowe-zdjecia-aranzacja-zestaw-mebli-technorattanowych-laritto-768x576.jpeg 768w\" sizes=\"auto, (max-width: 900px) 100vw, 900px\" \/><\/figure>\n<\/div>\n\n<div class=\"wp-block-image wp-image-41430 size-full\">\n<figure class=\"aligncenter\"><img loading=\"lazy\" decoding=\"async\" width=\"900\" height=\"564\" src=\"https:\/\/www.meblobranie.pl\/porady\/wp-content\/uploads\/2011\/08\/werandy-przydomowe-zdjecia-komplet-mebli-technorattanowych-perata.jpeg\" alt=\"ganek przy domu technorattan perata\" class=\"wp-image-41430\" srcset=\"https:\/\/www.meblobranie.pl\/porady\/wp-content\/uploads\/2011\/08\/werandy-przydomowe-zdjecia-komplet-mebli-technorattanowych-perata.jpeg 900w, https:\/\/www.meblobranie.pl\/porady\/wp-content\/uploads\/2011\/08\/werandy-przydomowe-zdjecia-komplet-mebli-technorattanowych-perata-300x188.jpeg 300w, https:\/\/www.meblobranie.pl\/porady\/wp-content\/uploads\/2011\/08\/werandy-przydomowe-zdjecia-komplet-mebli-technorattanowych-perata-768x481.jpeg 768w\" sizes=\"auto, (max-width: 900px) 100vw, 900px\" \/><\/figure>\n<\/div>\n\n<div class=\"wp-block-image wp-image-41423 size-full\">\n<figure class=\"aligncenter\"><img loading=\"lazy\" decoding=\"async\" width=\"900\" height=\"506\" src=\"https:\/\/www.meblobranie.pl\/porady\/wp-content\/uploads\/2011\/08\/nowoczesny-ganek-meble-modulowe-salve.jpeg\" alt=\"ganek w domu nowoczesne meble salve\" class=\"wp-image-41423\" srcset=\"https:\/\/www.meblobranie.pl\/porady\/wp-content\/uploads\/2011\/08\/nowoczesny-ganek-meble-modulowe-salve.jpeg 900w, https:\/\/www.meblobranie.pl\/porady\/wp-content\/uploads\/2011\/08\/nowoczesny-ganek-meble-modulowe-salve-300x169.jpeg 300w, https:\/\/www.meblobranie.pl\/porady\/wp-content\/uploads\/2011\/08\/nowoczesny-ganek-meble-modulowe-salve-768x432.jpeg 768w\" sizes=\"auto, (max-width: 900px) 100vw, 900px\" \/><\/figure>\n<\/div>\n\n\n<p><strong>FAQ<\/strong><\/p>\n\n\n\n<div class=\"schema-faq wp-block-yoast-faq-block\"><div class=\"schema-faq-section\" id=\"faq-question-1763109673624\"><strong class=\"schema-faq-question\"><strong>Jakie meble najlepiej sprawdz\u0105 si\u0119 na ganku?<\/strong><\/strong> <p class=\"schema-faq-answer\">Dla Ciebie najlepszym wyborem b\u0119d\u0105 meble z technorattanu lub aluminium \u2013 s\u0105 niezwykle odporne na warunki pogodowe i \u0142atwo utrzymasz je w czysto\u015bci.<\/p> <\/div> <div class=\"schema-faq-section\" id=\"faq-question-1763109690418\"><strong class=\"schema-faq-question\"><strong>Czy warto zabudowa\u0107 ganek szk\u0142em?<\/strong><\/strong> <p class=\"schema-faq-answer\">Tak! Zabudowany ganek zwi\u0119ksza izolacj\u0119 termiczn\u0105 wej\u015bcia do domu i pozwala Ci cieszy\u0107 si\u0119 przestrzeni\u0105 niezale\u017cnie od deszczu czy wiatru.<\/p> <\/div> <div class=\"schema-faq-section\" id=\"faq-question-1763109730636\"><strong class=\"schema-faq-question\"><strong>Jak urz\u0105dzi\u0107 ma\u0142y ganek?<\/strong><\/strong> <p class=\"schema-faq-answer\">Postaw na kompaktowy stolik i krzes\u0142a, jasne barwy oraz ro\u015bliny pn\u0105ce \u2013 dzi\u0119ki temu optycznie powi\u0119kszysz swoj\u0105 stref\u0119 wej\u015bciow\u0105.<\/p> <\/div> <\/div>\n","protected":false},"excerpt":{"rendered":"<p>Zastanawiasz si\u0119, co to jest ganek? To zadaszona przestrze\u0144 przed Twoim wej\u015bciem do domu, cz\u0119sto wsparta na s\u0142upach. Taka konstrukcja chroni Twoje drzwi przed deszczem, a jednocze\u015bnie stanowi ozdob\u0119 budynku i przyjemne miejsce do codziennego odpoczynku. Tw\u00f3j ganek przed domem to co\u015b wi\u0119cej ni\u017c tylko zadaszenie przy wej\u015bciu \u2013 to wizyt\u00f3wka ca\u0142ej posesji i przestrze\u0144, [&hellip;]<\/p>\n","protected":false},"author":6,"featured_media":41412,"comment_status":"open","ping_status":"closed","sticky":false,"template":"","format":"standard","meta":{"_acf_changed":false,"ngg_post_thumbnail":0,"footnotes":""},"categories":[13,905,5],"tags":[],"class_list":{"0":"post-1344","1":"post","2":"type-post","3":"status-publish","4":"format-standard","5":"has-post-thumbnail","7":"category-inspiracje","8":"category-ogrod","9":"category-trendy"},"acf":[],"yoast_head":"<!-- This site is optimized with the Yoast SEO plugin v27.4 - https:\/\/yoast.com\/product\/yoast-seo-wordpress\/ -->\n<title>Najciekawsze aran\u017cacje ganku - TOP 10 inspiracji dla Ciebie<\/title>\n<meta name=\"description\" content=\"Wariacji na temat ganka mo\u017cna wymy\u015bli\u0107 wiele.\u00a0Chcesz urz\u0105dzi\u0107 taki w stylu nowoczesnym? A mo\u017ce wolisz rustykalny? Zobacz nasze propozycje aran\u017cacji ganku!\" \/>\n<meta name=\"robots\" content=\"index, follow, max-snippet:-1, max-image-preview:large, max-video-preview:-1\" \/>\n<link rel=\"canonical\" href=\"https:\/\/www.meblobranie.pl\/porady\/taras-tylem-na-przod-czyli-o-ganku-slow-kilka\/\" \/>\n<meta name=\"twitter:label1\" content=\"Napisane przez\" \/>\n\t<meta name=\"twitter:data1\" content=\"Basia z Meblobranie.pl\" \/>\n\t<meta name=\"twitter:label2\" content=\"Szacowany czas czytania\" \/>\n\t<meta name=\"twitter:data2\" content=\"10 minut\" \/>\n<script type=\"application\/ld+json\" class=\"yoast-schema-graph\">{\"@context\":\"https:\\\/\\\/schema.org\",\"@graph\":[{\"@type\":\"Article\",\"@id\":\"https:\\\/\\\/www.meblobranie.pl\\\/porady\\\/taras-tylem-na-przod-czyli-o-ganku-slow-kilka\\\/#article\",\"isPartOf\":{\"@id\":\"https:\\\/\\\/www.meblobranie.pl\\\/porady\\\/taras-tylem-na-przod-czyli-o-ganku-slow-kilka\\\/\"},\"author\":{\"name\":\"Basia z Meblobranie.pl\",\"@id\":\"https:\\\/\\\/www.meblobranie.pl\\\/porady\\\/#\\\/schema\\\/person\\\/2bfa07b4cc13104590d25b3f5acbe9e5\"},\"headline\":\"Ganek przed domem &#8211; pomys\u0142y i aran\u017cacje\",\"datePublished\":\"2025-11-10T20:05:08+00:00\",\"dateModified\":\"2026-02-02T20:18:37+00:00\",\"mainEntityOfPage\":{\"@id\":\"https:\\\/\\\/www.meblobranie.pl\\\/porady\\\/taras-tylem-na-przod-czyli-o-ganku-slow-kilka\\\/\"},\"wordCount\":1224,\"commentCount\":0,\"image\":{\"@id\":\"https:\\\/\\\/www.meblobranie.pl\\\/porady\\\/taras-tylem-na-przod-czyli-o-ganku-slow-kilka\\\/#primaryimage\"},\"thumbnailUrl\":\"https:\\\/\\\/www.meblobranie.pl\\\/porady\\\/wp-content\\\/uploads\\\/2011\\\/08\\\/aranzacja-ganku-perata.jpeg\",\"articleSection\":[\"Inspiracje\",\"Ogr\u00f3d\",\"Trendy\"],\"inLanguage\":\"pl-PL\",\"potentialAction\":[{\"@type\":\"CommentAction\",\"name\":\"Comment\",\"target\":[\"https:\\\/\\\/www.meblobranie.pl\\\/porady\\\/taras-tylem-na-przod-czyli-o-ganku-slow-kilka\\\/#respond\"]}]},{\"@type\":[\"WebPage\",\"FAQPage\"],\"@id\":\"https:\\\/\\\/www.meblobranie.pl\\\/porady\\\/taras-tylem-na-przod-czyli-o-ganku-slow-kilka\\\/\",\"url\":\"https:\\\/\\\/www.meblobranie.pl\\\/porady\\\/taras-tylem-na-przod-czyli-o-ganku-slow-kilka\\\/\",\"name\":\"Najciekawsze aran\u017cacje ganku - TOP 10 inspiracji dla Ciebie\",\"isPartOf\":{\"@id\":\"https:\\\/\\\/www.meblobranie.pl\\\/porady\\\/#website\"},\"primaryImageOfPage\":{\"@id\":\"https:\\\/\\\/www.meblobranie.pl\\\/porady\\\/taras-tylem-na-przod-czyli-o-ganku-slow-kilka\\\/#primaryimage\"},\"image\":{\"@id\":\"https:\\\/\\\/www.meblobranie.pl\\\/porady\\\/taras-tylem-na-przod-czyli-o-ganku-slow-kilka\\\/#primaryimage\"},\"thumbnailUrl\":\"https:\\\/\\\/www.meblobranie.pl\\\/porady\\\/wp-content\\\/uploads\\\/2011\\\/08\\\/aranzacja-ganku-perata.jpeg\",\"datePublished\":\"2025-11-10T20:05:08+00:00\",\"dateModified\":\"2026-02-02T20:18:37+00:00\",\"author\":{\"@id\":\"https:\\\/\\\/www.meblobranie.pl\\\/porady\\\/#\\\/schema\\\/person\\\/2bfa07b4cc13104590d25b3f5acbe9e5\"},\"description\":\"Wariacji na temat ganka mo\u017cna wymy\u015bli\u0107 wiele.\u00a0Chcesz urz\u0105dzi\u0107 taki w stylu nowoczesnym? A mo\u017ce wolisz rustykalny? Zobacz nasze propozycje aran\u017cacji ganku!\",\"breadcrumb\":{\"@id\":\"https:\\\/\\\/www.meblobranie.pl\\\/porady\\\/taras-tylem-na-przod-czyli-o-ganku-slow-kilka\\\/#breadcrumb\"},\"mainEntity\":[{\"@id\":\"https:\\\/\\\/www.meblobranie.pl\\\/porady\\\/taras-tylem-na-przod-czyli-o-ganku-slow-kilka\\\/#faq-question-1763109673624\"},{\"@id\":\"https:\\\/\\\/www.meblobranie.pl\\\/porady\\\/taras-tylem-na-przod-czyli-o-ganku-slow-kilka\\\/#faq-question-1763109690418\"},{\"@id\":\"https:\\\/\\\/www.meblobranie.pl\\\/porady\\\/taras-tylem-na-przod-czyli-o-ganku-slow-kilka\\\/#faq-question-1763109730636\"}],\"inLanguage\":\"pl-PL\",\"potentialAction\":[{\"@type\":\"ReadAction\",\"target\":[\"https:\\\/\\\/www.meblobranie.pl\\\/porady\\\/taras-tylem-na-przod-czyli-o-ganku-slow-kilka\\\/\"]}]},{\"@type\":\"ImageObject\",\"inLanguage\":\"pl-PL\",\"@id\":\"https:\\\/\\\/www.meblobranie.pl\\\/porady\\\/taras-tylem-na-przod-czyli-o-ganku-slow-kilka\\\/#primaryimage\",\"url\":\"https:\\\/\\\/www.meblobranie.pl\\\/porady\\\/wp-content\\\/uploads\\\/2011\\\/08\\\/aranzacja-ganku-perata.jpeg\",\"contentUrl\":\"https:\\\/\\\/www.meblobranie.pl\\\/porady\\\/wp-content\\\/uploads\\\/2011\\\/08\\\/aranzacja-ganku-perata.jpeg\",\"width\":830,\"height\":553,\"caption\":\"aran\u017cacja ganku meble technorattanowe perata\"},{\"@type\":\"BreadcrumbList\",\"@id\":\"https:\\\/\\\/www.meblobranie.pl\\\/porady\\\/taras-tylem-na-przod-czyli-o-ganku-slow-kilka\\\/#breadcrumb\",\"itemListElement\":[{\"@type\":\"ListItem\",\"position\":1,\"name\":\"Home\",\"item\":\"https:\\\/\\\/www.meblobranie.pl\\\/porady\\\/\"},{\"@type\":\"ListItem\",\"position\":2,\"name\":\"Ganek przed domem &#8211; pomys\u0142y i aran\u017cacje\"}]},{\"@type\":\"WebSite\",\"@id\":\"https:\\\/\\\/www.meblobranie.pl\\\/porady\\\/#website\",\"url\":\"https:\\\/\\\/www.meblobranie.pl\\\/porady\\\/\",\"name\":\"Porady Meblobranie.pl\",\"description\":\"Blog o tarasach i ogrodach\",\"potentialAction\":[{\"@type\":\"SearchAction\",\"target\":{\"@type\":\"EntryPoint\",\"urlTemplate\":\"https:\\\/\\\/www.meblobranie.pl\\\/porady\\\/?s={search_term_string}\"},\"query-input\":{\"@type\":\"PropertyValueSpecification\",\"valueRequired\":true,\"valueName\":\"search_term_string\"}}],\"inLanguage\":\"pl-PL\"},{\"@type\":\"Person\",\"@id\":\"https:\\\/\\\/www.meblobranie.pl\\\/porady\\\/#\\\/schema\\\/person\\\/2bfa07b4cc13104590d25b3f5acbe9e5\",\"name\":\"Basia z Meblobranie.pl\",\"image\":{\"@type\":\"ImageObject\",\"inLanguage\":\"pl-PL\",\"@id\":\"https:\\\/\\\/secure.gravatar.com\\\/avatar\\\/f73b6af1f4d5d4b1a03f88434bcbe00d7f16308e9ba831df2430add074c08484?s=96&d=mm&r=g\",\"url\":\"https:\\\/\\\/secure.gravatar.com\\\/avatar\\\/f73b6af1f4d5d4b1a03f88434bcbe00d7f16308e9ba831df2430add074c08484?s=96&d=mm&r=g\",\"contentUrl\":\"https:\\\/\\\/secure.gravatar.com\\\/avatar\\\/f73b6af1f4d5d4b1a03f88434bcbe00d7f16308e9ba831df2430add074c08484?s=96&d=mm&r=g\",\"caption\":\"Basia z Meblobranie.pl\"},\"description\":\"dla wtajemniczonych Basia. Kiedy akurat nie ratuje \u015bwiata przed zag\u0142ad\u0105, hoduje gady. Potrafi godzinami czyta\u0107 o wn\u0119trzach i z uporem maniaka zapisywa\u0107 kolejne inspiruj\u0105ce zdj\u0119cia na dysku. Pocz\u0105tkuj\u0105cy \\\"pijarowiec\\\" z pedagogicznym zaci\u0119ciem. Marzy o podboju Toskanii, Hawany i Nowego Jorku.\"},{\"@type\":\"Question\",\"@id\":\"https:\\\/\\\/www.meblobranie.pl\\\/porady\\\/taras-tylem-na-przod-czyli-o-ganku-slow-kilka\\\/#faq-question-1763109673624\",\"position\":1,\"url\":\"https:\\\/\\\/www.meblobranie.pl\\\/porady\\\/taras-tylem-na-przod-czyli-o-ganku-slow-kilka\\\/#faq-question-1763109673624\",\"name\":\"Jakie meble najlepiej sprawdz\u0105 si\u0119 na ganku?\",\"answerCount\":1,\"acceptedAnswer\":{\"@type\":\"Answer\",\"text\":\"Dla Ciebie najlepszym wyborem b\u0119d\u0105 meble z technorattanu lub aluminium \u2013 s\u0105 niezwykle odporne na warunki pogodowe i \u0142atwo utrzymasz je w czysto\u015bci.\",\"inLanguage\":\"pl-PL\"},\"inLanguage\":\"pl-PL\"},{\"@type\":\"Question\",\"@id\":\"https:\\\/\\\/www.meblobranie.pl\\\/porady\\\/taras-tylem-na-przod-czyli-o-ganku-slow-kilka\\\/#faq-question-1763109690418\",\"position\":2,\"url\":\"https:\\\/\\\/www.meblobranie.pl\\\/porady\\\/taras-tylem-na-przod-czyli-o-ganku-slow-kilka\\\/#faq-question-1763109690418\",\"name\":\"Czy warto zabudowa\u0107 ganek szk\u0142em?\",\"answerCount\":1,\"acceptedAnswer\":{\"@type\":\"Answer\",\"text\":\"Tak! Zabudowany ganek zwi\u0119ksza izolacj\u0119 termiczn\u0105 wej\u015bcia do domu i pozwala Ci cieszy\u0107 si\u0119 przestrzeni\u0105 niezale\u017cnie od deszczu czy wiatru.\",\"inLanguage\":\"pl-PL\"},\"inLanguage\":\"pl-PL\"},{\"@type\":\"Question\",\"@id\":\"https:\\\/\\\/www.meblobranie.pl\\\/porady\\\/taras-tylem-na-przod-czyli-o-ganku-slow-kilka\\\/#faq-question-1763109730636\",\"position\":3,\"url\":\"https:\\\/\\\/www.meblobranie.pl\\\/porady\\\/taras-tylem-na-przod-czyli-o-ganku-slow-kilka\\\/#faq-question-1763109730636\",\"name\":\"Jak urz\u0105dzi\u0107 ma\u0142y ganek?\",\"answerCount\":1,\"acceptedAnswer\":{\"@type\":\"Answer\",\"text\":\"Postaw na kompaktowy stolik i krzes\u0142a, jasne barwy oraz ro\u015bliny pn\u0105ce \u2013 dzi\u0119ki temu optycznie powi\u0119kszysz swoj\u0105 stref\u0119 wej\u015bciow\u0105.\",\"inLanguage\":\"pl-PL\"},\"inLanguage\":\"pl-PL\"}]}<\/script>\n<!-- \/ Yoast SEO plugin. -->","yoast_head_json":{"title":"Najciekawsze aran\u017cacje ganku - TOP 10 inspiracji dla Ciebie","description":"Wariacji na temat ganka mo\u017cna wymy\u015bli\u0107 wiele.\u00a0Chcesz urz\u0105dzi\u0107 taki w stylu nowoczesnym? A mo\u017ce wolisz rustykalny? Zobacz nasze propozycje aran\u017cacji ganku!","robots":{"index":"index","follow":"follow","max-snippet":"max-snippet:-1","max-image-preview":"max-image-preview:large","max-video-preview":"max-video-preview:-1"},"canonical":"https:\/\/www.meblobranie.pl\/porady\/taras-tylem-na-przod-czyli-o-ganku-slow-kilka\/","twitter_misc":{"Napisane przez":"Basia z Meblobranie.pl","Szacowany czas czytania":"10 minut"},"schema":{"@context":"https:\/\/schema.org","@graph":[{"@type":"Article","@id":"https:\/\/www.meblobranie.pl\/porady\/taras-tylem-na-przod-czyli-o-ganku-slow-kilka\/#article","isPartOf":{"@id":"https:\/\/www.meblobranie.pl\/porady\/taras-tylem-na-przod-czyli-o-ganku-slow-kilka\/"},"author":{"name":"Basia z Meblobranie.pl","@id":"https:\/\/www.meblobranie.pl\/porady\/#\/schema\/person\/2bfa07b4cc13104590d25b3f5acbe9e5"},"headline":"Ganek przed domem &#8211; pomys\u0142y i aran\u017cacje","datePublished":"2025-11-10T20:05:08+00:00","dateModified":"2026-02-02T20:18:37+00:00","mainEntityOfPage":{"@id":"https:\/\/www.meblobranie.pl\/porady\/taras-tylem-na-przod-czyli-o-ganku-slow-kilka\/"},"wordCount":1224,"commentCount":0,"image":{"@id":"https:\/\/www.meblobranie.pl\/porady\/taras-tylem-na-przod-czyli-o-ganku-slow-kilka\/#primaryimage"},"thumbnailUrl":"https:\/\/www.meblobranie.pl\/porady\/wp-content\/uploads\/2011\/08\/aranzacja-ganku-perata.jpeg","articleSection":["Inspiracje","Ogr\u00f3d","Trendy"],"inLanguage":"pl-PL","potentialAction":[{"@type":"CommentAction","name":"Comment","target":["https:\/\/www.meblobranie.pl\/porady\/taras-tylem-na-przod-czyli-o-ganku-slow-kilka\/#respond"]}]},{"@type":["WebPage","FAQPage"],"@id":"https:\/\/www.meblobranie.pl\/porady\/taras-tylem-na-przod-czyli-o-ganku-slow-kilka\/","url":"https:\/\/www.meblobranie.pl\/porady\/taras-tylem-na-przod-czyli-o-ganku-slow-kilka\/","name":"Najciekawsze aran\u017cacje ganku - TOP 10 inspiracji dla Ciebie","isPartOf":{"@id":"https:\/\/www.meblobranie.pl\/porady\/#website"},"primaryImageOfPage":{"@id":"https:\/\/www.meblobranie.pl\/porady\/taras-tylem-na-przod-czyli-o-ganku-slow-kilka\/#primaryimage"},"image":{"@id":"https:\/\/www.meblobranie.pl\/porady\/taras-tylem-na-przod-czyli-o-ganku-slow-kilka\/#primaryimage"},"thumbnailUrl":"https:\/\/www.meblobranie.pl\/porady\/wp-content\/uploads\/2011\/08\/aranzacja-ganku-perata.jpeg","datePublished":"2025-11-10T20:05:08+00:00","dateModified":"2026-02-02T20:18:37+00:00","author":{"@id":"https:\/\/www.meblobranie.pl\/porady\/#\/schema\/person\/2bfa07b4cc13104590d25b3f5acbe9e5"},"description":"Wariacji na temat ganka mo\u017cna wymy\u015bli\u0107 wiele.\u00a0Chcesz urz\u0105dzi\u0107 taki w stylu nowoczesnym? A mo\u017ce wolisz rustykalny? Zobacz nasze propozycje aran\u017cacji ganku!","breadcrumb":{"@id":"https:\/\/www.meblobranie.pl\/porady\/taras-tylem-na-przod-czyli-o-ganku-slow-kilka\/#breadcrumb"},"mainEntity":[{"@id":"https:\/\/www.meblobranie.pl\/porady\/taras-tylem-na-przod-czyli-o-ganku-slow-kilka\/#faq-question-1763109673624"},{"@id":"https:\/\/www.meblobranie.pl\/porady\/taras-tylem-na-przod-czyli-o-ganku-slow-kilka\/#faq-question-1763109690418"},{"@id":"https:\/\/www.meblobranie.pl\/porady\/taras-tylem-na-przod-czyli-o-ganku-slow-kilka\/#faq-question-1763109730636"}],"inLanguage":"pl-PL","potentialAction":[{"@type":"ReadAction","target":["https:\/\/www.meblobranie.pl\/porady\/taras-tylem-na-przod-czyli-o-ganku-slow-kilka\/"]}]},{"@type":"ImageObject","inLanguage":"pl-PL","@id":"https:\/\/www.meblobranie.pl\/porady\/taras-tylem-na-przod-czyli-o-ganku-slow-kilka\/#primaryimage","url":"https:\/\/www.meblobranie.pl\/porady\/wp-content\/uploads\/2011\/08\/aranzacja-ganku-perata.jpeg","contentUrl":"https:\/\/www.meblobranie.pl\/porady\/wp-content\/uploads\/2011\/08\/aranzacja-ganku-perata.jpeg","width":830,"height":553,"caption":"aran\u017cacja ganku meble technorattanowe perata"},{"@type":"BreadcrumbList","@id":"https:\/\/www.meblobranie.pl\/porady\/taras-tylem-na-przod-czyli-o-ganku-slow-kilka\/#breadcrumb","itemListElement":[{"@type":"ListItem","position":1,"name":"Home","item":"https:\/\/www.meblobranie.pl\/porady\/"},{"@type":"ListItem","position":2,"name":"Ganek przed domem &#8211; pomys\u0142y i aran\u017cacje"}]},{"@type":"WebSite","@id":"https:\/\/www.meblobranie.pl\/porady\/#website","url":"https:\/\/www.meblobranie.pl\/porady\/","name":"Porady Meblobranie.pl","description":"Blog o tarasach i ogrodach","potentialAction":[{"@type":"SearchAction","target":{"@type":"EntryPoint","urlTemplate":"https:\/\/www.meblobranie.pl\/porady\/?s={search_term_string}"},"query-input":{"@type":"PropertyValueSpecification","valueRequired":true,"valueName":"search_term_string"}}],"inLanguage":"pl-PL"},{"@type":"Person","@id":"https:\/\/www.meblobranie.pl\/porady\/#\/schema\/person\/2bfa07b4cc13104590d25b3f5acbe9e5","name":"Basia z Meblobranie.pl","image":{"@type":"ImageObject","inLanguage":"pl-PL","@id":"https:\/\/secure.gravatar.com\/avatar\/f73b6af1f4d5d4b1a03f88434bcbe00d7f16308e9ba831df2430add074c08484?s=96&d=mm&r=g","url":"https:\/\/secure.gravatar.com\/avatar\/f73b6af1f4d5d4b1a03f88434bcbe00d7f16308e9ba831df2430add074c08484?s=96&d=mm&r=g","contentUrl":"https:\/\/secure.gravatar.com\/avatar\/f73b6af1f4d5d4b1a03f88434bcbe00d7f16308e9ba831df2430add074c08484?s=96&d=mm&r=g","caption":"Basia z Meblobranie.pl"},"description":"dla wtajemniczonych Basia. Kiedy akurat nie ratuje \u015bwiata przed zag\u0142ad\u0105, hoduje gady. Potrafi godzinami czyta\u0107 o wn\u0119trzach i z uporem maniaka zapisywa\u0107 kolejne inspiruj\u0105ce zdj\u0119cia na dysku. Pocz\u0105tkuj\u0105cy \"pijarowiec\" z pedagogicznym zaci\u0119ciem. Marzy o podboju Toskanii, Hawany i Nowego Jorku."},{"@type":"Question","@id":"https:\/\/www.meblobranie.pl\/porady\/taras-tylem-na-przod-czyli-o-ganku-slow-kilka\/#faq-question-1763109673624","position":1,"url":"https:\/\/www.meblobranie.pl\/porady\/taras-tylem-na-przod-czyli-o-ganku-slow-kilka\/#faq-question-1763109673624","name":"Jakie meble najlepiej sprawdz\u0105 si\u0119 na ganku?","answerCount":1,"acceptedAnswer":{"@type":"Answer","text":"Dla Ciebie najlepszym wyborem b\u0119d\u0105 meble z technorattanu lub aluminium \u2013 s\u0105 niezwykle odporne na warunki pogodowe i \u0142atwo utrzymasz je w czysto\u015bci.","inLanguage":"pl-PL"},"inLanguage":"pl-PL"},{"@type":"Question","@id":"https:\/\/www.meblobranie.pl\/porady\/taras-tylem-na-przod-czyli-o-ganku-slow-kilka\/#faq-question-1763109690418","position":2,"url":"https:\/\/www.meblobranie.pl\/porady\/taras-tylem-na-przod-czyli-o-ganku-slow-kilka\/#faq-question-1763109690418","name":"Czy warto zabudowa\u0107 ganek szk\u0142em?","answerCount":1,"acceptedAnswer":{"@type":"Answer","text":"Tak! Zabudowany ganek zwi\u0119ksza izolacj\u0119 termiczn\u0105 wej\u015bcia do domu i pozwala Ci cieszy\u0107 si\u0119 przestrzeni\u0105 niezale\u017cnie od deszczu czy wiatru.","inLanguage":"pl-PL"},"inLanguage":"pl-PL"},{"@type":"Question","@id":"https:\/\/www.meblobranie.pl\/porady\/taras-tylem-na-przod-czyli-o-ganku-slow-kilka\/#faq-question-1763109730636","position":3,"url":"https:\/\/www.meblobranie.pl\/porady\/taras-tylem-na-przod-czyli-o-ganku-slow-kilka\/#faq-question-1763109730636","name":"Jak urz\u0105dzi\u0107 ma\u0142y ganek?","answerCount":1,"acceptedAnswer":{"@type":"Answer","text":"Postaw na kompaktowy stolik i krzes\u0142a, jasne barwy oraz ro\u015bliny pn\u0105ce \u2013 dzi\u0119ki temu optycznie powi\u0119kszysz swoj\u0105 stref\u0119 wej\u015bciow\u0105.","inLanguage":"pl-PL"},"inLanguage":"pl-PL"}]}},"_links":{"self":[{"href":"https:\/\/www.meblobranie.pl\/porady\/wp-json\/wp\/v2\/posts\/1344","targetHints":{"allow":["GET"]}}],"collection":[{"href":"https:\/\/www.meblobranie.pl\/porady\/wp-json\/wp\/v2\/posts"}],"about":[{"href":"https:\/\/www.meblobranie.pl\/porady\/wp-json\/wp\/v2\/types\/post"}],"author":[{"embeddable":true,"href":"https:\/\/www.meblobranie.pl\/porady\/wp-json\/wp\/v2\/users\/6"}],"replies":[{"embeddable":true,"href":"https:\/\/www.meblobranie.pl\/porady\/wp-json\/wp\/v2\/comments?post=1344"}],"version-history":[{"count":2,"href":"https:\/\/www.meblobranie.pl\/porady\/wp-json\/wp\/v2\/posts\/1344\/revisions"}],"predecessor-version":[{"id":46802,"href":"https:\/\/www.meblobranie.pl\/porady\/wp-json\/wp\/v2\/posts\/1344\/revisions\/46802"}],"wp:featuredmedia":[{"embeddable":true,"href":"https:\/\/www.meblobranie.pl\/porady\/wp-json\/wp\/v2\/media\/41412"}],"wp:attachment":[{"href":"https:\/\/www.meblobranie.pl\/porady\/wp-json\/wp\/v2\/media?parent=1344"}],"wp:term":[{"taxonomy":"category","embeddable":true,"href":"https:\/\/www.meblobranie.pl\/porady\/wp-json\/wp\/v2\/categories?post=1344"},{"taxonomy":"post_tag","embeddable":true,"href":"https:\/\/www.meblobranie.pl\/porady\/wp-json\/wp\/v2\/tags?post=1344"}],"curies":[{"name":"wp","href":"https:\/\/api.w.org\/{rel}","templated":true}]}}