{"id":16811,"date":"2017-12-16T14:00:55","date_gmt":"2017-12-16T13:00:55","guid":{"rendered":"https:\/\/www.meblobranie.pl\/porady\/?p=16811"},"modified":"2019-10-02T12:43:18","modified_gmt":"2019-10-02T10:43:18","slug":"wybieramy-oswietlenie-wewnetrzne","status":"publish","type":"post","link":"https:\/\/www.meblobranie.pl\/porady\/wybieramy-oswietlenie-wewnetrzne\/","title":{"rendered":"Stylowe o\u015bwietlenie wewn\u0119trzne &#8211; jakie lampy do domu wybra\u0107?"},"content":{"rendered":"<p>Wyb\u00f3r o\u015bwietlenia do domu to skomplikowana sprawa &#8211; ogrom mo\u017cliwo\u015bci nie tylko pod wzgl\u0119dem rodzaj\u00f3w lamp, ale i stylu, wcale nie u\u0142atwia sprawy. \u015awiat\u0142o w odpowiedniej oprawie mo\u017ce nada\u0107 naszemu wn\u0119trzu okre\u015blony charakter, zdecydowa\u0107 o jego stylu i przytulno\u015bci, warto wi\u0119c po\u015bwi\u0119ci\u0107 d\u0142u\u017csz\u0105 chwil\u0119 na zastanowienie si\u0119 nad wyborem odpowiedniej lampy. Na co zwr\u00f3ci\u0107 uwag\u0119 przy zakupie <a href=\"https:\/\/www.meblobranie.pl\/oswietlenie-wewnetrzne\" target=\"_blank\" rel=\"noopener noreferrer\">o\u015bwietlenia wewn\u0119trznego<\/a> i jak wybra\u0107 idealny dla siebie model lampy?<\/p>\n<p><img loading=\"lazy\" decoding=\"async\" class=\"aligncenter size-full wp-image-16815\" src=\"https:\/\/www.meblobranie.pl\/porady\/wp-content\/uploads\/2018\/03\/oswietlenie-wewnetrzne-lampy-do-domu.jpg\" alt=\"Lampa Silvia Vita Copenhagen Design\" width=\"500\" height=\"331\" srcset=\"https:\/\/www.meblobranie.pl\/porady\/wp-content\/uploads\/2018\/03\/oswietlenie-wewnetrzne-lampy-do-domu.jpg 500w, https:\/\/www.meblobranie.pl\/porady\/wp-content\/uploads\/2018\/03\/oswietlenie-wewnetrzne-lampy-do-domu-300x199.jpg 300w\" sizes=\"auto, (max-width: 500px) 100vw, 500px\" \/><!--more--><\/p>\n<h2>Lampy do przedpokoju<\/h2>\n<p>Kiedy wkraczamy do czyjego\u015b domu lub mieszkania, przedpok\u00f3j to pierwsze miejsce, kt\u00f3re ogl\u0105damy. Tu wyrabiamy sobie pierwsze wra\u017cenie o mieszkaniu naszych gospodarzy, dlatego do przedpokoju warto wybra\u0107 efektown\u0105 lamp\u0119. Je\u015bli pomieszczenie ma regularny kszta\u0142t mo\u017cemy sobie pozwoli\u0107 na ciekawy model <a href=\"https:\/\/www.meblobranie.pl\/zyrandole-sufitowe-wiszace\" target=\"_blank\" rel=\"noopener noreferrer\">\u017cyrandola<\/a> czy lampy wisz\u0105cej, kt\u00f3ry b\u0119dzie przyci\u0105ga\u0142 wzrok. Z kolei w przypadku przedpokoju tworzonego przez d\u0142ugi korytarz lepsz\u0105 opcj\u0105 mo\u017ce by\u0107 kilka powieszonych wzd\u0142u\u017c sufitu eleganckich <a href=\"https:\/\/www.meblobranie.pl\/plafony-sufitowe\" target=\"_blank\" rel=\"noopener noreferrer\">plafon\u00f3w<\/a>.<\/p>\n<p><img loading=\"lazy\" decoding=\"async\" class=\"aligncenter size-full wp-image-16816\" src=\"https:\/\/www.meblobranie.pl\/porady\/wp-content\/uploads\/2018\/03\/oswietlenie-wewnetrzne-lampy-do-przedpokoju.jpg\" alt=\"Acorn Mied\u017a lampa wisz\u0105ca z aba\u017curem do salonu czarny\" width=\"500\" height=\"324\" srcset=\"https:\/\/www.meblobranie.pl\/porady\/wp-content\/uploads\/2018\/03\/oswietlenie-wewnetrzne-lampy-do-przedpokoju.jpg 500w, https:\/\/www.meblobranie.pl\/porady\/wp-content\/uploads\/2018\/03\/oswietlenie-wewnetrzne-lampy-do-przedpokoju-300x194.jpg 300w\" sizes=\"auto, (max-width: 500px) 100vw, 500px\" \/><\/p>\n<h2>O\u015bwietlenie wewn\u0119trzne &#8211; lampy do kuchni<\/h2>\n<p>W kuchni czy jadalni warto wybra\u0107 odpowiedni\u0105 lamp\u0119 wisz\u0105c\u0105 nad st\u00f3\u0142 &#8211; to st\u00f3\u0142 w\u0142a\u015bnie jest sercem tego pomieszczenia, wi\u0119c o\u015bwietlenie powinno tworzy\u0107 wok\u00f3\u0142 niego odpowiedni\u0105 atmosfer\u0119. W zale\u017cno\u015bci od kszta\u0142tu i rozmiar\u00f3w sto\u0142u mamy naprawd\u0119 wiele mo\u017cliwo\u015bci. Nad d\u0142ugimi sto\u0142ami sprawdzaj\u0105 si\u0119 mniejsze pojedyncze <a href=\"https:\/\/www.meblobranie.pl\/lampy-wiszace\" target=\"_blank\" rel=\"noopener noreferrer\">lampy wisz\u0105ce<\/a> powieszone wzd\u0142u\u017c sto\u0142u, nad bardziej kwadratowymi czy okr\u0105g\u0142ymi centralnie zawieszone \u017cyrandole. Styl lampy warto dopasowa\u0107 do aran\u017cacji pomieszczenia.<\/p>\n<p><img loading=\"lazy\" decoding=\"async\" class=\"aligncenter size-full wp-image-16817\" src=\"https:\/\/www.meblobranie.pl\/porady\/wp-content\/uploads\/2018\/03\/oswietlenie-wewnetrzne-lampy-do-kuchni.jpg\" alt=\"Nowoczesny \u017cyrandol do salonu Vita Asteria Petrol\" width=\"500\" height=\"352\" srcset=\"https:\/\/www.meblobranie.pl\/porady\/wp-content\/uploads\/2018\/03\/oswietlenie-wewnetrzne-lampy-do-kuchni.jpg 500w, https:\/\/www.meblobranie.pl\/porady\/wp-content\/uploads\/2018\/03\/oswietlenie-wewnetrzne-lampy-do-kuchni-300x211.jpg 300w\" sizes=\"auto, (max-width: 500px) 100vw, 500px\" \/><\/p>\n<h2>O\u015bwietlenie wewn\u0119trzne &#8211; lampy do salonu<\/h2>\n<p>Salon &#8211; ze wzgl\u0119du na swoj\u0105 rol\u0119 reprezentacyjn\u0105 &#8211; daje bardzo du\u017ce mo\u017cliwo\u015bci wyboru o\u015bwietlenia wewn\u0119trznego. Opr\u00f3cz g\u0142\u00f3wnej lampy wisz\u0105cej mo\u017cemy tu zawiesi\u0107 kinkiety czy postawi\u0107 praktyczn\u0105 <a href=\"https:\/\/www.meblobranie.pl\/lampy-stojace-podlogowe\" target=\"_blank\" rel=\"noopener noreferrer\">lamp\u0119 stoj\u0105c\u0105<\/a>; wszystko zale\u017cy od wielko\u015bci pomieszczenia i naszych potrzeb. Dokonuj\u0105c wyboru pami\u0119tajmy, \u017ceby dopasowa\u0107 lampy do siebie i dzi\u0119ki temu zachowa\u0107 harmonijno\u015b\u0107 wystroju naszego wn\u0119trza. Mo\u017cliwo\u015bci jest naprawd\u0119 wiele, zar\u00f3wno tych prostszych, jak i bardziej ozdobnych.<\/p>\n<p><img loading=\"lazy\" decoding=\"async\" class=\"aligncenter size-full wp-image-16818\" src=\"https:\/\/www.meblobranie.pl\/porady\/wp-content\/uploads\/2018\/03\/oswietlenie-wewnetrzne-lampy-do-salonu.jpg\" alt=\"Vita Copenhagen Cuna lampa wisz\u0105ca zielona mi\u0119towa\" width=\"500\" height=\"331\" srcset=\"https:\/\/www.meblobranie.pl\/porady\/wp-content\/uploads\/2018\/03\/oswietlenie-wewnetrzne-lampy-do-salonu.jpg 500w, https:\/\/www.meblobranie.pl\/porady\/wp-content\/uploads\/2018\/03\/oswietlenie-wewnetrzne-lampy-do-salonu-300x199.jpg 300w\" sizes=\"auto, (max-width: 500px) 100vw, 500px\" \/><\/p>\n<h2>O\u015bwietlenie wewn\u0119trzne &#8211; lampy do sypialni<\/h2>\n<p>W sypialni potrzebujemy zazwyczaj dw\u00f3ch rodzaj\u00f3w o\u015bwietlenia: lampy g\u0142\u00f3wnej, kt\u00f3ra pozwoli nam wieczorami na swobodne poruszanie si\u0119 po sypialni, oraz <a href=\"https:\/\/www.meblobranie.pl\/lampy-stolowe\" target=\"_blank\" rel=\"noopener noreferrer\">lampki nocnej<\/a>, kt\u00f3ra przyda si\u0119 do do\u015bwietlenia czytanej wieczorem ksi\u0105\u017cki czy te\u017c umo\u017cliwi wieczorn\u0105 wycieczk\u0119 do \u0142azienki bez obijania si\u0119 o meble. O\u015bwietlenie g\u0142\u00f3wne powinno by\u0107 dobrze zgrane z lampk\u0105 nocn\u0105 &#8211; je\u015bli zdecydujemy si\u0119 na prosty plafon, b\u0119dziemy mogli sobie pozwoli\u0107 na bardziej efektown\u0105 nocn\u0105 lampk\u0119.<\/p>\n<p><img loading=\"lazy\" decoding=\"async\" class=\"aligncenter size-full wp-image-16819\" src=\"https:\/\/www.meblobranie.pl\/porady\/wp-content\/uploads\/2018\/03\/oswietlenie-wewnetrzne-lampy-do-sypialni.jpg\" alt=\"\u017byrandol do pokoju dziewczynki Carmina Mini morski\" width=\"500\" height=\"331\" srcset=\"https:\/\/www.meblobranie.pl\/porady\/wp-content\/uploads\/2018\/03\/oswietlenie-wewnetrzne-lampy-do-sypialni.jpg 500w, https:\/\/www.meblobranie.pl\/porady\/wp-content\/uploads\/2018\/03\/oswietlenie-wewnetrzne-lampy-do-sypialni-300x199.jpg 300w\" sizes=\"auto, (max-width: 500px) 100vw, 500px\" \/><\/p>\n<h2>O\u015bwietlenie wewn\u0119trzne &#8211; lampy do \u0142azienki<\/h2>\n<p>Miejskie \u0142azienki nie nale\u017c\u0105 zazwyczaj do zbyt obszernych pomieszcze\u0144, dlatego nie warto ich dodatkowo przyt\u0142acza\u0107 du\u017cymi lampami. \u015awietnie sprawdzi si\u0119 tu prosty i elegancki plafon sufitowy, a nad lustro &#8211; dyskretny kinkiet. Dzi\u0119ki takiemu zastosowaniu lamp do \u0142azienki wn\u0119trze b\u0119dzie dobrze o\u015bwietlone, a jednocze\u015bnie b\u0119dzie si\u0119 elegancko i stylowo prezentowa\u0107.<\/p>\n<p style=\"text-align: center;\">***<\/p>\n<p>Wybieraj\u0105c o\u015bwietlenie wewn\u0119trzne do mieszkania zawsze zastan\u00f3w si\u0119 przed zakupem, czy dany model pasuje do wn\u0119trza i czy b\u0119dzie odpowiada\u0142 Twoim potrzebom pod wzgl\u0119dem funkcjonalnym. W\u00f3wczas b\u0119dziesz m\u00f3g\u0142 mie\u0107 pewno\u015b\u0107, \u017ce dokona\u0142e\u015b dobrego wyboru.<\/p>\n","protected":false},"excerpt":{"rendered":"<p>Wyb\u00f3r o\u015bwietlenia do domu to skomplikowana sprawa &#8211; ogrom mo\u017cliwo\u015bci nie tylko pod wzgl\u0119dem rodzaj\u00f3w lamp, ale i stylu, wcale nie u\u0142atwia sprawy. \u015awiat\u0142o w odpowiedniej oprawie mo\u017ce nada\u0107 naszemu wn\u0119trzu okre\u015blony charakter, zdecydowa\u0107 o jego stylu i przytulno\u015bci, warto wi\u0119c po\u015bwi\u0119ci\u0107 d\u0142u\u017csz\u0105 chwil\u0119 na zastanowienie si\u0119 nad wyborem odpowiedniej lampy. Na co zwr\u00f3ci\u0107 uwag\u0119 [&hellip;]<\/p>\n","protected":false},"author":18,"featured_media":16815,"comment_status":"open","ping_status":"closed","sticky":false,"template":"","format":"standard","meta":{"_acf_changed":false,"ngg_post_thumbnail":0,"footnotes":""},"categories":[9,906],"tags":[],"class_list":{"0":"post-16811","1":"post","2":"type-post","3":"status-publish","4":"format-standard","5":"has-post-thumbnail","7":"category-nasze-produkty","8":"category-wnetrza"},"acf":[],"yoast_head":"<!-- This site is optimized with the Yoast SEO plugin v27.4 - https:\/\/yoast.com\/product\/yoast-seo-wordpress\/ -->\n<title>O\u015bwietlenie wewn\u0119trzne - jakie lampy wybra\u0107 do wn\u0119trz?<\/title>\n<meta name=\"description\" content=\"Planujesz o\u015bwietlenie wewn\u0119trzne w twoim mieszkaniu? Szukasz ciekawej lampy do domu? Zajrzyj do artyku\u0142u i zainspiruj si\u0119 stylowymi propozycjami lamp!\" \/>\n<meta name=\"robots\" content=\"index, follow, max-snippet:-1, max-image-preview:large, max-video-preview:-1\" \/>\n<link rel=\"canonical\" href=\"https:\/\/www.meblobranie.pl\/porady\/wybieramy-oswietlenie-wewnetrzne\/\" \/>\n<meta name=\"twitter:label1\" content=\"Napisane przez\" \/>\n\t<meta name=\"twitter:data1\" content=\"Natalia z Meblobranie.pl\" \/>\n\t<meta name=\"twitter:label2\" content=\"Szacowany czas czytania\" \/>\n\t<meta name=\"twitter:data2\" content=\"3 minuty\" \/>\n<script type=\"application\/ld+json\" class=\"yoast-schema-graph\">{\"@context\":\"https:\\\/\\\/schema.org\",\"@graph\":[{\"@type\":\"Article\",\"@id\":\"https:\\\/\\\/www.meblobranie.pl\\\/porady\\\/wybieramy-oswietlenie-wewnetrzne\\\/#article\",\"isPartOf\":{\"@id\":\"https:\\\/\\\/www.meblobranie.pl\\\/porady\\\/wybieramy-oswietlenie-wewnetrzne\\\/\"},\"author\":{\"name\":\"Natalia z Meblobranie.pl\",\"@id\":\"https:\\\/\\\/www.meblobranie.pl\\\/porady\\\/#\\\/schema\\\/person\\\/947af96c0073e071e3c3c7dd5c17001a\"},\"headline\":\"Stylowe o\u015bwietlenie wewn\u0119trzne &#8211; jakie lampy do domu wybra\u0107?\",\"datePublished\":\"2017-12-16T13:00:55+00:00\",\"dateModified\":\"2019-10-02T10:43:18+00:00\",\"mainEntityOfPage\":{\"@id\":\"https:\\\/\\\/www.meblobranie.pl\\\/porady\\\/wybieramy-oswietlenie-wewnetrzne\\\/\"},\"wordCount\":567,\"commentCount\":0,\"image\":{\"@id\":\"https:\\\/\\\/www.meblobranie.pl\\\/porady\\\/wybieramy-oswietlenie-wewnetrzne\\\/#primaryimage\"},\"thumbnailUrl\":\"https:\\\/\\\/www.meblobranie.pl\\\/porady\\\/wp-content\\\/uploads\\\/2018\\\/03\\\/oswietlenie-wewnetrzne-lampy-do-domu.jpg\",\"articleSection\":[\"Nasze produkty\",\"Wn\u0119trza\"],\"inLanguage\":\"pl-PL\",\"potentialAction\":[{\"@type\":\"CommentAction\",\"name\":\"Comment\",\"target\":[\"https:\\\/\\\/www.meblobranie.pl\\\/porady\\\/wybieramy-oswietlenie-wewnetrzne\\\/#respond\"]}]},{\"@type\":\"WebPage\",\"@id\":\"https:\\\/\\\/www.meblobranie.pl\\\/porady\\\/wybieramy-oswietlenie-wewnetrzne\\\/\",\"url\":\"https:\\\/\\\/www.meblobranie.pl\\\/porady\\\/wybieramy-oswietlenie-wewnetrzne\\\/\",\"name\":\"O\u015bwietlenie wewn\u0119trzne - jakie lampy wybra\u0107 do wn\u0119trz?\",\"isPartOf\":{\"@id\":\"https:\\\/\\\/www.meblobranie.pl\\\/porady\\\/#website\"},\"primaryImageOfPage\":{\"@id\":\"https:\\\/\\\/www.meblobranie.pl\\\/porady\\\/wybieramy-oswietlenie-wewnetrzne\\\/#primaryimage\"},\"image\":{\"@id\":\"https:\\\/\\\/www.meblobranie.pl\\\/porady\\\/wybieramy-oswietlenie-wewnetrzne\\\/#primaryimage\"},\"thumbnailUrl\":\"https:\\\/\\\/www.meblobranie.pl\\\/porady\\\/wp-content\\\/uploads\\\/2018\\\/03\\\/oswietlenie-wewnetrzne-lampy-do-domu.jpg\",\"datePublished\":\"2017-12-16T13:00:55+00:00\",\"dateModified\":\"2019-10-02T10:43:18+00:00\",\"author\":{\"@id\":\"https:\\\/\\\/www.meblobranie.pl\\\/porady\\\/#\\\/schema\\\/person\\\/947af96c0073e071e3c3c7dd5c17001a\"},\"description\":\"Planujesz o\u015bwietlenie wewn\u0119trzne w twoim mieszkaniu? Szukasz ciekawej lampy do domu? Zajrzyj do artyku\u0142u i zainspiruj si\u0119 stylowymi propozycjami lamp!\",\"breadcrumb\":{\"@id\":\"https:\\\/\\\/www.meblobranie.pl\\\/porady\\\/wybieramy-oswietlenie-wewnetrzne\\\/#breadcrumb\"},\"inLanguage\":\"pl-PL\",\"potentialAction\":[{\"@type\":\"ReadAction\",\"target\":[\"https:\\\/\\\/www.meblobranie.pl\\\/porady\\\/wybieramy-oswietlenie-wewnetrzne\\\/\"]}]},{\"@type\":\"ImageObject\",\"inLanguage\":\"pl-PL\",\"@id\":\"https:\\\/\\\/www.meblobranie.pl\\\/porady\\\/wybieramy-oswietlenie-wewnetrzne\\\/#primaryimage\",\"url\":\"https:\\\/\\\/www.meblobranie.pl\\\/porady\\\/wp-content\\\/uploads\\\/2018\\\/03\\\/oswietlenie-wewnetrzne-lampy-do-domu.jpg\",\"contentUrl\":\"https:\\\/\\\/www.meblobranie.pl\\\/porady\\\/wp-content\\\/uploads\\\/2018\\\/03\\\/oswietlenie-wewnetrzne-lampy-do-domu.jpg\",\"width\":500,\"height\":331,\"caption\":\"Lampa Silvia Vita Copenhagen Design\"},{\"@type\":\"BreadcrumbList\",\"@id\":\"https:\\\/\\\/www.meblobranie.pl\\\/porady\\\/wybieramy-oswietlenie-wewnetrzne\\\/#breadcrumb\",\"itemListElement\":[{\"@type\":\"ListItem\",\"position\":1,\"name\":\"Home\",\"item\":\"https:\\\/\\\/www.meblobranie.pl\\\/porady\\\/\"},{\"@type\":\"ListItem\",\"position\":2,\"name\":\"Stylowe o\u015bwietlenie wewn\u0119trzne &#8211; jakie lampy do domu wybra\u0107?\"}]},{\"@type\":\"WebSite\",\"@id\":\"https:\\\/\\\/www.meblobranie.pl\\\/porady\\\/#website\",\"url\":\"https:\\\/\\\/www.meblobranie.pl\\\/porady\\\/\",\"name\":\"Porady Meblobranie.pl\",\"description\":\"Blog o tarasach i ogrodach\",\"potentialAction\":[{\"@type\":\"SearchAction\",\"target\":{\"@type\":\"EntryPoint\",\"urlTemplate\":\"https:\\\/\\\/www.meblobranie.pl\\\/porady\\\/?s={search_term_string}\"},\"query-input\":{\"@type\":\"PropertyValueSpecification\",\"valueRequired\":true,\"valueName\":\"search_term_string\"}}],\"inLanguage\":\"pl-PL\"},{\"@type\":\"Person\",\"@id\":\"https:\\\/\\\/www.meblobranie.pl\\\/porady\\\/#\\\/schema\\\/person\\\/947af96c0073e071e3c3c7dd5c17001a\",\"name\":\"Natalia z Meblobranie.pl\",\"image\":{\"@type\":\"ImageObject\",\"inLanguage\":\"pl-PL\",\"@id\":\"https:\\\/\\\/secure.gravatar.com\\\/avatar\\\/bd86e117c16df3fbfc9c15b284df1e22c6f18f9100d5f6a33d24234751403824?s=96&d=mm&r=g\",\"url\":\"https:\\\/\\\/secure.gravatar.com\\\/avatar\\\/bd86e117c16df3fbfc9c15b284df1e22c6f18f9100d5f6a33d24234751403824?s=96&d=mm&r=g\",\"contentUrl\":\"https:\\\/\\\/secure.gravatar.com\\\/avatar\\\/bd86e117c16df3fbfc9c15b284df1e22c6f18f9100d5f6a33d24234751403824?s=96&d=mm&r=g\",\"caption\":\"Natalia z Meblobranie.pl\"}}]}<\/script>\n<!-- \/ Yoast SEO plugin. -->","yoast_head_json":{"title":"O\u015bwietlenie wewn\u0119trzne - jakie lampy wybra\u0107 do wn\u0119trz?","description":"Planujesz o\u015bwietlenie wewn\u0119trzne w twoim mieszkaniu? Szukasz ciekawej lampy do domu? Zajrzyj do artyku\u0142u i zainspiruj si\u0119 stylowymi propozycjami lamp!","robots":{"index":"index","follow":"follow","max-snippet":"max-snippet:-1","max-image-preview":"max-image-preview:large","max-video-preview":"max-video-preview:-1"},"canonical":"https:\/\/www.meblobranie.pl\/porady\/wybieramy-oswietlenie-wewnetrzne\/","twitter_misc":{"Napisane przez":"Natalia z Meblobranie.pl","Szacowany czas czytania":"3 minuty"},"schema":{"@context":"https:\/\/schema.org","@graph":[{"@type":"Article","@id":"https:\/\/www.meblobranie.pl\/porady\/wybieramy-oswietlenie-wewnetrzne\/#article","isPartOf":{"@id":"https:\/\/www.meblobranie.pl\/porady\/wybieramy-oswietlenie-wewnetrzne\/"},"author":{"name":"Natalia z Meblobranie.pl","@id":"https:\/\/www.meblobranie.pl\/porady\/#\/schema\/person\/947af96c0073e071e3c3c7dd5c17001a"},"headline":"Stylowe o\u015bwietlenie wewn\u0119trzne &#8211; jakie lampy do domu wybra\u0107?","datePublished":"2017-12-16T13:00:55+00:00","dateModified":"2019-10-02T10:43:18+00:00","mainEntityOfPage":{"@id":"https:\/\/www.meblobranie.pl\/porady\/wybieramy-oswietlenie-wewnetrzne\/"},"wordCount":567,"commentCount":0,"image":{"@id":"https:\/\/www.meblobranie.pl\/porady\/wybieramy-oswietlenie-wewnetrzne\/#primaryimage"},"thumbnailUrl":"https:\/\/www.meblobranie.pl\/porady\/wp-content\/uploads\/2018\/03\/oswietlenie-wewnetrzne-lampy-do-domu.jpg","articleSection":["Nasze produkty","Wn\u0119trza"],"inLanguage":"pl-PL","potentialAction":[{"@type":"CommentAction","name":"Comment","target":["https:\/\/www.meblobranie.pl\/porady\/wybieramy-oswietlenie-wewnetrzne\/#respond"]}]},{"@type":"WebPage","@id":"https:\/\/www.meblobranie.pl\/porady\/wybieramy-oswietlenie-wewnetrzne\/","url":"https:\/\/www.meblobranie.pl\/porady\/wybieramy-oswietlenie-wewnetrzne\/","name":"O\u015bwietlenie wewn\u0119trzne - jakie lampy wybra\u0107 do wn\u0119trz?","isPartOf":{"@id":"https:\/\/www.meblobranie.pl\/porady\/#website"},"primaryImageOfPage":{"@id":"https:\/\/www.meblobranie.pl\/porady\/wybieramy-oswietlenie-wewnetrzne\/#primaryimage"},"image":{"@id":"https:\/\/www.meblobranie.pl\/porady\/wybieramy-oswietlenie-wewnetrzne\/#primaryimage"},"thumbnailUrl":"https:\/\/www.meblobranie.pl\/porady\/wp-content\/uploads\/2018\/03\/oswietlenie-wewnetrzne-lampy-do-domu.jpg","datePublished":"2017-12-16T13:00:55+00:00","dateModified":"2019-10-02T10:43:18+00:00","author":{"@id":"https:\/\/www.meblobranie.pl\/porady\/#\/schema\/person\/947af96c0073e071e3c3c7dd5c17001a"},"description":"Planujesz o\u015bwietlenie wewn\u0119trzne w twoim mieszkaniu? Szukasz ciekawej lampy do domu? Zajrzyj do artyku\u0142u i zainspiruj si\u0119 stylowymi propozycjami lamp!","breadcrumb":{"@id":"https:\/\/www.meblobranie.pl\/porady\/wybieramy-oswietlenie-wewnetrzne\/#breadcrumb"},"inLanguage":"pl-PL","potentialAction":[{"@type":"ReadAction","target":["https:\/\/www.meblobranie.pl\/porady\/wybieramy-oswietlenie-wewnetrzne\/"]}]},{"@type":"ImageObject","inLanguage":"pl-PL","@id":"https:\/\/www.meblobranie.pl\/porady\/wybieramy-oswietlenie-wewnetrzne\/#primaryimage","url":"https:\/\/www.meblobranie.pl\/porady\/wp-content\/uploads\/2018\/03\/oswietlenie-wewnetrzne-lampy-do-domu.jpg","contentUrl":"https:\/\/www.meblobranie.pl\/porady\/wp-content\/uploads\/2018\/03\/oswietlenie-wewnetrzne-lampy-do-domu.jpg","width":500,"height":331,"caption":"Lampa Silvia Vita Copenhagen Design"},{"@type":"BreadcrumbList","@id":"https:\/\/www.meblobranie.pl\/porady\/wybieramy-oswietlenie-wewnetrzne\/#breadcrumb","itemListElement":[{"@type":"ListItem","position":1,"name":"Home","item":"https:\/\/www.meblobranie.pl\/porady\/"},{"@type":"ListItem","position":2,"name":"Stylowe o\u015bwietlenie wewn\u0119trzne &#8211; jakie lampy do domu wybra\u0107?"}]},{"@type":"WebSite","@id":"https:\/\/www.meblobranie.pl\/porady\/#website","url":"https:\/\/www.meblobranie.pl\/porady\/","name":"Porady Meblobranie.pl","description":"Blog o tarasach i ogrodach","potentialAction":[{"@type":"SearchAction","target":{"@type":"EntryPoint","urlTemplate":"https:\/\/www.meblobranie.pl\/porady\/?s={search_term_string}"},"query-input":{"@type":"PropertyValueSpecification","valueRequired":true,"valueName":"search_term_string"}}],"inLanguage":"pl-PL"},{"@type":"Person","@id":"https:\/\/www.meblobranie.pl\/porady\/#\/schema\/person\/947af96c0073e071e3c3c7dd5c17001a","name":"Natalia z Meblobranie.pl","image":{"@type":"ImageObject","inLanguage":"pl-PL","@id":"https:\/\/secure.gravatar.com\/avatar\/bd86e117c16df3fbfc9c15b284df1e22c6f18f9100d5f6a33d24234751403824?s=96&d=mm&r=g","url":"https:\/\/secure.gravatar.com\/avatar\/bd86e117c16df3fbfc9c15b284df1e22c6f18f9100d5f6a33d24234751403824?s=96&d=mm&r=g","contentUrl":"https:\/\/secure.gravatar.com\/avatar\/bd86e117c16df3fbfc9c15b284df1e22c6f18f9100d5f6a33d24234751403824?s=96&d=mm&r=g","caption":"Natalia z Meblobranie.pl"}}]}},"_links":{"self":[{"href":"https:\/\/www.meblobranie.pl\/porady\/wp-json\/wp\/v2\/posts\/16811","targetHints":{"allow":["GET"]}}],"collection":[{"href":"https:\/\/www.meblobranie.pl\/porady\/wp-json\/wp\/v2\/posts"}],"about":[{"href":"https:\/\/www.meblobranie.pl\/porady\/wp-json\/wp\/v2\/types\/post"}],"author":[{"embeddable":true,"href":"https:\/\/www.meblobranie.pl\/porady\/wp-json\/wp\/v2\/users\/18"}],"replies":[{"embeddable":true,"href":"https:\/\/www.meblobranie.pl\/porady\/wp-json\/wp\/v2\/comments?post=16811"}],"version-history":[{"count":0,"href":"https:\/\/www.meblobranie.pl\/porady\/wp-json\/wp\/v2\/posts\/16811\/revisions"}],"wp:featuredmedia":[{"embeddable":true,"href":"https:\/\/www.meblobranie.pl\/porady\/wp-json\/wp\/v2\/media\/16815"}],"wp:attachment":[{"href":"https:\/\/www.meblobranie.pl\/porady\/wp-json\/wp\/v2\/media?parent=16811"}],"wp:term":[{"taxonomy":"category","embeddable":true,"href":"https:\/\/www.meblobranie.pl\/porady\/wp-json\/wp\/v2\/categories?post=16811"},{"taxonomy":"post_tag","embeddable":true,"href":"https:\/\/www.meblobranie.pl\/porady\/wp-json\/wp\/v2\/tags?post=16811"}],"curies":[{"name":"wp","href":"https:\/\/api.w.org\/{rel}","templated":true}]}}