{"id":16892,"date":"2018-03-08T11:23:54","date_gmt":"2018-03-08T10:23:54","guid":{"rendered":"https:\/\/www.meblobranie.pl\/porady\/?p=16892"},"modified":"2024-04-18T14:05:07","modified_gmt":"2024-04-18T12:05:07","slug":"meble-tarasowe-technorattan","status":"publish","type":"post","link":"https:\/\/www.meblobranie.pl\/porady\/meble-tarasowe-technorattan\/","title":{"rendered":"Meble tarasowe z technorattanu &#8211; jaki model wybra\u0107?"},"content":{"rendered":"<p>Technorattanowe meble tarasowe to zdecydowanie najmodniejszy spos\u00f3b na stworzenie ogrodowej aran\u017cacji. Nale\u017c\u0105 do najch\u0119tniej wybieranych mebli ogrodowych, zar\u00f3wno na przydomowe tarasy, jak i do restauracji czy ogr\u00f3dk\u00f3w hotelowych. Jak wybra\u0107 odpowiedni model na nasz taras? Przyjrzymy si\u0119 dzi\u015b po kolei r\u00f3\u017cnym propozycjom <a href=\"https:\/\/www.meblobranie.pl\/ogrod-meble-ogrodowe\/material-technorattan\" target=\"_blank\" rel=\"noopener noreferrer\">meble tarasowe z technorattanu<\/a>.<\/p>\n<p><img loading=\"lazy\" decoding=\"async\" class=\"aligncenter wp-image-43891 size-full\" src=\"https:\/\/www.meblobranie.pl\/porady\/wp-content\/uploads\/2018\/03\/meble-technorattan-na-taras-z-wysokim-sto\u0142em.jpg\" alt=\"Technorattanowe meble tarasowe perata\" width=\"840\" height=\"560\" srcset=\"https:\/\/www.meblobranie.pl\/porady\/wp-content\/uploads\/2018\/03\/meble-technorattan-na-taras-z-wysokim-sto\u0142em.jpg 840w, https:\/\/www.meblobranie.pl\/porady\/wp-content\/uploads\/2018\/03\/meble-technorattan-na-taras-z-wysokim-sto\u0142em-300x200.jpg 300w, https:\/\/www.meblobranie.pl\/porady\/wp-content\/uploads\/2018\/03\/meble-technorattan-na-taras-z-wysokim-sto\u0142em-768x512.jpg 768w\" sizes=\"auto, (max-width: 840px) 100vw, 840px\" \/><!--more--><\/p>\n<h2>Wypoczynkowe meble na taras z technorattanu<\/h2>\n<p>Meble wypoczynkowe to \u015bwietne rozwi\u0105zanie na tarasy i do ogrod\u00f3w, <strong>je\u015bli przy zestawie ogrodowym planujemy g\u0142\u00f3wnie odpoczywa\u0107<\/strong>: siedzie\u0107 i czyta\u0107 ksi\u0105\u017ck\u0119, spotka\u0107 si\u0119 z przyjaci\u00f3\u0142mi przy kawie czy po prostu rozsi\u0105\u015b\u0107 si\u0119 w ogrodzie z rodzin\u0105 w s\u0142oneczny dzie\u0144. Do wyboru mamy <a href=\"\/zestawy-ogrodowe\">zestawy ogrodowe<\/a> na taras sk\u0142adaj\u0105ce si\u0119 z niskich stolik\u00f3w kawowych oraz sof i <a href=\"\/fotele\">foteli<\/a> lub naro\u017cnik\u00f3w.<\/p>\n<p>[[kategoria:1996:40=technorattan:6]]<\/p>\n<p>Cz\u0119sto mo\u017cna znale\u017a\u0107 r\u00f3wnie\u017c <a href=\"https:\/\/www.meblobranie.pl\/sofy-ogrodowe\/material-technorattan\" target=\"_blank\" rel=\"noopener noreferrer\">sofy <\/a>modu\u0142owe &#8211; \u015bwietne rozwi\u0105zanie, je\u015bli przestrze\u0144, kt\u00f3r\u0105 chcemy zagospodarowa\u0107, jest niewymiarowa. Ilo\u015b\u0107 dost\u0119pnych wzor\u00f3w i modeli mebli tarasowych z technorattanu jest naprawd\u0119 imponuj\u0105ca, wi\u0119c <strong>swobodnie znajdziemy najbardziej pasuj\u0105cy nam model<\/strong>. Takie zestawy nie s\u0105 mniej wygodne ni\u017c meble ustawione w naszym domu i s\u0105 r\u00f3wnie dobrym miejscem do wypoczynku jak sofy czy <a href=\"https:\/\/www.meblobranie.pl\/narozniki\">naro\u017cniki<\/a> w salonie.<\/p>\n<p><img loading=\"lazy\" decoding=\"async\" class=\"aligncenter wp-image-43892 size-full\" src=\"https:\/\/www.meblobranie.pl\/porady\/wp-content\/uploads\/2018\/03\/meble-na-taras-z-technorattanu-wypoczynkowe.jpg\" alt=\"Meble tarasowe technorattan wypoczynkowe cioso\" width=\"840\" height=\"630\" srcset=\"https:\/\/www.meblobranie.pl\/porady\/wp-content\/uploads\/2018\/03\/meble-na-taras-z-technorattanu-wypoczynkowe.jpg 840w, https:\/\/www.meblobranie.pl\/porady\/wp-content\/uploads\/2018\/03\/meble-na-taras-z-technorattanu-wypoczynkowe-300x225.jpg 300w, https:\/\/www.meblobranie.pl\/porady\/wp-content\/uploads\/2018\/03\/meble-na-taras-z-technorattanu-wypoczynkowe-768x576.jpg 768w\" sizes=\"auto, (max-width: 840px) 100vw, 840px\" \/><\/p>\n<h2>Obiadowe meble tarasowe z technorattanu<\/h2>\n<p>Meble obiadowe na taras to propozycja dla wielbicieli ucztowania na \u015bwie\u017cym powietrzu. Taki komplet <strong>sk\u0142ada si\u0119 z wysokiego sto\u0142u i kompletu krzese\u0142 ogrodowych lub foteli<\/strong>. Technorattanowe <a href=\"https:\/\/www.meblobranie.pl\/stoly-i-krzesla-ogrodowe\" target=\"_blank\" rel=\"noopener noreferrer\">sto\u0142y i krzes\u0142a ogrodowe<\/a> to wariant bardzo wygodny i \u0142atwy do czyszczenia. Plecionka jest lekko elastyczna, wi\u0119c na krzes\u0142ach i fotelach tego typu wygodniej si\u0119 siedzi. Dodatkowo niekt\u00f3re modele wyposa\u017cone s\u0105 w poduszki na siedziska.<\/p>\n<p>[[kategoria:32:150=stol-i-krzesla-fotele:6]]<\/p>\n<p>Je\u015bli zale\u017cy nam przede wszystkim na wygodzie, wybierzmy wysoki st\u00f3\u0142 ogrodowy zestawiony z fotelami. A je\u015bli wi\u0119ksze znaczenie ma \u0142atwo\u015b\u0107 przechowywania mebli, zdecydujmy si\u0119 na obiadowe <a href=\"\/meble-tarasowe\">meble na taras<\/a> z technorattanu z krzes\u0142ami ogrodowymi nadaj\u0105cymi si\u0119 do sztaplowania. Niezale\u017cnie od szczeg\u00f3\u0142\u00f3w konstrukcji sto\u0142\u00f3w i krzese\u0142, <strong>zestawy doskonale sprawdz\u0105 si\u0119 podczas spo\u017cywania posi\u0142k\u00f3w na \u015bwie\u017cym powietrzu<\/strong>.<\/p>\n<p><img loading=\"lazy\" decoding=\"async\" class=\"aligncenter wp-image-43893 size-full\" src=\"https:\/\/www.meblobranie.pl\/porady\/wp-content\/uploads\/2018\/03\/meble-tarasowe-z-technorattanu-obiadowe.jpeg\" alt=\"Meble na taras z technorattanu\" width=\"840\" height=\"630\" srcset=\"https:\/\/www.meblobranie.pl\/porady\/wp-content\/uploads\/2018\/03\/meble-tarasowe-z-technorattanu-obiadowe.jpeg 840w, https:\/\/www.meblobranie.pl\/porady\/wp-content\/uploads\/2018\/03\/meble-tarasowe-z-technorattanu-obiadowe-300x225.jpeg 300w, https:\/\/www.meblobranie.pl\/porady\/wp-content\/uploads\/2018\/03\/meble-tarasowe-z-technorattanu-obiadowe-768x576.jpeg 768w\" sizes=\"auto, (max-width: 840px) 100vw, 840px\" \/><\/p>\n<h2>Meble technorattanowe na taras z wysokim sto\u0142em<\/h2>\n<p><a href=\"\/ogrod-meble-ogrodowe\">Meble ogrodowe<\/a> z technorattanu na taras z wysokim sto\u0142em to opcja kompromisowa &#8211; mamy tu do dyspozycji wygodne sofy i fotele ogrodowe, i jednocze\u015bnie wysoki <a href=\"\/stoly\">st\u00f3\u0142<\/a> obiadowy, przy kt\u00f3rym mo\u017cna swobodnie zje\u015b\u0107. To dobra <strong>opcja dla os\u00f3b, kt\u00f3re lubi\u0105 \u0142\u0105czy\u0107 leniwy wypoczynek z posi\u0142kami na \u015bwie\u017cym powietrzu<\/strong> i sp\u0119dza\u0107 ca\u0142e dni w ogrodzie.<\/p>\n<p>[[kategoria:1872:40=technorattan:6]]<\/p>\n<p>Podobnie jak w przypadku wypoczynkowych mebli na taras, mamy do wyboru zestawy z sofami i fotelami, <a href=\"https:\/\/www.meblobranie.pl\/ogrodowe\/narozniki-ogrodowe\">naro\u017cniki ogrodowe<\/a>, a tak\u017ce <strong>zestawy ogrodowe modu\u0142owe, kt\u00f3re \u015bwietnie sprawdz\u0105 si\u0119 na mniej ustawnych tarasach<\/strong>. Je\u015bli wi\u0119c nie mo\u017cecie si\u0119 zdecydowa\u0107 czy woleliby\u015bcie postawi\u0107 na tarasie zestaw wypoczynkowy czy zestaw obiadowy, meble z technorattanu na taras z wysokim sto\u0142em to najlepsza opcja.<\/p>\n<p><img loading=\"lazy\" decoding=\"async\" class=\"aligncenter wp-image-43894 size-full\" src=\"https:\/\/www.meblobranie.pl\/porady\/wp-content\/uploads\/2018\/03\/meble-tarasowe-technorattan-novici.jpg\" alt=\"Meble z technorattanu na taras z wysokim sto\u0142em\" width=\"840\" height=\"630\" srcset=\"https:\/\/www.meblobranie.pl\/porady\/wp-content\/uploads\/2018\/03\/meble-tarasowe-technorattan-novici.jpg 840w, https:\/\/www.meblobranie.pl\/porady\/wp-content\/uploads\/2018\/03\/meble-tarasowe-technorattan-novici-300x225.jpg 300w, https:\/\/www.meblobranie.pl\/porady\/wp-content\/uploads\/2018\/03\/meble-tarasowe-technorattan-novici-768x576.jpg 768w\" sizes=\"auto, (max-width: 840px) 100vw, 840px\" \/><\/p>\n<p style=\"text-align: center;\">***<\/p>\n<p>A Wy jaki zestaw ogrodowy wybieracie? Podzielcie si\u0119 w komentarzach zdj\u0119ciami swoich ogrodowych aran\u017cacji!<\/p>\n<p>[[kategoria_img_v:1872:6]]<\/p>\n","protected":false},"excerpt":{"rendered":"<p>Technorattanowe meble tarasowe to zdecydowanie najmodniejszy spos\u00f3b na stworzenie ogrodowej aran\u017cacji. Nale\u017c\u0105 do najch\u0119tniej wybieranych mebli ogrodowych, zar\u00f3wno na przydomowe tarasy, jak i do restauracji czy ogr\u00f3dk\u00f3w hotelowych. Jak wybra\u0107 odpowiedni model na nasz taras? Przyjrzymy si\u0119 dzi\u015b po kolei r\u00f3\u017cnym propozycjom meble tarasowe z technorattanu.<\/p>\n","protected":false},"author":18,"featured_media":43891,"comment_status":"open","ping_status":"closed","sticky":false,"template":"","format":"standard","meta":{"_acf_changed":false,"ngg_post_thumbnail":0,"footnotes":""},"categories":[905,6],"tags":[],"class_list":{"0":"post-16892","1":"post","2":"type-post","3":"status-publish","4":"format-standard","5":"has-post-thumbnail","7":"category-ogrod","8":"category-poradnik"},"acf":[],"yoast_head":"<!-- This site is optimized with the Yoast SEO plugin v27.4 - https:\/\/yoast.com\/product\/yoast-seo-wordpress\/ -->\n<title>Technorattanowe meble na taras - wybierz najlepsze dla siebie<\/title>\n<meta name=\"description\" content=\"Meble tarasowe z technorattanu to \u015bwietne uzupe\u0142nienie eleganckiego tarasu. Jaki model wybra\u0107, \u017ceby najlepiej wkomponowa\u0142 si\u0119 w nasz\u0105 ogrodow\u0105 aran\u017cacj\u0119?\" \/>\n<meta name=\"robots\" content=\"index, follow, max-snippet:-1, max-image-preview:large, max-video-preview:-1\" \/>\n<link rel=\"canonical\" href=\"https:\/\/www.meblobranie.pl\/porady\/meble-tarasowe-technorattan\/\" \/>\n<meta name=\"twitter:label1\" content=\"Napisane przez\" \/>\n\t<meta name=\"twitter:data1\" content=\"Natalia z Meblobranie.pl\" \/>\n\t<meta name=\"twitter:label2\" content=\"Szacowany czas czytania\" \/>\n\t<meta name=\"twitter:data2\" content=\"3 minuty\" \/>\n<script type=\"application\/ld+json\" class=\"yoast-schema-graph\">{\"@context\":\"https:\\\/\\\/schema.org\",\"@graph\":[{\"@type\":\"Article\",\"@id\":\"https:\\\/\\\/www.meblobranie.pl\\\/porady\\\/meble-tarasowe-technorattan\\\/#article\",\"isPartOf\":{\"@id\":\"https:\\\/\\\/www.meblobranie.pl\\\/porady\\\/meble-tarasowe-technorattan\\\/\"},\"author\":{\"name\":\"Natalia z Meblobranie.pl\",\"@id\":\"https:\\\/\\\/www.meblobranie.pl\\\/porady\\\/#\\\/schema\\\/person\\\/947af96c0073e071e3c3c7dd5c17001a\"},\"headline\":\"Meble tarasowe z technorattanu &#8211; jaki model wybra\u0107?\",\"datePublished\":\"2018-03-08T10:23:54+00:00\",\"dateModified\":\"2024-04-18T12:05:07+00:00\",\"mainEntityOfPage\":{\"@id\":\"https:\\\/\\\/www.meblobranie.pl\\\/porady\\\/meble-tarasowe-technorattan\\\/\"},\"wordCount\":518,\"commentCount\":0,\"image\":{\"@id\":\"https:\\\/\\\/www.meblobranie.pl\\\/porady\\\/meble-tarasowe-technorattan\\\/#primaryimage\"},\"thumbnailUrl\":\"https:\\\/\\\/www.meblobranie.pl\\\/porady\\\/wp-content\\\/uploads\\\/2018\\\/03\\\/meble-technorattan-na-taras-z-wysokim-sto\u0142em.jpg\",\"articleSection\":[\"Ogr\u00f3d\",\"Poradnik\"],\"inLanguage\":\"pl-PL\",\"potentialAction\":[{\"@type\":\"CommentAction\",\"name\":\"Comment\",\"target\":[\"https:\\\/\\\/www.meblobranie.pl\\\/porady\\\/meble-tarasowe-technorattan\\\/#respond\"]}]},{\"@type\":\"WebPage\",\"@id\":\"https:\\\/\\\/www.meblobranie.pl\\\/porady\\\/meble-tarasowe-technorattan\\\/\",\"url\":\"https:\\\/\\\/www.meblobranie.pl\\\/porady\\\/meble-tarasowe-technorattan\\\/\",\"name\":\"Technorattanowe meble na taras - wybierz najlepsze dla siebie\",\"isPartOf\":{\"@id\":\"https:\\\/\\\/www.meblobranie.pl\\\/porady\\\/#website\"},\"primaryImageOfPage\":{\"@id\":\"https:\\\/\\\/www.meblobranie.pl\\\/porady\\\/meble-tarasowe-technorattan\\\/#primaryimage\"},\"image\":{\"@id\":\"https:\\\/\\\/www.meblobranie.pl\\\/porady\\\/meble-tarasowe-technorattan\\\/#primaryimage\"},\"thumbnailUrl\":\"https:\\\/\\\/www.meblobranie.pl\\\/porady\\\/wp-content\\\/uploads\\\/2018\\\/03\\\/meble-technorattan-na-taras-z-wysokim-sto\u0142em.jpg\",\"datePublished\":\"2018-03-08T10:23:54+00:00\",\"dateModified\":\"2024-04-18T12:05:07+00:00\",\"author\":{\"@id\":\"https:\\\/\\\/www.meblobranie.pl\\\/porady\\\/#\\\/schema\\\/person\\\/947af96c0073e071e3c3c7dd5c17001a\"},\"description\":\"Meble tarasowe z technorattanu to \u015bwietne uzupe\u0142nienie eleganckiego tarasu. Jaki model wybra\u0107, \u017ceby najlepiej wkomponowa\u0142 si\u0119 w nasz\u0105 ogrodow\u0105 aran\u017cacj\u0119?\",\"breadcrumb\":{\"@id\":\"https:\\\/\\\/www.meblobranie.pl\\\/porady\\\/meble-tarasowe-technorattan\\\/#breadcrumb\"},\"inLanguage\":\"pl-PL\",\"potentialAction\":[{\"@type\":\"ReadAction\",\"target\":[\"https:\\\/\\\/www.meblobranie.pl\\\/porady\\\/meble-tarasowe-technorattan\\\/\"]}]},{\"@type\":\"ImageObject\",\"inLanguage\":\"pl-PL\",\"@id\":\"https:\\\/\\\/www.meblobranie.pl\\\/porady\\\/meble-tarasowe-technorattan\\\/#primaryimage\",\"url\":\"https:\\\/\\\/www.meblobranie.pl\\\/porady\\\/wp-content\\\/uploads\\\/2018\\\/03\\\/meble-technorattan-na-taras-z-wysokim-sto\u0142em.jpg\",\"contentUrl\":\"https:\\\/\\\/www.meblobranie.pl\\\/porady\\\/wp-content\\\/uploads\\\/2018\\\/03\\\/meble-technorattan-na-taras-z-wysokim-sto\u0142em.jpg\",\"width\":840,\"height\":560,\"caption\":\"Technorattanowe meble tarasowe perata\"},{\"@type\":\"BreadcrumbList\",\"@id\":\"https:\\\/\\\/www.meblobranie.pl\\\/porady\\\/meble-tarasowe-technorattan\\\/#breadcrumb\",\"itemListElement\":[{\"@type\":\"ListItem\",\"position\":1,\"name\":\"Home\",\"item\":\"https:\\\/\\\/www.meblobranie.pl\\\/porady\\\/\"},{\"@type\":\"ListItem\",\"position\":2,\"name\":\"Meble tarasowe z technorattanu &#8211; jaki model wybra\u0107?\"}]},{\"@type\":\"WebSite\",\"@id\":\"https:\\\/\\\/www.meblobranie.pl\\\/porady\\\/#website\",\"url\":\"https:\\\/\\\/www.meblobranie.pl\\\/porady\\\/\",\"name\":\"Porady Meblobranie.pl\",\"description\":\"Blog o tarasach i ogrodach\",\"potentialAction\":[{\"@type\":\"SearchAction\",\"target\":{\"@type\":\"EntryPoint\",\"urlTemplate\":\"https:\\\/\\\/www.meblobranie.pl\\\/porady\\\/?s={search_term_string}\"},\"query-input\":{\"@type\":\"PropertyValueSpecification\",\"valueRequired\":true,\"valueName\":\"search_term_string\"}}],\"inLanguage\":\"pl-PL\"},{\"@type\":\"Person\",\"@id\":\"https:\\\/\\\/www.meblobranie.pl\\\/porady\\\/#\\\/schema\\\/person\\\/947af96c0073e071e3c3c7dd5c17001a\",\"name\":\"Natalia z Meblobranie.pl\",\"image\":{\"@type\":\"ImageObject\",\"inLanguage\":\"pl-PL\",\"@id\":\"https:\\\/\\\/secure.gravatar.com\\\/avatar\\\/bd86e117c16df3fbfc9c15b284df1e22c6f18f9100d5f6a33d24234751403824?s=96&d=mm&r=g\",\"url\":\"https:\\\/\\\/secure.gravatar.com\\\/avatar\\\/bd86e117c16df3fbfc9c15b284df1e22c6f18f9100d5f6a33d24234751403824?s=96&d=mm&r=g\",\"contentUrl\":\"https:\\\/\\\/secure.gravatar.com\\\/avatar\\\/bd86e117c16df3fbfc9c15b284df1e22c6f18f9100d5f6a33d24234751403824?s=96&d=mm&r=g\",\"caption\":\"Natalia z Meblobranie.pl\"}}]}<\/script>\n<!-- \/ Yoast SEO plugin. -->","yoast_head_json":{"title":"Technorattanowe meble na taras - wybierz najlepsze dla siebie","description":"Meble tarasowe z technorattanu to \u015bwietne uzupe\u0142nienie eleganckiego tarasu. Jaki model wybra\u0107, \u017ceby najlepiej wkomponowa\u0142 si\u0119 w nasz\u0105 ogrodow\u0105 aran\u017cacj\u0119?","robots":{"index":"index","follow":"follow","max-snippet":"max-snippet:-1","max-image-preview":"max-image-preview:large","max-video-preview":"max-video-preview:-1"},"canonical":"https:\/\/www.meblobranie.pl\/porady\/meble-tarasowe-technorattan\/","twitter_misc":{"Napisane przez":"Natalia z Meblobranie.pl","Szacowany czas czytania":"3 minuty"},"schema":{"@context":"https:\/\/schema.org","@graph":[{"@type":"Article","@id":"https:\/\/www.meblobranie.pl\/porady\/meble-tarasowe-technorattan\/#article","isPartOf":{"@id":"https:\/\/www.meblobranie.pl\/porady\/meble-tarasowe-technorattan\/"},"author":{"name":"Natalia z Meblobranie.pl","@id":"https:\/\/www.meblobranie.pl\/porady\/#\/schema\/person\/947af96c0073e071e3c3c7dd5c17001a"},"headline":"Meble tarasowe z technorattanu &#8211; jaki model wybra\u0107?","datePublished":"2018-03-08T10:23:54+00:00","dateModified":"2024-04-18T12:05:07+00:00","mainEntityOfPage":{"@id":"https:\/\/www.meblobranie.pl\/porady\/meble-tarasowe-technorattan\/"},"wordCount":518,"commentCount":0,"image":{"@id":"https:\/\/www.meblobranie.pl\/porady\/meble-tarasowe-technorattan\/#primaryimage"},"thumbnailUrl":"https:\/\/www.meblobranie.pl\/porady\/wp-content\/uploads\/2018\/03\/meble-technorattan-na-taras-z-wysokim-sto\u0142em.jpg","articleSection":["Ogr\u00f3d","Poradnik"],"inLanguage":"pl-PL","potentialAction":[{"@type":"CommentAction","name":"Comment","target":["https:\/\/www.meblobranie.pl\/porady\/meble-tarasowe-technorattan\/#respond"]}]},{"@type":"WebPage","@id":"https:\/\/www.meblobranie.pl\/porady\/meble-tarasowe-technorattan\/","url":"https:\/\/www.meblobranie.pl\/porady\/meble-tarasowe-technorattan\/","name":"Technorattanowe meble na taras - wybierz najlepsze dla siebie","isPartOf":{"@id":"https:\/\/www.meblobranie.pl\/porady\/#website"},"primaryImageOfPage":{"@id":"https:\/\/www.meblobranie.pl\/porady\/meble-tarasowe-technorattan\/#primaryimage"},"image":{"@id":"https:\/\/www.meblobranie.pl\/porady\/meble-tarasowe-technorattan\/#primaryimage"},"thumbnailUrl":"https:\/\/www.meblobranie.pl\/porady\/wp-content\/uploads\/2018\/03\/meble-technorattan-na-taras-z-wysokim-sto\u0142em.jpg","datePublished":"2018-03-08T10:23:54+00:00","dateModified":"2024-04-18T12:05:07+00:00","author":{"@id":"https:\/\/www.meblobranie.pl\/porady\/#\/schema\/person\/947af96c0073e071e3c3c7dd5c17001a"},"description":"Meble tarasowe z technorattanu to \u015bwietne uzupe\u0142nienie eleganckiego tarasu. Jaki model wybra\u0107, \u017ceby najlepiej wkomponowa\u0142 si\u0119 w nasz\u0105 ogrodow\u0105 aran\u017cacj\u0119?","breadcrumb":{"@id":"https:\/\/www.meblobranie.pl\/porady\/meble-tarasowe-technorattan\/#breadcrumb"},"inLanguage":"pl-PL","potentialAction":[{"@type":"ReadAction","target":["https:\/\/www.meblobranie.pl\/porady\/meble-tarasowe-technorattan\/"]}]},{"@type":"ImageObject","inLanguage":"pl-PL","@id":"https:\/\/www.meblobranie.pl\/porady\/meble-tarasowe-technorattan\/#primaryimage","url":"https:\/\/www.meblobranie.pl\/porady\/wp-content\/uploads\/2018\/03\/meble-technorattan-na-taras-z-wysokim-sto\u0142em.jpg","contentUrl":"https:\/\/www.meblobranie.pl\/porady\/wp-content\/uploads\/2018\/03\/meble-technorattan-na-taras-z-wysokim-sto\u0142em.jpg","width":840,"height":560,"caption":"Technorattanowe meble tarasowe perata"},{"@type":"BreadcrumbList","@id":"https:\/\/www.meblobranie.pl\/porady\/meble-tarasowe-technorattan\/#breadcrumb","itemListElement":[{"@type":"ListItem","position":1,"name":"Home","item":"https:\/\/www.meblobranie.pl\/porady\/"},{"@type":"ListItem","position":2,"name":"Meble tarasowe z technorattanu &#8211; jaki model wybra\u0107?"}]},{"@type":"WebSite","@id":"https:\/\/www.meblobranie.pl\/porady\/#website","url":"https:\/\/www.meblobranie.pl\/porady\/","name":"Porady Meblobranie.pl","description":"Blog o tarasach i ogrodach","potentialAction":[{"@type":"SearchAction","target":{"@type":"EntryPoint","urlTemplate":"https:\/\/www.meblobranie.pl\/porady\/?s={search_term_string}"},"query-input":{"@type":"PropertyValueSpecification","valueRequired":true,"valueName":"search_term_string"}}],"inLanguage":"pl-PL"},{"@type":"Person","@id":"https:\/\/www.meblobranie.pl\/porady\/#\/schema\/person\/947af96c0073e071e3c3c7dd5c17001a","name":"Natalia z Meblobranie.pl","image":{"@type":"ImageObject","inLanguage":"pl-PL","@id":"https:\/\/secure.gravatar.com\/avatar\/bd86e117c16df3fbfc9c15b284df1e22c6f18f9100d5f6a33d24234751403824?s=96&d=mm&r=g","url":"https:\/\/secure.gravatar.com\/avatar\/bd86e117c16df3fbfc9c15b284df1e22c6f18f9100d5f6a33d24234751403824?s=96&d=mm&r=g","contentUrl":"https:\/\/secure.gravatar.com\/avatar\/bd86e117c16df3fbfc9c15b284df1e22c6f18f9100d5f6a33d24234751403824?s=96&d=mm&r=g","caption":"Natalia z Meblobranie.pl"}}]}},"_links":{"self":[{"href":"https:\/\/www.meblobranie.pl\/porady\/wp-json\/wp\/v2\/posts\/16892","targetHints":{"allow":["GET"]}}],"collection":[{"href":"https:\/\/www.meblobranie.pl\/porady\/wp-json\/wp\/v2\/posts"}],"about":[{"href":"https:\/\/www.meblobranie.pl\/porady\/wp-json\/wp\/v2\/types\/post"}],"author":[{"embeddable":true,"href":"https:\/\/www.meblobranie.pl\/porady\/wp-json\/wp\/v2\/users\/18"}],"replies":[{"embeddable":true,"href":"https:\/\/www.meblobranie.pl\/porady\/wp-json\/wp\/v2\/comments?post=16892"}],"version-history":[{"count":0,"href":"https:\/\/www.meblobranie.pl\/porady\/wp-json\/wp\/v2\/posts\/16892\/revisions"}],"wp:featuredmedia":[{"embeddable":true,"href":"https:\/\/www.meblobranie.pl\/porady\/wp-json\/wp\/v2\/media\/43891"}],"wp:attachment":[{"href":"https:\/\/www.meblobranie.pl\/porady\/wp-json\/wp\/v2\/media?parent=16892"}],"wp:term":[{"taxonomy":"category","embeddable":true,"href":"https:\/\/www.meblobranie.pl\/porady\/wp-json\/wp\/v2\/categories?post=16892"},{"taxonomy":"post_tag","embeddable":true,"href":"https:\/\/www.meblobranie.pl\/porady\/wp-json\/wp\/v2\/tags?post=16892"}],"curies":[{"name":"wp","href":"https:\/\/api.w.org\/{rel}","templated":true}]}}