{"id":18479,"date":"2025-09-30T20:43:00","date_gmt":"2025-09-30T18:43:00","guid":{"rendered":"https:\/\/www.meblobranie.pl\/porady\/?p=18479"},"modified":"2026-03-28T21:08:00","modified_gmt":"2026-03-28T20:08:00","slug":"jakie-meble-do-ogrodu-zimowego","status":"publish","type":"post","link":"https:\/\/www.meblobranie.pl\/porady\/jakie-meble-do-ogrodu-zimowego\/","title":{"rendered":"Jakie meble do ogrodu zimowego?"},"content":{"rendered":"\n<p>Ogr\u00f3d zimowy to doskona\u0142e miejsce na Tw\u00f3j odpoczynek. Aby jednak w pe\u0142ni m\u00f3c cieszy\u0107 si\u0119 relaksem w oran\u017cerii, konieczne jest wyposa\u017cenie jej w komfortowe i wygodne meble. Zobacz, <strong>jakie meble do ogrodu zimowego<\/strong> powiniene\u015b wybra\u0107, aby stworzy\u0107 idealn\u0105 stref\u0119 relaksu.<\/p>\n\n\n\n<figure class=\"wp-block-image size-full\"><img loading=\"lazy\" decoding=\"async\" width=\"830\" height=\"554\" src=\"https:\/\/www.meblobranie.pl\/porady\/wp-content\/uploads\/2017\/12\/ogrod-zimowy-1.jpg\" alt=\"Jakie meble do ogrodu zimowego\" class=\"wp-image-45931\" srcset=\"https:\/\/www.meblobranie.pl\/porady\/wp-content\/uploads\/2017\/12\/ogrod-zimowy-1.jpg 830w, https:\/\/www.meblobranie.pl\/porady\/wp-content\/uploads\/2017\/12\/ogrod-zimowy-1-300x200.jpg 300w, https:\/\/www.meblobranie.pl\/porady\/wp-content\/uploads\/2017\/12\/ogrod-zimowy-1-768x513.jpg 768w\" sizes=\"auto, (max-width: 830px) 100vw, 830px\" \/><\/figure>\n\n\n\n<!--more-->\n\n\n\n<p class=\"Standard\"><\/p>\n\n\n\n\n\n\n<p class=\"Standard\">Ogr\u00f3d kwitn\u0105cy i zielony zim\u0105? To ju\u017c nie sen czy niedo\u015bcignione marzenie. Coraz cz\u0119\u015bciej w domach tworzy si\u0119 ogrody zimowe, czyli oran\u017cerie. S\u0105 to przeszklone pomieszczenia przylegaj\u0105ce do budynku. Panuj\u0105ce tam warunki pozwol\u0105 Ci na hodowl\u0119 ro\u015blin, nawet tych egzotycznych, kiedy za oknem jest zimno, szaro i ponuro.<\/p>\n\n\n\n<p>Ogr\u00f3d zimowy to bajkowe miejsce, kt\u00f3re kiedy za oknem \u015bnieg i minusowe temperatury, pozwala Ci cieszy\u0107 si\u0119 zieleni\u0105. Aby jednak stworzy\u0107 to wyj\u0105tkowe wn\u0119trze, potrzebny jest dob\u00f3r nie tylko ro\u015blin, ale i odpowiedniego wyposa\u017cenia. I chocia\u017c opcji jest bardzo wiele, to wyb\u00f3r nie jest \u0142atwy. Zazwyczaj wi\u0119kszo\u015b\u0107 modeli przeznaczonych jest do ogrod\u00f3w otwartych, a przecie\u017c ten zimowy rz\u0105dzi si\u0119 zupe\u0142nie innymi prawami.<\/p>\n\n\n\n<p>Ogr\u00f3d zimowy jest ca\u0142kowicie odizolowany od zewn\u0119trznych czynnik\u00f3w atmosferycznych. Dzi\u0119ki przeszklonym \u015bcianom i sufitowi niestraszny mu deszcz, \u015bnieg czy niskie temperatury. Sprawia to, \u017ce szukaj\u0105c mebli do ogrodu zimowego, masz niezwykle du\u017cy wyb\u00f3r. W zimowej oran\u017cerii mo\u017cesz zastosowa\u0107 zar\u00f3wno meble salonowe, jak i te dedykowane ogrodom zewn\u0119trznym. Najcz\u0119\u015bciej wybieramy te ostatnie rozwi\u0105zanie i stawiamy na <a href=\"https:\/\/www.meblobranie.pl\/ogrod-meble-ogrodowe\">meble ogrodowe<\/a> z naturalnych materia\u0142\u00f3w, kt\u00f3re najlepiej wkomponowuj\u0105 si\u0119 w zielone i kwitn\u0105ce otoczenie.<\/p>\n\n\n\n<p>Warto pami\u0119ta\u0107, \u017ce wybieraj\u0105c meble do ogrodu zimowego, powiniene\u015b stawia\u0107 na sprz\u0119ty odporne na dzia\u0142anie promieni s\u0142onecznych oraz wilgo\u0107 wydzielan\u0105 przez ro\u015bliny. Dzi\u0119ki temu na d\u0142ugo zachowaj\u0105 one sw\u00f3j pierwotny wygl\u0105d. Jakie <strong>meble do ogrodu zimowego wybra\u0107<\/strong>? Czy s\u0105 meble ogrodowe, kt\u00f3rych nie trzeba chowa\u0107 na zim\u0119?<\/p>\n\n\n\n<p>Na jakie materia\u0142y odporne na zmienne warunki atmosferyczne warto, aby\u015b postawi\u0142, je\u015bli chcesz cieszy\u0107 si\u0119 meblami do zimowego ogrodu przez wiele sezon\u00f3w? Nowoczesne meble do ogrodu zimowego&#8230; czyli jakie?<\/p>\n\n\n<p>[[kategoria:1849:6]]<\/p>\n\n\n\n<h2 class=\"wp-block-heading\">Na co zwr\u00f3ci\u0107 uwag\u0119 przy wyborze mebli do ogrodu zimowego?<\/h2>\n\n\n\n<p>Wybieraj\u0105c <strong>meble do ogrodu zimowego<\/strong> (oran\u017cerii), musisz uwzgl\u0119dni\u0107 specyficzny mikroklimat, w tym w szczeg\u00f3lno\u015bci wyst\u0119powanie:<\/p>\n\n\n\n<ul class=\"wp-block-list\">\n<li>wysokiej wilgotno\u015bci (zw\u0142aszcza przy uprawie egzotycznych ro\u015blin),<\/li>\n\n\n\n<li>intensywnego \u015bwiat\u0142a s\u0142onecznego (ryzyko blakni\u0119cia),<\/li>\n\n\n\n<li>du\u017cych waha\u0144 temperatury, nawet je\u015bli przestrze\u0144 jest ogrzewana.<\/li>\n<\/ul>\n\n\n\n<p>Przede wszystkim zwr\u00f3\u0107 uwag\u0119 na materia\u0142 konstrukcyjny. Cho\u0107 warunki s\u0105 \u0142agodniejsze ni\u017c na zewn\u0105trz, meble powinny by\u0107 odporne na wilgo\u0107 i zmiany temperatur. Idealnie sprawdz\u0105 si\u0119 tu technorattan, meble aluminiowe, wyselekcjonowane drewno egzotyczne (np. teak).<\/p>\n\n\n\n<p>Unikaj naturalnego rattanu i wikliny, kt\u00f3re mog\u0105 szybko zniszcze\u0107 w wilgotnym \u015brodowisku.<\/p>\n\n\n\n<p>Po drugie, liczy si\u0119 <strong>odporno\u015b\u0107 na promienie UV<\/strong>. Wybieraj tkaniny i poszycia z filtrem UV, aby unikn\u0105\u0107 blakni\u0119cia. Poduszki i tapicerki powinny by\u0107 zdejmowane, z tkanin <strong>szybkoschn\u0105cych i plamoodpornych<\/strong> (np. akryl, olefin).<\/p>\n\n\n\n<p>Po trzecie, pomy\u015bl o <strong>ergonomii i funkcji<\/strong>. Tw\u00f3j ogr\u00f3d zimowy to strefa relaksu, wi\u0119c meble musz\u0105 by\u0107 wygodne. Rozwa\u017c zestawy modu\u0142owe, kt\u00f3re mo\u017cesz \u0142atwo rekonfigurowa\u0107. Upewnij si\u0119, \u017ce meble s\u0105 <strong>lekkie<\/strong> (np. aluminium), je\u015bli zamierzasz je przestawia\u0107 dla optymalnego nas\u0142onecznienia ro\u015blin.<\/p>\n\n\n\n<p>Na koniec, pami\u0119taj o <strong>stylu<\/strong>. Meble powinny harmonizowa\u0107 ze \u015bwiat\u0142em i zieleni\u0105. Jasne kolory i naturalne, ale trwa\u0142e materia\u0142y, stworz\u0105 dla Ciebie relaksuj\u0105c\u0105 oaz\u0119.<\/p>\n\n\n\n<p class=\"worth-know has-text-align-left has-white-color has-text-color has-background has-link-color\" style=\"padding-left:10px;background-color:#3c2034;font-size:18px\"><strong>WARTO WIEDZIE\u0106<\/strong><br><br>Meble, kt\u00f3rych nie musisz chowa\u0107 na zim\u0119, to najcz\u0119\u015bciej te z technorattanu i aluminium. S\u0105 one odporne na mr\u00f3z i wilgo\u0107, ale dla trwa\u0142o\u015bci warto, aby\u015b przykry\u0142 je oddychaj\u0105cym pokrowcem. Wysokiej jako\u015bci drewno egzotyczne (np. teak) r\u00f3wnie\u017c jest odporne, ale zachowanie koloru wymaga od Ciebie regularnego olejowania.<\/p>\n\n\n\n<figure class=\"wp-block-table\"><table class=\"has-white-background-color has-background\"><tbody><tr><th><strong>Materia\u0142 mebli<\/strong><\/th><th><strong>Zalety<\/strong><\/th><th><strong>Wady<\/strong><\/th><th><strong>Trwa\u0142o\u015b\u0107 (lata)<\/strong><\/th><\/tr><tr><td><strong>Technorattan (meble rattanowe), meble z tworzyw sztucznych, <a href=\"https:\/\/www.meblobranie.pl\/ogrod-meble-ogrodowe\/material-tworzywo-sztuczne\">meble ogrodowe plastikowe<\/a><\/strong><\/td><td>Lekki, odporny na wilgo\u0107 i UV, \u0142atwy w czyszczeniu<\/td><td>Mo\u017ce by\u0107 mniej naturalny w wygl\u0105dzie<\/td><td>15+<\/td><\/tr><tr><td><strong>Meble wykonane z aluminium<\/strong><\/td><td>Odporne na korozj\u0119, lekkie, nowoczesne<\/td><td>Mo\u017ce si\u0119 nagrzewa\u0107 w s\u0142o\u0144cu<\/td><td>20+<\/td><\/tr><tr><td><strong>Drewno egzotyczne<\/strong><\/td><td>Bardzo trwa\u0142e, eleganckie, naturalne olejki ochronne<\/td><td>Wy\u017csza cena, wymaga piel\u0119gnacji<\/td><td>25+<\/td><\/tr><tr><td><strong>Nowoczesne <a href=\"https:\/\/www.meblobranie.pl\/ogrod-meble-ogrodowe\/material-metal\">meble ogrodowe metalowe<\/a> (\u017celiwo, stal)<\/strong><\/td><td>Solidne, stylowe, pasuj\u0105 do aran\u017cacji retro<\/td><td>Ci\u0119\u017ckie, podatne na rdz\u0119<\/td><td>10\u201315<\/td><\/tr><\/tbody><\/table><\/figure>\n\n\n<div class=\"wp-block-image\">\n<figure class=\"aligncenter size-full\"><img loading=\"lazy\" decoding=\"async\" width=\"830\" height=\"554\" src=\"https:\/\/www.meblobranie.pl\/porady\/wp-content\/uploads\/2017\/12\/ogrod-zimowy-2.jpg\" alt=\"Jakie meble do ogrodu zimowego wybra\u0107?\" class=\"wp-image-45932\" srcset=\"https:\/\/www.meblobranie.pl\/porady\/wp-content\/uploads\/2017\/12\/ogrod-zimowy-2.jpg 830w, https:\/\/www.meblobranie.pl\/porady\/wp-content\/uploads\/2017\/12\/ogrod-zimowy-2-300x200.jpg 300w, https:\/\/www.meblobranie.pl\/porady\/wp-content\/uploads\/2017\/12\/ogrod-zimowy-2-768x513.jpg 768w\" sizes=\"auto, (max-width: 830px) 100vw, 830px\" \/><\/figure>\n<\/div>\n\n\n<h2 class=\"wp-block-heading\">Jakie materia\u0142y mebli najlepiej sprawdzaj\u0105 si\u0119 w ogrodzie zimowym?<\/h2>\n\n\n\n<p>W zimowej oran\u017cerii doskonale spisz\u0105 si\u0119 meble z technorattanu. Gustowne sofy, wygodne fotele i eleganckie sto\u0142y sprawi\u0105, \u017ce Tw\u00f3j ogr\u00f3d zimowy stanie si\u0119 komfortowym miejscem wypoczynku, a dodatkowo b\u0119dzie si\u0119 prezentowa\u0142 niezwykle stylowo.<\/p>\n\n\n\n<p>Doskona\u0142ym wyborem s\u0105 meble z technorattanu o modu\u0142owej budowie. Da Ci to nieograniczon\u0105 mo\u017cliwo\u015b\u0107 kreatywnego ich ustawiania oraz zagwarantuje, \u017ce sprz\u0119ty stan\u0105 si\u0119 wielofunkcyjnym i wielozadaniowym wyposa\u017ceniem.<\/p>\n\n\n\n<p><strong>Meble ogrodowe z technorattanu to nie tylko elegancja i styl, ale tak\u017ce ekologiczno\u015b\u0107 i wytrzyma\u0142o\u015b\u0107<\/strong>. Estetyczne, lekkie i \u0142atwe w czyszczeniu s\u0105 sprz\u0119tami, kt\u00f3re zachowuj\u0105 naturaln\u0105 \u015bwie\u017co\u015b\u0107 przez ponad 15 lat.<\/p>\n\n\n\n<p>Z kolei je\u015bli chodzi o <strong>meble \u017celiwne i metalowe, to znajd\u0105 one swoje miejsce przede wszystkim w ogrodach zimowych aran\u017cowanych na styl romantyczny czy toska\u0144ski<\/strong>. B\u0119d\u0105 one doskona\u0142ym uzupe\u0142nieniem aran\u017cacji i wprowadz\u0105 do Twojej oran\u017cerii nietypowy klimat. Ponadto solidne i wytrzyma\u0142e na du\u017ce obci\u0105\u017cenia b\u0119d\u0105 s\u0142u\u017cy\u0107 Ci przez d\u0142ugie lata.<\/p>\n\n\n\n<p class=\"Standard\"><\/p>\n\n\n<p>[[kategoria:2002:6]]<\/p>\n\n\n\n<h2 class=\"wp-block-heading\">Czy meble ogrodowe trzeba chowa\u0107 na zim\u0119?<\/h2>\n\n\n\n<p>Decyzja o chowaniu mebli ogrodowych na zim\u0119 zale\u017cy od dw\u00f3ch g\u0142\u00f3wnych czynnik\u00f3w: <strong>materia\u0142u, z kt\u00f3rego s\u0105 wykonane<\/strong> oraz <strong>Twoich dost\u0119pnych warunk\u00f3w przechowywania<\/strong>.<\/p>\n\n\n\n<p>Wi\u0119kszo\u015b\u0107 mebli wymaga ochrony. Drewno krajowe (sosna, \u015bwierk, brzoza), naturalny rattan i wiklina s\u0105 bardzo wra\u017cliwe na wilgo\u0107, mr\u00f3z i du\u017ce wahania temperatur. Pozostawienie ich na zewn\u0105trz prowadzi do p\u0119kania, p\u0119cznienia, gnicia i rozwoju ple\u015bni. Meble takie bezwzgl\u0119dnie musisz schowa\u0107 do suchego, wentylowanego pomieszczenia (np. gara\u017cu, piwnicy) lub przynajmniej zabezpieczy\u0107 grubymi, oddychaj\u0105cymi pokrowcami.<\/p>\n\n\n\n<p><strong>Metalowe meble \u017celiwne i stalowe<\/strong> s\u0105 podatne na rdz\u0119, je\u015bli pow\u0142oka lakiernicza jest uszkodzona. Cho\u0107 nie p\u0119kn\u0105, wymagaj\u0105 zim\u0105 Twojej ochrony przed deszczem i \u015bniegiem, aby unikn\u0105\u0107 korozji.<\/p>\n\n\n\n<p>Je\u015bli nie masz miejsca w gara\u017cu, a zale\u017cy Ci na tym, by Tw\u00f3j zestaw przetrwa\u0142 mrozy w nienaruszonym stanie, koniecznie sprawd\u017a nasz szczeg\u00f3\u0142owy poradnik. Dowiesz si\u0119 z niego, jakie preparaty stosowa\u0107 i jakich b\u0142\u0119d\u00f3w unika\u0107 \u2013 zobacz nasz wpis <a href=\"https:\/\/www.meblobranie.pl\/porady\/jak-zabezpieczyc-meble-ogrodowe-na-zime\/\">jak zabezpieczy\u0107 meble ogrodowe na zim\u0119?<\/a><\/p>\n\n\n\n<p>Najmniej wymagaj\u0105ce s\u0105 meble z <strong>technorattanu (syntetycznego), aluminium<\/strong> oraz wysokiej jako\u015bci <strong>drewna egzotycznego<\/strong> (teak, iroko). S\u0105 one projektowane z my\u015bl\u0105 o ca\u0142orocznej ekspozycji:<\/p>\n\n\n\n<ul class=\"wp-block-list\">\n<li><strong>technorattan (rattan naturalny) i aluminium<\/strong> mog\u0105 sta\u0107 na zewn\u0105trz pod warunkiem, \u017ce s\u0105 zabezpieczone <strong>pokrowcami ochronnymi<\/strong>. Chroni je to przed brudem i zalegaj\u0105cym \u015bniegiem, cho\u0107 sam mr\u00f3z im nie szkodzi,<\/li>\n\n\n\n<li><strong>drewno egzotyczne<\/strong> jest bardzo odporne. Aby jednak ograniczy\u0107 szarzenie i utrzyma\u0107 je w najlepszym stanie, zaleca si\u0119 lekkie zadaszenie lub u\u017cycie pokrowc\u00f3w, zw\u0142aszcza w trakcie d\u0142ugich, mro\u017anych i deszczowych okres\u00f3w (z\u0142e warunki atmosferyczne mog\u0105 zagrozi\u0107 nawet drogim meblom, je\u015bli nie s\u0105 to ca\u0142oroczne meble do ogrodu zimowego), kiedy to <a href=\"https:\/\/www.meblobranie.pl\/ogrod-meble-ogrodowe\/material-technorattan\">meble ogrodowe technorattanowe<\/a> s\u0105 wci\u0105\u017c przechowywane na \u015bwie\u017cym powietrzu. Je\u015bli chodzi o dzia\u0142anie czynnik\u00f3w atmosferycznych, musisz mie\u0107 na uwadze r\u00f3wnie\u017c promieniowanie UV (promieniowanie s\u0142oneczne), poniewa\u017c silne promienie s\u0142o\u0144ca, r\u00f3wnie\u017c w okresie zimowym, to prosta droga do wyblakni\u0119cia kolor\u00f3w. Zmienne temperatury to warunki, kt\u00f3re nie sprzyjaj\u0105 meblom w d\u0142u\u017cszej perspektywie.<\/li>\n<\/ul>\n\n\n\n<figure class=\"wp-block-pullquote has-white-background-color has-background\"><blockquote><p>&#8220;Meble do zimowego ogrodu powinny przede wszystkim \u0142\u0105czy\u0107 wygod\u0119 z odporno\u015bci\u0105 na zmienne warunki atmosferyczne \u2013 cho\u0107 ogr\u00f3d zimowy jest zadaszony, panuj\u0105 w nim cz\u0119sto inne warunki ni\u017c w typowym wn\u0119trzu&#8221;<\/p><\/blockquote><\/figure>\n\n\n\n<h2 class=\"wp-block-heading\">Jakie meble ogrodowe na zim\u0119? Podsumowanie<\/h2>\n\n\n\n<p><a href=\"https:\/\/www.meblobranie.pl\/ogrod-meble-ogrodowe\/material-drewno\">Meble ogrodowe drewniane<\/a> to doskona\u0142e uzupe\u0142nienie ogrod\u00f3w zimowych urz\u0105dzanych w modnych stylach: rustykalnym, shabby chic czy boho. Klasyczne drewniane stoliki, krzes\u0142a czy niedu\u017ce hu\u015btawki bardzo dobrze b\u0119d\u0105 komponowa\u0107 si\u0119 z zieleni\u0105 Twoich ro\u015blin. Szukaj\u0105c trwa\u0142ych mebli do ogrodu zimowego z drewna, warto, aby\u015b wybiera\u0142 te wykonane z gatunk\u00f3w egzotycznych np. merbau czy eukaliptusa. Takie sprz\u0119ty b\u0119d\u0105 mog\u0142y Ci s\u0142u\u017cy\u0107 nawet 25 lat, a odpowiednio piel\u0119gnowane i d\u0142u\u017cej. Meble ogrodowe wykonywane s\u0105 r\u00f3wnie\u017c z drewna krajowego takiego jak sosna, \u015bwierk, d\u0105b, buk, brzoza czy olcha.<\/p>\n\n\n\n<p class=\"Standard\"><\/p>\n\n\n<p>[[kategoria:2055:6]]<\/p>\n\n\n\n<p class=\"has-text-align-left\"><strong>FAQ<\/strong><\/p>\n\n\n\n<div class=\"schema-faq wp-block-yoast-faq-block\">\n<div class=\"schema-faq-section\" id=\"faq-question-1759271380941\">\n<h3 class=\"schema-faq-question\">Czy w ogrodzie zimowym sprawdz\u0105 si\u0119 meble typowo salonowe?<\/h3>\n<p class=\"schema-faq-answer\">Tak, ale najlepiej wybiera\u0107 modele odporne na wilgo\u0107 i promieniowanie UV, aby unikn\u0105\u0107 zniszcze\u0144.<\/p>\n<\/div>\n<div class=\"schema-faq-section\" id=\"faq-question-1759271389947\">\n<h3 class=\"schema-faq-question\">Jakie materia\u0142y s\u0105 najtrwalsze w oran\u017cerii?<\/h3>\n<p class=\"schema-faq-answer\">Je\u015bli chodzi o meble do zimowego ogrodu, najlepiej sprawdza si\u0119 technorattan (meble ogrodowe technorattanowe zyskuj\u0105 na popularno\u015bci w ostatnich latach), aluminium i drewno egzotyczne, np. teak czy eukaliptus.<\/p>\n<\/div>\n<\/div>\n\n\n\n<p>&nbsp;<\/p>\n","protected":false},"excerpt":{"rendered":"<p>Ogr\u00f3d zimowy to doskona\u0142e miejsce na Tw\u00f3j odpoczynek. Aby jednak w pe\u0142ni m\u00f3c cieszy\u0107 si\u0119 relaksem w oran\u017cerii, konieczne jest wyposa\u017cenie jej w komfortowe i wygodne meble. Zobacz, jakie meble do ogrodu zimowego powiniene\u015b wybra\u0107, aby stworzy\u0107 idealn\u0105 stref\u0119 relaksu.<\/p>\n","protected":false},"author":21,"featured_media":18480,"comment_status":"open","ping_status":"closed","sticky":false,"template":"","format":"standard","meta":{"_acf_changed":false,"ngg_post_thumbnail":0,"footnotes":""},"categories":[13,905,6],"tags":[],"class_list":{"0":"post-18479","1":"post","2":"type-post","3":"status-publish","4":"format-standard","5":"has-post-thumbnail","7":"category-inspiracje","8":"category-ogrod","9":"category-poradnik"},"acf":[],"yoast_head":"<!-- This site is optimized with the Yoast SEO plugin v27.4 - https:\/\/yoast.com\/product\/yoast-seo-wordpress\/ -->\n<title>Jakie meble do ogrodu zimowego? - Porady Meblobranie.pl<\/title>\n<meta name=\"description\" content=\"Chcesz stworzy\u0107 atrakcyjny ogr\u00f3d zimowy? Zobacz, jakie meble do ogrodu zimowego wybra\u0107. Gotowe aran\u017cacje!\" \/>\n<meta name=\"robots\" content=\"index, follow, max-snippet:-1, max-image-preview:large, max-video-preview:-1\" \/>\n<link rel=\"canonical\" href=\"https:\/\/www.meblobranie.pl\/porady\/jakie-meble-do-ogrodu-zimowego\/\" \/>\n<meta name=\"twitter:label1\" content=\"Napisane przez\" \/>\n\t<meta name=\"twitter:data1\" content=\"Tomek z Meblobranie.pl\" \/>\n\t<meta name=\"twitter:label2\" content=\"Szacowany czas czytania\" \/>\n\t<meta name=\"twitter:data2\" content=\"8 minut\" \/>\n<script type=\"application\/ld+json\" class=\"yoast-schema-graph\">{\"@context\":\"https:\\\/\\\/schema.org\",\"@graph\":[{\"@type\":\"Article\",\"@id\":\"https:\\\/\\\/www.meblobranie.pl\\\/porady\\\/jakie-meble-do-ogrodu-zimowego\\\/#article\",\"isPartOf\":{\"@id\":\"https:\\\/\\\/www.meblobranie.pl\\\/porady\\\/jakie-meble-do-ogrodu-zimowego\\\/\"},\"author\":{\"name\":\"Tomek z Meblobranie.pl\",\"@id\":\"https:\\\/\\\/www.meblobranie.pl\\\/porady\\\/#\\\/schema\\\/person\\\/71bb230f187696b95e6d9a2c5d143d98\"},\"headline\":\"Jakie meble do ogrodu zimowego?\",\"datePublished\":\"2025-09-30T18:43:00+00:00\",\"dateModified\":\"2026-03-28T20:08:00+00:00\",\"mainEntityOfPage\":{\"@id\":\"https:\\\/\\\/www.meblobranie.pl\\\/porady\\\/jakie-meble-do-ogrodu-zimowego\\\/\"},\"wordCount\":1478,\"commentCount\":0,\"image\":{\"@id\":\"https:\\\/\\\/www.meblobranie.pl\\\/porady\\\/jakie-meble-do-ogrodu-zimowego\\\/#primaryimage\"},\"thumbnailUrl\":\"https:\\\/\\\/www.meblobranie.pl\\\/porady\\\/wp-content\\\/uploads\\\/2018\\\/10\\\/ogrod-zimowy-meble-aranzacja.jpg\",\"articleSection\":[\"Inspiracje\",\"Ogr\u00f3d\",\"Poradnik\"],\"inLanguage\":\"pl-PL\",\"potentialAction\":[{\"@type\":\"CommentAction\",\"name\":\"Comment\",\"target\":[\"https:\\\/\\\/www.meblobranie.pl\\\/porady\\\/jakie-meble-do-ogrodu-zimowego\\\/#respond\"]}]},{\"@type\":[\"WebPage\",\"FAQPage\"],\"@id\":\"https:\\\/\\\/www.meblobranie.pl\\\/porady\\\/jakie-meble-do-ogrodu-zimowego\\\/\",\"url\":\"https:\\\/\\\/www.meblobranie.pl\\\/porady\\\/jakie-meble-do-ogrodu-zimowego\\\/\",\"name\":\"Jakie meble do ogrodu zimowego? - Porady Meblobranie.pl\",\"isPartOf\":{\"@id\":\"https:\\\/\\\/www.meblobranie.pl\\\/porady\\\/#website\"},\"primaryImageOfPage\":{\"@id\":\"https:\\\/\\\/www.meblobranie.pl\\\/porady\\\/jakie-meble-do-ogrodu-zimowego\\\/#primaryimage\"},\"image\":{\"@id\":\"https:\\\/\\\/www.meblobranie.pl\\\/porady\\\/jakie-meble-do-ogrodu-zimowego\\\/#primaryimage\"},\"thumbnailUrl\":\"https:\\\/\\\/www.meblobranie.pl\\\/porady\\\/wp-content\\\/uploads\\\/2018\\\/10\\\/ogrod-zimowy-meble-aranzacja.jpg\",\"datePublished\":\"2025-09-30T18:43:00+00:00\",\"dateModified\":\"2026-03-28T20:08:00+00:00\",\"author\":{\"@id\":\"https:\\\/\\\/www.meblobranie.pl\\\/porady\\\/#\\\/schema\\\/person\\\/71bb230f187696b95e6d9a2c5d143d98\"},\"description\":\"Chcesz stworzy\u0107 atrakcyjny ogr\u00f3d zimowy? Zobacz, jakie meble do ogrodu zimowego wybra\u0107. Gotowe aran\u017cacje!\",\"breadcrumb\":{\"@id\":\"https:\\\/\\\/www.meblobranie.pl\\\/porady\\\/jakie-meble-do-ogrodu-zimowego\\\/#breadcrumb\"},\"mainEntity\":[{\"@id\":\"https:\\\/\\\/www.meblobranie.pl\\\/porady\\\/jakie-meble-do-ogrodu-zimowego\\\/#faq-question-1759271380941\"},{\"@id\":\"https:\\\/\\\/www.meblobranie.pl\\\/porady\\\/jakie-meble-do-ogrodu-zimowego\\\/#faq-question-1759271389947\"}],\"inLanguage\":\"pl-PL\",\"potentialAction\":[{\"@type\":\"ReadAction\",\"target\":[\"https:\\\/\\\/www.meblobranie.pl\\\/porady\\\/jakie-meble-do-ogrodu-zimowego\\\/\"]}]},{\"@type\":\"ImageObject\",\"inLanguage\":\"pl-PL\",\"@id\":\"https:\\\/\\\/www.meblobranie.pl\\\/porady\\\/jakie-meble-do-ogrodu-zimowego\\\/#primaryimage\",\"url\":\"https:\\\/\\\/www.meblobranie.pl\\\/porady\\\/wp-content\\\/uploads\\\/2018\\\/10\\\/ogrod-zimowy-meble-aranzacja.jpg\",\"contentUrl\":\"https:\\\/\\\/www.meblobranie.pl\\\/porady\\\/wp-content\\\/uploads\\\/2018\\\/10\\\/ogrod-zimowy-meble-aranzacja.jpg\",\"width\":1200,\"height\":900,\"caption\":\"meble do ogrodu zimowego\"},{\"@type\":\"BreadcrumbList\",\"@id\":\"https:\\\/\\\/www.meblobranie.pl\\\/porady\\\/jakie-meble-do-ogrodu-zimowego\\\/#breadcrumb\",\"itemListElement\":[{\"@type\":\"ListItem\",\"position\":1,\"name\":\"Home\",\"item\":\"https:\\\/\\\/www.meblobranie.pl\\\/porady\\\/\"},{\"@type\":\"ListItem\",\"position\":2,\"name\":\"Jakie meble do ogrodu zimowego?\"}]},{\"@type\":\"WebSite\",\"@id\":\"https:\\\/\\\/www.meblobranie.pl\\\/porady\\\/#website\",\"url\":\"https:\\\/\\\/www.meblobranie.pl\\\/porady\\\/\",\"name\":\"Porady Meblobranie.pl\",\"description\":\"Blog o tarasach i ogrodach\",\"potentialAction\":[{\"@type\":\"SearchAction\",\"target\":{\"@type\":\"EntryPoint\",\"urlTemplate\":\"https:\\\/\\\/www.meblobranie.pl\\\/porady\\\/?s={search_term_string}\"},\"query-input\":{\"@type\":\"PropertyValueSpecification\",\"valueRequired\":true,\"valueName\":\"search_term_string\"}}],\"inLanguage\":\"pl-PL\"},{\"@type\":\"Person\",\"@id\":\"https:\\\/\\\/www.meblobranie.pl\\\/porady\\\/#\\\/schema\\\/person\\\/71bb230f187696b95e6d9a2c5d143d98\",\"name\":\"Tomek z Meblobranie.pl\",\"image\":{\"@type\":\"ImageObject\",\"inLanguage\":\"pl-PL\",\"@id\":\"https:\\\/\\\/secure.gravatar.com\\\/avatar\\\/7e802214fb3cd6e177a36add54ff7ab0512ad6f8561ef271757de48153023775?s=96&d=mm&r=g\",\"url\":\"https:\\\/\\\/secure.gravatar.com\\\/avatar\\\/7e802214fb3cd6e177a36add54ff7ab0512ad6f8561ef271757de48153023775?s=96&d=mm&r=g\",\"contentUrl\":\"https:\\\/\\\/secure.gravatar.com\\\/avatar\\\/7e802214fb3cd6e177a36add54ff7ab0512ad6f8561ef271757de48153023775?s=96&d=mm&r=g\",\"caption\":\"Tomek z Meblobranie.pl\"}},{\"@type\":\"Question\",\"@id\":\"https:\\\/\\\/www.meblobranie.pl\\\/porady\\\/jakie-meble-do-ogrodu-zimowego\\\/#faq-question-1759271380941\",\"position\":1,\"url\":\"https:\\\/\\\/www.meblobranie.pl\\\/porady\\\/jakie-meble-do-ogrodu-zimowego\\\/#faq-question-1759271380941\",\"name\":\"Czy w ogrodzie zimowym sprawdz\u0105 si\u0119 meble typowo salonowe?\",\"answerCount\":1,\"acceptedAnswer\":{\"@type\":\"Answer\",\"text\":\"Tak, ale najlepiej wybiera\u0107 modele odporne na wilgo\u0107 i promieniowanie UV, aby unikn\u0105\u0107 zniszcze\u0144.\",\"inLanguage\":\"pl-PL\"},\"inLanguage\":\"pl-PL\"},{\"@type\":\"Question\",\"@id\":\"https:\\\/\\\/www.meblobranie.pl\\\/porady\\\/jakie-meble-do-ogrodu-zimowego\\\/#faq-question-1759271389947\",\"position\":2,\"url\":\"https:\\\/\\\/www.meblobranie.pl\\\/porady\\\/jakie-meble-do-ogrodu-zimowego\\\/#faq-question-1759271389947\",\"name\":\"Jakie materia\u0142y s\u0105 najtrwalsze w oran\u017cerii?\",\"answerCount\":1,\"acceptedAnswer\":{\"@type\":\"Answer\",\"text\":\"Je\u015bli chodzi o meble do zimowego ogrodu, najlepiej sprawdza si\u0119 technorattan (meble ogrodowe technorattanowe zyskuj\u0105 na popularno\u015bci w ostatnich latach), aluminium i drewno egzotyczne, np. teak czy eukaliptus.\",\"inLanguage\":\"pl-PL\"},\"inLanguage\":\"pl-PL\"}]}<\/script>\n<!-- \/ Yoast SEO plugin. -->","yoast_head_json":{"title":"Jakie meble do ogrodu zimowego? - Porady Meblobranie.pl","description":"Chcesz stworzy\u0107 atrakcyjny ogr\u00f3d zimowy? Zobacz, jakie meble do ogrodu zimowego wybra\u0107. Gotowe aran\u017cacje!","robots":{"index":"index","follow":"follow","max-snippet":"max-snippet:-1","max-image-preview":"max-image-preview:large","max-video-preview":"max-video-preview:-1"},"canonical":"https:\/\/www.meblobranie.pl\/porady\/jakie-meble-do-ogrodu-zimowego\/","twitter_misc":{"Napisane przez":"Tomek z Meblobranie.pl","Szacowany czas czytania":"8 minut"},"schema":{"@context":"https:\/\/schema.org","@graph":[{"@type":"Article","@id":"https:\/\/www.meblobranie.pl\/porady\/jakie-meble-do-ogrodu-zimowego\/#article","isPartOf":{"@id":"https:\/\/www.meblobranie.pl\/porady\/jakie-meble-do-ogrodu-zimowego\/"},"author":{"name":"Tomek z Meblobranie.pl","@id":"https:\/\/www.meblobranie.pl\/porady\/#\/schema\/person\/71bb230f187696b95e6d9a2c5d143d98"},"headline":"Jakie meble do ogrodu zimowego?","datePublished":"2025-09-30T18:43:00+00:00","dateModified":"2026-03-28T20:08:00+00:00","mainEntityOfPage":{"@id":"https:\/\/www.meblobranie.pl\/porady\/jakie-meble-do-ogrodu-zimowego\/"},"wordCount":1478,"commentCount":0,"image":{"@id":"https:\/\/www.meblobranie.pl\/porady\/jakie-meble-do-ogrodu-zimowego\/#primaryimage"},"thumbnailUrl":"https:\/\/www.meblobranie.pl\/porady\/wp-content\/uploads\/2018\/10\/ogrod-zimowy-meble-aranzacja.jpg","articleSection":["Inspiracje","Ogr\u00f3d","Poradnik"],"inLanguage":"pl-PL","potentialAction":[{"@type":"CommentAction","name":"Comment","target":["https:\/\/www.meblobranie.pl\/porady\/jakie-meble-do-ogrodu-zimowego\/#respond"]}]},{"@type":["WebPage","FAQPage"],"@id":"https:\/\/www.meblobranie.pl\/porady\/jakie-meble-do-ogrodu-zimowego\/","url":"https:\/\/www.meblobranie.pl\/porady\/jakie-meble-do-ogrodu-zimowego\/","name":"Jakie meble do ogrodu zimowego? - Porady Meblobranie.pl","isPartOf":{"@id":"https:\/\/www.meblobranie.pl\/porady\/#website"},"primaryImageOfPage":{"@id":"https:\/\/www.meblobranie.pl\/porady\/jakie-meble-do-ogrodu-zimowego\/#primaryimage"},"image":{"@id":"https:\/\/www.meblobranie.pl\/porady\/jakie-meble-do-ogrodu-zimowego\/#primaryimage"},"thumbnailUrl":"https:\/\/www.meblobranie.pl\/porady\/wp-content\/uploads\/2018\/10\/ogrod-zimowy-meble-aranzacja.jpg","datePublished":"2025-09-30T18:43:00+00:00","dateModified":"2026-03-28T20:08:00+00:00","author":{"@id":"https:\/\/www.meblobranie.pl\/porady\/#\/schema\/person\/71bb230f187696b95e6d9a2c5d143d98"},"description":"Chcesz stworzy\u0107 atrakcyjny ogr\u00f3d zimowy? Zobacz, jakie meble do ogrodu zimowego wybra\u0107. Gotowe aran\u017cacje!","breadcrumb":{"@id":"https:\/\/www.meblobranie.pl\/porady\/jakie-meble-do-ogrodu-zimowego\/#breadcrumb"},"mainEntity":[{"@id":"https:\/\/www.meblobranie.pl\/porady\/jakie-meble-do-ogrodu-zimowego\/#faq-question-1759271380941"},{"@id":"https:\/\/www.meblobranie.pl\/porady\/jakie-meble-do-ogrodu-zimowego\/#faq-question-1759271389947"}],"inLanguage":"pl-PL","potentialAction":[{"@type":"ReadAction","target":["https:\/\/www.meblobranie.pl\/porady\/jakie-meble-do-ogrodu-zimowego\/"]}]},{"@type":"ImageObject","inLanguage":"pl-PL","@id":"https:\/\/www.meblobranie.pl\/porady\/jakie-meble-do-ogrodu-zimowego\/#primaryimage","url":"https:\/\/www.meblobranie.pl\/porady\/wp-content\/uploads\/2018\/10\/ogrod-zimowy-meble-aranzacja.jpg","contentUrl":"https:\/\/www.meblobranie.pl\/porady\/wp-content\/uploads\/2018\/10\/ogrod-zimowy-meble-aranzacja.jpg","width":1200,"height":900,"caption":"meble do ogrodu zimowego"},{"@type":"BreadcrumbList","@id":"https:\/\/www.meblobranie.pl\/porady\/jakie-meble-do-ogrodu-zimowego\/#breadcrumb","itemListElement":[{"@type":"ListItem","position":1,"name":"Home","item":"https:\/\/www.meblobranie.pl\/porady\/"},{"@type":"ListItem","position":2,"name":"Jakie meble do ogrodu zimowego?"}]},{"@type":"WebSite","@id":"https:\/\/www.meblobranie.pl\/porady\/#website","url":"https:\/\/www.meblobranie.pl\/porady\/","name":"Porady Meblobranie.pl","description":"Blog o tarasach i ogrodach","potentialAction":[{"@type":"SearchAction","target":{"@type":"EntryPoint","urlTemplate":"https:\/\/www.meblobranie.pl\/porady\/?s={search_term_string}"},"query-input":{"@type":"PropertyValueSpecification","valueRequired":true,"valueName":"search_term_string"}}],"inLanguage":"pl-PL"},{"@type":"Person","@id":"https:\/\/www.meblobranie.pl\/porady\/#\/schema\/person\/71bb230f187696b95e6d9a2c5d143d98","name":"Tomek z Meblobranie.pl","image":{"@type":"ImageObject","inLanguage":"pl-PL","@id":"https:\/\/secure.gravatar.com\/avatar\/7e802214fb3cd6e177a36add54ff7ab0512ad6f8561ef271757de48153023775?s=96&d=mm&r=g","url":"https:\/\/secure.gravatar.com\/avatar\/7e802214fb3cd6e177a36add54ff7ab0512ad6f8561ef271757de48153023775?s=96&d=mm&r=g","contentUrl":"https:\/\/secure.gravatar.com\/avatar\/7e802214fb3cd6e177a36add54ff7ab0512ad6f8561ef271757de48153023775?s=96&d=mm&r=g","caption":"Tomek z Meblobranie.pl"}},{"@type":"Question","@id":"https:\/\/www.meblobranie.pl\/porady\/jakie-meble-do-ogrodu-zimowego\/#faq-question-1759271380941","position":1,"url":"https:\/\/www.meblobranie.pl\/porady\/jakie-meble-do-ogrodu-zimowego\/#faq-question-1759271380941","name":"Czy w ogrodzie zimowym sprawdz\u0105 si\u0119 meble typowo salonowe?","answerCount":1,"acceptedAnswer":{"@type":"Answer","text":"Tak, ale najlepiej wybiera\u0107 modele odporne na wilgo\u0107 i promieniowanie UV, aby unikn\u0105\u0107 zniszcze\u0144.","inLanguage":"pl-PL"},"inLanguage":"pl-PL"},{"@type":"Question","@id":"https:\/\/www.meblobranie.pl\/porady\/jakie-meble-do-ogrodu-zimowego\/#faq-question-1759271389947","position":2,"url":"https:\/\/www.meblobranie.pl\/porady\/jakie-meble-do-ogrodu-zimowego\/#faq-question-1759271389947","name":"Jakie materia\u0142y s\u0105 najtrwalsze w oran\u017cerii?","answerCount":1,"acceptedAnswer":{"@type":"Answer","text":"Je\u015bli chodzi o meble do zimowego ogrodu, najlepiej sprawdza si\u0119 technorattan (meble ogrodowe technorattanowe zyskuj\u0105 na popularno\u015bci w ostatnich latach), aluminium i drewno egzotyczne, np. teak czy eukaliptus.","inLanguage":"pl-PL"},"inLanguage":"pl-PL"}]}},"_links":{"self":[{"href":"https:\/\/www.meblobranie.pl\/porady\/wp-json\/wp\/v2\/posts\/18479","targetHints":{"allow":["GET"]}}],"collection":[{"href":"https:\/\/www.meblobranie.pl\/porady\/wp-json\/wp\/v2\/posts"}],"about":[{"href":"https:\/\/www.meblobranie.pl\/porady\/wp-json\/wp\/v2\/types\/post"}],"author":[{"embeddable":true,"href":"https:\/\/www.meblobranie.pl\/porady\/wp-json\/wp\/v2\/users\/21"}],"replies":[{"embeddable":true,"href":"https:\/\/www.meblobranie.pl\/porady\/wp-json\/wp\/v2\/comments?post=18479"}],"version-history":[{"count":4,"href":"https:\/\/www.meblobranie.pl\/porady\/wp-json\/wp\/v2\/posts\/18479\/revisions"}],"predecessor-version":[{"id":46985,"href":"https:\/\/www.meblobranie.pl\/porady\/wp-json\/wp\/v2\/posts\/18479\/revisions\/46985"}],"wp:featuredmedia":[{"embeddable":true,"href":"https:\/\/www.meblobranie.pl\/porady\/wp-json\/wp\/v2\/media\/18480"}],"wp:attachment":[{"href":"https:\/\/www.meblobranie.pl\/porady\/wp-json\/wp\/v2\/media?parent=18479"}],"wp:term":[{"taxonomy":"category","embeddable":true,"href":"https:\/\/www.meblobranie.pl\/porady\/wp-json\/wp\/v2\/categories?post=18479"},{"taxonomy":"post_tag","embeddable":true,"href":"https:\/\/www.meblobranie.pl\/porady\/wp-json\/wp\/v2\/tags?post=18479"}],"curies":[{"name":"wp","href":"https:\/\/api.w.org\/{rel}","templated":true}]}}