{"id":21080,"date":"2016-02-06T12:18:58","date_gmt":"2016-02-06T11:18:58","guid":{"rendered":"https:\/\/www.meblobranie.pl\/porady\/?p=21080"},"modified":"2023-06-26T10:52:18","modified_gmt":"2023-06-26T08:52:18","slug":"ekologia-i-piekno-czyli-meble-ogrodowe-wiklinowe","status":"publish","type":"post","link":"https:\/\/www.meblobranie.pl\/porady\/ekologia-i-piekno-czyli-meble-ogrodowe-wiklinowe\/","title":{"rendered":"Ekologia i pi\u0119kno, czyli meble ogrodowe wiklinowe"},"content":{"rendered":"<p><a href=\"https:\/\/www.meblobranie.pl\/ogrod-meble-ogrodowe\">Meble ogrodowe<\/a> powinny wsp\u00f3\u0142gra\u0107 z otoczeniem, powinny te\u017c by\u0107 trwa\u0142e, praktyczne i jak najbardziej ekologiczne. Takie cechy posiadaj\u0105 <a href=\"\/ogrod-meble-ogrodowe\/material-technorattan\" target=\"_blank\" rel=\"noopener\">wiklinowe meble ogrodowe<\/a>. Pomimo up\u0142ywu czasu meble tarasowe wiklinowe ci\u0105gle ciesz\u0105 si\u0119 du\u017c\u0105 popularno\u015bci\u0105. S\u0105 bardzo gustowne, zachwycaj\u0105 kszta\u0142tami i naturaln\u0105 barw\u0105, tworz\u0105 romantyczny nastr\u00f3j, dodaj\u0105 lekko\u015bci i ciep\u0142a.<\/p>\n<p><img loading=\"lazy\" decoding=\"async\" width=\"600\" height=\"338\" class=\"aligncenter size-full wp-image-21088\" src=\"https:\/\/www.meblobranie.pl\/porady\/wp-content\/uploads\/2019\/05\/meble-ogrodowe-z-wikliny.jpg\" alt=\"<a href=\"\/zestawy-ogrodowe\" srcset=\"https:\/\/www.meblobranie.pl\/porady\/wp-content\/uploads\/2019\/05\/meble-ogrodowe-z-wikliny.jpg 600w, https:\/\/www.meblobranie.pl\/porady\/wp-content\/uploads\/2019\/05\/meble-ogrodowe-z-wikliny-300x169.jpg 300w\" sizes=\"auto, (max-width: 600px) 100vw, 600px\" \/>zestaw mebli ogrodowych<\/a> wiklina&#8221; width=&#8221;600&#8243; height=&#8221;338&#8243;><!--more--><\/p>\n\n<p class=\"Standard\"><b><span style=\"color: maroon;\">[[kategoria:2055:6]]<\/span><\/b><\/p>\n<h2>Ekologiczne meble ogrodowe z wikliny<\/h2>\n<p>W czasach wsp\u00f3\u0142czesnych coraz bardziej dbamy o ekologi\u0119, segregujemy odpady, w sklepach wybieramy produkty ekologiczne. Jednym s\u0142owem robimy wszystko, co w naszej mocy, by jak najmniej szkodzi\u0107 naturze. To nie tylko moda \u2013 to styl \u017cycia i spos\u00f3b na to, by <strong>nast\u0119pnym pokoleniom zostawi\u0107 nasz\u0105 planet\u0119 w jak najlepszym stanie<\/strong>. Styl ekologiczny \u0142\u0105czy kolory ziemi, meble i r\u0119cznie wykonane dodatki. Wykorzystuje odnawialne zasoby naturalne, jest prosty, minimalistyczny i dost\u0119pny na ka\u017cd\u0105 kiesze\u0144.<\/p>\n<p><img loading=\"lazy\" decoding=\"async\" class=\"aligncenter size-full wp-image-21090\" src=\"https:\/\/www.meblobranie.pl\/porady\/wp-content\/uploads\/2019\/05\/wiklinowe-meble-ogrodowe.jpg\" alt=\"meble tarasowe wiklinowe\" width=\"600\" height=\"450\" srcset=\"https:\/\/www.meblobranie.pl\/porady\/wp-content\/uploads\/2019\/05\/wiklinowe-meble-ogrodowe.jpg 600w, https:\/\/www.meblobranie.pl\/porady\/wp-content\/uploads\/2019\/05\/wiklinowe-meble-ogrodowe-300x225.jpg 300w\" sizes=\"auto, (max-width: 600px) 100vw, 600px\" \/><\/p>\n<p>Ogr\u00f3d to szczeg\u00f3lne miejsce, zapewniaj\u0105ce nam kontakt z przyrod\u0105, pozwalaj\u0105ce na wypoczynek i na mi\u0142e sp\u0119dzanie czasu w gronie rodziny, przyjaci\u00f3\u0142 i znajomych. Dlatego wyb\u00f3r odpowiednich mebli ogrodowych jest tak wa\u017cny. To one b\u0119d\u0105 mia\u0142y w du\u017cej mierze wp\u0142yw na nasze dobre samopoczucie. Ogrodowe <strong>meble wiklinowe, z uwagi na naturalny materia\u0142, s\u0105 rozwi\u0105zaniem ekologicznym<\/strong>.&nbsp;Cz\u0119sto pierwszym skojarzeniem z meblami ogrodowymi wiklinowymi jest bujany <a href=\"\/fotele\">fotel<\/a>. Wygodny, elegancki i przytulny, z mi\u0119kkim siedziskiem. Meble balkonowe z wikliny s\u0105 te\u017c lekkie. Dobrze wsp\u00f3\u0142graj\u0105 z br\u0105zami i zieleni\u0105 ro\u015blin tworz\u0105c pi\u0119kne kompozycje.&nbsp;Tymi cechami mog\u0105 \u015bmia\u0142o konkurowa\u0107 z r\u00f3wnie ekologicznymi meblami drewnianymi.&nbsp;<\/p>\n<p><span style=\"color: #800000; font-weight: bold;\">[[kategoria:2002:6]]<\/span><\/p>\n<p>Fatalnym pomys\u0142em jest kupowanie mebli ogrodowych z wikliny, kt\u00f3re akurat s\u0105 w promocji po obni\u017conej cenie. Takie post\u0119powanie mo\u017ce nas narazi\u0107 na powstanie chaosu w naszym ogrodzie. W og\u00f3le dzia\u0142anie pod wp\u0142ywem impulsu to s\u0142aba strategia. Has\u0142a nowo\u015b\u0107, niska cena, darmowa dostawa, nie oznaczaj\u0105 z automatu, \u017ce co\u015b trzeba kupi\u0107. Podczas wyboru mebli ogrodowych z wikliny <strong>powinni\u015bmy mie\u0107 ju\u017c gotowe kluczowe za\u0142o\u017cenia np. jaki mamy bud\u017cet<\/strong>. Nale\u017cy r\u00f3wnie\u017c sprawdzi\u0107 jakie wymiary powinny mie\u0107 nasze wiklinowe meble i stolik do ogrodu. Je\u015bli zale\u017cy Ci na ekologicznej produkcji, wybierz meble ogrodowe wiklinowe produkowane w Polsce, najlepiej lokalnie.<\/p>\n<h2>Piel\u0119gnacja wiklinowych mebli ogrodowych<\/h2>\n<p>Wyposa\u017caj\u0105c ogr\u00f3d w meble tarasowe wiklinowe lub dodatki, nale\u017cy pami\u0119ta\u0107 o ich odpowiedniej piel\u0119gnacji. Aby na d\u0142ugo utrzyma\u0107 urok wikliny, ogrodowe meble wiklinowe nale\u017cy odpowiednio konserwowa\u0107, <strong>pokrywaj\u0105c je specjalistycznymi lakierami lub farbami kryj\u0105cymi<\/strong>. Bardzo wa\u017cne jest ich polakierowanie, kt\u00f3re wyd\u0142u\u017ca \u017cywotno\u015b\u0107 materia\u0142u, a tak\u017ce zdecydowanie upraszcza utrzymanie ich w czysto\u015bci. Podczas wyboru preparatu nale\u017cy wybra\u0107 taki, kt\u00f3ry stworzy elastyczn\u0105 pow\u0142ok\u0119. Dzi\u0119ki temu meble z wikliny ogrodowe nie b\u0119d\u0105 p\u0119ka\u0107. Lakier ochroni je tak\u017ce przed ple\u015bni\u0105 i wilgoci\u0105. Naturaln\u0105 charakterystyczn\u0105 cech\u0105 mebli balkonowych z wikliny jest ich skrzypienie, ale je\u015bli komu\u015b to przeszkadza, mo\u017cemy je z\u0142agodzi\u0107, stosuj\u0105c odpowiednie preparaty do piel\u0119gnacji. Nielakierowane meble wiklinowe ogrodowe <strong>najlepiej czy\u015bci\u0107 roztworem wody z octem<\/strong>, natomiast do piel\u0119gnacji mebli lakierowanych wystarczy u\u017cy\u0107 mokrej \u015bciereczki.&nbsp;<\/p>\n<p><img loading=\"lazy\" decoding=\"async\" class=\"aligncenter size-full wp-image-21089\" src=\"https:\/\/www.meblobranie.pl\/porady\/wp-content\/uploads\/2019\/05\/ogrodowe-meble-wiklinowe.jpg\" alt=\"meble tarasowe z wikliny\" width=\"600\" height=\"338\" srcset=\"https:\/\/www.meblobranie.pl\/porady\/wp-content\/uploads\/2019\/05\/ogrodowe-meble-wiklinowe.jpg 600w, https:\/\/www.meblobranie.pl\/porady\/wp-content\/uploads\/2019\/05\/ogrodowe-meble-wiklinowe-300x169.jpg 300w\" sizes=\"auto, (max-width: 600px) 100vw, 600px\" \/><\/p>\n<h2>Zalety mebli wiklinowych ogrodowych<\/h2>\n<p>Wyposa\u017cenie ogrodu, tarasu czy balkonu w meble z wikliny ogrodowe na pewno przypadnie do gustu osobom ceni\u0105cym sobie obcowanie z natur\u0105, styl rustykalny i przebywanie w obecno\u015bci przedmiot\u00f3w pochodzenia naturalnego. <a href=\"\/zestawy-ogrodowe\">Zestaw mebli ogrodowych<\/a> z wikliny b\u0119dzie bardzo lekki, dzi\u0119ki czemu<strong> b\u0119dziemy mogli z \u0142atwo\u015bci\u0105 konfigurowa\u0107 dowolne kombinacje zagospodarowania przestrzeni<\/strong>. Do nabycia s\u0105 fotele, w tym bujane, <a href=\"https:\/\/www.meblobranie.pl\/krzesla\">krzes\u0142a<\/a>, stolik, zestawy mebli ogrodowych wiklina oraz szeroka gama produkt\u00f3w z kategorii dodatk\u00f3w, jak np. lampy, kosze do owoc\u00f3w i tace. Meble tarasowe z wikliny s\u0105 przewiewne i wygodne.<\/p>\n<p><img loading=\"lazy\" decoding=\"async\" class=\"aligncenter size-full wp-image-21091\" src=\"https:\/\/www.meblobranie.pl\/porady\/wp-content\/uploads\/2019\/05\/zestaw-mebli-ogrodowych-z-wikliny.jpg\" alt=\"meble balkonowe z wikliny\" width=\"600\" height=\"338\" srcset=\"https:\/\/www.meblobranie.pl\/porady\/wp-content\/uploads\/2019\/05\/zestaw-mebli-ogrodowych-z-wikliny.jpg 600w, https:\/\/www.meblobranie.pl\/porady\/wp-content\/uploads\/2019\/05\/zestaw-mebli-ogrodowych-z-wikliny-300x169.jpg 300w\" sizes=\"auto, (max-width: 600px) 100vw, 600px\" \/><\/p>\n<p class=\"Standard\"><b><span style=\"color: maroon;\">[[kategoria:1849:6]]<\/span><\/b><\/p>\n<p>W czasach kiedy szczeg\u00f3ln\u0105 uwag\u0119 zwraca si\u0119 na dba\u0142o\u015b\u0107 o \u015brodowisko, nie mo\u017cna pomin\u0105\u0107 faktu, \u017ce meble ogrodowe z wikliny wyr\u00f3\u017cniaj\u0105 si\u0119 ekologiczno\u015bci\u0105. Powstaj\u0105 w 100% z ga\u0142\u0105zek wierzby. Czerpi\u0105 inspiracj\u0119 z natury prostot\u0105 stylu i minimalizmem. Bycie eko to nie tylko moda to w pe\u0142ni \u015bwiadome poczucie odpowiedzialno\u015bci za swoj\u0105 decyzj\u0119. Po wielu latach u\u017cytkowania <strong>mo\u017cemy od\u015bwie\u017cy\u0107 zestaw mebli ogrodowych z wikliny maluj\u0105c go farb\u0105 alkidow\u0105, i tworz\u0105c w ten spos\u00f3b np. meble ogrodowe wiklinowe bia\u0142e<\/strong>, a jednocze\u015bnie przed\u0142u\u017caj\u0105c ich \u017cycie. Wykorzystanie w ogrodzie, na tarasie czy balkonie wiklinowych mebli ogrodowych spowoduje uzyskanie nastrojowej, pe\u0142nej romantyzmu atmosfery.<\/p>\n","protected":false},"excerpt":{"rendered":"<p>Meble ogrodowe powinny wsp\u00f3\u0142gra\u0107 z otoczeniem, powinny te\u017c by\u0107 trwa\u0142e, praktyczne i jak najbardziej ekologiczne. Takie cechy posiadaj\u0105 wiklinowe meble ogrodowe. Pomimo up\u0142ywu czasu meble tarasowe wiklinowe ci\u0105gle ciesz\u0105 si\u0119 du\u017c\u0105 popularno\u015bci\u0105. S\u0105 bardzo gustowne, zachwycaj\u0105 kszta\u0142tami i naturaln\u0105 barw\u0105, tworz\u0105 romantyczny nastr\u00f3j, dodaj\u0105 lekko\u015bci i ciep\u0142a.<\/p>\n","protected":false},"author":9,"featured_media":21088,"comment_status":"open","ping_status":"closed","sticky":false,"template":"","format":"standard","meta":{"_acf_changed":false,"ngg_post_thumbnail":0,"footnotes":""},"categories":[905],"tags":[],"class_list":{"0":"post-21080","1":"post","2":"type-post","3":"status-publish","4":"format-standard","5":"has-post-thumbnail","7":"category-ogrod"},"acf":[],"yoast_head":"<!-- This site is optimized with the Yoast SEO plugin v27.4 - https:\/\/yoast.com\/product\/yoast-seo-wordpress\/ -->\n<title>Ekologia i pi\u0119kno, czyli meble ogrodowe wiklinowe<\/title>\n<meta name=\"description\" content=\"Czym si\u0119 wyr\u00f3\u017cniaj\u0105 meble ogrodowe wiklinowe? Jak odpowiednio je piel\u0119gnowa\u0107? I czy warto wybra\u0107 na sw\u00f3j taras zestaw mebli ogrodowych z wikliny? Sprawd\u017a!\" \/>\n<meta name=\"robots\" content=\"index, follow, max-snippet:-1, max-image-preview:large, max-video-preview:-1\" \/>\n<link rel=\"canonical\" href=\"https:\/\/www.meblobranie.pl\/porady\/ekologia-i-piekno-czyli-meble-ogrodowe-wiklinowe\/\" \/>\n<meta name=\"twitter:label1\" content=\"Napisane przez\" \/>\n\t<meta name=\"twitter:data1\" content=\"Maciek z Meblobranie.pl\" \/>\n\t<meta name=\"twitter:label2\" content=\"Szacowany czas czytania\" \/>\n\t<meta name=\"twitter:data2\" content=\"4 minuty\" \/>\n<script type=\"application\/ld+json\" class=\"yoast-schema-graph\">{\"@context\":\"https:\\\/\\\/schema.org\",\"@graph\":[{\"@type\":\"Article\",\"@id\":\"https:\\\/\\\/www.meblobranie.pl\\\/porady\\\/ekologia-i-piekno-czyli-meble-ogrodowe-wiklinowe\\\/#article\",\"isPartOf\":{\"@id\":\"https:\\\/\\\/www.meblobranie.pl\\\/porady\\\/ekologia-i-piekno-czyli-meble-ogrodowe-wiklinowe\\\/\"},\"author\":{\"name\":\"Maciek z Meblobranie.pl\",\"@id\":\"https:\\\/\\\/www.meblobranie.pl\\\/porady\\\/#\\\/schema\\\/person\\\/72165e302b863ea1c301693d5e0e3866\"},\"headline\":\"Ekologia i pi\u0119kno, czyli meble ogrodowe wiklinowe\",\"datePublished\":\"2016-02-06T11:18:58+00:00\",\"dateModified\":\"2023-06-26T08:52:18+00:00\",\"mainEntityOfPage\":{\"@id\":\"https:\\\/\\\/www.meblobranie.pl\\\/porady\\\/ekologia-i-piekno-czyli-meble-ogrodowe-wiklinowe\\\/\"},\"wordCount\":764,\"commentCount\":0,\"image\":{\"@id\":\"https:\\\/\\\/www.meblobranie.pl\\\/porady\\\/ekologia-i-piekno-czyli-meble-ogrodowe-wiklinowe\\\/#primaryimage\"},\"thumbnailUrl\":\"https:\\\/\\\/www.meblobranie.pl\\\/porady\\\/wp-content\\\/uploads\\\/2019\\\/05\\\/meble-ogrodowe-z-wikliny.jpg\",\"articleSection\":[\"Ogr\u00f3d\"],\"inLanguage\":\"pl-PL\",\"potentialAction\":[{\"@type\":\"CommentAction\",\"name\":\"Comment\",\"target\":[\"https:\\\/\\\/www.meblobranie.pl\\\/porady\\\/ekologia-i-piekno-czyli-meble-ogrodowe-wiklinowe\\\/#respond\"]}]},{\"@type\":\"WebPage\",\"@id\":\"https:\\\/\\\/www.meblobranie.pl\\\/porady\\\/ekologia-i-piekno-czyli-meble-ogrodowe-wiklinowe\\\/\",\"url\":\"https:\\\/\\\/www.meblobranie.pl\\\/porady\\\/ekologia-i-piekno-czyli-meble-ogrodowe-wiklinowe\\\/\",\"name\":\"Ekologia i pi\u0119kno, czyli meble ogrodowe wiklinowe\",\"isPartOf\":{\"@id\":\"https:\\\/\\\/www.meblobranie.pl\\\/porady\\\/#website\"},\"primaryImageOfPage\":{\"@id\":\"https:\\\/\\\/www.meblobranie.pl\\\/porady\\\/ekologia-i-piekno-czyli-meble-ogrodowe-wiklinowe\\\/#primaryimage\"},\"image\":{\"@id\":\"https:\\\/\\\/www.meblobranie.pl\\\/porady\\\/ekologia-i-piekno-czyli-meble-ogrodowe-wiklinowe\\\/#primaryimage\"},\"thumbnailUrl\":\"https:\\\/\\\/www.meblobranie.pl\\\/porady\\\/wp-content\\\/uploads\\\/2019\\\/05\\\/meble-ogrodowe-z-wikliny.jpg\",\"datePublished\":\"2016-02-06T11:18:58+00:00\",\"dateModified\":\"2023-06-26T08:52:18+00:00\",\"author\":{\"@id\":\"https:\\\/\\\/www.meblobranie.pl\\\/porady\\\/#\\\/schema\\\/person\\\/72165e302b863ea1c301693d5e0e3866\"},\"description\":\"Czym si\u0119 wyr\u00f3\u017cniaj\u0105 meble ogrodowe wiklinowe? Jak odpowiednio je piel\u0119gnowa\u0107? I czy warto wybra\u0107 na sw\u00f3j taras zestaw mebli ogrodowych z wikliny? Sprawd\u017a!\",\"breadcrumb\":{\"@id\":\"https:\\\/\\\/www.meblobranie.pl\\\/porady\\\/ekologia-i-piekno-czyli-meble-ogrodowe-wiklinowe\\\/#breadcrumb\"},\"inLanguage\":\"pl-PL\",\"potentialAction\":[{\"@type\":\"ReadAction\",\"target\":[\"https:\\\/\\\/www.meblobranie.pl\\\/porady\\\/ekologia-i-piekno-czyli-meble-ogrodowe-wiklinowe\\\/\"]}]},{\"@type\":\"ImageObject\",\"inLanguage\":\"pl-PL\",\"@id\":\"https:\\\/\\\/www.meblobranie.pl\\\/porady\\\/ekologia-i-piekno-czyli-meble-ogrodowe-wiklinowe\\\/#primaryimage\",\"url\":\"https:\\\/\\\/www.meblobranie.pl\\\/porady\\\/wp-content\\\/uploads\\\/2019\\\/05\\\/meble-ogrodowe-z-wikliny.jpg\",\"contentUrl\":\"https:\\\/\\\/www.meblobranie.pl\\\/porady\\\/wp-content\\\/uploads\\\/2019\\\/05\\\/meble-ogrodowe-z-wikliny.jpg\",\"width\":600,\"height\":338,\"caption\":\"zestaw mebli ogrodowych wiklina\"},{\"@type\":\"BreadcrumbList\",\"@id\":\"https:\\\/\\\/www.meblobranie.pl\\\/porady\\\/ekologia-i-piekno-czyli-meble-ogrodowe-wiklinowe\\\/#breadcrumb\",\"itemListElement\":[{\"@type\":\"ListItem\",\"position\":1,\"name\":\"Home\",\"item\":\"https:\\\/\\\/www.meblobranie.pl\\\/porady\\\/\"},{\"@type\":\"ListItem\",\"position\":2,\"name\":\"Ekologia i pi\u0119kno, czyli meble ogrodowe wiklinowe\"}]},{\"@type\":\"WebSite\",\"@id\":\"https:\\\/\\\/www.meblobranie.pl\\\/porady\\\/#website\",\"url\":\"https:\\\/\\\/www.meblobranie.pl\\\/porady\\\/\",\"name\":\"Porady Meblobranie.pl\",\"description\":\"Blog o tarasach i ogrodach\",\"potentialAction\":[{\"@type\":\"SearchAction\",\"target\":{\"@type\":\"EntryPoint\",\"urlTemplate\":\"https:\\\/\\\/www.meblobranie.pl\\\/porady\\\/?s={search_term_string}\"},\"query-input\":{\"@type\":\"PropertyValueSpecification\",\"valueRequired\":true,\"valueName\":\"search_term_string\"}}],\"inLanguage\":\"pl-PL\"},{\"@type\":\"Person\",\"@id\":\"https:\\\/\\\/www.meblobranie.pl\\\/porady\\\/#\\\/schema\\\/person\\\/72165e302b863ea1c301693d5e0e3866\",\"name\":\"Maciek z Meblobranie.pl\",\"image\":{\"@type\":\"ImageObject\",\"inLanguage\":\"pl-PL\",\"@id\":\"https:\\\/\\\/secure.gravatar.com\\\/avatar\\\/6ac221f171249cb5d2811eba0e97b39c7fc728fbc21102c72a092acc4fb5d03b?s=96&d=mm&r=g\",\"url\":\"https:\\\/\\\/secure.gravatar.com\\\/avatar\\\/6ac221f171249cb5d2811eba0e97b39c7fc728fbc21102c72a092acc4fb5d03b?s=96&d=mm&r=g\",\"contentUrl\":\"https:\\\/\\\/secure.gravatar.com\\\/avatar\\\/6ac221f171249cb5d2811eba0e97b39c7fc728fbc21102c72a092acc4fb5d03b?s=96&d=mm&r=g\",\"caption\":\"Maciek z Meblobranie.pl\"}}]}<\/script>\n<!-- \/ Yoast SEO plugin. -->","yoast_head_json":{"title":"Ekologia i pi\u0119kno, czyli meble ogrodowe wiklinowe","description":"Czym si\u0119 wyr\u00f3\u017cniaj\u0105 meble ogrodowe wiklinowe? Jak odpowiednio je piel\u0119gnowa\u0107? I czy warto wybra\u0107 na sw\u00f3j taras zestaw mebli ogrodowych z wikliny? Sprawd\u017a!","robots":{"index":"index","follow":"follow","max-snippet":"max-snippet:-1","max-image-preview":"max-image-preview:large","max-video-preview":"max-video-preview:-1"},"canonical":"https:\/\/www.meblobranie.pl\/porady\/ekologia-i-piekno-czyli-meble-ogrodowe-wiklinowe\/","twitter_misc":{"Napisane przez":"Maciek z Meblobranie.pl","Szacowany czas czytania":"4 minuty"},"schema":{"@context":"https:\/\/schema.org","@graph":[{"@type":"Article","@id":"https:\/\/www.meblobranie.pl\/porady\/ekologia-i-piekno-czyli-meble-ogrodowe-wiklinowe\/#article","isPartOf":{"@id":"https:\/\/www.meblobranie.pl\/porady\/ekologia-i-piekno-czyli-meble-ogrodowe-wiklinowe\/"},"author":{"name":"Maciek z Meblobranie.pl","@id":"https:\/\/www.meblobranie.pl\/porady\/#\/schema\/person\/72165e302b863ea1c301693d5e0e3866"},"headline":"Ekologia i pi\u0119kno, czyli meble ogrodowe wiklinowe","datePublished":"2016-02-06T11:18:58+00:00","dateModified":"2023-06-26T08:52:18+00:00","mainEntityOfPage":{"@id":"https:\/\/www.meblobranie.pl\/porady\/ekologia-i-piekno-czyli-meble-ogrodowe-wiklinowe\/"},"wordCount":764,"commentCount":0,"image":{"@id":"https:\/\/www.meblobranie.pl\/porady\/ekologia-i-piekno-czyli-meble-ogrodowe-wiklinowe\/#primaryimage"},"thumbnailUrl":"https:\/\/www.meblobranie.pl\/porady\/wp-content\/uploads\/2019\/05\/meble-ogrodowe-z-wikliny.jpg","articleSection":["Ogr\u00f3d"],"inLanguage":"pl-PL","potentialAction":[{"@type":"CommentAction","name":"Comment","target":["https:\/\/www.meblobranie.pl\/porady\/ekologia-i-piekno-czyli-meble-ogrodowe-wiklinowe\/#respond"]}]},{"@type":"WebPage","@id":"https:\/\/www.meblobranie.pl\/porady\/ekologia-i-piekno-czyli-meble-ogrodowe-wiklinowe\/","url":"https:\/\/www.meblobranie.pl\/porady\/ekologia-i-piekno-czyli-meble-ogrodowe-wiklinowe\/","name":"Ekologia i pi\u0119kno, czyli meble ogrodowe wiklinowe","isPartOf":{"@id":"https:\/\/www.meblobranie.pl\/porady\/#website"},"primaryImageOfPage":{"@id":"https:\/\/www.meblobranie.pl\/porady\/ekologia-i-piekno-czyli-meble-ogrodowe-wiklinowe\/#primaryimage"},"image":{"@id":"https:\/\/www.meblobranie.pl\/porady\/ekologia-i-piekno-czyli-meble-ogrodowe-wiklinowe\/#primaryimage"},"thumbnailUrl":"https:\/\/www.meblobranie.pl\/porady\/wp-content\/uploads\/2019\/05\/meble-ogrodowe-z-wikliny.jpg","datePublished":"2016-02-06T11:18:58+00:00","dateModified":"2023-06-26T08:52:18+00:00","author":{"@id":"https:\/\/www.meblobranie.pl\/porady\/#\/schema\/person\/72165e302b863ea1c301693d5e0e3866"},"description":"Czym si\u0119 wyr\u00f3\u017cniaj\u0105 meble ogrodowe wiklinowe? Jak odpowiednio je piel\u0119gnowa\u0107? I czy warto wybra\u0107 na sw\u00f3j taras zestaw mebli ogrodowych z wikliny? Sprawd\u017a!","breadcrumb":{"@id":"https:\/\/www.meblobranie.pl\/porady\/ekologia-i-piekno-czyli-meble-ogrodowe-wiklinowe\/#breadcrumb"},"inLanguage":"pl-PL","potentialAction":[{"@type":"ReadAction","target":["https:\/\/www.meblobranie.pl\/porady\/ekologia-i-piekno-czyli-meble-ogrodowe-wiklinowe\/"]}]},{"@type":"ImageObject","inLanguage":"pl-PL","@id":"https:\/\/www.meblobranie.pl\/porady\/ekologia-i-piekno-czyli-meble-ogrodowe-wiklinowe\/#primaryimage","url":"https:\/\/www.meblobranie.pl\/porady\/wp-content\/uploads\/2019\/05\/meble-ogrodowe-z-wikliny.jpg","contentUrl":"https:\/\/www.meblobranie.pl\/porady\/wp-content\/uploads\/2019\/05\/meble-ogrodowe-z-wikliny.jpg","width":600,"height":338,"caption":"zestaw mebli ogrodowych wiklina"},{"@type":"BreadcrumbList","@id":"https:\/\/www.meblobranie.pl\/porady\/ekologia-i-piekno-czyli-meble-ogrodowe-wiklinowe\/#breadcrumb","itemListElement":[{"@type":"ListItem","position":1,"name":"Home","item":"https:\/\/www.meblobranie.pl\/porady\/"},{"@type":"ListItem","position":2,"name":"Ekologia i pi\u0119kno, czyli meble ogrodowe wiklinowe"}]},{"@type":"WebSite","@id":"https:\/\/www.meblobranie.pl\/porady\/#website","url":"https:\/\/www.meblobranie.pl\/porady\/","name":"Porady Meblobranie.pl","description":"Blog o tarasach i ogrodach","potentialAction":[{"@type":"SearchAction","target":{"@type":"EntryPoint","urlTemplate":"https:\/\/www.meblobranie.pl\/porady\/?s={search_term_string}"},"query-input":{"@type":"PropertyValueSpecification","valueRequired":true,"valueName":"search_term_string"}}],"inLanguage":"pl-PL"},{"@type":"Person","@id":"https:\/\/www.meblobranie.pl\/porady\/#\/schema\/person\/72165e302b863ea1c301693d5e0e3866","name":"Maciek z Meblobranie.pl","image":{"@type":"ImageObject","inLanguage":"pl-PL","@id":"https:\/\/secure.gravatar.com\/avatar\/6ac221f171249cb5d2811eba0e97b39c7fc728fbc21102c72a092acc4fb5d03b?s=96&d=mm&r=g","url":"https:\/\/secure.gravatar.com\/avatar\/6ac221f171249cb5d2811eba0e97b39c7fc728fbc21102c72a092acc4fb5d03b?s=96&d=mm&r=g","contentUrl":"https:\/\/secure.gravatar.com\/avatar\/6ac221f171249cb5d2811eba0e97b39c7fc728fbc21102c72a092acc4fb5d03b?s=96&d=mm&r=g","caption":"Maciek z Meblobranie.pl"}}]}},"_links":{"self":[{"href":"https:\/\/www.meblobranie.pl\/porady\/wp-json\/wp\/v2\/posts\/21080","targetHints":{"allow":["GET"]}}],"collection":[{"href":"https:\/\/www.meblobranie.pl\/porady\/wp-json\/wp\/v2\/posts"}],"about":[{"href":"https:\/\/www.meblobranie.pl\/porady\/wp-json\/wp\/v2\/types\/post"}],"author":[{"embeddable":true,"href":"https:\/\/www.meblobranie.pl\/porady\/wp-json\/wp\/v2\/users\/9"}],"replies":[{"embeddable":true,"href":"https:\/\/www.meblobranie.pl\/porady\/wp-json\/wp\/v2\/comments?post=21080"}],"version-history":[{"count":0,"href":"https:\/\/www.meblobranie.pl\/porady\/wp-json\/wp\/v2\/posts\/21080\/revisions"}],"wp:featuredmedia":[{"embeddable":true,"href":"https:\/\/www.meblobranie.pl\/porady\/wp-json\/wp\/v2\/media\/21088"}],"wp:attachment":[{"href":"https:\/\/www.meblobranie.pl\/porady\/wp-json\/wp\/v2\/media?parent=21080"}],"wp:term":[{"taxonomy":"category","embeddable":true,"href":"https:\/\/www.meblobranie.pl\/porady\/wp-json\/wp\/v2\/categories?post=21080"},{"taxonomy":"post_tag","embeddable":true,"href":"https:\/\/www.meblobranie.pl\/porady\/wp-json\/wp\/v2\/tags?post=21080"}],"curies":[{"name":"wp","href":"https:\/\/api.w.org\/{rel}","templated":true}]}}