{"id":21119,"date":"2018-05-23T09:39:12","date_gmt":"2018-05-23T07:39:12","guid":{"rendered":"https:\/\/www.meblobranie.pl\/porady\/?p=21119"},"modified":"2023-04-17T09:58:27","modified_gmt":"2023-04-17T07:58:27","slug":"ekologiczny-styl-czyli-meble-wiklinowe-na-taras","status":"publish","type":"post","link":"https:\/\/www.meblobranie.pl\/porady\/ekologiczny-styl-czyli-meble-wiklinowe-na-taras\/","title":{"rendered":"Ekologiczny styl, czyli meble wiklinowe na taras"},"content":{"rendered":"<p>Tak jeszcze niedawno popularny plastik odchodzi w zapomnienie na rzecz materia\u0142\u00f3w pochodzenia naturalnego. Wiklina, obok rattanu, bambusa i drewna, jest jednym z naturalnych, a zarazem <strong>przyjaznych \u015brodowisku surowc\u00f3w do wyrobu mebli<\/strong> zar\u00f3wno do domu, jak i do ogrodu, a tak\u017ce <a href=\"https:\/\/www.meblobranie.pl\/meble-tarasowe\" target=\"_blank\" rel=\"noopener\">komplet\u00f3w na tarasy<\/a>. Wbrew pozorom wiklina to bardzo wytrzyma\u0142y, a jednocze\u015bnie plastyczny surowiec, z kt\u00f3rego wyplatane s\u0105 przer\u00f3\u017cne, a przede wszystkim pi\u0119kne kolekcje mebli. Wygodne krzes\u0142a w ogrodzie, fotele i stolik wykonany z wikliny to trwa\u0142e i eleganckie produkty, kt\u00f3re warto wykorzysta\u0107 w swojej aran\u017cacji.&nbsp;Co zatem warto wiedzie\u0107 o meblach z wikliny na taras?<\/p>\n<p><img loading=\"lazy\" decoding=\"async\" class=\"aligncenter size-full wp-image-21125\" src=\"https:\/\/www.meblobranie.pl\/porady\/wp-content\/uploads\/2019\/04\/meble-wiklinowe-na-taras.jpeg\" alt=\"meble wiklinowe taras\" width=\"600\" height=\"400\" srcset=\"https:\/\/www.meblobranie.pl\/porady\/wp-content\/uploads\/2019\/04\/meble-wiklinowe-na-taras.jpeg 600w, https:\/\/www.meblobranie.pl\/porady\/wp-content\/uploads\/2019\/04\/meble-wiklinowe-na-taras-300x200.jpeg 300w\" sizes=\"auto, (max-width: 600px) 100vw, 600px\" \/><!--more--><\/p>\n<h2>Zalety mebli wiklinowych na taras<\/h2>\n<p>Wiklinowe meble s\u0105 lekkie, a zarazem wytrzyma\u0142e, dlatego \u015bwietnie sprawdz\u0105 si\u0119 na zewn\u0105trz, czyli np. na tarasie. Dzi\u0119ki temu, \u017ce wiklina jest gi\u0119tka, mo\u017cna wykona\u0107 z niej <strong>stylowe, ozdobne meble o niepowtarzalnym designie<\/strong>. Poza tym ma sw\u00f3j unikatowy styl i charakter, dlatego meblom z wikliny na taras nie mo\u017cna odm\u00f3wi\u0107 swoistego uroku. Na rynku dost\u0119pne s\u0105 modele w r\u00f3\u017cnych kolorach, wi\u0119c ka\u017cdy znajdzie co\u015b dla siebie. Poza tym mo\u017cna przemalowa\u0107 je samemu, wi\u0119c nuda na pewno nam nie grozi. Je\u015bli lubisz zmienia\u0107 aran\u017cacje na tarasie, to meble z wikliny s\u0105 jak najbardziej dla ciebie, poniewa\u017c odznaczaj\u0105 si\u0119 lekko\u015bci\u0105 i \u0142atwo\u015bci\u0105 w przenoszeniu. Je\u015bli chodzi o podobny surowiec, w sprzeda\u017cy s\u0105 r\u00f3wnie\u017c dost\u0119pne meble z rattanu \u2013 r\u00f3wnie\u017c ekologicznego i posiadaj\u0105cego podobne w\u0142a\u015bciwo\u015bci jak wiklina. Niestety, zazwyczaj ma te\u017c wy\u017csz\u0105 cen\u0119.<\/p>\n<p><img loading=\"lazy\" decoding=\"async\" class=\"aligncenter size-full wp-image-21127\" src=\"https:\/\/www.meblobranie.pl\/porady\/wp-content\/uploads\/2019\/04\/meble-wiklinowe-taras.jpeg\" alt=\"meble wiklinowe na taras\" width=\"600\" height=\"400\" srcset=\"https:\/\/www.meblobranie.pl\/porady\/wp-content\/uploads\/2019\/04\/meble-wiklinowe-taras.jpeg 600w, https:\/\/www.meblobranie.pl\/porady\/wp-content\/uploads\/2019\/04\/meble-wiklinowe-taras-300x200.jpeg 300w\" sizes=\"auto, (max-width: 600px) 100vw, 600px\" \/><\/p>\n<p class=\"Standard\"><b><span style=\"color: maroon;\">[[kategoria:2055:6]]<\/span><\/b><\/p>\n<h2>Jakie meble z wikliny na taras wybra\u0107?<\/h2>\n<p>Wiklina to nasza polska wierzba koszykarska, wi\u0119c kupuj\u0105c meble z wikliny na taras, wspieramy rodzimy przemys\u0142, co oznacza, \u017ce dzia\u0142amy na korzy\u015b\u0107 planety i \u015brodowiska. Poza tym <strong>wiklina jest \u0142atwa i szybka w utylizacji<\/strong>, co jeszcze bardziej podkre\u015bla jej proekologiczno\u015b\u0107. Meble wiklinowe bardzo dobrze wygl\u0105daj\u0105 na du\u017cym tarasie. Ich efektowny wygl\u0105d sam w sobie mo\u017ce by\u0107 ozdob\u0105. Dodatkowym atutem jest dost\u0119pno\u015b\u0107&nbsp;mebli wiklinowych tarasowych w szerokiej gamie kolorystycznej. Na rynku mo\u017cemy znale\u017a\u0107 r\u00f3\u017cne modele, od prostych <a href=\"\/krzesla\">krzese\u0142<\/a> wiklinowych a\u017c po du\u017ce zestawy ze sto\u0142em, sof\u0105 i taboretami. Por\u0119cznym dodatkiem jest te\u017c wiklinowa <a href=\"\/keter-skrzynie-ogrodowe\">skrzynia<\/a>, do kt\u00f3rej mo\u017cna schowa\u0107 np. poduszki. Za stylowe dope\u0142nienie i ozdob\u0119 mo\u017ce by s\u0142u\u017cy\u0107 r\u00f3wnie\u017c bardzo modna wiklinowa hu\u015btawka lub wisz\u0105cy fotel wiklinowy.<\/p>\n<p><img loading=\"lazy\" decoding=\"async\" class=\"aligncenter size-full wp-image-21128\" src=\"https:\/\/www.meblobranie.pl\/porady\/wp-content\/uploads\/2019\/04\/meble-wiklinowe-taras-paglia.jpeg\" alt=\"meble z wikliny na taras\" width=\"600\" height=\"400\" srcset=\"https:\/\/www.meblobranie.pl\/porady\/wp-content\/uploads\/2019\/04\/meble-wiklinowe-taras-paglia.jpeg 600w, https:\/\/www.meblobranie.pl\/porady\/wp-content\/uploads\/2019\/04\/meble-wiklinowe-taras-paglia-300x200.jpeg 300w\" sizes=\"auto, (max-width: 600px) 100vw, 600px\" \/><\/p>\n<p class=\"Standard\"><b><span style=\"color: maroon;\">[[kategoria:1849:6]]<\/span><\/b><\/p>\n<h2>Piel\u0119gnacja mebli wiklinowych tarasowych<\/h2>\n<p>Meble wiklinowe na taras \u0142atwo utrzyma\u0107 w czysto\u015bci. Nie wymagaj\u0105 specjalnych \u015brodk\u00f3w myj\u0105cych czy piel\u0119gnuj\u0105cych. Woda z myd\u0142em, z octem, z cytryn\u0105\/kwaskiem cytrynowym lub z sol\u0105 wystarczy do czyszczenia na mokro. Nast\u0119pnie nale\u017cy je dok\u0142adnie wysuszy\u0107 i pokry\u0107 specjalnym impregnatem. Meble z wikliny na taras s\u0105 <strong>podatne na dzia\u0142anie warunk\u00f3w atmosferycznych<\/strong>, dlatego najlepiej sprawdz\u0105 si\u0119 te polakierowane, by wyd\u0142u\u017cy\u0107 okres ich eksploatacji. W tym celu w sklepach ogrodniczych dost\u0119pne s\u0105 specjalne szkliwa i impregnaty. Musz\u0105 by\u0107 stosowane ostro\u017cnie i r\u00f3wnomiernie. W takim przypadku zazwyczaj konieczne jest przestrzeganie instrukcji u\u017cytkowania. Nale\u017cy pami\u0119ta\u0107, \u017ce meble wiklinowe tarasowe powinny by\u0107 suche przed kolejnym u\u017cytkowaniem, inaczej mog\u0105 si\u0119 odkszta\u0142ci\u0107.<\/p>\n<p><img loading=\"lazy\" decoding=\"async\" class=\"aligncenter size-full wp-image-21126\" src=\"https:\/\/www.meblobranie.pl\/porady\/wp-content\/uploads\/2019\/04\/meble-z-wikliny-na-taras.jpeg\" alt=\"meble wiklinowe taras\" width=\"600\" height=\"400\" srcset=\"https:\/\/www.meblobranie.pl\/porady\/wp-content\/uploads\/2019\/04\/meble-z-wikliny-na-taras.jpeg 600w, https:\/\/www.meblobranie.pl\/porady\/wp-content\/uploads\/2019\/04\/meble-z-wikliny-na-taras-300x200.jpeg 300w\" sizes=\"auto, (max-width: 600px) 100vw, 600px\" \/><\/p>\n<p class=\"Standard\"><b><span style=\"color: maroon;\">[[kategoria:30:6]]<\/span><\/b><\/p>\n<h2>Jak zadba\u0107 o meble wiklinowe na taras?<\/h2>\n<p>Nie tylko woda i wilgo\u0107 szkodz\u0105 meblom wiklinowym tarasowym. S\u0142o\u0144ce w po\u0142\u0105czeniu z deszczem, wiatrem i innymi warunkami pogodowymi, jak promieniowanie UV przyczynia si\u0119 r\u00f3wnie\u017c do rozk\u0142adu materia\u0142u \u2013 w najgorszym przypadku siatka staje si\u0119 krucha i szara oraz nieestetyczna. Jest to kolejny pow\u00f3d, by <strong>zastosowa\u0107 impregnacj\u0119 czy inny rodzaj piel\u0119gnacji<\/strong>. Dobrze jest r\u00f3wnie\u017c postawi\u0107 na meble wiklinowe na taras o standardowych wymiarach. To u\u0142atwi kupno lub samodzielne uszycie poduszek czy pokrowc\u00f3w na wiklinow\u0105 sof\u0119, \u0142awk\u0119 czy fotel. Taka wy\u015bci\u00f3\u0142ka nie tylko ochroni meble przed niekorzystnymi warunkami atmosferycznymi, ale r\u00f3wnie\u017c przed zabrudzeniami i \u015bladami d\u0142u\u017cszego u\u017cytkowania. Podniesie to r\u00f3wnie\u017c komfort u\u017cytkowania mebli z wikliny na taras, a przy okazji doda im charakteru czy modnego akcentu.<\/p>\n","protected":false},"excerpt":{"rendered":"<p>Tak jeszcze niedawno popularny plastik odchodzi w zapomnienie na rzecz materia\u0142\u00f3w pochodzenia naturalnego. Wiklina, obok rattanu, bambusa i drewna, jest jednym z naturalnych, a zarazem przyjaznych \u015brodowisku surowc\u00f3w do wyrobu mebli zar\u00f3wno do domu, jak i do ogrodu, a tak\u017ce komplet\u00f3w na tarasy. Wbrew pozorom wiklina to bardzo wytrzyma\u0142y, a jednocze\u015bnie plastyczny surowiec, z kt\u00f3rego [&hellip;]<\/p>\n","protected":false},"author":9,"featured_media":21125,"comment_status":"open","ping_status":"closed","sticky":false,"template":"","format":"standard","meta":{"_acf_changed":false,"ngg_post_thumbnail":0,"footnotes":""},"categories":[905],"tags":[],"class_list":{"0":"post-21119","1":"post","2":"type-post","3":"status-publish","4":"format-standard","5":"has-post-thumbnail","7":"category-ogrod"},"acf":[],"yoast_head":"<!-- This site is optimized with the Yoast SEO plugin v27.4 - https:\/\/yoast.com\/product\/yoast-seo-wordpress\/ -->\n<title>Ekologiczny styl, czyli meble wiklinowe na taras - Porady Meblobranie.pl<\/title>\n<meta name=\"description\" content=\"Zastanawiasz si\u0119 czy meble wiklinowe na taras to w\u0142a\u015bciwy wyb\u00f3r? Jak powinna wygl\u0105da\u0107 ich piel\u0119gnacja, by d\u0142ugo nam s\u0142u\u017cy\u0142y? Na co zwr\u00f3ci\u0107 uwag\u0119? Sprawd\u017a!\" \/>\n<meta name=\"robots\" content=\"index, follow, max-snippet:-1, max-image-preview:large, max-video-preview:-1\" \/>\n<link rel=\"canonical\" href=\"https:\/\/www.meblobranie.pl\/porady\/ekologiczny-styl-czyli-meble-wiklinowe-na-taras\/\" \/>\n<meta name=\"twitter:label1\" content=\"Napisane przez\" \/>\n\t<meta name=\"twitter:data1\" content=\"Maciek z Meblobranie.pl\" \/>\n\t<meta name=\"twitter:label2\" content=\"Szacowany czas czytania\" \/>\n\t<meta name=\"twitter:data2\" content=\"3 minuty\" \/>\n<script type=\"application\/ld+json\" class=\"yoast-schema-graph\">{\"@context\":\"https:\\\/\\\/schema.org\",\"@graph\":[{\"@type\":\"Article\",\"@id\":\"https:\\\/\\\/www.meblobranie.pl\\\/porady\\\/ekologiczny-styl-czyli-meble-wiklinowe-na-taras\\\/#article\",\"isPartOf\":{\"@id\":\"https:\\\/\\\/www.meblobranie.pl\\\/porady\\\/ekologiczny-styl-czyli-meble-wiklinowe-na-taras\\\/\"},\"author\":{\"name\":\"Maciek z Meblobranie.pl\",\"@id\":\"https:\\\/\\\/www.meblobranie.pl\\\/porady\\\/#\\\/schema\\\/person\\\/72165e302b863ea1c301693d5e0e3866\"},\"headline\":\"Ekologiczny styl, czyli meble wiklinowe na taras\",\"datePublished\":\"2018-05-23T07:39:12+00:00\",\"dateModified\":\"2023-04-17T07:58:27+00:00\",\"mainEntityOfPage\":{\"@id\":\"https:\\\/\\\/www.meblobranie.pl\\\/porady\\\/ekologiczny-styl-czyli-meble-wiklinowe-na-taras\\\/\"},\"wordCount\":702,\"commentCount\":2,\"image\":{\"@id\":\"https:\\\/\\\/www.meblobranie.pl\\\/porady\\\/ekologiczny-styl-czyli-meble-wiklinowe-na-taras\\\/#primaryimage\"},\"thumbnailUrl\":\"https:\\\/\\\/www.meblobranie.pl\\\/porady\\\/wp-content\\\/uploads\\\/2019\\\/04\\\/meble-wiklinowe-na-taras.jpeg\",\"articleSection\":[\"Ogr\u00f3d\"],\"inLanguage\":\"pl-PL\",\"potentialAction\":[{\"@type\":\"CommentAction\",\"name\":\"Comment\",\"target\":[\"https:\\\/\\\/www.meblobranie.pl\\\/porady\\\/ekologiczny-styl-czyli-meble-wiklinowe-na-taras\\\/#respond\"]}]},{\"@type\":\"WebPage\",\"@id\":\"https:\\\/\\\/www.meblobranie.pl\\\/porady\\\/ekologiczny-styl-czyli-meble-wiklinowe-na-taras\\\/\",\"url\":\"https:\\\/\\\/www.meblobranie.pl\\\/porady\\\/ekologiczny-styl-czyli-meble-wiklinowe-na-taras\\\/\",\"name\":\"Ekologiczny styl, czyli meble wiklinowe na taras - Porady Meblobranie.pl\",\"isPartOf\":{\"@id\":\"https:\\\/\\\/www.meblobranie.pl\\\/porady\\\/#website\"},\"primaryImageOfPage\":{\"@id\":\"https:\\\/\\\/www.meblobranie.pl\\\/porady\\\/ekologiczny-styl-czyli-meble-wiklinowe-na-taras\\\/#primaryimage\"},\"image\":{\"@id\":\"https:\\\/\\\/www.meblobranie.pl\\\/porady\\\/ekologiczny-styl-czyli-meble-wiklinowe-na-taras\\\/#primaryimage\"},\"thumbnailUrl\":\"https:\\\/\\\/www.meblobranie.pl\\\/porady\\\/wp-content\\\/uploads\\\/2019\\\/04\\\/meble-wiklinowe-na-taras.jpeg\",\"datePublished\":\"2018-05-23T07:39:12+00:00\",\"dateModified\":\"2023-04-17T07:58:27+00:00\",\"author\":{\"@id\":\"https:\\\/\\\/www.meblobranie.pl\\\/porady\\\/#\\\/schema\\\/person\\\/72165e302b863ea1c301693d5e0e3866\"},\"description\":\"Zastanawiasz si\u0119 czy meble wiklinowe na taras to w\u0142a\u015bciwy wyb\u00f3r? Jak powinna wygl\u0105da\u0107 ich piel\u0119gnacja, by d\u0142ugo nam s\u0142u\u017cy\u0142y? Na co zwr\u00f3ci\u0107 uwag\u0119? Sprawd\u017a!\",\"breadcrumb\":{\"@id\":\"https:\\\/\\\/www.meblobranie.pl\\\/porady\\\/ekologiczny-styl-czyli-meble-wiklinowe-na-taras\\\/#breadcrumb\"},\"inLanguage\":\"pl-PL\",\"potentialAction\":[{\"@type\":\"ReadAction\",\"target\":[\"https:\\\/\\\/www.meblobranie.pl\\\/porady\\\/ekologiczny-styl-czyli-meble-wiklinowe-na-taras\\\/\"]}]},{\"@type\":\"ImageObject\",\"inLanguage\":\"pl-PL\",\"@id\":\"https:\\\/\\\/www.meblobranie.pl\\\/porady\\\/ekologiczny-styl-czyli-meble-wiklinowe-na-taras\\\/#primaryimage\",\"url\":\"https:\\\/\\\/www.meblobranie.pl\\\/porady\\\/wp-content\\\/uploads\\\/2019\\\/04\\\/meble-wiklinowe-na-taras.jpeg\",\"contentUrl\":\"https:\\\/\\\/www.meblobranie.pl\\\/porady\\\/wp-content\\\/uploads\\\/2019\\\/04\\\/meble-wiklinowe-na-taras.jpeg\",\"width\":600,\"height\":400,\"caption\":\"meble wiklinowe taras\"},{\"@type\":\"BreadcrumbList\",\"@id\":\"https:\\\/\\\/www.meblobranie.pl\\\/porady\\\/ekologiczny-styl-czyli-meble-wiklinowe-na-taras\\\/#breadcrumb\",\"itemListElement\":[{\"@type\":\"ListItem\",\"position\":1,\"name\":\"Home\",\"item\":\"https:\\\/\\\/www.meblobranie.pl\\\/porady\\\/\"},{\"@type\":\"ListItem\",\"position\":2,\"name\":\"Ekologiczny styl, czyli meble wiklinowe na taras\"}]},{\"@type\":\"WebSite\",\"@id\":\"https:\\\/\\\/www.meblobranie.pl\\\/porady\\\/#website\",\"url\":\"https:\\\/\\\/www.meblobranie.pl\\\/porady\\\/\",\"name\":\"Porady Meblobranie.pl\",\"description\":\"Blog o tarasach i ogrodach\",\"potentialAction\":[{\"@type\":\"SearchAction\",\"target\":{\"@type\":\"EntryPoint\",\"urlTemplate\":\"https:\\\/\\\/www.meblobranie.pl\\\/porady\\\/?s={search_term_string}\"},\"query-input\":{\"@type\":\"PropertyValueSpecification\",\"valueRequired\":true,\"valueName\":\"search_term_string\"}}],\"inLanguage\":\"pl-PL\"},{\"@type\":\"Person\",\"@id\":\"https:\\\/\\\/www.meblobranie.pl\\\/porady\\\/#\\\/schema\\\/person\\\/72165e302b863ea1c301693d5e0e3866\",\"name\":\"Maciek z Meblobranie.pl\",\"image\":{\"@type\":\"ImageObject\",\"inLanguage\":\"pl-PL\",\"@id\":\"https:\\\/\\\/secure.gravatar.com\\\/avatar\\\/6ac221f171249cb5d2811eba0e97b39c7fc728fbc21102c72a092acc4fb5d03b?s=96&d=mm&r=g\",\"url\":\"https:\\\/\\\/secure.gravatar.com\\\/avatar\\\/6ac221f171249cb5d2811eba0e97b39c7fc728fbc21102c72a092acc4fb5d03b?s=96&d=mm&r=g\",\"contentUrl\":\"https:\\\/\\\/secure.gravatar.com\\\/avatar\\\/6ac221f171249cb5d2811eba0e97b39c7fc728fbc21102c72a092acc4fb5d03b?s=96&d=mm&r=g\",\"caption\":\"Maciek z Meblobranie.pl\"}}]}<\/script>\n<!-- \/ Yoast SEO plugin. -->","yoast_head_json":{"title":"Ekologiczny styl, czyli meble wiklinowe na taras - Porady Meblobranie.pl","description":"Zastanawiasz si\u0119 czy meble wiklinowe na taras to w\u0142a\u015bciwy wyb\u00f3r? Jak powinna wygl\u0105da\u0107 ich piel\u0119gnacja, by d\u0142ugo nam s\u0142u\u017cy\u0142y? Na co zwr\u00f3ci\u0107 uwag\u0119? Sprawd\u017a!","robots":{"index":"index","follow":"follow","max-snippet":"max-snippet:-1","max-image-preview":"max-image-preview:large","max-video-preview":"max-video-preview:-1"},"canonical":"https:\/\/www.meblobranie.pl\/porady\/ekologiczny-styl-czyli-meble-wiklinowe-na-taras\/","twitter_misc":{"Napisane przez":"Maciek z Meblobranie.pl","Szacowany czas czytania":"3 minuty"},"schema":{"@context":"https:\/\/schema.org","@graph":[{"@type":"Article","@id":"https:\/\/www.meblobranie.pl\/porady\/ekologiczny-styl-czyli-meble-wiklinowe-na-taras\/#article","isPartOf":{"@id":"https:\/\/www.meblobranie.pl\/porady\/ekologiczny-styl-czyli-meble-wiklinowe-na-taras\/"},"author":{"name":"Maciek z Meblobranie.pl","@id":"https:\/\/www.meblobranie.pl\/porady\/#\/schema\/person\/72165e302b863ea1c301693d5e0e3866"},"headline":"Ekologiczny styl, czyli meble wiklinowe na taras","datePublished":"2018-05-23T07:39:12+00:00","dateModified":"2023-04-17T07:58:27+00:00","mainEntityOfPage":{"@id":"https:\/\/www.meblobranie.pl\/porady\/ekologiczny-styl-czyli-meble-wiklinowe-na-taras\/"},"wordCount":702,"commentCount":2,"image":{"@id":"https:\/\/www.meblobranie.pl\/porady\/ekologiczny-styl-czyli-meble-wiklinowe-na-taras\/#primaryimage"},"thumbnailUrl":"https:\/\/www.meblobranie.pl\/porady\/wp-content\/uploads\/2019\/04\/meble-wiklinowe-na-taras.jpeg","articleSection":["Ogr\u00f3d"],"inLanguage":"pl-PL","potentialAction":[{"@type":"CommentAction","name":"Comment","target":["https:\/\/www.meblobranie.pl\/porady\/ekologiczny-styl-czyli-meble-wiklinowe-na-taras\/#respond"]}]},{"@type":"WebPage","@id":"https:\/\/www.meblobranie.pl\/porady\/ekologiczny-styl-czyli-meble-wiklinowe-na-taras\/","url":"https:\/\/www.meblobranie.pl\/porady\/ekologiczny-styl-czyli-meble-wiklinowe-na-taras\/","name":"Ekologiczny styl, czyli meble wiklinowe na taras - Porady Meblobranie.pl","isPartOf":{"@id":"https:\/\/www.meblobranie.pl\/porady\/#website"},"primaryImageOfPage":{"@id":"https:\/\/www.meblobranie.pl\/porady\/ekologiczny-styl-czyli-meble-wiklinowe-na-taras\/#primaryimage"},"image":{"@id":"https:\/\/www.meblobranie.pl\/porady\/ekologiczny-styl-czyli-meble-wiklinowe-na-taras\/#primaryimage"},"thumbnailUrl":"https:\/\/www.meblobranie.pl\/porady\/wp-content\/uploads\/2019\/04\/meble-wiklinowe-na-taras.jpeg","datePublished":"2018-05-23T07:39:12+00:00","dateModified":"2023-04-17T07:58:27+00:00","author":{"@id":"https:\/\/www.meblobranie.pl\/porady\/#\/schema\/person\/72165e302b863ea1c301693d5e0e3866"},"description":"Zastanawiasz si\u0119 czy meble wiklinowe na taras to w\u0142a\u015bciwy wyb\u00f3r? Jak powinna wygl\u0105da\u0107 ich piel\u0119gnacja, by d\u0142ugo nam s\u0142u\u017cy\u0142y? Na co zwr\u00f3ci\u0107 uwag\u0119? Sprawd\u017a!","breadcrumb":{"@id":"https:\/\/www.meblobranie.pl\/porady\/ekologiczny-styl-czyli-meble-wiklinowe-na-taras\/#breadcrumb"},"inLanguage":"pl-PL","potentialAction":[{"@type":"ReadAction","target":["https:\/\/www.meblobranie.pl\/porady\/ekologiczny-styl-czyli-meble-wiklinowe-na-taras\/"]}]},{"@type":"ImageObject","inLanguage":"pl-PL","@id":"https:\/\/www.meblobranie.pl\/porady\/ekologiczny-styl-czyli-meble-wiklinowe-na-taras\/#primaryimage","url":"https:\/\/www.meblobranie.pl\/porady\/wp-content\/uploads\/2019\/04\/meble-wiklinowe-na-taras.jpeg","contentUrl":"https:\/\/www.meblobranie.pl\/porady\/wp-content\/uploads\/2019\/04\/meble-wiklinowe-na-taras.jpeg","width":600,"height":400,"caption":"meble wiklinowe taras"},{"@type":"BreadcrumbList","@id":"https:\/\/www.meblobranie.pl\/porady\/ekologiczny-styl-czyli-meble-wiklinowe-na-taras\/#breadcrumb","itemListElement":[{"@type":"ListItem","position":1,"name":"Home","item":"https:\/\/www.meblobranie.pl\/porady\/"},{"@type":"ListItem","position":2,"name":"Ekologiczny styl, czyli meble wiklinowe na taras"}]},{"@type":"WebSite","@id":"https:\/\/www.meblobranie.pl\/porady\/#website","url":"https:\/\/www.meblobranie.pl\/porady\/","name":"Porady Meblobranie.pl","description":"Blog o tarasach i ogrodach","potentialAction":[{"@type":"SearchAction","target":{"@type":"EntryPoint","urlTemplate":"https:\/\/www.meblobranie.pl\/porady\/?s={search_term_string}"},"query-input":{"@type":"PropertyValueSpecification","valueRequired":true,"valueName":"search_term_string"}}],"inLanguage":"pl-PL"},{"@type":"Person","@id":"https:\/\/www.meblobranie.pl\/porady\/#\/schema\/person\/72165e302b863ea1c301693d5e0e3866","name":"Maciek z Meblobranie.pl","image":{"@type":"ImageObject","inLanguage":"pl-PL","@id":"https:\/\/secure.gravatar.com\/avatar\/6ac221f171249cb5d2811eba0e97b39c7fc728fbc21102c72a092acc4fb5d03b?s=96&d=mm&r=g","url":"https:\/\/secure.gravatar.com\/avatar\/6ac221f171249cb5d2811eba0e97b39c7fc728fbc21102c72a092acc4fb5d03b?s=96&d=mm&r=g","contentUrl":"https:\/\/secure.gravatar.com\/avatar\/6ac221f171249cb5d2811eba0e97b39c7fc728fbc21102c72a092acc4fb5d03b?s=96&d=mm&r=g","caption":"Maciek z Meblobranie.pl"}}]}},"_links":{"self":[{"href":"https:\/\/www.meblobranie.pl\/porady\/wp-json\/wp\/v2\/posts\/21119","targetHints":{"allow":["GET"]}}],"collection":[{"href":"https:\/\/www.meblobranie.pl\/porady\/wp-json\/wp\/v2\/posts"}],"about":[{"href":"https:\/\/www.meblobranie.pl\/porady\/wp-json\/wp\/v2\/types\/post"}],"author":[{"embeddable":true,"href":"https:\/\/www.meblobranie.pl\/porady\/wp-json\/wp\/v2\/users\/9"}],"replies":[{"embeddable":true,"href":"https:\/\/www.meblobranie.pl\/porady\/wp-json\/wp\/v2\/comments?post=21119"}],"version-history":[{"count":0,"href":"https:\/\/www.meblobranie.pl\/porady\/wp-json\/wp\/v2\/posts\/21119\/revisions"}],"wp:featuredmedia":[{"embeddable":true,"href":"https:\/\/www.meblobranie.pl\/porady\/wp-json\/wp\/v2\/media\/21125"}],"wp:attachment":[{"href":"https:\/\/www.meblobranie.pl\/porady\/wp-json\/wp\/v2\/media?parent=21119"}],"wp:term":[{"taxonomy":"category","embeddable":true,"href":"https:\/\/www.meblobranie.pl\/porady\/wp-json\/wp\/v2\/categories?post=21119"},{"taxonomy":"post_tag","embeddable":true,"href":"https:\/\/www.meblobranie.pl\/porady\/wp-json\/wp\/v2\/tags?post=21119"}],"curies":[{"name":"wp","href":"https:\/\/api.w.org\/{rel}","templated":true}]}}