{"id":22875,"date":"2019-06-21T09:58:36","date_gmt":"2019-06-21T07:58:36","guid":{"rendered":"https:\/\/www.meblobranie.pl\/porady\/?p=22875"},"modified":"2024-03-25T14:24:01","modified_gmt":"2024-03-25T13:24:01","slug":"czarne-krzesla-ogrodowe-modne-praktyczne","status":"publish","type":"post","link":"https:\/\/www.meblobranie.pl\/porady\/czarne-krzesla-ogrodowe-modne-praktyczne\/","title":{"rendered":"Czarne krzes\u0142a ogrodowe \u2013 modne i praktyczne"},"content":{"rendered":"<p>Jednym z podstawowych element\u00f3w wyposa\u017cenia ka\u017cdego ogrodu s\u0105 krzes\u0142a. Meble te, poza funkcjonalno\u015bci\u0105, <strong>powinny te\u017c oferowa\u0107 interesuj\u0105cy wygl\u0105d<\/strong>. Jednym z ciekawych pomys\u0142\u00f3w na zrealizowanie obu tych potrzeb jednocze\u015bnie s\u0105 <a href=\"\/krzesla-ogrodowe\" target=\"_blank\" rel=\"noopener\">krzes\u0142a ogrodowe czarne<\/a>.<\/p>\n<p><img loading=\"lazy\" decoding=\"async\" class=\"aligncenter wp-image-43670 size-full\" src=\"https:\/\/www.meblobranie.pl\/porady\/wp-content\/uploads\/2019\/06\/czarne-krzesla-ogrodowe.jpg\" alt=\"czarne krzes\u0142a ogrodowe\" width=\"840\" height=\"630\" srcset=\"https:\/\/www.meblobranie.pl\/porady\/wp-content\/uploads\/2019\/06\/czarne-krzesla-ogrodowe.jpg 840w, https:\/\/www.meblobranie.pl\/porady\/wp-content\/uploads\/2019\/06\/czarne-krzesla-ogrodowe-300x225.jpg 300w, https:\/\/www.meblobranie.pl\/porady\/wp-content\/uploads\/2019\/06\/czarne-krzesla-ogrodowe-768x576.jpg 768w\" sizes=\"auto, (max-width: 840px) 100vw, 840px\" \/><!--more--><\/p>\n\n<h2>Czy warto kupi\u0107 krzes\u0142o ogrodowe czarne?<\/h2>\n<p>Czarne <a href=\"\/krzesla-ogrodowe\">krzes\u0142a ogrodowe<\/a> wnosz\u0105 do naszego ogrodu nieco pi\u0119kna. Czer\u0144 jest kolorem uniwersalnym, od zawsze budzi skojarzenia ze stonowan\u0105 elegancj\u0105, dalek\u0105 od krzykliwo\u015bci i przesady. Czarne krzes\u0142a ogrodowe to zatem \u015bwietna opcja dla mi\u0142o\u015bnik\u00f3w klasyki. Sprawdz\u0105 si\u0119 w praktycznie ka\u017cdym ogrodzie, <strong>bez trudu po\u0142\u0105czymy je bowiem z rozmaitymi aran\u017cacjami<\/strong> czy innymi meblami ogrodowymi. Zw\u0142aszcza \u017ce spo\u015br\u00f3d czarnych krzese\u0142 ogrodowych mo\u017cemy wybra\u0107 te utrzymane w intensywnej czerni, jak i takie w barwie nieco bledszej, bardziej grafitowej.<\/p>\n<p><img loading=\"lazy\" decoding=\"async\" class=\"aligncenter wp-image-43671 size-full\" src=\"https:\/\/www.meblobranie.pl\/porady\/wp-content\/uploads\/2019\/06\/krzesla-ogrodowe-czarne.jpg\" alt=\"krzes\u0142o ogrodowe czarne standardowa wysoko\u015b\u0107 siedziska\" width=\"840\" height=\"630\" srcset=\"https:\/\/www.meblobranie.pl\/porady\/wp-content\/uploads\/2019\/06\/krzesla-ogrodowe-czarne.jpg 840w, https:\/\/www.meblobranie.pl\/porady\/wp-content\/uploads\/2019\/06\/krzesla-ogrodowe-czarne-300x225.jpg 300w, https:\/\/www.meblobranie.pl\/porady\/wp-content\/uploads\/2019\/06\/krzesla-ogrodowe-czarne-768x576.jpg 768w\" sizes=\"auto, (max-width: 840px) 100vw, 840px\" \/><\/p>\n<p>Mo\u017cemy te\u017c wreszcie poszuka\u0107 krzese\u0142 na balkon, w kt\u00f3rych czer\u0144 b\u0119dzie jednym z dw\u00f3ch kolor\u00f3w. Przyk\u0142adowo, w pewnych sytuacjach \u015bwietnie mo\u017ce si\u0119 sprawdzi\u0107 krzes\u0142o o czarnym oparciu i siedzisku na bia\u0142ych nogach. Je\u015bli dodamy do tego bardzo r\u00f3\u017cnorodne fasony i kszta\u0142ty, oka\u017ce si\u0119, \u017ce <strong>spo\u015br\u00f3d czarnych krzese\u0142 ogrodowych mamy setki r\u00f3\u017cnego rodzaju produkt\u00f3w<\/strong>. Wszystkie jednak b\u0119d\u0105 mia\u0142y cech\u0119 wsp\u00f3ln\u0105 \u2013 ekskluzywne, minimalistyczne pi\u0119kno.<\/p>\n<h2>Krzes\u0142a ogrodowe czarne \u2013 z jakich materia\u0142\u00f3w?<\/h2>\n<p>Krzes\u0142o ogrodowe czarne mo\u017ce by\u0107 wykonane z r\u00f3\u017cnego rodzaju materia\u0142\u00f3w, z kt\u00f3rych ka\u017cdy niesie za sob\u0105 pewne korzy\u015bci. Krzes\u0142a plastikowe b\u0119d\u0105 lekkie, <strong>niedrogie i odporne na niesprzyjaj\u0105ce warunki atmosferyczne<\/strong>. Krzes\u0142a ogrodowe metalowe z \u017celiwa b\u0119d\u0105 ci\u0119\u017csze, dzi\u0119ki czemu bardziej stabilne, w dodatku w po\u0142\u0105czeniu z czerni\u0105 dadz\u0105 bardzo atrakcyjny efekt wizualny. Czarne krzes\u0142a ogrodowe aluminiowe s\u0105 lekkie, a w dodatku trwa\u0142e i odporne na zmienne warunki pogodowe.<\/p>\n<p><img loading=\"lazy\" decoding=\"async\" class=\"aligncenter wp-image-43672 size-full\" src=\"https:\/\/www.meblobranie.pl\/porady\/wp-content\/uploads\/2019\/06\/krzeslo-ogrodowe-czarne.jpg\" alt=\"czarne krzes\u0142o ogrodowe\" width=\"840\" height=\"540\" srcset=\"https:\/\/www.meblobranie.pl\/porady\/wp-content\/uploads\/2019\/06\/krzeslo-ogrodowe-czarne.jpg 840w, https:\/\/www.meblobranie.pl\/porady\/wp-content\/uploads\/2019\/06\/krzeslo-ogrodowe-czarne-300x193.jpg 300w, https:\/\/www.meblobranie.pl\/porady\/wp-content\/uploads\/2019\/06\/krzeslo-ogrodowe-czarne-768x494.jpg 768w\" sizes=\"auto, (max-width: 840px) 100vw, 840px\" \/><\/p>\n<p>Spo\u015br\u00f3d krzese\u0142 metalowych mamy r\u00f3wnie\u017c stalowe, kt\u00f3re kusi\u0107 nas b\u0119d\u0105 wygl\u0105dem, a ich waga mo\u017ce by\u0107 dla niekt\u00f3rych dobrym kompromisem mi\u0119dzy krzes\u0142ami \u017celiwnymi i tymi z aluminium. Mamy r\u00f3wnie\u017c krzes\u0142a drewniane \u2013 bardzo ekologiczne i pi\u0119kne. Wreszcie kupi\u0107 mo\u017cemy czarne krzes\u0142a z rattanu i technorattanu. Ich waga jest niewielka, dzi\u0119ki czemu \u0142atwo mo\u017cna je przenosi\u0107, <strong>oferuj\u0105 r\u00f3wnie\u017c bardzo ciekaw\u0105 estetyk\u0119<\/strong> i \u2013 zw\u0142aszcza w przypadku technorattanu \u2013 du\u017c\u0105 odporno\u015b\u0107 na przypadkowe zabrudzenia czy warunki atmosferyczne panuj\u0105ce na \u015bwie\u017cym powietrzu.<\/p>\n<h2>Czarne krzes\u0142a ogrodowe \u2013 na co zwr\u00f3ci\u0107 uwag\u0119?<\/h2>\n<p>Gdy kupujemy krzes\u0142a ogrodowe czarne, zwr\u00f3\u0107my uwag\u0119 na to, <strong>jak sprawdza\u0107 si\u0119 b\u0119d\u0105 w codziennym u\u017cytkowaniu<\/strong>. Warto wiedzie\u0107 zawczasu, czy wymaga\u0107 b\u0119d\u0105 np. regularnej impregnacji, czy te\u017c wystarczy raz do roku obejrze\u0107 je pod k\u0105tem potencjalnych uszkodze\u0144. Tu nie ma dobrych i z\u0142ych wybor\u00f3w, ka\u017cdy bowiem niesie za sob\u0105 pewne korzy\u015bci, jednak to od naszych potrzeb zale\u017cy, kt\u00f3re sprawdzi si\u0119 najlepiej. Krzes\u0142o ogrodowe czarne mo\u017ce te\u017c posiada\u0107 pod\u0142okietniki, by\u0107 sk\u0142adane lub sztaplowane.<\/p>\n<p><img loading=\"lazy\" decoding=\"async\" class=\"aligncenter wp-image-43674 size-full\" src=\"https:\/\/www.meblobranie.pl\/porady\/wp-content\/uploads\/2019\/06\/krzeslo-czarne-ogrodowe.jpg\" alt=\"najni\u017csza cena za krzes\u0142a ogrodowe czarne b\u0119dzie przy produktach plastikowych\" width=\"840\" height=\"630\" srcset=\"https:\/\/www.meblobranie.pl\/porady\/wp-content\/uploads\/2019\/06\/krzeslo-czarne-ogrodowe.jpg 840w, https:\/\/www.meblobranie.pl\/porady\/wp-content\/uploads\/2019\/06\/krzeslo-czarne-ogrodowe-300x225.jpg 300w, https:\/\/www.meblobranie.pl\/porady\/wp-content\/uploads\/2019\/06\/krzeslo-czarne-ogrodowe-768x576.jpg 768w\" sizes=\"auto, (max-width: 840px) 100vw, 840px\" \/><\/p>\n<p>Jest to ogromne u\u0142atwienie poza sezonem letnim lub w razie deszczu \u2013 kilka z\u0142o\u017conych krzese\u0142 ogrodowych mo\u017ce zaj\u0105\u0107 tyle miejsca, ile jedno niez\u0142o\u017cone. Inna rzecz, na kt\u00f3r\u0105 warto zwr\u00f3ci\u0107 uwag\u0119 to <strong>\u0142atwo\u015b\u0107 utrzymania mebla w czysto\u015bci<\/strong>. Czarne <a href=\"\/krzesla\">krzes\u0142a<\/a> s\u0105 pi\u0119kne, jednak aby pi\u0119kno mog\u0142o zosta\u0107 docenione, krzes\u0142a powinno si\u0119 \u0142atwo czy\u015bci\u0107 z r\u00f3\u017cnego rodzaju zabrudze\u0144. No i wreszcie wygoda i ergonomia samego produktu. Nie zapominajmy, \u017ce ostatecznie krzes\u0142a kupuje si\u0119 po to, by na nich siedzie\u0107, niech wi\u0119c czynno\u015b\u0107 ta b\u0119dzie zdrowa i przyjemna.<\/p>\n<h2>Jakie dodatki pasuj\u0105 do krzes\u0142a ogrodowego czarnego?<\/h2>\n<p>Niekiedy <strong>do krzese\u0142 ogrodowych kupuje si\u0119 r\u00f3\u017cnego rodzaju dodatki<\/strong>. Nie inaczej jest w przypadku, gdy mamy krzes\u0142a ogrodowe czarne. Podstawowym dodatkiem mo\u017ce by\u0107 poduszka na siedzisko krzes\u0142a. Czer\u0144 na szcz\u0119\u015bcie dobrze prezentuje si\u0119 z bardzo r\u00f3\u017cnymi kolorami. Dobrym wyborem wydaje si\u0119 na przyk\u0142ad bia\u0142a poduszka. Osi\u0105gniemy w\u00f3wczas du\u017cy, przyci\u0105gaj\u0105cy uwag\u0119 kontrast, a elegancki charakter naszego krzes\u0142a mo\u017ce wr\u0119cz zosta\u0107 podkre\u015blony. Mo\u017cemy jednak oczywi\u015bcie zdecydowa\u0107 si\u0119 na poduszki w innym kolorze.<\/p>\n<p><img loading=\"lazy\" decoding=\"async\" class=\"aligncenter wp-image-43673 size-full\" src=\"https:\/\/www.meblobranie.pl\/porady\/wp-content\/uploads\/2019\/06\/czarne-krzeslo-ogrodowe.jpg\" alt=\"produkt krzes\u0142o czarne ogrodowe\" width=\"840\" height=\"639\" srcset=\"https:\/\/www.meblobranie.pl\/porady\/wp-content\/uploads\/2019\/06\/czarne-krzeslo-ogrodowe.jpg 840w, https:\/\/www.meblobranie.pl\/porady\/wp-content\/uploads\/2019\/06\/czarne-krzeslo-ogrodowe-300x228.jpg 300w, https:\/\/www.meblobranie.pl\/porady\/wp-content\/uploads\/2019\/06\/czarne-krzeslo-ogrodowe-768x584.jpg 768w\" sizes=\"auto, (max-width: 840px) 100vw, 840px\" \/><\/p>\n<p>Modne obecnie intensywne kolory mog\u0105 o\u017cywi\u0107 nasze czarne krzes\u0142o lub nawi\u0105za\u0107 do innego elementu wyposa\u017cenia naszego ogrodu. Tu r\u00f3wnie\u017c tylko od nas zale\u017cy, jaki efekt chcemy osi\u0105gn\u0105\u0107 \u2013 zw\u0142aszcza \u017ce w danym ogrodzie dobrze sprawdzi si\u0119 cz\u0119sto kilka r\u00f3\u017cnych. Z kolei, gdy kupujemy inne wyposa\u017cenie naszego ogrodu, takie jak chocia\u017cby <a href=\"\/skrzynie-ogrodowe-na-taras\">skrzynie ogrodowe<\/a>, dobrym pomys\u0142em jest, by <strong>posiada\u0142y jaki\u015b czarny element, kt\u00f3ry nawi\u0105zywa\u0142 b\u0119dzie do naszych pi\u0119knych krzese\u0142<\/strong>.<\/p>\n","protected":false},"excerpt":{"rendered":"<p>Jednym z podstawowych element\u00f3w wyposa\u017cenia ka\u017cdego ogrodu s\u0105 krzes\u0142a. Meble te, poza funkcjonalno\u015bci\u0105, powinny te\u017c oferowa\u0107 interesuj\u0105cy wygl\u0105d. Jednym z ciekawych pomys\u0142\u00f3w na zrealizowanie obu tych potrzeb jednocze\u015bnie s\u0105 krzes\u0142a ogrodowe czarne.<\/p>\n","protected":false},"author":23,"featured_media":43670,"comment_status":"open","ping_status":"closed","sticky":false,"template":"","format":"standard","meta":{"_acf_changed":false,"ngg_post_thumbnail":0,"footnotes":""},"categories":[905,5],"tags":[],"class_list":{"0":"post-22875","1":"post","2":"type-post","3":"status-publish","4":"format-standard","5":"has-post-thumbnail","7":"category-ogrod","8":"category-trendy"},"acf":[],"yoast_head":"<!-- This site is optimized with the Yoast SEO plugin v27.4 - https:\/\/yoast.com\/product\/yoast-seo-wordpress\/ -->\n<title>Czarne krzes\u0142a ogrodowe \u2013 modne i praktyczne<\/title>\n<meta name=\"description\" content=\"Czy warto wybra\u0107 na taras czarne krzes\u0142a ogrodowe? Przygl\u0105damy si\u0119 bli\u017cej temu modnemu trendowi w\u015br\u00f3d mebli ogrodowych.\" \/>\n<meta name=\"robots\" content=\"index, follow, max-snippet:-1, max-image-preview:large, max-video-preview:-1\" \/>\n<link rel=\"canonical\" href=\"https:\/\/www.meblobranie.pl\/porady\/czarne-krzesla-ogrodowe-modne-praktyczne\/\" \/>\n<meta name=\"twitter:label1\" content=\"Napisane przez\" \/>\n\t<meta name=\"twitter:data1\" content=\"Dorota z Meblobranie.pl\" \/>\n\t<meta name=\"twitter:label2\" content=\"Szacowany czas czytania\" \/>\n\t<meta name=\"twitter:data2\" content=\"4 minuty\" \/>\n<script type=\"application\/ld+json\" class=\"yoast-schema-graph\">{\"@context\":\"https:\\\/\\\/schema.org\",\"@graph\":[{\"@type\":\"Article\",\"@id\":\"https:\\\/\\\/www.meblobranie.pl\\\/porady\\\/czarne-krzesla-ogrodowe-modne-praktyczne\\\/#article\",\"isPartOf\":{\"@id\":\"https:\\\/\\\/www.meblobranie.pl\\\/porady\\\/czarne-krzesla-ogrodowe-modne-praktyczne\\\/\"},\"author\":{\"name\":\"Dorota z Meblobranie.pl\",\"@id\":\"https:\\\/\\\/www.meblobranie.pl\\\/porady\\\/#\\\/schema\\\/person\\\/24d6b4f9d12955904fe65661566c9d43\"},\"headline\":\"Czarne krzes\u0142a ogrodowe \u2013 modne i praktyczne\",\"datePublished\":\"2019-06-21T07:58:36+00:00\",\"dateModified\":\"2024-03-25T13:24:01+00:00\",\"mainEntityOfPage\":{\"@id\":\"https:\\\/\\\/www.meblobranie.pl\\\/porady\\\/czarne-krzesla-ogrodowe-modne-praktyczne\\\/\"},\"wordCount\":798,\"commentCount\":0,\"image\":{\"@id\":\"https:\\\/\\\/www.meblobranie.pl\\\/porady\\\/czarne-krzesla-ogrodowe-modne-praktyczne\\\/#primaryimage\"},\"thumbnailUrl\":\"https:\\\/\\\/www.meblobranie.pl\\\/porady\\\/wp-content\\\/uploads\\\/2019\\\/06\\\/czarne-krzesla-ogrodowe.jpg\",\"articleSection\":[\"Ogr\u00f3d\",\"Trendy\"],\"inLanguage\":\"pl-PL\",\"potentialAction\":[{\"@type\":\"CommentAction\",\"name\":\"Comment\",\"target\":[\"https:\\\/\\\/www.meblobranie.pl\\\/porady\\\/czarne-krzesla-ogrodowe-modne-praktyczne\\\/#respond\"]}]},{\"@type\":\"WebPage\",\"@id\":\"https:\\\/\\\/www.meblobranie.pl\\\/porady\\\/czarne-krzesla-ogrodowe-modne-praktyczne\\\/\",\"url\":\"https:\\\/\\\/www.meblobranie.pl\\\/porady\\\/czarne-krzesla-ogrodowe-modne-praktyczne\\\/\",\"name\":\"Czarne krzes\u0142a ogrodowe \u2013 modne i praktyczne\",\"isPartOf\":{\"@id\":\"https:\\\/\\\/www.meblobranie.pl\\\/porady\\\/#website\"},\"primaryImageOfPage\":{\"@id\":\"https:\\\/\\\/www.meblobranie.pl\\\/porady\\\/czarne-krzesla-ogrodowe-modne-praktyczne\\\/#primaryimage\"},\"image\":{\"@id\":\"https:\\\/\\\/www.meblobranie.pl\\\/porady\\\/czarne-krzesla-ogrodowe-modne-praktyczne\\\/#primaryimage\"},\"thumbnailUrl\":\"https:\\\/\\\/www.meblobranie.pl\\\/porady\\\/wp-content\\\/uploads\\\/2019\\\/06\\\/czarne-krzesla-ogrodowe.jpg\",\"datePublished\":\"2019-06-21T07:58:36+00:00\",\"dateModified\":\"2024-03-25T13:24:01+00:00\",\"author\":{\"@id\":\"https:\\\/\\\/www.meblobranie.pl\\\/porady\\\/#\\\/schema\\\/person\\\/24d6b4f9d12955904fe65661566c9d43\"},\"description\":\"Czy warto wybra\u0107 na taras czarne krzes\u0142a ogrodowe? Przygl\u0105damy si\u0119 bli\u017cej temu modnemu trendowi w\u015br\u00f3d mebli ogrodowych.\",\"breadcrumb\":{\"@id\":\"https:\\\/\\\/www.meblobranie.pl\\\/porady\\\/czarne-krzesla-ogrodowe-modne-praktyczne\\\/#breadcrumb\"},\"inLanguage\":\"pl-PL\",\"potentialAction\":[{\"@type\":\"ReadAction\",\"target\":[\"https:\\\/\\\/www.meblobranie.pl\\\/porady\\\/czarne-krzesla-ogrodowe-modne-praktyczne\\\/\"]}]},{\"@type\":\"ImageObject\",\"inLanguage\":\"pl-PL\",\"@id\":\"https:\\\/\\\/www.meblobranie.pl\\\/porady\\\/czarne-krzesla-ogrodowe-modne-praktyczne\\\/#primaryimage\",\"url\":\"https:\\\/\\\/www.meblobranie.pl\\\/porady\\\/wp-content\\\/uploads\\\/2019\\\/06\\\/czarne-krzesla-ogrodowe.jpg\",\"contentUrl\":\"https:\\\/\\\/www.meblobranie.pl\\\/porady\\\/wp-content\\\/uploads\\\/2019\\\/06\\\/czarne-krzesla-ogrodowe.jpg\",\"width\":840,\"height\":630,\"caption\":\"czarne krzes\u0142a ogrodowe\"},{\"@type\":\"BreadcrumbList\",\"@id\":\"https:\\\/\\\/www.meblobranie.pl\\\/porady\\\/czarne-krzesla-ogrodowe-modne-praktyczne\\\/#breadcrumb\",\"itemListElement\":[{\"@type\":\"ListItem\",\"position\":1,\"name\":\"Home\",\"item\":\"https:\\\/\\\/www.meblobranie.pl\\\/porady\\\/\"},{\"@type\":\"ListItem\",\"position\":2,\"name\":\"Czarne krzes\u0142a ogrodowe \u2013 modne i praktyczne\"}]},{\"@type\":\"WebSite\",\"@id\":\"https:\\\/\\\/www.meblobranie.pl\\\/porady\\\/#website\",\"url\":\"https:\\\/\\\/www.meblobranie.pl\\\/porady\\\/\",\"name\":\"Porady Meblobranie.pl\",\"description\":\"Blog o tarasach i ogrodach\",\"potentialAction\":[{\"@type\":\"SearchAction\",\"target\":{\"@type\":\"EntryPoint\",\"urlTemplate\":\"https:\\\/\\\/www.meblobranie.pl\\\/porady\\\/?s={search_term_string}\"},\"query-input\":{\"@type\":\"PropertyValueSpecification\",\"valueRequired\":true,\"valueName\":\"search_term_string\"}}],\"inLanguage\":\"pl-PL\"},{\"@type\":\"Person\",\"@id\":\"https:\\\/\\\/www.meblobranie.pl\\\/porady\\\/#\\\/schema\\\/person\\\/24d6b4f9d12955904fe65661566c9d43\",\"name\":\"Dorota z Meblobranie.pl\",\"image\":{\"@type\":\"ImageObject\",\"inLanguage\":\"pl-PL\",\"@id\":\"https:\\\/\\\/secure.gravatar.com\\\/avatar\\\/92f686bae0992addea787ba673c0ff06758e3b68556d2f3476af5fcd194143ae?s=96&d=mm&r=g\",\"url\":\"https:\\\/\\\/secure.gravatar.com\\\/avatar\\\/92f686bae0992addea787ba673c0ff06758e3b68556d2f3476af5fcd194143ae?s=96&d=mm&r=g\",\"contentUrl\":\"https:\\\/\\\/secure.gravatar.com\\\/avatar\\\/92f686bae0992addea787ba673c0ff06758e3b68556d2f3476af5fcd194143ae?s=96&d=mm&r=g\",\"caption\":\"Dorota z Meblobranie.pl\"}}]}<\/script>\n<!-- \/ Yoast SEO plugin. -->","yoast_head_json":{"title":"Czarne krzes\u0142a ogrodowe \u2013 modne i praktyczne","description":"Czy warto wybra\u0107 na taras czarne krzes\u0142a ogrodowe? Przygl\u0105damy si\u0119 bli\u017cej temu modnemu trendowi w\u015br\u00f3d mebli ogrodowych.","robots":{"index":"index","follow":"follow","max-snippet":"max-snippet:-1","max-image-preview":"max-image-preview:large","max-video-preview":"max-video-preview:-1"},"canonical":"https:\/\/www.meblobranie.pl\/porady\/czarne-krzesla-ogrodowe-modne-praktyczne\/","twitter_misc":{"Napisane przez":"Dorota z Meblobranie.pl","Szacowany czas czytania":"4 minuty"},"schema":{"@context":"https:\/\/schema.org","@graph":[{"@type":"Article","@id":"https:\/\/www.meblobranie.pl\/porady\/czarne-krzesla-ogrodowe-modne-praktyczne\/#article","isPartOf":{"@id":"https:\/\/www.meblobranie.pl\/porady\/czarne-krzesla-ogrodowe-modne-praktyczne\/"},"author":{"name":"Dorota z Meblobranie.pl","@id":"https:\/\/www.meblobranie.pl\/porady\/#\/schema\/person\/24d6b4f9d12955904fe65661566c9d43"},"headline":"Czarne krzes\u0142a ogrodowe \u2013 modne i praktyczne","datePublished":"2019-06-21T07:58:36+00:00","dateModified":"2024-03-25T13:24:01+00:00","mainEntityOfPage":{"@id":"https:\/\/www.meblobranie.pl\/porady\/czarne-krzesla-ogrodowe-modne-praktyczne\/"},"wordCount":798,"commentCount":0,"image":{"@id":"https:\/\/www.meblobranie.pl\/porady\/czarne-krzesla-ogrodowe-modne-praktyczne\/#primaryimage"},"thumbnailUrl":"https:\/\/www.meblobranie.pl\/porady\/wp-content\/uploads\/2019\/06\/czarne-krzesla-ogrodowe.jpg","articleSection":["Ogr\u00f3d","Trendy"],"inLanguage":"pl-PL","potentialAction":[{"@type":"CommentAction","name":"Comment","target":["https:\/\/www.meblobranie.pl\/porady\/czarne-krzesla-ogrodowe-modne-praktyczne\/#respond"]}]},{"@type":"WebPage","@id":"https:\/\/www.meblobranie.pl\/porady\/czarne-krzesla-ogrodowe-modne-praktyczne\/","url":"https:\/\/www.meblobranie.pl\/porady\/czarne-krzesla-ogrodowe-modne-praktyczne\/","name":"Czarne krzes\u0142a ogrodowe \u2013 modne i praktyczne","isPartOf":{"@id":"https:\/\/www.meblobranie.pl\/porady\/#website"},"primaryImageOfPage":{"@id":"https:\/\/www.meblobranie.pl\/porady\/czarne-krzesla-ogrodowe-modne-praktyczne\/#primaryimage"},"image":{"@id":"https:\/\/www.meblobranie.pl\/porady\/czarne-krzesla-ogrodowe-modne-praktyczne\/#primaryimage"},"thumbnailUrl":"https:\/\/www.meblobranie.pl\/porady\/wp-content\/uploads\/2019\/06\/czarne-krzesla-ogrodowe.jpg","datePublished":"2019-06-21T07:58:36+00:00","dateModified":"2024-03-25T13:24:01+00:00","author":{"@id":"https:\/\/www.meblobranie.pl\/porady\/#\/schema\/person\/24d6b4f9d12955904fe65661566c9d43"},"description":"Czy warto wybra\u0107 na taras czarne krzes\u0142a ogrodowe? Przygl\u0105damy si\u0119 bli\u017cej temu modnemu trendowi w\u015br\u00f3d mebli ogrodowych.","breadcrumb":{"@id":"https:\/\/www.meblobranie.pl\/porady\/czarne-krzesla-ogrodowe-modne-praktyczne\/#breadcrumb"},"inLanguage":"pl-PL","potentialAction":[{"@type":"ReadAction","target":["https:\/\/www.meblobranie.pl\/porady\/czarne-krzesla-ogrodowe-modne-praktyczne\/"]}]},{"@type":"ImageObject","inLanguage":"pl-PL","@id":"https:\/\/www.meblobranie.pl\/porady\/czarne-krzesla-ogrodowe-modne-praktyczne\/#primaryimage","url":"https:\/\/www.meblobranie.pl\/porady\/wp-content\/uploads\/2019\/06\/czarne-krzesla-ogrodowe.jpg","contentUrl":"https:\/\/www.meblobranie.pl\/porady\/wp-content\/uploads\/2019\/06\/czarne-krzesla-ogrodowe.jpg","width":840,"height":630,"caption":"czarne krzes\u0142a ogrodowe"},{"@type":"BreadcrumbList","@id":"https:\/\/www.meblobranie.pl\/porady\/czarne-krzesla-ogrodowe-modne-praktyczne\/#breadcrumb","itemListElement":[{"@type":"ListItem","position":1,"name":"Home","item":"https:\/\/www.meblobranie.pl\/porady\/"},{"@type":"ListItem","position":2,"name":"Czarne krzes\u0142a ogrodowe \u2013 modne i praktyczne"}]},{"@type":"WebSite","@id":"https:\/\/www.meblobranie.pl\/porady\/#website","url":"https:\/\/www.meblobranie.pl\/porady\/","name":"Porady Meblobranie.pl","description":"Blog o tarasach i ogrodach","potentialAction":[{"@type":"SearchAction","target":{"@type":"EntryPoint","urlTemplate":"https:\/\/www.meblobranie.pl\/porady\/?s={search_term_string}"},"query-input":{"@type":"PropertyValueSpecification","valueRequired":true,"valueName":"search_term_string"}}],"inLanguage":"pl-PL"},{"@type":"Person","@id":"https:\/\/www.meblobranie.pl\/porady\/#\/schema\/person\/24d6b4f9d12955904fe65661566c9d43","name":"Dorota z Meblobranie.pl","image":{"@type":"ImageObject","inLanguage":"pl-PL","@id":"https:\/\/secure.gravatar.com\/avatar\/92f686bae0992addea787ba673c0ff06758e3b68556d2f3476af5fcd194143ae?s=96&d=mm&r=g","url":"https:\/\/secure.gravatar.com\/avatar\/92f686bae0992addea787ba673c0ff06758e3b68556d2f3476af5fcd194143ae?s=96&d=mm&r=g","contentUrl":"https:\/\/secure.gravatar.com\/avatar\/92f686bae0992addea787ba673c0ff06758e3b68556d2f3476af5fcd194143ae?s=96&d=mm&r=g","caption":"Dorota z Meblobranie.pl"}}]}},"_links":{"self":[{"href":"https:\/\/www.meblobranie.pl\/porady\/wp-json\/wp\/v2\/posts\/22875","targetHints":{"allow":["GET"]}}],"collection":[{"href":"https:\/\/www.meblobranie.pl\/porady\/wp-json\/wp\/v2\/posts"}],"about":[{"href":"https:\/\/www.meblobranie.pl\/porady\/wp-json\/wp\/v2\/types\/post"}],"author":[{"embeddable":true,"href":"https:\/\/www.meblobranie.pl\/porady\/wp-json\/wp\/v2\/users\/23"}],"replies":[{"embeddable":true,"href":"https:\/\/www.meblobranie.pl\/porady\/wp-json\/wp\/v2\/comments?post=22875"}],"version-history":[{"count":0,"href":"https:\/\/www.meblobranie.pl\/porady\/wp-json\/wp\/v2\/posts\/22875\/revisions"}],"wp:featuredmedia":[{"embeddable":true,"href":"https:\/\/www.meblobranie.pl\/porady\/wp-json\/wp\/v2\/media\/43670"}],"wp:attachment":[{"href":"https:\/\/www.meblobranie.pl\/porady\/wp-json\/wp\/v2\/media?parent=22875"}],"wp:term":[{"taxonomy":"category","embeddable":true,"href":"https:\/\/www.meblobranie.pl\/porady\/wp-json\/wp\/v2\/categories?post=22875"},{"taxonomy":"post_tag","embeddable":true,"href":"https:\/\/www.meblobranie.pl\/porady\/wp-json\/wp\/v2\/tags?post=22875"}],"curies":[{"name":"wp","href":"https:\/\/api.w.org\/{rel}","templated":true}]}}