{"id":23130,"date":"2019-08-10T12:30:50","date_gmt":"2019-08-10T10:30:50","guid":{"rendered":"https:\/\/www.meblobranie.pl\/porady\/?p=23130"},"modified":"2021-09-20T16:34:25","modified_gmt":"2021-09-20T14:34:25","slug":"jak-urzadzic-maly-salon-ze-stolem","status":"publish","type":"post","link":"https:\/\/www.meblobranie.pl\/porady\/jak-urzadzic-maly-salon-ze-stolem\/","title":{"rendered":"Jak urz\u0105dzi\u0107 ma\u0142y salon ze sto\u0142em?"},"content":{"rendered":"<p>Aran\u017cacja ma\u0142ego mieszkania mo\u017ce by\u0107 wyzwaniem. Jednak <strong>odpowiednie zaplanowanie przestrzeni daje ogromn\u0105 satysfakcj\u0119<\/strong>. Dotyczy to tak\u017ce niewielkich pokoj\u00f3w dziennych. Jak urz\u0105dzi\u0107 ma\u0142y salon ze sto\u0142em, by cieszy\u0107 si\u0119 pi\u0119knym i funkcjonalnym wn\u0119trzem?<\/p>\n<p><img loading=\"lazy\" decoding=\"async\" class=\"aligncenter size-full wp-image-23151\" src=\"https:\/\/www.meblobranie.pl\/porady\/wp-content\/uploads\/2019\/10\/maly-salon-ze-stolem-aranzacje-4.jpg\" alt=\"ma\u0142y salon ze sto\u0142em aran\u017cacje\" width=\"640\" height=\"360\" srcset=\"https:\/\/www.meblobranie.pl\/porady\/wp-content\/uploads\/2019\/10\/maly-salon-ze-stolem-aranzacje-4.jpg 640w, https:\/\/www.meblobranie.pl\/porady\/wp-content\/uploads\/2019\/10\/maly-salon-ze-stolem-aranzacje-4-300x169.jpg 300w\" sizes=\"auto, (max-width: 640px) 100vw, 640px\" \/><!--more--><\/p>\n\n<p class=\"Standard\"><b><span style=\"color: maroon;\">[[kategoria:1586:6]]<\/span><\/b><\/p>\n<h2>Aran\u017cacja ma\u0142ego salonu ze sto\u0142em<\/h2>\n<p>Aran\u017cacja ma\u0142ego salonu ze sto\u0142em mo\u017ce by\u0107 wymagaj\u0105ca. Jednak <strong>odpowiednie planowanie i przygotowanie<\/strong> si\u0119 do procesu wystroju wn\u0119trza mo\u017ce zdecydowanie u\u0142atwi\u0107 to zadanie, a tak\u017ce zagwarantowa\u0107 zjawiskowy efekt.<\/p>\n<ul>\n<li>Planowanie wystroju <strong>warto zacz\u0105\u0107 od okre\u015blenia bud\u017cetu<\/strong>. Zdecydowanie u\u0142atwi to wybieranie kolejnych element\u00f3w i, w razie ograniczonej ilo\u015bci pieni\u0119dzy, przygotowa\u0107 si\u0119 oraz znale\u017a\u0107 \u2013 czasem niezb\u0119dne \u2013 kompromisy.<\/li>\n<li>Warto tak\u017ce dobrze <strong>zapozna\u0107 si\u0119 z asortymentem r\u00f3\u017cnych sklep\u00f3w<\/strong>. Du\u017cym u\u0142atwieniem w tym zakresie jest internet, w kt\u00f3rym \u0142atwo znale\u017a\u0107 oferty w najlepszych cenach oraz zaplanowa\u0107 lub nawet dokona\u0107 zakup\u00f3w.<\/li>\n<li>Osoby podchodz\u0105ce bardzo szczeg\u00f3\u0142owo do wystroju <strong>mog\u0105 tak\u017ce wykona\u0107 plan<\/strong>. Dzi\u0119ki niemu aran\u017cacja ma\u0142ego salonu ze sto\u0142em b\u0119dzie znacznie \u0142atwiejsza. Mo\u017cna tak\u017ce skorzysta\u0107 z pomocy architekta wn\u0119trz lub zakupi\u0107 gotowy projekt.<\/li>\n<\/ul>\n<p><img loading=\"lazy\" decoding=\"async\" class=\"aligncenter size-full wp-image-23152\" src=\"https:\/\/www.meblobranie.pl\/porady\/wp-content\/uploads\/2019\/10\/maly-salon-ze-stolem-aranzacje-1.jpg\" alt=\"ma\u0142y salon w bloku ze sto\u0142em\" width=\"600\" height=\"450\" srcset=\"https:\/\/www.meblobranie.pl\/porady\/wp-content\/uploads\/2019\/10\/maly-salon-ze-stolem-aranzacje-1.jpg 600w, https:\/\/www.meblobranie.pl\/porady\/wp-content\/uploads\/2019\/10\/maly-salon-ze-stolem-aranzacje-1-300x225.jpg 300w\" sizes=\"auto, (max-width: 600px) 100vw, 600px\" \/><\/p>\n<p class=\"Standard\"><b><span style=\"color: maroon;\">[[kategoria:1601:6]]<\/span><\/b><\/p>\n<h2>Ma\u0142y salon ze sto\u0142em \u2013 aran\u017cacje<\/h2>\n<p>Wystr\u00f3j wn\u0119trza dla wielu os\u00f3b jest niezwykle wa\u017cna. Dotyczy to r\u00f3wnie\u017c takiego zagadnienia, jak to, jak urz\u0105dzi\u0107 ma\u0142y salon ze sto\u0142em. Jednolita aran\u017cacja <strong>wprowadza przyjemny \u0142ad i zaspokaja poczucie estetyki<\/strong>.<\/p>\n<p>Jak \u0142adnie urz\u0105dzi\u0107 du\u017cy lub ma\u0142y salon ze sto\u0142em? Aran\u017cacje mog\u0105 by\u0107 bardzo r\u00f3\u017cne. Warto dobrze je przemy\u015ble\u0107. Obecnie bardzo popularny jest <strong>styl skandynawski i industrialny<\/strong>. Jednak nie mo\u017cna traktowa\u0107 trend\u00f3w jako wyroczni. Warto poszuka\u0107 czego\u015b oryginalnego i co b\u0119dzie bardziej osobiste ni\u017c popularne katalogi. W razie w\u0105tpliwo\u015bci warto poprosi\u0107 o pomoc architekta wn\u0119trz.<\/p>\n<p>Nale\u017cy jednak pami\u0119ta\u0107, \u017ce <strong>wygl\u0105d nie powinien zaburza\u0107 funkcjonalno\u015bci<\/strong>. Sp\u0119dzanie czasu w nawet najpi\u0119kniejszym pomieszczeniu nie b\u0119dzie przyjemne, je\u015bli ci\u0119\u017cko b\u0119dzie z niego korzysta\u0107. Dotyczy to tak\u017ce \u2013 a raczej zw\u0142aszcza \u2013 pomieszcze\u0144 takich jak ma\u0142y salon w bloku ze sto\u0142em.<\/p>\n<p><img loading=\"lazy\" decoding=\"async\" class=\"aligncenter size-full wp-image-23150\" src=\"https:\/\/www.meblobranie.pl\/porady\/wp-content\/uploads\/2019\/10\/aranzacja-malego-salonu-ze-stolem-5.jpg\" alt=\"ma\u0142y salon ze sto\u0142em aran\u017cacje\" width=\"640\" height=\"362\" srcset=\"https:\/\/www.meblobranie.pl\/porady\/wp-content\/uploads\/2019\/10\/aranzacja-malego-salonu-ze-stolem-5.jpg 640w, https:\/\/www.meblobranie.pl\/porady\/wp-content\/uploads\/2019\/10\/aranzacja-malego-salonu-ze-stolem-5-300x170.jpg 300w\" sizes=\"auto, (max-width: 640px) 100vw, 640px\" \/><\/p>\n<p class=\"Standard\"><b><span style=\"color: maroon;\">[[kategoria:1835:6]]<\/span><\/b><\/p>\n<h2>Du\u017cy i ma\u0142y salon w bloku ze sto\u0142em<\/h2>\n<p>Jak urz\u0105dzi\u0107 <strong>ma\u0142y salon ze sto\u0142em<\/strong>, a jak podej\u015b\u0107 do wi\u0119kszego pomieszczenia? Jakie s\u0105 r\u00f3\u017cnice?<\/p>\n<ul>\n<li>Zazwyczaj urz\u0105dzenie du\u017cego salonu jest \u0142atwiejsze. Wi\u0119ksza ilo\u015b\u0107 przestrzeni pozwala na pewn\u0105 ilo\u015b\u0107 szale\u0144stwa oraz swobod\u0119 w rozmieszczeniu. Jednak <strong>osoby ceni\u0105ce sobie przytulno\u015b\u0107<\/strong> mog\u0105 czu\u0107 potrzeb\u0119 wype\u0142nienia jak najwi\u0119kszej ilo\u015bci przestrzeni, co przy du\u017cym salonie mo\u017ce by\u0107 wyzwaniem, a przy ma\u0142ym salonie nie sprawi problemu.<\/li>\n<li>Bardzo wa\u017cne jest, \u017ce\u00a0ma\u0142y salon w bloku ze sto\u0142em <strong>musi by\u0107 dobrze zaplanowany<\/strong>. Nie ma w nim za wiele miejsca na przypadkowo\u015b\u0107. Jednak dzi\u0119ki temu mo\u017ce by\u0107 niezwykle funkcjonalny. Warto dobrze rozplanowa\u0107 przestrze\u0144, a tak\u017ce korzysta\u0107 z u\u0142atwie\u0144, jakim s\u0105 przyk\u0142adowo rozk\u0142adane meble.<\/li>\n<li>W przypadku aran\u017cacji niewielkich wn\u0119trz\u00a0<strong>wa\u017cna jest funkcjonalno\u015b\u0107 i wygoda<\/strong>. Niezale\u017cnie od tego, czy urz\u0105dzany jest ma\u0142y salon ze sto\u0142em, czy wi\u0119kszy pok\u00f3j dzienny \u2013 te kwestie zawsze powinny sta\u0107 na pierwszym miejscu i by\u0107 wyznacznikiem podczas aran\u017cacji.<\/li>\n<\/ul>\n<p><img loading=\"lazy\" decoding=\"async\" class=\"aligncenter size-full wp-image-23153\" src=\"https:\/\/www.meblobranie.pl\/porady\/wp-content\/uploads\/2019\/10\/aranzacja-malego-salonu-ze-stolem-2.jpg\" alt=\"ma\u0142y salon w bloku ze sto\u0142em\" width=\"640\" height=\"427\" srcset=\"https:\/\/www.meblobranie.pl\/porady\/wp-content\/uploads\/2019\/10\/aranzacja-malego-salonu-ze-stolem-2.jpg 640w, https:\/\/www.meblobranie.pl\/porady\/wp-content\/uploads\/2019\/10\/aranzacja-malego-salonu-ze-stolem-2-300x200.jpg 300w\" sizes=\"auto, (max-width: 640px) 100vw, 640px\" \/><\/p>\n<h2>Jak urz\u0105dzi\u0107 ma\u0142y salon ze sto\u0142em?<\/h2>\n<p>Aran\u017cacja ma\u0142ego salonu ze sto\u0142em jest do\u015b\u0107 wymagaj\u0105ca, jednak poprzez korzystanie z funkcjonalnych rozwi\u0105za\u0144 <strong>mo\u017cna zdecydowanie j\u0105 u\u0142atwi\u0107<\/strong>. Rozk\u0142adane meble, zw\u0142aszcza sto\u0142y, mog\u0105 doda\u0107 nowe mo\u017cliwo\u015bci do mieszkania. W przypadku pokoju z aneksem mo\u017cna tak\u017ce zdecydowa\u0107 si\u0119 na blat z hokerami.<\/p>\n<p>Warto tak\u017ce zastanowi\u0107 si\u0119 nad kszta\u0142tem sto\u0142u. Prostok\u0105tny \u0142atwo jest zaaran\u017cowa\u0107 w przestrzeni, z kolei okr\u0105g\u0142y mo\u017ce oferowa\u0107 wi\u0119ksz\u0105 ilo\u015b\u0107 miejsc siedz\u0105cych przy mniejszych rozmiarach mebla. Odpowiednie rozplanowanie da <strong>ciekawe mo\u017cliwo\u015bci i pozwoli wybra\u0107 optymalne rozwi\u0105zanie<\/strong>.<\/p>\n<p>Ciekawym pomys\u0142em mo\u017ce by\u0107 tak\u017ce <strong>wielofunkcyjny st\u00f3\u0142<\/strong>, kt\u00f3ry jednocze\u015bnie mo\u017ce s\u0142u\u017cy\u0107 do spo\u017cywania posi\u0142k\u00f3w, jak i jako mebel kawowy. Daje on zupe\u0142nie nowe mo\u017cliwo\u015bci w kwestii, jak urz\u0105dzi\u0107 ma\u0142y salon ze sto\u0142em. Coraz cz\u0119\u015bciej mo\u017cna spotka\u0107 tego typu rozwi\u0105zania, kt\u00f3re dobrze sprawdzaj\u0105 si\u0119 w ma\u0142ych mieszkaniach.<\/p>\n<p><img loading=\"lazy\" decoding=\"async\" class=\"aligncenter size-full wp-image-23154\" src=\"https:\/\/www.meblobranie.pl\/porady\/wp-content\/uploads\/2019\/10\/maly-salon-ze-stolem-aranzacje-3.jpg\" alt=\"aran\u017cacja ma\u0142ego salonu ze sto\u0142em\" width=\"640\" height=\"427\" srcset=\"https:\/\/www.meblobranie.pl\/porady\/wp-content\/uploads\/2019\/10\/maly-salon-ze-stolem-aranzacje-3.jpg 640w, https:\/\/www.meblobranie.pl\/porady\/wp-content\/uploads\/2019\/10\/maly-salon-ze-stolem-aranzacje-3-300x200.jpg 300w\" sizes=\"auto, (max-width: 640px) 100vw, 640px\" \/><\/p>\n<h2>Trendy w aran\u017cacjach salon\u00f3w<\/h2>\n<p>W przypadku urz\u0105dzania mieszkania <strong>nie spos\u00f3b unikn\u0105\u0107 tematu obecnych trend\u00f3w<\/strong>. Popularne rozwi\u0105zania mog\u0105 by\u0107 ciekaw\u0105 wskaz\u00f3wk\u0105, a nawet u\u0142atwieniem.<\/p>\n<ul>\n<li>Ma\u0142y salon w bloku ze sto\u0142em mo\u017ce si\u0119 polubi\u0107 z <strong>minimalizmem<\/strong>, kt\u00f3ry obecnie kr\u00f3luje w wielu strefach. Dzi\u0119ki niemu mo\u017cna uzyska\u0107 schludny efekt, a jednocze\u015bnie wra\u017cenie du\u017cej przestrzeni. W niewielkich salonach dobrze sprawdzaj\u0105 si\u0119 jasne kolory.<\/li>\n<li>Dobrym pomys\u0142em mo\u017ce by\u0107 tak\u017ce bardziej <strong>designerski wystr\u00f3j<\/strong>. Ciekawe akcenty czy nietypowe kszta\u0142ty mog\u0105 ciekawie wygl\u0105da\u0107 tak\u017ce w mniejszej przestrzeni. Nie mo\u017cna ba\u0107 si\u0119 eksperyment\u00f3w \u2013 designerskie meble albo akcenty mog\u0105 sprawi\u0107, \u017ce salon b\u0119dzie wyj\u0105tkowy i zapadnie w pami\u0119\u0107 go\u015bciom.<\/li>\n<li>Z drugiej strony, przy ma\u0142ym salonie warto post\u0119powa\u0107 ostro\u017cnie \u2013 nadmiar ozdobnik\u00f3w szybko przyt\u0142oczy ograniczon\u0105 przestrze\u0144. Mo\u017ce prosty <strong>wystr\u00f3j skandynawski<\/strong> b\u0119dzie lepszym wyj\u015bciem? W razie w\u0105tpliwo\u015bci dobrze jest sprawdzi\u0107 katalogi czy blogi na temat aran\u017cacji wn\u0119trz.<\/li>\n<\/ul>\n","protected":false},"excerpt":{"rendered":"<p>Aran\u017cacja ma\u0142ego mieszkania mo\u017ce by\u0107 wyzwaniem. Jednak odpowiednie zaplanowanie przestrzeni daje ogromn\u0105 satysfakcj\u0119. Dotyczy to tak\u017ce niewielkich pokoj\u00f3w dziennych. Jak urz\u0105dzi\u0107 ma\u0142y salon ze sto\u0142em, by cieszy\u0107 si\u0119 pi\u0119knym i funkcjonalnym wn\u0119trzem?<\/p>\n","protected":false},"author":23,"featured_media":23151,"comment_status":"open","ping_status":"closed","sticky":false,"template":"","format":"standard","meta":{"_acf_changed":false,"ngg_post_thumbnail":0,"footnotes":""},"categories":[6,906],"tags":[],"class_list":{"0":"post-23130","1":"post","2":"type-post","3":"status-publish","4":"format-standard","5":"has-post-thumbnail","7":"category-poradnik","8":"category-wnetrza"},"acf":[],"yoast_head":"<!-- This site is optimized with the Yoast SEO plugin v27.4 - https:\/\/yoast.com\/product\/yoast-seo-wordpress\/ -->\n<title>Jak urz\u0105dzi\u0107 ma\u0142y salon ze sto\u0142em? - Porady Meblobranie.pl<\/title>\n<meta name=\"description\" content=\"Zastanawiasz si\u0119 jak urz\u0105dzi\u0107 ma\u0142y salon ze sto\u0142em? Pomagamy i doradzamy, podpowiadamy style aran\u017cacji i wyb\u00f3r odpowiednich mebli.\" \/>\n<meta name=\"robots\" content=\"index, follow, max-snippet:-1, max-image-preview:large, max-video-preview:-1\" \/>\n<link rel=\"canonical\" href=\"https:\/\/www.meblobranie.pl\/porady\/jak-urzadzic-maly-salon-ze-stolem\/\" \/>\n<meta name=\"twitter:label1\" content=\"Napisane przez\" \/>\n\t<meta name=\"twitter:data1\" content=\"Dorota z Meblobranie.pl\" \/>\n\t<meta name=\"twitter:label2\" content=\"Szacowany czas czytania\" \/>\n\t<meta name=\"twitter:data2\" content=\"5 minut\" \/>\n<script type=\"application\/ld+json\" class=\"yoast-schema-graph\">{\"@context\":\"https:\\\/\\\/schema.org\",\"@graph\":[{\"@type\":\"Article\",\"@id\":\"https:\\\/\\\/www.meblobranie.pl\\\/porady\\\/jak-urzadzic-maly-salon-ze-stolem\\\/#article\",\"isPartOf\":{\"@id\":\"https:\\\/\\\/www.meblobranie.pl\\\/porady\\\/jak-urzadzic-maly-salon-ze-stolem\\\/\"},\"author\":{\"name\":\"Dorota z Meblobranie.pl\",\"@id\":\"https:\\\/\\\/www.meblobranie.pl\\\/porady\\\/#\\\/schema\\\/person\\\/24d6b4f9d12955904fe65661566c9d43\"},\"headline\":\"Jak urz\u0105dzi\u0107 ma\u0142y salon ze sto\u0142em?\",\"datePublished\":\"2019-08-10T10:30:50+00:00\",\"dateModified\":\"2021-09-20T14:34:25+00:00\",\"mainEntityOfPage\":{\"@id\":\"https:\\\/\\\/www.meblobranie.pl\\\/porady\\\/jak-urzadzic-maly-salon-ze-stolem\\\/\"},\"wordCount\":924,\"commentCount\":0,\"image\":{\"@id\":\"https:\\\/\\\/www.meblobranie.pl\\\/porady\\\/jak-urzadzic-maly-salon-ze-stolem\\\/#primaryimage\"},\"thumbnailUrl\":\"https:\\\/\\\/www.meblobranie.pl\\\/porady\\\/wp-content\\\/uploads\\\/2019\\\/10\\\/maly-salon-ze-stolem-aranzacje-4.jpg\",\"articleSection\":[\"Poradnik\",\"Wn\u0119trza\"],\"inLanguage\":\"pl-PL\",\"potentialAction\":[{\"@type\":\"CommentAction\",\"name\":\"Comment\",\"target\":[\"https:\\\/\\\/www.meblobranie.pl\\\/porady\\\/jak-urzadzic-maly-salon-ze-stolem\\\/#respond\"]}]},{\"@type\":\"WebPage\",\"@id\":\"https:\\\/\\\/www.meblobranie.pl\\\/porady\\\/jak-urzadzic-maly-salon-ze-stolem\\\/\",\"url\":\"https:\\\/\\\/www.meblobranie.pl\\\/porady\\\/jak-urzadzic-maly-salon-ze-stolem\\\/\",\"name\":\"Jak urz\u0105dzi\u0107 ma\u0142y salon ze sto\u0142em? - Porady Meblobranie.pl\",\"isPartOf\":{\"@id\":\"https:\\\/\\\/www.meblobranie.pl\\\/porady\\\/#website\"},\"primaryImageOfPage\":{\"@id\":\"https:\\\/\\\/www.meblobranie.pl\\\/porady\\\/jak-urzadzic-maly-salon-ze-stolem\\\/#primaryimage\"},\"image\":{\"@id\":\"https:\\\/\\\/www.meblobranie.pl\\\/porady\\\/jak-urzadzic-maly-salon-ze-stolem\\\/#primaryimage\"},\"thumbnailUrl\":\"https:\\\/\\\/www.meblobranie.pl\\\/porady\\\/wp-content\\\/uploads\\\/2019\\\/10\\\/maly-salon-ze-stolem-aranzacje-4.jpg\",\"datePublished\":\"2019-08-10T10:30:50+00:00\",\"dateModified\":\"2021-09-20T14:34:25+00:00\",\"author\":{\"@id\":\"https:\\\/\\\/www.meblobranie.pl\\\/porady\\\/#\\\/schema\\\/person\\\/24d6b4f9d12955904fe65661566c9d43\"},\"description\":\"Zastanawiasz si\u0119 jak urz\u0105dzi\u0107 ma\u0142y salon ze sto\u0142em? Pomagamy i doradzamy, podpowiadamy style aran\u017cacji i wyb\u00f3r odpowiednich mebli.\",\"breadcrumb\":{\"@id\":\"https:\\\/\\\/www.meblobranie.pl\\\/porady\\\/jak-urzadzic-maly-salon-ze-stolem\\\/#breadcrumb\"},\"inLanguage\":\"pl-PL\",\"potentialAction\":[{\"@type\":\"ReadAction\",\"target\":[\"https:\\\/\\\/www.meblobranie.pl\\\/porady\\\/jak-urzadzic-maly-salon-ze-stolem\\\/\"]}]},{\"@type\":\"ImageObject\",\"inLanguage\":\"pl-PL\",\"@id\":\"https:\\\/\\\/www.meblobranie.pl\\\/porady\\\/jak-urzadzic-maly-salon-ze-stolem\\\/#primaryimage\",\"url\":\"https:\\\/\\\/www.meblobranie.pl\\\/porady\\\/wp-content\\\/uploads\\\/2019\\\/10\\\/maly-salon-ze-stolem-aranzacje-4.jpg\",\"contentUrl\":\"https:\\\/\\\/www.meblobranie.pl\\\/porady\\\/wp-content\\\/uploads\\\/2019\\\/10\\\/maly-salon-ze-stolem-aranzacje-4.jpg\",\"width\":640,\"height\":360,\"caption\":\"ma\u0142y salon ze sto\u0142em aran\u017cacje\"},{\"@type\":\"BreadcrumbList\",\"@id\":\"https:\\\/\\\/www.meblobranie.pl\\\/porady\\\/jak-urzadzic-maly-salon-ze-stolem\\\/#breadcrumb\",\"itemListElement\":[{\"@type\":\"ListItem\",\"position\":1,\"name\":\"Home\",\"item\":\"https:\\\/\\\/www.meblobranie.pl\\\/porady\\\/\"},{\"@type\":\"ListItem\",\"position\":2,\"name\":\"Jak urz\u0105dzi\u0107 ma\u0142y salon ze sto\u0142em?\"}]},{\"@type\":\"WebSite\",\"@id\":\"https:\\\/\\\/www.meblobranie.pl\\\/porady\\\/#website\",\"url\":\"https:\\\/\\\/www.meblobranie.pl\\\/porady\\\/\",\"name\":\"Porady Meblobranie.pl\",\"description\":\"Blog o tarasach i ogrodach\",\"potentialAction\":[{\"@type\":\"SearchAction\",\"target\":{\"@type\":\"EntryPoint\",\"urlTemplate\":\"https:\\\/\\\/www.meblobranie.pl\\\/porady\\\/?s={search_term_string}\"},\"query-input\":{\"@type\":\"PropertyValueSpecification\",\"valueRequired\":true,\"valueName\":\"search_term_string\"}}],\"inLanguage\":\"pl-PL\"},{\"@type\":\"Person\",\"@id\":\"https:\\\/\\\/www.meblobranie.pl\\\/porady\\\/#\\\/schema\\\/person\\\/24d6b4f9d12955904fe65661566c9d43\",\"name\":\"Dorota z Meblobranie.pl\",\"image\":{\"@type\":\"ImageObject\",\"inLanguage\":\"pl-PL\",\"@id\":\"https:\\\/\\\/secure.gravatar.com\\\/avatar\\\/92f686bae0992addea787ba673c0ff06758e3b68556d2f3476af5fcd194143ae?s=96&d=mm&r=g\",\"url\":\"https:\\\/\\\/secure.gravatar.com\\\/avatar\\\/92f686bae0992addea787ba673c0ff06758e3b68556d2f3476af5fcd194143ae?s=96&d=mm&r=g\",\"contentUrl\":\"https:\\\/\\\/secure.gravatar.com\\\/avatar\\\/92f686bae0992addea787ba673c0ff06758e3b68556d2f3476af5fcd194143ae?s=96&d=mm&r=g\",\"caption\":\"Dorota z Meblobranie.pl\"}}]}<\/script>\n<!-- \/ Yoast SEO plugin. -->","yoast_head_json":{"title":"Jak urz\u0105dzi\u0107 ma\u0142y salon ze sto\u0142em? - Porady Meblobranie.pl","description":"Zastanawiasz si\u0119 jak urz\u0105dzi\u0107 ma\u0142y salon ze sto\u0142em? Pomagamy i doradzamy, podpowiadamy style aran\u017cacji i wyb\u00f3r odpowiednich mebli.","robots":{"index":"index","follow":"follow","max-snippet":"max-snippet:-1","max-image-preview":"max-image-preview:large","max-video-preview":"max-video-preview:-1"},"canonical":"https:\/\/www.meblobranie.pl\/porady\/jak-urzadzic-maly-salon-ze-stolem\/","twitter_misc":{"Napisane przez":"Dorota z Meblobranie.pl","Szacowany czas czytania":"5 minut"},"schema":{"@context":"https:\/\/schema.org","@graph":[{"@type":"Article","@id":"https:\/\/www.meblobranie.pl\/porady\/jak-urzadzic-maly-salon-ze-stolem\/#article","isPartOf":{"@id":"https:\/\/www.meblobranie.pl\/porady\/jak-urzadzic-maly-salon-ze-stolem\/"},"author":{"name":"Dorota z Meblobranie.pl","@id":"https:\/\/www.meblobranie.pl\/porady\/#\/schema\/person\/24d6b4f9d12955904fe65661566c9d43"},"headline":"Jak urz\u0105dzi\u0107 ma\u0142y salon ze sto\u0142em?","datePublished":"2019-08-10T10:30:50+00:00","dateModified":"2021-09-20T14:34:25+00:00","mainEntityOfPage":{"@id":"https:\/\/www.meblobranie.pl\/porady\/jak-urzadzic-maly-salon-ze-stolem\/"},"wordCount":924,"commentCount":0,"image":{"@id":"https:\/\/www.meblobranie.pl\/porady\/jak-urzadzic-maly-salon-ze-stolem\/#primaryimage"},"thumbnailUrl":"https:\/\/www.meblobranie.pl\/porady\/wp-content\/uploads\/2019\/10\/maly-salon-ze-stolem-aranzacje-4.jpg","articleSection":["Poradnik","Wn\u0119trza"],"inLanguage":"pl-PL","potentialAction":[{"@type":"CommentAction","name":"Comment","target":["https:\/\/www.meblobranie.pl\/porady\/jak-urzadzic-maly-salon-ze-stolem\/#respond"]}]},{"@type":"WebPage","@id":"https:\/\/www.meblobranie.pl\/porady\/jak-urzadzic-maly-salon-ze-stolem\/","url":"https:\/\/www.meblobranie.pl\/porady\/jak-urzadzic-maly-salon-ze-stolem\/","name":"Jak urz\u0105dzi\u0107 ma\u0142y salon ze sto\u0142em? - Porady Meblobranie.pl","isPartOf":{"@id":"https:\/\/www.meblobranie.pl\/porady\/#website"},"primaryImageOfPage":{"@id":"https:\/\/www.meblobranie.pl\/porady\/jak-urzadzic-maly-salon-ze-stolem\/#primaryimage"},"image":{"@id":"https:\/\/www.meblobranie.pl\/porady\/jak-urzadzic-maly-salon-ze-stolem\/#primaryimage"},"thumbnailUrl":"https:\/\/www.meblobranie.pl\/porady\/wp-content\/uploads\/2019\/10\/maly-salon-ze-stolem-aranzacje-4.jpg","datePublished":"2019-08-10T10:30:50+00:00","dateModified":"2021-09-20T14:34:25+00:00","author":{"@id":"https:\/\/www.meblobranie.pl\/porady\/#\/schema\/person\/24d6b4f9d12955904fe65661566c9d43"},"description":"Zastanawiasz si\u0119 jak urz\u0105dzi\u0107 ma\u0142y salon ze sto\u0142em? Pomagamy i doradzamy, podpowiadamy style aran\u017cacji i wyb\u00f3r odpowiednich mebli.","breadcrumb":{"@id":"https:\/\/www.meblobranie.pl\/porady\/jak-urzadzic-maly-salon-ze-stolem\/#breadcrumb"},"inLanguage":"pl-PL","potentialAction":[{"@type":"ReadAction","target":["https:\/\/www.meblobranie.pl\/porady\/jak-urzadzic-maly-salon-ze-stolem\/"]}]},{"@type":"ImageObject","inLanguage":"pl-PL","@id":"https:\/\/www.meblobranie.pl\/porady\/jak-urzadzic-maly-salon-ze-stolem\/#primaryimage","url":"https:\/\/www.meblobranie.pl\/porady\/wp-content\/uploads\/2019\/10\/maly-salon-ze-stolem-aranzacje-4.jpg","contentUrl":"https:\/\/www.meblobranie.pl\/porady\/wp-content\/uploads\/2019\/10\/maly-salon-ze-stolem-aranzacje-4.jpg","width":640,"height":360,"caption":"ma\u0142y salon ze sto\u0142em aran\u017cacje"},{"@type":"BreadcrumbList","@id":"https:\/\/www.meblobranie.pl\/porady\/jak-urzadzic-maly-salon-ze-stolem\/#breadcrumb","itemListElement":[{"@type":"ListItem","position":1,"name":"Home","item":"https:\/\/www.meblobranie.pl\/porady\/"},{"@type":"ListItem","position":2,"name":"Jak urz\u0105dzi\u0107 ma\u0142y salon ze sto\u0142em?"}]},{"@type":"WebSite","@id":"https:\/\/www.meblobranie.pl\/porady\/#website","url":"https:\/\/www.meblobranie.pl\/porady\/","name":"Porady Meblobranie.pl","description":"Blog o tarasach i ogrodach","potentialAction":[{"@type":"SearchAction","target":{"@type":"EntryPoint","urlTemplate":"https:\/\/www.meblobranie.pl\/porady\/?s={search_term_string}"},"query-input":{"@type":"PropertyValueSpecification","valueRequired":true,"valueName":"search_term_string"}}],"inLanguage":"pl-PL"},{"@type":"Person","@id":"https:\/\/www.meblobranie.pl\/porady\/#\/schema\/person\/24d6b4f9d12955904fe65661566c9d43","name":"Dorota z Meblobranie.pl","image":{"@type":"ImageObject","inLanguage":"pl-PL","@id":"https:\/\/secure.gravatar.com\/avatar\/92f686bae0992addea787ba673c0ff06758e3b68556d2f3476af5fcd194143ae?s=96&d=mm&r=g","url":"https:\/\/secure.gravatar.com\/avatar\/92f686bae0992addea787ba673c0ff06758e3b68556d2f3476af5fcd194143ae?s=96&d=mm&r=g","contentUrl":"https:\/\/secure.gravatar.com\/avatar\/92f686bae0992addea787ba673c0ff06758e3b68556d2f3476af5fcd194143ae?s=96&d=mm&r=g","caption":"Dorota z Meblobranie.pl"}}]}},"_links":{"self":[{"href":"https:\/\/www.meblobranie.pl\/porady\/wp-json\/wp\/v2\/posts\/23130","targetHints":{"allow":["GET"]}}],"collection":[{"href":"https:\/\/www.meblobranie.pl\/porady\/wp-json\/wp\/v2\/posts"}],"about":[{"href":"https:\/\/www.meblobranie.pl\/porady\/wp-json\/wp\/v2\/types\/post"}],"author":[{"embeddable":true,"href":"https:\/\/www.meblobranie.pl\/porady\/wp-json\/wp\/v2\/users\/23"}],"replies":[{"embeddable":true,"href":"https:\/\/www.meblobranie.pl\/porady\/wp-json\/wp\/v2\/comments?post=23130"}],"version-history":[{"count":0,"href":"https:\/\/www.meblobranie.pl\/porady\/wp-json\/wp\/v2\/posts\/23130\/revisions"}],"wp:featuredmedia":[{"embeddable":true,"href":"https:\/\/www.meblobranie.pl\/porady\/wp-json\/wp\/v2\/media\/23151"}],"wp:attachment":[{"href":"https:\/\/www.meblobranie.pl\/porady\/wp-json\/wp\/v2\/media?parent=23130"}],"wp:term":[{"taxonomy":"category","embeddable":true,"href":"https:\/\/www.meblobranie.pl\/porady\/wp-json\/wp\/v2\/categories?post=23130"},{"taxonomy":"post_tag","embeddable":true,"href":"https:\/\/www.meblobranie.pl\/porady\/wp-json\/wp\/v2\/tags?post=23130"}],"curies":[{"name":"wp","href":"https:\/\/api.w.org\/{rel}","templated":true}]}}