{"id":24715,"date":"2020-02-10T08:06:44","date_gmt":"2020-02-10T07:06:44","guid":{"rendered":"https:\/\/www.meblobranie.pl\/porady\/?p=24715"},"modified":"2023-05-31T09:06:46","modified_gmt":"2023-05-31T07:06:46","slug":"piekne-tarasy-galeria-zdjec-naszych-klientow","status":"publish","type":"post","link":"https:\/\/www.meblobranie.pl\/porady\/piekne-tarasy-galeria-zdjec-naszych-klientow\/","title":{"rendered":"Pi\u0119kne tarasy \u2013 galeria zdj\u0119\u0107 naszych Klient\u00f3w"},"content":{"rendered":"<p>Prezentujemy <strong>najpi\u0119kniejsze tarasy stworzone przez naszych Klient\u00f3w<\/strong>. W galerii znajdziecie aran\u017cacje w r\u00f3\u017cnej kolorystyce i r\u00f3\u017cnych stylach &#8211; niekt\u00f3re pomys\u0142y naprawd\u0119 Was zaskocz\u0105! Wszystkie aran\u017cacje zosta\u0142y stworzone z u\u017cyciem <a href=\"\/meble-tarasowe\" target=\"_blank\" rel=\"noopener\">mebli tarasowych<\/a> dost\u0119pnych w naszym sklepie. Je\u015bli po obejrzeniu poni\u017cszych aran\u017cacji b\u0119dziecie mieli ochot\u0119 na wi\u0119cej, przy poszczeg\u00f3lnych produktach znajdziecie osobne galerie aran\u017cacji stworzonych przez u\u017cytkownik\u00f3w mebli na taras.<\/p>\n<p><div id=\"attachment_24731\" style=\"width: 710px\" class=\"wp-caption aligncenter\"><img loading=\"lazy\" decoding=\"async\" aria-describedby=\"caption-attachment-24731\" class=\"wp-image-24731 size-full\" src=\"https:\/\/www.meblobranie.pl\/porady\/wp-content\/uploads\/2020\/02\/piekne-tarasy-galeria-ontario.jpeg\" alt=\"pomys\u0142 na taras galeria\" width=\"700\" height=\"394\" srcset=\"https:\/\/www.meblobranie.pl\/porady\/wp-content\/uploads\/2020\/02\/piekne-tarasy-galeria-ontario.jpeg 700w, https:\/\/www.meblobranie.pl\/porady\/wp-content\/uploads\/2020\/02\/piekne-tarasy-galeria-ontario-300x169.jpeg 300w\" sizes=\"auto, (max-width: 700px) 100vw, 700px\" \/><p id=\"caption-attachment-24731\" class=\"wp-caption-text\">W ostatnich latach coraz wi\u0119cej tekstyli\u00f3w charakterystycznych dla wn\u0119trz pojawia si\u0119 w wersji tarasowej.<\/p><\/div><!--more--><br \/>\n[[kategoria_producent:1872:258:6]]<\/p>\n<h2>Pi\u0119kny taras przy domu<\/h2>\n<p>Na pocz\u0105tek kilka pomys\u0142\u00f3w na pi\u0119kny taras przydomowy &#8211; jakie dodatki dobra\u0107 do <a href=\"\/ogrod-meble-ogrodowe\">mebli ogrodowych<\/a>, \u017ceby <strong>aran\u017cacja tarasu prezentowa\u0142a si\u0119 naprawd\u0119 wyj\u0105tkowo<\/strong>? Zobaczcie co wybra\u0107 dla <a href=\"https:\/\/www.meblobranie.pl\/ogrod-meble-ogrodowe\/material-technorattan\">mebli ogrodowych z technoratanu<\/a>, a co dla <a href=\"https:\/\/www.meblobranie.pl\/ogrod-meble-ogrodowe\/material-drewno\">drewnianych mebli do ogrodu<\/a> &#8211; te aran\u017cacje Ci\u0119 zainspiruj\u0105!<\/p>\n<div id=\"attachment_24724\" style=\"width: 710px\" class=\"wp-caption aligncenter\"><img loading=\"lazy\" decoding=\"async\" aria-describedby=\"caption-attachment-24724\" class=\"wp-image-24724 size-full\" src=\"https:\/\/www.meblobranie.pl\/porady\/wp-content\/uploads\/2020\/02\/piekne-tarasy-przydomowe-cortina.jpeg\" alt=\"pi\u0119kny taras z meblami\" width=\"700\" height=\"525\" srcset=\"https:\/\/www.meblobranie.pl\/porady\/wp-content\/uploads\/2020\/02\/piekne-tarasy-przydomowe-cortina.jpeg 700w, https:\/\/www.meblobranie.pl\/porady\/wp-content\/uploads\/2020\/02\/piekne-tarasy-przydomowe-cortina-300x225.jpeg 300w\" sizes=\"auto, (max-width: 700px) 100vw, 700px\" \/><p id=\"caption-attachment-24724\" class=\"wp-caption-text\">W aran\u017cacjach tarasowych bardzo du\u017c\u0105 rol\u0119 odgrywa ziele\u0144 &#8211; otoczenie ro\u015blin nadaje klimat ca\u0142emu tarasowi.<\/p><\/div>\n<div id=\"attachment_24725\" style=\"width: 710px\" class=\"wp-caption aligncenter\"><img loading=\"lazy\" decoding=\"async\" aria-describedby=\"caption-attachment-24725\" class=\"wp-image-24725 size-full\" src=\"https:\/\/www.meblobranie.pl\/porady\/wp-content\/uploads\/2020\/02\/piekne-tarasy-przydomowe-milla.jpeg\" alt=\"przydomowe tarasy\" width=\"700\" height=\"394\" srcset=\"https:\/\/www.meblobranie.pl\/porady\/wp-content\/uploads\/2020\/02\/piekne-tarasy-przydomowe-milla.jpeg 700w, https:\/\/www.meblobranie.pl\/porady\/wp-content\/uploads\/2020\/02\/piekne-tarasy-przydomowe-milla-300x169.jpeg 300w\" sizes=\"auto, (max-width: 700px) 100vw, 700px\" \/><p id=\"caption-attachment-24725\" class=\"wp-caption-text\">Aran\u017cuj\u0105c taras z powodzeniem mo\u017cemy do niego podej\u015b\u0107 jak do letniego salonu, wykorzystuj\u0105c meble wykonane z materia\u0142\u00f3w odpornych na warunki atmosferyczne.<\/p><\/div>\n<div id=\"attachment_24726\" style=\"width: 710px\" class=\"wp-caption aligncenter\"><img loading=\"lazy\" decoding=\"async\" aria-describedby=\"caption-attachment-24726\" class=\"wp-image-24726 size-full\" src=\"https:\/\/www.meblobranie.pl\/porady\/wp-content\/uploads\/2020\/02\/piekne-tarasy-zdjecia-corfu.jpeg\" alt=\"pi\u0119kne tarasy przydomowe\" width=\"700\" height=\"525\" srcset=\"https:\/\/www.meblobranie.pl\/porady\/wp-content\/uploads\/2020\/02\/piekne-tarasy-zdjecia-corfu.jpeg 700w, https:\/\/www.meblobranie.pl\/porady\/wp-content\/uploads\/2020\/02\/piekne-tarasy-zdjecia-corfu-300x225.jpeg 300w\" sizes=\"auto, (max-width: 700px) 100vw, 700px\" \/><p id=\"caption-attachment-24726\" class=\"wp-caption-text\">Odpowiedni dob\u00f3r ozdobnych poduszek do mebli ogrodowych potrafi nada\u0107 aran\u017cacji na ma\u0142y taras wyj\u0105tkowego charakteru.<\/p><\/div>\n<div id=\"attachment_24727\" style=\"width: 710px\" class=\"wp-caption aligncenter\"><img loading=\"lazy\" decoding=\"async\" aria-describedby=\"caption-attachment-24727\" class=\"wp-image-24727 size-full\" src=\"https:\/\/www.meblobranie.pl\/porady\/wp-content\/uploads\/2020\/02\/piekny-taras-przy-domu-corfu.jpeg\" alt=\"aran\u017cacje tarasu\" width=\"700\" height=\"393\" srcset=\"https:\/\/www.meblobranie.pl\/porady\/wp-content\/uploads\/2020\/02\/piekny-taras-przy-domu-corfu.jpeg 700w, https:\/\/www.meblobranie.pl\/porady\/wp-content\/uploads\/2020\/02\/piekny-taras-przy-domu-corfu-300x168.jpeg 300w\" sizes=\"auto, (max-width: 700px) 100vw, 700px\" \/><p id=\"caption-attachment-24727\" class=\"wp-caption-text\">R\u00f3wnie\u017c na tarasach modne s\u0105 popularne ostatnio motywy tropikalnych li\u015bci.<\/p><\/div>\n<div id=\"attachment_24728\" style=\"width: 710px\" class=\"wp-caption aligncenter\"><img loading=\"lazy\" decoding=\"async\" aria-describedby=\"caption-attachment-24728\" class=\"wp-image-24728 size-full\" src=\"https:\/\/www.meblobranie.pl\/porady\/wp-content\/uploads\/2020\/02\/piekny-taras-stefano.jpeg\" alt=\"pi\u0119kne tarasy zdj\u0119cia\" width=\"700\" height=\"525\" srcset=\"https:\/\/www.meblobranie.pl\/porady\/wp-content\/uploads\/2020\/02\/piekny-taras-stefano.jpeg 700w, https:\/\/www.meblobranie.pl\/porady\/wp-content\/uploads\/2020\/02\/piekny-taras-stefano-300x225.jpeg 300w\" sizes=\"auto, (max-width: 700px) 100vw, 700px\" \/><p id=\"caption-attachment-24728\" class=\"wp-caption-text\">Meble rattanowe, subtelne detale i mocny akcent kolorystyczny to cz\u0119sto dobra recepta na aran\u017cacj\u0119 tarasu.<\/p><\/div>\n<div id=\"attachment_24740\" style=\"width: 710px\" class=\"wp-caption aligncenter\"><img loading=\"lazy\" decoding=\"async\" aria-describedby=\"caption-attachment-24740\" class=\"wp-image-24740 size-full\" src=\"https:\/\/www.meblobranie.pl\/porady\/wp-content\/uploads\/2020\/02\/przydomowe-tarasy-cortina.jpeg\" alt=\"tarasy przydomowe - galeria\" width=\"700\" height=\"525\" srcset=\"https:\/\/www.meblobranie.pl\/porady\/wp-content\/uploads\/2020\/02\/przydomowe-tarasy-cortina.jpeg 700w, https:\/\/www.meblobranie.pl\/porady\/wp-content\/uploads\/2020\/02\/przydomowe-tarasy-cortina-300x225.jpeg 300w\" sizes=\"auto, (max-width: 700px) 100vw, 700px\" \/><p id=\"caption-attachment-24740\" class=\"wp-caption-text\">Zas\u0142onki potrafi\u0105 doda\u0107 tarasowi uroku i jednocze\u015bnie mog\u0105 stanowi\u0107 os\u0142on\u0119 przed s\u0142o\u0144cem.<\/p><\/div>\n<p>[[kategoria_producent:1872:152:6]]<\/p>\n<h2>Pi\u0119kne tarasy ogrodowe<\/h2>\n<p>Tarasy ogrodowe daj\u0105 nam dodatkowe mo\u017cliwo\u015bci &#8211; mo\u017cemy swobodnie wykorzysta\u0107 do budowania nastroju aran\u017cacji widoczny obok ogr\u00f3d i ro\u015bliny. Dzi\u0119ki temu <strong>tarasy ogrodowe pi\u0119knie harmonizuj\u0105 z zieleni\u0105<\/strong> otaczaj\u0105c\u0105 <a href=\"\/zestawy-ogrodowe\">zestaw na taras<\/a>. R\u00f3wnie\u017c dobrze urz\u0105dzony taras zadaszony mo\u017ce zyska\u0107 dzi\u0119ki ro\u015blinom niepowtarzalny klimat.<\/p>\n<div id=\"attachment_24716\" style=\"width: 710px\" class=\"wp-caption aligncenter\"><img loading=\"lazy\" decoding=\"async\" aria-describedby=\"caption-attachment-24716\" class=\"wp-image-24716 size-full\" src=\"https:\/\/www.meblobranie.pl\/porady\/wp-content\/uploads\/2020\/02\/piekne-tarasy-corfu.jpeg\" alt=\"przydomowe tarasy\" width=\"700\" height=\"469\" srcset=\"https:\/\/www.meblobranie.pl\/porady\/wp-content\/uploads\/2020\/02\/piekne-tarasy-corfu.jpeg 700w, https:\/\/www.meblobranie.pl\/porady\/wp-content\/uploads\/2020\/02\/piekne-tarasy-corfu-300x201.jpeg 300w\" sizes=\"auto, (max-width: 700px) 100vw, 700px\" \/><p id=\"caption-attachment-24716\" class=\"wp-caption-text\">Poduszki z ciekawym wzorem mog\u0105 nada\u0107 aran\u017cacji tarasu wielkomiejskiego charakteru.<\/p><\/div>\n<div id=\"attachment_24717\" style=\"width: 710px\" class=\"wp-caption aligncenter\"><img loading=\"lazy\" decoding=\"async\" aria-describedby=\"caption-attachment-24717\" class=\"wp-image-24717 size-full\" src=\"https:\/\/www.meblobranie.pl\/porady\/wp-content\/uploads\/2020\/02\/piekne-tarasy-ogrodowe-stefano.jpeg\" alt=\"pi\u0119kne tarasy przydomowe\" width=\"700\" height=\"340\" srcset=\"https:\/\/www.meblobranie.pl\/porady\/wp-content\/uploads\/2020\/02\/piekne-tarasy-ogrodowe-stefano.jpeg 700w, https:\/\/www.meblobranie.pl\/porady\/wp-content\/uploads\/2020\/02\/piekne-tarasy-ogrodowe-stefano-300x146.jpeg 300w\" sizes=\"auto, (max-width: 700px) 100vw, 700px\" \/><p id=\"caption-attachment-24717\" class=\"wp-caption-text\">Przy aran\u017cacji tarasu warto wybra\u0107 g\u0142\u00f3wne kolory, kt\u00f3rymi b\u0119dziemy si\u0119 kierowa\u0107 przy wyborze dodatk\u00f3w.<\/p><\/div>\n<div id=\"attachment_24718\" style=\"width: 710px\" class=\"wp-caption aligncenter\"><img loading=\"lazy\" decoding=\"async\" aria-describedby=\"caption-attachment-24718\" class=\"wp-image-24718 size-full\" src=\"https:\/\/www.meblobranie.pl\/porady\/wp-content\/uploads\/2020\/02\/piekne-tarasy-ontario.jpeg\" alt=\"pi\u0119kny taras przy domu\" width=\"700\" height=\"340\" srcset=\"https:\/\/www.meblobranie.pl\/porady\/wp-content\/uploads\/2020\/02\/piekne-tarasy-ontario.jpeg 700w, https:\/\/www.meblobranie.pl\/porady\/wp-content\/uploads\/2020\/02\/piekne-tarasy-ontario-300x146.jpeg 300w\" sizes=\"auto, (max-width: 700px) 100vw, 700px\" \/><p id=\"caption-attachment-24718\" class=\"wp-caption-text\">Du\u017ce mo\u017cliwo\u015bci aran\u017cacji daj\u0105 przydomowe tarasy z zadaszeniem, chroni\u0105cym meble przed zamoczeniem.<\/p><\/div>\n<div id=\"attachment_24719\" style=\"width: 535px\" class=\"wp-caption aligncenter\"><img loading=\"lazy\" decoding=\"async\" aria-describedby=\"caption-attachment-24719\" class=\"wp-image-24719 size-full\" src=\"https:\/\/www.meblobranie.pl\/porady\/wp-content\/uploads\/2020\/02\/piekny-taras-altito.jpeg\" alt=\"pomys\u0142y na tarasy ogrodowe\" width=\"525\" height=\"700\" srcset=\"https:\/\/www.meblobranie.pl\/porady\/wp-content\/uploads\/2020\/02\/piekny-taras-altito.jpeg 525w, https:\/\/www.meblobranie.pl\/porady\/wp-content\/uploads\/2020\/02\/piekny-taras-altito-225x300.jpeg 225w\" sizes=\"auto, (max-width: 525px) 100vw, 525px\" \/><p id=\"caption-attachment-24719\" class=\"wp-caption-text\">W sezonie letnim posi\u0142ki na \u015bwie\u017cym powietrzu z pewno\u015bci\u0105 umili odpowiednio dobrany <a href=\"\/parasole-ogrodowe-balkonowe\">parasol ogrodowy<\/a>.<\/p><\/div>\n<div id=\"attachment_24720\" style=\"width: 710px\" class=\"wp-caption aligncenter\"><img loading=\"lazy\" decoding=\"async\" aria-describedby=\"caption-attachment-24720\" class=\"wp-image-24720 size-full\" src=\"https:\/\/www.meblobranie.pl\/porady\/wp-content\/uploads\/2020\/02\/piekny-taras-przy-domu-verona.jpeg\" alt=\"stylowe tarasy\" width=\"700\" height=\"394\" srcset=\"https:\/\/www.meblobranie.pl\/porady\/wp-content\/uploads\/2020\/02\/piekny-taras-przy-domu-verona.jpeg 700w, https:\/\/www.meblobranie.pl\/porady\/wp-content\/uploads\/2020\/02\/piekny-taras-przy-domu-verona-300x169.jpeg 300w\" sizes=\"auto, (max-width: 700px) 100vw, 700px\" \/><p id=\"caption-attachment-24720\" class=\"wp-caption-text\">Nowoczesne tarasy w stylu minimalistycznym to jeden z popularnych trend\u00f3w aran\u017cacyjnych.<\/p><\/div>\n<div id=\"attachment_24721\" style=\"width: 710px\" class=\"wp-caption aligncenter\"><img loading=\"lazy\" decoding=\"async\" aria-describedby=\"caption-attachment-24721\" class=\"wp-image-24721 size-full\" src=\"https:\/\/www.meblobranie.pl\/porady\/wp-content\/uploads\/2020\/02\/piekny-taras-salemo.jpeg\" alt=\"pi\u0119kne tarasy galeria\" width=\"700\" height=\"525\" srcset=\"https:\/\/www.meblobranie.pl\/porady\/wp-content\/uploads\/2020\/02\/piekny-taras-salemo.jpeg 700w, https:\/\/www.meblobranie.pl\/porady\/wp-content\/uploads\/2020\/02\/piekny-taras-salemo-300x225.jpeg 300w\" sizes=\"auto, (max-width: 700px) 100vw, 700px\" \/><p id=\"caption-attachment-24721\" class=\"wp-caption-text\">Altanka ustawiona w ogrodzie daje du\u017ce mo\u017cliwo\u015bci aran\u017cacyjne, szczeg\u00f3lnie je\u015bli mamy wp\u0142yw na jej wyko\u0144czenie.<\/p><\/div>\n<div id=\"attachment_24722\" style=\"width: 710px\" class=\"wp-caption aligncenter\"><img loading=\"lazy\" decoding=\"async\" aria-describedby=\"caption-attachment-24722\" class=\"wp-image-24722 size-full\" src=\"https:\/\/www.meblobranie.pl\/porady\/wp-content\/uploads\/2020\/02\/przydomowe-tarasy-corfu.jpeg\" alt=\"pi\u0119kny taras zdj\u0119cia\" width=\"700\" height=\"463\" srcset=\"https:\/\/www.meblobranie.pl\/porady\/wp-content\/uploads\/2020\/02\/przydomowe-tarasy-corfu.jpeg 700w, https:\/\/www.meblobranie.pl\/porady\/wp-content\/uploads\/2020\/02\/przydomowe-tarasy-corfu-300x198.jpeg 300w\" sizes=\"auto, (max-width: 700px) 100vw, 700px\" \/><p id=\"caption-attachment-24722\" class=\"wp-caption-text\">Projekt tarasu ustawionego po\u015br\u00f3d ogrodu daje nam mo\u017cliwo\u015b\u0107 bli\u017cszego obcowania z natur\u0105.<\/p><\/div>\n<p>[[kategoria_producent:1872:153:6]]<\/p>\n<h2>Pi\u0119kny taras zdj\u0119cia<\/h2>\n<p>Jak Wam si\u0119 podoba galeria zdj\u0119\u0107 naszych klient\u00f3w? Poni\u017cej prezentujemy <strong>jeszcze kilka ciekawych aran\u017cacji taras\u00f3w<\/strong>, a je\u015bli to dla Was za ma\u0142o, koniecznie zajrzyjcie do aran\u017cacji mebli ogrodowych dost\u0119pnych w zak\u0142adce kategorii.<\/p>\n<div id=\"attachment_24732\" style=\"width: 710px\" class=\"wp-caption aligncenter\"><img loading=\"lazy\" decoding=\"async\" aria-describedby=\"caption-attachment-24732\" class=\"wp-image-24732 size-full\" src=\"https:\/\/www.meblobranie.pl\/porady\/wp-content\/uploads\/2020\/02\/piekne-tarasy-milla.jpeg\" alt=\"inspiracje na taras - zdj\u0119cia\" width=\"700\" height=\"525\" srcset=\"https:\/\/www.meblobranie.pl\/porady\/wp-content\/uploads\/2020\/02\/piekne-tarasy-milla.jpeg 700w, https:\/\/www.meblobranie.pl\/porady\/wp-content\/uploads\/2020\/02\/piekne-tarasy-milla-300x225.jpeg 300w\" sizes=\"auto, (max-width: 700px) 100vw, 700px\" \/><p id=\"caption-attachment-24732\" class=\"wp-caption-text\">Bardzo popularnym trendem s\u0105 dywany na tarasy, kt\u00f3re dodaj\u0105 aran\u017cacji domowego klimatu.<\/p><\/div>\n<div id=\"attachment_24733\" style=\"width: 710px\" class=\"wp-caption aligncenter\"><img loading=\"lazy\" decoding=\"async\" aria-describedby=\"caption-attachment-24733\" class=\"wp-image-24733 size-full\" src=\"https:\/\/www.meblobranie.pl\/porady\/wp-content\/uploads\/2020\/02\/piekne-tarasy-ogrodowe-corfu.jpeg\" alt=\"pi\u0119kne tarasy galeria\" width=\"700\" height=\"525\" srcset=\"https:\/\/www.meblobranie.pl\/porady\/wp-content\/uploads\/2020\/02\/piekne-tarasy-ogrodowe-corfu.jpeg 700w, https:\/\/www.meblobranie.pl\/porady\/wp-content\/uploads\/2020\/02\/piekne-tarasy-ogrodowe-corfu-300x225.jpeg 300w\" sizes=\"auto, (max-width: 700px) 100vw, 700px\" \/><p id=\"caption-attachment-24733\" class=\"wp-caption-text\">Odpowiednio dobrane dodatki potrafi\u0105 sprawi\u0107, \u017ce nawet tanie <a href=\"\/ogrod-meble-ogrodowe\/material-tworzywo-sztuczne\">meble plastikowe<\/a> wygl\u0105daj\u0105 niczym z pierwszych stron magazyn\u00f3w wn\u0119trzarskich.<\/p><\/div>\n<div id=\"attachment_24730\" style=\"width: 710px\" class=\"wp-caption aligncenter\"><img loading=\"lazy\" decoding=\"async\" aria-describedby=\"caption-attachment-24730\" class=\"wp-image-24730 size-full\" src=\"https:\/\/www.meblobranie.pl\/porady\/wp-content\/uploads\/2020\/02\/piekne-tarasy-galeria-keter.jpeg\" alt=\"pi\u0119kny taras przy domu\" width=\"700\" height=\"525\" srcset=\"https:\/\/www.meblobranie.pl\/porady\/wp-content\/uploads\/2020\/02\/piekne-tarasy-galeria-keter.jpeg 700w, https:\/\/www.meblobranie.pl\/porady\/wp-content\/uploads\/2020\/02\/piekne-tarasy-galeria-keter-300x225.jpeg 300w\" sizes=\"auto, (max-width: 700px) 100vw, 700px\" \/><p id=\"caption-attachment-24730\" class=\"wp-caption-text\">Wygodne krzes\u0142a i st\u00f3\u0142 to \u015bwietny spos\u00f3b na aran\u017cacj\u0119 tarasu, je\u015bli jeste\u015bmy wielbicielami biesiadowania na \u015bwie\u017cym powietrzu.<\/p><\/div>\n<div id=\"attachment_24723\" style=\"width: 710px\" class=\"wp-caption aligncenter\"><img loading=\"lazy\" decoding=\"async\" aria-describedby=\"caption-attachment-24723\" class=\"wp-image-24723 size-full\" src=\"https:\/\/www.meblobranie.pl\/porady\/wp-content\/uploads\/2020\/02\/piekne-tarasy-galeria-asturito.jpeg\" alt=\"wzory taras\u00f3w przydomowych\" width=\"700\" height=\"394\" srcset=\"https:\/\/www.meblobranie.pl\/porady\/wp-content\/uploads\/2020\/02\/piekne-tarasy-galeria-asturito.jpeg 700w, https:\/\/www.meblobranie.pl\/porady\/wp-content\/uploads\/2020\/02\/piekne-tarasy-galeria-asturito-300x169.jpeg 300w\" sizes=\"auto, (max-width: 700px) 100vw, 700px\" \/><p id=\"caption-attachment-24723\" class=\"wp-caption-text\">Cz\u0119sto odpowiednio dobrane do zestawu tarasowego tekstylia wystarcz\u0105 za ca\u0142\u0105 dekoracj\u0119.<\/p><\/div>\n<div id=\"attachment_24734\" style=\"width: 710px\" class=\"wp-caption aligncenter\"><img loading=\"lazy\" decoding=\"async\" aria-describedby=\"caption-attachment-24734\" class=\"wp-image-24734 size-full\" src=\"https:\/\/www.meblobranie.pl\/porady\/wp-content\/uploads\/2020\/02\/piekne-tarasy-zdjecia-ligurito.jpeg\" alt=\"\u0142adny taras z meblami\" width=\"700\" height=\"394\" srcset=\"https:\/\/www.meblobranie.pl\/porady\/wp-content\/uploads\/2020\/02\/piekne-tarasy-zdjecia-ligurito.jpeg 700w, https:\/\/www.meblobranie.pl\/porady\/wp-content\/uploads\/2020\/02\/piekne-tarasy-zdjecia-ligurito-300x169.jpeg 300w\" sizes=\"auto, (max-width: 700px) 100vw, 700px\" \/><p id=\"caption-attachment-24734\" class=\"wp-caption-text\">Urz\u0105dzaj\u0105c tarasy przydomowe warto pami\u0119ta\u0107 o ustawieniu donic z kwiatami &#8211; uprzyjemni\u0105 one wypoczynek.<\/p><\/div>\n<div id=\"attachment_24735\" style=\"width: 710px\" class=\"wp-caption aligncenter\"><img loading=\"lazy\" decoding=\"async\" aria-describedby=\"caption-attachment-24735\" class=\"wp-image-24735 size-full\" src=\"https:\/\/www.meblobranie.pl\/porady\/wp-content\/uploads\/2020\/02\/piekny-taras-zdjecia-corfu.jpeg\" alt=\"nowoczesny taras - aran\u017cacje\" width=\"700\" height=\"525\" srcset=\"https:\/\/www.meblobranie.pl\/porady\/wp-content\/uploads\/2020\/02\/piekny-taras-zdjecia-corfu.jpeg 700w, https:\/\/www.meblobranie.pl\/porady\/wp-content\/uploads\/2020\/02\/piekny-taras-zdjecia-corfu-300x225.jpeg 300w\" sizes=\"auto, (max-width: 700px) 100vw, 700px\" \/><p id=\"caption-attachment-24735\" class=\"wp-caption-text\">Mocne, \u017cywe kolory poduszek na meble ogrodowe i innych tekstyli\u00f3w pozwalaj\u0105 uzyska\u0107 weso\u0142\u0105, energetyzuj\u0105c\u0105 aran\u017cacj\u0119 tarasu.<\/p><\/div>\n<div id=\"attachment_24736\" style=\"width: 710px\" class=\"wp-caption aligncenter\"><img loading=\"lazy\" decoding=\"async\" aria-describedby=\"caption-attachment-24736\" class=\"wp-image-24736 size-full\" src=\"https:\/\/www.meblobranie.pl\/porady\/wp-content\/uploads\/2020\/02\/piekny-taras-zdjecia-topiano.jpeg\" alt=\"wystr\u00f3j tarasu pomys\u0142y inspiracje\" width=\"700\" height=\"525\" srcset=\"https:\/\/www.meblobranie.pl\/porady\/wp-content\/uploads\/2020\/02\/piekny-taras-zdjecia-topiano.jpeg 700w, https:\/\/www.meblobranie.pl\/porady\/wp-content\/uploads\/2020\/02\/piekny-taras-zdjecia-topiano-300x225.jpeg 300w\" sizes=\"auto, (max-width: 700px) 100vw, 700px\" \/><p id=\"caption-attachment-24736\" class=\"wp-caption-text\">Je\u015bli \u0142\u0105czymy r\u00f3\u017cne meble tarasowe, warto zadba\u0107 o element spajaj\u0105cy aran\u017cacj\u0119, np. wsp\u00f3\u0142graj\u0105c\u0105 kolorystyk\u0119 tekstyli\u00f3w.<\/p><\/div>\n<p>[[kategoria_producent:1872:241:6]]<\/p>\n<p style=\"text-align: center;\">***<\/p>\n<p>Jak Wam si\u0119 podobaj\u0105 zaprezentowane aran\u017cacje? Czy kt\u00f3ra\u015b szczeg\u00f3lnie przypad\u0142a Wam do gustu? A mo\u017ce chcieliby\u015bcie <strong>pochwali\u0107 si\u0119 swoim pomys\u0142em na pi\u0119kny taras<\/strong>? Dajcie zna\u0107 w komentarzach!<\/p>\n","protected":false},"excerpt":{"rendered":"<p>Prezentujemy najpi\u0119kniejsze tarasy stworzone przez naszych Klient\u00f3w. W galerii znajdziecie aran\u017cacje w r\u00f3\u017cnej kolorystyce i r\u00f3\u017cnych stylach &#8211; niekt\u00f3re pomys\u0142y naprawd\u0119 Was zaskocz\u0105! Wszystkie aran\u017cacje zosta\u0142y stworzone z u\u017cyciem mebli tarasowych dost\u0119pnych w naszym sklepie. Je\u015bli po obejrzeniu poni\u017cszych aran\u017cacji b\u0119dziecie mieli ochot\u0119 na wi\u0119cej, przy poszczeg\u00f3lnych produktach znajdziecie osobne galerie aran\u017cacji stworzonych przez u\u017cytkownik\u00f3w [&hellip;]<\/p>\n","protected":false},"author":18,"featured_media":24731,"comment_status":"open","ping_status":"closed","sticky":false,"template":"","format":"standard","meta":{"_acf_changed":false,"ngg_post_thumbnail":0,"footnotes":""},"categories":[13,9,905],"tags":[],"class_list":{"0":"post-24715","1":"post","2":"type-post","3":"status-publish","4":"format-standard","5":"has-post-thumbnail","7":"category-inspiracje","8":"category-nasze-produkty","9":"category-ogrod"},"acf":[],"yoast_head":"<!-- This site is optimized with the Yoast SEO plugin v27.4 - https:\/\/yoast.com\/product\/yoast-seo-wordpress\/ -->\n<title>Pi\u0119kne tarasy \u2013 galeria zdj\u0119\u0107 naszych Klient\u00f3w<\/title>\n<meta name=\"description\" content=\"Szukasz zdj\u0119\u0107 pi\u0119knych taras\u00f3w, by znale\u017a\u0107 inspiracj\u0119 do urz\u0105dzenia w\u0142asnego? Dobrze trafi\u0142e\u015b! Prezentujemy aran\u017cacje stworzone przez naszych Klient\u00f3w.\" \/>\n<meta name=\"robots\" content=\"index, follow, max-snippet:-1, max-image-preview:large, max-video-preview:-1\" \/>\n<link rel=\"canonical\" href=\"https:\/\/www.meblobranie.pl\/porady\/piekne-tarasy-galeria-zdjec-naszych-klientow\/\" \/>\n<meta name=\"twitter:label1\" content=\"Napisane przez\" \/>\n\t<meta name=\"twitter:data1\" content=\"Natalia z Meblobranie.pl\" \/>\n\t<meta name=\"twitter:label2\" content=\"Szacowany czas czytania\" \/>\n\t<meta name=\"twitter:data2\" content=\"4 minuty\" \/>\n<script type=\"application\/ld+json\" class=\"yoast-schema-graph\">{\"@context\":\"https:\\\/\\\/schema.org\",\"@graph\":[{\"@type\":\"Article\",\"@id\":\"https:\\\/\\\/www.meblobranie.pl\\\/porady\\\/piekne-tarasy-galeria-zdjec-naszych-klientow\\\/#article\",\"isPartOf\":{\"@id\":\"https:\\\/\\\/www.meblobranie.pl\\\/porady\\\/piekne-tarasy-galeria-zdjec-naszych-klientow\\\/\"},\"author\":{\"name\":\"Natalia z Meblobranie.pl\",\"@id\":\"https:\\\/\\\/www.meblobranie.pl\\\/porady\\\/#\\\/schema\\\/person\\\/947af96c0073e071e3c3c7dd5c17001a\"},\"headline\":\"Pi\u0119kne tarasy \u2013 galeria zdj\u0119\u0107 naszych Klient\u00f3w\",\"datePublished\":\"2020-02-10T07:06:44+00:00\",\"dateModified\":\"2023-05-31T07:06:46+00:00\",\"mainEntityOfPage\":{\"@id\":\"https:\\\/\\\/www.meblobranie.pl\\\/porady\\\/piekne-tarasy-galeria-zdjec-naszych-klientow\\\/\"},\"wordCount\":805,\"commentCount\":0,\"image\":{\"@id\":\"https:\\\/\\\/www.meblobranie.pl\\\/porady\\\/piekne-tarasy-galeria-zdjec-naszych-klientow\\\/#primaryimage\"},\"thumbnailUrl\":\"https:\\\/\\\/www.meblobranie.pl\\\/porady\\\/wp-content\\\/uploads\\\/2020\\\/02\\\/piekne-tarasy-galeria-ontario.jpeg\",\"articleSection\":[\"Inspiracje\",\"Nasze produkty\",\"Ogr\u00f3d\"],\"inLanguage\":\"pl-PL\",\"potentialAction\":[{\"@type\":\"CommentAction\",\"name\":\"Comment\",\"target\":[\"https:\\\/\\\/www.meblobranie.pl\\\/porady\\\/piekne-tarasy-galeria-zdjec-naszych-klientow\\\/#respond\"]}]},{\"@type\":\"WebPage\",\"@id\":\"https:\\\/\\\/www.meblobranie.pl\\\/porady\\\/piekne-tarasy-galeria-zdjec-naszych-klientow\\\/\",\"url\":\"https:\\\/\\\/www.meblobranie.pl\\\/porady\\\/piekne-tarasy-galeria-zdjec-naszych-klientow\\\/\",\"name\":\"Pi\u0119kne tarasy \u2013 galeria zdj\u0119\u0107 naszych Klient\u00f3w\",\"isPartOf\":{\"@id\":\"https:\\\/\\\/www.meblobranie.pl\\\/porady\\\/#website\"},\"primaryImageOfPage\":{\"@id\":\"https:\\\/\\\/www.meblobranie.pl\\\/porady\\\/piekne-tarasy-galeria-zdjec-naszych-klientow\\\/#primaryimage\"},\"image\":{\"@id\":\"https:\\\/\\\/www.meblobranie.pl\\\/porady\\\/piekne-tarasy-galeria-zdjec-naszych-klientow\\\/#primaryimage\"},\"thumbnailUrl\":\"https:\\\/\\\/www.meblobranie.pl\\\/porady\\\/wp-content\\\/uploads\\\/2020\\\/02\\\/piekne-tarasy-galeria-ontario.jpeg\",\"datePublished\":\"2020-02-10T07:06:44+00:00\",\"dateModified\":\"2023-05-31T07:06:46+00:00\",\"author\":{\"@id\":\"https:\\\/\\\/www.meblobranie.pl\\\/porady\\\/#\\\/schema\\\/person\\\/947af96c0073e071e3c3c7dd5c17001a\"},\"description\":\"Szukasz zdj\u0119\u0107 pi\u0119knych taras\u00f3w, by znale\u017a\u0107 inspiracj\u0119 do urz\u0105dzenia w\u0142asnego? Dobrze trafi\u0142e\u015b! Prezentujemy aran\u017cacje stworzone przez naszych Klient\u00f3w.\",\"breadcrumb\":{\"@id\":\"https:\\\/\\\/www.meblobranie.pl\\\/porady\\\/piekne-tarasy-galeria-zdjec-naszych-klientow\\\/#breadcrumb\"},\"inLanguage\":\"pl-PL\",\"potentialAction\":[{\"@type\":\"ReadAction\",\"target\":[\"https:\\\/\\\/www.meblobranie.pl\\\/porady\\\/piekne-tarasy-galeria-zdjec-naszych-klientow\\\/\"]}]},{\"@type\":\"ImageObject\",\"inLanguage\":\"pl-PL\",\"@id\":\"https:\\\/\\\/www.meblobranie.pl\\\/porady\\\/piekne-tarasy-galeria-zdjec-naszych-klientow\\\/#primaryimage\",\"url\":\"https:\\\/\\\/www.meblobranie.pl\\\/porady\\\/wp-content\\\/uploads\\\/2020\\\/02\\\/piekne-tarasy-galeria-ontario.jpeg\",\"contentUrl\":\"https:\\\/\\\/www.meblobranie.pl\\\/porady\\\/wp-content\\\/uploads\\\/2020\\\/02\\\/piekne-tarasy-galeria-ontario.jpeg\",\"width\":700,\"height\":394,\"caption\":\"pi\u0119kne tarasy ogrodowe\"},{\"@type\":\"BreadcrumbList\",\"@id\":\"https:\\\/\\\/www.meblobranie.pl\\\/porady\\\/piekne-tarasy-galeria-zdjec-naszych-klientow\\\/#breadcrumb\",\"itemListElement\":[{\"@type\":\"ListItem\",\"position\":1,\"name\":\"Home\",\"item\":\"https:\\\/\\\/www.meblobranie.pl\\\/porady\\\/\"},{\"@type\":\"ListItem\",\"position\":2,\"name\":\"Pi\u0119kne tarasy \u2013 galeria zdj\u0119\u0107 naszych Klient\u00f3w\"}]},{\"@type\":\"WebSite\",\"@id\":\"https:\\\/\\\/www.meblobranie.pl\\\/porady\\\/#website\",\"url\":\"https:\\\/\\\/www.meblobranie.pl\\\/porady\\\/\",\"name\":\"Porady Meblobranie.pl\",\"description\":\"Blog o tarasach i ogrodach\",\"potentialAction\":[{\"@type\":\"SearchAction\",\"target\":{\"@type\":\"EntryPoint\",\"urlTemplate\":\"https:\\\/\\\/www.meblobranie.pl\\\/porady\\\/?s={search_term_string}\"},\"query-input\":{\"@type\":\"PropertyValueSpecification\",\"valueRequired\":true,\"valueName\":\"search_term_string\"}}],\"inLanguage\":\"pl-PL\"},{\"@type\":\"Person\",\"@id\":\"https:\\\/\\\/www.meblobranie.pl\\\/porady\\\/#\\\/schema\\\/person\\\/947af96c0073e071e3c3c7dd5c17001a\",\"name\":\"Natalia z Meblobranie.pl\",\"image\":{\"@type\":\"ImageObject\",\"inLanguage\":\"pl-PL\",\"@id\":\"https:\\\/\\\/secure.gravatar.com\\\/avatar\\\/bd86e117c16df3fbfc9c15b284df1e22c6f18f9100d5f6a33d24234751403824?s=96&d=mm&r=g\",\"url\":\"https:\\\/\\\/secure.gravatar.com\\\/avatar\\\/bd86e117c16df3fbfc9c15b284df1e22c6f18f9100d5f6a33d24234751403824?s=96&d=mm&r=g\",\"contentUrl\":\"https:\\\/\\\/secure.gravatar.com\\\/avatar\\\/bd86e117c16df3fbfc9c15b284df1e22c6f18f9100d5f6a33d24234751403824?s=96&d=mm&r=g\",\"caption\":\"Natalia z Meblobranie.pl\"}}]}<\/script>\n<!-- \/ Yoast SEO plugin. -->","yoast_head_json":{"title":"Pi\u0119kne tarasy \u2013 galeria zdj\u0119\u0107 naszych Klient\u00f3w","description":"Szukasz zdj\u0119\u0107 pi\u0119knych taras\u00f3w, by znale\u017a\u0107 inspiracj\u0119 do urz\u0105dzenia w\u0142asnego? Dobrze trafi\u0142e\u015b! Prezentujemy aran\u017cacje stworzone przez naszych Klient\u00f3w.","robots":{"index":"index","follow":"follow","max-snippet":"max-snippet:-1","max-image-preview":"max-image-preview:large","max-video-preview":"max-video-preview:-1"},"canonical":"https:\/\/www.meblobranie.pl\/porady\/piekne-tarasy-galeria-zdjec-naszych-klientow\/","twitter_misc":{"Napisane przez":"Natalia z Meblobranie.pl","Szacowany czas czytania":"4 minuty"},"schema":{"@context":"https:\/\/schema.org","@graph":[{"@type":"Article","@id":"https:\/\/www.meblobranie.pl\/porady\/piekne-tarasy-galeria-zdjec-naszych-klientow\/#article","isPartOf":{"@id":"https:\/\/www.meblobranie.pl\/porady\/piekne-tarasy-galeria-zdjec-naszych-klientow\/"},"author":{"name":"Natalia z Meblobranie.pl","@id":"https:\/\/www.meblobranie.pl\/porady\/#\/schema\/person\/947af96c0073e071e3c3c7dd5c17001a"},"headline":"Pi\u0119kne tarasy \u2013 galeria zdj\u0119\u0107 naszych Klient\u00f3w","datePublished":"2020-02-10T07:06:44+00:00","dateModified":"2023-05-31T07:06:46+00:00","mainEntityOfPage":{"@id":"https:\/\/www.meblobranie.pl\/porady\/piekne-tarasy-galeria-zdjec-naszych-klientow\/"},"wordCount":805,"commentCount":0,"image":{"@id":"https:\/\/www.meblobranie.pl\/porady\/piekne-tarasy-galeria-zdjec-naszych-klientow\/#primaryimage"},"thumbnailUrl":"https:\/\/www.meblobranie.pl\/porady\/wp-content\/uploads\/2020\/02\/piekne-tarasy-galeria-ontario.jpeg","articleSection":["Inspiracje","Nasze produkty","Ogr\u00f3d"],"inLanguage":"pl-PL","potentialAction":[{"@type":"CommentAction","name":"Comment","target":["https:\/\/www.meblobranie.pl\/porady\/piekne-tarasy-galeria-zdjec-naszych-klientow\/#respond"]}]},{"@type":"WebPage","@id":"https:\/\/www.meblobranie.pl\/porady\/piekne-tarasy-galeria-zdjec-naszych-klientow\/","url":"https:\/\/www.meblobranie.pl\/porady\/piekne-tarasy-galeria-zdjec-naszych-klientow\/","name":"Pi\u0119kne tarasy \u2013 galeria zdj\u0119\u0107 naszych Klient\u00f3w","isPartOf":{"@id":"https:\/\/www.meblobranie.pl\/porady\/#website"},"primaryImageOfPage":{"@id":"https:\/\/www.meblobranie.pl\/porady\/piekne-tarasy-galeria-zdjec-naszych-klientow\/#primaryimage"},"image":{"@id":"https:\/\/www.meblobranie.pl\/porady\/piekne-tarasy-galeria-zdjec-naszych-klientow\/#primaryimage"},"thumbnailUrl":"https:\/\/www.meblobranie.pl\/porady\/wp-content\/uploads\/2020\/02\/piekne-tarasy-galeria-ontario.jpeg","datePublished":"2020-02-10T07:06:44+00:00","dateModified":"2023-05-31T07:06:46+00:00","author":{"@id":"https:\/\/www.meblobranie.pl\/porady\/#\/schema\/person\/947af96c0073e071e3c3c7dd5c17001a"},"description":"Szukasz zdj\u0119\u0107 pi\u0119knych taras\u00f3w, by znale\u017a\u0107 inspiracj\u0119 do urz\u0105dzenia w\u0142asnego? Dobrze trafi\u0142e\u015b! Prezentujemy aran\u017cacje stworzone przez naszych Klient\u00f3w.","breadcrumb":{"@id":"https:\/\/www.meblobranie.pl\/porady\/piekne-tarasy-galeria-zdjec-naszych-klientow\/#breadcrumb"},"inLanguage":"pl-PL","potentialAction":[{"@type":"ReadAction","target":["https:\/\/www.meblobranie.pl\/porady\/piekne-tarasy-galeria-zdjec-naszych-klientow\/"]}]},{"@type":"ImageObject","inLanguage":"pl-PL","@id":"https:\/\/www.meblobranie.pl\/porady\/piekne-tarasy-galeria-zdjec-naszych-klientow\/#primaryimage","url":"https:\/\/www.meblobranie.pl\/porady\/wp-content\/uploads\/2020\/02\/piekne-tarasy-galeria-ontario.jpeg","contentUrl":"https:\/\/www.meblobranie.pl\/porady\/wp-content\/uploads\/2020\/02\/piekne-tarasy-galeria-ontario.jpeg","width":700,"height":394,"caption":"pi\u0119kne tarasy ogrodowe"},{"@type":"BreadcrumbList","@id":"https:\/\/www.meblobranie.pl\/porady\/piekne-tarasy-galeria-zdjec-naszych-klientow\/#breadcrumb","itemListElement":[{"@type":"ListItem","position":1,"name":"Home","item":"https:\/\/www.meblobranie.pl\/porady\/"},{"@type":"ListItem","position":2,"name":"Pi\u0119kne tarasy \u2013 galeria zdj\u0119\u0107 naszych Klient\u00f3w"}]},{"@type":"WebSite","@id":"https:\/\/www.meblobranie.pl\/porady\/#website","url":"https:\/\/www.meblobranie.pl\/porady\/","name":"Porady Meblobranie.pl","description":"Blog o tarasach i ogrodach","potentialAction":[{"@type":"SearchAction","target":{"@type":"EntryPoint","urlTemplate":"https:\/\/www.meblobranie.pl\/porady\/?s={search_term_string}"},"query-input":{"@type":"PropertyValueSpecification","valueRequired":true,"valueName":"search_term_string"}}],"inLanguage":"pl-PL"},{"@type":"Person","@id":"https:\/\/www.meblobranie.pl\/porady\/#\/schema\/person\/947af96c0073e071e3c3c7dd5c17001a","name":"Natalia z Meblobranie.pl","image":{"@type":"ImageObject","inLanguage":"pl-PL","@id":"https:\/\/secure.gravatar.com\/avatar\/bd86e117c16df3fbfc9c15b284df1e22c6f18f9100d5f6a33d24234751403824?s=96&d=mm&r=g","url":"https:\/\/secure.gravatar.com\/avatar\/bd86e117c16df3fbfc9c15b284df1e22c6f18f9100d5f6a33d24234751403824?s=96&d=mm&r=g","contentUrl":"https:\/\/secure.gravatar.com\/avatar\/bd86e117c16df3fbfc9c15b284df1e22c6f18f9100d5f6a33d24234751403824?s=96&d=mm&r=g","caption":"Natalia z Meblobranie.pl"}}]}},"_links":{"self":[{"href":"https:\/\/www.meblobranie.pl\/porady\/wp-json\/wp\/v2\/posts\/24715","targetHints":{"allow":["GET"]}}],"collection":[{"href":"https:\/\/www.meblobranie.pl\/porady\/wp-json\/wp\/v2\/posts"}],"about":[{"href":"https:\/\/www.meblobranie.pl\/porady\/wp-json\/wp\/v2\/types\/post"}],"author":[{"embeddable":true,"href":"https:\/\/www.meblobranie.pl\/porady\/wp-json\/wp\/v2\/users\/18"}],"replies":[{"embeddable":true,"href":"https:\/\/www.meblobranie.pl\/porady\/wp-json\/wp\/v2\/comments?post=24715"}],"version-history":[{"count":0,"href":"https:\/\/www.meblobranie.pl\/porady\/wp-json\/wp\/v2\/posts\/24715\/revisions"}],"wp:featuredmedia":[{"embeddable":true,"href":"https:\/\/www.meblobranie.pl\/porady\/wp-json\/wp\/v2\/media\/24731"}],"wp:attachment":[{"href":"https:\/\/www.meblobranie.pl\/porady\/wp-json\/wp\/v2\/media?parent=24715"}],"wp:term":[{"taxonomy":"category","embeddable":true,"href":"https:\/\/www.meblobranie.pl\/porady\/wp-json\/wp\/v2\/categories?post=24715"},{"taxonomy":"post_tag","embeddable":true,"href":"https:\/\/www.meblobranie.pl\/porady\/wp-json\/wp\/v2\/tags?post=24715"}],"curies":[{"name":"wp","href":"https:\/\/api.w.org\/{rel}","templated":true}]}}