{"id":30179,"date":"2021-04-04T14:36:26","date_gmt":"2021-04-04T12:36:26","guid":{"rendered":"https:\/\/www.meblobranie.pl\/porady\/?p=30179"},"modified":"2021-09-14T16:34:50","modified_gmt":"2021-09-14T14:34:50","slug":"meble-ogrodowe-technorattan-w-ogrodzie-zimowym-jakie-meble-wybrac-do-ogrodu-zimowego","status":"publish","type":"post","link":"https:\/\/www.meblobranie.pl\/porady\/meble-ogrodowe-technorattan-w-ogrodzie-zimowym-jakie-meble-wybrac-do-ogrodu-zimowego\/","title":{"rendered":"Meble ogrodowe technorattan w ogrodzie zimowym? Jakie meble wybra\u0107 do ogrodu zimowego?"},"content":{"rendered":"<p>Dla wielu z nas w\u0142asny ogr\u00f3d zimowy jest spe\u0142nieniem marze\u0144. To idealnie miejsce do sp\u0119dzania czasu w\u015br\u00f3d ro\u015blin, gdy za oknem wieje mro\u017any wiatr i pada \u015bnieg. Ponadto oran\u017ceria stanowi bardzo dobre miejsce od przechowania ciep\u0142olubnych ro\u015blin. Jak zaaran\u017cowa\u0107 ogr\u00f3d zimowy? Czy technorattanowe <a href=\"https:\/\/www.meblobranie.pl\/ogrod-meble-ogrodowe\">meble ogrodowe<\/a> sprawdz\u0105 si\u0119 w tym pomieszczeniu?<\/p>\n<p><img loading=\"lazy\" decoding=\"async\" class=\"size-full wp-image-30180 aligncenter\" src=\"https:\/\/www.meblobranie.pl\/porady\/wp-content\/uploads\/2021\/04\/meble-technorattano-ogrod-zimowy.jpg\" alt=\"Meble technorattan w ogrodzie ziomowym\" width=\"830\" height=\"554\" srcset=\"https:\/\/www.meblobranie.pl\/porady\/wp-content\/uploads\/2021\/04\/meble-technorattano-ogrod-zimowy.jpg 830w, https:\/\/www.meblobranie.pl\/porady\/wp-content\/uploads\/2021\/04\/meble-technorattano-ogrod-zimowy-300x200.jpg 300w, https:\/\/www.meblobranie.pl\/porady\/wp-content\/uploads\/2021\/04\/meble-technorattano-ogrod-zimowy-768x513.jpg 768w\" sizes=\"auto, (max-width: 830px) 100vw, 830px\" \/><!--more--><\/p>\n\n<h2>Czy meble ogrodowe technorattan w ogrodzie zimowym to dobry pomys\u0142?<\/h2>\n<p>Ogr\u00f3d zimowy jest idealnym miejscem do odpoczynku, czytania, spo\u017cywania posi\u0142k\u00f3w oraz sp\u0119dzania czasu w gronie najbli\u017cszych. Bardzo dobrym pomys\u0142em b\u0119d\u0105 ekskluzywne <a href=\"https:\/\/www.meblobranie.pl\/ogrod-meble-ogrodowe\/material-technorattan\">meble ogrodowe technorattan<\/a>. Jest to syngenetyczny materia\u0142, dlatego meble s\u0105 bardzo <strong>trwa\u0142e i odporne na zniszczenie<\/strong>. Mo\u017cna u\u017cywa\u0107 ich przez ca\u0142y rok. Ponadto bardzo \u0142atwo si\u0119 je czy\u015bci, dlatego jeden komplet mo\u017ce s\u0142u\u017cy\u0107 przez lata. Do ogrodu zimowego dobrze sprawdzi si\u0119 <strong><a href=\"\/zestawy-ogrodowe\">zestaw mebli ogrodowych<\/a> technorattan z naro\u017cnikiem, krzes\u0142ami oraz sto\u0142em<\/strong>. Dobrym rozwi\u0105zaniem mog\u0105 by\u0107 tak\u017ce fotele z niskim <a href=\"\/stoliki-kawowe\">stolikiem<\/a> kawowym. Skoro ogr\u00f3d zimowy ma by\u0107 stref\u0105 relaksu, warto pokusi\u0107 si\u0119 o zaaran\u017cowanie w nim tak\u017ce <a href=\"https:\/\/www.meblobranie.pl\/fotele-wiszace\">fotela wisz\u0105cego<\/a>\u00a0z technorattanu.<\/p>\n<p>[[kategoria:1872:6]]<\/p>\n<h2>Jakie inne meble mo\u017cna wybra\u0107 do ogrodu zimowego?<\/h2>\n<p>Warto wiedzie\u0107, \u017ce nie tylko meble ogrodowe technorattanowe idealnie dopasuj\u0105 si\u0119 do ogrodu zimowego. Bardzo dobrym pomys\u0142em jest wykorzystanie <strong>drewnianych<\/strong>. Jest to bardzo przyjemny, trwa\u0142y materia\u0142. Dzi\u0119ki niemu wn\u0119trze b\u0119dzie bardziej ciep\u0142e oraz przytulne. Dodatkowo warto podkre\u015bli\u0107, \u017ce drewno przechowywane w korzystnych warunkach t.j. umiarkowanej temperaturze oraz z dala od wilgoci bardzo d\u0142ugo zachowuje swoje w\u0142a\u015bciwo\u015bci. Nie wymaga tak\u017ce cz\u0119stej renowacji. Osobom, kt\u00f3re ceni\u0105 sobie technorattan w meblach ogrodowych, ale pragn\u0105 stworzy\u0107 bardziej rustykalny, sielski klimat w swoim ogrodzie zimowym do gustu mog\u0105 przypa\u015b\u0107 <a href=\"https:\/\/www.meblobranie.pl\/ogrod-meble-ogrodowe\/material-rattan\">meble rattanowe ogrodowe<\/a>. Wyplatane s\u0105 one ze znanej wszystkim wikliny, dlatego nie nale\u017cy nara\u017ca\u0107 ich na dzia\u0142anie czynnik\u00f3w atmosferycznych, jakich jak wiatr, deszcz, grad, czy silne s\u0142once. Z tego powodu s\u0105 to meble wr\u0119cz stworzone do oran\u017cerii. Odradzamy aran\u017cowanie mebli plastikowych w ogrodzie zimowym. Warto doda\u0107, \u017ce dobrym pomys\u0142em do strefy relaksu b\u0119dzie fotel brazylijski lub <a href=\"https:\/\/www.meblobranie.pl\/hamaki-ogrodowe\">hamak ogrodowy<\/a>\u00a0.<\/p>\n<p><img loading=\"lazy\" decoding=\"async\" class=\"aligncenter wp-image-30117 size-full\" src=\"https:\/\/www.meblobranie.pl\/porady\/wp-content\/uploads\/2021\/04\/meble-do-ogrodu-technorattan-premium.jpeg\" alt=\"Meble do ogrodu zimowego\" width=\"830\" height=\"623\" srcset=\"https:\/\/www.meblobranie.pl\/porady\/wp-content\/uploads\/2021\/04\/meble-do-ogrodu-technorattan-premium.jpeg 830w, https:\/\/www.meblobranie.pl\/porady\/wp-content\/uploads\/2021\/04\/meble-do-ogrodu-technorattan-premium-300x225.jpeg 300w, https:\/\/www.meblobranie.pl\/porady\/wp-content\/uploads\/2021\/04\/meble-do-ogrodu-technorattan-premium-768x576.jpeg 768w\" sizes=\"auto, (max-width: 830px) 100vw, 830px\" \/><\/p>\n<h2>Na co jeszcze zwr\u00f3ci\u0107 uwag\u0119 w ogrodzie zimowym?<\/h2>\n<p>Decyduj\u0105c si\u0119 na urz\u0105dzenie ogrodu zimowego, warto pami\u0119ta\u0107 o odpowiednim <strong>pod\u0142o\u017cu<\/strong>, na kt\u00f3rym b\u0119dzie mo\u017cna ustawi\u0107 meble oraz ro\u015bliny. Nale\u017cy wzi\u0105\u0107 pod uwag\u0119 fakt, ze drzewka wymaga\u0107 b\u0119d\u0105 piel\u0119gnacji, takiej jak: przycinanie, podlewanie czy nawo\u017cenie, dlatego pod\u0142oga powinna by\u0107 \u0142atwa w czyszczeniu, warto zdecydowa\u0107 si\u0119 na kamie\u0144 lub ceramik\u0119. Pod\u0142o\u017ce tego typu b\u0119dzie stabilne i pozwoli na zaaran\u017cowaniu na nim mebli. Przy urz\u0105dzaniu ogrodu zimowego nale\u017cy pami\u0119ta\u0107 o bardzo praktycznym aspekcie, jakim jest <strong>ogrzewanie<\/strong>.<\/p>\n<p>[[kategoria_producent:1872:14:6]]<\/p>\n<p>Jest to rozwi\u0105zanie konieczne do tego, by oran\u017ceria by\u0142a funkcjonalna zim\u0105. Bardzo popularnym rozwi\u0105zaniem jest zastosowanie ogrzewania elektrycznego (dobrze sprawdzi si\u0119 klasyczny grzejnik przymocowany do murka, grzejnik konwekcyjny, a tak\u017ce grzejnik panelowy). Ponadto w oran\u017ceriach cz\u0119sto pojawia si\u0119 ogrzewanie pod\u0142ogowe. Kolejnym z element\u00f3w wyposa\u017cenia ogrodu zimowego, kt\u00f3rego nie mo\u017ce zabrakn\u0105\u0107, jest odpowiednie <strong>o\u015bwietlenie<\/strong>. Ciep\u0142e \u015bwiat\u0142o \u015bwietnie sprawdzi si\u0119 w klimatycznych, sielskich oran\u017ceriach, z kolei zimne w minimalistycznych wn\u0119trzach. Warto zdecydowa\u0107 si\u0119 nie tylko na lampy g\u00f3rne, ale i o\u015bwietlenie punktowe na pod\u0142odze, kinkiety czy \u015bwiec\u0105ce donice.<\/p>\n","protected":false},"excerpt":{"rendered":"<p>Dla wielu z nas w\u0142asny ogr\u00f3d zimowy jest spe\u0142nieniem marze\u0144. To idealnie miejsce do sp\u0119dzania czasu w\u015br\u00f3d ro\u015blin, gdy za oknem wieje mro\u017any wiatr i pada \u015bnieg. Ponadto oran\u017ceria stanowi bardzo dobre miejsce od przechowania ciep\u0142olubnych ro\u015blin. Jak zaaran\u017cowa\u0107 ogr\u00f3d zimowy? Czy technorattanowe meble ogrodowe sprawdz\u0105 si\u0119 w tym pomieszczeniu?<\/p>\n","protected":false},"author":20,"featured_media":30180,"comment_status":"open","ping_status":"closed","sticky":false,"template":"","format":"standard","meta":{"_acf_changed":false,"ngg_post_thumbnail":0,"footnotes":""},"categories":[905,6],"tags":[],"class_list":{"0":"post-30179","1":"post","2":"type-post","3":"status-publish","4":"format-standard","5":"has-post-thumbnail","7":"category-ogrod","8":"category-poradnik"},"acf":[],"yoast_head":"<!-- This site is optimized with the Yoast SEO plugin v27.4 - https:\/\/yoast.com\/product\/yoast-seo-wordpress\/ -->\n<title>Meble ogrodowe technorattan w ogrodzie zimowym? Jakie meble wybra\u0107 do ogrodu zimowego? - Porady Meblobranie.pl<\/title>\n<meta name=\"description\" content=\"Meble ogrodowe z technorattanu to najbardziej ekskluzywne rozwi\u0105zanie na taras. S\u0105 one r\u00f3wnie\u017c idealne do ustawienia w ogrodzie zimowym.\" \/>\n<meta name=\"robots\" content=\"index, follow, max-snippet:-1, max-image-preview:large, max-video-preview:-1\" \/>\n<link rel=\"canonical\" href=\"https:\/\/www.meblobranie.pl\/porady\/meble-ogrodowe-technorattan-w-ogrodzie-zimowym-jakie-meble-wybrac-do-ogrodu-zimowego\/\" \/>\n<meta name=\"twitter:label1\" content=\"Napisane przez\" \/>\n\t<meta name=\"twitter:data1\" content=\"Dawid z Meblobranie.pl\" \/>\n\t<meta name=\"twitter:label2\" content=\"Szacowany czas czytania\" \/>\n\t<meta name=\"twitter:data2\" content=\"3 minuty\" \/>\n<script type=\"application\/ld+json\" class=\"yoast-schema-graph\">{\"@context\":\"https:\\\/\\\/schema.org\",\"@graph\":[{\"@type\":\"Article\",\"@id\":\"https:\\\/\\\/www.meblobranie.pl\\\/porady\\\/meble-ogrodowe-technorattan-w-ogrodzie-zimowym-jakie-meble-wybrac-do-ogrodu-zimowego\\\/#article\",\"isPartOf\":{\"@id\":\"https:\\\/\\\/www.meblobranie.pl\\\/porady\\\/meble-ogrodowe-technorattan-w-ogrodzie-zimowym-jakie-meble-wybrac-do-ogrodu-zimowego\\\/\"},\"author\":{\"name\":\"Dawid z Meblobranie.pl\",\"@id\":\"https:\\\/\\\/www.meblobranie.pl\\\/porady\\\/#\\\/schema\\\/person\\\/0c44214399e1752805db67863333461b\"},\"headline\":\"Meble ogrodowe technorattan w ogrodzie zimowym? Jakie meble wybra\u0107 do ogrodu zimowego?\",\"datePublished\":\"2021-04-04T12:36:26+00:00\",\"dateModified\":\"2021-09-14T14:34:50+00:00\",\"mainEntityOfPage\":{\"@id\":\"https:\\\/\\\/www.meblobranie.pl\\\/porady\\\/meble-ogrodowe-technorattan-w-ogrodzie-zimowym-jakie-meble-wybrac-do-ogrodu-zimowego\\\/\"},\"wordCount\":601,\"commentCount\":0,\"image\":{\"@id\":\"https:\\\/\\\/www.meblobranie.pl\\\/porady\\\/meble-ogrodowe-technorattan-w-ogrodzie-zimowym-jakie-meble-wybrac-do-ogrodu-zimowego\\\/#primaryimage\"},\"thumbnailUrl\":\"https:\\\/\\\/www.meblobranie.pl\\\/porady\\\/wp-content\\\/uploads\\\/2021\\\/04\\\/meble-technorattano-ogrod-zimowy.jpg\",\"articleSection\":[\"Ogr\u00f3d\",\"Poradnik\"],\"inLanguage\":\"pl-PL\",\"potentialAction\":[{\"@type\":\"CommentAction\",\"name\":\"Comment\",\"target\":[\"https:\\\/\\\/www.meblobranie.pl\\\/porady\\\/meble-ogrodowe-technorattan-w-ogrodzie-zimowym-jakie-meble-wybrac-do-ogrodu-zimowego\\\/#respond\"]}]},{\"@type\":\"WebPage\",\"@id\":\"https:\\\/\\\/www.meblobranie.pl\\\/porady\\\/meble-ogrodowe-technorattan-w-ogrodzie-zimowym-jakie-meble-wybrac-do-ogrodu-zimowego\\\/\",\"url\":\"https:\\\/\\\/www.meblobranie.pl\\\/porady\\\/meble-ogrodowe-technorattan-w-ogrodzie-zimowym-jakie-meble-wybrac-do-ogrodu-zimowego\\\/\",\"name\":\"Meble ogrodowe technorattan w ogrodzie zimowym? Jakie meble wybra\u0107 do ogrodu zimowego? - Porady Meblobranie.pl\",\"isPartOf\":{\"@id\":\"https:\\\/\\\/www.meblobranie.pl\\\/porady\\\/#website\"},\"primaryImageOfPage\":{\"@id\":\"https:\\\/\\\/www.meblobranie.pl\\\/porady\\\/meble-ogrodowe-technorattan-w-ogrodzie-zimowym-jakie-meble-wybrac-do-ogrodu-zimowego\\\/#primaryimage\"},\"image\":{\"@id\":\"https:\\\/\\\/www.meblobranie.pl\\\/porady\\\/meble-ogrodowe-technorattan-w-ogrodzie-zimowym-jakie-meble-wybrac-do-ogrodu-zimowego\\\/#primaryimage\"},\"thumbnailUrl\":\"https:\\\/\\\/www.meblobranie.pl\\\/porady\\\/wp-content\\\/uploads\\\/2021\\\/04\\\/meble-technorattano-ogrod-zimowy.jpg\",\"datePublished\":\"2021-04-04T12:36:26+00:00\",\"dateModified\":\"2021-09-14T14:34:50+00:00\",\"author\":{\"@id\":\"https:\\\/\\\/www.meblobranie.pl\\\/porady\\\/#\\\/schema\\\/person\\\/0c44214399e1752805db67863333461b\"},\"description\":\"Meble ogrodowe z technorattanu to najbardziej ekskluzywne rozwi\u0105zanie na taras. S\u0105 one r\u00f3wnie\u017c idealne do ustawienia w ogrodzie zimowym.\",\"breadcrumb\":{\"@id\":\"https:\\\/\\\/www.meblobranie.pl\\\/porady\\\/meble-ogrodowe-technorattan-w-ogrodzie-zimowym-jakie-meble-wybrac-do-ogrodu-zimowego\\\/#breadcrumb\"},\"inLanguage\":\"pl-PL\",\"potentialAction\":[{\"@type\":\"ReadAction\",\"target\":[\"https:\\\/\\\/www.meblobranie.pl\\\/porady\\\/meble-ogrodowe-technorattan-w-ogrodzie-zimowym-jakie-meble-wybrac-do-ogrodu-zimowego\\\/\"]}]},{\"@type\":\"ImageObject\",\"inLanguage\":\"pl-PL\",\"@id\":\"https:\\\/\\\/www.meblobranie.pl\\\/porady\\\/meble-ogrodowe-technorattan-w-ogrodzie-zimowym-jakie-meble-wybrac-do-ogrodu-zimowego\\\/#primaryimage\",\"url\":\"https:\\\/\\\/www.meblobranie.pl\\\/porady\\\/wp-content\\\/uploads\\\/2021\\\/04\\\/meble-technorattano-ogrod-zimowy.jpg\",\"contentUrl\":\"https:\\\/\\\/www.meblobranie.pl\\\/porady\\\/wp-content\\\/uploads\\\/2021\\\/04\\\/meble-technorattano-ogrod-zimowy.jpg\",\"width\":830,\"height\":554,\"caption\":\"Meble technorattan w ogrodzie ziomowym\"},{\"@type\":\"BreadcrumbList\",\"@id\":\"https:\\\/\\\/www.meblobranie.pl\\\/porady\\\/meble-ogrodowe-technorattan-w-ogrodzie-zimowym-jakie-meble-wybrac-do-ogrodu-zimowego\\\/#breadcrumb\",\"itemListElement\":[{\"@type\":\"ListItem\",\"position\":1,\"name\":\"Home\",\"item\":\"https:\\\/\\\/www.meblobranie.pl\\\/porady\\\/\"},{\"@type\":\"ListItem\",\"position\":2,\"name\":\"Meble ogrodowe technorattan w ogrodzie zimowym? Jakie meble wybra\u0107 do ogrodu zimowego?\"}]},{\"@type\":\"WebSite\",\"@id\":\"https:\\\/\\\/www.meblobranie.pl\\\/porady\\\/#website\",\"url\":\"https:\\\/\\\/www.meblobranie.pl\\\/porady\\\/\",\"name\":\"Porady Meblobranie.pl\",\"description\":\"Blog o tarasach i ogrodach\",\"potentialAction\":[{\"@type\":\"SearchAction\",\"target\":{\"@type\":\"EntryPoint\",\"urlTemplate\":\"https:\\\/\\\/www.meblobranie.pl\\\/porady\\\/?s={search_term_string}\"},\"query-input\":{\"@type\":\"PropertyValueSpecification\",\"valueRequired\":true,\"valueName\":\"search_term_string\"}}],\"inLanguage\":\"pl-PL\"},{\"@type\":\"Person\",\"@id\":\"https:\\\/\\\/www.meblobranie.pl\\\/porady\\\/#\\\/schema\\\/person\\\/0c44214399e1752805db67863333461b\",\"name\":\"Dawid z Meblobranie.pl\",\"image\":{\"@type\":\"ImageObject\",\"inLanguage\":\"pl-PL\",\"@id\":\"https:\\\/\\\/secure.gravatar.com\\\/avatar\\\/9ede1c3924e3173d8f3ad05211531161353d772865bc4dacba314dbcd46c0fef?s=96&d=mm&r=g\",\"url\":\"https:\\\/\\\/secure.gravatar.com\\\/avatar\\\/9ede1c3924e3173d8f3ad05211531161353d772865bc4dacba314dbcd46c0fef?s=96&d=mm&r=g\",\"contentUrl\":\"https:\\\/\\\/secure.gravatar.com\\\/avatar\\\/9ede1c3924e3173d8f3ad05211531161353d772865bc4dacba314dbcd46c0fef?s=96&d=mm&r=g\",\"caption\":\"Dawid z Meblobranie.pl\"},\"description\":\"Lorem Ipsum is simply dummy text of the printing and typesetting industry. Lorem Ipsum has been the industry's standard dummy text ever since the 1500s, when an unknown printer took a galley of type and scrambled it to make a type specimen book.\"}]}<\/script>\n<!-- \/ Yoast SEO plugin. -->","yoast_head_json":{"title":"Meble ogrodowe technorattan w ogrodzie zimowym? Jakie meble wybra\u0107 do ogrodu zimowego? - Porady Meblobranie.pl","description":"Meble ogrodowe z technorattanu to najbardziej ekskluzywne rozwi\u0105zanie na taras. S\u0105 one r\u00f3wnie\u017c idealne do ustawienia w ogrodzie zimowym.","robots":{"index":"index","follow":"follow","max-snippet":"max-snippet:-1","max-image-preview":"max-image-preview:large","max-video-preview":"max-video-preview:-1"},"canonical":"https:\/\/www.meblobranie.pl\/porady\/meble-ogrodowe-technorattan-w-ogrodzie-zimowym-jakie-meble-wybrac-do-ogrodu-zimowego\/","twitter_misc":{"Napisane przez":"Dawid z Meblobranie.pl","Szacowany czas czytania":"3 minuty"},"schema":{"@context":"https:\/\/schema.org","@graph":[{"@type":"Article","@id":"https:\/\/www.meblobranie.pl\/porady\/meble-ogrodowe-technorattan-w-ogrodzie-zimowym-jakie-meble-wybrac-do-ogrodu-zimowego\/#article","isPartOf":{"@id":"https:\/\/www.meblobranie.pl\/porady\/meble-ogrodowe-technorattan-w-ogrodzie-zimowym-jakie-meble-wybrac-do-ogrodu-zimowego\/"},"author":{"name":"Dawid z Meblobranie.pl","@id":"https:\/\/www.meblobranie.pl\/porady\/#\/schema\/person\/0c44214399e1752805db67863333461b"},"headline":"Meble ogrodowe technorattan w ogrodzie zimowym? Jakie meble wybra\u0107 do ogrodu zimowego?","datePublished":"2021-04-04T12:36:26+00:00","dateModified":"2021-09-14T14:34:50+00:00","mainEntityOfPage":{"@id":"https:\/\/www.meblobranie.pl\/porady\/meble-ogrodowe-technorattan-w-ogrodzie-zimowym-jakie-meble-wybrac-do-ogrodu-zimowego\/"},"wordCount":601,"commentCount":0,"image":{"@id":"https:\/\/www.meblobranie.pl\/porady\/meble-ogrodowe-technorattan-w-ogrodzie-zimowym-jakie-meble-wybrac-do-ogrodu-zimowego\/#primaryimage"},"thumbnailUrl":"https:\/\/www.meblobranie.pl\/porady\/wp-content\/uploads\/2021\/04\/meble-technorattano-ogrod-zimowy.jpg","articleSection":["Ogr\u00f3d","Poradnik"],"inLanguage":"pl-PL","potentialAction":[{"@type":"CommentAction","name":"Comment","target":["https:\/\/www.meblobranie.pl\/porady\/meble-ogrodowe-technorattan-w-ogrodzie-zimowym-jakie-meble-wybrac-do-ogrodu-zimowego\/#respond"]}]},{"@type":"WebPage","@id":"https:\/\/www.meblobranie.pl\/porady\/meble-ogrodowe-technorattan-w-ogrodzie-zimowym-jakie-meble-wybrac-do-ogrodu-zimowego\/","url":"https:\/\/www.meblobranie.pl\/porady\/meble-ogrodowe-technorattan-w-ogrodzie-zimowym-jakie-meble-wybrac-do-ogrodu-zimowego\/","name":"Meble ogrodowe technorattan w ogrodzie zimowym? Jakie meble wybra\u0107 do ogrodu zimowego? - Porady Meblobranie.pl","isPartOf":{"@id":"https:\/\/www.meblobranie.pl\/porady\/#website"},"primaryImageOfPage":{"@id":"https:\/\/www.meblobranie.pl\/porady\/meble-ogrodowe-technorattan-w-ogrodzie-zimowym-jakie-meble-wybrac-do-ogrodu-zimowego\/#primaryimage"},"image":{"@id":"https:\/\/www.meblobranie.pl\/porady\/meble-ogrodowe-technorattan-w-ogrodzie-zimowym-jakie-meble-wybrac-do-ogrodu-zimowego\/#primaryimage"},"thumbnailUrl":"https:\/\/www.meblobranie.pl\/porady\/wp-content\/uploads\/2021\/04\/meble-technorattano-ogrod-zimowy.jpg","datePublished":"2021-04-04T12:36:26+00:00","dateModified":"2021-09-14T14:34:50+00:00","author":{"@id":"https:\/\/www.meblobranie.pl\/porady\/#\/schema\/person\/0c44214399e1752805db67863333461b"},"description":"Meble ogrodowe z technorattanu to najbardziej ekskluzywne rozwi\u0105zanie na taras. S\u0105 one r\u00f3wnie\u017c idealne do ustawienia w ogrodzie zimowym.","breadcrumb":{"@id":"https:\/\/www.meblobranie.pl\/porady\/meble-ogrodowe-technorattan-w-ogrodzie-zimowym-jakie-meble-wybrac-do-ogrodu-zimowego\/#breadcrumb"},"inLanguage":"pl-PL","potentialAction":[{"@type":"ReadAction","target":["https:\/\/www.meblobranie.pl\/porady\/meble-ogrodowe-technorattan-w-ogrodzie-zimowym-jakie-meble-wybrac-do-ogrodu-zimowego\/"]}]},{"@type":"ImageObject","inLanguage":"pl-PL","@id":"https:\/\/www.meblobranie.pl\/porady\/meble-ogrodowe-technorattan-w-ogrodzie-zimowym-jakie-meble-wybrac-do-ogrodu-zimowego\/#primaryimage","url":"https:\/\/www.meblobranie.pl\/porady\/wp-content\/uploads\/2021\/04\/meble-technorattano-ogrod-zimowy.jpg","contentUrl":"https:\/\/www.meblobranie.pl\/porady\/wp-content\/uploads\/2021\/04\/meble-technorattano-ogrod-zimowy.jpg","width":830,"height":554,"caption":"Meble technorattan w ogrodzie ziomowym"},{"@type":"BreadcrumbList","@id":"https:\/\/www.meblobranie.pl\/porady\/meble-ogrodowe-technorattan-w-ogrodzie-zimowym-jakie-meble-wybrac-do-ogrodu-zimowego\/#breadcrumb","itemListElement":[{"@type":"ListItem","position":1,"name":"Home","item":"https:\/\/www.meblobranie.pl\/porady\/"},{"@type":"ListItem","position":2,"name":"Meble ogrodowe technorattan w ogrodzie zimowym? Jakie meble wybra\u0107 do ogrodu zimowego?"}]},{"@type":"WebSite","@id":"https:\/\/www.meblobranie.pl\/porady\/#website","url":"https:\/\/www.meblobranie.pl\/porady\/","name":"Porady Meblobranie.pl","description":"Blog o tarasach i ogrodach","potentialAction":[{"@type":"SearchAction","target":{"@type":"EntryPoint","urlTemplate":"https:\/\/www.meblobranie.pl\/porady\/?s={search_term_string}"},"query-input":{"@type":"PropertyValueSpecification","valueRequired":true,"valueName":"search_term_string"}}],"inLanguage":"pl-PL"},{"@type":"Person","@id":"https:\/\/www.meblobranie.pl\/porady\/#\/schema\/person\/0c44214399e1752805db67863333461b","name":"Dawid z Meblobranie.pl","image":{"@type":"ImageObject","inLanguage":"pl-PL","@id":"https:\/\/secure.gravatar.com\/avatar\/9ede1c3924e3173d8f3ad05211531161353d772865bc4dacba314dbcd46c0fef?s=96&d=mm&r=g","url":"https:\/\/secure.gravatar.com\/avatar\/9ede1c3924e3173d8f3ad05211531161353d772865bc4dacba314dbcd46c0fef?s=96&d=mm&r=g","contentUrl":"https:\/\/secure.gravatar.com\/avatar\/9ede1c3924e3173d8f3ad05211531161353d772865bc4dacba314dbcd46c0fef?s=96&d=mm&r=g","caption":"Dawid z Meblobranie.pl"},"description":"Lorem Ipsum is simply dummy text of the printing and typesetting industry. Lorem Ipsum has been the industry's standard dummy text ever since the 1500s, when an unknown printer took a galley of type and scrambled it to make a type specimen book."}]}},"_links":{"self":[{"href":"https:\/\/www.meblobranie.pl\/porady\/wp-json\/wp\/v2\/posts\/30179","targetHints":{"allow":["GET"]}}],"collection":[{"href":"https:\/\/www.meblobranie.pl\/porady\/wp-json\/wp\/v2\/posts"}],"about":[{"href":"https:\/\/www.meblobranie.pl\/porady\/wp-json\/wp\/v2\/types\/post"}],"author":[{"embeddable":true,"href":"https:\/\/www.meblobranie.pl\/porady\/wp-json\/wp\/v2\/users\/20"}],"replies":[{"embeddable":true,"href":"https:\/\/www.meblobranie.pl\/porady\/wp-json\/wp\/v2\/comments?post=30179"}],"version-history":[{"count":0,"href":"https:\/\/www.meblobranie.pl\/porady\/wp-json\/wp\/v2\/posts\/30179\/revisions"}],"wp:featuredmedia":[{"embeddable":true,"href":"https:\/\/www.meblobranie.pl\/porady\/wp-json\/wp\/v2\/media\/30180"}],"wp:attachment":[{"href":"https:\/\/www.meblobranie.pl\/porady\/wp-json\/wp\/v2\/media?parent=30179"}],"wp:term":[{"taxonomy":"category","embeddable":true,"href":"https:\/\/www.meblobranie.pl\/porady\/wp-json\/wp\/v2\/categories?post=30179"},{"taxonomy":"post_tag","embeddable":true,"href":"https:\/\/www.meblobranie.pl\/porady\/wp-json\/wp\/v2\/tags?post=30179"}],"curies":[{"name":"wp","href":"https:\/\/api.w.org\/{rel}","templated":true}]}}