{"id":34960,"date":"2025-10-31T15:26:00","date_gmt":"2025-10-31T14:26:00","guid":{"rendered":"https:\/\/www.meblobranie.pl\/porady\/?p=34960"},"modified":"2026-04-23T11:05:13","modified_gmt":"2026-04-23T09:05:13","slug":"jak-urzadzic-garaz-w-co-go-wyposazyc","status":"publish","type":"post","link":"https:\/\/www.meblobranie.pl\/porady\/jak-urzadzic-garaz-w-co-go-wyposazyc\/","title":{"rendered":"Jak urz\u0105dzi\u0107 gara\u017c? Pomys\u0142y na aran\u017cacje wn\u0119trza gara\u017cu"},"content":{"rendered":"\n<p>Gara\u017c rzadko kiedy s\u0142u\u017cy wy\u0142\u0105cznie do parkowania samochodu. Znacznie cz\u0119\u015bciej jest traktowany tak\u017ce jako pomieszczenie do majsterkowania, \u0107wiczenia, przechowywania, a nawet jako miejsce spotka\u0144. To sprawia, \u017ce wyposa\u017cenie gara\u017cu powinno by\u0107 dostosowane do indywidualnych potrzeb. Planuj\u0105c zagospodarowanie przestrzeni, trzeba wzi\u0105\u0107 pod uwag\u0119 metra\u017c \u2013 odpowiednio przemy\u015blana aran\u017cacja wn\u0119trza gara\u017cu pozwala na ergonomiczne wykorzystanie ka\u017cdego metra kwadratowego. Jak urz\u0105dzi\u0107 gara\u017c w \u015brodku? Sprawd\u017a nasze porady i stw\u00f3rz idealne wn\u0119trze dla siebie!<\/p>\n\n\n<div class=\"wp-block-image\">\n<figure class=\"aligncenter\"><img loading=\"lazy\" decoding=\"async\" width=\"830\" height=\"554\" src=\"https:\/\/www.meblobranie.pl\/porady\/wp-content\/uploads\/2021\/12\/jak-urzadzic-garaz.jpg\" alt=\"Jak urz\u0105dzi\u0107 gara\u017c wn\u0119trze\" class=\"wp-image-34961\" srcset=\"https:\/\/www.meblobranie.pl\/porady\/wp-content\/uploads\/2021\/12\/jak-urzadzic-garaz.jpg 830w, https:\/\/www.meblobranie.pl\/porady\/wp-content\/uploads\/2021\/12\/jak-urzadzic-garaz-300x200.jpg 300w, https:\/\/www.meblobranie.pl\/porady\/wp-content\/uploads\/2021\/12\/jak-urzadzic-garaz-768x513.jpg 768w\" sizes=\"auto, (max-width: 830px) 100vw, 830px\" \/><\/figure>\n<\/div>\n\n\n<!--more-->\n\n\n\n\n\n\n<h2 class=\"wp-block-heading\">Jak urz\u0105dzi\u0107 gara\u017c w \u015brodku?<\/h2>\n\n\n\n<p><strong>Aran\u017cacja gara\u017cu powinna by\u0107 dopasowana do charakteru budynku.<\/strong> Czy jest to konstrukcja wolnostoj\u0105ca czy znajduj\u0105ca si\u0119 w bryle budynku? Na jej metra\u017c ju\u017c nie wp\u0142yniesz, ale gdy zrobisz odpowiednie wyko\u0144czenie pod\u0142ogi, zastosujesz dobre bramy uchylne oraz meble gara\u017cowe \u2013 pojemne meble ogrodowe, lecz w kompaktowych rozmiarach \u2013 to b\u0119dziesz cieszy\u0142 si\u0119 nie tylko gara\u017cem, ale te\u017c <strong>pomieszczeniem gospodarczym o imponuj\u0105cej powierzchni<\/strong>. <\/p>\n\n\n\n<p class=\"worth-know\">WARTO WIEDZIE\u0106<br>Malowanie \u015bcian jasn\u0105, odbijaj\u0105c\u0105 \u015bwiat\u0142o farb\u0105, mo\u017ce optycznie powi\u0119kszy\u0107 nawet bardzo ma\u0142y gara\u017c.<\/p>\n\n\n\n<p>Je\u015bli ma to by\u0107 pomieszczenie u\u017cywane do\u015b\u0107 cz\u0119sto, to powinno by\u0107 <strong>ocieplone i ogrzewane \u2013 optymalna temperatura w gara\u017cu to od 5 do 16 stopni<\/strong>. Zbyt du\u017ce wahania mi\u0119dzy temperatur\u0105 w \u015brodku, a na zewn\u0105trz, niekorzystnie wp\u0142ywaj\u0105 na samoch\u00f3d i mog\u0105 przyspiesza\u0107 korozj\u0119. Z drugiej strony podczas majsterkowania czy \u0107wicze\u0144 nie chcesz marzn\u0105\u0107. Pod uwag\u0119 trzeba te\u017c wzi\u0105\u0107 przechowywane w gara\u017cu rzeczy, np. przetwory wol\u0105 ch\u0142\u00f3d.<\/p>\n\n\n\n<p>Aby odpowiednio urz\u0105dzi\u0107 gara\u017c, <strong>wn\u0119trze trzeba podzieli\u0107 na poszczeg\u00f3lne strefy u\u017cytkowe<\/strong>. Zaczynamy od wyznaczenia miejsca postojowego dla samochodu. Standardowo przyjmuje si\u0119, \u017ce <strong>stanowisko dla auta powinno mie\u0107 2,3 x 5 metra<\/strong>, co jest przestrzeni\u0105 wystarczaj\u0105c\u0105, aby wygodnie wsiada\u0107 i wysiada\u0107 z pojazdu. <strong>Pozosta\u0142\u0105 przestrze\u0144 mo\u017cemy rozplanowa\u0107 stosownie do swoich potrzeb.<\/strong><\/p>\n\n\n<p>[[kategoria:1558:6]]<\/p>\n\n\n<div class=\"wp-block-image\">\n<figure class=\"aligncenter\"><img loading=\"lazy\" decoding=\"async\" width=\"830\" height=\"552\" src=\"https:\/\/www.meblobranie.pl\/porady\/wp-content\/uploads\/2021\/12\/narzedzia-w-garazu.jpg\" alt=\"Warsztat w gara\u017cu\" class=\"wp-image-34966\" srcset=\"https:\/\/www.meblobranie.pl\/porady\/wp-content\/uploads\/2021\/12\/narzedzia-w-garazu.jpg 830w, https:\/\/www.meblobranie.pl\/porady\/wp-content\/uploads\/2021\/12\/narzedzia-w-garazu-300x200.jpg 300w, https:\/\/www.meblobranie.pl\/porady\/wp-content\/uploads\/2021\/12\/narzedzia-w-garazu-768x511.jpg 768w\" sizes=\"auto, (max-width: 830px) 100vw, 830px\" \/><\/figure>\n<\/div>\n\n\n<h2 class=\"wp-block-heading\">Pomys\u0142 na wn\u0119trze gara\u017cu<\/h2>\n\n\n\n<p>Gara\u017c niekoniecznie musi by\u0107 miejscem na samoch\u00f3d, albo mo\u017ce by\u0107 miejscem nie tylko na samoch\u00f3d &#8211; wszystko zale\u017cy od naszych potrzeb. Oto kilka pomys\u0142\u00f3w na urz\u0105dzenie wn\u0119trza gara\u017cu:<\/p>\n\n\n\n<ul class=\"wp-block-list\">\n<li>Kiedy my\u015blisz o tym jak urz\u0105dzi\u0107 gara\u017c, i do dyspozycji masz pomieszczenie o metra\u017cu od 30 do 40 metr\u00f3w kwadratowych, to taka wielko\u015b\u0107 <strong>w zupe\u0142no\u015bci wystarczy na si\u0142owni\u0119<\/strong>. Zmie\u015bcisz tu np.: \u0142aweczk\u0119 do brzuszk\u00f3w, orbitrek, rowerek stacjonarny, gruszk\u0119 do boksowania, a nawet ma\u0142y kosz do koszyk\u00f3wki. Popularne s\u0105 te\u017c inne formy aktywno\u015bci \u2013 sto\u0142y do pi\u0142karzyk\u00f3w, bilardu czy mini golfa. Tym samym gara\u017c to bardzo cenne miejsce spotka\u0144 rodziny i przyjaci\u00f3\u0142, \u0107wicze\u0144 oraz zabaw.<\/li>\n<\/ul>\n\n\n\n<ul class=\"wp-block-list\">\n<li><a href=\"https:\/\/www.meblobranie.pl\/garaze\">Gara\u017ce<\/a> to idealne <strong>miejsce na przechowywanie rzeczy<\/strong>. Przestrze\u0144 jest na tyle du\u017ca, \u017ce posegregowanie przedmiot\u00f3w sezonowych (jak namiot czy sprz\u0119t sportowy) na rega\u0142ach nie stanowi wyzwania. Planuj\u0105c aran\u017cacj\u0119 gara\u017cu blaszaka, mo\u017cesz zainstalowa\u0107 za samochodem <strong>p\u00f3\u0142ki lub haki na rowery<\/strong>, kaski, pompki i wiele innych. Przyda si\u0119 tak\u017ce <strong>uchwyt na narz\u0119dzia ogrodowe<\/strong>.<\/li>\n<\/ul>\n\n\n\n<p class=\"worth-know\">WARTO WIEDZIE\u0106<br>Coraz popularniejsze s\u0105 panele \u015bcienne z tworzywa sztucznego, w kt\u00f3re mo\u017cna wsuwa\u0107 haki, p\u00f3\u0142ki i uchwyty \u2013 \u015bwietna alternatywa dla klasycznej tablicy narz\u0119dziowej. Jest to dobry, funkcjonalny spos\u00f3b, je\u015bli szukasz <a href=\"https:\/\/www.meblobranie.pl\/porady\/pomysl-na-sciany-w-garazu-co-jest-praktycznym-rozwiazaniem\/\">pomys\u0142u na \u015bciany w gara\u017cu<\/a>.<\/p>\n\n\n\n<ul class=\"wp-block-list\">\n<li>Je\u017celi chcesz <strong>urz\u0105dzi\u0107 warsztat w gara\u017cu<\/strong>, to powiniene\u015b zacz\u0105\u0107 od ustalenia, jaki b\u0119dzie jego charakter. W przypadku przechowywania wi\u0119kszej liczby narz\u0119dzi i wykonywania pracy przy blacie roboczym (stoj\u0105c lub siedz\u0105c), najlepsz\u0105 opcj\u0105 b\u0119dzie aran\u017cacja warsztatu w tylnej cz\u0119\u015bci gara\u017cu. Tam te\u017c b\u0119dziesz si\u0119 m\u00f3g\u0142 swobodnie przemieszcza\u0107, bez ryzyka uszkodzenia mechanicznego pojazdu.<\/li>\n<\/ul>\n\n\n<div class=\"wp-block-image\">\n<figure class=\"aligncenter\"><img loading=\"lazy\" decoding=\"async\" width=\"830\" height=\"623\" src=\"https:\/\/www.meblobranie.pl\/porady\/wp-content\/uploads\/2021\/12\/domek-ogrodowy-jako-garaz.jpeg\" alt=\"Domek ogrodowy jako gara\u017c\" class=\"wp-image-34963\" srcset=\"https:\/\/www.meblobranie.pl\/porady\/wp-content\/uploads\/2021\/12\/domek-ogrodowy-jako-garaz.jpeg 830w, https:\/\/www.meblobranie.pl\/porady\/wp-content\/uploads\/2021\/12\/domek-ogrodowy-jako-garaz-300x225.jpeg 300w, https:\/\/www.meblobranie.pl\/porady\/wp-content\/uploads\/2021\/12\/domek-ogrodowy-jako-garaz-768x576.jpeg 768w\" sizes=\"auto, (max-width: 830px) 100vw, 830px\" \/><\/figure>\n<\/div>\n\n<p>[[kategoria:1848:6]]<\/p>\n\n\n\n<figure class=\"wp-block-table\"><table class=\"has-white-background-color has-background\"><tbody><tr><th><strong>Funkcja gara\u017cu<\/strong><\/th><th><strong>Co warto uwzgl\u0119dni\u0107<\/strong><\/th><th><strong>Przyk\u0142adowe wyposa\u017cenie<\/strong><\/th><\/tr><tr><td><strong>Warsztat<\/strong><\/td><td>Blat roboczy, o\u015bwietlenie punktowe<\/td><td>St\u00f3\u0142 roboczy, tablica narz\u0119dziowa, rega\u0142y<\/td><\/tr><tr><td><strong>Spi\u017carnia<\/strong><\/td><td>P\u00f3\u0142ki z wentylacj\u0105, ch\u0142odniejsze miejsce<\/td><td>Rega\u0142y metalowe, pojemniki z pokrywami<\/td><\/tr><tr><td><strong>Si\u0142ownia<\/strong><\/td><td>Mata, dobra wentylacja, o\u015bwietlenie<\/td><td>\u0141aweczka, orbitrek, hantle, lustro<\/td><\/tr><tr><td><strong>Strefa relaksu<\/strong><\/td><td>Izolacja akustyczna, gniazdka, ogrzewanie<\/td><td>Sofa, st\u00f3\u0142 do bilarda, lod\u00f3wka<\/td><\/tr><\/tbody><\/table><\/figure>\n\n\n\n<h2 class=\"wp-block-heading\">Aran\u017cacja gara\u017cu dla majsterkowicza<\/h2>\n\n\n\n<p>Jak stworzy\u0107 w gara\u017cu odpowiedni\u0105 przestrze\u0144 do majsterkowania i napraw? Trzeba <strong>zacz\u0105\u0107 od podzielenia przestrzeni na strefy: robocz\u0105 z solidnym sto\u0142em i magazynow\u0105, w kt\u00f3rej zgromadzimy potrzebne elementy i narz\u0119dzia<\/strong>, a tak\u017ce zadba\u0107 o odpowiednie ci\u0105gi komunikacyjne. Du\u017ce znaczenie ma zapewnienie o\u015bwietlenia wn\u0119trza i dost\u0119pu do gniazdek elektrycznych. Do organizacji narz\u0119dzi sprawdzaj\u0105 si\u0119 szczeg\u00f3lnie tablice narz\u0119dziowe, a je\u015bli chodzi o przechowywanie, meble metalowe. <\/p>\n\n\n\n<p class=\"worth-know\">WARTO WIEDZIE\u0106<br>W wielu nowoczesnych gara\u017cach montuje si\u0119 o\u015bwietlenie LED z czujnikiem ruchu \u2013 jest to wygodne i energooszcz\u0119dne rozwi\u0105zanie.<\/p>\n\n\n<div class=\"wp-block-image\">\n<figure class=\"aligncenter size-full\"><img loading=\"lazy\" decoding=\"async\" width=\"816\" height=\"696\" src=\"https:\/\/www.meblobranie.pl\/porady\/wp-content\/uploads\/2021\/12\/image.png\" alt=\"Infografika - elementy wyposa\u017cenia gara\u017cu\" class=\"wp-image-46136\" srcset=\"https:\/\/www.meblobranie.pl\/porady\/wp-content\/uploads\/2021\/12\/image.png 816w, https:\/\/www.meblobranie.pl\/porady\/wp-content\/uploads\/2021\/12\/image-300x256.png 300w, https:\/\/www.meblobranie.pl\/porady\/wp-content\/uploads\/2021\/12\/image-768x655.png 768w\" sizes=\"auto, (max-width: 816px) 100vw, 816px\" \/><\/figure>\n<\/div>\n\n\n<p>Wa\u017cnym elementem ka\u017cdego gara\u017cu, zw\u0142aszcza takiego, w kt\u00f3rych wykonuje si\u0119 prace tuningowe, serwisowe czy r\u0119kodzielnicze, s\u0105 meble gara\u017cowe. Mo\u017cesz kupi\u0107 <strong>ca\u0142y zestaw lub zdecydowa\u0107 si\u0119 na konstrukcj\u0119 z pojedynczych element\u00f3w<\/strong>. <a href=\"https:\/\/www.meblobranie.pl\/porady\/jakie-meble-do-garazu-wybrac-funkcjonalne-urzadzenie-garazu\/\">Jakie meble do gara\u017cu<\/a> kupi\u0107? Je\u015bli chodzi o potrzebne rzeczy i praktyczne rozwi\u0105zania do przechowywania narz\u0119dzi, warto zadba\u0107 o:<\/p>\n\n\n\n<ul class=\"wp-block-list\">\n<li><strong>st\u00f3\u0142 roboczy (st\u00f3\u0142 warsztatowy)<\/strong> \u2013 najlepiej o podnoszonym i rozsuwanym blacie, co pozwala na szybkie zwi\u0119kszenie przestrzeni do pracy,<\/li>\n\n\n\n<li><strong>tablica narz\u0119dziowa<\/strong> \u2013 tablica z metalu lub tworzywa sztucznego, wyposa\u017cona w uchwyty i haki,<\/li>\n\n\n\n<li><strong>p\u00f3\u0142ki, wieszaki<\/strong> \u2013 mo\u017cesz je powiesi\u0107 nad blatem roboczym, a tak\u017ce pod sufitem wok\u00f3\u0142 ca\u0142ego pomieszczenia,<\/li>\n\n\n\n<li><strong>rega\u0142y <\/strong>\u2013 maj\u0105 wi\u0119ksze maksymalne obci\u0105\u017cenie ni\u017c p\u00f3\u0142ki i s\u0105 bardzo stabilne,<\/li>\n\n\n\n<li><strong>metalowe szafki<\/strong> \u2013 obecno\u015b\u0107 solidnych, a zarazem estetycznych metalowych zamykanych szafek jest potrzebna, je\u015bli przechowujesz w nich cenne rzeczy i chcesz je chroni\u0107 przed zniszczeniem, zabrudzeniem czy kradzie\u017c\u0105.<\/li>\n<\/ul>\n\n\n\n<p>Je\u015bli naszym zadaniem jest <strong>aran\u017cacja ma\u0142ego gara\u017cu<\/strong>, mo\u017cemy rozwa\u017cy\u0107 sto\u0142y robocze sk\u0142adane, jednak b\u0119d\u0105 one mia\u0142y mniejsz\u0105 wytrzyma\u0142o\u015b\u0107 ni\u017c sta\u0142y st\u00f3\u0142 warsztatowy. Warto w\u00f3wczas rozwiesi\u0107 tablice narz\u0119dziowe i wieszaki w ca\u0142ej przestrzeni gara\u017cu, r\u00f3wnie\u017c w s\u0105siedztwie samochodu, \u017ceby zapewni\u0107 sobie jak najwi\u0119cej miejsca do przechowywania.<\/p>\n\n\n<p>[[kategoria:2087:6]]<\/p>\n\n\n<div class=\"wp-block-image\">\n<figure class=\"aligncenter\"><img loading=\"lazy\" decoding=\"async\" width=\"830\" height=\"554\" src=\"https:\/\/www.meblobranie.pl\/porady\/wp-content\/uploads\/2021\/12\/w-co-wyposazyc-garaz.jpg\" alt=\"W co wyposa\u017cy\u0107 gara\u017c\" class=\"wp-image-34962\" srcset=\"https:\/\/www.meblobranie.pl\/porady\/wp-content\/uploads\/2021\/12\/w-co-wyposazyc-garaz.jpg 830w, https:\/\/www.meblobranie.pl\/porady\/wp-content\/uploads\/2021\/12\/w-co-wyposazyc-garaz-300x200.jpg 300w, https:\/\/www.meblobranie.pl\/porady\/wp-content\/uploads\/2021\/12\/w-co-wyposazyc-garaz-768x513.jpg 768w\" sizes=\"auto, (max-width: 830px) 100vw, 830px\" \/><\/figure>\n<\/div>\n\n\n<p>Dowiedz si\u0119 r\u00f3wnie\u017c: <a href=\"https:\/\/www.meblobranie.pl\/porady\/jak-zrobic-podjazd-do-garazu-jak-go-zaplanowac-i-jaki-material-wykorzystac\/\">Jak zrobi\u0107 podjazd do gara\u017cu?<\/a><\/p>\n\n\n\n<h2 class=\"wp-block-heading\">Jak urz\u0105dzi\u0107 gara\u017c samochodowy? Podsumowanie<\/h2>\n\n\n\n<p>W Twoim gara\u017cu zmie\u015bci si\u0119 nie tylko auto. <strong>Zazwyczaj, nawet w w\u0105skich pomieszczeniach, jest mo\u017cliwo\u015b\u0107 zamocowania p\u00f3\u0142ek na przetwory, hak\u00f3w na sprz\u0119ty sportowe czy zorganizowania przestrzeni pod warsztat<\/strong>. Bez wzgl\u0119du na wielko\u015b\u0107 gara\u017cu z \u0142atwo\u015bci\u0105 zaaran\u017cujesz go do swoich potrzeb, korzystaj\u0105c z ergonomicznych system\u00f3w organizowania przestrzeni. <\/p>\n\n\n\n<p><strong>FAQ<\/strong><\/p>\n\n\n\n<div class=\"schema-faq wp-block-yoast-faq-block\"><div class=\"schema-faq-section\" id=\"faq-question-1761927816650\"><strong class=\"schema-faq-question\"><strong>Od czego zacz\u0105\u0107 urz\u0105dzanie gara\u017cu?<\/strong><\/strong> <p class=\"schema-faq-answer\">Najpierw zaplanuj funkcje pomieszczenia \u2013 czy ma to by\u0107 tylko miejsce na auto, czy te\u017c warsztat, spi\u017carnia lub si\u0142ownia. Nast\u0119pnie rozrysuj uk\u0142ad sprz\u0119t\u00f3w i mebli.<\/p> <\/div> <div class=\"schema-faq-section\" id=\"faq-question-1761927828161\"><strong class=\"schema-faq-question\"><strong>Jakie meble najlepiej sprawdz\u0105 si\u0119 w gara\u017cu?<\/strong><\/strong> <p class=\"schema-faq-answer\">Wybieraj rega\u0142y metalowe, tablice narz\u0119dziowe i zamykane szafki. S\u0105 trwa\u0142e, odporne na zabrudzenia i pomagaj\u0105 utrzyma\u0107 porz\u0105dek.<\/p> <\/div> <div class=\"schema-faq-section\" id=\"faq-question-1761927836390\"><strong class=\"schema-faq-question\"><strong>Czy gara\u017c trzeba ociepla\u0107?<\/strong><\/strong> <p class=\"schema-faq-answer\">Tak, je\u015bli sp\u0119dzasz tam czas zim\u0105 lub przechowujesz delikatne sprz\u0119ty. Ocieplony gara\u017c zapobiega kondensacji wilgoci i chroni auto przed korozj\u0105.<\/p> <\/div> <\/div>\n","protected":false},"excerpt":{"rendered":"<p>Gara\u017c rzadko kiedy s\u0142u\u017cy wy\u0142\u0105cznie do parkowania samochodu. Znacznie cz\u0119\u015bciej jest traktowany tak\u017ce jako pomieszczenie do majsterkowania, \u0107wiczenia, przechowywania, a nawet jako miejsce spotka\u0144. To sprawia, \u017ce wyposa\u017cenie gara\u017cu powinno by\u0107 dostosowane do indywidualnych potrzeb. Planuj\u0105c zagospodarowanie przestrzeni, trzeba wzi\u0105\u0107 pod uwag\u0119 metra\u017c \u2013 odpowiednio przemy\u015blana aran\u017cacja wn\u0119trza gara\u017cu pozwala na ergonomiczne wykorzystanie ka\u017cdego metra [&hellip;]<\/p>\n","protected":false},"author":20,"featured_media":34961,"comment_status":"open","ping_status":"closed","sticky":false,"template":"","format":"standard","meta":{"_acf_changed":false,"ngg_post_thumbnail":0,"footnotes":""},"categories":[905,6],"tags":[],"class_list":{"0":"post-34960","1":"post","2":"type-post","3":"status-publish","4":"format-standard","5":"has-post-thumbnail","7":"category-ogrod","8":"category-poradnik"},"acf":[],"yoast_head":"<!-- This site is optimized with the Yoast SEO plugin v27.4 - https:\/\/yoast.com\/product\/yoast-seo-wordpress\/ -->\n<title>Jak urz\u0105dzi\u0107 gara\u017c? Pomys\u0142y na aran\u017cacje wn\u0119trza gara\u017cu - Porady Meblobranie.pl<\/title>\n<meta name=\"description\" content=\"W.yposa\u017cenie gara\u017cu powinno by\u0107 dostosowane do indywidualnych potrzeb. Zobacz najpopularniejsze sposoby na urz\u0105dzenie przydomowego gara\u017cu.\" \/>\n<meta name=\"robots\" content=\"index, follow, max-snippet:-1, max-image-preview:large, max-video-preview:-1\" \/>\n<link rel=\"canonical\" href=\"https:\/\/www.meblobranie.pl\/porady\/jak-urzadzic-garaz-w-co-go-wyposazyc\/\" \/>\n<meta name=\"twitter:label1\" content=\"Napisane przez\" \/>\n\t<meta name=\"twitter:data1\" content=\"Dawid z Meblobranie.pl\" \/>\n\t<meta name=\"twitter:label2\" content=\"Szacowany czas czytania\" \/>\n\t<meta name=\"twitter:data2\" content=\"7 minut\" \/>\n<script type=\"application\/ld+json\" class=\"yoast-schema-graph\">{\"@context\":\"https:\\\/\\\/schema.org\",\"@graph\":[{\"@type\":\"Article\",\"@id\":\"https:\\\/\\\/www.meblobranie.pl\\\/porady\\\/jak-urzadzic-garaz-w-co-go-wyposazyc\\\/#article\",\"isPartOf\":{\"@id\":\"https:\\\/\\\/www.meblobranie.pl\\\/porady\\\/jak-urzadzic-garaz-w-co-go-wyposazyc\\\/\"},\"author\":{\"name\":\"Dawid z Meblobranie.pl\",\"@id\":\"https:\\\/\\\/www.meblobranie.pl\\\/porady\\\/#\\\/schema\\\/person\\\/0c44214399e1752805db67863333461b\"},\"headline\":\"Jak urz\u0105dzi\u0107 gara\u017c? Pomys\u0142y na aran\u017cacje wn\u0119trza gara\u017cu\",\"datePublished\":\"2025-10-31T14:26:00+00:00\",\"dateModified\":\"2026-04-23T09:05:13+00:00\",\"mainEntityOfPage\":{\"@id\":\"https:\\\/\\\/www.meblobranie.pl\\\/porady\\\/jak-urzadzic-garaz-w-co-go-wyposazyc\\\/\"},\"wordCount\":1186,\"commentCount\":0,\"image\":{\"@id\":\"https:\\\/\\\/www.meblobranie.pl\\\/porady\\\/jak-urzadzic-garaz-w-co-go-wyposazyc\\\/#primaryimage\"},\"thumbnailUrl\":\"https:\\\/\\\/www.meblobranie.pl\\\/porady\\\/wp-content\\\/uploads\\\/2021\\\/12\\\/jak-urzadzic-garaz.jpg\",\"articleSection\":[\"Ogr\u00f3d\",\"Poradnik\"],\"inLanguage\":\"pl-PL\",\"potentialAction\":[{\"@type\":\"CommentAction\",\"name\":\"Comment\",\"target\":[\"https:\\\/\\\/www.meblobranie.pl\\\/porady\\\/jak-urzadzic-garaz-w-co-go-wyposazyc\\\/#respond\"]}]},{\"@type\":[\"WebPage\",\"FAQPage\"],\"@id\":\"https:\\\/\\\/www.meblobranie.pl\\\/porady\\\/jak-urzadzic-garaz-w-co-go-wyposazyc\\\/\",\"url\":\"https:\\\/\\\/www.meblobranie.pl\\\/porady\\\/jak-urzadzic-garaz-w-co-go-wyposazyc\\\/\",\"name\":\"Jak urz\u0105dzi\u0107 gara\u017c? Pomys\u0142y na aran\u017cacje wn\u0119trza gara\u017cu - Porady Meblobranie.pl\",\"isPartOf\":{\"@id\":\"https:\\\/\\\/www.meblobranie.pl\\\/porady\\\/#website\"},\"primaryImageOfPage\":{\"@id\":\"https:\\\/\\\/www.meblobranie.pl\\\/porady\\\/jak-urzadzic-garaz-w-co-go-wyposazyc\\\/#primaryimage\"},\"image\":{\"@id\":\"https:\\\/\\\/www.meblobranie.pl\\\/porady\\\/jak-urzadzic-garaz-w-co-go-wyposazyc\\\/#primaryimage\"},\"thumbnailUrl\":\"https:\\\/\\\/www.meblobranie.pl\\\/porady\\\/wp-content\\\/uploads\\\/2021\\\/12\\\/jak-urzadzic-garaz.jpg\",\"datePublished\":\"2025-10-31T14:26:00+00:00\",\"dateModified\":\"2026-04-23T09:05:13+00:00\",\"author\":{\"@id\":\"https:\\\/\\\/www.meblobranie.pl\\\/porady\\\/#\\\/schema\\\/person\\\/0c44214399e1752805db67863333461b\"},\"description\":\"W.yposa\u017cenie gara\u017cu powinno by\u0107 dostosowane do indywidualnych potrzeb. Zobacz najpopularniejsze sposoby na urz\u0105dzenie przydomowego gara\u017cu.\",\"breadcrumb\":{\"@id\":\"https:\\\/\\\/www.meblobranie.pl\\\/porady\\\/jak-urzadzic-garaz-w-co-go-wyposazyc\\\/#breadcrumb\"},\"mainEntity\":[{\"@id\":\"https:\\\/\\\/www.meblobranie.pl\\\/porady\\\/jak-urzadzic-garaz-w-co-go-wyposazyc\\\/#faq-question-1761927816650\"},{\"@id\":\"https:\\\/\\\/www.meblobranie.pl\\\/porady\\\/jak-urzadzic-garaz-w-co-go-wyposazyc\\\/#faq-question-1761927828161\"},{\"@id\":\"https:\\\/\\\/www.meblobranie.pl\\\/porady\\\/jak-urzadzic-garaz-w-co-go-wyposazyc\\\/#faq-question-1761927836390\"}],\"inLanguage\":\"pl-PL\",\"potentialAction\":[{\"@type\":\"ReadAction\",\"target\":[\"https:\\\/\\\/www.meblobranie.pl\\\/porady\\\/jak-urzadzic-garaz-w-co-go-wyposazyc\\\/\"]}]},{\"@type\":\"ImageObject\",\"inLanguage\":\"pl-PL\",\"@id\":\"https:\\\/\\\/www.meblobranie.pl\\\/porady\\\/jak-urzadzic-garaz-w-co-go-wyposazyc\\\/#primaryimage\",\"url\":\"https:\\\/\\\/www.meblobranie.pl\\\/porady\\\/wp-content\\\/uploads\\\/2021\\\/12\\\/jak-urzadzic-garaz.jpg\",\"contentUrl\":\"https:\\\/\\\/www.meblobranie.pl\\\/porady\\\/wp-content\\\/uploads\\\/2021\\\/12\\\/jak-urzadzic-garaz.jpg\",\"width\":830,\"height\":554,\"caption\":\"Jak urz\u0105dzi\u0107 gara\u017c\"},{\"@type\":\"BreadcrumbList\",\"@id\":\"https:\\\/\\\/www.meblobranie.pl\\\/porady\\\/jak-urzadzic-garaz-w-co-go-wyposazyc\\\/#breadcrumb\",\"itemListElement\":[{\"@type\":\"ListItem\",\"position\":1,\"name\":\"Home\",\"item\":\"https:\\\/\\\/www.meblobranie.pl\\\/porady\\\/\"},{\"@type\":\"ListItem\",\"position\":2,\"name\":\"Jak urz\u0105dzi\u0107 gara\u017c? Pomys\u0142y na aran\u017cacje wn\u0119trza gara\u017cu\"}]},{\"@type\":\"WebSite\",\"@id\":\"https:\\\/\\\/www.meblobranie.pl\\\/porady\\\/#website\",\"url\":\"https:\\\/\\\/www.meblobranie.pl\\\/porady\\\/\",\"name\":\"Porady Meblobranie.pl\",\"description\":\"Blog o tarasach i ogrodach\",\"potentialAction\":[{\"@type\":\"SearchAction\",\"target\":{\"@type\":\"EntryPoint\",\"urlTemplate\":\"https:\\\/\\\/www.meblobranie.pl\\\/porady\\\/?s={search_term_string}\"},\"query-input\":{\"@type\":\"PropertyValueSpecification\",\"valueRequired\":true,\"valueName\":\"search_term_string\"}}],\"inLanguage\":\"pl-PL\"},{\"@type\":\"Person\",\"@id\":\"https:\\\/\\\/www.meblobranie.pl\\\/porady\\\/#\\\/schema\\\/person\\\/0c44214399e1752805db67863333461b\",\"name\":\"Dawid z Meblobranie.pl\",\"image\":{\"@type\":\"ImageObject\",\"inLanguage\":\"pl-PL\",\"@id\":\"https:\\\/\\\/secure.gravatar.com\\\/avatar\\\/9ede1c3924e3173d8f3ad05211531161353d772865bc4dacba314dbcd46c0fef?s=96&d=mm&r=g\",\"url\":\"https:\\\/\\\/secure.gravatar.com\\\/avatar\\\/9ede1c3924e3173d8f3ad05211531161353d772865bc4dacba314dbcd46c0fef?s=96&d=mm&r=g\",\"contentUrl\":\"https:\\\/\\\/secure.gravatar.com\\\/avatar\\\/9ede1c3924e3173d8f3ad05211531161353d772865bc4dacba314dbcd46c0fef?s=96&d=mm&r=g\",\"caption\":\"Dawid z Meblobranie.pl\"},\"description\":\"Lorem Ipsum is simply dummy text of the printing and typesetting industry. Lorem Ipsum has been the industry's standard dummy text ever since the 1500s, when an unknown printer took a galley of type and scrambled it to make a type specimen book.\"},{\"@type\":\"Question\",\"@id\":\"https:\\\/\\\/www.meblobranie.pl\\\/porady\\\/jak-urzadzic-garaz-w-co-go-wyposazyc\\\/#faq-question-1761927816650\",\"position\":1,\"url\":\"https:\\\/\\\/www.meblobranie.pl\\\/porady\\\/jak-urzadzic-garaz-w-co-go-wyposazyc\\\/#faq-question-1761927816650\",\"name\":\"Od czego zacz\u0105\u0107 urz\u0105dzanie gara\u017cu?\",\"answerCount\":1,\"acceptedAnswer\":{\"@type\":\"Answer\",\"text\":\"Najpierw zaplanuj funkcje pomieszczenia \u2013 czy ma to by\u0107 tylko miejsce na auto, czy te\u017c warsztat, spi\u017carnia lub si\u0142ownia. Nast\u0119pnie rozrysuj uk\u0142ad sprz\u0119t\u00f3w i mebli.\",\"inLanguage\":\"pl-PL\"},\"inLanguage\":\"pl-PL\"},{\"@type\":\"Question\",\"@id\":\"https:\\\/\\\/www.meblobranie.pl\\\/porady\\\/jak-urzadzic-garaz-w-co-go-wyposazyc\\\/#faq-question-1761927828161\",\"position\":2,\"url\":\"https:\\\/\\\/www.meblobranie.pl\\\/porady\\\/jak-urzadzic-garaz-w-co-go-wyposazyc\\\/#faq-question-1761927828161\",\"name\":\"Jakie meble najlepiej sprawdz\u0105 si\u0119 w gara\u017cu?\",\"answerCount\":1,\"acceptedAnswer\":{\"@type\":\"Answer\",\"text\":\"Wybieraj rega\u0142y metalowe, tablice narz\u0119dziowe i zamykane szafki. S\u0105 trwa\u0142e, odporne na zabrudzenia i pomagaj\u0105 utrzyma\u0107 porz\u0105dek.\",\"inLanguage\":\"pl-PL\"},\"inLanguage\":\"pl-PL\"},{\"@type\":\"Question\",\"@id\":\"https:\\\/\\\/www.meblobranie.pl\\\/porady\\\/jak-urzadzic-garaz-w-co-go-wyposazyc\\\/#faq-question-1761927836390\",\"position\":3,\"url\":\"https:\\\/\\\/www.meblobranie.pl\\\/porady\\\/jak-urzadzic-garaz-w-co-go-wyposazyc\\\/#faq-question-1761927836390\",\"name\":\"Czy gara\u017c trzeba ociepla\u0107?\",\"answerCount\":1,\"acceptedAnswer\":{\"@type\":\"Answer\",\"text\":\"Tak, je\u015bli sp\u0119dzasz tam czas zim\u0105 lub przechowujesz delikatne sprz\u0119ty. Ocieplony gara\u017c zapobiega kondensacji wilgoci i chroni auto przed korozj\u0105.\",\"inLanguage\":\"pl-PL\"},\"inLanguage\":\"pl-PL\"}]}<\/script>\n<!-- \/ Yoast SEO plugin. -->","yoast_head_json":{"title":"Jak urz\u0105dzi\u0107 gara\u017c? Pomys\u0142y na aran\u017cacje wn\u0119trza gara\u017cu - Porady Meblobranie.pl","description":"W.yposa\u017cenie gara\u017cu powinno by\u0107 dostosowane do indywidualnych potrzeb. Zobacz najpopularniejsze sposoby na urz\u0105dzenie przydomowego gara\u017cu.","robots":{"index":"index","follow":"follow","max-snippet":"max-snippet:-1","max-image-preview":"max-image-preview:large","max-video-preview":"max-video-preview:-1"},"canonical":"https:\/\/www.meblobranie.pl\/porady\/jak-urzadzic-garaz-w-co-go-wyposazyc\/","twitter_misc":{"Napisane przez":"Dawid z Meblobranie.pl","Szacowany czas czytania":"7 minut"},"schema":{"@context":"https:\/\/schema.org","@graph":[{"@type":"Article","@id":"https:\/\/www.meblobranie.pl\/porady\/jak-urzadzic-garaz-w-co-go-wyposazyc\/#article","isPartOf":{"@id":"https:\/\/www.meblobranie.pl\/porady\/jak-urzadzic-garaz-w-co-go-wyposazyc\/"},"author":{"name":"Dawid z Meblobranie.pl","@id":"https:\/\/www.meblobranie.pl\/porady\/#\/schema\/person\/0c44214399e1752805db67863333461b"},"headline":"Jak urz\u0105dzi\u0107 gara\u017c? Pomys\u0142y na aran\u017cacje wn\u0119trza gara\u017cu","datePublished":"2025-10-31T14:26:00+00:00","dateModified":"2026-04-23T09:05:13+00:00","mainEntityOfPage":{"@id":"https:\/\/www.meblobranie.pl\/porady\/jak-urzadzic-garaz-w-co-go-wyposazyc\/"},"wordCount":1186,"commentCount":0,"image":{"@id":"https:\/\/www.meblobranie.pl\/porady\/jak-urzadzic-garaz-w-co-go-wyposazyc\/#primaryimage"},"thumbnailUrl":"https:\/\/www.meblobranie.pl\/porady\/wp-content\/uploads\/2021\/12\/jak-urzadzic-garaz.jpg","articleSection":["Ogr\u00f3d","Poradnik"],"inLanguage":"pl-PL","potentialAction":[{"@type":"CommentAction","name":"Comment","target":["https:\/\/www.meblobranie.pl\/porady\/jak-urzadzic-garaz-w-co-go-wyposazyc\/#respond"]}]},{"@type":["WebPage","FAQPage"],"@id":"https:\/\/www.meblobranie.pl\/porady\/jak-urzadzic-garaz-w-co-go-wyposazyc\/","url":"https:\/\/www.meblobranie.pl\/porady\/jak-urzadzic-garaz-w-co-go-wyposazyc\/","name":"Jak urz\u0105dzi\u0107 gara\u017c? Pomys\u0142y na aran\u017cacje wn\u0119trza gara\u017cu - Porady Meblobranie.pl","isPartOf":{"@id":"https:\/\/www.meblobranie.pl\/porady\/#website"},"primaryImageOfPage":{"@id":"https:\/\/www.meblobranie.pl\/porady\/jak-urzadzic-garaz-w-co-go-wyposazyc\/#primaryimage"},"image":{"@id":"https:\/\/www.meblobranie.pl\/porady\/jak-urzadzic-garaz-w-co-go-wyposazyc\/#primaryimage"},"thumbnailUrl":"https:\/\/www.meblobranie.pl\/porady\/wp-content\/uploads\/2021\/12\/jak-urzadzic-garaz.jpg","datePublished":"2025-10-31T14:26:00+00:00","dateModified":"2026-04-23T09:05:13+00:00","author":{"@id":"https:\/\/www.meblobranie.pl\/porady\/#\/schema\/person\/0c44214399e1752805db67863333461b"},"description":"W.yposa\u017cenie gara\u017cu powinno by\u0107 dostosowane do indywidualnych potrzeb. Zobacz najpopularniejsze sposoby na urz\u0105dzenie przydomowego gara\u017cu.","breadcrumb":{"@id":"https:\/\/www.meblobranie.pl\/porady\/jak-urzadzic-garaz-w-co-go-wyposazyc\/#breadcrumb"},"mainEntity":[{"@id":"https:\/\/www.meblobranie.pl\/porady\/jak-urzadzic-garaz-w-co-go-wyposazyc\/#faq-question-1761927816650"},{"@id":"https:\/\/www.meblobranie.pl\/porady\/jak-urzadzic-garaz-w-co-go-wyposazyc\/#faq-question-1761927828161"},{"@id":"https:\/\/www.meblobranie.pl\/porady\/jak-urzadzic-garaz-w-co-go-wyposazyc\/#faq-question-1761927836390"}],"inLanguage":"pl-PL","potentialAction":[{"@type":"ReadAction","target":["https:\/\/www.meblobranie.pl\/porady\/jak-urzadzic-garaz-w-co-go-wyposazyc\/"]}]},{"@type":"ImageObject","inLanguage":"pl-PL","@id":"https:\/\/www.meblobranie.pl\/porady\/jak-urzadzic-garaz-w-co-go-wyposazyc\/#primaryimage","url":"https:\/\/www.meblobranie.pl\/porady\/wp-content\/uploads\/2021\/12\/jak-urzadzic-garaz.jpg","contentUrl":"https:\/\/www.meblobranie.pl\/porady\/wp-content\/uploads\/2021\/12\/jak-urzadzic-garaz.jpg","width":830,"height":554,"caption":"Jak urz\u0105dzi\u0107 gara\u017c"},{"@type":"BreadcrumbList","@id":"https:\/\/www.meblobranie.pl\/porady\/jak-urzadzic-garaz-w-co-go-wyposazyc\/#breadcrumb","itemListElement":[{"@type":"ListItem","position":1,"name":"Home","item":"https:\/\/www.meblobranie.pl\/porady\/"},{"@type":"ListItem","position":2,"name":"Jak urz\u0105dzi\u0107 gara\u017c? Pomys\u0142y na aran\u017cacje wn\u0119trza gara\u017cu"}]},{"@type":"WebSite","@id":"https:\/\/www.meblobranie.pl\/porady\/#website","url":"https:\/\/www.meblobranie.pl\/porady\/","name":"Porady Meblobranie.pl","description":"Blog o tarasach i ogrodach","potentialAction":[{"@type":"SearchAction","target":{"@type":"EntryPoint","urlTemplate":"https:\/\/www.meblobranie.pl\/porady\/?s={search_term_string}"},"query-input":{"@type":"PropertyValueSpecification","valueRequired":true,"valueName":"search_term_string"}}],"inLanguage":"pl-PL"},{"@type":"Person","@id":"https:\/\/www.meblobranie.pl\/porady\/#\/schema\/person\/0c44214399e1752805db67863333461b","name":"Dawid z Meblobranie.pl","image":{"@type":"ImageObject","inLanguage":"pl-PL","@id":"https:\/\/secure.gravatar.com\/avatar\/9ede1c3924e3173d8f3ad05211531161353d772865bc4dacba314dbcd46c0fef?s=96&d=mm&r=g","url":"https:\/\/secure.gravatar.com\/avatar\/9ede1c3924e3173d8f3ad05211531161353d772865bc4dacba314dbcd46c0fef?s=96&d=mm&r=g","contentUrl":"https:\/\/secure.gravatar.com\/avatar\/9ede1c3924e3173d8f3ad05211531161353d772865bc4dacba314dbcd46c0fef?s=96&d=mm&r=g","caption":"Dawid z Meblobranie.pl"},"description":"Lorem Ipsum is simply dummy text of the printing and typesetting industry. Lorem Ipsum has been the industry's standard dummy text ever since the 1500s, when an unknown printer took a galley of type and scrambled it to make a type specimen book."},{"@type":"Question","@id":"https:\/\/www.meblobranie.pl\/porady\/jak-urzadzic-garaz-w-co-go-wyposazyc\/#faq-question-1761927816650","position":1,"url":"https:\/\/www.meblobranie.pl\/porady\/jak-urzadzic-garaz-w-co-go-wyposazyc\/#faq-question-1761927816650","name":"Od czego zacz\u0105\u0107 urz\u0105dzanie gara\u017cu?","answerCount":1,"acceptedAnswer":{"@type":"Answer","text":"Najpierw zaplanuj funkcje pomieszczenia \u2013 czy ma to by\u0107 tylko miejsce na auto, czy te\u017c warsztat, spi\u017carnia lub si\u0142ownia. Nast\u0119pnie rozrysuj uk\u0142ad sprz\u0119t\u00f3w i mebli.","inLanguage":"pl-PL"},"inLanguage":"pl-PL"},{"@type":"Question","@id":"https:\/\/www.meblobranie.pl\/porady\/jak-urzadzic-garaz-w-co-go-wyposazyc\/#faq-question-1761927828161","position":2,"url":"https:\/\/www.meblobranie.pl\/porady\/jak-urzadzic-garaz-w-co-go-wyposazyc\/#faq-question-1761927828161","name":"Jakie meble najlepiej sprawdz\u0105 si\u0119 w gara\u017cu?","answerCount":1,"acceptedAnswer":{"@type":"Answer","text":"Wybieraj rega\u0142y metalowe, tablice narz\u0119dziowe i zamykane szafki. S\u0105 trwa\u0142e, odporne na zabrudzenia i pomagaj\u0105 utrzyma\u0107 porz\u0105dek.","inLanguage":"pl-PL"},"inLanguage":"pl-PL"},{"@type":"Question","@id":"https:\/\/www.meblobranie.pl\/porady\/jak-urzadzic-garaz-w-co-go-wyposazyc\/#faq-question-1761927836390","position":3,"url":"https:\/\/www.meblobranie.pl\/porady\/jak-urzadzic-garaz-w-co-go-wyposazyc\/#faq-question-1761927836390","name":"Czy gara\u017c trzeba ociepla\u0107?","answerCount":1,"acceptedAnswer":{"@type":"Answer","text":"Tak, je\u015bli sp\u0119dzasz tam czas zim\u0105 lub przechowujesz delikatne sprz\u0119ty. Ocieplony gara\u017c zapobiega kondensacji wilgoci i chroni auto przed korozj\u0105.","inLanguage":"pl-PL"},"inLanguage":"pl-PL"}]}},"_links":{"self":[{"href":"https:\/\/www.meblobranie.pl\/porady\/wp-json\/wp\/v2\/posts\/34960","targetHints":{"allow":["GET"]}}],"collection":[{"href":"https:\/\/www.meblobranie.pl\/porady\/wp-json\/wp\/v2\/posts"}],"about":[{"href":"https:\/\/www.meblobranie.pl\/porady\/wp-json\/wp\/v2\/types\/post"}],"author":[{"embeddable":true,"href":"https:\/\/www.meblobranie.pl\/porady\/wp-json\/wp\/v2\/users\/20"}],"replies":[{"embeddable":true,"href":"https:\/\/www.meblobranie.pl\/porady\/wp-json\/wp\/v2\/comments?post=34960"}],"version-history":[{"count":6,"href":"https:\/\/www.meblobranie.pl\/porady\/wp-json\/wp\/v2\/posts\/34960\/revisions"}],"predecessor-version":[{"id":47202,"href":"https:\/\/www.meblobranie.pl\/porady\/wp-json\/wp\/v2\/posts\/34960\/revisions\/47202"}],"wp:featuredmedia":[{"embeddable":true,"href":"https:\/\/www.meblobranie.pl\/porady\/wp-json\/wp\/v2\/media\/34961"}],"wp:attachment":[{"href":"https:\/\/www.meblobranie.pl\/porady\/wp-json\/wp\/v2\/media?parent=34960"}],"wp:term":[{"taxonomy":"category","embeddable":true,"href":"https:\/\/www.meblobranie.pl\/porady\/wp-json\/wp\/v2\/categories?post=34960"},{"taxonomy":"post_tag","embeddable":true,"href":"https:\/\/www.meblobranie.pl\/porady\/wp-json\/wp\/v2\/tags?post=34960"}],"curies":[{"name":"wp","href":"https:\/\/api.w.org\/{rel}","templated":true}]}}