{"id":35125,"date":"2022-01-05T12:39:07","date_gmt":"2022-01-05T11:39:07","guid":{"rendered":"https:\/\/www.meblobranie.pl\/porady\/?p=35125"},"modified":"2022-01-05T12:41:54","modified_gmt":"2022-01-05T11:41:54","slug":"jak-urzadzic-werande","status":"publish","type":"post","link":"https:\/\/www.meblobranie.pl\/porady\/jak-urzadzic-werande\/","title":{"rendered":"Jak urz\u0105dzi\u0107 werand\u0119? Jakie meble, dekoracje i materia\u0142y"},"content":{"rendered":"<p>Werandy \u015bwietnie pasuj\u0105 do stylu wiejskiego i s\u0105 nieod\u0142\u0105cznym elementem nieruchomo\u015bci budowanych w\u0142a\u015bnie w takim klimacie. Z definicji jest to<strong> rodzaj przybud\u00f3wki, zazwyczaj p\u00f3\u0142otwartej, czyli pozbawionej \u015bcian, za to zadaszonej, mieszcz\u0105cej si\u0119 we frontowej cz\u0119\u015bci budynku, sk\u0105d do wej\u015bcia prowadz\u0105 schody.<\/strong><\/p>\n<p><img loading=\"lazy\" decoding=\"async\" class=\"size-full wp-image-35128 aligncenter\" src=\"https:\/\/www.meblobranie.pl\/porady\/wp-content\/uploads\/2022\/01\/jak-urzadzic-werande.jpeg\" alt=\"Jak urz\u0105dzi\u0107 werande?\" width=\"830\" height=\"623\" srcset=\"https:\/\/www.meblobranie.pl\/porady\/wp-content\/uploads\/2022\/01\/jak-urzadzic-werande.jpeg 830w, https:\/\/www.meblobranie.pl\/porady\/wp-content\/uploads\/2022\/01\/jak-urzadzic-werande-300x225.jpeg 300w, https:\/\/www.meblobranie.pl\/porady\/wp-content\/uploads\/2022\/01\/jak-urzadzic-werande-768x576.jpeg 768w\" sizes=\"auto, (max-width: 830px) 100vw, 830px\" \/><!--more--><\/p>\n\n<p><strong>Weranda niekiedy otacza ca\u0142y dom, a czasem stanowi wy\u0142\u0105cznie przybud\u00f3wk\u0119 z przodu<\/strong>. Wtedy tylko w niewielkim stopniu r\u00f3\u017cni si\u0119 od ganku, kt\u00f3ry znany by\u0142 ze szlacheckich dwork\u00f3w, jako swoisty taras wsparty na s\u0142upach. Jednak bez wzgl\u0119du na to, jak du\u017ca jest weranda, warto, \u017ceby zosta\u0142a dobrze wykorzystana. Najwi\u0119ksz\u0105 przyjemno\u015b\u0107 w tym miejscu sprawi Ci wygodne <a href=\"https:\/\/www.meblobranie.pl\/ogrod-meble-ogrodowe\">meble ogrodowe<\/a>, na kt\u00f3rych mo\u017cna usi\u0105\u015b\u0107 i poczyta\u0107, jednak mo\u017cliwo\u015bci aran\u017cacyjnych jest bardzo du\u017co!<\/p>\n<h2>Czy warto postawi\u0107 werand\u0119?<\/h2>\n<p>Decyzj\u0119 o tym, czy wybudowa\u0107 werand\u0119 warto podj\u0105\u0107 ju\u017c na etapie wybierania projektu domu. Najcz\u0119\u015bciej tego typu przybud\u00f3wk\u0119, kt\u00f3ra przypomina nieco taras, maj\u0105<strong> budynki w stylu skandynawskim, rustykalnym, kolonialnym oraz wiejskim<\/strong>. Wa\u017cne jest bowiem dopasowanie werandy do ca\u0142o\u015bci kompozycji &#8211; tak pod wzgl\u0119dem stylu domu, jak r\u00f3wnie\u017c jego przeznaczenia. Czy weranda ma mie\u0107 wy\u0142\u0105cznie funkcj\u0119 reprezentatywn\u0105? Zazwyczaj opr\u00f3cz efektownego wygl\u0105du, <strong>weranda stanowi tak\u017ce przestrze\u0144 do wypoczynku, szczeg\u00f3lnie je\u015bli zadbasz o jej wygodne umeblowanie i efektowne o\u015bwietlenie. <\/strong><\/p>\n<p>Weranda to tak\u017ce dodatkowe miejsce do:<\/p>\n<ul>\n<li>odpoczynku w cieniu, z dala od wiatru czy deszczu,<\/li>\n<li>przechowywania narz\u0119dzi ogrodowych, konewek,<\/li>\n<li>uprawiania ogr\u00f3dka zielarskiego, przetrzymywania doniczek,<\/li>\n<li>spo\u017cywania posi\u0142k\u00f3w latem.<\/li>\n<\/ul>\n<p>[[kategoria:2002:6]]<\/p>\n<p>Jak widzisz posiadanie werandy przy domu jest uzasadnione i ma wiele zalet. Rozwa\u017c tak\u0105 przybud\u00f3wk\u0119 szczeg\u00f3lnie w posiad\u0142o\u015bci wiejskiej lub domku wakacyjnym na wsi. Przyjemnie jest kiedy z werandy rozci\u0105ga si\u0119 sielski widok na jezioro czy las. Jednak cz\u0119sto, zw\u0142aszcza w architekturze ameryka\u0144skiej, werandy by\u0142y \u015bwietnymi punktami obserwacyjnymi w domach po\u0142o\u017conych wzd\u0142u\u017c g\u0142\u00f3wnych ulic w mie\u015bcie.<\/p>\n<h2>Jaka mo\u017ce by\u0107 weranda? Ca\u0142kowicie zabudowana czy otwarta?<\/h2>\n<p>Ide\u0105 werandy jest to, aby by\u0142a otwarta, lecz zadaszona. Jednak na otwartych werandach trzeba liczy\u0107 si\u0119 z przeci\u0105gami czy zacinaj\u0105cym deszczem. Odczuwalne s\u0105 te\u017c silne wahania temperatury, a miejsce s\u0142u\u017cy domownikom wy\u0142\u0105cznie wiosn\u0105 i latem, i to w czasie cieplejszych dni.<\/p>\n<p><strong>Je\u017celi zale\u017cy Ci na ca\u0142orocznym u\u017cytkowaniu werandy i traktowaniu jej jako ogrodu zimowego, to postaw na konstrukcj\u0119 zabudowan\u0105.<\/strong> Tafle szk\u0142a warto umieszcza\u0107 w ramach z drewna lub aluminium, co pozwoli maksymalnie cieszy\u0107 si\u0119 widokiem zielonego ogrodu i obcowa\u0107 z przyrod\u0105. Alternatywna form\u0105 zabudowy mo\u017ce si\u0119 okaza\u0107 poliw\u0119glan, kt\u00f3ry r\u00f3wnie\u017c jest cz\u0119\u015bciowo transparentny i przepuszcza \u015bwiat\u0142o. Zdarzaj\u0105 si\u0119 te\u017c zabudowy z drewna, jednak tu trzeba mie\u0107 na uwadze, \u017ce na takiej werandzie widok b\u0119dzie ma\u0142o atrakcyjny, a wn\u0119trze do\u015b\u0107 ciemne. Pomniejszy to optycznie ma\u0142y taras.<\/p>\n<p>Je\u017celi weranda to niejako dodatkowe pomieszczenie w Twoim domu, tzw. letni salon czy taras wychodz\u0105cy na ogr\u00f3d, to najlepszym wyborem b\u0119dzie <strong>pozostawienie go otwartym lub zabudowanie szklanymi przesuwnymi \u015bciankami.<\/strong><\/p>\n<div id=\"attachment_35129\" style=\"width: 840px\" class=\"wp-caption aligncenter\"><img loading=\"lazy\" decoding=\"async\" aria-describedby=\"caption-attachment-35129\" class=\"wp-image-35129 size-full\" src=\"https:\/\/www.meblobranie.pl\/porady\/wp-content\/uploads\/2022\/01\/meble-obiadowe-na-werandzie.jpeg\" alt=\"Weranda z naro\u017cnikiem\" width=\"830\" height=\"508\" srcset=\"https:\/\/www.meblobranie.pl\/porady\/wp-content\/uploads\/2022\/01\/meble-obiadowe-na-werandzie.jpeg 830w, https:\/\/www.meblobranie.pl\/porady\/wp-content\/uploads\/2022\/01\/meble-obiadowe-na-werandzie-300x184.jpeg 300w, https:\/\/www.meblobranie.pl\/porady\/wp-content\/uploads\/2022\/01\/meble-obiadowe-na-werandzie-768x470.jpeg 768w\" sizes=\"auto, (max-width: 830px) 100vw, 830px\" \/><p id=\"caption-attachment-35129\" class=\"wp-caption-text\">St\u00f3\u0142 obiadowy na werandzie zwi\u0119kszy jej funkcjonalno\u015b\u0107<\/p><\/div>\n<h2><strong>Wyko\u0144czenie werandy &#8211; wyb\u00f3r materia\u0142\u00f3w<\/strong><\/h2>\n<p>Aran\u017cacja zale\u017cy w du\u017cej mierze od technologii i stylu, w jakim wybudowana zosta\u0142a weranda. Na efekt ca\u0142ej inwestycji wp\u0142ywa nie tylko o\u015bwietlenie czy rodzaj mebli, ale te\u017c materia\u0142y wykorzystane do wy\u0142o\u017cenia posadzki czy zadaszenie dopasowane barw\u0105 do elewacji, ogrodzenia, dachu domu. Maj\u0105 one ogromny wp\u0142yw na walory dekoracyjne konstrukcji, co w przypadku tak reprezentatywnego miejsca ma ogromne znaczenie.<\/p>\n<p><strong>Jakie materia\u0142y wybra\u0107 na posadzk\u0119 na werand\u0119?<\/strong><\/p>\n<ul>\n<li><strong>Kamie\u0144 naturalny<\/strong> &#8211; budulec szczeg\u00f3lnie wytrzyma\u0142y na obci\u0105\u017cenia, prezentuje si\u0119 stylowo, ale jest ch\u0142odny,<\/li>\n<li><strong>p\u0142yty betonowe<\/strong> &#8211; idealne na tarasy w industrialnym klimacie, daj\u0105 nieco surowy efekt i idealnie pasuj\u0105 do nowoczesnych dom\u00f3w,<\/li>\n<li><strong>p\u0142ytki ceramiczne<\/strong> &#8211; popularny materia\u0142 wyko\u0144czenia na du\u017cy lub ma\u0142y ganek, ale najlepiej, kiedy maj\u0105 antypo\u015blizgow\u0105 powierzchni\u0119,<\/li>\n<li><strong>wytrzyma\u0142e drewno egzotyczne<\/strong> (palisander, cumaru, tek, lapacho) lub rodzime (sosna, \u015bwierk, modrzew, d\u0105b) &#8211; ciep\u0142e w dotyku, wytrzyma\u0142e i bardzo efektowne. Powinno by\u0107 odpowiednio zaimpregnowane, dzi\u0119ki czemu zyskuje na twardo\u015bci i nie p\u0142owieje.<\/li>\n<\/ul>\n<p>[[kategoria:2055:6]]<\/p>\n<p>Aby urz\u0105dzi\u0107 ganek, si\u0119gnij po dobre i wytrzyma\u0142e materia\u0142y. W du\u017cej mierze posadzka b\u0119dzie bowiem nara\u017cona na obci\u0105\u017cenia, mo\u017ce si\u0119 te\u017c zbytnio nagrzewa\u0107, je\u015bli weranda wychodzi na po\u0142udniow\u0105 stron\u0119. Warto zadba\u0107 o to, aby jej nawierzchnia by\u0142a antypo\u015blizgowa i mia\u0142a wysok\u0105 odporno\u015b\u0107 na \u015bcieranie.<\/p>\n<p>Na werand\u0119 zazwyczaj prowadzi kilka stopni. Schody powinny by\u0107 wy\u0142o\u017cone takim samym materia\u0142em, co ganek. Dla bezpiecze\u0144stwa i komfortu najlepiej te\u017c zastosowa\u0107 tutaj balustrady, kt\u00f3re b\u0119d\u0105 stanowi\u0142y dodatkowy dekoracyjny aspekt ca\u0142ej przeddomowej aran\u017cacji.<\/p>\n<h2><strong>Jak urz\u0105dzi\u0107 werand\u0119?<\/strong><\/h2>\n<p>Je\u017celi weranda ma s\u0142u\u017cy\u0107 Ci do sp\u0119dzania wolnego czasu i odpoczywania, to bez w\u0105tpienia powinna by\u0107 przytulna. Zadba o to przede wszystkim klimatyczne o\u015bwietlenie, ale te\u017c wygodne meble rattanowe i ro\u015bliny. Aby urz\u0105dzi\u0107 pi\u0119kn\u0105 werand\u0119, nie musisz du\u017co wydawa\u0107. Najlepiej wybiera\u0107 gustowne przedmioty, a ju\u017c kilka z nich starannie do siebie dobranych, stworzy doskona\u0142e wra\u017cenie i zapewni komfort, jakiego szukasz.<\/p>\n<div id=\"attachment_35130\" style=\"width: 840px\" class=\"wp-caption aligncenter\"><img loading=\"lazy\" decoding=\"async\" aria-describedby=\"caption-attachment-35130\" class=\"wp-image-35130 size-full\" src=\"https:\/\/www.meblobranie.pl\/porady\/wp-content\/uploads\/2022\/01\/stelvio-caffe-meble-z-technorattanu-na-taras-5957.jpeg\" alt=\"Meble technorattan na werandzie\" width=\"830\" height=\"623\" srcset=\"https:\/\/www.meblobranie.pl\/porady\/wp-content\/uploads\/2022\/01\/stelvio-caffe-meble-z-technorattanu-na-taras-5957.jpeg 830w, https:\/\/www.meblobranie.pl\/porady\/wp-content\/uploads\/2022\/01\/stelvio-caffe-meble-z-technorattanu-na-taras-5957-300x225.jpeg 300w, https:\/\/www.meblobranie.pl\/porady\/wp-content\/uploads\/2022\/01\/stelvio-caffe-meble-z-technorattanu-na-taras-5957-768x576.jpeg 768w\" sizes=\"auto, (max-width: 830px) 100vw, 830px\" \/><p id=\"caption-attachment-35130\" class=\"wp-caption-text\">Technorattanowe meble dodadz\u0105 stylu naszej werandzie<\/p><\/div>\n<h3><strong>Meble na werand\u0119<\/strong><\/h3>\n<p>Weranda to cz\u0119\u015b\u0107 domu, kt\u00f3ra wychodzi bezpo\u015brednio na ogr\u00f3d. Powinna oferowa\u0107 miejsce do wypoczynku w pozycji siedz\u0105cej lub p\u00f3\u0142le\u017c\u0105cej. Bardzo cz\u0119sto latem jest to pierwsze pomieszczenie wybierane do serwowania posi\u0142k\u00f3w. Aby m\u00f3c zje\u015b\u0107 tu obiad czy \u015bniadanie ca\u0142\u0105 rodzin\u0105, na pewno warto kupi\u0107 <strong>st\u00f3\u0142 i krzes\u0142a<\/strong>. Mo\u017cemy wykorzysta\u0107 <a href=\"https:\/\/www.meblobranie.pl\/ogrod-meble-ogrodowe\/material-technorattan\">meble ogrodowe z technoratanu<\/a>, tworzyw sztucznych, drewna czy metalu. Dobrze, aby na siedziskach znalaz\u0142y si\u0119 mi\u0119kkie poduszki.<\/p>\n<p>Na werandzie mo\u017cesz te\u017c postawi\u0107 modny <strong><a href=\"https:\/\/www.meblobranie.pl\/fotele-ogrodowe\">fotel ogrodowy<\/a>, rozk\u0142adany <a href=\"https:\/\/www.meblobranie.pl\/lezaki-ogrodowe\">le\u017cak<\/a> lub zaaran\u017cowa\u0107 \u0142awk\u0119 ze schowkiem na zabawki czy narz\u0119dzia<\/strong>. Je\u017celi do Twojej dyspozycji jest du\u017ca weranda to warto postawi\u0107 na <a href=\"https:\/\/www.meblobranie.pl\/ogrodowe\/narozniki-ogrodowe\">naro\u017cnik ogrodowy<\/a>, kt\u00f3ry stanie si\u0119 idealnym miejscem do wypoczynku w letnie dni. Je\u015bli nadal dysponujemy miejscem, to czemu nie postawi\u0107 na niej jacuzzi, rozwiesi\u0107 <a href=\"\/hamaki-ogrodowe\">hamaku<\/a> czy zamontowa\u0107 piaskownicy dla dzieci. Mo\u017cliwo\u015bci jest wiele!<\/p>\n<p>[[kategoria:30:6]]<\/p>\n<h3><strong>O\u015bwietlenie na werand\u0119<\/strong><\/h3>\n<p>Je\u015bli zastanawiasz si\u0119, jak urz\u0105dzi\u0107 werand\u0119, kt\u00f3ra b\u0119dzie przytulna, to pami\u0119taj o jej o\u015bwietleniu. Ozdobne <strong>girlandy podwieszone u sufitu, \u015bwieczniki, \u015bwiece lub lampiony z a\u017curowymi wyci\u0119ciami<\/strong> &#8211; przeno\u015bne lampy s\u0105 wygodne w u\u017cytkowaniu, szczeg\u00f3lnie je\u015bli na werandzie nie ma innych \u017ar\u00f3de\u0142 \u015bwiat\u0142a. To nie tylko elementy praktyczne, ale te\u017c pi\u0119kne dekoracje, kt\u00f3re uprzyjemniaj\u0105 wypoczynek o ka\u017cdej porze.<\/p>\n<h3><strong>Ro\u015bliny na werand\u0119<\/strong><\/h3>\n<p>Weranda stanowi p\u0142ynne przej\u015bcie mi\u0119dzy domem a ogrodem. Warto zatem, aby znalaz\u0142y si\u0119 na niej ro\u015bliny pokojowe, kwiaty lub zio\u0142a w doniczkach. <strong>Niekt\u00f3rzy decyduj\u0105 si\u0119 na groszek pachn\u0105cy, inni na pn\u0105ce si\u0119 r\u00f3\u017ce, kt\u00f3re oplataj\u0105 balustrady<\/strong>. Ma si\u0119 w\u00f3wczas wra\u017cenie, \u017ce rabaty, trawnik, weranda i dom stanowi\u0105 jedn\u0105, idealnie harmonijn\u0105 ca\u0142o\u015b\u0107.<\/p>\n<p>Aby urz\u0105dzi\u0107 werand\u0119, wybierz projekt domu o sielskim charakterze. W niekt\u00f3rych przypadkach tego typu taras mo\u017cna dobudowa\u0107 p\u00f3\u017aniej, aby przebywanie na \u015bwie\u017cym powietrzu sprawia\u0142o przyjemno\u015b\u0107 domownikom i ich go\u015bciom. W aran\u017cacji pi\u0119knego ganku pomog\u0105 Ci wygodne meble, nastrojowe lampiony, eteryczne zas\u0142ony, naturalne materia\u0142y na \u015bcianach i posadzkach. Od strony ogrodu i frontu &#8211; weranda b\u0119dzie pi\u0119kna i komfortowa.<\/p>\n","protected":false},"excerpt":{"rendered":"<p>Werandy \u015bwietnie pasuj\u0105 do stylu wiejskiego i s\u0105 nieod\u0142\u0105cznym elementem nieruchomo\u015bci budowanych w\u0142a\u015bnie w takim klimacie. Z definicji jest to rodzaj przybud\u00f3wki, zazwyczaj p\u00f3\u0142otwartej, czyli pozbawionej \u015bcian, za to zadaszonej, mieszcz\u0105cej si\u0119 we frontowej cz\u0119\u015bci budynku, sk\u0105d do wej\u015bcia prowadz\u0105 schody.<\/p>\n","protected":false},"author":20,"featured_media":35128,"comment_status":"open","ping_status":"closed","sticky":false,"template":"","format":"standard","meta":{"_acf_changed":false,"ngg_post_thumbnail":0,"footnotes":""},"categories":[905,6],"tags":[],"class_list":{"0":"post-35125","1":"post","2":"type-post","3":"status-publish","4":"format-standard","5":"has-post-thumbnail","7":"category-ogrod","8":"category-poradnik"},"acf":[],"yoast_head":"<!-- This site is optimized with the Yoast SEO plugin v27.4 - https:\/\/yoast.com\/product\/yoast-seo-wordpress\/ -->\n<title>Jak urz\u0105dzi\u0107 werand\u0119? Jakie meble, dekoracje i materia\u0142y - Porady Meblobranie.pl<\/title>\n<meta name=\"robots\" content=\"index, follow, max-snippet:-1, max-image-preview:large, max-video-preview:-1\" \/>\n<link rel=\"canonical\" href=\"https:\/\/www.meblobranie.pl\/porady\/jak-urzadzic-werande\/\" \/>\n<meta name=\"twitter:label1\" content=\"Napisane przez\" \/>\n\t<meta name=\"twitter:data1\" content=\"Dawid z Meblobranie.pl\" \/>\n\t<meta name=\"twitter:label2\" content=\"Szacowany czas czytania\" \/>\n\t<meta name=\"twitter:data2\" content=\"6 minut\" \/>\n<script type=\"application\/ld+json\" class=\"yoast-schema-graph\">{\"@context\":\"https:\\\/\\\/schema.org\",\"@graph\":[{\"@type\":\"Article\",\"@id\":\"https:\\\/\\\/www.meblobranie.pl\\\/porady\\\/jak-urzadzic-werande\\\/#article\",\"isPartOf\":{\"@id\":\"https:\\\/\\\/www.meblobranie.pl\\\/porady\\\/jak-urzadzic-werande\\\/\"},\"author\":{\"name\":\"Dawid z Meblobranie.pl\",\"@id\":\"https:\\\/\\\/www.meblobranie.pl\\\/porady\\\/#\\\/schema\\\/person\\\/0c44214399e1752805db67863333461b\"},\"headline\":\"Jak urz\u0105dzi\u0107 werand\u0119? Jakie meble, dekoracje i materia\u0142y\",\"datePublished\":\"2022-01-05T11:39:07+00:00\",\"dateModified\":\"2022-01-05T11:41:54+00:00\",\"mainEntityOfPage\":{\"@id\":\"https:\\\/\\\/www.meblobranie.pl\\\/porady\\\/jak-urzadzic-werande\\\/\"},\"wordCount\":1303,\"commentCount\":0,\"image\":{\"@id\":\"https:\\\/\\\/www.meblobranie.pl\\\/porady\\\/jak-urzadzic-werande\\\/#primaryimage\"},\"thumbnailUrl\":\"https:\\\/\\\/www.meblobranie.pl\\\/porady\\\/wp-content\\\/uploads\\\/2022\\\/01\\\/jak-urzadzic-werande.jpeg\",\"articleSection\":[\"Ogr\u00f3d\",\"Poradnik\"],\"inLanguage\":\"pl-PL\",\"potentialAction\":[{\"@type\":\"CommentAction\",\"name\":\"Comment\",\"target\":[\"https:\\\/\\\/www.meblobranie.pl\\\/porady\\\/jak-urzadzic-werande\\\/#respond\"]}]},{\"@type\":\"WebPage\",\"@id\":\"https:\\\/\\\/www.meblobranie.pl\\\/porady\\\/jak-urzadzic-werande\\\/\",\"url\":\"https:\\\/\\\/www.meblobranie.pl\\\/porady\\\/jak-urzadzic-werande\\\/\",\"name\":\"Jak urz\u0105dzi\u0107 werand\u0119? Jakie meble, dekoracje i materia\u0142y - Porady Meblobranie.pl\",\"isPartOf\":{\"@id\":\"https:\\\/\\\/www.meblobranie.pl\\\/porady\\\/#website\"},\"primaryImageOfPage\":{\"@id\":\"https:\\\/\\\/www.meblobranie.pl\\\/porady\\\/jak-urzadzic-werande\\\/#primaryimage\"},\"image\":{\"@id\":\"https:\\\/\\\/www.meblobranie.pl\\\/porady\\\/jak-urzadzic-werande\\\/#primaryimage\"},\"thumbnailUrl\":\"https:\\\/\\\/www.meblobranie.pl\\\/porady\\\/wp-content\\\/uploads\\\/2022\\\/01\\\/jak-urzadzic-werande.jpeg\",\"datePublished\":\"2022-01-05T11:39:07+00:00\",\"dateModified\":\"2022-01-05T11:41:54+00:00\",\"author\":{\"@id\":\"https:\\\/\\\/www.meblobranie.pl\\\/porady\\\/#\\\/schema\\\/person\\\/0c44214399e1752805db67863333461b\"},\"breadcrumb\":{\"@id\":\"https:\\\/\\\/www.meblobranie.pl\\\/porady\\\/jak-urzadzic-werande\\\/#breadcrumb\"},\"inLanguage\":\"pl-PL\",\"potentialAction\":[{\"@type\":\"ReadAction\",\"target\":[\"https:\\\/\\\/www.meblobranie.pl\\\/porady\\\/jak-urzadzic-werande\\\/\"]}]},{\"@type\":\"ImageObject\",\"inLanguage\":\"pl-PL\",\"@id\":\"https:\\\/\\\/www.meblobranie.pl\\\/porady\\\/jak-urzadzic-werande\\\/#primaryimage\",\"url\":\"https:\\\/\\\/www.meblobranie.pl\\\/porady\\\/wp-content\\\/uploads\\\/2022\\\/01\\\/jak-urzadzic-werande.jpeg\",\"contentUrl\":\"https:\\\/\\\/www.meblobranie.pl\\\/porady\\\/wp-content\\\/uploads\\\/2022\\\/01\\\/jak-urzadzic-werande.jpeg\",\"width\":830,\"height\":623,\"caption\":\"Jak urz\u0105dzi\u0107 werande?\"},{\"@type\":\"BreadcrumbList\",\"@id\":\"https:\\\/\\\/www.meblobranie.pl\\\/porady\\\/jak-urzadzic-werande\\\/#breadcrumb\",\"itemListElement\":[{\"@type\":\"ListItem\",\"position\":1,\"name\":\"Home\",\"item\":\"https:\\\/\\\/www.meblobranie.pl\\\/porady\\\/\"},{\"@type\":\"ListItem\",\"position\":2,\"name\":\"Jak urz\u0105dzi\u0107 werand\u0119? Jakie meble, dekoracje i materia\u0142y\"}]},{\"@type\":\"WebSite\",\"@id\":\"https:\\\/\\\/www.meblobranie.pl\\\/porady\\\/#website\",\"url\":\"https:\\\/\\\/www.meblobranie.pl\\\/porady\\\/\",\"name\":\"Porady Meblobranie.pl\",\"description\":\"Blog o tarasach i ogrodach\",\"potentialAction\":[{\"@type\":\"SearchAction\",\"target\":{\"@type\":\"EntryPoint\",\"urlTemplate\":\"https:\\\/\\\/www.meblobranie.pl\\\/porady\\\/?s={search_term_string}\"},\"query-input\":{\"@type\":\"PropertyValueSpecification\",\"valueRequired\":true,\"valueName\":\"search_term_string\"}}],\"inLanguage\":\"pl-PL\"},{\"@type\":\"Person\",\"@id\":\"https:\\\/\\\/www.meblobranie.pl\\\/porady\\\/#\\\/schema\\\/person\\\/0c44214399e1752805db67863333461b\",\"name\":\"Dawid z Meblobranie.pl\",\"image\":{\"@type\":\"ImageObject\",\"inLanguage\":\"pl-PL\",\"@id\":\"https:\\\/\\\/secure.gravatar.com\\\/avatar\\\/9ede1c3924e3173d8f3ad05211531161353d772865bc4dacba314dbcd46c0fef?s=96&d=mm&r=g\",\"url\":\"https:\\\/\\\/secure.gravatar.com\\\/avatar\\\/9ede1c3924e3173d8f3ad05211531161353d772865bc4dacba314dbcd46c0fef?s=96&d=mm&r=g\",\"contentUrl\":\"https:\\\/\\\/secure.gravatar.com\\\/avatar\\\/9ede1c3924e3173d8f3ad05211531161353d772865bc4dacba314dbcd46c0fef?s=96&d=mm&r=g\",\"caption\":\"Dawid z Meblobranie.pl\"},\"description\":\"Lorem Ipsum is simply dummy text of the printing and typesetting industry. Lorem Ipsum has been the industry's standard dummy text ever since the 1500s, when an unknown printer took a galley of type and scrambled it to make a type specimen book.\"}]}<\/script>\n<!-- \/ Yoast SEO plugin. -->","yoast_head_json":{"title":"Jak urz\u0105dzi\u0107 werand\u0119? Jakie meble, dekoracje i materia\u0142y - Porady Meblobranie.pl","robots":{"index":"index","follow":"follow","max-snippet":"max-snippet:-1","max-image-preview":"max-image-preview:large","max-video-preview":"max-video-preview:-1"},"canonical":"https:\/\/www.meblobranie.pl\/porady\/jak-urzadzic-werande\/","twitter_misc":{"Napisane przez":"Dawid z Meblobranie.pl","Szacowany czas czytania":"6 minut"},"schema":{"@context":"https:\/\/schema.org","@graph":[{"@type":"Article","@id":"https:\/\/www.meblobranie.pl\/porady\/jak-urzadzic-werande\/#article","isPartOf":{"@id":"https:\/\/www.meblobranie.pl\/porady\/jak-urzadzic-werande\/"},"author":{"name":"Dawid z Meblobranie.pl","@id":"https:\/\/www.meblobranie.pl\/porady\/#\/schema\/person\/0c44214399e1752805db67863333461b"},"headline":"Jak urz\u0105dzi\u0107 werand\u0119? Jakie meble, dekoracje i materia\u0142y","datePublished":"2022-01-05T11:39:07+00:00","dateModified":"2022-01-05T11:41:54+00:00","mainEntityOfPage":{"@id":"https:\/\/www.meblobranie.pl\/porady\/jak-urzadzic-werande\/"},"wordCount":1303,"commentCount":0,"image":{"@id":"https:\/\/www.meblobranie.pl\/porady\/jak-urzadzic-werande\/#primaryimage"},"thumbnailUrl":"https:\/\/www.meblobranie.pl\/porady\/wp-content\/uploads\/2022\/01\/jak-urzadzic-werande.jpeg","articleSection":["Ogr\u00f3d","Poradnik"],"inLanguage":"pl-PL","potentialAction":[{"@type":"CommentAction","name":"Comment","target":["https:\/\/www.meblobranie.pl\/porady\/jak-urzadzic-werande\/#respond"]}]},{"@type":"WebPage","@id":"https:\/\/www.meblobranie.pl\/porady\/jak-urzadzic-werande\/","url":"https:\/\/www.meblobranie.pl\/porady\/jak-urzadzic-werande\/","name":"Jak urz\u0105dzi\u0107 werand\u0119? Jakie meble, dekoracje i materia\u0142y - Porady Meblobranie.pl","isPartOf":{"@id":"https:\/\/www.meblobranie.pl\/porady\/#website"},"primaryImageOfPage":{"@id":"https:\/\/www.meblobranie.pl\/porady\/jak-urzadzic-werande\/#primaryimage"},"image":{"@id":"https:\/\/www.meblobranie.pl\/porady\/jak-urzadzic-werande\/#primaryimage"},"thumbnailUrl":"https:\/\/www.meblobranie.pl\/porady\/wp-content\/uploads\/2022\/01\/jak-urzadzic-werande.jpeg","datePublished":"2022-01-05T11:39:07+00:00","dateModified":"2022-01-05T11:41:54+00:00","author":{"@id":"https:\/\/www.meblobranie.pl\/porady\/#\/schema\/person\/0c44214399e1752805db67863333461b"},"breadcrumb":{"@id":"https:\/\/www.meblobranie.pl\/porady\/jak-urzadzic-werande\/#breadcrumb"},"inLanguage":"pl-PL","potentialAction":[{"@type":"ReadAction","target":["https:\/\/www.meblobranie.pl\/porady\/jak-urzadzic-werande\/"]}]},{"@type":"ImageObject","inLanguage":"pl-PL","@id":"https:\/\/www.meblobranie.pl\/porady\/jak-urzadzic-werande\/#primaryimage","url":"https:\/\/www.meblobranie.pl\/porady\/wp-content\/uploads\/2022\/01\/jak-urzadzic-werande.jpeg","contentUrl":"https:\/\/www.meblobranie.pl\/porady\/wp-content\/uploads\/2022\/01\/jak-urzadzic-werande.jpeg","width":830,"height":623,"caption":"Jak urz\u0105dzi\u0107 werande?"},{"@type":"BreadcrumbList","@id":"https:\/\/www.meblobranie.pl\/porady\/jak-urzadzic-werande\/#breadcrumb","itemListElement":[{"@type":"ListItem","position":1,"name":"Home","item":"https:\/\/www.meblobranie.pl\/porady\/"},{"@type":"ListItem","position":2,"name":"Jak urz\u0105dzi\u0107 werand\u0119? Jakie meble, dekoracje i materia\u0142y"}]},{"@type":"WebSite","@id":"https:\/\/www.meblobranie.pl\/porady\/#website","url":"https:\/\/www.meblobranie.pl\/porady\/","name":"Porady Meblobranie.pl","description":"Blog o tarasach i ogrodach","potentialAction":[{"@type":"SearchAction","target":{"@type":"EntryPoint","urlTemplate":"https:\/\/www.meblobranie.pl\/porady\/?s={search_term_string}"},"query-input":{"@type":"PropertyValueSpecification","valueRequired":true,"valueName":"search_term_string"}}],"inLanguage":"pl-PL"},{"@type":"Person","@id":"https:\/\/www.meblobranie.pl\/porady\/#\/schema\/person\/0c44214399e1752805db67863333461b","name":"Dawid z Meblobranie.pl","image":{"@type":"ImageObject","inLanguage":"pl-PL","@id":"https:\/\/secure.gravatar.com\/avatar\/9ede1c3924e3173d8f3ad05211531161353d772865bc4dacba314dbcd46c0fef?s=96&d=mm&r=g","url":"https:\/\/secure.gravatar.com\/avatar\/9ede1c3924e3173d8f3ad05211531161353d772865bc4dacba314dbcd46c0fef?s=96&d=mm&r=g","contentUrl":"https:\/\/secure.gravatar.com\/avatar\/9ede1c3924e3173d8f3ad05211531161353d772865bc4dacba314dbcd46c0fef?s=96&d=mm&r=g","caption":"Dawid z Meblobranie.pl"},"description":"Lorem Ipsum is simply dummy text of the printing and typesetting industry. Lorem Ipsum has been the industry's standard dummy text ever since the 1500s, when an unknown printer took a galley of type and scrambled it to make a type specimen book."}]}},"_links":{"self":[{"href":"https:\/\/www.meblobranie.pl\/porady\/wp-json\/wp\/v2\/posts\/35125","targetHints":{"allow":["GET"]}}],"collection":[{"href":"https:\/\/www.meblobranie.pl\/porady\/wp-json\/wp\/v2\/posts"}],"about":[{"href":"https:\/\/www.meblobranie.pl\/porady\/wp-json\/wp\/v2\/types\/post"}],"author":[{"embeddable":true,"href":"https:\/\/www.meblobranie.pl\/porady\/wp-json\/wp\/v2\/users\/20"}],"replies":[{"embeddable":true,"href":"https:\/\/www.meblobranie.pl\/porady\/wp-json\/wp\/v2\/comments?post=35125"}],"version-history":[{"count":0,"href":"https:\/\/www.meblobranie.pl\/porady\/wp-json\/wp\/v2\/posts\/35125\/revisions"}],"wp:featuredmedia":[{"embeddable":true,"href":"https:\/\/www.meblobranie.pl\/porady\/wp-json\/wp\/v2\/media\/35128"}],"wp:attachment":[{"href":"https:\/\/www.meblobranie.pl\/porady\/wp-json\/wp\/v2\/media?parent=35125"}],"wp:term":[{"taxonomy":"category","embeddable":true,"href":"https:\/\/www.meblobranie.pl\/porady\/wp-json\/wp\/v2\/categories?post=35125"},{"taxonomy":"post_tag","embeddable":true,"href":"https:\/\/www.meblobranie.pl\/porady\/wp-json\/wp\/v2\/tags?post=35125"}],"curies":[{"name":"wp","href":"https:\/\/api.w.org\/{rel}","templated":true}]}}