{"id":35736,"date":"2022-02-16T14:17:41","date_gmt":"2022-02-16T13:17:41","guid":{"rendered":"https:\/\/www.meblobranie.pl\/porady\/?p=35736"},"modified":"2022-05-25T08:49:31","modified_gmt":"2022-05-25T06:49:31","slug":"jak-oslonic-taras-od-sasiadow","status":"publish","type":"post","link":"https:\/\/www.meblobranie.pl\/porady\/jak-oslonic-taras-od-sasiadow\/","title":{"rendered":"Jak os\u0142oni\u0107 taras od s\u0105siad\u00f3w lub wiatru?"},"content":{"rendered":"<p>Nawet, je\u015bli Twoi s\u0105siedzi s\u0105 \u017cyczliwi i na co dzie\u0144 pozostajesz z nimi w przyjacielskich stosunkach, to przy aran\u017cacji domu i ogrodu musisz zastanowi\u0107 si\u0119 nad tym, <strong>jak os\u0142oni\u0107 taras. Chodzi o zapewnienie sobie prywatno\u015bci i przestrzeni do wypoczynku na \u015bwie\u017cym powietrzu.<\/strong><\/p>\n<p><img loading=\"lazy\" decoding=\"async\" class=\"aligncenter wp-image-35737 size-full\" src=\"https:\/\/www.meblobranie.pl\/porady\/wp-content\/uploads\/2022\/02\/jak-oslonic-taras-przed-sasiadami.jpeg\" alt=\"Jak os\u0142oni\u0107 taras od s\u0105siad\u00f3w\" width=\"830\" height=\"623\" srcset=\"https:\/\/www.meblobranie.pl\/porady\/wp-content\/uploads\/2022\/02\/jak-oslonic-taras-przed-sasiadami.jpeg 830w, https:\/\/www.meblobranie.pl\/porady\/wp-content\/uploads\/2022\/02\/jak-oslonic-taras-przed-sasiadami-300x225.jpeg 300w, https:\/\/www.meblobranie.pl\/porady\/wp-content\/uploads\/2022\/02\/jak-oslonic-taras-przed-sasiadami-768x576.jpeg 768w\" sizes=\"auto, (max-width: 830px) 100vw, 830px\" \/><!--more--><\/p>\n\n<p>Dzi\u0119ki naszym pomys\u0142om skutecznie odgrodzisz si\u0119 od s\u0105siad\u00f3w zza p\u0142otu i mieszkaj\u0105cych nad Tob\u0105, jak r\u00f3wnie\u017c przed w\u015bcibskimi spojrzeniami przechodni\u00f3w. Co wa\u017cne, je\u015bli zdecydujesz si\u0119 os\u0142oni\u0107 taras zyskasz niezawodn\u0105 ochron\u0119 przed czynnikami atmosferycznymi &#8211; relaks w ogrodzie b\u0119dzie przyjemny a Tobie i Twoim bliskim nie b\u0119dzie przeszkadza\u0142o pal\u0105ce s\u0142o\u0144ce ani wiatr. Sp\u0119dzenie czasu na naszych <a href=\"https:\/\/www.meblobranie.pl\/ogrod-meble-ogrodowe\">meblach ogrodowych<\/a> b\u0119dzie du\u017co przyjemniejsze je\u015bli mamy pewno\u015b\u0107, \u017ce nie jeste\u015bmy obserwowani. Zobacz wi\u0119c jak ogrodzi\u0107 taras!<\/p>\n<h2>Os\u0142ona tarasu &#8211; dlaczego jest Ci potrzebna?<\/h2>\n<p>Nie tylko ch\u0119\u0107 zapewnienia sobie upragnionej prywatno\u015bci podczas wypoczynku na <a href=\"https:\/\/www.meblobranie.pl\/zestawy-ogrodowe\">zestawie ogrodowym<\/a> motywuje do wykonania os\u0142ony tarasu. S\u0105 te\u017c inne powody, dla kt\u00f3rych warto rozwa\u017cy\u0107 wykonanie obudowy.<\/p>\n<h3><strong>Os\u0142ona tarasu przed wiatrem<\/strong><\/h3>\n<p>Niekorzystne warunki atmosferyczne sprawiaj\u0105, \u017ce zamiast wypoczynku w ogrodzie zostajesz w domu? Na szcz\u0119\u015bcie nie b\u0119dzie to koniecznie, je\u015bli zdecydujesz si\u0119 na os\u0142oni\u0119cie tarasu. Wyb\u00f3r konstrukcji ze \u015bciankami pozwoli Ci skutecznie os\u0142oni\u0107 boki tarasu przed porywistymi podmuchami, kt\u00f3re nios\u0105 za sob\u0105 ch\u0142\u00f3d, piasek, kurz oraz li\u015bcie.<\/p>\n<p>[[kategoria:2055:6]]<\/p>\n<h3><strong>Os\u0142ona tarasu przed s\u0142o\u0144cem<\/strong><\/h3>\n<p>Tw\u00f3j taras to przytulny k\u0105cik dop\u00f3ki nie znajdzie si\u0119 w zasi\u0119gu s\u0142o\u0144ca. Przyjemne ciep\u0142o szybko mo\u017ce zm\u0119czy\u0107, gdy temperatury rosn\u0105, a Ty nie masz zapewnionej ochrony przed promieniowaniem. Warto os\u0142oni\u0107 taras od s\u0142o\u0144ca, szczeg\u00f3lnie gdy korzystaj\u0105 z niego ma\u0142e dzieci lub osoby starsze. Ju\u017c parasol ogrodowy wystarczy, aby <strong>rzuci\u0107 nieco przyjemnego cienia na stolik, <a href=\"https:\/\/www.meblobranie.pl\/lezaki-ogrodowe\">le\u017cak<\/a> czy piaskownic\u0119. Uwaga! S\u0142o\u0144ca nie lubi\u0105 te\u017c deski tarasowe czy meble ogrodowe &#8211; z czasem mog\u0105 traci\u0107 kolor i p\u0142owie\u0107 pod jego wp\u0142ywem. <\/strong>Ci\u0105g\u0142a ekspozycja na silne promieniowanie negatywnie wp\u0142ywa tak\u017ce na ro\u015bliny.<\/p>\n<h3><strong>Os\u0142ona tarasu jako dekoracja<\/strong><\/h3>\n<p>Nie da si\u0119 ukry\u0107, \u017ce osobom zastanawiaj\u0105cym si\u0119, jak os\u0142oni\u0107 taras przy\u015bwieca nie tylko ch\u0119\u0107 poprawienia funkcjonalno\u015bci w\u0142asnego domu. Motywuje ich tak\u017ce fakt, \u017ce wsp\u00f3\u0142czesne os\u0142ony taras\u00f3w s\u0105 na tyle pi\u0119kne i estetyczne, \u017ce stan\u0105 si\u0119 niebywa\u0142\u0105 ozdob\u0105 ka\u017cdej nieruchomo\u015bci.<\/p>\n<h2>Czym os\u0142oni\u0107 taras? Najpopularniejsze rozwi\u0105zania<\/h2>\n<p>W zale\u017cno\u015bci od tego, na jakim rodzaju i stopniu ochrony najbardziej Ci zale\u017cy, mo\u017cesz wybra\u0107 os\u0142on\u0119 tarasu wykonan\u0105 z r\u00f3\u017cnych materia\u0142\u00f3w. Niekt\u00f3re s\u0105 bardziej zabudowane, a inne mniej. Wszystkie pozwalaj\u0105 Ci cieszy\u0107 si\u0119 czasem sp\u0119dzanym na \u015bwie\u017cym powietrzu, bez dyskomfortu spowodowanego upa\u0142em czy podmuchami wiatru nios\u0105cymi kurz.<\/p>\n<p>[[kategoria:2002:6]]<\/p>\n<h3><strong>Os\u0142ony boczne<\/strong><\/h3>\n<p>Aby os\u0142oni\u0107 taras przed spojrzeniami s\u0105siad\u00f3w zza \u015bciany, musisz zastosowa\u0107 przes\u0142ony pionowe. Wbrew pozorom w tej roli sprawdz\u0105 si\u0119 nie tylko panele ogrodzeniowe, ale te\u017c markizy boczne czy \u017cywop\u0142ot.<\/p>\n<h4><strong>Panele ogrodzeniowe<\/strong><\/h4>\n<p>Jako przegrod\u0119 mi\u0119dzy s\u0105siadami cz\u0119sto stosuje si\u0119 panele. S\u0105 to zazwyczaj <strong>drewniane p\u0142yty <\/strong>w formie prostok\u0105t\u00f3w z niewielkimi prze\u015bwitami lub konstrukcje a\u017curowe, zako\u0144czone prosto lub sko\u015bnie, minimalistyczne i z dekorami. W nieruchomo\u015bciach wiejskich i rustykalnych doskonale prezentuj\u0105 si\u0119 <strong>p\u0142oty sztachetowe z drewna<\/strong>, jednak trzeba pami\u0119ta\u0107 o ich prawid\u0142owej impregnacji, aby by\u0142y odporne na dzia\u0142anie wilgoci.<\/p>\n<p>Zdarza si\u0119 tak\u017ce, \u017ce przestrze\u0144 tarasowa jest zabudowywana panelami takimi jak ogrodzenie (zw\u0142aszcza, gdy bok tarasu s\u0105siaduje bezpo\u015brednio z chodnikiem lub ogr\u00f3dkiem s\u0105siada). Pozwala to utrzyma\u0107 sp\u00f3jno\u015b\u0107 aran\u017cacji.<\/p>\n<div id=\"attachment_35738\" style=\"width: 840px\" class=\"wp-caption aligncenter\"><img loading=\"lazy\" decoding=\"async\" aria-describedby=\"caption-attachment-35738\" class=\"wp-image-35738 size-full\" src=\"https:\/\/www.meblobranie.pl\/porady\/wp-content\/uploads\/2022\/02\/komplet-wypoczynkowy-na-taras-corona-box-osloniety-przed-wiatrem-5711.jpeg\" alt=\"Ogrodzenie tarasu od s\u0105siad\u00f3w \" width=\"830\" height=\"623\" srcset=\"https:\/\/www.meblobranie.pl\/porady\/wp-content\/uploads\/2022\/02\/komplet-wypoczynkowy-na-taras-corona-box-osloniety-przed-wiatrem-5711.jpeg 830w, https:\/\/www.meblobranie.pl\/porady\/wp-content\/uploads\/2022\/02\/komplet-wypoczynkowy-na-taras-corona-box-osloniety-przed-wiatrem-5711-300x225.jpeg 300w, https:\/\/www.meblobranie.pl\/porady\/wp-content\/uploads\/2022\/02\/komplet-wypoczynkowy-na-taras-corona-box-osloniety-przed-wiatrem-5711-768x576.jpeg 768w\" sizes=\"auto, (max-width: 830px) 100vw, 830px\" \/><p id=\"caption-attachment-35738\" class=\"wp-caption-text\">Drewniane ogrodzenia dobrze wpisz\u0105 si\u0119 w charakter naszego tarasu<\/p><\/div>\n<h4><strong>Maty os\u0142onowe<\/strong><\/h4>\n<p>Ta\u0144sze ni\u017c pergole i panele ogrodzeniowe s\u0105 <strong>maty os\u0142onowe<\/strong>. Dobrze os\u0142oni\u0105 one taras przed spojrzeniami z zewn\u0105trz i stan\u0105 si\u0119 efektown\u0105 ozdob\u0105 ogr\u00f3dka. Zazwyczaj wykonywane s\u0105 z bambusa lub tworzywa sztucznego, co pozytywnie wp\u0142ywa na ich wytrzyma\u0142o\u015b\u0107. Jednak sprawdz\u0105 si\u0119 tam, gdzie taras jest ogrodzony siatk\u0105 &#8211; s\u0105 do niej bezpo\u015brednio mocowane.<\/p>\n<h4><strong>Markizy boczne<\/strong><\/h4>\n<p>Markizy dzia\u0142aj\u0105 podobnie jak plisy lub rolety. W zale\u017cno\u015bci od potrzeb mo\u017cna je ca\u0142kowicie zsun\u0105\u0107 lub zasun\u0105\u0107 do takiego stopnia, aby zas\u0142oni\u0107 taras i ochroni\u0107 go przed wiatrem oraz s\u0142o\u0144cem &#8211; szczeg\u00f3lnie p\u00f3\u017anym popo\u0142udniem, gdy chyli si\u0119 ku zachodowi i k\u0105t nachylenia jest du\u017cy.<\/p>\n<p>Markizy s\u0105 dost\u0119pne w wielu rozmiarach oraz kolorach, dlatego s\u0105 to przes\u0142ony, kt\u00f3re bardzo \u0142atwo dopasowuj\u0105 si\u0119 do stylu nieruchomo\u015bci.<\/p>\n<h4><strong>Du\u017ce donice z ro\u015blinami<\/strong><\/h4>\n<p>Nie chcesz ogranicza\u0107 przestrzeni zabudow\u0105 z drewna ani markizami? Alternatyw\u0105 oka\u017c\u0105 si\u0119 donice, w kt\u00f3rych zasadzisz ro\u015bliny. <strong>Wybierz odmiany, kt\u00f3re szybko rosn\u0105, s\u0105 strzeliste i daj\u0105ce si\u0119 formowa\u0107. <\/strong>Mo\u017ce to by\u0107 miskant chi\u0144ski, ja\u0142owiec pospolity czy choinka kanadyjska. Klasykiem jest \u017cywop\u0142ot lub szpaler z tuj. Regularne przycinanie sprawia, \u017ce szybkorosn\u0105ce iglaki staj\u0105 si\u0119 g\u0119stsze i z czasem stanowi\u0105 zielon\u0105 barier\u0119 mi\u0119dzy Tob\u0105 a Twoimi s\u0105siadami.<\/p>\n<div id=\"attachment_35739\" style=\"width: 840px\" class=\"wp-caption aligncenter\"><img loading=\"lazy\" decoding=\"async\" aria-describedby=\"caption-attachment-35739\" class=\"size-full wp-image-35739\" src=\"https:\/\/www.meblobranie.pl\/porady\/wp-content\/uploads\/2022\/02\/osloniecie-tarasu-tujami.jpeg\" alt=\"Os\u0142oni\u0119cie tarasu krzewami\" width=\"830\" height=\"623\" srcset=\"https:\/\/www.meblobranie.pl\/porady\/wp-content\/uploads\/2022\/02\/osloniecie-tarasu-tujami.jpeg 830w, https:\/\/www.meblobranie.pl\/porady\/wp-content\/uploads\/2022\/02\/osloniecie-tarasu-tujami-300x225.jpeg 300w, https:\/\/www.meblobranie.pl\/porady\/wp-content\/uploads\/2022\/02\/osloniecie-tarasu-tujami-768x576.jpeg 768w\" sizes=\"auto, (max-width: 830px) 100vw, 830px\" \/><p id=\"caption-attachment-35739\" class=\"wp-caption-text\">Os\u0142oni\u0119cie tarasu tujami to elegancki spos\u00f3b<\/p><\/div>\n<h2>Zadaszenia<\/h2>\n<p>Problemem na tarasach bywaj\u0105 nie tylko s\u0105siedzi mieszkaj\u0105cy obok czy przechodz\u0105cy za ogrodzeniem piesi. Je\u015bli zajmujesz apartament z ogr\u00f3dkiem na parterze, to znaczy, \u017ce mieszkaj\u0105cy nad Tob\u0105 r\u00f3wnie\u017c widz\u0105, co robisz w czasie wolnym. Wtedy pomocna oka\u017ce si\u0119 <strong>os\u0142ona g\u00f3rna, czyli zadaszenia<\/strong>. Nie tylko pozwol\u0105 Ci zbudowa\u0107 prywatno\u015b\u0107, ale te\u017c w prosty spos\u00f3b zabezpiecz\u0105 przed pal\u0105cym s\u0142o\u0144cem oraz deszczem.<\/p>\n<h4><strong>Markizy<\/strong><\/h4>\n<p>Markiza jest tekstyln\u0105 przes\u0142on\u0105, kt\u00f3ra \u015bwietnie sprawdza si\u0119 jako ochrona przed s\u0142o\u0144cem. <strong>Mo\u017cna zam\u00f3wi\u0107 j\u0105 w r\u00f3\u017cnych rozmiarach, dopasowuj\u0105c do szeroko\u015bci okien i drzwi balkonowych oraz d\u0142ugo\u015bci samego tarasu. <\/strong><\/p>\n<p>Markizy s\u0105 montowane bezpo\u015brednio do \u015bciany i obs\u0142ugiwane za pomoc\u0105 korbki. W \u0142atwy spos\u00f3b ustalisz, jak\u0105 cz\u0119\u015b\u0107 balkonu maj\u0105 one os\u0142oni\u0107 przed s\u0142o\u0144cem. Nie sprawdz\u0105 si\u0119 natomiast w czasie deszczu czy wiatru.<\/p>\n<p>[[kategoria:1848:6]]<\/p>\n<h4><strong>Pawilon ogrodowy<\/strong><\/h4>\n<p>To nieco bardziej zabudowana konstrukcja. Taka altana zdobi ogr\u00f3d i mo\u017ce by\u0107 konstrukcj\u0105 wolnostoj\u0105c\u0105, jak r\u00f3wnie\u017c stanowi\u0107 os\u0142on\u0119 tarasu. Zazwyczaj wykonuje si\u0119 j\u0105 z drewna lub aluminium, a pod\u0142og\u0119 z kompozytu. Tworzywa sztuczne s\u0105 bowiem bardziej odporne na wp\u0142yw czynnik\u00f3w zewn\u0119trznych, a wygl\u0105daj\u0105 r\u00f3wnie efektownie jak prawdziwe deski. Tutaj masz wiele opcji dopasowania os\u0142ony, tak pod wzgl\u0119dem konstrukcji (\u015bcianki pe\u0142ne lub same profile ze stali ocynkowanej, a do tego zas\u0142ony, dach kryty tradycyjnie gontem lub blach\u0105), jak i rozmiaru.<\/p>\n<p><strong>Pawilon, je\u015bli jest zabudowany z dw\u00f3ch czy trzech stron jest w stanie doskonale os\u0142oni\u0107 siedz\u0105cych przed wiatrem.<\/strong> O ile \u015bcianki nie s\u0105 wykonane z materia\u0142\u00f3w transparentnych, o tyle niepowo\u0142ane osoby nie zajrz\u0105 do \u015brodka i nie zak\u0142\u00f3c\u0105 wypoczynku.<\/p>\n<div id=\"attachment_35740\" style=\"width: 840px\" class=\"wp-caption aligncenter\"><img loading=\"lazy\" decoding=\"async\" aria-describedby=\"caption-attachment-35740\" class=\"size-full wp-image-35740\" src=\"https:\/\/www.meblobranie.pl\/porady\/wp-content\/uploads\/2022\/02\/altana-do-oslony-tarasu.jpeg\" alt=\"Pawilon ogrodowy jako os\u0142ona \" width=\"830\" height=\"639\" srcset=\"https:\/\/www.meblobranie.pl\/porady\/wp-content\/uploads\/2022\/02\/altana-do-oslony-tarasu.jpeg 830w, https:\/\/www.meblobranie.pl\/porady\/wp-content\/uploads\/2022\/02\/altana-do-oslony-tarasu-300x231.jpeg 300w, https:\/\/www.meblobranie.pl\/porady\/wp-content\/uploads\/2022\/02\/altana-do-oslony-tarasu-768x591.jpeg 768w\" sizes=\"auto, (max-width: 830px) 100vw, 830px\" \/><p id=\"caption-attachment-35740\" class=\"wp-caption-text\">Pawilon ogrodowy pozwoli nam zas\u0142ania\u0107 i ods\u0142ania\u0107 taras wedle uznania<\/p><\/div>\n<h4><strong>Parasol ogrodowy<\/strong><\/h4>\n<p>To najprostszy i najszybszy spos\u00f3b na bezinwazyjne zacienienie przydomowego tarasu. Taka os\u0142ona \u015bwietnie sprawdzi si\u0119 w gor\u0105cy dzie\u0144, zapewniaj\u0105c ochron\u0119 przed s\u0142o\u0144cem. Zalet\u0105 parasola jest to, \u017ce mo\u017cesz \u0142atwo regulowa\u0107 jego ustawienie. Niemniej jednak trudno oczekiwa\u0107, \u017ce os\u0142oni Ci\u0119 on przed s\u0105siadami, porywistym wiatrem czy deszczem.<\/p>\n<h4><strong>\u017bagiel<\/strong><\/h4>\n<p>\u017bagiel powstaje z tkaniny, kt\u00f3r\u0105 mo\u017cesz rozmie\u015bci\u0107 w dowolnym u\u0142o\u017ceniu nad tarasem. Najcz\u0119\u015bciej przyjmuje kszta\u0142t tr\u00f3jk\u0105ta lub rombu i jest mocowany z jednej strony do \u015bcian budynku, a z drugiej do maszt\u00f3w lub drzewa. Pozytywnym zaskoczeniem jest jego cena oraz fakt, \u017ce niekt\u00f3re modele powstaj\u0105 z tkaniny wodoszczelnej. Jednak nawet pomimo tego nie nale\u017cy oczekiwa\u0107, \u017ce skutecznie ochroni\u0105 Ci\u0119 przed zacinaj\u0105cym deszczem.<\/p>\n<h4><strong>Pergole<\/strong><\/h4>\n<p>Je\u017celi zale\u017cy Ci na pi\u0119knej i estetycznej os\u0142onie tarasu, to w tej roli \u015bwietnie sprawdz\u0105 si\u0119 pergole. Os\u0142oni\u0105 przed wzrokiem s\u0105siad\u00f3w i zapewni\u0105 przyjemny cie\u0144. Aby oddzieli\u0107 si\u0119 od granicz\u0105cej z Twoj\u0105 dzia\u0142ki, mo\u017cesz wybra\u0107 <strong>pergole z zabudowanymi \u015bciankami bocznymi. Czasem s\u0105 one przesuwane. <\/strong><\/p>\n<p>Aby doda\u0107 ca\u0142ej konstrukcji przytulnego, nieco romantycznego charakteru warto zainwestowa\u0107 w tkaniny. Zas\u0142ony mo\u017cna zasun\u0105\u0107 wieczorem, a w dzie\u0144 zwi\u0105za\u0107 przy s\u0142upkach pergoli, aby nie by\u0142y szarpane przez wiatr.<\/p>\n<div id=\"attachment_35741\" style=\"width: 840px\" class=\"wp-caption aligncenter\"><img loading=\"lazy\" decoding=\"async\" aria-describedby=\"caption-attachment-35741\" class=\"size-full wp-image-35741\" src=\"https:\/\/www.meblobranie.pl\/porady\/wp-content\/uploads\/2022\/02\/piekna-aranzacja-tarasu-z-uzyciem-mebli-technorattan-trivento-4167.jpeg\" alt=\"Pergole ogrodowe do os\u0142ony \" width=\"830\" height=\"550\" srcset=\"https:\/\/www.meblobranie.pl\/porady\/wp-content\/uploads\/2022\/02\/piekna-aranzacja-tarasu-z-uzyciem-mebli-technorattan-trivento-4167.jpeg 830w, https:\/\/www.meblobranie.pl\/porady\/wp-content\/uploads\/2022\/02\/piekna-aranzacja-tarasu-z-uzyciem-mebli-technorattan-trivento-4167-300x199.jpeg 300w, https:\/\/www.meblobranie.pl\/porady\/wp-content\/uploads\/2022\/02\/piekna-aranzacja-tarasu-z-uzyciem-mebli-technorattan-trivento-4167-768x509.jpeg 768w\" sizes=\"auto, (max-width: 830px) 100vw, 830px\" \/><p id=\"caption-attachment-35741\" class=\"wp-caption-text\">Pergole ogrodowe to subtelny spos\u00f3b na zatrzymanie wzroku gapi\u00f3w<\/p><\/div>\n<h2>Najlepsza os\u0142ona tarasu<\/h2>\n<p>Taras to miejsce s\u0142u\u017c\u0105ce do sp\u0119dzania czasu na \u015bwie\u017cym powietrzu. O ile nie projektujesz ogrodu zimowego, o tyle powstrzymaj si\u0119 przed ca\u0142kowit\u0105 zabudow\u0105. <strong>Os\u0142ony oraz daszki maj\u0105 chroni\u0107 taras przed spojrzeniami z zewn\u0119trz oraz czynnikami atmosferycznymi, ale nie powinny zas\u0142ania\u0107 Ci widoku i odgradza\u0107 Ci\u0119 od natury, kt\u00f3ra koi i odpr\u0119\u017ca<\/strong>. Je\u015bli chcesz os\u0142oni\u0107 taras z ka\u017cdej strony, aby m\u00f3c swobodnie korzysta\u0107 z niego r\u00f3wnie\u017c jesieni\u0105 czy zim\u0105, to wybierz konstrukcj\u0119 z zasuwanymi drzwiami.<\/p>\n<p>Na co dzie\u0144 do os\u0142ony tarasu i zapewnienia odrobiny prywatno\u015bci \u015bwietnie sprawdz\u0105 si\u0119 wymienione ju\u017c markizy boczne, parasole czy szpaler z ro\u015blin. Nie ogranicz\u0105 one zanadto dop\u0142ywu \u015bwiat\u0142a dziennego, lecz b\u0119d\u0105 skutecznie chroni\u0142y przed wzrokiem s\u0105siad\u00f3w czy innych niepowo\u0142anych os\u00f3b.<\/p>\n<p>[[kategoria:30:6]]<\/p>\n","protected":false},"excerpt":{"rendered":"<p>Nawet, je\u015bli Twoi s\u0105siedzi s\u0105 \u017cyczliwi i na co dzie\u0144 pozostajesz z nimi w przyjacielskich stosunkach, to przy aran\u017cacji domu i ogrodu musisz zastanowi\u0107 si\u0119 nad tym, jak os\u0142oni\u0107 taras. Chodzi o zapewnienie sobie prywatno\u015bci i przestrzeni do wypoczynku na \u015bwie\u017cym powietrzu.<\/p>\n","protected":false},"author":20,"featured_media":35737,"comment_status":"open","ping_status":"closed","sticky":false,"template":"","format":"standard","meta":{"_acf_changed":false,"ngg_post_thumbnail":0,"footnotes":""},"categories":[905,6],"tags":[],"class_list":{"0":"post-35736","1":"post","2":"type-post","3":"status-publish","4":"format-standard","5":"has-post-thumbnail","7":"category-ogrod","8":"category-poradnik"},"acf":[],"yoast_head":"<!-- This site is optimized with the Yoast SEO plugin v27.4 - https:\/\/yoast.com\/product\/yoast-seo-wordpress\/ -->\n<title>Jak os\u0142oni\u0107 taras od s\u0105siad\u00f3w lub wiatru? - Porady Meblobranie.pl<\/title>\n<meta name=\"description\" content=\"Nawet, je\u015bli Twoi s\u0105siedzi s\u0105 \u017cyczliwi i na co dzie\u0144 pozostajesz z nimi w przyjacielskich stosunkach, to przy aran\u017cacji domu i ogrodu musisz zastanowi\u0107 si\u0119 nad tym, jak os\u0142oni\u0107 taras. C\" \/>\n<meta name=\"robots\" content=\"index, follow, max-snippet:-1, max-image-preview:large, max-video-preview:-1\" \/>\n<link rel=\"canonical\" href=\"https:\/\/www.meblobranie.pl\/porady\/jak-oslonic-taras-od-sasiadow\/\" \/>\n<meta name=\"twitter:label1\" content=\"Napisane przez\" \/>\n\t<meta name=\"twitter:data1\" content=\"Dawid z Meblobranie.pl\" \/>\n\t<meta name=\"twitter:label2\" content=\"Szacowany czas czytania\" \/>\n\t<meta name=\"twitter:data2\" content=\"8 minut\" \/>\n<script type=\"application\/ld+json\" class=\"yoast-schema-graph\">{\"@context\":\"https:\\\/\\\/schema.org\",\"@graph\":[{\"@type\":\"Article\",\"@id\":\"https:\\\/\\\/www.meblobranie.pl\\\/porady\\\/jak-oslonic-taras-od-sasiadow\\\/#article\",\"isPartOf\":{\"@id\":\"https:\\\/\\\/www.meblobranie.pl\\\/porady\\\/jak-oslonic-taras-od-sasiadow\\\/\"},\"author\":{\"name\":\"Dawid z Meblobranie.pl\",\"@id\":\"https:\\\/\\\/www.meblobranie.pl\\\/porady\\\/#\\\/schema\\\/person\\\/0c44214399e1752805db67863333461b\"},\"headline\":\"Jak os\u0142oni\u0107 taras od s\u0105siad\u00f3w lub wiatru?\",\"datePublished\":\"2022-02-16T13:17:41+00:00\",\"dateModified\":\"2022-05-25T06:49:31+00:00\",\"mainEntityOfPage\":{\"@id\":\"https:\\\/\\\/www.meblobranie.pl\\\/porady\\\/jak-oslonic-taras-od-sasiadow\\\/\"},\"wordCount\":1606,\"commentCount\":0,\"image\":{\"@id\":\"https:\\\/\\\/www.meblobranie.pl\\\/porady\\\/jak-oslonic-taras-od-sasiadow\\\/#primaryimage\"},\"thumbnailUrl\":\"https:\\\/\\\/www.meblobranie.pl\\\/porady\\\/wp-content\\\/uploads\\\/2022\\\/02\\\/jak-oslonic-taras-przed-sasiadami.jpeg\",\"articleSection\":[\"Ogr\u00f3d\",\"Poradnik\"],\"inLanguage\":\"pl-PL\",\"potentialAction\":[{\"@type\":\"CommentAction\",\"name\":\"Comment\",\"target\":[\"https:\\\/\\\/www.meblobranie.pl\\\/porady\\\/jak-oslonic-taras-od-sasiadow\\\/#respond\"]}]},{\"@type\":\"WebPage\",\"@id\":\"https:\\\/\\\/www.meblobranie.pl\\\/porady\\\/jak-oslonic-taras-od-sasiadow\\\/\",\"url\":\"https:\\\/\\\/www.meblobranie.pl\\\/porady\\\/jak-oslonic-taras-od-sasiadow\\\/\",\"name\":\"Jak os\u0142oni\u0107 taras od s\u0105siad\u00f3w lub wiatru? - Porady Meblobranie.pl\",\"isPartOf\":{\"@id\":\"https:\\\/\\\/www.meblobranie.pl\\\/porady\\\/#website\"},\"primaryImageOfPage\":{\"@id\":\"https:\\\/\\\/www.meblobranie.pl\\\/porady\\\/jak-oslonic-taras-od-sasiadow\\\/#primaryimage\"},\"image\":{\"@id\":\"https:\\\/\\\/www.meblobranie.pl\\\/porady\\\/jak-oslonic-taras-od-sasiadow\\\/#primaryimage\"},\"thumbnailUrl\":\"https:\\\/\\\/www.meblobranie.pl\\\/porady\\\/wp-content\\\/uploads\\\/2022\\\/02\\\/jak-oslonic-taras-przed-sasiadami.jpeg\",\"datePublished\":\"2022-02-16T13:17:41+00:00\",\"dateModified\":\"2022-05-25T06:49:31+00:00\",\"author\":{\"@id\":\"https:\\\/\\\/www.meblobranie.pl\\\/porady\\\/#\\\/schema\\\/person\\\/0c44214399e1752805db67863333461b\"},\"description\":\"Nawet, je\u015bli Twoi s\u0105siedzi s\u0105 \u017cyczliwi i na co dzie\u0144 pozostajesz z nimi w przyjacielskich stosunkach, to przy aran\u017cacji domu i ogrodu musisz zastanowi\u0107 si\u0119 nad tym, jak os\u0142oni\u0107 taras. C\",\"breadcrumb\":{\"@id\":\"https:\\\/\\\/www.meblobranie.pl\\\/porady\\\/jak-oslonic-taras-od-sasiadow\\\/#breadcrumb\"},\"inLanguage\":\"pl-PL\",\"potentialAction\":[{\"@type\":\"ReadAction\",\"target\":[\"https:\\\/\\\/www.meblobranie.pl\\\/porady\\\/jak-oslonic-taras-od-sasiadow\\\/\"]}]},{\"@type\":\"ImageObject\",\"inLanguage\":\"pl-PL\",\"@id\":\"https:\\\/\\\/www.meblobranie.pl\\\/porady\\\/jak-oslonic-taras-od-sasiadow\\\/#primaryimage\",\"url\":\"https:\\\/\\\/www.meblobranie.pl\\\/porady\\\/wp-content\\\/uploads\\\/2022\\\/02\\\/jak-oslonic-taras-przed-sasiadami.jpeg\",\"contentUrl\":\"https:\\\/\\\/www.meblobranie.pl\\\/porady\\\/wp-content\\\/uploads\\\/2022\\\/02\\\/jak-oslonic-taras-przed-sasiadami.jpeg\",\"width\":830,\"height\":623,\"caption\":\"Pomys\u0142 na ma\u0142y taras w ogrodzie\"},{\"@type\":\"BreadcrumbList\",\"@id\":\"https:\\\/\\\/www.meblobranie.pl\\\/porady\\\/jak-oslonic-taras-od-sasiadow\\\/#breadcrumb\",\"itemListElement\":[{\"@type\":\"ListItem\",\"position\":1,\"name\":\"Home\",\"item\":\"https:\\\/\\\/www.meblobranie.pl\\\/porady\\\/\"},{\"@type\":\"ListItem\",\"position\":2,\"name\":\"Jak os\u0142oni\u0107 taras od s\u0105siad\u00f3w lub wiatru?\"}]},{\"@type\":\"WebSite\",\"@id\":\"https:\\\/\\\/www.meblobranie.pl\\\/porady\\\/#website\",\"url\":\"https:\\\/\\\/www.meblobranie.pl\\\/porady\\\/\",\"name\":\"Porady Meblobranie.pl\",\"description\":\"Blog o tarasach i ogrodach\",\"potentialAction\":[{\"@type\":\"SearchAction\",\"target\":{\"@type\":\"EntryPoint\",\"urlTemplate\":\"https:\\\/\\\/www.meblobranie.pl\\\/porady\\\/?s={search_term_string}\"},\"query-input\":{\"@type\":\"PropertyValueSpecification\",\"valueRequired\":true,\"valueName\":\"search_term_string\"}}],\"inLanguage\":\"pl-PL\"},{\"@type\":\"Person\",\"@id\":\"https:\\\/\\\/www.meblobranie.pl\\\/porady\\\/#\\\/schema\\\/person\\\/0c44214399e1752805db67863333461b\",\"name\":\"Dawid z Meblobranie.pl\",\"image\":{\"@type\":\"ImageObject\",\"inLanguage\":\"pl-PL\",\"@id\":\"https:\\\/\\\/secure.gravatar.com\\\/avatar\\\/9ede1c3924e3173d8f3ad05211531161353d772865bc4dacba314dbcd46c0fef?s=96&d=mm&r=g\",\"url\":\"https:\\\/\\\/secure.gravatar.com\\\/avatar\\\/9ede1c3924e3173d8f3ad05211531161353d772865bc4dacba314dbcd46c0fef?s=96&d=mm&r=g\",\"contentUrl\":\"https:\\\/\\\/secure.gravatar.com\\\/avatar\\\/9ede1c3924e3173d8f3ad05211531161353d772865bc4dacba314dbcd46c0fef?s=96&d=mm&r=g\",\"caption\":\"Dawid z Meblobranie.pl\"},\"description\":\"Lorem Ipsum is simply dummy text of the printing and typesetting industry. Lorem Ipsum has been the industry's standard dummy text ever since the 1500s, when an unknown printer took a galley of type and scrambled it to make a type specimen book.\"}]}<\/script>\n<!-- \/ Yoast SEO plugin. -->","yoast_head_json":{"title":"Jak os\u0142oni\u0107 taras od s\u0105siad\u00f3w lub wiatru? - Porady Meblobranie.pl","description":"Nawet, je\u015bli Twoi s\u0105siedzi s\u0105 \u017cyczliwi i na co dzie\u0144 pozostajesz z nimi w przyjacielskich stosunkach, to przy aran\u017cacji domu i ogrodu musisz zastanowi\u0107 si\u0119 nad tym, jak os\u0142oni\u0107 taras. C","robots":{"index":"index","follow":"follow","max-snippet":"max-snippet:-1","max-image-preview":"max-image-preview:large","max-video-preview":"max-video-preview:-1"},"canonical":"https:\/\/www.meblobranie.pl\/porady\/jak-oslonic-taras-od-sasiadow\/","twitter_misc":{"Napisane przez":"Dawid z Meblobranie.pl","Szacowany czas czytania":"8 minut"},"schema":{"@context":"https:\/\/schema.org","@graph":[{"@type":"Article","@id":"https:\/\/www.meblobranie.pl\/porady\/jak-oslonic-taras-od-sasiadow\/#article","isPartOf":{"@id":"https:\/\/www.meblobranie.pl\/porady\/jak-oslonic-taras-od-sasiadow\/"},"author":{"name":"Dawid z Meblobranie.pl","@id":"https:\/\/www.meblobranie.pl\/porady\/#\/schema\/person\/0c44214399e1752805db67863333461b"},"headline":"Jak os\u0142oni\u0107 taras od s\u0105siad\u00f3w lub wiatru?","datePublished":"2022-02-16T13:17:41+00:00","dateModified":"2022-05-25T06:49:31+00:00","mainEntityOfPage":{"@id":"https:\/\/www.meblobranie.pl\/porady\/jak-oslonic-taras-od-sasiadow\/"},"wordCount":1606,"commentCount":0,"image":{"@id":"https:\/\/www.meblobranie.pl\/porady\/jak-oslonic-taras-od-sasiadow\/#primaryimage"},"thumbnailUrl":"https:\/\/www.meblobranie.pl\/porady\/wp-content\/uploads\/2022\/02\/jak-oslonic-taras-przed-sasiadami.jpeg","articleSection":["Ogr\u00f3d","Poradnik"],"inLanguage":"pl-PL","potentialAction":[{"@type":"CommentAction","name":"Comment","target":["https:\/\/www.meblobranie.pl\/porady\/jak-oslonic-taras-od-sasiadow\/#respond"]}]},{"@type":"WebPage","@id":"https:\/\/www.meblobranie.pl\/porady\/jak-oslonic-taras-od-sasiadow\/","url":"https:\/\/www.meblobranie.pl\/porady\/jak-oslonic-taras-od-sasiadow\/","name":"Jak os\u0142oni\u0107 taras od s\u0105siad\u00f3w lub wiatru? - Porady Meblobranie.pl","isPartOf":{"@id":"https:\/\/www.meblobranie.pl\/porady\/#website"},"primaryImageOfPage":{"@id":"https:\/\/www.meblobranie.pl\/porady\/jak-oslonic-taras-od-sasiadow\/#primaryimage"},"image":{"@id":"https:\/\/www.meblobranie.pl\/porady\/jak-oslonic-taras-od-sasiadow\/#primaryimage"},"thumbnailUrl":"https:\/\/www.meblobranie.pl\/porady\/wp-content\/uploads\/2022\/02\/jak-oslonic-taras-przed-sasiadami.jpeg","datePublished":"2022-02-16T13:17:41+00:00","dateModified":"2022-05-25T06:49:31+00:00","author":{"@id":"https:\/\/www.meblobranie.pl\/porady\/#\/schema\/person\/0c44214399e1752805db67863333461b"},"description":"Nawet, je\u015bli Twoi s\u0105siedzi s\u0105 \u017cyczliwi i na co dzie\u0144 pozostajesz z nimi w przyjacielskich stosunkach, to przy aran\u017cacji domu i ogrodu musisz zastanowi\u0107 si\u0119 nad tym, jak os\u0142oni\u0107 taras. C","breadcrumb":{"@id":"https:\/\/www.meblobranie.pl\/porady\/jak-oslonic-taras-od-sasiadow\/#breadcrumb"},"inLanguage":"pl-PL","potentialAction":[{"@type":"ReadAction","target":["https:\/\/www.meblobranie.pl\/porady\/jak-oslonic-taras-od-sasiadow\/"]}]},{"@type":"ImageObject","inLanguage":"pl-PL","@id":"https:\/\/www.meblobranie.pl\/porady\/jak-oslonic-taras-od-sasiadow\/#primaryimage","url":"https:\/\/www.meblobranie.pl\/porady\/wp-content\/uploads\/2022\/02\/jak-oslonic-taras-przed-sasiadami.jpeg","contentUrl":"https:\/\/www.meblobranie.pl\/porady\/wp-content\/uploads\/2022\/02\/jak-oslonic-taras-przed-sasiadami.jpeg","width":830,"height":623,"caption":"Pomys\u0142 na ma\u0142y taras w ogrodzie"},{"@type":"BreadcrumbList","@id":"https:\/\/www.meblobranie.pl\/porady\/jak-oslonic-taras-od-sasiadow\/#breadcrumb","itemListElement":[{"@type":"ListItem","position":1,"name":"Home","item":"https:\/\/www.meblobranie.pl\/porady\/"},{"@type":"ListItem","position":2,"name":"Jak os\u0142oni\u0107 taras od s\u0105siad\u00f3w lub wiatru?"}]},{"@type":"WebSite","@id":"https:\/\/www.meblobranie.pl\/porady\/#website","url":"https:\/\/www.meblobranie.pl\/porady\/","name":"Porady Meblobranie.pl","description":"Blog o tarasach i ogrodach","potentialAction":[{"@type":"SearchAction","target":{"@type":"EntryPoint","urlTemplate":"https:\/\/www.meblobranie.pl\/porady\/?s={search_term_string}"},"query-input":{"@type":"PropertyValueSpecification","valueRequired":true,"valueName":"search_term_string"}}],"inLanguage":"pl-PL"},{"@type":"Person","@id":"https:\/\/www.meblobranie.pl\/porady\/#\/schema\/person\/0c44214399e1752805db67863333461b","name":"Dawid z Meblobranie.pl","image":{"@type":"ImageObject","inLanguage":"pl-PL","@id":"https:\/\/secure.gravatar.com\/avatar\/9ede1c3924e3173d8f3ad05211531161353d772865bc4dacba314dbcd46c0fef?s=96&d=mm&r=g","url":"https:\/\/secure.gravatar.com\/avatar\/9ede1c3924e3173d8f3ad05211531161353d772865bc4dacba314dbcd46c0fef?s=96&d=mm&r=g","contentUrl":"https:\/\/secure.gravatar.com\/avatar\/9ede1c3924e3173d8f3ad05211531161353d772865bc4dacba314dbcd46c0fef?s=96&d=mm&r=g","caption":"Dawid z Meblobranie.pl"},"description":"Lorem Ipsum is simply dummy text of the printing and typesetting industry. Lorem Ipsum has been the industry's standard dummy text ever since the 1500s, when an unknown printer took a galley of type and scrambled it to make a type specimen book."}]}},"_links":{"self":[{"href":"https:\/\/www.meblobranie.pl\/porady\/wp-json\/wp\/v2\/posts\/35736","targetHints":{"allow":["GET"]}}],"collection":[{"href":"https:\/\/www.meblobranie.pl\/porady\/wp-json\/wp\/v2\/posts"}],"about":[{"href":"https:\/\/www.meblobranie.pl\/porady\/wp-json\/wp\/v2\/types\/post"}],"author":[{"embeddable":true,"href":"https:\/\/www.meblobranie.pl\/porady\/wp-json\/wp\/v2\/users\/20"}],"replies":[{"embeddable":true,"href":"https:\/\/www.meblobranie.pl\/porady\/wp-json\/wp\/v2\/comments?post=35736"}],"version-history":[{"count":0,"href":"https:\/\/www.meblobranie.pl\/porady\/wp-json\/wp\/v2\/posts\/35736\/revisions"}],"wp:featuredmedia":[{"embeddable":true,"href":"https:\/\/www.meblobranie.pl\/porady\/wp-json\/wp\/v2\/media\/35737"}],"wp:attachment":[{"href":"https:\/\/www.meblobranie.pl\/porady\/wp-json\/wp\/v2\/media?parent=35736"}],"wp:term":[{"taxonomy":"category","embeddable":true,"href":"https:\/\/www.meblobranie.pl\/porady\/wp-json\/wp\/v2\/categories?post=35736"},{"taxonomy":"post_tag","embeddable":true,"href":"https:\/\/www.meblobranie.pl\/porady\/wp-json\/wp\/v2\/tags?post=35736"}],"curies":[{"name":"wp","href":"https:\/\/api.w.org\/{rel}","templated":true}]}}