{"id":35973,"date":"2025-11-11T13:35:59","date_gmt":"2025-11-11T12:35:59","guid":{"rendered":"https:\/\/www.meblobranie.pl\/porady\/?p=35973"},"modified":"2026-03-08T23:33:26","modified_gmt":"2026-03-08T22:33:26","slug":"jak-udekorowac-taras-popularne-ozdoby-na-taras","status":"publish","type":"post","link":"https:\/\/www.meblobranie.pl\/porady\/jak-udekorowac-taras-popularne-ozdoby-na-taras\/","title":{"rendered":"Jak ozdobi\u0107 taras na r\u00f3\u017cne pory roku?"},"content":{"rendered":"\n<p>Taras czy balkon to miejsca, w kt\u00f3rych chcesz sp\u0119dza\u0107 czas z przyjemno\u015bci\u0105. Przebywaj\u0105c na \u015bwie\u017cym powietrzu i za\u017cywaj\u0105c s\u0142o\u0144ca, powiniene\u015b by\u0107 usatysfakcjonowany nie tylko pi\u0119knem przyrody, ale tak\u017ce stylem swojego otoczenia. Jakie ozdoby wybra\u0107 i jak stworzy\u0107 niezwyk\u0142y klimat? <strong>Podpowiemy Ci, czym ozdobi\u0107 taras na r\u00f3\u017cne pory roku. <\/strong>Je\u015bli planujesz now\u0105 aran\u017cacj\u0119, sprawd\u017a, <a href=\"https:\/\/www.meblobranie.pl\/porady\/jak-i-z-czego-zrobic-taras-tanio-ekonomiczne-rozwiazania\/\">jak zrobi\u0107 taras tanio<\/a>. Znajdziesz tam pomys\u0142y na efektowne, ale niedrogie rozwi\u0105zania, dzi\u0119ki kt\u00f3rym zaoszcz\u0119dzisz pieni\u0105dze, nie rezygnuj\u0105c z estetyki. Zosta\u0144 z nami!<\/p>\n\n\n<div class=\"wp-block-image\">\n<figure class=\"aligncenter\"><img loading=\"lazy\" decoding=\"async\" width=\"830\" height=\"623\" src=\"https:\/\/www.meblobranie.pl\/porady\/wp-content\/uploads\/2022\/03\/ozdoby-na-taras.jpeg\" alt=\"Ozdoby na taras - inspiracje \" class=\"wp-image-35974\" srcset=\"https:\/\/www.meblobranie.pl\/porady\/wp-content\/uploads\/2022\/03\/ozdoby-na-taras.jpeg 830w, https:\/\/www.meblobranie.pl\/porady\/wp-content\/uploads\/2022\/03\/ozdoby-na-taras-300x225.jpeg 300w, https:\/\/www.meblobranie.pl\/porady\/wp-content\/uploads\/2022\/03\/ozdoby-na-taras-768x576.jpeg 768w\" sizes=\"auto, (max-width: 830px) 100vw, 830px\" \/><\/figure>\n<\/div>\n\n\n<!--more-->\n\n\n\n\n\n\n<h2 class=\"wp-block-heading\">Jak udekorowa\u0107 taras?<\/h2>\n\n\n\n<p>Je\u015bli zastanawiasz si\u0119 nad tym, <strong>jak udekorowa\u0107 taras<\/strong>, mamy dla Ciebie prost\u0105 porad\u0119: warto po\u0142\u0105czy\u0107 funkcjonalno\u015b\u0107 z estetyk\u0105.<\/p>\n\n\n\n<p>Na pocz\u0105tek postaw na wyb\u00f3r mebli ogrodowych z technorattanu lub drewna, kt\u00f3re s\u0105 odporne na warunki atmosferyczne. <strong>Dywan zewn\u0119trzny, mi\u0119kkie poduszki i lampiony to \u015bwietna dekoracja na taras, kt\u00f3ra doda przytulno\u015bci i stworzy k\u0105cik do relaksu.<\/strong><\/p>\n\n\n\n<p>Warto te\u017c, aby\u015b zadba\u0142 o o\u015bwietlenie \u2013 lampki solarne lub girlandy \u015bwietlne wprowadz\u0105 niezwyk\u0142y klimat podczas letnich wieczor\u00f3w.<\/p>\n\n\n\n<p><strong>Je\u015bli masz niewielk\u0105 przestrze\u0144, postaw na wertykalny ogr\u00f3d lub ro\u015bliny pn\u0105ce, kt\u00f3re nie zajm\u0105 wiele miejsca, a nadadz\u0105 Twojemu tarasowi uroku.<\/strong> Takie ozdoby sprawi\u0105, \u017ce stanie si\u0119 on Twoim ulubionym miejscem do odpoczynku na \u015bwie\u017cym powietrzu przez d\u0142ugie lata. Zastanawiaj\u0105c si\u0119, <strong>jak ozdobi\u0107 taras<\/strong>, pami\u0119taj, \u017ce mniej znaczy cz\u0119sto wi\u0119cej.<\/p>\n\n\n<div class=\"wp-block-image\">\n<figure class=\"aligncenter size-full\"><img loading=\"lazy\" decoding=\"async\" width=\"648\" height=\"732\" src=\"https:\/\/www.meblobranie.pl\/porady\/wp-content\/uploads\/2022\/03\/image-1.png\" alt=\"Jak urz\u0105dzi\u0107 taras - infografika\" class=\"wp-image-46245\" srcset=\"https:\/\/www.meblobranie.pl\/porady\/wp-content\/uploads\/2022\/03\/image-1.png 648w, https:\/\/www.meblobranie.pl\/porady\/wp-content\/uploads\/2022\/03\/image-1-266x300.png 266w\" sizes=\"auto, (max-width: 648px) 100vw, 648px\" \/><\/figure>\n<\/div>\n\n\n<p class=\"worth-know\"><strong>Warto wiedzie\u0107<\/strong><br><br><strong>Do dekoracji tarasu mo\u017cesz u\u017cy\u0107 tak\u017ce element\u00f3w praktycznych. Ustaw na stoliku \u0142adn\u0105 tac\u0119 i akcesoria kawowe. Je\u017celi masz tradycyjny dom, mo\u017cesz te\u017c nada\u0107 mu wschodniego sznytu, zdobi\u0105c st\u00f3\u0142 samowarem elektrycznym. Dobrze wygl\u0105da\u0107 mog\u0105 te\u017c stylowe cupholdery zawieszane na por\u0119czy fotela czy sofy ogrodowej.<\/strong><\/p>\n\n\n<p>[[kategoria:2055:6]]<\/p>\n\n\n\n<h2 class=\"wp-block-heading\">Jak ozdobi\u0107 taras kwiatami?<\/h2>\n\n\n\n<p>Je\u015bli zastanawiasz si\u0119, <strong>jak ozdobi\u0107 taras kwiatami<\/strong>, pami\u0119taj, \u017ce to w\u0142a\u015bnie one potrafi\u0105 ca\u0142kowicie odmieni\u0107 wygl\u0105d przestrzeni. Wybierz:<\/p>\n\n\n\n<ul class=\"wp-block-list\">\n<li>ro\u015bliny pn\u0105ce,<\/li>\n\n\n\n<li>trawy ozdobne,<\/li>\n\n\n\n<li>zielone ro\u015bliny,<\/li>\n<\/ul>\n\n\n\n<p>kt\u00f3re stworz\u0105 u Ciebie naturaln\u0105 \u015bcian\u0119 zieleni.<\/p>\n\n\n\n<p><strong>Donice w r\u00f3\u017cnych rozmiarach i kolorach wprowadz\u0105 harmoni\u0119 do Twojej aran\u017cacji.<\/strong><\/p>\n\n\n\n<p>Na du\u017cym tarasie mo\u017cesz stworzy\u0107 ogr\u00f3d wertykalny, a na niewielkim balkonie postawi\u0107 na kilka efektownych donic z pelargoniami czy lawend\u0105. <strong>Dobrze dobrane kwiaty nie tylko pi\u0119knie wygl\u0105daj\u0105, ale te\u017c poprawi\u0105 Tw\u00f3j nastr\u00f3j i zrelaksuj\u0105 Ci\u0119 po ci\u0119\u017ckim dniu.<\/strong><\/p>\n\n\n\n<p>Warto, aby\u015b postawi\u0142 r\u00f3wnie\u017c na ro\u015bliny odporne na promieniowanie UV, kt\u00f3re przetrwaj\u0105 w pe\u0142nym s\u0142o\u0144cu. Odpowiednio dobrane gatunki sprawi\u0105, \u017ce Tw\u00f3j taras b\u0119dzie pachn\u0105cy, kolorowy i pe\u0142en \u017cycia przez ca\u0142y sezon.<\/p>\n\n\n<div class=\"wp-block-image\">\n<figure class=\"aligncenter size-full\"><img loading=\"lazy\" decoding=\"async\" width=\"840\" height=\"560\" src=\"https:\/\/www.meblobranie.pl\/porady\/wp-content\/uploads\/2018\/04\/praktyczne-meble-plastikowe-na-taras.jpeg\" alt=\"Taras udekorowany kwiatami\" class=\"wp-image-43819\" srcset=\"https:\/\/www.meblobranie.pl\/porady\/wp-content\/uploads\/2018\/04\/praktyczne-meble-plastikowe-na-taras.jpeg 840w, https:\/\/www.meblobranie.pl\/porady\/wp-content\/uploads\/2018\/04\/praktyczne-meble-plastikowe-na-taras-300x200.jpeg 300w, https:\/\/www.meblobranie.pl\/porady\/wp-content\/uploads\/2018\/04\/praktyczne-meble-plastikowe-na-taras-768x512.jpeg 768w\" sizes=\"auto, (max-width: 840px) 100vw, 840px\" \/><\/figure>\n<\/div>\n\n\n<p>Je\u015bli potrzebujesz inspiracji, zajrzyj do naszych <a href=\"https:\/\/www.meblobranie.pl\/porady\/tarasy-i-ogrody-galeria-zdjec-naszych-klientow\/\"><strong>inspiracji na taras w ogrodzie<\/strong><\/a>. Zobaczysz tam, jak nasi klienci wykorzystali ro\u015blinno\u015b\u0107 do stworzenia unikalnych kompozycji, co mo\u017ce podsun\u0105\u0107 Ci gotowe pomys\u0142y na w\u0142asn\u0105 aran\u017cacj\u0119.<\/p>\n\n\n\n<p class=\"worth-know\"><strong>Warto wiedzie\u0107<\/strong><br><br><strong>Je\u017celi chcesz urz\u0105dzi\u0107 taras elegancko, wybierz stonowane o\u015bwietlenie. W stylu boho dobrze wygl\u0105da\u0107 b\u0119dzie lampa z bry\u0142y soli, lampiony w stylu chi\u0144skim czy otwarte \u015bwiece. W stylu klasycznym najlepiej sprawdz\u0105 si\u0119 u Ciebie lampy stoj\u0105ce, a w stylu glamour plafony ze szk\u0142a.<\/strong><\/p>\n\n\n<div class=\"wp-block-image size-full wp-image-35976\">\n<figure class=\"aligncenter\"><img loading=\"lazy\" decoding=\"async\" width=\"830\" height=\"467\" src=\"https:\/\/www.meblobranie.pl\/porady\/wp-content\/uploads\/2022\/03\/dodatki-na-taras.jpeg\" alt=\"Dodatki na taras\" class=\"wp-image-35976\" srcset=\"https:\/\/www.meblobranie.pl\/porady\/wp-content\/uploads\/2022\/03\/dodatki-na-taras.jpeg 830w, https:\/\/www.meblobranie.pl\/porady\/wp-content\/uploads\/2022\/03\/dodatki-na-taras-300x169.jpeg 300w, https:\/\/www.meblobranie.pl\/porady\/wp-content\/uploads\/2022\/03\/dodatki-na-taras-768x432.jpeg 768w\" sizes=\"auto, (max-width: 830px) 100vw, 830px\" \/><\/figure>\n<\/div>\n\n\n<h2 class=\"wp-block-heading\">Jak ozdobi\u0107 wyj\u015bcie na taras?<\/h2>\n\n\n\n<p>Twoje wyj\u015bcie na taras to miejsce, kt\u00f3re powinno zach\u0119ca\u0107 do sp\u0119dzania czasu na \u015bwie\u017cym powietrzu. <strong>Je\u015bli zastanawiasz si\u0119, jak ozdobi\u0107 wyj\u015bcie na taras, postaw na dekoracje, kt\u00f3re p\u0142ynnie \u0142\u0105cz\u0105 wn\u0119trze z otoczeniem.<\/strong> Dobrze dobrane o\u015bwietlenie, w tym np.:<\/p>\n\n\n\n<ul class=\"wp-block-list\">\n<li>lampki solarne,<\/li>\n\n\n\n<li>lampiony,<\/li>\n<\/ul>\n\n\n\n<p>podkre\u015bli granic\u0119 mi\u0119dzy Twoim domem a tarasem.<\/p>\n\n\n\n<p>Warto te\u017c, aby\u015b zadba\u0142 o ro\u015bliny w donicach, kt\u00f3re ustawione przy drzwiach stworz\u0105 zielon\u0105 bram\u0119. <strong>Drewniane meble, dywan zewn\u0119trzny i kilka tekstyli\u00f3w dodadz\u0105 przytulno\u015bci i sprawi\u0105, \u017ce Tw\u00f3j taras w ogrodzie b\u0119dzie wygl\u0105da\u0142 sp\u00f3jnie z reszt\u0105 domu.<\/strong> To tak\u017ce \u015bwietne miejsce na powieszenie girland \u015bwietlnych, kt\u00f3re wieczorem podkre\u015bl\u0105 niezwyk\u0142y klimat tej przestrzeni.<\/p>\n\n\n\n<p><strong>Na nowoczesnym, drewnianym tarasie najlepiej sprawdz\u0105 si\u0119 u Ciebie meble z technorattanu w kolorze naturalnym, podobnym do odcienia materia\u0142u konstrukcyjnego.<\/strong> Je\u017celi Tw\u00f3j taras posiada pod\u0142og\u0119 z kamienia lub gresu, mo\u017cesz wybra\u0107 meble technorattanowe barw\u0105 pasuj\u0105ce w\u0142a\u015bnie do pod\u0142o\u017ca.<\/p>\n\n\n<p>[[kategoria:2002:6]]<\/p>\n\n\n\n<h2 class=\"wp-block-heading\">Jak ozdobi\u0107 taras wiosn\u0105?<\/h2>\n\n\n\n<p>Wiosna to idealny moment, by\u015b od\u015bwie\u017cy\u0142 aran\u017cacj\u0119 swojej strefy relaksu. Je\u015bli my\u015blisz o tym, jak ozdobi\u0107 taras wiosn\u0105, zacznij od ro\u015blin. Postaw na:<\/p>\n\n\n\n<ul class=\"wp-block-list\">\n<li>zielone ro\u015bliny,<\/li>\n\n\n\n<li>tulipany,<\/li>\n\n\n\n<li>hiacynty,<\/li>\n\n\n\n<li>narcyzy w donicach.<\/li>\n<\/ul>\n\n\n\n<p>Warto te\u017c, aby\u015b doda\u0142 kolorowe poduszki i dywan zewn\u0119trzny, kt\u00f3re o\u017cywi\u0105 przestrze\u0144 po zimie. <strong>Wiosenne dekoracje tarasu mog\u0105 te\u017c obejmowa\u0107 lekkie lampiony i girlandy \u015bwietlne, tworz\u0105ce romantyczny nastr\u00f3j.<\/strong><\/p>\n\n\n\n<p>Nie zapomnij o o\u015bwietleniu, kt\u00f3re pozwoli Ci cieszy\u0107 si\u0119 pierwszymi ciep\u0142ymi wieczorami. <strong>Tw\u00f3j przytulny taras z bujn\u0105 ro\u015blinno\u015bci\u0105 i pastelowymi akcentami stanie si\u0119 idealnym miejscem do leniwych porank\u00f3w przy kawie.<\/strong><\/p>\n\n\n<div class=\"wp-block-image wp-image-35975 size-full\">\n<figure class=\"aligncenter\"><img loading=\"lazy\" decoding=\"async\" width=\"830\" height=\"623\" src=\"https:\/\/www.meblobranie.pl\/porady\/wp-content\/uploads\/2022\/03\/jak-udekorowac-taras.jpeg\" alt=\"Ozdoby tarasu w postaci o\u015bwietlenia \" class=\"wp-image-35975\" srcset=\"https:\/\/www.meblobranie.pl\/porady\/wp-content\/uploads\/2022\/03\/jak-udekorowac-taras.jpeg 830w, https:\/\/www.meblobranie.pl\/porady\/wp-content\/uploads\/2022\/03\/jak-udekorowac-taras-300x225.jpeg 300w, https:\/\/www.meblobranie.pl\/porady\/wp-content\/uploads\/2022\/03\/jak-udekorowac-taras-768x576.jpeg 768w\" sizes=\"auto, (max-width: 830px) 100vw, 830px\" \/><\/figure>\n<\/div>\n\n\n<h2 class=\"wp-block-heading\">Jak ozdobi\u0107 taras na lato?<\/h2>\n\n\n\n<p>Lato to sezon, w kt\u00f3rym szczeg\u00f3lnie liczy si\u0119 dla Ciebie lekko\u015b\u0107, wygoda i bujna ro\u015blinno\u015b\u0107. <strong>Wybierz meble ogrodowe z rattanu lub technorattanu, kt\u00f3re s\u0105 odporne na promieniowanie UV.<\/strong><\/p>\n\n\n\n<p><strong>Kolorowe poduszki, lampiony i ro\u015bliny kwitn\u0105ce wprowadz\u0105 u Ciebie wakacyjny klimat.<\/strong> Dobrym pomys\u0142em b\u0119dzie te\u017c zadaszenie, kt\u00f3re os\u0142oni Ci\u0119 przed s\u0142o\u0144cem. Girlandy \u015bwietlne i lampki solarne sprawi\u0105, \u017ce Twoje wieczory na tarasie b\u0119d\u0105 magiczne.<\/p>\n\n\n\n<p>Je\u015bli lubisz naturalne aran\u017cacje, wybierz styl boho \u2013 mi\u0119kkie tkaniny, makramy i drewniane elementy idealnie wpisz\u0105 si\u0119 w wakacyjny luz. <strong>Tak przygotowany taras stanie si\u0119 doskona\u0142ym miejscem do sp\u0119dzania czasu z rodzin\u0105 w ciep\u0142e dni.<\/strong><\/p>\n\n\n\n<p class=\"worth-know\"><strong>Warto wiedzie\u0107<\/strong><br><br><strong>Jako g\u0142\u00f3wne o\u015bwietlenie na taras nowoczesny najlepszym wyborem b\u0119d\u0105 lampy halogenowe z wk\u0142adami LED, skuteczne i oszcz\u0119dne. Jako dodatek estetyczny, mo\u017cesz w takim wypadku wybra\u0107 ta\u015bmy z diodami \u015bwiec\u0105cymi, kt\u00f3rymi o\u015bwietlisz zadaszenie lub schody do ogrodu.<\/strong><\/p>\n\n\n<div class=\"wp-block-image size-full wp-image-35977\">\n<figure class=\"aligncenter\"><img loading=\"lazy\" decoding=\"async\" width=\"830\" height=\"623\" src=\"https:\/\/www.meblobranie.pl\/porady\/wp-content\/uploads\/2022\/03\/ozdoby-na-balkon.jpeg\" alt=\"Le\u017cak na balkonie z dekoracjami\" class=\"wp-image-35977\" srcset=\"https:\/\/www.meblobranie.pl\/porady\/wp-content\/uploads\/2022\/03\/ozdoby-na-balkon.jpeg 830w, https:\/\/www.meblobranie.pl\/porady\/wp-content\/uploads\/2022\/03\/ozdoby-na-balkon-300x225.jpeg 300w, https:\/\/www.meblobranie.pl\/porady\/wp-content\/uploads\/2022\/03\/ozdoby-na-balkon-768x576.jpeg 768w\" sizes=\"auto, (max-width: 830px) 100vw, 830px\" \/><\/figure>\n<\/div>\n\n<p>[[kategoria:1848:6]]<\/p>\n\n\n\n<h2 class=\"wp-block-heading\">Jak ozdobi\u0107 taras jesieni\u0105?<\/h2>\n\n\n\n<p>Jesie\u0144 to czas, by\u015b nada\u0142 swojemu tarasowi ciep\u0142a i przytulno\u015bci. Postaw na naturalne barwy \u2013 be\u017ce, br\u0105zy i pomara\u0144cze. \u015awietnie sprawdz\u0105 si\u0119:<\/p>\n\n\n\n<ul class=\"wp-block-list\">\n<li>trawy ozdobne,<\/li>\n\n\n\n<li>wrzosy,<\/li>\n\n\n\n<li>dynie.<\/li>\n<\/ul>\n\n\n\n<p>Poduszki, koce i dywan zewn\u0119trzny dodadz\u0105 Ci komfortu w ch\u0142odniejsze dni. Warto te\u017c, aby\u015b zadba\u0142 o o\u015bwietlenie \u2013 lampiony i \u015bwiece wprowadz\u0105 mi\u0119kkie, ciep\u0142e \u015bwiat\u0142o, kt\u00f3re zach\u0119ci Ci\u0119 do relaksu.<\/p>\n\n\n\n<p><strong>Taka aran\u017cacja w stylu rustykalnym lub boho sprawi, \u017ce nawet niewielki taras stanie si\u0119 miejscem pe\u0142nym uroku, w kt\u00f3rym b\u0119dziesz m\u00f3g\u0142 cieszy\u0107 si\u0119 jesiennym powietrzem.<\/strong><\/p>\n\n\n\n<p>Do taras\u00f3w dom\u00f3w nowoczesnych i w stylu minimalistycznym, gdzie wyko\u0144czenie wykonane jest zwykle z po\u0142\u0105czenia metalu i szk\u0142a, Tw\u00f3j wyb\u00f3r powinien pa\u015b\u0107 na meble z tworzyw sztucznych, o prostej formie.<\/p>\n\n\n<div class=\"wp-block-image\">\n<figure class=\"aligncenter size-full\"><img loading=\"lazy\" decoding=\"async\" width=\"830\" height=\"554\" src=\"https:\/\/www.meblobranie.pl\/porady\/wp-content\/uploads\/2022\/03\/jesienny-taras.jpg\" alt=\"Jesienny taras\" class=\"wp-image-46244\" srcset=\"https:\/\/www.meblobranie.pl\/porady\/wp-content\/uploads\/2022\/03\/jesienny-taras.jpg 830w, https:\/\/www.meblobranie.pl\/porady\/wp-content\/uploads\/2022\/03\/jesienny-taras-300x200.jpg 300w, https:\/\/www.meblobranie.pl\/porady\/wp-content\/uploads\/2022\/03\/jesienny-taras-768x513.jpg 768w\" sizes=\"auto, (max-width: 830px) 100vw, 830px\" \/><\/figure>\n<\/div>\n\n\n<h2 class=\"wp-block-heading\">Jak ozdobi\u0107 taras zim\u0105?<\/h2>\n\n\n\n<p>Zim\u0105 r\u00f3wnie\u017c mo\u017cesz stworzy\u0107 przytulny taras, kt\u00f3ry zachwyca nastrojem. Zim\u0105 postaw na o\u015bwietlenie \u2013 girlandy \u015bwietlne, lampki solarne i lampiony stworz\u0105 bajkowy klimat.<\/p>\n\n\n\n<p><strong>W donicach mo\u017cesz umie\u015bci\u0107 ro\u015bliny zimozielone, np. tuje lub \u015bwierki miniaturowe, kt\u00f3re nie strac\u0105 uroku mimo mrozu.<\/strong> Dobrze sprawdz\u0105 si\u0119 u Ciebie te\u017c koce, poduszki z grubych tkanin i zadaszenie, chroni\u0105ce przed \u015bniegiem.<\/p>\n\n\n\n<p>Je\u015bli lubisz styl naturalny, wybierz dekoracje z drewna i szyszek, kt\u00f3re pi\u0119knie komponuj\u0105 si\u0119 z zimowym krajobrazem. <strong>Dzi\u0119ki takim dodatkom Tw\u00f3j taras stanie si\u0119 idealnym miejscem do spokojnych wieczor\u00f3w z herbat\u0105, nawet w ch\u0142odniejsze dni.<\/strong><\/p>\n\n\n<p>[[kategoria_img_h:2055:3]]<\/p>\n\n\n\n<h2 class=\"wp-block-heading\">Podsumowanie<\/h2>\n\n\n\n<p>Ozdabianie tarasu w ka\u017cdej porze roku pozwoli Ci stworzy\u0107 miejsce, kt\u00f3re \u017cyje wraz z natur\u0105. Latem t\u0119tni kolorami, jesieni\u0105 zachwyca ciep\u0142em, zim\u0105 b\u0142yszczy \u015bwiat\u0142ami, a wiosn\u0105 budzi si\u0119 do \u017cycia. Kluczem jest umiej\u0119tne \u0142\u0105czenie praktycznych element\u00f3w z estetycznymi detalami \u2013 tak, by Tw\u00f3j taras by\u0142 nie tylko pi\u0119kny, ale i funkcjonalny przez ca\u0142y rok.<\/p>\n\n\n\n<p>Na koniec, mamy dla Ciebie kr\u00f3tkie podsumowanie:<\/p>\n\n\n\n<figure class=\"wp-block-table\"><table class=\"has-white-background-color has-background\"><tbody><tr><th><strong>Pora roku<\/strong><\/th><th><strong>G\u0142\u00f3wne kolory<\/strong><\/th><th><strong>Ro\u015bliny i dodatki<\/strong><\/th><th><strong>Styl dekoracji<\/strong><\/th><\/tr><tr><td><strong>Wiosna<\/strong><\/td><td>pastele, ziele\u0144<\/td><td>tulipany, hiacynty, lampiony<\/td><td>romantyczny, \u015bwie\u017cy<\/td><\/tr><tr><td><strong>Lato<\/strong><\/td><td>be\u017c, b\u0142\u0119kit, \u017c\u00f3\u0142\u0107<\/td><td>pelargonie, girlandy, makramy<\/td><td>boho, wakacyjny luz<\/td><\/tr><tr><td><strong>Jesie\u0144<\/strong><\/td><td>br\u0105zy, pomara\u0144cz, z\u0142oto<\/td><td>wrzosy, dynie, \u015bwiece<\/td><td>rustykalny, ciep\u0142y<\/td><\/tr><tr><td><strong>Zima<\/strong><\/td><td>biel, srebro, granat<\/td><td>\u015bwierki, szyszki, lampki LED<\/td><td>przytulny, zimowy klimat<\/td><\/tr><\/tbody><\/table><\/figure>\n\n\n\n<p>To nie wszystko, co warto wiedzie\u0107, gdy zastanawiasz si\u0119, <strong>jak ozdobi\u0107 taras<\/strong>. Dla tych, kt\u00f3rzy marz\u0105 o widokach z wysoko\u015bci, ciekaw\u0105 opcj\u0105 b\u0119dzie <a href=\"https:\/\/www.meblobranie.pl\/porady\/jak-zaprojektowac-i-zrobic-taras-na-pietrze\/\"><strong>taras na pi\u0119trze<\/strong><\/a>. Warto sprawdzi\u0107, jakie dekoracje b\u0119d\u0105 tam bezpieczne i odporne na wiatr. Z kolei przy planowaniu materia\u0142\u00f3w warto rozwa\u017cy\u0107, czy lepszy b\u0119dzie dla Ciebie <a href=\"https:\/\/www.meblobranie.pl\/porady\/taras-drewniany-czy-betonowy-gdzie-sprawdza-sie-rozne-rozwiazania\/\"><strong>taras drewniany czy betonowy<\/strong><\/a>, a je\u015bli wybierzesz drug\u0105 opcj\u0119 \u2013 zobacz, jak krok po kroku powstaje <a href=\"https:\/\/www.meblobranie.pl\/porady\/taras-betonowy-jak-go-zrobic-krok-po-kroku\/\"><strong>taras betonowy<\/strong><\/a>, co u\u0142atwi Ci p\u00f3\u017aniejsze prace dekoracyjne.<\/p>\n\n\n\n<p><strong>FAQ<\/strong><\/p>\n\n\n\n<div class=\"schema-faq wp-block-yoast-faq-block\"><div class=\"schema-faq-section\" id=\"faq-question-1762863753091\"><strong class=\"schema-faq-question\"><strong>Jakie dekoracje sprawdz\u0105 si\u0119 na tarasie przez ca\u0142y rok?<\/strong><\/strong> <p class=\"schema-faq-answer\">Najlepiej wybieraj elementy odporne na warunki atmosferyczne \u2013 meble z technorattanu, metalowe donice i o\u015bwietlenie solarne. Wystarczy, \u017ce zmienisz dodatki sezonowe, w tym np. poduszki czy ro\u015bliny, by Tw\u00f3j taras zawsze wygl\u0105da\u0142 \u015bwie\u017co.<\/p> <\/div> <div class=\"schema-faq-section\" id=\"faq-question-1762863768793\"><strong class=\"schema-faq-question\"><strong>Jak ozdobi\u0107 ma\u0142y taras, by nie wydawa\u0142 si\u0119 zagracony?<\/strong><\/strong> <p class=\"schema-faq-answer\">Postaw na pionowe rozwi\u0105zania \u2013 kwietniki na \u015bcianie, wisz\u0105ce doniczki i ro\u015bliny pn\u0105ce. Jasne kolory i lekkie meble wizualnie powi\u0119ksz\u0105 Twoj\u0105 przestrze\u0144.<\/p> <\/div> <div class=\"schema-faq-section\" id=\"faq-question-1762863778429\"><strong class=\"schema-faq-question\"><strong>Czy zim\u0105 warto dekorowa\u0107 taras?<\/strong><\/strong> <p class=\"schema-faq-answer\">Oczywi\u015bcie! Wystarczy kilka ro\u015blin zimozielonych, lampki LED i mi\u0119kki koc, by\u015b stworzy\u0142 nastrojow\u0105 przestrze\u0144 idealn\u0105 do relaksu nawet w ch\u0142odne dni.<\/p> <\/div> <\/div>\n","protected":false},"excerpt":{"rendered":"<p>Taras czy balkon to miejsca, w kt\u00f3rych chcesz sp\u0119dza\u0107 czas z przyjemno\u015bci\u0105. Przebywaj\u0105c na \u015bwie\u017cym powietrzu i za\u017cywaj\u0105c s\u0142o\u0144ca, powiniene\u015b by\u0107 usatysfakcjonowany nie tylko pi\u0119knem przyrody, ale tak\u017ce stylem swojego otoczenia. Jakie ozdoby wybra\u0107 i jak stworzy\u0107 niezwyk\u0142y klimat? Podpowiemy Ci, czym ozdobi\u0107 taras na r\u00f3\u017cne pory roku. Je\u015bli planujesz now\u0105 aran\u017cacj\u0119, sprawd\u017a, jak zrobi\u0107 [&hellip;]<\/p>\n","protected":false},"author":20,"featured_media":35974,"comment_status":"open","ping_status":"closed","sticky":false,"template":"","format":"standard","meta":{"_acf_changed":false,"ngg_post_thumbnail":0,"footnotes":""},"categories":[905,6],"tags":[],"class_list":{"0":"post-35973","1":"post","2":"type-post","3":"status-publish","4":"format-standard","5":"has-post-thumbnail","7":"category-ogrod","8":"category-poradnik"},"acf":[],"yoast_head":"<!-- This site is optimized with the Yoast SEO plugin v27.4 - https:\/\/yoast.com\/product\/yoast-seo-wordpress\/ -->\n<title>Jak ozdobi\u0107 taras na r\u00f3\u017cne pory roku? - Porady Meblobranie.pl<\/title>\n<meta name=\"description\" content=\"Przebywaj\u0105c na tarasie powinni\u015bmy by\u0107 usatysfakcjonowani jego stylem. Jakie ozdoby na taras wybra\u0107 i jak stworzy\u0107 na nim niezwyk\u0142y klimat?\" \/>\n<meta name=\"robots\" content=\"index, follow, max-snippet:-1, max-image-preview:large, max-video-preview:-1\" \/>\n<link rel=\"canonical\" href=\"https:\/\/www.meblobranie.pl\/porady\/jak-udekorowac-taras-popularne-ozdoby-na-taras\/\" \/>\n<meta name=\"twitter:label1\" content=\"Napisane przez\" \/>\n\t<meta name=\"twitter:data1\" content=\"Dawid z Meblobranie.pl\" \/>\n\t<meta name=\"twitter:label2\" content=\"Szacowany czas czytania\" \/>\n\t<meta name=\"twitter:data2\" content=\"10 minut\" \/>\n<script type=\"application\/ld+json\" class=\"yoast-schema-graph\">{\"@context\":\"https:\\\/\\\/schema.org\",\"@graph\":[{\"@type\":\"Article\",\"@id\":\"https:\\\/\\\/www.meblobranie.pl\\\/porady\\\/jak-udekorowac-taras-popularne-ozdoby-na-taras\\\/#article\",\"isPartOf\":{\"@id\":\"https:\\\/\\\/www.meblobranie.pl\\\/porady\\\/jak-udekorowac-taras-popularne-ozdoby-na-taras\\\/\"},\"author\":{\"name\":\"Dawid z Meblobranie.pl\",\"@id\":\"https:\\\/\\\/www.meblobranie.pl\\\/porady\\\/#\\\/schema\\\/person\\\/0c44214399e1752805db67863333461b\"},\"headline\":\"Jak ozdobi\u0107 taras na r\u00f3\u017cne pory roku?\",\"datePublished\":\"2025-11-11T12:35:59+00:00\",\"dateModified\":\"2026-03-08T22:33:26+00:00\",\"mainEntityOfPage\":{\"@id\":\"https:\\\/\\\/www.meblobranie.pl\\\/porady\\\/jak-udekorowac-taras-popularne-ozdoby-na-taras\\\/\"},\"wordCount\":1582,\"commentCount\":0,\"image\":{\"@id\":\"https:\\\/\\\/www.meblobranie.pl\\\/porady\\\/jak-udekorowac-taras-popularne-ozdoby-na-taras\\\/#primaryimage\"},\"thumbnailUrl\":\"https:\\\/\\\/www.meblobranie.pl\\\/porady\\\/wp-content\\\/uploads\\\/2022\\\/03\\\/ozdoby-na-taras.jpeg\",\"articleSection\":[\"Ogr\u00f3d\",\"Poradnik\"],\"inLanguage\":\"pl-PL\",\"potentialAction\":[{\"@type\":\"CommentAction\",\"name\":\"Comment\",\"target\":[\"https:\\\/\\\/www.meblobranie.pl\\\/porady\\\/jak-udekorowac-taras-popularne-ozdoby-na-taras\\\/#respond\"]}]},{\"@type\":[\"WebPage\",\"FAQPage\"],\"@id\":\"https:\\\/\\\/www.meblobranie.pl\\\/porady\\\/jak-udekorowac-taras-popularne-ozdoby-na-taras\\\/\",\"url\":\"https:\\\/\\\/www.meblobranie.pl\\\/porady\\\/jak-udekorowac-taras-popularne-ozdoby-na-taras\\\/\",\"name\":\"Jak ozdobi\u0107 taras na r\u00f3\u017cne pory roku? - Porady Meblobranie.pl\",\"isPartOf\":{\"@id\":\"https:\\\/\\\/www.meblobranie.pl\\\/porady\\\/#website\"},\"primaryImageOfPage\":{\"@id\":\"https:\\\/\\\/www.meblobranie.pl\\\/porady\\\/jak-udekorowac-taras-popularne-ozdoby-na-taras\\\/#primaryimage\"},\"image\":{\"@id\":\"https:\\\/\\\/www.meblobranie.pl\\\/porady\\\/jak-udekorowac-taras-popularne-ozdoby-na-taras\\\/#primaryimage\"},\"thumbnailUrl\":\"https:\\\/\\\/www.meblobranie.pl\\\/porady\\\/wp-content\\\/uploads\\\/2022\\\/03\\\/ozdoby-na-taras.jpeg\",\"datePublished\":\"2025-11-11T12:35:59+00:00\",\"dateModified\":\"2026-03-08T22:33:26+00:00\",\"author\":{\"@id\":\"https:\\\/\\\/www.meblobranie.pl\\\/porady\\\/#\\\/schema\\\/person\\\/0c44214399e1752805db67863333461b\"},\"description\":\"Przebywaj\u0105c na tarasie powinni\u015bmy by\u0107 usatysfakcjonowani jego stylem. Jakie ozdoby na taras wybra\u0107 i jak stworzy\u0107 na nim niezwyk\u0142y klimat?\",\"breadcrumb\":{\"@id\":\"https:\\\/\\\/www.meblobranie.pl\\\/porady\\\/jak-udekorowac-taras-popularne-ozdoby-na-taras\\\/#breadcrumb\"},\"mainEntity\":[{\"@id\":\"https:\\\/\\\/www.meblobranie.pl\\\/porady\\\/jak-udekorowac-taras-popularne-ozdoby-na-taras\\\/#faq-question-1762863753091\"},{\"@id\":\"https:\\\/\\\/www.meblobranie.pl\\\/porady\\\/jak-udekorowac-taras-popularne-ozdoby-na-taras\\\/#faq-question-1762863768793\"},{\"@id\":\"https:\\\/\\\/www.meblobranie.pl\\\/porady\\\/jak-udekorowac-taras-popularne-ozdoby-na-taras\\\/#faq-question-1762863778429\"}],\"inLanguage\":\"pl-PL\",\"potentialAction\":[{\"@type\":\"ReadAction\",\"target\":[\"https:\\\/\\\/www.meblobranie.pl\\\/porady\\\/jak-udekorowac-taras-popularne-ozdoby-na-taras\\\/\"]}]},{\"@type\":\"ImageObject\",\"inLanguage\":\"pl-PL\",\"@id\":\"https:\\\/\\\/www.meblobranie.pl\\\/porady\\\/jak-udekorowac-taras-popularne-ozdoby-na-taras\\\/#primaryimage\",\"url\":\"https:\\\/\\\/www.meblobranie.pl\\\/porady\\\/wp-content\\\/uploads\\\/2022\\\/03\\\/ozdoby-na-taras.jpeg\",\"contentUrl\":\"https:\\\/\\\/www.meblobranie.pl\\\/porady\\\/wp-content\\\/uploads\\\/2022\\\/03\\\/ozdoby-na-taras.jpeg\",\"width\":830,\"height\":623,\"caption\":\"Ozdoby na taras - inspiracje\"},{\"@type\":\"BreadcrumbList\",\"@id\":\"https:\\\/\\\/www.meblobranie.pl\\\/porady\\\/jak-udekorowac-taras-popularne-ozdoby-na-taras\\\/#breadcrumb\",\"itemListElement\":[{\"@type\":\"ListItem\",\"position\":1,\"name\":\"Home\",\"item\":\"https:\\\/\\\/www.meblobranie.pl\\\/porady\\\/\"},{\"@type\":\"ListItem\",\"position\":2,\"name\":\"Jak ozdobi\u0107 taras na r\u00f3\u017cne pory roku?\"}]},{\"@type\":\"WebSite\",\"@id\":\"https:\\\/\\\/www.meblobranie.pl\\\/porady\\\/#website\",\"url\":\"https:\\\/\\\/www.meblobranie.pl\\\/porady\\\/\",\"name\":\"Porady Meblobranie.pl\",\"description\":\"Blog o tarasach i ogrodach\",\"potentialAction\":[{\"@type\":\"SearchAction\",\"target\":{\"@type\":\"EntryPoint\",\"urlTemplate\":\"https:\\\/\\\/www.meblobranie.pl\\\/porady\\\/?s={search_term_string}\"},\"query-input\":{\"@type\":\"PropertyValueSpecification\",\"valueRequired\":true,\"valueName\":\"search_term_string\"}}],\"inLanguage\":\"pl-PL\"},{\"@type\":\"Person\",\"@id\":\"https:\\\/\\\/www.meblobranie.pl\\\/porady\\\/#\\\/schema\\\/person\\\/0c44214399e1752805db67863333461b\",\"name\":\"Dawid z Meblobranie.pl\",\"image\":{\"@type\":\"ImageObject\",\"inLanguage\":\"pl-PL\",\"@id\":\"https:\\\/\\\/secure.gravatar.com\\\/avatar\\\/9ede1c3924e3173d8f3ad05211531161353d772865bc4dacba314dbcd46c0fef?s=96&d=mm&r=g\",\"url\":\"https:\\\/\\\/secure.gravatar.com\\\/avatar\\\/9ede1c3924e3173d8f3ad05211531161353d772865bc4dacba314dbcd46c0fef?s=96&d=mm&r=g\",\"contentUrl\":\"https:\\\/\\\/secure.gravatar.com\\\/avatar\\\/9ede1c3924e3173d8f3ad05211531161353d772865bc4dacba314dbcd46c0fef?s=96&d=mm&r=g\",\"caption\":\"Dawid z Meblobranie.pl\"},\"description\":\"Lorem Ipsum is simply dummy text of the printing and typesetting industry. Lorem Ipsum has been the industry's standard dummy text ever since the 1500s, when an unknown printer took a galley of type and scrambled it to make a type specimen book.\"},{\"@type\":\"Question\",\"@id\":\"https:\\\/\\\/www.meblobranie.pl\\\/porady\\\/jak-udekorowac-taras-popularne-ozdoby-na-taras\\\/#faq-question-1762863753091\",\"position\":1,\"url\":\"https:\\\/\\\/www.meblobranie.pl\\\/porady\\\/jak-udekorowac-taras-popularne-ozdoby-na-taras\\\/#faq-question-1762863753091\",\"name\":\"Jakie dekoracje sprawdz\u0105 si\u0119 na tarasie przez ca\u0142y rok?\",\"answerCount\":1,\"acceptedAnswer\":{\"@type\":\"Answer\",\"text\":\"Najlepiej wybieraj elementy odporne na warunki atmosferyczne \u2013 meble z technorattanu, metalowe donice i o\u015bwietlenie solarne. Wystarczy, \u017ce zmienisz dodatki sezonowe, w tym np. poduszki czy ro\u015bliny, by Tw\u00f3j taras zawsze wygl\u0105da\u0142 \u015bwie\u017co.\",\"inLanguage\":\"pl-PL\"},\"inLanguage\":\"pl-PL\"},{\"@type\":\"Question\",\"@id\":\"https:\\\/\\\/www.meblobranie.pl\\\/porady\\\/jak-udekorowac-taras-popularne-ozdoby-na-taras\\\/#faq-question-1762863768793\",\"position\":2,\"url\":\"https:\\\/\\\/www.meblobranie.pl\\\/porady\\\/jak-udekorowac-taras-popularne-ozdoby-na-taras\\\/#faq-question-1762863768793\",\"name\":\"Jak ozdobi\u0107 ma\u0142y taras, by nie wydawa\u0142 si\u0119 zagracony?\",\"answerCount\":1,\"acceptedAnswer\":{\"@type\":\"Answer\",\"text\":\"Postaw na pionowe rozwi\u0105zania \u2013 kwietniki na \u015bcianie, wisz\u0105ce doniczki i ro\u015bliny pn\u0105ce. Jasne kolory i lekkie meble wizualnie powi\u0119ksz\u0105 Twoj\u0105 przestrze\u0144.\",\"inLanguage\":\"pl-PL\"},\"inLanguage\":\"pl-PL\"},{\"@type\":\"Question\",\"@id\":\"https:\\\/\\\/www.meblobranie.pl\\\/porady\\\/jak-udekorowac-taras-popularne-ozdoby-na-taras\\\/#faq-question-1762863778429\",\"position\":3,\"url\":\"https:\\\/\\\/www.meblobranie.pl\\\/porady\\\/jak-udekorowac-taras-popularne-ozdoby-na-taras\\\/#faq-question-1762863778429\",\"name\":\"Czy zim\u0105 warto dekorowa\u0107 taras?\",\"answerCount\":1,\"acceptedAnswer\":{\"@type\":\"Answer\",\"text\":\"Oczywi\u015bcie! Wystarczy kilka ro\u015blin zimozielonych, lampki LED i mi\u0119kki koc, by\u015b stworzy\u0142 nastrojow\u0105 przestrze\u0144 idealn\u0105 do relaksu nawet w ch\u0142odne dni.\",\"inLanguage\":\"pl-PL\"},\"inLanguage\":\"pl-PL\"}]}<\/script>\n<!-- \/ Yoast SEO plugin. -->","yoast_head_json":{"title":"Jak ozdobi\u0107 taras na r\u00f3\u017cne pory roku? - Porady Meblobranie.pl","description":"Przebywaj\u0105c na tarasie powinni\u015bmy by\u0107 usatysfakcjonowani jego stylem. Jakie ozdoby na taras wybra\u0107 i jak stworzy\u0107 na nim niezwyk\u0142y klimat?","robots":{"index":"index","follow":"follow","max-snippet":"max-snippet:-1","max-image-preview":"max-image-preview:large","max-video-preview":"max-video-preview:-1"},"canonical":"https:\/\/www.meblobranie.pl\/porady\/jak-udekorowac-taras-popularne-ozdoby-na-taras\/","twitter_misc":{"Napisane przez":"Dawid z Meblobranie.pl","Szacowany czas czytania":"10 minut"},"schema":{"@context":"https:\/\/schema.org","@graph":[{"@type":"Article","@id":"https:\/\/www.meblobranie.pl\/porady\/jak-udekorowac-taras-popularne-ozdoby-na-taras\/#article","isPartOf":{"@id":"https:\/\/www.meblobranie.pl\/porady\/jak-udekorowac-taras-popularne-ozdoby-na-taras\/"},"author":{"name":"Dawid z Meblobranie.pl","@id":"https:\/\/www.meblobranie.pl\/porady\/#\/schema\/person\/0c44214399e1752805db67863333461b"},"headline":"Jak ozdobi\u0107 taras na r\u00f3\u017cne pory roku?","datePublished":"2025-11-11T12:35:59+00:00","dateModified":"2026-03-08T22:33:26+00:00","mainEntityOfPage":{"@id":"https:\/\/www.meblobranie.pl\/porady\/jak-udekorowac-taras-popularne-ozdoby-na-taras\/"},"wordCount":1582,"commentCount":0,"image":{"@id":"https:\/\/www.meblobranie.pl\/porady\/jak-udekorowac-taras-popularne-ozdoby-na-taras\/#primaryimage"},"thumbnailUrl":"https:\/\/www.meblobranie.pl\/porady\/wp-content\/uploads\/2022\/03\/ozdoby-na-taras.jpeg","articleSection":["Ogr\u00f3d","Poradnik"],"inLanguage":"pl-PL","potentialAction":[{"@type":"CommentAction","name":"Comment","target":["https:\/\/www.meblobranie.pl\/porady\/jak-udekorowac-taras-popularne-ozdoby-na-taras\/#respond"]}]},{"@type":["WebPage","FAQPage"],"@id":"https:\/\/www.meblobranie.pl\/porady\/jak-udekorowac-taras-popularne-ozdoby-na-taras\/","url":"https:\/\/www.meblobranie.pl\/porady\/jak-udekorowac-taras-popularne-ozdoby-na-taras\/","name":"Jak ozdobi\u0107 taras na r\u00f3\u017cne pory roku? - Porady Meblobranie.pl","isPartOf":{"@id":"https:\/\/www.meblobranie.pl\/porady\/#website"},"primaryImageOfPage":{"@id":"https:\/\/www.meblobranie.pl\/porady\/jak-udekorowac-taras-popularne-ozdoby-na-taras\/#primaryimage"},"image":{"@id":"https:\/\/www.meblobranie.pl\/porady\/jak-udekorowac-taras-popularne-ozdoby-na-taras\/#primaryimage"},"thumbnailUrl":"https:\/\/www.meblobranie.pl\/porady\/wp-content\/uploads\/2022\/03\/ozdoby-na-taras.jpeg","datePublished":"2025-11-11T12:35:59+00:00","dateModified":"2026-03-08T22:33:26+00:00","author":{"@id":"https:\/\/www.meblobranie.pl\/porady\/#\/schema\/person\/0c44214399e1752805db67863333461b"},"description":"Przebywaj\u0105c na tarasie powinni\u015bmy by\u0107 usatysfakcjonowani jego stylem. Jakie ozdoby na taras wybra\u0107 i jak stworzy\u0107 na nim niezwyk\u0142y klimat?","breadcrumb":{"@id":"https:\/\/www.meblobranie.pl\/porady\/jak-udekorowac-taras-popularne-ozdoby-na-taras\/#breadcrumb"},"mainEntity":[{"@id":"https:\/\/www.meblobranie.pl\/porady\/jak-udekorowac-taras-popularne-ozdoby-na-taras\/#faq-question-1762863753091"},{"@id":"https:\/\/www.meblobranie.pl\/porady\/jak-udekorowac-taras-popularne-ozdoby-na-taras\/#faq-question-1762863768793"},{"@id":"https:\/\/www.meblobranie.pl\/porady\/jak-udekorowac-taras-popularne-ozdoby-na-taras\/#faq-question-1762863778429"}],"inLanguage":"pl-PL","potentialAction":[{"@type":"ReadAction","target":["https:\/\/www.meblobranie.pl\/porady\/jak-udekorowac-taras-popularne-ozdoby-na-taras\/"]}]},{"@type":"ImageObject","inLanguage":"pl-PL","@id":"https:\/\/www.meblobranie.pl\/porady\/jak-udekorowac-taras-popularne-ozdoby-na-taras\/#primaryimage","url":"https:\/\/www.meblobranie.pl\/porady\/wp-content\/uploads\/2022\/03\/ozdoby-na-taras.jpeg","contentUrl":"https:\/\/www.meblobranie.pl\/porady\/wp-content\/uploads\/2022\/03\/ozdoby-na-taras.jpeg","width":830,"height":623,"caption":"Ozdoby na taras - inspiracje"},{"@type":"BreadcrumbList","@id":"https:\/\/www.meblobranie.pl\/porady\/jak-udekorowac-taras-popularne-ozdoby-na-taras\/#breadcrumb","itemListElement":[{"@type":"ListItem","position":1,"name":"Home","item":"https:\/\/www.meblobranie.pl\/porady\/"},{"@type":"ListItem","position":2,"name":"Jak ozdobi\u0107 taras na r\u00f3\u017cne pory roku?"}]},{"@type":"WebSite","@id":"https:\/\/www.meblobranie.pl\/porady\/#website","url":"https:\/\/www.meblobranie.pl\/porady\/","name":"Porady Meblobranie.pl","description":"Blog o tarasach i ogrodach","potentialAction":[{"@type":"SearchAction","target":{"@type":"EntryPoint","urlTemplate":"https:\/\/www.meblobranie.pl\/porady\/?s={search_term_string}"},"query-input":{"@type":"PropertyValueSpecification","valueRequired":true,"valueName":"search_term_string"}}],"inLanguage":"pl-PL"},{"@type":"Person","@id":"https:\/\/www.meblobranie.pl\/porady\/#\/schema\/person\/0c44214399e1752805db67863333461b","name":"Dawid z Meblobranie.pl","image":{"@type":"ImageObject","inLanguage":"pl-PL","@id":"https:\/\/secure.gravatar.com\/avatar\/9ede1c3924e3173d8f3ad05211531161353d772865bc4dacba314dbcd46c0fef?s=96&d=mm&r=g","url":"https:\/\/secure.gravatar.com\/avatar\/9ede1c3924e3173d8f3ad05211531161353d772865bc4dacba314dbcd46c0fef?s=96&d=mm&r=g","contentUrl":"https:\/\/secure.gravatar.com\/avatar\/9ede1c3924e3173d8f3ad05211531161353d772865bc4dacba314dbcd46c0fef?s=96&d=mm&r=g","caption":"Dawid z Meblobranie.pl"},"description":"Lorem Ipsum is simply dummy text of the printing and typesetting industry. Lorem Ipsum has been the industry's standard dummy text ever since the 1500s, when an unknown printer took a galley of type and scrambled it to make a type specimen book."},{"@type":"Question","@id":"https:\/\/www.meblobranie.pl\/porady\/jak-udekorowac-taras-popularne-ozdoby-na-taras\/#faq-question-1762863753091","position":1,"url":"https:\/\/www.meblobranie.pl\/porady\/jak-udekorowac-taras-popularne-ozdoby-na-taras\/#faq-question-1762863753091","name":"Jakie dekoracje sprawdz\u0105 si\u0119 na tarasie przez ca\u0142y rok?","answerCount":1,"acceptedAnswer":{"@type":"Answer","text":"Najlepiej wybieraj elementy odporne na warunki atmosferyczne \u2013 meble z technorattanu, metalowe donice i o\u015bwietlenie solarne. Wystarczy, \u017ce zmienisz dodatki sezonowe, w tym np. poduszki czy ro\u015bliny, by Tw\u00f3j taras zawsze wygl\u0105da\u0142 \u015bwie\u017co.","inLanguage":"pl-PL"},"inLanguage":"pl-PL"},{"@type":"Question","@id":"https:\/\/www.meblobranie.pl\/porady\/jak-udekorowac-taras-popularne-ozdoby-na-taras\/#faq-question-1762863768793","position":2,"url":"https:\/\/www.meblobranie.pl\/porady\/jak-udekorowac-taras-popularne-ozdoby-na-taras\/#faq-question-1762863768793","name":"Jak ozdobi\u0107 ma\u0142y taras, by nie wydawa\u0142 si\u0119 zagracony?","answerCount":1,"acceptedAnswer":{"@type":"Answer","text":"Postaw na pionowe rozwi\u0105zania \u2013 kwietniki na \u015bcianie, wisz\u0105ce doniczki i ro\u015bliny pn\u0105ce. Jasne kolory i lekkie meble wizualnie powi\u0119ksz\u0105 Twoj\u0105 przestrze\u0144.","inLanguage":"pl-PL"},"inLanguage":"pl-PL"},{"@type":"Question","@id":"https:\/\/www.meblobranie.pl\/porady\/jak-udekorowac-taras-popularne-ozdoby-na-taras\/#faq-question-1762863778429","position":3,"url":"https:\/\/www.meblobranie.pl\/porady\/jak-udekorowac-taras-popularne-ozdoby-na-taras\/#faq-question-1762863778429","name":"Czy zim\u0105 warto dekorowa\u0107 taras?","answerCount":1,"acceptedAnswer":{"@type":"Answer","text":"Oczywi\u015bcie! Wystarczy kilka ro\u015blin zimozielonych, lampki LED i mi\u0119kki koc, by\u015b stworzy\u0142 nastrojow\u0105 przestrze\u0144 idealn\u0105 do relaksu nawet w ch\u0142odne dni.","inLanguage":"pl-PL"},"inLanguage":"pl-PL"}]}},"_links":{"self":[{"href":"https:\/\/www.meblobranie.pl\/porady\/wp-json\/wp\/v2\/posts\/35973","targetHints":{"allow":["GET"]}}],"collection":[{"href":"https:\/\/www.meblobranie.pl\/porady\/wp-json\/wp\/v2\/posts"}],"about":[{"href":"https:\/\/www.meblobranie.pl\/porady\/wp-json\/wp\/v2\/types\/post"}],"author":[{"embeddable":true,"href":"https:\/\/www.meblobranie.pl\/porady\/wp-json\/wp\/v2\/users\/20"}],"replies":[{"embeddable":true,"href":"https:\/\/www.meblobranie.pl\/porady\/wp-json\/wp\/v2\/comments?post=35973"}],"version-history":[{"count":3,"href":"https:\/\/www.meblobranie.pl\/porady\/wp-json\/wp\/v2\/posts\/35973\/revisions"}],"predecessor-version":[{"id":46878,"href":"https:\/\/www.meblobranie.pl\/porady\/wp-json\/wp\/v2\/posts\/35973\/revisions\/46878"}],"wp:featuredmedia":[{"embeddable":true,"href":"https:\/\/www.meblobranie.pl\/porady\/wp-json\/wp\/v2\/media\/35974"}],"wp:attachment":[{"href":"https:\/\/www.meblobranie.pl\/porady\/wp-json\/wp\/v2\/media?parent=35973"}],"wp:term":[{"taxonomy":"category","embeddable":true,"href":"https:\/\/www.meblobranie.pl\/porady\/wp-json\/wp\/v2\/categories?post=35973"},{"taxonomy":"post_tag","embeddable":true,"href":"https:\/\/www.meblobranie.pl\/porady\/wp-json\/wp\/v2\/tags?post=35973"}],"curies":[{"name":"wp","href":"https:\/\/api.w.org\/{rel}","templated":true}]}}