{"id":3661,"date":"2025-09-28T00:10:55","date_gmt":"2025-09-27T22:10:55","guid":{"rendered":"http:\/\/www.meblobranie.pl\/porady\/?p=3661"},"modified":"2026-03-28T19:30:51","modified_gmt":"2026-03-28T18:30:51","slug":"najpopularniejsze-wymiary-lawki-parkowej","status":"publish","type":"post","link":"https:\/\/www.meblobranie.pl\/porady\/najpopularniejsze-wymiary-lawki-parkowej\/","title":{"rendered":"Wymiary \u0142awki ogrodowej &#8211; jakie s\u0105 optymalne wymiary?"},"content":{"rendered":"\n<p>Dobra \u0142awka powinna by\u0107 na tyle komfortowa, aby w chwili relaksu mo\u017cna by\u0142o zapomnie\u0107 o jej istnieniu. Odpowiednio dobrana jest stylowa, ale nie odwraca uwagi od urok\u00f3w otoczenia. Od czego zale\u017cy wygoda i funkcjonalno\u015b\u0107 popularnych \u0142awek parkowych?<\/p>\n\n\n\n<p>Na komfort u\u017cytkowania mebla wp\u0142ywa kilka czynnik\u00f3w. Jednym z wa\u017cniejszych s\u0105 gabaryty, dlatego w tym artykule zastanowimy si\u0119, <strong>jakie wymiary \u0142awki ogrodowej wybra\u0107, aby wypoczynek by\u0142 efektywny. <\/strong>Oczywi\u015bcie, decyduj\u0105c si\u0119 na konkretny model, warto te\u017c przyjrze\u0107 si\u0119 materia\u0142owi, z kt\u00f3rego jest wykonany. Cz\u0119sto pojawiaj\u0105 si\u0119 pytania: <strong><a href=\"https:\/\/www.meblobranie.pl\/porady\/jak-zrobic-lawke-ogrodowa\/\">jak zrobi\u0107 \u0142awk\u0119 ogrodow\u0105<\/a><\/strong> samodzielnie i jakie parametry techniczne powinna spe\u0142nia\u0107? Sprawdzimy, co warto wiedzie\u0107 na ten temat oraz jak wygl\u0105da kwestia odporno\u015bci na warunki atmosferyczne.<\/p>\n\n\n<div class=\"wp-block-image wp-image-3664 size-full\">\n<figure class=\"aligncenter\"><img loading=\"lazy\" decoding=\"async\" width=\"830\" height=\"591\" src=\"https:\/\/www.meblobranie.pl\/porady\/wp-content\/uploads\/2023\/02\/lawka-przy-domu.jpg\" alt=\"\u0141awka ogrodowa przy domu\" class=\"wp-image-39719\" srcset=\"https:\/\/www.meblobranie.pl\/porady\/wp-content\/uploads\/2023\/02\/lawka-przy-domu.jpg 830w, https:\/\/www.meblobranie.pl\/porady\/wp-content\/uploads\/2023\/02\/lawka-przy-domu-300x214.jpg 300w, https:\/\/www.meblobranie.pl\/porady\/wp-content\/uploads\/2023\/02\/lawka-przy-domu-768x547.jpg 768w\" sizes=\"auto, (max-width: 830px) 100vw, 830px\" \/><\/figure>\n<\/div>\n\n\n<!--more-->\n\n\n\n\n\n\n<h2 class=\"wp-block-heading\">Jakie s\u0105 standardowe wymiary \u0142awki ogrodowej?<\/h2>\n\n\n\n<p><strong>Je\u015bli opracowujemy projekt \u0142awki ogrodowej, wymiary s\u0105 jedn\u0105 z najwa\u017cniejszych kwestii technicznych. <\/strong>Ile mierzy ca\u0142a konstrukcja? To zale\u017cy przede wszystkim od przeznaczenia modelu i rodzaju oparcia. Popularna <a href=\"https:\/\/www.meblobranie.pl\/lawka-parkowa-zeliwna-150cm.html\" target=\"_blank\" rel=\"noreferrer noopener\">\u0142awka parkowa<\/a> ma zazwyczaj od 150 do 180 cm d\u0142ugo\u015bci, natomiast szeroko\u015b\u0107 siedziska wynosi oko\u0142o 40 cm.<\/p>\n\n\n\n<p>Jest to uniwersalny rozmiar \u2013 taka <strong>\u0142awka ogrodowa (wymiary<\/strong> 150-180 cm) swobodnie pomie\u015bci 3, a nawet 4 osoby. Jednak d\u0142ugo\u015b\u0107 to nie wszystko. <a href=\"https:\/\/www.meblobranie.pl\/lawki-ogrodowe\">\u0141awki ogrodowe<\/a> mog\u0105 r\u00f3\u017cni\u0107 si\u0119 tak\u017ce wysoko\u015bci\u0105.<\/p>\n\n\n\n<p>Jaka powinna by\u0107 wysoko\u015b\u0107 siedziska? Przeci\u0119tna \u0142awka z oparciem ma oko\u0142o 70-80 cm wysoko\u015bci ca\u0142kowitej, przy czym samo siedzisko znajduje si\u0119 zazwyczaj na poziomie 40-45 cm. Do takich parametr\u00f3w wszyscy jeste\u015bmy przyzwyczajeni. Z tego powodu przyj\u0119to, \u017ce s\u0105 to standardowe <strong>wymiary \u0142awki ogrodowej<\/strong>, kt\u00f3re najlepiej sprawdzaj\u0105 si\u0119 w przestrzeniach publicznych i prywatnych.<\/p>\n\n\n\n<p class=\"worth-know has-text-align-left has-white-color has-text-color has-background has-link-color\" style=\"padding-left:10px;background-color:#3c2034;font-size:18px\"><strong>WARTO WIEDZIE\u0106<\/strong><br><br>W Londynie istniej\u0105 ma\u0142e \u0142awki ogrodowe z tworzywa sztucznego, tzw. \u201e\u0142awki-hybrydy\u201d, kt\u00f3re jednocze\u015bnie pe\u0142ni\u0105 funkcj\u0119 stacji \u0142adowania dla telefon\u00f3w. Jest to minimalistyczne, a zarazem niezwykle funkcjonalne rozwi\u0105zanie.<\/p>\n\n\n\n<p>Jak\u0105 d\u0142ugo\u015b\u0107 wybra\u0107 i na jak\u0105 wysoko\u015b\u0107 si\u0119 zdecydowa\u0107? Przed dokonaniem zakupu warto zastanowi\u0107 si\u0119, kto b\u0119dzie g\u0142\u00f3wnym u\u017cytkownikiem mebla. Inna wysoko\u015b\u0107 b\u0119dzie odpowiednia dla dzieci, a inna dla os\u00f3b doros\u0142ych. Wysoko\u015b\u0107 siedziska mierzona od ziemi zazwyczaj nie powinna wynosi\u0107 mniej ni\u017c 40 cm. Kluczowym czynnikiem s\u0105 w tym przypadku nogi (cz\u0119sto \u017celiwne), kt\u00f3re w zale\u017cno\u015bci od kszta\u0142tu determinuj\u0105 ostateczne gabaryty.<\/p>\n\n\n\n<p>Opr\u00f3cz d\u0142ugo\u015bci, przy wyborze warto zwr\u00f3ci\u0107 uwag\u0119 tak\u017ce na inne parametry wp\u0142ywaj\u0105ce na poczucie komfortu, takie jak szeroko\u015b\u0107 desek, g\u0142\u0119boko\u015b\u0107 siedziska oraz wysoko\u015b\u0107 oparcia.<\/p>\n\n\n<p>[[kategoria:29:6]]<\/p>\n\n\n\n<h2 class=\"wp-block-heading\">Jak dobra\u0107 odpowiednie wymiary \u0142awki ogrodowej do przestrzeni i potrzeb?<\/h2>\n\n\n\n<p>Odpowiedni dob\u00f3r gabaryt\u00f3w jest kluczowy zar\u00f3wno dla wygody, jak i harmonijnego wkomponowania mebla w otoczenie. Na pocz\u0105tku nale\u017cy dok\u0142adnie zwymiarowa\u0107 miejsce, w kt\u00f3rym \u0142awka ma stan\u0105\u0107. Nale\u017cy wzi\u0105\u0107 pod uwag\u0119, czy b\u0119dzie to ma\u0142y balkon, kameralna altana, du\u017cy taras, czy mo\u017ce otwarta przestrze\u0144 trawnika.<\/p>\n\n\n\n<p>W ma\u0142ych ogrodach lub na balkonach zdecydowanie lepiej sprawdz\u0105 si\u0119 \u0142awki dwuosobowe o d\u0142ugo\u015bci oko\u0142o 120-150 cm. S\u0105 one wystarczaj\u0105ce, by nie przyt\u0142oczy\u0107 aran\u017cacji i pozostawi\u0107 swobod\u0119 ruchu. Z kolei w rozleg\u0142ych ogrodach czy na wi\u0119kszych tarasach mo\u017cna pozwoli\u0107 sobie na d\u0142u\u017csze modele, mieszcz\u0105ce 3-4 osoby (o d\u0142ugo\u015bci 170-200 cm), kt\u00f3re b\u0119d\u0105 stanowi\u0142y g\u0142\u00f3wny punkt wypoczynkowy.<\/p>\n\n\n\n<p>Niezwykle wa\u017cnym aspektem jest te\u017c ergonomia. <strong>Wysoko\u015b\u0107 siedziska od ziemi, dla wygodnej \u0142awki ogrodowej powinna wynosi\u0107 standardowo 40-45 cm, <\/strong>co u\u0142atwia siadanie i wstawanie doros\u0142ym osobom. Dla senior\u00f3w lub os\u00f3b bardzo wysokich warto rozwa\u017cy\u0107 nieco wy\u017csze modele. Optymalna g\u0142\u0119boko\u015b\u0107 to z kolei 35-45 cm \u2013 zapewnia ona odpowiednie podparcie ud i plec\u00f3w.<\/p>\n\n\n\n<p>Warto pami\u0119ta\u0107, by wok\u00f3\u0142 \u0142awki zostawi\u0107 stref\u0119 swobodnego poruszania si\u0119 \u2013 najlepiej oko\u0142o 60-90 cm wolnej przestrzeni z przodu i po bokach. Jest to szczeg\u00f3lnie istotne w kontek\u015bcie funkcjonalno\u015bci, zw\u0142aszcza gdy \u0142awka stoi przy stole lub w w\u0105skim przej\u015bciu. Dobrze przemy\u015blane proporcje sprawi\u0105, \u017ce mebel nie b\u0119dzie jedynie dekoracj\u0105, lecz praktycznym elementem wyposa\u017cenia.<\/p>\n\n\n\n<p>Kieruj\u0105c si\u0119 potrzebami oraz funkcj\u0105, jak\u0105 \u0142awka ma pe\u0142ni\u0107, powinni\u015bmy ustali\u0107 szczeg\u00f3\u0142owe parametry. Je\u015bli ma ona s\u0142u\u017cy\u0107 do d\u0142u\u017cszego relaksu z ksi\u0105\u017ck\u0105, niezb\u0119dne b\u0119dzie oparcie o odpowiedniej wysoko\u015bci (zwykle oko\u0142o 90 cm wysoko\u015bci ca\u0142kowitej) oraz k\u0105cie nachylenia (lekko odchylone do ty\u0142u). Wa\u017cne jest tak\u017ce, aby siedzisko by\u0142o wystarczaj\u0105co g\u0142\u0119bokie (bli\u017cej 45 cm).<\/p>\n\n\n\n<p>Je\u017celi natomiast \u0142awka b\u0119dzie tylko siedziskiem uzupe\u0142niaj\u0105cym, np. do sto\u0142u piknikowego, \u015bwietnie sprawdzi si\u0119 model bez oparcia (typ taboretu ogrodowego). Jest on bardziej mobilny i wizualnie zajmuje mniej miejsca. Rozwa\u017caj\u0105c przeznaczenie, pomy\u015blmy te\u017c o profilu u\u017cytkownik\u00f3w: je\u015bli z mebla cz\u0119sto b\u0119d\u0105 korzysta\u0107 dzieci, mo\u017cna wybra\u0107 ni\u017csz\u0105 konstrukcj\u0119.<\/p>\n\n\n<p>[[kategoria:29:17=swierk:6]]<\/p>\n\n\n\n<h2 class=\"wp-block-heading\">Czy \u0142awka ogrodowa z oparciem powinna mie\u0107 inne wymiary?<\/h2>\n\n\n\n<p><a href=\"https:\/\/www.meblobranie.pl\/lawki-parkowe\/oparcie-z-oparciem\">\u0141awki ogrodowe z oparciem<\/a> i modele bez oparcia powinny mie\u0107 zr\u00f3\u017cnicowane parametry, aby zapewni\u0107 optymaln\u0105 ergonomi\u0119. Je\u015bli naszym celem jest klasyczna <strong>\u0142awka ogrodowa drewniana, wymiary<\/strong> powinny uwzgl\u0119dnia\u0107 komfort d\u0142u\u017cszego u\u017cytkowania.<\/p>\n\n\n\n<p>W modelach z oparciem kluczowe s\u0105: g\u0142\u0119boko\u015b\u0107 siedziska w przedziale 40-45 cm (pozwalaj\u0105ca na oparcie plec\u00f3w bez ucisku pod kolanami) oraz wysoko\u015b\u0107 oparcia zamontowanego pod lekkim k\u0105tem 100-105 stopni w stosunku do siedziska. Taki uk\u0142ad ma na celu zapewnienie w\u0142a\u015bciwego podparcia l\u0119d\u017awiowego.<\/p>\n\n\n\n<p>Z kolei \u0142awki bez oparcia cz\u0119sto maj\u0105 p\u0142ytsze siedzisko (np. 35-40 cm). S\u0105 projektowane g\u0142\u00f3wnie jako meble kr\u00f3tkotrwa\u0142ego u\u017cytku (do posi\u0142k\u00f3w przy stole) i zapewniaj\u0105 wi\u0119ksz\u0105 mobilno\u015b\u0107, umo\u017cliwiaj\u0105c siadanie z obu stron. Ich siedzisko musi by\u0107 ca\u0142kowicie poziome, w przeciwie\u0144stwie do delikatnie nachylonego do ty\u0142u profilu w modelach z oparciem.<\/p>\n\n\n\n<h2 class=\"wp-block-heading\">Jakie wymiary powinna mie\u0107 \u0142awka ogrodowa dla dzieci?<\/h2>\n\n\n\n<p><strong>Wymiary \u0142awki ogrodowej dla dzieci<\/strong> musz\u0105 by\u0107 \u015bci\u015ble dostosowane do ich wzrostu, zapewniaj\u0105c bezpiecze\u0144stwo i umo\u017cliwiaj\u0105c swobodny kontakt st\u00f3p z pod\u0142o\u017cem.<\/p>\n\n\n\n<p>Dla dzieci w wieku przedszkolnym i wczesnoszkolnym (np. 90-120 cm wzrostu) zaleca si\u0119, aby wysoko\u015b\u0107 siedziska od ziemi wynosi\u0142a zaledwie 28-35 cm. Prawid\u0142owa g\u0142\u0119boko\u015b\u0107 to zazwyczaj 25-30 cm, co pozwala unikn\u0105\u0107 ucisku pod kolanami.<\/p>\n\n\n\n<p class=\"worth-know has-text-align-left has-white-color has-text-color has-background has-link-color\" style=\"padding-left:10px;background-color:#3c2034;font-size:18px\"><strong>WARTO WIEDZIE\u0106<\/strong><br><br>Je\u015bli \u0142awka ma by\u0107 u\u017cywana przy stole (np. w zestawie piknikowym), jej wysoko\u015b\u0107 powinna by\u0107 proporcjonalna do wysoko\u015bci blatu.<\/p>\n\n\n\n<p>D\u0142ugo\u015b\u0107 \u0142awki jest kwesti\u0105 bardziej elastyczn\u0105, ale modele dzieci\u0119ce maj\u0105 zazwyczaj 80-120 cm \u2013 wystarczaj\u0105co na 2-3 ma\u0142e osoby. Ergonomia dzieci\u0119ca wymaga tak\u017ce, aby ca\u0142a konstrukcja by\u0142a stabilna i posiada\u0142a zaokr\u0105glone kraw\u0119dzie.<\/p>\n\n\n<div class=\"wp-block-image\">\n<figure class=\"aligncenter size-full\"><img loading=\"lazy\" decoding=\"async\" width=\"762\" height=\"588\" src=\"https:\/\/www.meblobranie.pl\/porady\/wp-content\/uploads\/2015\/09\/image.png\" alt=\"D\u0142ugo\u015b\u0107 \u0142awki - infografika\" class=\"wp-image-45840\" srcset=\"https:\/\/www.meblobranie.pl\/porady\/wp-content\/uploads\/2015\/09\/image.png 762w, https:\/\/www.meblobranie.pl\/porady\/wp-content\/uploads\/2015\/09\/image-300x231.png 300w\" sizes=\"auto, (max-width: 762px) 100vw, 762px\" \/><\/figure>\n<\/div>\n\n\n<h2 class=\"wp-block-heading\">Jakich b\u0142\u0119d\u00f3w unika\u0107 przy planowaniu wymiar\u00f3w \u0142awki ogrodowej?<\/h2>\n\n\n\n<p>Powszechnym b\u0142\u0119dem jest wybranie zbyt du\u017cej wysoko\u015bci siedziska (powy\u017cej 45 cm), co ni\u017cszym osobom uniemo\u017cliwia oparcie st\u00f3p o ziemi\u0119, lub zbyt niskiej (poni\u017cej 40 cm), co utrudnia wstawanie, zw\u0142aszcza seniorom.<\/p>\n\n\n\n<p>Nale\u017cy wystrzega\u0107 si\u0119 te\u017c zbyt ma\u0142ej g\u0142\u0119boko\u015bci siedziska (poni\u017cej 35 cm), kt\u00f3ra powoduje niewystarczaj\u0105ce podparcie ud, a tak\u017ce zbyt du\u017cej g\u0142\u0119boko\u015bci (powy\u017cej 50 cm), wymuszaj\u0105cej garbienie si\u0119 przy pr\u00f3bie oparcia plec\u00f3w. Innym b\u0142\u0119dem jest zastosowanie pionowego oparcia (k\u0105t 90 stopni), zamiast lekko odchylonego do ty\u0142u, co wymusza nienaturaln\u0105, m\u0119cz\u0105c\u0105 postaw\u0119.<\/p>\n\n\n\n<p>Cz\u0119sto pope\u0142nianym b\u0142\u0119dem jest r\u00f3wnie\u017c niedoszacowanie przestrzeni wok\u00f3\u0142 \u0142awki. Brak co najmniej 60-90 cm wolnego miejsca z przodu i po bokach ogranicza swobod\u0119 ruchu i mo\u017ce optycznie przyt\u0142oczy\u0107 ogr\u00f3d. Wreszcie, b\u0142\u0119dem jest pomini\u0119cie proporcji wzgl\u0119dem liczby u\u017cytkownik\u00f3w \u2013 zak\u0142adaj\u0105c mniej ni\u017c 50-60 cm szeroko\u015bci na jedn\u0105 doros\u0142\u0105 osob\u0119, drastycznie obni\u017camy komfort siedzenia.<\/p>\n\n\n\n<figure class=\"wp-block-table\"><table class=\"has-white-background-color has-background has-fixed-layout\"><tbody><tr><th><strong>Typ \u0142awki<\/strong><\/th><th><strong>D\u0142ugo\u015b\u0107 (cm)<\/strong><\/th><th><strong>Wysoko\u015b\u0107 siedziska (cm)<\/strong><\/th><th><strong>G\u0142\u0119boko\u015b\u0107 (cm)<\/strong><\/th><th><strong>Liczba os\u00f3b<\/strong><\/th><\/tr><tr><td><strong>Standardowa parkowa<\/strong><\/td><td>150\u2013180<\/td><td>40\u201345<\/td><td>40\u201345<\/td><td>3\u20134<\/td><\/tr><tr><td><strong>Ma\u0142a balkonowa<\/strong><\/td><td>120\u2013150<\/td><td>40\u201345<\/td><td>35\u201340<\/td><td>2\u20133<\/td><\/tr><tr><td><strong>Du\u017ca tarasowa<\/strong><\/td><td>170\u2013200<\/td><td>40\u201345<\/td><td>40\u201345<\/td><td>3\u20134<\/td><\/tr><tr><td><strong>Dzieci\u0119ca<\/strong><\/td><td>80\u2013120<\/td><td>28\u201335<\/td><td>25\u201330<\/td><td>2\u20133<\/td><\/tr><tr><td><strong>Bez oparcia (taboretowa)<\/strong><\/td><td>120\u2013180<\/td><td>40\u201345<\/td><td>35\u201340<\/td><td>2\u20134<\/td><\/tr><\/tbody><\/table><\/figure>\n\n\n\n<p><strong>FAQ<\/strong><\/p>\n\n\n\n<div class=\"schema-faq wp-block-yoast-faq-block\">\n<div class=\"schema-faq-section\" id=\"faq-question-1759010607995\">\n<h3 class=\"schema-faq-question\">Czy \u0142awka dla dzieci powinna mie\u0107 inne proporcje?<\/h3>\n<p class=\"schema-faq-answer\">Tak, siedzisko powinno by\u0107 ni\u017csze (28\u201335 cm) i p\u0142ytsze (25\u201330 cm), aby zapewni\u0107 bezpiecze\u0144stwo i wygod\u0119.<\/p>\n<\/div>\n<div class=\"schema-faq-section\" id=\"faq-question-1759010618922\">\n<h3 class=\"schema-faq-question\">Ile miejsca trzeba zostawi\u0107 wok\u00f3\u0142 \u0142awki?<\/h3>\n<p class=\"schema-faq-answer\">Minimum 60\u201390 cm wolnej przestrzeni z przodu i po bokach dla komfortu u\u017cytkowania.<\/p>\n<\/div>\n<\/div>\n","protected":false},"excerpt":{"rendered":"<p>Dobra \u0142awka powinna by\u0107 na tyle komfortowa, aby w chwili relaksu mo\u017cna by\u0142o zapomnie\u0107 o jej istnieniu. Odpowiednio dobrana jest stylowa, ale nie odwraca uwagi od urok\u00f3w otoczenia. Od czego zale\u017cy wygoda i funkcjonalno\u015b\u0107 popularnych \u0142awek parkowych? Na komfort u\u017cytkowania mebla wp\u0142ywa kilka czynnik\u00f3w. Jednym z wa\u017cniejszych s\u0105 gabaryty, dlatego w tym artykule zastanowimy si\u0119, [&hellip;]<\/p>\n","protected":false},"author":1,"featured_media":3664,"comment_status":"open","ping_status":"closed","sticky":false,"template":"","format":"standard","meta":{"_acf_changed":false,"ngg_post_thumbnail":0,"footnotes":""},"categories":[9,5],"tags":[],"class_list":{"0":"post-3661","1":"post","2":"type-post","3":"status-publish","4":"format-standard","5":"has-post-thumbnail","7":"category-nasze-produkty","8":"category-trendy"},"acf":[],"yoast_head":"<!-- This site is optimized with the Yoast SEO plugin v27.4 - https:\/\/yoast.com\/product\/yoast-seo-wordpress\/ -->\n<title>Wymiary \u0142awki ogrodowej - jakie s\u0105 optymalne wymiary? - Porady Meblobranie.pl<\/title>\n<meta name=\"description\" content=\"Najbardziej typowe wymiary \u0142awki parkowej to 180 lub 150cm d\u0142ugo\u015bci. W zale\u017cno\u015bci od projektu i bud\u017cetu mo\u017cna rozwa\u017cy\u0107 inne rozwi\u0105zania. Zobacz dost\u0119pne!\" \/>\n<meta name=\"robots\" content=\"index, follow, max-snippet:-1, max-image-preview:large, max-video-preview:-1\" \/>\n<link rel=\"canonical\" href=\"https:\/\/www.meblobranie.pl\/porady\/najpopularniejsze-wymiary-lawki-parkowej\/\" \/>\n<meta name=\"twitter:label1\" content=\"Napisane przez\" \/>\n\t<meta name=\"twitter:data1\" content=\"Pawe\u0142 z Meblobranie.pl\" \/>\n\t<meta name=\"twitter:label2\" content=\"Szacowany czas czytania\" \/>\n\t<meta name=\"twitter:data2\" content=\"8 minut\" \/>\n<script type=\"application\/ld+json\" class=\"yoast-schema-graph\">{\"@context\":\"https:\\\/\\\/schema.org\",\"@graph\":[{\"@type\":\"Article\",\"@id\":\"https:\\\/\\\/www.meblobranie.pl\\\/porady\\\/najpopularniejsze-wymiary-lawki-parkowej\\\/#article\",\"isPartOf\":{\"@id\":\"https:\\\/\\\/www.meblobranie.pl\\\/porady\\\/najpopularniejsze-wymiary-lawki-parkowej\\\/\"},\"author\":{\"name\":\"Pawe\u0142 z Meblobranie.pl\",\"@id\":\"https:\\\/\\\/www.meblobranie.pl\\\/porady\\\/#\\\/schema\\\/person\\\/30f0bdc6e42279d2d995b193d3ef5e7f\"},\"headline\":\"Wymiary \u0142awki ogrodowej &#8211; jakie s\u0105 optymalne wymiary?\",\"datePublished\":\"2025-09-27T22:10:55+00:00\",\"dateModified\":\"2026-03-28T18:30:51+00:00\",\"mainEntityOfPage\":{\"@id\":\"https:\\\/\\\/www.meblobranie.pl\\\/porady\\\/najpopularniejsze-wymiary-lawki-parkowej\\\/\"},\"wordCount\":1376,\"commentCount\":0,\"image\":{\"@id\":\"https:\\\/\\\/www.meblobranie.pl\\\/porady\\\/najpopularniejsze-wymiary-lawki-parkowej\\\/#primaryimage\"},\"thumbnailUrl\":\"https:\\\/\\\/www.meblobranie.pl\\\/porady\\\/wp-content\\\/uploads\\\/2015\\\/09\\\/lawka-parkowa-wymiar-180cm.jpeg\",\"articleSection\":[\"Nasze produkty\",\"Trendy\"],\"inLanguage\":\"pl-PL\",\"potentialAction\":[{\"@type\":\"CommentAction\",\"name\":\"Comment\",\"target\":[\"https:\\\/\\\/www.meblobranie.pl\\\/porady\\\/najpopularniejsze-wymiary-lawki-parkowej\\\/#respond\"]}]},{\"@type\":[\"WebPage\",\"FAQPage\"],\"@id\":\"https:\\\/\\\/www.meblobranie.pl\\\/porady\\\/najpopularniejsze-wymiary-lawki-parkowej\\\/\",\"url\":\"https:\\\/\\\/www.meblobranie.pl\\\/porady\\\/najpopularniejsze-wymiary-lawki-parkowej\\\/\",\"name\":\"Wymiary \u0142awki ogrodowej - jakie s\u0105 optymalne wymiary? - Porady Meblobranie.pl\",\"isPartOf\":{\"@id\":\"https:\\\/\\\/www.meblobranie.pl\\\/porady\\\/#website\"},\"primaryImageOfPage\":{\"@id\":\"https:\\\/\\\/www.meblobranie.pl\\\/porady\\\/najpopularniejsze-wymiary-lawki-parkowej\\\/#primaryimage\"},\"image\":{\"@id\":\"https:\\\/\\\/www.meblobranie.pl\\\/porady\\\/najpopularniejsze-wymiary-lawki-parkowej\\\/#primaryimage\"},\"thumbnailUrl\":\"https:\\\/\\\/www.meblobranie.pl\\\/porady\\\/wp-content\\\/uploads\\\/2015\\\/09\\\/lawka-parkowa-wymiar-180cm.jpeg\",\"datePublished\":\"2025-09-27T22:10:55+00:00\",\"dateModified\":\"2026-03-28T18:30:51+00:00\",\"author\":{\"@id\":\"https:\\\/\\\/www.meblobranie.pl\\\/porady\\\/#\\\/schema\\\/person\\\/30f0bdc6e42279d2d995b193d3ef5e7f\"},\"description\":\"Najbardziej typowe wymiary \u0142awki parkowej to 180 lub 150cm d\u0142ugo\u015bci. W zale\u017cno\u015bci od projektu i bud\u017cetu mo\u017cna rozwa\u017cy\u0107 inne rozwi\u0105zania. Zobacz dost\u0119pne!\",\"breadcrumb\":{\"@id\":\"https:\\\/\\\/www.meblobranie.pl\\\/porady\\\/najpopularniejsze-wymiary-lawki-parkowej\\\/#breadcrumb\"},\"mainEntity\":[{\"@id\":\"https:\\\/\\\/www.meblobranie.pl\\\/porady\\\/najpopularniejsze-wymiary-lawki-parkowej\\\/#faq-question-1759010607995\"},{\"@id\":\"https:\\\/\\\/www.meblobranie.pl\\\/porady\\\/najpopularniejsze-wymiary-lawki-parkowej\\\/#faq-question-1759010618922\"}],\"inLanguage\":\"pl-PL\",\"potentialAction\":[{\"@type\":\"ReadAction\",\"target\":[\"https:\\\/\\\/www.meblobranie.pl\\\/porady\\\/najpopularniejsze-wymiary-lawki-parkowej\\\/\"]}]},{\"@type\":\"ImageObject\",\"inLanguage\":\"pl-PL\",\"@id\":\"https:\\\/\\\/www.meblobranie.pl\\\/porady\\\/najpopularniejsze-wymiary-lawki-parkowej\\\/#primaryimage\",\"url\":\"https:\\\/\\\/www.meblobranie.pl\\\/porady\\\/wp-content\\\/uploads\\\/2015\\\/09\\\/lawka-parkowa-wymiar-180cm.jpeg\",\"contentUrl\":\"https:\\\/\\\/www.meblobranie.pl\\\/porady\\\/wp-content\\\/uploads\\\/2015\\\/09\\\/lawka-parkowa-wymiar-180cm.jpeg\",\"width\":560,\"height\":403,\"caption\":\"Typowy wymiar \u0142awek parkowych to 180cm d\u0142ugo\u015bci.\"},{\"@type\":\"BreadcrumbList\",\"@id\":\"https:\\\/\\\/www.meblobranie.pl\\\/porady\\\/najpopularniejsze-wymiary-lawki-parkowej\\\/#breadcrumb\",\"itemListElement\":[{\"@type\":\"ListItem\",\"position\":1,\"name\":\"Home\",\"item\":\"https:\\\/\\\/www.meblobranie.pl\\\/porady\\\/\"},{\"@type\":\"ListItem\",\"position\":2,\"name\":\"Wymiary \u0142awki ogrodowej &#8211; jakie s\u0105 optymalne wymiary?\"}]},{\"@type\":\"WebSite\",\"@id\":\"https:\\\/\\\/www.meblobranie.pl\\\/porady\\\/#website\",\"url\":\"https:\\\/\\\/www.meblobranie.pl\\\/porady\\\/\",\"name\":\"Porady Meblobranie.pl\",\"description\":\"Blog o tarasach i ogrodach\",\"potentialAction\":[{\"@type\":\"SearchAction\",\"target\":{\"@type\":\"EntryPoint\",\"urlTemplate\":\"https:\\\/\\\/www.meblobranie.pl\\\/porady\\\/?s={search_term_string}\"},\"query-input\":{\"@type\":\"PropertyValueSpecification\",\"valueRequired\":true,\"valueName\":\"search_term_string\"}}],\"inLanguage\":\"pl-PL\"},{\"@type\":\"Person\",\"@id\":\"https:\\\/\\\/www.meblobranie.pl\\\/porady\\\/#\\\/schema\\\/person\\\/30f0bdc6e42279d2d995b193d3ef5e7f\",\"name\":\"Pawe\u0142 z Meblobranie.pl\",\"image\":{\"@type\":\"ImageObject\",\"inLanguage\":\"pl-PL\",\"@id\":\"https:\\\/\\\/secure.gravatar.com\\\/avatar\\\/74bc6f6ed52999ed3d130100b06abc9647796afa15ef8f56b936b749fc5f2c5c?s=96&d=mm&r=g\",\"url\":\"https:\\\/\\\/secure.gravatar.com\\\/avatar\\\/74bc6f6ed52999ed3d130100b06abc9647796afa15ef8f56b936b749fc5f2c5c?s=96&d=mm&r=g\",\"contentUrl\":\"https:\\\/\\\/secure.gravatar.com\\\/avatar\\\/74bc6f6ed52999ed3d130100b06abc9647796afa15ef8f56b936b749fc5f2c5c?s=96&d=mm&r=g\",\"caption\":\"Pawe\u0142 z Meblobranie.pl\"}},{\"@type\":\"Question\",\"@id\":\"https:\\\/\\\/www.meblobranie.pl\\\/porady\\\/najpopularniejsze-wymiary-lawki-parkowej\\\/#faq-question-1759010607995\",\"position\":1,\"url\":\"https:\\\/\\\/www.meblobranie.pl\\\/porady\\\/najpopularniejsze-wymiary-lawki-parkowej\\\/#faq-question-1759010607995\",\"name\":\"Czy \u0142awka dla dzieci powinna mie\u0107 inne proporcje?\",\"answerCount\":1,\"acceptedAnswer\":{\"@type\":\"Answer\",\"text\":\"Tak, siedzisko powinno by\u0107 ni\u017csze (28\u201335 cm) i p\u0142ytsze (25\u201330 cm), aby zapewni\u0107 bezpiecze\u0144stwo i wygod\u0119.\",\"inLanguage\":\"pl-PL\"},\"inLanguage\":\"pl-PL\"},{\"@type\":\"Question\",\"@id\":\"https:\\\/\\\/www.meblobranie.pl\\\/porady\\\/najpopularniejsze-wymiary-lawki-parkowej\\\/#faq-question-1759010618922\",\"position\":2,\"url\":\"https:\\\/\\\/www.meblobranie.pl\\\/porady\\\/najpopularniejsze-wymiary-lawki-parkowej\\\/#faq-question-1759010618922\",\"name\":\"Ile miejsca trzeba zostawi\u0107 wok\u00f3\u0142 \u0142awki?\",\"answerCount\":1,\"acceptedAnswer\":{\"@type\":\"Answer\",\"text\":\"Minimum 60\u201390 cm wolnej przestrzeni z przodu i po bokach dla komfortu u\u017cytkowania.\",\"inLanguage\":\"pl-PL\"},\"inLanguage\":\"pl-PL\"}]}<\/script>\n<!-- \/ Yoast SEO plugin. -->","yoast_head_json":{"title":"Wymiary \u0142awki ogrodowej - jakie s\u0105 optymalne wymiary? - Porady Meblobranie.pl","description":"Najbardziej typowe wymiary \u0142awki parkowej to 180 lub 150cm d\u0142ugo\u015bci. W zale\u017cno\u015bci od projektu i bud\u017cetu mo\u017cna rozwa\u017cy\u0107 inne rozwi\u0105zania. Zobacz dost\u0119pne!","robots":{"index":"index","follow":"follow","max-snippet":"max-snippet:-1","max-image-preview":"max-image-preview:large","max-video-preview":"max-video-preview:-1"},"canonical":"https:\/\/www.meblobranie.pl\/porady\/najpopularniejsze-wymiary-lawki-parkowej\/","twitter_misc":{"Napisane przez":"Pawe\u0142 z Meblobranie.pl","Szacowany czas czytania":"8 minut"},"schema":{"@context":"https:\/\/schema.org","@graph":[{"@type":"Article","@id":"https:\/\/www.meblobranie.pl\/porady\/najpopularniejsze-wymiary-lawki-parkowej\/#article","isPartOf":{"@id":"https:\/\/www.meblobranie.pl\/porady\/najpopularniejsze-wymiary-lawki-parkowej\/"},"author":{"name":"Pawe\u0142 z Meblobranie.pl","@id":"https:\/\/www.meblobranie.pl\/porady\/#\/schema\/person\/30f0bdc6e42279d2d995b193d3ef5e7f"},"headline":"Wymiary \u0142awki ogrodowej &#8211; jakie s\u0105 optymalne wymiary?","datePublished":"2025-09-27T22:10:55+00:00","dateModified":"2026-03-28T18:30:51+00:00","mainEntityOfPage":{"@id":"https:\/\/www.meblobranie.pl\/porady\/najpopularniejsze-wymiary-lawki-parkowej\/"},"wordCount":1376,"commentCount":0,"image":{"@id":"https:\/\/www.meblobranie.pl\/porady\/najpopularniejsze-wymiary-lawki-parkowej\/#primaryimage"},"thumbnailUrl":"https:\/\/www.meblobranie.pl\/porady\/wp-content\/uploads\/2015\/09\/lawka-parkowa-wymiar-180cm.jpeg","articleSection":["Nasze produkty","Trendy"],"inLanguage":"pl-PL","potentialAction":[{"@type":"CommentAction","name":"Comment","target":["https:\/\/www.meblobranie.pl\/porady\/najpopularniejsze-wymiary-lawki-parkowej\/#respond"]}]},{"@type":["WebPage","FAQPage"],"@id":"https:\/\/www.meblobranie.pl\/porady\/najpopularniejsze-wymiary-lawki-parkowej\/","url":"https:\/\/www.meblobranie.pl\/porady\/najpopularniejsze-wymiary-lawki-parkowej\/","name":"Wymiary \u0142awki ogrodowej - jakie s\u0105 optymalne wymiary? - Porady Meblobranie.pl","isPartOf":{"@id":"https:\/\/www.meblobranie.pl\/porady\/#website"},"primaryImageOfPage":{"@id":"https:\/\/www.meblobranie.pl\/porady\/najpopularniejsze-wymiary-lawki-parkowej\/#primaryimage"},"image":{"@id":"https:\/\/www.meblobranie.pl\/porady\/najpopularniejsze-wymiary-lawki-parkowej\/#primaryimage"},"thumbnailUrl":"https:\/\/www.meblobranie.pl\/porady\/wp-content\/uploads\/2015\/09\/lawka-parkowa-wymiar-180cm.jpeg","datePublished":"2025-09-27T22:10:55+00:00","dateModified":"2026-03-28T18:30:51+00:00","author":{"@id":"https:\/\/www.meblobranie.pl\/porady\/#\/schema\/person\/30f0bdc6e42279d2d995b193d3ef5e7f"},"description":"Najbardziej typowe wymiary \u0142awki parkowej to 180 lub 150cm d\u0142ugo\u015bci. W zale\u017cno\u015bci od projektu i bud\u017cetu mo\u017cna rozwa\u017cy\u0107 inne rozwi\u0105zania. Zobacz dost\u0119pne!","breadcrumb":{"@id":"https:\/\/www.meblobranie.pl\/porady\/najpopularniejsze-wymiary-lawki-parkowej\/#breadcrumb"},"mainEntity":[{"@id":"https:\/\/www.meblobranie.pl\/porady\/najpopularniejsze-wymiary-lawki-parkowej\/#faq-question-1759010607995"},{"@id":"https:\/\/www.meblobranie.pl\/porady\/najpopularniejsze-wymiary-lawki-parkowej\/#faq-question-1759010618922"}],"inLanguage":"pl-PL","potentialAction":[{"@type":"ReadAction","target":["https:\/\/www.meblobranie.pl\/porady\/najpopularniejsze-wymiary-lawki-parkowej\/"]}]},{"@type":"ImageObject","inLanguage":"pl-PL","@id":"https:\/\/www.meblobranie.pl\/porady\/najpopularniejsze-wymiary-lawki-parkowej\/#primaryimage","url":"https:\/\/www.meblobranie.pl\/porady\/wp-content\/uploads\/2015\/09\/lawka-parkowa-wymiar-180cm.jpeg","contentUrl":"https:\/\/www.meblobranie.pl\/porady\/wp-content\/uploads\/2015\/09\/lawka-parkowa-wymiar-180cm.jpeg","width":560,"height":403,"caption":"Typowy wymiar \u0142awek parkowych to 180cm d\u0142ugo\u015bci."},{"@type":"BreadcrumbList","@id":"https:\/\/www.meblobranie.pl\/porady\/najpopularniejsze-wymiary-lawki-parkowej\/#breadcrumb","itemListElement":[{"@type":"ListItem","position":1,"name":"Home","item":"https:\/\/www.meblobranie.pl\/porady\/"},{"@type":"ListItem","position":2,"name":"Wymiary \u0142awki ogrodowej &#8211; jakie s\u0105 optymalne wymiary?"}]},{"@type":"WebSite","@id":"https:\/\/www.meblobranie.pl\/porady\/#website","url":"https:\/\/www.meblobranie.pl\/porady\/","name":"Porady Meblobranie.pl","description":"Blog o tarasach i ogrodach","potentialAction":[{"@type":"SearchAction","target":{"@type":"EntryPoint","urlTemplate":"https:\/\/www.meblobranie.pl\/porady\/?s={search_term_string}"},"query-input":{"@type":"PropertyValueSpecification","valueRequired":true,"valueName":"search_term_string"}}],"inLanguage":"pl-PL"},{"@type":"Person","@id":"https:\/\/www.meblobranie.pl\/porady\/#\/schema\/person\/30f0bdc6e42279d2d995b193d3ef5e7f","name":"Pawe\u0142 z Meblobranie.pl","image":{"@type":"ImageObject","inLanguage":"pl-PL","@id":"https:\/\/secure.gravatar.com\/avatar\/74bc6f6ed52999ed3d130100b06abc9647796afa15ef8f56b936b749fc5f2c5c?s=96&d=mm&r=g","url":"https:\/\/secure.gravatar.com\/avatar\/74bc6f6ed52999ed3d130100b06abc9647796afa15ef8f56b936b749fc5f2c5c?s=96&d=mm&r=g","contentUrl":"https:\/\/secure.gravatar.com\/avatar\/74bc6f6ed52999ed3d130100b06abc9647796afa15ef8f56b936b749fc5f2c5c?s=96&d=mm&r=g","caption":"Pawe\u0142 z Meblobranie.pl"}},{"@type":"Question","@id":"https:\/\/www.meblobranie.pl\/porady\/najpopularniejsze-wymiary-lawki-parkowej\/#faq-question-1759010607995","position":1,"url":"https:\/\/www.meblobranie.pl\/porady\/najpopularniejsze-wymiary-lawki-parkowej\/#faq-question-1759010607995","name":"Czy \u0142awka dla dzieci powinna mie\u0107 inne proporcje?","answerCount":1,"acceptedAnswer":{"@type":"Answer","text":"Tak, siedzisko powinno by\u0107 ni\u017csze (28\u201335 cm) i p\u0142ytsze (25\u201330 cm), aby zapewni\u0107 bezpiecze\u0144stwo i wygod\u0119.","inLanguage":"pl-PL"},"inLanguage":"pl-PL"},{"@type":"Question","@id":"https:\/\/www.meblobranie.pl\/porady\/najpopularniejsze-wymiary-lawki-parkowej\/#faq-question-1759010618922","position":2,"url":"https:\/\/www.meblobranie.pl\/porady\/najpopularniejsze-wymiary-lawki-parkowej\/#faq-question-1759010618922","name":"Ile miejsca trzeba zostawi\u0107 wok\u00f3\u0142 \u0142awki?","answerCount":1,"acceptedAnswer":{"@type":"Answer","text":"Minimum 60\u201390 cm wolnej przestrzeni z przodu i po bokach dla komfortu u\u017cytkowania.","inLanguage":"pl-PL"},"inLanguage":"pl-PL"}]}},"_links":{"self":[{"href":"https:\/\/www.meblobranie.pl\/porady\/wp-json\/wp\/v2\/posts\/3661","targetHints":{"allow":["GET"]}}],"collection":[{"href":"https:\/\/www.meblobranie.pl\/porady\/wp-json\/wp\/v2\/posts"}],"about":[{"href":"https:\/\/www.meblobranie.pl\/porady\/wp-json\/wp\/v2\/types\/post"}],"author":[{"embeddable":true,"href":"https:\/\/www.meblobranie.pl\/porady\/wp-json\/wp\/v2\/users\/1"}],"replies":[{"embeddable":true,"href":"https:\/\/www.meblobranie.pl\/porady\/wp-json\/wp\/v2\/comments?post=3661"}],"version-history":[{"count":3,"href":"https:\/\/www.meblobranie.pl\/porady\/wp-json\/wp\/v2\/posts\/3661\/revisions"}],"predecessor-version":[{"id":46951,"href":"https:\/\/www.meblobranie.pl\/porady\/wp-json\/wp\/v2\/posts\/3661\/revisions\/46951"}],"wp:featuredmedia":[{"embeddable":true,"href":"https:\/\/www.meblobranie.pl\/porady\/wp-json\/wp\/v2\/media\/3664"}],"wp:attachment":[{"href":"https:\/\/www.meblobranie.pl\/porady\/wp-json\/wp\/v2\/media?parent=3661"}],"wp:term":[{"taxonomy":"category","embeddable":true,"href":"https:\/\/www.meblobranie.pl\/porady\/wp-json\/wp\/v2\/categories?post=3661"},{"taxonomy":"post_tag","embeddable":true,"href":"https:\/\/www.meblobranie.pl\/porady\/wp-json\/wp\/v2\/tags?post=3661"}],"curies":[{"name":"wp","href":"https:\/\/api.w.org\/{rel}","templated":true}]}}