{"id":36623,"date":"2022-04-20T14:42:11","date_gmt":"2022-04-20T12:42:11","guid":{"rendered":"https:\/\/www.meblobranie.pl\/porady\/?p=36623"},"modified":"2022-05-12T15:15:32","modified_gmt":"2022-05-12T13:15:32","slug":"jak-zamontowac-zaslony-w-altanie","status":"publish","type":"post","link":"https:\/\/www.meblobranie.pl\/porady\/jak-zamontowac-zaslony-w-altanie\/","title":{"rendered":"Jak zamontowa\u0107 zas\u0142ony na tarasie i w altanie?"},"content":{"rendered":"<p><a href=\"https:\/\/www.meblobranie.pl\/altany-ogrodowe-dzialkowe\">Altana<\/a> to wymarzone miejsce do wypoczynku na \u015bwie\u017cym powietrzu. Mo\u017cesz zaaran\u017cowa\u0107 przestrze\u0144 rekreacyjn\u0105 na tarasie czy balkonie, pami\u0119taj\u0105c o tym, aby odpowiednio j\u0105 wyposa\u017cy\u0107. Potrzebne b\u0119d\u0105 nie tylko wygodne meble czy ro\u015bliny, ale te\u017c przes\u0142ony, kt\u00f3re pozwol\u0105 korzysta\u0107 z tarasu bez wzgl\u0119du na zmienne warunki atmosferyczne. Du\u017c\u0105 popularno\u015bci\u0105 ciesz\u0105 si\u0119 tutaj lekkie zas\u0142ony, kt\u00f3re z jednej strony zdobi\u0105, a z drugiej chroni\u0105 &#8211; przed wiatrem, s\u0142o\u0144cem i&#8230; spojrzeniami s\u0105siad\u00f3w.<\/p>\n\n<p><img loading=\"lazy\" decoding=\"async\" class=\"size-full wp-image-36624 aligncenter\" src=\"https:\/\/www.meblobranie.pl\/porady\/wp-content\/uploads\/2022\/04\/jak-zamontowac-zaslony-w-altanie-.jpg\" alt=\"Jak zamontowa\u0107 zas\u0142ony w altanie \" width=\"830\" height=\"559\" srcset=\"https:\/\/www.meblobranie.pl\/porady\/wp-content\/uploads\/2022\/04\/jak-zamontowac-zaslony-w-altanie-.jpg 830w, https:\/\/www.meblobranie.pl\/porady\/wp-content\/uploads\/2022\/04\/jak-zamontowac-zaslony-w-altanie--300x202.jpg 300w, https:\/\/www.meblobranie.pl\/porady\/wp-content\/uploads\/2022\/04\/jak-zamontowac-zaslony-w-altanie--768x517.jpg 768w\" sizes=\"auto, (max-width: 830px) 100vw, 830px\" \/><!--more--><\/p>\n<h2>Dlaczego zas\u0142ony na taras?<\/h2>\n<p>Korzystanie z tarasu jest mo\u017cliwe w r\u00f3\u017cnych warunkach pogodowych. Zadaszenie daje przyjemny ch\u0142\u00f3d w upalne dni i chroni przed m\u017cawk\u0105. Jednak to nie wszystko &#8211; aby zwi\u0119kszy\u0107 funkcjonalno\u015b\u0107 altany ogrodowej warto zastosowa\u0107 tak\u017ce os\u0142ony boczne. Mog\u0105 to by\u0107 pergole poro\u015bni\u0119te ro\u015blinami, \u015bcianki z drewna, ruchome \u017caluzje, profile ze szklanymi szybkami, poliw\u0119glanowe p\u0142yty. Jednak s\u0105 to elementy sta\u0142e.<\/p>\n<p>Je\u017celi nie chcesz wykonywa\u0107 czasoch\u0142onnych prac ani zbyt mocno zabudowywa\u0107 swojej altany ogrodowej, mo\u017cesz w ich miejsce<strong> zamontowa\u0107 zas\u0142ony.<\/strong><\/p>\n<p>Dlaczego warto powiesi\u0107 zas\u0142ony w altanie, na tarasie lub balkonie? Poniewa\u017c:<\/p>\n<ul>\n<li>dodaj\u0105 przytulno\u015bci,<\/li>\n<li>sprawiaj\u0105 wra\u017cenie lekko\u015bci,<\/li>\n<li>s\u0105 \u0142atwe w utrzymaniu czysto\u015bci &#8211; wystarczy je zdj\u0105\u0107 i wypra\u0107,<\/li>\n<li>chroni\u0105 przed owadami, s\u0142o\u0144cem i wiatrem,<\/li>\n<li>buduj\u0105 prywatno\u015b\u0107 &#8211; chroni\u0105 przed spojrzeniami s\u0105siad\u00f3w,<\/li>\n<li>s\u0105 ta\u0144sze od sta\u0142ej zabudowy &#8211; \u015bcianek, a nawet rolet i \u017caluzji.<\/li>\n<\/ul>\n<p>Zas\u0142ony pozwalaj\u0105 na stworzenie ciekawych aran\u017cacji w wielu wariantach. To praktyczny element efektownej ozdoby, kt\u00f3ry mo\u017cesz zmienia\u0107 nawet co sezon!<\/p>\n<p>[[kategoria:34:6]]<\/p>\n<h2>Jakie zas\u0142ony balkonowe wybra\u0107?<\/h2>\n<p>Zas\u0142ony na taras wyst\u0119puj\u0105 w tak wielu wariantach, \u017ce nie zawsze \u0142atwo jest zdecydowa\u0107 si\u0119 na konkretny produkt. Zdecydowanie nie powinny by\u0107 one takie, jak zas\u0142ony wewn\u0119trzne &#8211; w altanie ogrodowej mog\u0142yby one nie spe\u0142ni\u0107 swojej funkcji i szybko ulec uszkodzeniom. Oto najwa\u017cniejsze aspekty, na kt\u00f3re nale\u017cy zwr\u00f3ci\u0107 uwag\u0119, kupuj\u0105c zas\u0142ony zewn\u0119trzne.<\/p>\n<h3>Odporno\u015b\u0107 mechaniczna<\/h3>\n<p>Wa\u017cne jest to, jakie zas\u0142ony wybierzesz na sw\u00f3j taras. Te, przeznaczone do u\u017cytku zewn\u0119trznego powinny charakteryzowa\u0107 si\u0119 <strong>du\u017c\u0105 odporno\u015bci\u0105 na dzia\u0142anie czynnik\u00f3w pogodowych oraz uszkodzenia mechaniczne.<\/strong> Istotne jest tworzywo plamoodporne, bo jego powierzchnia nie ch\u0142onie zabrudze\u0144 tak mocno, jak inne tkaniny. \u0141atwo mo\u017cna usun\u0105\u0107 je podczas prania w pralce.<\/p>\n<h3><strong>Grubo\u015b\u0107 i rodzaj tkaniny<\/strong><\/h3>\n<p>A co z grubo\u015bci\u0105 zas\u0142on? Gdy wybierasz lekkie zas\u0142ony to b\u0119d\u0105 one <strong>g\u0142\u00f3wnie dekoracj\u0105, ewentualnie zabezpieczeniem przed owadami<\/strong>. Z kolei ci\u0119\u017ckie zas\u0142ony z tkaniny blockout zablokuj\u0105 dop\u0142yw s\u0142o\u0144ca i realnie wp\u0142yn\u0105 na obni\u017cenie temperatury na tarasie.<\/p>\n<h3><strong>Kolor zas\u0142ony<\/strong><\/h3>\n<p>Bardziej ni\u017c kolorowe zas\u0142ony na tarasie sprawdzaj\u0105 si\u0119 os\u0142ony tekstylne uszyte z jasnych tkanin. Do wyboru s\u0105 <strong>bia\u0142e zas\u0142ony lub story w jasnych odcieniach be\u017cu czy pastelowego r\u00f3\u017cu.<\/strong> S\u0105 one eleganckie, idealnie pasuj\u0105 do ogrod\u00f3w romantycznych i nowoczesnych. Alternatyw\u0105 dla nich s\u0105 <strong>zas\u0142ony ciemne<\/strong>, kt\u00f3re podkre\u015blaj\u0105 charakter nieruchomo\u015bci, pasuj\u0105 do stolarki okiennej i ogrodzenia w kolorze antracytowym.<\/p>\n<h3><strong>Spos\u00f3b monta\u017cu<\/strong><\/h3>\n<p>Podobnie, jak w przypadku zas\u0142on wewn\u0119trznych, r\u00f3wnie\u017c te przeznaczone na taras maj\u0105 kilka opcji monta\u017cu. Popularne jest wieszanie na tradycyjnym karniszu, ale te\u017c na szynach. Karnisze maj\u0105ce srebrne przelotki lub \u017cabki, a tak\u017ce wszyty materia\u0142owy tunel s\u0105 wygodne w upinaniu. Na koniec mo\u017cna przewi\u0105za\u0107 tkanin\u0119 szarf\u0105 i przymocowa\u0107 j\u0105 do pionowych element\u00f3w konstrukcji.<\/p>\n<p><img decoding=\"async\" class=\"size-full wp-image-35740 aligncenter\" src=\"https:\/\/www.meblobranie.pl\/porady\/wp-content\/uploads\/2022\/02\/<a href=\"\/altany-ogrodowe-dzialkowe\">altana<\/a>-do-oslony-tarasu.jpeg&#8221; alt=&#8221;Altana z zas\u0142onami &#8221; width=&#8221;830&#8243; height=&#8221;639&#8243; \/><\/p>\n<h2>Jak zawiesi\u0107 zas\u0142ony?<\/h2>\n<p>Gdy wybierzesz ju\u017c odpowiednie zas\u0142ony, przychodzi czas na ich zamocowanie. Zastanawiasz si\u0119, jak zamontowa\u0107 zas\u0142ony w altanie, aby by\u0142y stabilne i nie odrywa\u0142y si\u0119 pod wp\u0142ywem mocniejszego wiatru? Jest na to kilka sposob\u00f3w, a wszystko zale\u017cy do stylu wyko\u0144czenia zas\u0142on (szelki zapinane, tunele, \u017cabki) i uk\u0142adu altany ogrodowej wzgl\u0119dem domu. Czasem jest opcja zamontowania specjalnej prowadnicy do fasady budynku. Innym razem lepsze oka\u017ce si\u0119 podwieszenie karnisza z zas\u0142onami u sufitu.<\/p>\n<h3><strong>Zas\u0142ony na karniszu<\/strong><\/h3>\n<p>Karnisz mocuje si\u0119 do dw\u00f3ch pionowych element\u00f3w, wi\u0119c konstrukcja tarasu czy altany musi umo\u017cliwia\u0107 takie po\u0142\u0105czenie. Je\u015bli nie masz takiej mo\u017cliwo\u015bci lub nie chcesz ingerowa\u0107 w fasad\u0119 budynku, znajd\u017a karnisz podsufitowy. Inn\u0105 opcj\u0105 jest karnisz z mechanizmem rozporowym, czyli mocowany bez u\u017cycia narz\u0119dzi.<\/p>\n<p>[[kategoria:1848:6]]<\/p>\n<h3><strong>Zas\u0142ony w szynie<\/strong><\/h3>\n<p>Kotary na taras mo\u017cna te\u017c umie\u015bci\u0107 w szynie. Prowadnice najcz\u0119\u015bciej wykonane s\u0105 z aluminium lub PCV, czyli materia\u0142\u00f3w odpornych na dzia\u0142anie s\u0142o\u0144ca czy wilgoci. Z uwagi na ekspozycj\u0119 zewn\u0119trzn\u0105 zrezygnuj raczej z karniszy elektrycznych. Umieszczenie zas\u0142on w szynie jest proste i pozwala na precyzyjne upi\u0119cie tkaniny.<\/p>\n<h3><strong>Zas\u0142ony bezpo\u015brednio na konstrukcji<\/strong><\/h3>\n<p>Je\u017celi Twoja altana jest zbudowana z pergoli lub kratek i ma dach, a pod nim wzmacniaj\u0105c\u0105 belk\u0119, to mo\u017cesz zamocowa\u0107 zas\u0142ony bezpo\u015brednio do niej. B\u0119d\u0105 one mniej mobilne (trudniejsze w przesuwaniu) ni\u017c zas\u0142ony na szynie lub karniszu, ale ich monta\u017c b\u0119dzie najta\u0144szy i najszybszy.<\/p>\n<p><img loading=\"lazy\" decoding=\"async\" class=\"aligncenter wp-image-35238 size-full\" src=\"https:\/\/www.meblobranie.pl\/porady\/wp-content\/uploads\/2022\/01\/nowoczesna-altana.jpeg\" alt=\"Monta\u017c zas\u0142on do altany ogrodowej \" width=\"830\" height=\"623\" srcset=\"https:\/\/www.meblobranie.pl\/porady\/wp-content\/uploads\/2022\/01\/nowoczesna-altana.jpeg 830w, https:\/\/www.meblobranie.pl\/porady\/wp-content\/uploads\/2022\/01\/nowoczesna-altana-300x225.jpeg 300w, https:\/\/www.meblobranie.pl\/porady\/wp-content\/uploads\/2022\/01\/nowoczesna-altana-768x576.jpeg 768w\" sizes=\"auto, (max-width: 830px) 100vw, 830px\" \/><\/p>\n<h2>Dopasowanie i upi\u0119cie zas\u0142on na konstrukcji<\/h2>\n<p>Karnisz z zas\u0142on\u0105 tworzy pewne obci\u0105\u017cenie dla konstrukcji pergoli czy innej zabudowy tarasowej. Nale\u017cy zatem dopasowa\u0107 go do ca\u0142ej aran\u017cacji, nie tylko pod wzgl\u0119dem estetycznym, ale te\u017c wytrzyma\u0142o\u015bciowym. W ten spos\u00f3b mo\u017cesz komfortowo i bezpiecznie korzysta\u0107 ze swojej prywatnej przestrzeni wypoczynkowej i powiesi\u0107 wybrane kotary.<\/p>\n<p>Pozostaje jeszcze kwestia ich upi\u0119cia. Swobodnie wisz\u0105cy materia\u0142 mo\u017cna spi\u0105\u0107 klamr\u0105 na magnes, przewi\u0105za\u0107 sznurkiem lub ta\u015bm\u0105. Wtedy nie tylko b\u0119d\u0105 utrzymywa\u0142y si\u0119 w jednej pozycji, ale te\u017c unios\u0105 si\u0119 nieco od pod\u0142ogi, co ochroni je przed zabrudzeniami.<\/p>\n<p><strong>Wyb\u00f3r zas\u0142on na taras pozwoli Ci ochroni\u0107 to miejsce przed wp\u0142ywem s\u0142o\u0144ca i podmuchami wiatru. Zwie\u0144czy ca\u0142\u0105 aran\u017cacj\u0119, zabezpieczaj\u0105c Ci\u0119 przed owadami i spojrzeniami przechodni\u00f3w czy s\u0105siad\u00f3w. Wypoczynek na balkonie w s\u0142oneczne dni stanie si\u0119 jeszcze przyjemniejszy!<\/strong><\/p>\n","protected":false},"excerpt":{"rendered":"<p>Altana to wymarzone miejsce do wypoczynku na \u015bwie\u017cym powietrzu. Mo\u017cesz zaaran\u017cowa\u0107 przestrze\u0144 rekreacyjn\u0105 na tarasie czy balkonie, pami\u0119taj\u0105c o tym, aby odpowiednio j\u0105 wyposa\u017cy\u0107. Potrzebne b\u0119d\u0105 nie tylko wygodne meble czy ro\u015bliny, ale te\u017c przes\u0142ony, kt\u00f3re pozwol\u0105 korzysta\u0107 z tarasu bez wzgl\u0119du na zmienne warunki atmosferyczne. Du\u017c\u0105 popularno\u015bci\u0105 ciesz\u0105 si\u0119 tutaj lekkie zas\u0142ony, kt\u00f3re z [&hellip;]<\/p>\n","protected":false},"author":20,"featured_media":36624,"comment_status":"open","ping_status":"closed","sticky":false,"template":"","format":"standard","meta":{"_acf_changed":false,"ngg_post_thumbnail":0,"footnotes":""},"categories":[905,6],"tags":[],"class_list":{"0":"post-36623","1":"post","2":"type-post","3":"status-publish","4":"format-standard","5":"has-post-thumbnail","7":"category-ogrod","8":"category-poradnik"},"acf":[],"yoast_head":"<!-- This site is optimized with the Yoast SEO plugin v27.4 - https:\/\/yoast.com\/product\/yoast-seo-wordpress\/ -->\n<title>Jak zamontowa\u0107 zas\u0142ony na tarasie i w altanie? - Porady Meblobranie.pl<\/title>\n<meta name=\"robots\" content=\"index, follow, max-snippet:-1, max-image-preview:large, max-video-preview:-1\" \/>\n<link rel=\"canonical\" href=\"https:\/\/www.meblobranie.pl\/porady\/jak-zamontowac-zaslony-w-altanie\/\" \/>\n<meta name=\"twitter:label1\" content=\"Napisane przez\" \/>\n\t<meta name=\"twitter:data1\" content=\"Dawid z Meblobranie.pl\" \/>\n\t<meta name=\"twitter:label2\" content=\"Szacowany czas czytania\" \/>\n\t<meta name=\"twitter:data2\" content=\"5 minut\" \/>\n<script type=\"application\/ld+json\" class=\"yoast-schema-graph\">{\"@context\":\"https:\\\/\\\/schema.org\",\"@graph\":[{\"@type\":\"Article\",\"@id\":\"https:\\\/\\\/www.meblobranie.pl\\\/porady\\\/jak-zamontowac-zaslony-w-altanie\\\/#article\",\"isPartOf\":{\"@id\":\"https:\\\/\\\/www.meblobranie.pl\\\/porady\\\/jak-zamontowac-zaslony-w-altanie\\\/\"},\"author\":{\"name\":\"Dawid z Meblobranie.pl\",\"@id\":\"https:\\\/\\\/www.meblobranie.pl\\\/porady\\\/#\\\/schema\\\/person\\\/0c44214399e1752805db67863333461b\"},\"headline\":\"Jak zamontowa\u0107 zas\u0142ony na tarasie i w altanie?\",\"datePublished\":\"2022-04-20T12:42:11+00:00\",\"dateModified\":\"2022-05-12T13:15:32+00:00\",\"mainEntityOfPage\":{\"@id\":\"https:\\\/\\\/www.meblobranie.pl\\\/porady\\\/jak-zamontowac-zaslony-w-altanie\\\/\"},\"wordCount\":1026,\"commentCount\":0,\"image\":{\"@id\":\"https:\\\/\\\/www.meblobranie.pl\\\/porady\\\/jak-zamontowac-zaslony-w-altanie\\\/#primaryimage\"},\"thumbnailUrl\":\"https:\\\/\\\/www.meblobranie.pl\\\/porady\\\/wp-content\\\/uploads\\\/2022\\\/04\\\/jak-zamontowac-zaslony-w-altanie-.jpg\",\"articleSection\":[\"Ogr\u00f3d\",\"Poradnik\"],\"inLanguage\":\"pl-PL\",\"potentialAction\":[{\"@type\":\"CommentAction\",\"name\":\"Comment\",\"target\":[\"https:\\\/\\\/www.meblobranie.pl\\\/porady\\\/jak-zamontowac-zaslony-w-altanie\\\/#respond\"]}]},{\"@type\":\"WebPage\",\"@id\":\"https:\\\/\\\/www.meblobranie.pl\\\/porady\\\/jak-zamontowac-zaslony-w-altanie\\\/\",\"url\":\"https:\\\/\\\/www.meblobranie.pl\\\/porady\\\/jak-zamontowac-zaslony-w-altanie\\\/\",\"name\":\"Jak zamontowa\u0107 zas\u0142ony na tarasie i w altanie? - Porady Meblobranie.pl\",\"isPartOf\":{\"@id\":\"https:\\\/\\\/www.meblobranie.pl\\\/porady\\\/#website\"},\"primaryImageOfPage\":{\"@id\":\"https:\\\/\\\/www.meblobranie.pl\\\/porady\\\/jak-zamontowac-zaslony-w-altanie\\\/#primaryimage\"},\"image\":{\"@id\":\"https:\\\/\\\/www.meblobranie.pl\\\/porady\\\/jak-zamontowac-zaslony-w-altanie\\\/#primaryimage\"},\"thumbnailUrl\":\"https:\\\/\\\/www.meblobranie.pl\\\/porady\\\/wp-content\\\/uploads\\\/2022\\\/04\\\/jak-zamontowac-zaslony-w-altanie-.jpg\",\"datePublished\":\"2022-04-20T12:42:11+00:00\",\"dateModified\":\"2022-05-12T13:15:32+00:00\",\"author\":{\"@id\":\"https:\\\/\\\/www.meblobranie.pl\\\/porady\\\/#\\\/schema\\\/person\\\/0c44214399e1752805db67863333461b\"},\"breadcrumb\":{\"@id\":\"https:\\\/\\\/www.meblobranie.pl\\\/porady\\\/jak-zamontowac-zaslony-w-altanie\\\/#breadcrumb\"},\"inLanguage\":\"pl-PL\",\"potentialAction\":[{\"@type\":\"ReadAction\",\"target\":[\"https:\\\/\\\/www.meblobranie.pl\\\/porady\\\/jak-zamontowac-zaslony-w-altanie\\\/\"]}]},{\"@type\":\"ImageObject\",\"inLanguage\":\"pl-PL\",\"@id\":\"https:\\\/\\\/www.meblobranie.pl\\\/porady\\\/jak-zamontowac-zaslony-w-altanie\\\/#primaryimage\",\"url\":\"https:\\\/\\\/www.meblobranie.pl\\\/porady\\\/wp-content\\\/uploads\\\/2022\\\/04\\\/jak-zamontowac-zaslony-w-altanie-.jpg\",\"contentUrl\":\"https:\\\/\\\/www.meblobranie.pl\\\/porady\\\/wp-content\\\/uploads\\\/2022\\\/04\\\/jak-zamontowac-zaslony-w-altanie-.jpg\",\"width\":830,\"height\":559,\"caption\":\"Jak zamontowa\u0107 zas\u0142ony w altanie\"},{\"@type\":\"BreadcrumbList\",\"@id\":\"https:\\\/\\\/www.meblobranie.pl\\\/porady\\\/jak-zamontowac-zaslony-w-altanie\\\/#breadcrumb\",\"itemListElement\":[{\"@type\":\"ListItem\",\"position\":1,\"name\":\"Home\",\"item\":\"https:\\\/\\\/www.meblobranie.pl\\\/porady\\\/\"},{\"@type\":\"ListItem\",\"position\":2,\"name\":\"Jak zamontowa\u0107 zas\u0142ony na tarasie i w altanie?\"}]},{\"@type\":\"WebSite\",\"@id\":\"https:\\\/\\\/www.meblobranie.pl\\\/porady\\\/#website\",\"url\":\"https:\\\/\\\/www.meblobranie.pl\\\/porady\\\/\",\"name\":\"Porady Meblobranie.pl\",\"description\":\"Blog o tarasach i ogrodach\",\"potentialAction\":[{\"@type\":\"SearchAction\",\"target\":{\"@type\":\"EntryPoint\",\"urlTemplate\":\"https:\\\/\\\/www.meblobranie.pl\\\/porady\\\/?s={search_term_string}\"},\"query-input\":{\"@type\":\"PropertyValueSpecification\",\"valueRequired\":true,\"valueName\":\"search_term_string\"}}],\"inLanguage\":\"pl-PL\"},{\"@type\":\"Person\",\"@id\":\"https:\\\/\\\/www.meblobranie.pl\\\/porady\\\/#\\\/schema\\\/person\\\/0c44214399e1752805db67863333461b\",\"name\":\"Dawid z Meblobranie.pl\",\"image\":{\"@type\":\"ImageObject\",\"inLanguage\":\"pl-PL\",\"@id\":\"https:\\\/\\\/secure.gravatar.com\\\/avatar\\\/9ede1c3924e3173d8f3ad05211531161353d772865bc4dacba314dbcd46c0fef?s=96&d=mm&r=g\",\"url\":\"https:\\\/\\\/secure.gravatar.com\\\/avatar\\\/9ede1c3924e3173d8f3ad05211531161353d772865bc4dacba314dbcd46c0fef?s=96&d=mm&r=g\",\"contentUrl\":\"https:\\\/\\\/secure.gravatar.com\\\/avatar\\\/9ede1c3924e3173d8f3ad05211531161353d772865bc4dacba314dbcd46c0fef?s=96&d=mm&r=g\",\"caption\":\"Dawid z Meblobranie.pl\"},\"description\":\"Lorem Ipsum is simply dummy text of the printing and typesetting industry. Lorem Ipsum has been the industry's standard dummy text ever since the 1500s, when an unknown printer took a galley of type and scrambled it to make a type specimen book.\"}]}<\/script>\n<!-- \/ Yoast SEO plugin. -->","yoast_head_json":{"title":"Jak zamontowa\u0107 zas\u0142ony na tarasie i w altanie? - Porady Meblobranie.pl","robots":{"index":"index","follow":"follow","max-snippet":"max-snippet:-1","max-image-preview":"max-image-preview:large","max-video-preview":"max-video-preview:-1"},"canonical":"https:\/\/www.meblobranie.pl\/porady\/jak-zamontowac-zaslony-w-altanie\/","twitter_misc":{"Napisane przez":"Dawid z Meblobranie.pl","Szacowany czas czytania":"5 minut"},"schema":{"@context":"https:\/\/schema.org","@graph":[{"@type":"Article","@id":"https:\/\/www.meblobranie.pl\/porady\/jak-zamontowac-zaslony-w-altanie\/#article","isPartOf":{"@id":"https:\/\/www.meblobranie.pl\/porady\/jak-zamontowac-zaslony-w-altanie\/"},"author":{"name":"Dawid z Meblobranie.pl","@id":"https:\/\/www.meblobranie.pl\/porady\/#\/schema\/person\/0c44214399e1752805db67863333461b"},"headline":"Jak zamontowa\u0107 zas\u0142ony na tarasie i w altanie?","datePublished":"2022-04-20T12:42:11+00:00","dateModified":"2022-05-12T13:15:32+00:00","mainEntityOfPage":{"@id":"https:\/\/www.meblobranie.pl\/porady\/jak-zamontowac-zaslony-w-altanie\/"},"wordCount":1026,"commentCount":0,"image":{"@id":"https:\/\/www.meblobranie.pl\/porady\/jak-zamontowac-zaslony-w-altanie\/#primaryimage"},"thumbnailUrl":"https:\/\/www.meblobranie.pl\/porady\/wp-content\/uploads\/2022\/04\/jak-zamontowac-zaslony-w-altanie-.jpg","articleSection":["Ogr\u00f3d","Poradnik"],"inLanguage":"pl-PL","potentialAction":[{"@type":"CommentAction","name":"Comment","target":["https:\/\/www.meblobranie.pl\/porady\/jak-zamontowac-zaslony-w-altanie\/#respond"]}]},{"@type":"WebPage","@id":"https:\/\/www.meblobranie.pl\/porady\/jak-zamontowac-zaslony-w-altanie\/","url":"https:\/\/www.meblobranie.pl\/porady\/jak-zamontowac-zaslony-w-altanie\/","name":"Jak zamontowa\u0107 zas\u0142ony na tarasie i w altanie? - Porady Meblobranie.pl","isPartOf":{"@id":"https:\/\/www.meblobranie.pl\/porady\/#website"},"primaryImageOfPage":{"@id":"https:\/\/www.meblobranie.pl\/porady\/jak-zamontowac-zaslony-w-altanie\/#primaryimage"},"image":{"@id":"https:\/\/www.meblobranie.pl\/porady\/jak-zamontowac-zaslony-w-altanie\/#primaryimage"},"thumbnailUrl":"https:\/\/www.meblobranie.pl\/porady\/wp-content\/uploads\/2022\/04\/jak-zamontowac-zaslony-w-altanie-.jpg","datePublished":"2022-04-20T12:42:11+00:00","dateModified":"2022-05-12T13:15:32+00:00","author":{"@id":"https:\/\/www.meblobranie.pl\/porady\/#\/schema\/person\/0c44214399e1752805db67863333461b"},"breadcrumb":{"@id":"https:\/\/www.meblobranie.pl\/porady\/jak-zamontowac-zaslony-w-altanie\/#breadcrumb"},"inLanguage":"pl-PL","potentialAction":[{"@type":"ReadAction","target":["https:\/\/www.meblobranie.pl\/porady\/jak-zamontowac-zaslony-w-altanie\/"]}]},{"@type":"ImageObject","inLanguage":"pl-PL","@id":"https:\/\/www.meblobranie.pl\/porady\/jak-zamontowac-zaslony-w-altanie\/#primaryimage","url":"https:\/\/www.meblobranie.pl\/porady\/wp-content\/uploads\/2022\/04\/jak-zamontowac-zaslony-w-altanie-.jpg","contentUrl":"https:\/\/www.meblobranie.pl\/porady\/wp-content\/uploads\/2022\/04\/jak-zamontowac-zaslony-w-altanie-.jpg","width":830,"height":559,"caption":"Jak zamontowa\u0107 zas\u0142ony w altanie"},{"@type":"BreadcrumbList","@id":"https:\/\/www.meblobranie.pl\/porady\/jak-zamontowac-zaslony-w-altanie\/#breadcrumb","itemListElement":[{"@type":"ListItem","position":1,"name":"Home","item":"https:\/\/www.meblobranie.pl\/porady\/"},{"@type":"ListItem","position":2,"name":"Jak zamontowa\u0107 zas\u0142ony na tarasie i w altanie?"}]},{"@type":"WebSite","@id":"https:\/\/www.meblobranie.pl\/porady\/#website","url":"https:\/\/www.meblobranie.pl\/porady\/","name":"Porady Meblobranie.pl","description":"Blog o tarasach i ogrodach","potentialAction":[{"@type":"SearchAction","target":{"@type":"EntryPoint","urlTemplate":"https:\/\/www.meblobranie.pl\/porady\/?s={search_term_string}"},"query-input":{"@type":"PropertyValueSpecification","valueRequired":true,"valueName":"search_term_string"}}],"inLanguage":"pl-PL"},{"@type":"Person","@id":"https:\/\/www.meblobranie.pl\/porady\/#\/schema\/person\/0c44214399e1752805db67863333461b","name":"Dawid z Meblobranie.pl","image":{"@type":"ImageObject","inLanguage":"pl-PL","@id":"https:\/\/secure.gravatar.com\/avatar\/9ede1c3924e3173d8f3ad05211531161353d772865bc4dacba314dbcd46c0fef?s=96&d=mm&r=g","url":"https:\/\/secure.gravatar.com\/avatar\/9ede1c3924e3173d8f3ad05211531161353d772865bc4dacba314dbcd46c0fef?s=96&d=mm&r=g","contentUrl":"https:\/\/secure.gravatar.com\/avatar\/9ede1c3924e3173d8f3ad05211531161353d772865bc4dacba314dbcd46c0fef?s=96&d=mm&r=g","caption":"Dawid z Meblobranie.pl"},"description":"Lorem Ipsum is simply dummy text of the printing and typesetting industry. Lorem Ipsum has been the industry's standard dummy text ever since the 1500s, when an unknown printer took a galley of type and scrambled it to make a type specimen book."}]}},"_links":{"self":[{"href":"https:\/\/www.meblobranie.pl\/porady\/wp-json\/wp\/v2\/posts\/36623","targetHints":{"allow":["GET"]}}],"collection":[{"href":"https:\/\/www.meblobranie.pl\/porady\/wp-json\/wp\/v2\/posts"}],"about":[{"href":"https:\/\/www.meblobranie.pl\/porady\/wp-json\/wp\/v2\/types\/post"}],"author":[{"embeddable":true,"href":"https:\/\/www.meblobranie.pl\/porady\/wp-json\/wp\/v2\/users\/20"}],"replies":[{"embeddable":true,"href":"https:\/\/www.meblobranie.pl\/porady\/wp-json\/wp\/v2\/comments?post=36623"}],"version-history":[{"count":0,"href":"https:\/\/www.meblobranie.pl\/porady\/wp-json\/wp\/v2\/posts\/36623\/revisions"}],"wp:featuredmedia":[{"embeddable":true,"href":"https:\/\/www.meblobranie.pl\/porady\/wp-json\/wp\/v2\/media\/36624"}],"wp:attachment":[{"href":"https:\/\/www.meblobranie.pl\/porady\/wp-json\/wp\/v2\/media?parent=36623"}],"wp:term":[{"taxonomy":"category","embeddable":true,"href":"https:\/\/www.meblobranie.pl\/porady\/wp-json\/wp\/v2\/categories?post=36623"},{"taxonomy":"post_tag","embeddable":true,"href":"https:\/\/www.meblobranie.pl\/porady\/wp-json\/wp\/v2\/tags?post=36623"}],"curies":[{"name":"wp","href":"https:\/\/api.w.org\/{rel}","templated":true}]}}