{"id":36867,"date":"2025-11-17T20:13:09","date_gmt":"2025-11-17T19:13:09","guid":{"rendered":"https:\/\/www.meblobranie.pl\/porady\/?p=36867"},"modified":"2026-04-12T21:17:40","modified_gmt":"2026-04-12T19:17:40","slug":"jak-oswietlic-taras-drewniany-a-jak-z-kostki-lub-z-kamienia","status":"publish","type":"post","link":"https:\/\/www.meblobranie.pl\/porady\/jak-oswietlic-taras-drewniany-a-jak-z-kostki-lub-z-kamienia\/","title":{"rendered":"Jak o\u015bwietli\u0107 taras ogrodowy?"},"content":{"rendered":"\n<p>Chocia\u017c sp\u0119dzanie wolnego czasu na \u015bwie\u017cym powietrzu na Twoim tarasie w czasie upa\u0142\u00f3w jest wyj\u0105tkowo przyjemne, to przecie\u017c wieczory (zw\u0142aszcza w okresie letnim!) mog\u0105 by\u0107 r\u00f3wnie urokliwe i sprzyja\u0107 relaksowi. Dlatego te\u017c budowa strefy wypoczynkowej zawsze \u0142\u0105czy si\u0119 z dylematem, jakie o\u015bwietlenie tarasu wybra\u0107. Odpowiednie o\u015bwietlenie tarasu na zewn\u0105trz domu<strong> <\/strong>pozwoli Ci cieszy\u0107 si\u0119 ogrodem o ka\u017cdej porze.<\/p>\n\n\n<div class=\"wp-block-image\">\n<figure class=\"aligncenter\"><img loading=\"lazy\" decoding=\"async\" width=\"830\" height=\"623\" src=\"https:\/\/www.meblobranie.pl\/porady\/wp-content\/uploads\/2021\/02\/meble-tarasowe-technorattan.jpeg\" alt=\"Jak o\u015bwietli\u0107 taras drewniany lub z kostki\" class=\"wp-image-28669\" srcset=\"https:\/\/www.meblobranie.pl\/porady\/wp-content\/uploads\/2021\/02\/meble-tarasowe-technorattan.jpeg 830w, https:\/\/www.meblobranie.pl\/porady\/wp-content\/uploads\/2021\/02\/meble-tarasowe-technorattan-300x225.jpeg 300w, https:\/\/www.meblobranie.pl\/porady\/wp-content\/uploads\/2021\/02\/meble-tarasowe-technorattan-768x576.jpeg 768w\" sizes=\"auto, (max-width: 830px) 100vw, 830px\" \/><\/figure>\n<\/div>\n\n\n<!--more-->\n\n\n\n\n\n\n<h2 class=\"wp-block-heading\">Jak o\u015bwietli\u0107 taras?<\/h2>\n\n\n\n<p>Mo\u017cesz o\u015bwietli\u0107 taras na wiele sposob\u00f3w, zale\u017cnie od tego, jaki chcesz uzyska\u0107 efekt i styl aran\u017cacji. Zastanawiasz si\u0119, jak o\u015bwietli\u0107 taras efektywnie? Jako podstawowe o\u015bwietlenie Twojej przydomowej przestrzeni \u015bwietnie sprawdz\u0105 si\u0119 lampy solarne lub lampy stoj\u0105ce z czujnikami ruchu lub zmierzchu, kinkiety czy reflektory zewn\u0119trzne. Na zadaszonym tarasie mo\u017cesz z powodzeniem zamontowa\u0107 lampy wisz\u0105ce. <strong>Z kolei jako o\u015bwietlenie tworz\u0105ce przytuln\u0105 atmosfer\u0119 wykorzystaj girlandy \u015bwietlne, ta\u015bmy LED czy tradycyjne lampiony, kt\u00f3re umil\u0105 Ci ka\u017cdy wiecz\u00f3r.<\/strong><\/p>\n\n\n<p>[[kategoria:1848:6]]<\/p>\n\n\n\n<h2 class=\"wp-block-heading\">O\u015bwietlenie ogrodowe na tarasie. Rodzaje lamp<\/h2>\n\n\n\n<ul class=\"wp-block-list\">\n<li><strong>Lampy zewn\u0119trzne wisz\u0105ce<\/strong><\/li>\n<\/ul>\n\n\n\n<p>Lampa wisz\u0105ca nad sto\u0142em powinna o\u015bwietla\u0107 przestrze\u0144 tu\u017c pod nim jasnym i wyra\u017anym, jednak niera\u017c\u0105cym \u015bwiat\u0142em. To rozwi\u0105zanie idealne, je\u015bli planujesz sp\u0119dza\u0107 czas na wieczornych ucztach i nocnych pogaw\u0119dkach. Dzi\u0119ki temu zyskasz idealne warunki do czytania ksi\u0105\u017cki czy spo\u017cywania posi\u0142k\u00f3w. Tego typu lampy nadaj\u0105 si\u0119 do wykorzystania przede wszystkim, gdy interesuje Ci\u0119 <strong>o\u015bwietlenie tarasu zadaszonego<\/strong>.<\/p>\n\n\n\n<ul class=\"wp-block-list\">\n<li><strong>Lampy zewn\u0119trzne przy\u015bcienne<\/strong><\/li>\n<\/ul>\n\n\n\n<p>Kinkiety do u\u017cytku zewn\u0119trznego pos\u0142u\u017c\u0105 Ci do o\u015bwietlenia tarasu, a przy tym zapewni\u0105 Twoje bezpiecze\u0144stwo, gdy pokonujesz pr\u00f3g lub schodki prowadz\u0105ce do ogrodu. To zazwyczaj podstawowy rodzaj o\u015bwietlenia, kt\u00f3ry warto by\u015b uwzgl\u0119dni\u0142 w swoim projekcie. Podkre\u015bl\u0105 one faktur\u0119 elewacji i u\u0142atwi\u0105 orientacj\u0119 w przestrzeni po zmroku.<\/p>\n\n\n\n<ul class=\"wp-block-list\">\n<li><strong>Lampy montowane w pod\u0142odze tarasu i wolnostoj\u0105ce s\u0142upki ogrodowe<\/strong><\/li>\n<\/ul>\n\n\n\n<p>Takie lampy ogrodowe stoj\u0105ce zamontowane wzd\u0142u\u017c alejek i chodnika o\u015bwietl\u0105 Twoj\u0105 drog\u0119, a tak\u017ce ewentualne uskoki, schody czy progi. Montuj\u0105c je, wyznaczysz strefy komunikacyjne, co u\u0142atwi Ci poruszanie si\u0119 po zmroku bez ryzyka potkni\u0119cia. Ciekawy efekt uzyskasz, stosuj\u0105c inteligentne lampy przeznaczone do montowania bezpo\u015brednio w gruncie.<\/p>\n\n\n\n<ul class=\"wp-block-list\">\n<li><strong>Reflektory ogrodowe<\/strong><\/li>\n<\/ul>\n\n\n\n<p>\u015awietnie nadaj\u0105 si\u0119 do wyeksponowania pojedynczych element\u00f3w o szczeg\u00f3lnych walorach estetycznych, na przyk\u0142ad Twojego pi\u0119knego krzewu czy rze\u017aby ogrodowej. Mo\u017cesz skierowa\u0107 strumie\u0144 \u015bwiat\u0142a na wybrany punkt, tworz\u0105c w ten spos\u00f3b tajemnicz\u0105 g\u0142\u0119bi\u0119 w ogrodzie. Niekiedy wykorzystasz je tak\u017ce jako dyskretne o\u015bwietlenie wzd\u0142u\u017c \u015bcie\u017cek.<\/p>\n\n\n\n<ul class=\"wp-block-list\">\n<li><strong>O\u015bwietlenie dekoracyjne<\/strong><\/li>\n<\/ul>\n\n\n\n<p>Lampy w postaci bry\u0142 geometrycznych (najcz\u0119\u015bciej kul lub sze\u015bcian\u00f3w) stanowi\u0105 dla Ciebie nie tylko efektown\u0105 dekoracj\u0119, ale r\u00f3wnie\u017c o\u015bwietlaj\u0105 delikatn\u0105, mleczn\u0105 po\u015bwiat\u0105 przestrze\u0144 na tarasie. Z \u0142atwo\u015bci\u0105 znajdziesz r\u00f3wnie\u017c ozdobne latarnie w klasycznym stylu czy bardziej oryginalne \u015bwietlne rze\u017aby, kt\u00f3re nadasz swojemu ogrodowi unikalny charakter.<\/p>\n\n\n\n<p><strong>Jak o\u015bwietli\u0107 taras przy domu?<\/strong> O\u015bwietlenie g\u00f3rne (wisz\u0105ca lampa, lampki) po\u0142\u0105cz z o\u015bwietleniem bocznym (kinkiety) i pod\u0142ogowym (punkty lub linie \u015bwietlne). Dzi\u0119ki temu ca\u0142o\u015b\u0107 b\u0119dzie prezentowa\u0107 si\u0119 dla Ciebie efektownie i przyja\u017anie, a tak\u017ce zapewni Ci komfort poruszania si\u0119 po posesji w godzinach nocnych. Takie funkcjonalne o\u015bwietlenie uzupe\u0142nij o bardziej subtelne \u017ar\u00f3d\u0142a \u015bwiat\u0142a, nadaj\u0105ce ca\u0142ej przestrzeni klimatu wyj\u0105tkowego miejsca do odpoczynku. Pami\u0119taj, \u017ce wykorzystanie planu o\u015bwietleniowego pozwoli Ci zaprojektowa\u0107 Tw\u00f3j ogr\u00f3d na nowo \u2013 tworz\u0105c jego niesamowit\u0105, nocn\u0105 wersj\u0119.<\/p>\n\n\n<p>[[kategoria:2055:6]]<\/p>\n\n\n\n<h2 class=\"wp-block-heading\">O\u015bwietlenie tarasu drewnianego<\/h2>\n\n\n\n<p>W roli o\u015bwietlenia drewnianego tarasu sprawdzi si\u0119 u Ciebie praktycznie ka\u017cdy rodzaj lamp, zar\u00f3wno o\u015bwietlenie punktowe, lampy \u015bcienne, jak i dekoracyjne. Mo\u017cesz wykorzysta\u0107 <strong>energooszcz\u0119dne lampy LED jako podstawowe o\u015bwietlenie tarasu sufitowe<\/strong> lub \u015bcienne i uzupe\u0142ni\u0107 je nastrojowymi lampkami w formie girlandy. <strong>O\u015bwietlenie tarasu drewnianego<\/strong> pozwala Ci r\u00f3wnie\u017c na dodatkowe pod\u015bwietlenie desek za pomoc\u0105 punktowych reflektor\u00f3w umieszczanych w pod\u0142odze, co stworzy niesamowity klimat.<\/p>\n\n\n<div class=\"wp-block-image wp-image-36868\">\n<figure class=\"aligncenter\"><img loading=\"lazy\" decoding=\"async\" width=\"1000\" height=\"689\" src=\"https:\/\/www.meblobranie.pl\/porady\/wp-content\/uploads\/2022\/05\/oswietlenie-tarasu-drewnianego.jpg\" alt=\"O\u015bwietlenie tarasu drewnianego \" class=\"wp-image-36868\" srcset=\"https:\/\/www.meblobranie.pl\/porady\/wp-content\/uploads\/2022\/05\/oswietlenie-tarasu-drewnianego.jpg 1000w, https:\/\/www.meblobranie.pl\/porady\/wp-content\/uploads\/2022\/05\/oswietlenie-tarasu-drewnianego-300x207.jpg 300w, https:\/\/www.meblobranie.pl\/porady\/wp-content\/uploads\/2022\/05\/oswietlenie-tarasu-drewnianego-768x529.jpg 768w\" sizes=\"auto, (max-width: 1000px) 100vw, 1000px\" \/><\/figure>\n<\/div>\n\n\n<h2 class=\"wp-block-heading\">Odpowiednie o\u015bwietlenie tarasu z kostki i kamienia<\/h2>\n\n\n\n<p>W sklepach znajdziesz nowoczesne, bardzo funkcjonalne o\u015bwietlenie przeznaczone specjalnie na taras z kostki brukowej i z kamienia. Warto by\u015b zwr\u00f3ci\u0142 uwag\u0119 na:<\/p>\n\n\n\n<ul class=\"wp-block-list\">\n<li><strong>Oprawy najazdowe do monta\u017cu w kostce brukowej lub p\u0142ytkach kamiennych, reflektory w formie kwadratu lub ko\u0142a;<\/strong><\/li>\n\n\n\n<li><strong>Liniowe oprawy dogruntowe i najazdowe, maj\u0105ce form\u0119 d\u0142ugich pas\u00f3w \u015bwietlnych;<\/strong><\/li>\n\n\n\n<li><strong>\u015awiec\u0105c\u0105 kostk\u0119 brukow\u0105.<\/strong><\/li>\n<\/ul>\n\n\n\n<p>Takie o\u015bwietlenie mo\u017cesz wykorzysta\u0107 zar\u00f3wno do pod\u015bwietlania \u015bcie\u017cek i podjazd\u00f3w, taras\u00f3w, elewacji budynk\u00f3w, jak i w celach dekoracyjnych. To nowoczesne lampy, kt\u00f3re s\u0105 &#8220;schowane&#8221; w kostce, ale po w\u0142\u0105czeniu zapewni\u0105 Ci pi\u0119kne, rozproszone \u015bwiat\u0142o. Dost\u0119pne s\u0105 r\u00f3wnie\u017c wersje pozwalaj\u0105ce na wyb\u00f3r odpowiedniego koloru \u015bwiat\u0142a w zale\u017cno\u015bci od Twojego nastroju (RGB). Cz\u0119sto ten typ o\u015bwietlenia posiada opcje zdalnego sterowania, co znacznie u\u0142atwi Ci codzienne u\u017cytkowanie.<\/p>\n\n\n\n<h2 class=\"wp-block-heading\">O\u015bwietlenie zewn\u0119trzne \u2013 stylowe lampy tarasowe<\/h2>\n\n\n\n<p>Nowoczesne o\u015bwietlenie tarasu produkowane jest z trwa\u0142ych materia\u0142\u00f3w. Wybieraj\u0105c lampy z \u017celiwa, stali nierdzewnej czy aluminium, zyskujesz pewno\u015b\u0107, \u017ce przetrwaj\u0105 one lata. Dodatkowe malowanie metod\u0105 proszkow\u0105 zwi\u0119ksza ich odporno\u015b\u0107 na korozj\u0119. Na co musisz zwr\u00f3ci\u0107 uwag\u0119, wybieraj\u0105c lampy na taras?<\/p>\n\n\n\n<ul class=\"wp-block-list\">\n<li>Kupuj\u0105c lampy ca\u0142oroczne na taras, <strong>si\u0119gnij po produkty zasilane pr\u0105dem ze sta\u0142ego \u017ar\u00f3d\u0142a<\/strong>. To rozwi\u0105zanie zapewni Ci wi\u0119ksz\u0105 niezawodno\u015b\u0107 niezale\u017cnie od pogody, wilgoci czy mrozu.<\/li>\n\n\n\n<li>Wyj\u0105tkowo <strong>efektowne o\u015bwietlenie stanowi\u0105 lampy solarne<\/strong>, kt\u00f3re wbijesz w ziemi\u0119. Je\u015bli Tw\u00f3j taras jest dobrze nas\u0142oneczniony, po zmroku zyskasz przyjemne, rozproszone \u015bwiat\u0142o bez dodatkowych koszt\u00f3w energii.<\/li>\n\n\n\n<li>Je\u015bli lubisz sp\u0119dza\u0107 czas w ogrodzie i cenisz sobie wygod\u0119, z pewno\u015bci\u0105 zainteresuje Ci\u0119 <strong>o\u015bwietlenie ogrodowe wyposa\u017cone w czujniki ruchu<\/strong>. W\u0142\u0105cza si\u0119 ono automatycznie, dzi\u0119ki czemu komfortowo skorzystasz z przestrzeni wok\u00f3\u0142 swojej posesji.<\/li>\n<\/ul>\n\n\n<div class=\"wp-block-image wp-image-36869\">\n<figure class=\"aligncenter\"><img loading=\"lazy\" decoding=\"async\" width=\"1000\" height=\"667\" src=\"https:\/\/www.meblobranie.pl\/porady\/wp-content\/uploads\/2022\/05\/oswietlenie-tarasu-z-kostki.jpg\" alt=\"\u015bwietlenie tarasu z kostki i kamienia\" class=\"wp-image-36869\" srcset=\"https:\/\/www.meblobranie.pl\/porady\/wp-content\/uploads\/2022\/05\/oswietlenie-tarasu-z-kostki.jpg 1000w, https:\/\/www.meblobranie.pl\/porady\/wp-content\/uploads\/2022\/05\/oswietlenie-tarasu-z-kostki-300x200.jpg 300w, https:\/\/www.meblobranie.pl\/porady\/wp-content\/uploads\/2022\/05\/oswietlenie-tarasu-z-kostki-768x512.jpg 768w\" sizes=\"auto, (max-width: 1000px) 100vw, 1000px\" \/><\/figure>\n<\/div>\n\n\n<h2 class=\"wp-block-heading\">O\u015bwietlenie tarasu zadaszonego<\/h2>\n\n\n\n<p>Jak zrobi\u0107 o\u015bwietlenie tarasu zadaszonego w spos\u00f3b bezpieczny? Musisz pami\u0119ta\u0107, \u017ce g\u0142\u00f3wna r\u00f3\u017cnica mi\u0119dzy o\u015bwietleniem tarasu zadaszonego, a tego na otwartej przestrzeni, to wymagana szczelno\u015b\u0107 opraw. W miejscach nieos\u0142oni\u0119tych minimalna szczelno\u015b\u0107 to IP54. Natomiast planuj\u0105c o\u015bwietlenie tarasu zadaszonego, mo\u017cesz pozwoli\u0107 sobie na wykorzystanie lamp o klasie szczelno\u015bci IP44, a nawet ni\u017cszej, je\u015bli np. oczka wpustowe znajduj\u0105 si\u0119 w bezpiecznej podsufitce. Dzi\u0119ki temu Tw\u00f3j wyb\u00f3r jest szerszy, a oprawy mog\u0105 by\u0107 ta\u0144sze.<\/p>\n\n\n\n<h2 class=\"wp-block-heading\">Jak nastrojowo o\u015bwietli\u0107 taras?<\/h2>\n\n\n\n<p>Zastanawiasz si\u0119, <strong>jak nastrojowo o\u015bwietli\u0107 taras<\/strong>? Zadbaj nie tylko o o\u015bwietlenie funkcjonalne, ale te\u017c o bardziej dyskretne lampy, kt\u00f3re ozdobi\u0105 Twoj\u0105 aran\u017cacj\u0119. Dobrze dobrane \u015bwiat\u0142o potrafi ca\u0142kowicie odmieni\u0107 wieczorny klimat. Jakie rozwi\u0105zania najlepiej sprostaj\u0105 temu zadaniu?<\/p>\n\n\n\n<ul class=\"wp-block-list\">\n<li>Urz\u0105dzaj\u0105c taras <strong>w stylu minimalistycznym lub nowoczesnym<\/strong>, zastosuj pod\u0142ogowe o\u015bwietlenie, kt\u00f3re zapewni Ci subtelne \u015bwiat\u0142o i podkre\u015bli geometri\u0119 budynku. Oprawy najazdowe czy \u015bwiec\u0105ca kostka brukowa sprawdz\u0105 si\u0119 tutaj idealnie. Pojedyncze punkty wpuszczone w pod\u0142og\u0119 po\u0142\u0105cz z prost\u0105 lamp\u0105 w metalowej oprawie.<\/li>\n\n\n\n<li>Na Twoim tarasie urz\u0105dzonym <strong>w stylu prowansalskim lub rustykalnym<\/strong> \u015bwietnie sprawdzi si\u0119 stylizowane o\u015bwietlenie w postaci kutych lamp. Ich uzupe\u0142nienie niech stanowi\u0105 latarenki, kt\u00f3re wprowadz\u0105 urokliwy nastr\u00f3j podczas Twojego wypoczynku.<\/li>\n\n\n\n<li><strong>O\u015bwietlenie drewnianego tarasu<\/strong> w stylu skandynawskim to przede wszystkim lampy w metalowych, drucianych oprawach. Doskonale sprawdz\u0105 si\u0119 tu tak\u017ce lampiony, w kt\u00f3rych umie\u015bcisz \u015bwiece, a ca\u0142o\u015b\u0107 dope\u0142ni\u0105 girlandy.<\/li>\n\n\n\n<li><strong>Styl boho i eko<\/strong> nawi\u0105zuj\u0105 do przyrody. Dobrym wyborem b\u0119d\u0105 dla Ciebie lampy z opraw\u0105 z technorattanu lub wikliny, kt\u00f3re rzuc\u0105 urokliwe cienie na \u015bcian\u0119 Twojego domu.<\/li>\n<\/ul>\n\n\n\n<p class=\"worth-know\"><strong>WARTO WIEDZIE\u0106<\/strong><br><br>Na przytulny klimat Twojego tarasu wp\u0142ywa nie tylko rodzaj zastosowanego o\u015bwietlenia, ale te\u017c barwa \u015bwiat\u0142a. Doskona\u0142ym wyborem b\u0119dzie dla Ciebie ciep\u0142e, naturalne \u015bwiat\u0142o (ok. 3000K-2700K). Taka barwa wywo\u0142a u Ciebie odpr\u0119\u017cenie i sprzyja odpoczynkowi po ca\u0142ym dniu.<\/p>\n\n\n<div class=\"wp-block-image\">\n<figure class=\"aligncenter size-full\"><img loading=\"lazy\" decoding=\"async\" width=\"830\" height=\"554\" src=\"https:\/\/www.meblobranie.pl\/porady\/wp-content\/uploads\/2022\/05\/jak-oswietlic-taras-2.jpg\" alt=\"Klimatyczne o\u015bwietlenie tarasu\" class=\"wp-image-46359\" srcset=\"https:\/\/www.meblobranie.pl\/porady\/wp-content\/uploads\/2022\/05\/jak-oswietlic-taras-2.jpg 830w, https:\/\/www.meblobranie.pl\/porady\/wp-content\/uploads\/2022\/05\/jak-oswietlic-taras-2-300x200.jpg 300w, https:\/\/www.meblobranie.pl\/porady\/wp-content\/uploads\/2022\/05\/jak-oswietlic-taras-2-768x513.jpg 768w\" sizes=\"auto, (max-width: 830px) 100vw, 830px\" \/><\/figure>\n<\/div>\n\n<p>[[kategoria:2002:6]]<\/p>\n\n\n\n<p><\/p>\n\n\n\n<p>Jakie lampy tarasowe powiniene\u015b wybra\u0107? Kieruj si\u0119 nie tylko materia\u0142em tarasu, ale tak\u017ce stylem innych punkt\u00f3w \u015bwietlnych na Twojej posesji. Sp\u00f3jno\u015b\u0107 aran\u017cacji to klucz do sukcesu. Poni\u017cej znajdziesz ciekawe <strong>o\u015bwietlenie tarasu aran\u017cacje<\/strong> oraz <strong>o\u015bwietlenie tarasu inspiracje<\/strong> od naszych Klient\u00f3w, kt\u00f3re pomog\u0105 Ci stworzy\u0107 niepowtarzalny klimat.<\/p>\n\n\n<div class=\"wp-block-image\">\n<figure class=\"aligncenter size-full\"><img loading=\"lazy\" decoding=\"async\" width=\"830\" height=\"554\" src=\"https:\/\/www.meblobranie.pl\/porady\/wp-content\/uploads\/2022\/05\/jak-oswietlic-taras-1.jpg\" alt=\"Klasyczne o\u015bwietlenie tarasu\" class=\"wp-image-46358\" srcset=\"https:\/\/www.meblobranie.pl\/porady\/wp-content\/uploads\/2022\/05\/jak-oswietlic-taras-1.jpg 830w, https:\/\/www.meblobranie.pl\/porady\/wp-content\/uploads\/2022\/05\/jak-oswietlic-taras-1-300x200.jpg 300w, https:\/\/www.meblobranie.pl\/porady\/wp-content\/uploads\/2022\/05\/jak-oswietlic-taras-1-768x513.jpg 768w\" sizes=\"auto, (max-width: 830px) 100vw, 830px\" \/><\/figure>\n<\/div>\n\n<div class=\"wp-block-image\">\n<figure class=\"aligncenter size-full\"><img loading=\"lazy\" decoding=\"async\" width=\"830\" height=\"549\" src=\"https:\/\/www.meblobranie.pl\/porady\/wp-content\/uploads\/2022\/05\/jak-oswietlic-taras-3.jpg\" alt=\"O\u015bwietlenie tarasu inspiracje\" class=\"wp-image-46357\" srcset=\"https:\/\/www.meblobranie.pl\/porady\/wp-content\/uploads\/2022\/05\/jak-oswietlic-taras-3.jpg 830w, https:\/\/www.meblobranie.pl\/porady\/wp-content\/uploads\/2022\/05\/jak-oswietlic-taras-3-300x198.jpg 300w, https:\/\/www.meblobranie.pl\/porady\/wp-content\/uploads\/2022\/05\/jak-oswietlic-taras-3-768x508.jpg 768w\" sizes=\"auto, (max-width: 830px) 100vw, 830px\" \/><\/figure>\n<\/div>\n\n<div class=\"wp-block-image\">\n<figure class=\"aligncenter size-full\"><img loading=\"lazy\" decoding=\"async\" width=\"830\" height=\"554\" src=\"https:\/\/www.meblobranie.pl\/porady\/wp-content\/uploads\/2022\/05\/jak-oswietlic-taras-4.jpg\" alt=\"o\u015bwietlenie tarasu aran\u017cacje\" class=\"wp-image-46356\" srcset=\"https:\/\/www.meblobranie.pl\/porady\/wp-content\/uploads\/2022\/05\/jak-oswietlic-taras-4.jpg 830w, https:\/\/www.meblobranie.pl\/porady\/wp-content\/uploads\/2022\/05\/jak-oswietlic-taras-4-300x200.jpg 300w, https:\/\/www.meblobranie.pl\/porady\/wp-content\/uploads\/2022\/05\/jak-oswietlic-taras-4-768x513.jpg 768w\" sizes=\"auto, (max-width: 830px) 100vw, 830px\" \/><\/figure>\n<\/div>\n\n\n<h2 class=\"wp-block-heading\">O\u015bwietlenie tarasu na zewn\u0105trz domu<\/h2>\n\n\n\n<p>Ogr\u00f3d jest miejscem, gdzie z pewno\u015bci\u0105 ch\u0119tnie sp\u0119dzasz czas nie tylko za dnia, ale te\u017c wieczorami. Odpowiednie o\u015bwietlenie <strong>zapewni Ci spokojny relaks oraz bezpiecze\u0144stwo poruszania si\u0119 po zmroku<\/strong>. Znajdziesz u nas szeroki wyb\u00f3r lamp, wi\u0119c bez problemu dobierzesz <strong>o\u015bwietlenie tarasu<\/strong>, kt\u00f3re zagwarantuje Ci funkcjonalno\u015b\u0107 i odpowiedni nastr\u00f3j.<\/p>\n\n\n\n<p><strong>FAQ<\/strong><\/p>\n\n\n\n<div class=\"schema-faq wp-block-yoast-faq-block\">\n<div class=\"schema-faq-section\" id=\"faq-question-1763406245092\">\n<h3 class=\"schema-faq-question\">Jak wybra\u0107 bezpieczne o\u015bwietlenie tarasu?<\/h3>\n<p class=\"schema-faq-answer\">Wybieraj\u0105c o\u015bwietlenie na Tw\u00f3j zadaszony taras, celuj w oprawy o klasie szczelno\u015bci IP44. Natomiast lampy, kt\u00f3re b\u0119d\u0105 nara\u017cone na bezpo\u015brednie dzia\u0142anie warunk\u00f3w atmosferycznych, musz\u0105 mie\u0107 klas\u0119 szczelno\u015bci co najmniej IP54. Dzi\u0119ki temu b\u0119d\u0105 odporne na deszcz, mr\u00f3z i s\u0142o\u0144ce. Je\u015bli planujesz lampy wpuszczane w grunt, zadbaj o jeszcze wy\u017csz\u0105 szczelno\u015b\u0107 (IP67).<\/p>\n<\/div>\n<div class=\"schema-faq-section\" id=\"faq-question-1763406254889\">\n<h3 class=\"schema-faq-question\">Czym najlepiej o\u015bwietli\u0107 taras?<\/h3>\n<p class=\"schema-faq-answer\">Decyduj\u0105c si\u0119 na \u017ar\u00f3d\u0142a \u015bwiat\u0142a wok\u00f3\u0142 Twojego domu, warto by\u015b postawi\u0142 na technologi\u0119 LED. Cechuje j\u0105 du\u017ca energooszcz\u0119dno\u015b\u0107 i przyjazno\u015b\u0107 dla \u015brodowiska. O\u015bwietlenie LED zu\u017cyje dla Ciebie do 80% mniej energii ni\u017c tradycyjne \u017car\u00f3wki, a przy tym b\u0119dzie \u015bwieci\u0107 przez wiele lat.<\/p>\n<\/div>\n<div class=\"schema-faq-section\" id=\"faq-question-1763406267321\">\n<h3 class=\"schema-faq-question\">Czy warto kupi\u0107 lamp\u0119 solarn\u0105 do ogrodu?<\/h3>\n<p class=\"schema-faq-answer\">Solarne o\u015bwietlenie b\u0119dzie dla Ciebie ekonomiczne i ekologiczne, ale mo\u017ce by\u0107 mniej funkcjonalne, je\u015bli posiadasz taras zadaszony. Pami\u0119taj, \u017ce lampy te potrzebuj\u0105 s\u0142o\u0144ca. Mog\u0105 one jednak stanowi\u0107 doskona\u0142e uzupe\u0142nienie Twojego sta\u0142ego o\u015bwietlenia na tarasie, balkonie czy w ogrodzie.<\/p>\n<\/div>\n<\/div>\n","protected":false},"excerpt":{"rendered":"<p>Chocia\u017c sp\u0119dzanie wolnego czasu na \u015bwie\u017cym powietrzu na Twoim tarasie w czasie upa\u0142\u00f3w jest wyj\u0105tkowo przyjemne, to przecie\u017c wieczory (zw\u0142aszcza w okresie letnim!) mog\u0105 by\u0107 r\u00f3wnie urokliwe i sprzyja\u0107 relaksowi. Dlatego te\u017c budowa strefy wypoczynkowej zawsze \u0142\u0105czy si\u0119 z dylematem, jakie o\u015bwietlenie tarasu wybra\u0107. Odpowiednie o\u015bwietlenie tarasu na zewn\u0105trz domu pozwoli Ci cieszy\u0107 si\u0119 ogrodem [&hellip;]<\/p>\n","protected":false},"author":20,"featured_media":28669,"comment_status":"open","ping_status":"closed","sticky":false,"template":"","format":"standard","meta":{"_acf_changed":false,"ngg_post_thumbnail":0,"footnotes":""},"categories":[905,6],"tags":[],"class_list":{"0":"post-36867","1":"post","2":"type-post","3":"status-publish","4":"format-standard","5":"has-post-thumbnail","7":"category-ogrod","8":"category-poradnik"},"acf":[],"yoast_head":"<!-- This site is optimized with the Yoast SEO plugin v27.4 - https:\/\/yoast.com\/product\/yoast-seo-wordpress\/ -->\n<title>Jak o\u015bwietli\u0107 taras ogrodowy? - Porady Meblobranie.pl<\/title>\n<meta name=\"description\" content=\"Jak o\u015bwietli\u0107 taras drewniany, a jak z kostki lub z kamienia, by wybrane lampy doskonale wsp\u00f3\u0142gra\u0142y z wyko\u0144czeniem podestu? Jakie \u015bwiat\u0142o najlepiej o\u015bwieci taras?\" \/>\n<meta name=\"robots\" content=\"index, follow, max-snippet:-1, max-image-preview:large, max-video-preview:-1\" \/>\n<link rel=\"canonical\" href=\"https:\/\/www.meblobranie.pl\/porady\/jak-oswietlic-taras-drewniany-a-jak-z-kostki-lub-z-kamienia\/\" \/>\n<meta name=\"twitter:label1\" content=\"Napisane przez\" \/>\n\t<meta name=\"twitter:data1\" content=\"Dawid z Meblobranie.pl\" \/>\n\t<meta name=\"twitter:label2\" content=\"Szacowany czas czytania\" \/>\n\t<meta name=\"twitter:data2\" content=\"10 minut\" \/>\n<script type=\"application\/ld+json\" class=\"yoast-schema-graph\">{\"@context\":\"https:\\\/\\\/schema.org\",\"@graph\":[{\"@type\":\"Article\",\"@id\":\"https:\\\/\\\/www.meblobranie.pl\\\/porady\\\/jak-oswietlic-taras-drewniany-a-jak-z-kostki-lub-z-kamienia\\\/#article\",\"isPartOf\":{\"@id\":\"https:\\\/\\\/www.meblobranie.pl\\\/porady\\\/jak-oswietlic-taras-drewniany-a-jak-z-kostki-lub-z-kamienia\\\/\"},\"author\":{\"name\":\"Dawid z Meblobranie.pl\",\"@id\":\"https:\\\/\\\/www.meblobranie.pl\\\/porady\\\/#\\\/schema\\\/person\\\/0c44214399e1752805db67863333461b\"},\"headline\":\"Jak o\u015bwietli\u0107 taras ogrodowy?\",\"datePublished\":\"2025-11-17T19:13:09+00:00\",\"dateModified\":\"2026-04-12T19:17:40+00:00\",\"mainEntityOfPage\":{\"@id\":\"https:\\\/\\\/www.meblobranie.pl\\\/porady\\\/jak-oswietlic-taras-drewniany-a-jak-z-kostki-lub-z-kamienia\\\/\"},\"wordCount\":1653,\"commentCount\":0,\"image\":{\"@id\":\"https:\\\/\\\/www.meblobranie.pl\\\/porady\\\/jak-oswietlic-taras-drewniany-a-jak-z-kostki-lub-z-kamienia\\\/#primaryimage\"},\"thumbnailUrl\":\"https:\\\/\\\/www.meblobranie.pl\\\/porady\\\/wp-content\\\/uploads\\\/2021\\\/02\\\/meble-tarasowe-technorattan.jpeg\",\"articleSection\":[\"Ogr\u00f3d\",\"Poradnik\"],\"inLanguage\":\"pl-PL\",\"potentialAction\":[{\"@type\":\"CommentAction\",\"name\":\"Comment\",\"target\":[\"https:\\\/\\\/www.meblobranie.pl\\\/porady\\\/jak-oswietlic-taras-drewniany-a-jak-z-kostki-lub-z-kamienia\\\/#respond\"]}]},{\"@type\":[\"WebPage\",\"FAQPage\"],\"@id\":\"https:\\\/\\\/www.meblobranie.pl\\\/porady\\\/jak-oswietlic-taras-drewniany-a-jak-z-kostki-lub-z-kamienia\\\/\",\"url\":\"https:\\\/\\\/www.meblobranie.pl\\\/porady\\\/jak-oswietlic-taras-drewniany-a-jak-z-kostki-lub-z-kamienia\\\/\",\"name\":\"Jak o\u015bwietli\u0107 taras ogrodowy? - Porady Meblobranie.pl\",\"isPartOf\":{\"@id\":\"https:\\\/\\\/www.meblobranie.pl\\\/porady\\\/#website\"},\"primaryImageOfPage\":{\"@id\":\"https:\\\/\\\/www.meblobranie.pl\\\/porady\\\/jak-oswietlic-taras-drewniany-a-jak-z-kostki-lub-z-kamienia\\\/#primaryimage\"},\"image\":{\"@id\":\"https:\\\/\\\/www.meblobranie.pl\\\/porady\\\/jak-oswietlic-taras-drewniany-a-jak-z-kostki-lub-z-kamienia\\\/#primaryimage\"},\"thumbnailUrl\":\"https:\\\/\\\/www.meblobranie.pl\\\/porady\\\/wp-content\\\/uploads\\\/2021\\\/02\\\/meble-tarasowe-technorattan.jpeg\",\"datePublished\":\"2025-11-17T19:13:09+00:00\",\"dateModified\":\"2026-04-12T19:17:40+00:00\",\"author\":{\"@id\":\"https:\\\/\\\/www.meblobranie.pl\\\/porady\\\/#\\\/schema\\\/person\\\/0c44214399e1752805db67863333461b\"},\"description\":\"Jak o\u015bwietli\u0107 taras drewniany, a jak z kostki lub z kamienia, by wybrane lampy doskonale wsp\u00f3\u0142gra\u0142y z wyko\u0144czeniem podestu? Jakie \u015bwiat\u0142o najlepiej o\u015bwieci taras?\",\"breadcrumb\":{\"@id\":\"https:\\\/\\\/www.meblobranie.pl\\\/porady\\\/jak-oswietlic-taras-drewniany-a-jak-z-kostki-lub-z-kamienia\\\/#breadcrumb\"},\"mainEntity\":[{\"@id\":\"https:\\\/\\\/www.meblobranie.pl\\\/porady\\\/jak-oswietlic-taras-drewniany-a-jak-z-kostki-lub-z-kamienia\\\/#faq-question-1763406245092\"},{\"@id\":\"https:\\\/\\\/www.meblobranie.pl\\\/porady\\\/jak-oswietlic-taras-drewniany-a-jak-z-kostki-lub-z-kamienia\\\/#faq-question-1763406254889\"},{\"@id\":\"https:\\\/\\\/www.meblobranie.pl\\\/porady\\\/jak-oswietlic-taras-drewniany-a-jak-z-kostki-lub-z-kamienia\\\/#faq-question-1763406267321\"}],\"inLanguage\":\"pl-PL\",\"potentialAction\":[{\"@type\":\"ReadAction\",\"target\":[\"https:\\\/\\\/www.meblobranie.pl\\\/porady\\\/jak-oswietlic-taras-drewniany-a-jak-z-kostki-lub-z-kamienia\\\/\"]}]},{\"@type\":\"ImageObject\",\"inLanguage\":\"pl-PL\",\"@id\":\"https:\\\/\\\/www.meblobranie.pl\\\/porady\\\/jak-oswietlic-taras-drewniany-a-jak-z-kostki-lub-z-kamienia\\\/#primaryimage\",\"url\":\"https:\\\/\\\/www.meblobranie.pl\\\/porady\\\/wp-content\\\/uploads\\\/2021\\\/02\\\/meble-tarasowe-technorattan.jpeg\",\"contentUrl\":\"https:\\\/\\\/www.meblobranie.pl\\\/porady\\\/wp-content\\\/uploads\\\/2021\\\/02\\\/meble-tarasowe-technorattan.jpeg\",\"width\":830,\"height\":623,\"caption\":\"Meble na taras z technorattanu\"},{\"@type\":\"BreadcrumbList\",\"@id\":\"https:\\\/\\\/www.meblobranie.pl\\\/porady\\\/jak-oswietlic-taras-drewniany-a-jak-z-kostki-lub-z-kamienia\\\/#breadcrumb\",\"itemListElement\":[{\"@type\":\"ListItem\",\"position\":1,\"name\":\"Home\",\"item\":\"https:\\\/\\\/www.meblobranie.pl\\\/porady\\\/\"},{\"@type\":\"ListItem\",\"position\":2,\"name\":\"Jak o\u015bwietli\u0107 taras ogrodowy?\"}]},{\"@type\":\"WebSite\",\"@id\":\"https:\\\/\\\/www.meblobranie.pl\\\/porady\\\/#website\",\"url\":\"https:\\\/\\\/www.meblobranie.pl\\\/porady\\\/\",\"name\":\"Porady Meblobranie.pl\",\"description\":\"Blog o tarasach i ogrodach\",\"potentialAction\":[{\"@type\":\"SearchAction\",\"target\":{\"@type\":\"EntryPoint\",\"urlTemplate\":\"https:\\\/\\\/www.meblobranie.pl\\\/porady\\\/?s={search_term_string}\"},\"query-input\":{\"@type\":\"PropertyValueSpecification\",\"valueRequired\":true,\"valueName\":\"search_term_string\"}}],\"inLanguage\":\"pl-PL\"},{\"@type\":\"Person\",\"@id\":\"https:\\\/\\\/www.meblobranie.pl\\\/porady\\\/#\\\/schema\\\/person\\\/0c44214399e1752805db67863333461b\",\"name\":\"Dawid z Meblobranie.pl\",\"image\":{\"@type\":\"ImageObject\",\"inLanguage\":\"pl-PL\",\"@id\":\"https:\\\/\\\/secure.gravatar.com\\\/avatar\\\/9ede1c3924e3173d8f3ad05211531161353d772865bc4dacba314dbcd46c0fef?s=96&d=mm&r=g\",\"url\":\"https:\\\/\\\/secure.gravatar.com\\\/avatar\\\/9ede1c3924e3173d8f3ad05211531161353d772865bc4dacba314dbcd46c0fef?s=96&d=mm&r=g\",\"contentUrl\":\"https:\\\/\\\/secure.gravatar.com\\\/avatar\\\/9ede1c3924e3173d8f3ad05211531161353d772865bc4dacba314dbcd46c0fef?s=96&d=mm&r=g\",\"caption\":\"Dawid z Meblobranie.pl\"},\"description\":\"Lorem Ipsum is simply dummy text of the printing and typesetting industry. Lorem Ipsum has been the industry's standard dummy text ever since the 1500s, when an unknown printer took a galley of type and scrambled it to make a type specimen book.\"},{\"@type\":\"Question\",\"@id\":\"https:\\\/\\\/www.meblobranie.pl\\\/porady\\\/jak-oswietlic-taras-drewniany-a-jak-z-kostki-lub-z-kamienia\\\/#faq-question-1763406245092\",\"position\":1,\"url\":\"https:\\\/\\\/www.meblobranie.pl\\\/porady\\\/jak-oswietlic-taras-drewniany-a-jak-z-kostki-lub-z-kamienia\\\/#faq-question-1763406245092\",\"name\":\"Jak wybra\u0107 bezpieczne o\u015bwietlenie tarasu?\",\"answerCount\":1,\"acceptedAnswer\":{\"@type\":\"Answer\",\"text\":\"Wybieraj\u0105c o\u015bwietlenie na Tw\u00f3j zadaszony taras, celuj w oprawy o klasie szczelno\u015bci IP44. Natomiast lampy, kt\u00f3re b\u0119d\u0105 nara\u017cone na bezpo\u015brednie dzia\u0142anie warunk\u00f3w atmosferycznych, musz\u0105 mie\u0107 klas\u0119 szczelno\u015bci co najmniej IP54. Dzi\u0119ki temu b\u0119d\u0105 odporne na deszcz, mr\u00f3z i s\u0142o\u0144ce. Je\u015bli planujesz lampy wpuszczane w grunt, zadbaj o jeszcze wy\u017csz\u0105 szczelno\u015b\u0107 (IP67).\",\"inLanguage\":\"pl-PL\"},\"inLanguage\":\"pl-PL\"},{\"@type\":\"Question\",\"@id\":\"https:\\\/\\\/www.meblobranie.pl\\\/porady\\\/jak-oswietlic-taras-drewniany-a-jak-z-kostki-lub-z-kamienia\\\/#faq-question-1763406254889\",\"position\":2,\"url\":\"https:\\\/\\\/www.meblobranie.pl\\\/porady\\\/jak-oswietlic-taras-drewniany-a-jak-z-kostki-lub-z-kamienia\\\/#faq-question-1763406254889\",\"name\":\"Czym najlepiej o\u015bwietli\u0107 taras?\",\"answerCount\":1,\"acceptedAnswer\":{\"@type\":\"Answer\",\"text\":\"Decyduj\u0105c si\u0119 na \u017ar\u00f3d\u0142a \u015bwiat\u0142a wok\u00f3\u0142 Twojego domu, warto by\u015b postawi\u0142 na technologi\u0119 LED. Cechuje j\u0105 du\u017ca energooszcz\u0119dno\u015b\u0107 i przyjazno\u015b\u0107 dla \u015brodowiska. O\u015bwietlenie LED zu\u017cyje dla Ciebie do 80% mniej energii ni\u017c tradycyjne \u017car\u00f3wki, a przy tym b\u0119dzie \u015bwieci\u0107 przez wiele lat.\",\"inLanguage\":\"pl-PL\"},\"inLanguage\":\"pl-PL\"},{\"@type\":\"Question\",\"@id\":\"https:\\\/\\\/www.meblobranie.pl\\\/porady\\\/jak-oswietlic-taras-drewniany-a-jak-z-kostki-lub-z-kamienia\\\/#faq-question-1763406267321\",\"position\":3,\"url\":\"https:\\\/\\\/www.meblobranie.pl\\\/porady\\\/jak-oswietlic-taras-drewniany-a-jak-z-kostki-lub-z-kamienia\\\/#faq-question-1763406267321\",\"name\":\"Czy warto kupi\u0107 lamp\u0119 solarn\u0105 do ogrodu?\",\"answerCount\":1,\"acceptedAnswer\":{\"@type\":\"Answer\",\"text\":\"Solarne o\u015bwietlenie b\u0119dzie dla Ciebie ekonomiczne i ekologiczne, ale mo\u017ce by\u0107 mniej funkcjonalne, je\u015bli posiadasz taras zadaszony. Pami\u0119taj, \u017ce lampy te potrzebuj\u0105 s\u0142o\u0144ca. Mog\u0105 one jednak stanowi\u0107 doskona\u0142e uzupe\u0142nienie Twojego sta\u0142ego o\u015bwietlenia na tarasie, balkonie czy w ogrodzie.\",\"inLanguage\":\"pl-PL\"},\"inLanguage\":\"pl-PL\"}]}<\/script>\n<!-- \/ Yoast SEO plugin. -->","yoast_head_json":{"title":"Jak o\u015bwietli\u0107 taras ogrodowy? - Porady Meblobranie.pl","description":"Jak o\u015bwietli\u0107 taras drewniany, a jak z kostki lub z kamienia, by wybrane lampy doskonale wsp\u00f3\u0142gra\u0142y z wyko\u0144czeniem podestu? Jakie \u015bwiat\u0142o najlepiej o\u015bwieci taras?","robots":{"index":"index","follow":"follow","max-snippet":"max-snippet:-1","max-image-preview":"max-image-preview:large","max-video-preview":"max-video-preview:-1"},"canonical":"https:\/\/www.meblobranie.pl\/porady\/jak-oswietlic-taras-drewniany-a-jak-z-kostki-lub-z-kamienia\/","twitter_misc":{"Napisane przez":"Dawid z Meblobranie.pl","Szacowany czas czytania":"10 minut"},"schema":{"@context":"https:\/\/schema.org","@graph":[{"@type":"Article","@id":"https:\/\/www.meblobranie.pl\/porady\/jak-oswietlic-taras-drewniany-a-jak-z-kostki-lub-z-kamienia\/#article","isPartOf":{"@id":"https:\/\/www.meblobranie.pl\/porady\/jak-oswietlic-taras-drewniany-a-jak-z-kostki-lub-z-kamienia\/"},"author":{"name":"Dawid z Meblobranie.pl","@id":"https:\/\/www.meblobranie.pl\/porady\/#\/schema\/person\/0c44214399e1752805db67863333461b"},"headline":"Jak o\u015bwietli\u0107 taras ogrodowy?","datePublished":"2025-11-17T19:13:09+00:00","dateModified":"2026-04-12T19:17:40+00:00","mainEntityOfPage":{"@id":"https:\/\/www.meblobranie.pl\/porady\/jak-oswietlic-taras-drewniany-a-jak-z-kostki-lub-z-kamienia\/"},"wordCount":1653,"commentCount":0,"image":{"@id":"https:\/\/www.meblobranie.pl\/porady\/jak-oswietlic-taras-drewniany-a-jak-z-kostki-lub-z-kamienia\/#primaryimage"},"thumbnailUrl":"https:\/\/www.meblobranie.pl\/porady\/wp-content\/uploads\/2021\/02\/meble-tarasowe-technorattan.jpeg","articleSection":["Ogr\u00f3d","Poradnik"],"inLanguage":"pl-PL","potentialAction":[{"@type":"CommentAction","name":"Comment","target":["https:\/\/www.meblobranie.pl\/porady\/jak-oswietlic-taras-drewniany-a-jak-z-kostki-lub-z-kamienia\/#respond"]}]},{"@type":["WebPage","FAQPage"],"@id":"https:\/\/www.meblobranie.pl\/porady\/jak-oswietlic-taras-drewniany-a-jak-z-kostki-lub-z-kamienia\/","url":"https:\/\/www.meblobranie.pl\/porady\/jak-oswietlic-taras-drewniany-a-jak-z-kostki-lub-z-kamienia\/","name":"Jak o\u015bwietli\u0107 taras ogrodowy? - Porady Meblobranie.pl","isPartOf":{"@id":"https:\/\/www.meblobranie.pl\/porady\/#website"},"primaryImageOfPage":{"@id":"https:\/\/www.meblobranie.pl\/porady\/jak-oswietlic-taras-drewniany-a-jak-z-kostki-lub-z-kamienia\/#primaryimage"},"image":{"@id":"https:\/\/www.meblobranie.pl\/porady\/jak-oswietlic-taras-drewniany-a-jak-z-kostki-lub-z-kamienia\/#primaryimage"},"thumbnailUrl":"https:\/\/www.meblobranie.pl\/porady\/wp-content\/uploads\/2021\/02\/meble-tarasowe-technorattan.jpeg","datePublished":"2025-11-17T19:13:09+00:00","dateModified":"2026-04-12T19:17:40+00:00","author":{"@id":"https:\/\/www.meblobranie.pl\/porady\/#\/schema\/person\/0c44214399e1752805db67863333461b"},"description":"Jak o\u015bwietli\u0107 taras drewniany, a jak z kostki lub z kamienia, by wybrane lampy doskonale wsp\u00f3\u0142gra\u0142y z wyko\u0144czeniem podestu? Jakie \u015bwiat\u0142o najlepiej o\u015bwieci taras?","breadcrumb":{"@id":"https:\/\/www.meblobranie.pl\/porady\/jak-oswietlic-taras-drewniany-a-jak-z-kostki-lub-z-kamienia\/#breadcrumb"},"mainEntity":[{"@id":"https:\/\/www.meblobranie.pl\/porady\/jak-oswietlic-taras-drewniany-a-jak-z-kostki-lub-z-kamienia\/#faq-question-1763406245092"},{"@id":"https:\/\/www.meblobranie.pl\/porady\/jak-oswietlic-taras-drewniany-a-jak-z-kostki-lub-z-kamienia\/#faq-question-1763406254889"},{"@id":"https:\/\/www.meblobranie.pl\/porady\/jak-oswietlic-taras-drewniany-a-jak-z-kostki-lub-z-kamienia\/#faq-question-1763406267321"}],"inLanguage":"pl-PL","potentialAction":[{"@type":"ReadAction","target":["https:\/\/www.meblobranie.pl\/porady\/jak-oswietlic-taras-drewniany-a-jak-z-kostki-lub-z-kamienia\/"]}]},{"@type":"ImageObject","inLanguage":"pl-PL","@id":"https:\/\/www.meblobranie.pl\/porady\/jak-oswietlic-taras-drewniany-a-jak-z-kostki-lub-z-kamienia\/#primaryimage","url":"https:\/\/www.meblobranie.pl\/porady\/wp-content\/uploads\/2021\/02\/meble-tarasowe-technorattan.jpeg","contentUrl":"https:\/\/www.meblobranie.pl\/porady\/wp-content\/uploads\/2021\/02\/meble-tarasowe-technorattan.jpeg","width":830,"height":623,"caption":"Meble na taras z technorattanu"},{"@type":"BreadcrumbList","@id":"https:\/\/www.meblobranie.pl\/porady\/jak-oswietlic-taras-drewniany-a-jak-z-kostki-lub-z-kamienia\/#breadcrumb","itemListElement":[{"@type":"ListItem","position":1,"name":"Home","item":"https:\/\/www.meblobranie.pl\/porady\/"},{"@type":"ListItem","position":2,"name":"Jak o\u015bwietli\u0107 taras ogrodowy?"}]},{"@type":"WebSite","@id":"https:\/\/www.meblobranie.pl\/porady\/#website","url":"https:\/\/www.meblobranie.pl\/porady\/","name":"Porady Meblobranie.pl","description":"Blog o tarasach i ogrodach","potentialAction":[{"@type":"SearchAction","target":{"@type":"EntryPoint","urlTemplate":"https:\/\/www.meblobranie.pl\/porady\/?s={search_term_string}"},"query-input":{"@type":"PropertyValueSpecification","valueRequired":true,"valueName":"search_term_string"}}],"inLanguage":"pl-PL"},{"@type":"Person","@id":"https:\/\/www.meblobranie.pl\/porady\/#\/schema\/person\/0c44214399e1752805db67863333461b","name":"Dawid z Meblobranie.pl","image":{"@type":"ImageObject","inLanguage":"pl-PL","@id":"https:\/\/secure.gravatar.com\/avatar\/9ede1c3924e3173d8f3ad05211531161353d772865bc4dacba314dbcd46c0fef?s=96&d=mm&r=g","url":"https:\/\/secure.gravatar.com\/avatar\/9ede1c3924e3173d8f3ad05211531161353d772865bc4dacba314dbcd46c0fef?s=96&d=mm&r=g","contentUrl":"https:\/\/secure.gravatar.com\/avatar\/9ede1c3924e3173d8f3ad05211531161353d772865bc4dacba314dbcd46c0fef?s=96&d=mm&r=g","caption":"Dawid z Meblobranie.pl"},"description":"Lorem Ipsum is simply dummy text of the printing and typesetting industry. Lorem Ipsum has been the industry's standard dummy text ever since the 1500s, when an unknown printer took a galley of type and scrambled it to make a type specimen book."},{"@type":"Question","@id":"https:\/\/www.meblobranie.pl\/porady\/jak-oswietlic-taras-drewniany-a-jak-z-kostki-lub-z-kamienia\/#faq-question-1763406245092","position":1,"url":"https:\/\/www.meblobranie.pl\/porady\/jak-oswietlic-taras-drewniany-a-jak-z-kostki-lub-z-kamienia\/#faq-question-1763406245092","name":"Jak wybra\u0107 bezpieczne o\u015bwietlenie tarasu?","answerCount":1,"acceptedAnswer":{"@type":"Answer","text":"Wybieraj\u0105c o\u015bwietlenie na Tw\u00f3j zadaszony taras, celuj w oprawy o klasie szczelno\u015bci IP44. Natomiast lampy, kt\u00f3re b\u0119d\u0105 nara\u017cone na bezpo\u015brednie dzia\u0142anie warunk\u00f3w atmosferycznych, musz\u0105 mie\u0107 klas\u0119 szczelno\u015bci co najmniej IP54. Dzi\u0119ki temu b\u0119d\u0105 odporne na deszcz, mr\u00f3z i s\u0142o\u0144ce. Je\u015bli planujesz lampy wpuszczane w grunt, zadbaj o jeszcze wy\u017csz\u0105 szczelno\u015b\u0107 (IP67).","inLanguage":"pl-PL"},"inLanguage":"pl-PL"},{"@type":"Question","@id":"https:\/\/www.meblobranie.pl\/porady\/jak-oswietlic-taras-drewniany-a-jak-z-kostki-lub-z-kamienia\/#faq-question-1763406254889","position":2,"url":"https:\/\/www.meblobranie.pl\/porady\/jak-oswietlic-taras-drewniany-a-jak-z-kostki-lub-z-kamienia\/#faq-question-1763406254889","name":"Czym najlepiej o\u015bwietli\u0107 taras?","answerCount":1,"acceptedAnswer":{"@type":"Answer","text":"Decyduj\u0105c si\u0119 na \u017ar\u00f3d\u0142a \u015bwiat\u0142a wok\u00f3\u0142 Twojego domu, warto by\u015b postawi\u0142 na technologi\u0119 LED. Cechuje j\u0105 du\u017ca energooszcz\u0119dno\u015b\u0107 i przyjazno\u015b\u0107 dla \u015brodowiska. O\u015bwietlenie LED zu\u017cyje dla Ciebie do 80% mniej energii ni\u017c tradycyjne \u017car\u00f3wki, a przy tym b\u0119dzie \u015bwieci\u0107 przez wiele lat.","inLanguage":"pl-PL"},"inLanguage":"pl-PL"},{"@type":"Question","@id":"https:\/\/www.meblobranie.pl\/porady\/jak-oswietlic-taras-drewniany-a-jak-z-kostki-lub-z-kamienia\/#faq-question-1763406267321","position":3,"url":"https:\/\/www.meblobranie.pl\/porady\/jak-oswietlic-taras-drewniany-a-jak-z-kostki-lub-z-kamienia\/#faq-question-1763406267321","name":"Czy warto kupi\u0107 lamp\u0119 solarn\u0105 do ogrodu?","answerCount":1,"acceptedAnswer":{"@type":"Answer","text":"Solarne o\u015bwietlenie b\u0119dzie dla Ciebie ekonomiczne i ekologiczne, ale mo\u017ce by\u0107 mniej funkcjonalne, je\u015bli posiadasz taras zadaszony. Pami\u0119taj, \u017ce lampy te potrzebuj\u0105 s\u0142o\u0144ca. Mog\u0105 one jednak stanowi\u0107 doskona\u0142e uzupe\u0142nienie Twojego sta\u0142ego o\u015bwietlenia na tarasie, balkonie czy w ogrodzie.","inLanguage":"pl-PL"},"inLanguage":"pl-PL"}]}},"_links":{"self":[{"href":"https:\/\/www.meblobranie.pl\/porady\/wp-json\/wp\/v2\/posts\/36867","targetHints":{"allow":["GET"]}}],"collection":[{"href":"https:\/\/www.meblobranie.pl\/porady\/wp-json\/wp\/v2\/posts"}],"about":[{"href":"https:\/\/www.meblobranie.pl\/porady\/wp-json\/wp\/v2\/types\/post"}],"author":[{"embeddable":true,"href":"https:\/\/www.meblobranie.pl\/porady\/wp-json\/wp\/v2\/users\/20"}],"replies":[{"embeddable":true,"href":"https:\/\/www.meblobranie.pl\/porady\/wp-json\/wp\/v2\/comments?post=36867"}],"version-history":[{"count":3,"href":"https:\/\/www.meblobranie.pl\/porady\/wp-json\/wp\/v2\/posts\/36867\/revisions"}],"predecessor-version":[{"id":47133,"href":"https:\/\/www.meblobranie.pl\/porady\/wp-json\/wp\/v2\/posts\/36867\/revisions\/47133"}],"wp:featuredmedia":[{"embeddable":true,"href":"https:\/\/www.meblobranie.pl\/porady\/wp-json\/wp\/v2\/media\/28669"}],"wp:attachment":[{"href":"https:\/\/www.meblobranie.pl\/porady\/wp-json\/wp\/v2\/media?parent=36867"}],"wp:term":[{"taxonomy":"category","embeddable":true,"href":"https:\/\/www.meblobranie.pl\/porady\/wp-json\/wp\/v2\/categories?post=36867"},{"taxonomy":"post_tag","embeddable":true,"href":"https:\/\/www.meblobranie.pl\/porady\/wp-json\/wp\/v2\/tags?post=36867"}],"curies":[{"name":"wp","href":"https:\/\/api.w.org\/{rel}","templated":true}]}}