{"id":37106,"date":"2022-05-26T10:59:34","date_gmt":"2022-05-26T08:59:34","guid":{"rendered":"https:\/\/www.meblobranie.pl\/porady\/?p=37106"},"modified":"2022-05-26T11:00:07","modified_gmt":"2022-05-26T09:00:07","slug":"legary-pod-taras-jakie-wybrac-jak-je-polozyc-i-zabezpieczyc","status":"publish","type":"post","link":"https:\/\/www.meblobranie.pl\/porady\/legary-pod-taras-jakie-wybrac-jak-je-polozyc-i-zabezpieczyc\/","title":{"rendered":"Legary pod taras &#8211; jakie wybra\u0107, jak je po\u0142o\u017cy\u0107 i zabezpieczy\u0107?"},"content":{"rendered":"<p>Legary to najwa\u017cniejszy element konstrukcji tarasu drewnianego. Stanowi\u0105 podstaw\u0119 dla desek tarasowych, zapobiegaj\u0105c ugi\u0119ciom, izoluj\u0105 je od gruntu, oraz zapewniaj\u0105 ca\u0142ej konstrukcji integralno\u015b\u0107. Od tego jakie legary pod taras wybierzemy zale\u017cy jego trwa\u0142o\u015b\u0107 i funkcjonalno\u015b\u0107. Jak wybra\u0107 legary pod taras, w jaki spos\u00f3b powinny by\u0107 zabezpieczone, oraz jak uk\u0142ada\u0107 legary, by stanowi\u0142y odpowiednio mocn\u0105 konstrukcj\u0119?<\/p>\n<p><img loading=\"lazy\" decoding=\"async\" class=\"size-full wp-image-37108 aligncenter\" src=\"https:\/\/www.meblobranie.pl\/porady\/wp-content\/uploads\/2022\/05\/legary-pod-taras.jpg\" alt=\"Legary pod taras - poradnik\" width=\"830\" height=\"554\" srcset=\"https:\/\/www.meblobranie.pl\/porady\/wp-content\/uploads\/2022\/05\/legary-pod-taras.jpg 830w, https:\/\/www.meblobranie.pl\/porady\/wp-content\/uploads\/2022\/05\/legary-pod-taras-300x200.jpg 300w, https:\/\/www.meblobranie.pl\/porady\/wp-content\/uploads\/2022\/05\/legary-pod-taras-768x513.jpg 768w\" sizes=\"auto, (max-width: 830px) 100vw, 830px\" \/><!--more--><\/p>\n\n<h2>Jakie legary pod taras &#8211; materia\u0142y i parametry<\/h2>\n<p>Buduj\u0105c taras drewniany mamy kilka mo\u017cliwo\u015bci wyboru materia\u0142\u00f3w, ka\u017cdy z nich ma swoje wady i zalety, ale ka\u017cdy sprawdzi si\u0119 r\u00f3wnie dobrze w wi\u0119kszo\u015bci przypadk\u00f3w. Om\u00f3wimy teraz ka\u017cdy z nich. Dowiedz si\u0119 jakie legary pod taras wybra\u0107.<\/p>\n<h3><strong>Legary drewniane<\/strong><\/h3>\n<p><strong>Zastosowanie legar\u00f3w drewnianych to najpopularniejsze rozwi\u0105zanie.<\/strong> Drewno jest stosunkowo niedrogie, bardzo \u0142atwe w obr\u00f3bce, wytrzyma\u0142e mechanicznie, a drewniany taras jest ekologiczny. Legary z drewna mo\u017cna po\u0142o\u017cy\u0107 zar\u00f3wno pod deski tarasowe naturalne, jak i pod pod\u0142o\u017ce z desek kompozytowych.<\/p>\n<p>Na legary najcz\u0119\u015bciej wykorzystuje si\u0119 powszechne gatunki drzew iglastych, takie jak sosna i \u015bwierk. Spor\u0105 popularno\u015bci\u0105 ciesz\u0105 si\u0119 te\u017c belki z modrzewia syberyjskiego, kt\u00f3ry jest mocniejszy i dobrze sprawdzi si\u0119 na wi\u0119kszych tarasach. Stosunkowo rzadko, ale mo\u017cna spotka\u0107 te\u017c legary z drewna egzotycznego, s\u0105 one jednak drogie, a jego w\u0142a\u015bciwo\u015bci nie daj\u0105 mu w tym przypadku znacz\u0105cej przewagi w stosunku do pospolitego drewna sosnowego.<\/p>\n<p>Wad\u0105 legar\u00f3w drewnianych jest ich podatno\u015b\u0107 na wilgo\u0107 i ple\u015b\u0144, a wi\u0119c na korozj\u0119 biologiczn\u0105. Dlatego konieczne jest odpowiednie zabezpieczenie element\u00f3w konstrukcji. Om\u00f3wimy ten aspekt w dalszej cz\u0119\u015bci tekstu.<\/p>\n<p>[[kategoria:2002:6]]<\/p>\n<h3><strong>Legary kompozytowe<\/strong><\/h3>\n<p>Alternatyw\u0105 dla konstrukcji pod drewniany taras s\u0105 legary kompozytowe. Wykonuj si\u0119 z kompozytu takiego jak deski tarasowe, czyli drewna spajanego za pomoc\u0105 tworzyw sztucznych. Zar\u00f3wno pod wzgl\u0119dem wygl\u0105du, jak i sposobu obr\u00f3bki przypominaj\u0105 one drewno, maj\u0105 mniejsza wytrzyma\u0142o\u015b\u0107 mechaniczn\u0105, jednak s\u0105 odporne na wilgo\u0107, ple\u015b\u0144 i warunki atmosferyczne. Nie wymagaj\u0105 dodatkowego zabezpieczenia, ale kosztuj\u0105 wi\u0119cej ni\u017c legary drewniane.<\/p>\n<p>Mo\u017cna na nich po\u0142o\u017cy\u0107 deski tarasowe z kompozytu lub drewniane. Zobacz nasz artyku\u0142, <a href=\"https:\/\/www.meblobranie.pl\/porady\/jakie-deski-na-taras-drewniane-czy-kompozytowe\/\">jakie deski na taras wybra\u0107<\/a>.<\/p>\n<h3><strong>Legary aluminiowe<\/strong><\/h3>\n<p>Alternatyw\u0105 dla drewna lub jego imitacji s\u0105 legary aluminiowe. Belki z tego lekkiego metalu s\u0105 bardzo wytrzyma\u0142e i odporne na korozj\u0119. Dobrze reaguj\u0105 te\u017c na zmiany temperatury, nawet do\u015b\u0107 ekstremalne. Taras wsparty na legarach z aluminium jest sztywniejszy ni\u017c w przypadku zastosowania element\u00f3w z drewna lub kompozytu. Maj\u0105 te\u017c od nich mniejsz\u0105 \u015brednic\u0119, wi\u0119c wymagaj\u0105 mniej miejsca.<\/p>\n<p><strong>Aluminium najcz\u0119\u015bciej u\u017cywa si\u0119 na nowoczesnych tarasach<\/strong>, na kt\u00f3rych po\u0142o\u017cone s\u0105 deski kompozytowe. Rzadziej u\u017cywa si\u0119 ich pod drewniany taras. Legary z tego metalu s\u0105 drogie, a ich wykonanie tarasu wymaga u\u017cycia innych technik i narz\u0119dzi, ni\u017c w przypadku taras\u00f3w opartych na drewnie i materia\u0142ach drewnopodobnych. Wkr\u0119ty do aluminium powinny by\u0107 pokryte specjaln\u0105 pow\u0142ok\u0105, kt\u00f3ra zapewni, \u017ce na styku dw\u00f3ch metali nie powstanie mikrogniwo, kt\u00f3re doprowadzi do miejscowej korozji chemicznej. Nale\u017cy pami\u0119ta\u0107 tak\u017ce o tym, \u017ce we wn\u0119trzu belki aluminiowej nie powinna zatrzymywa\u0107 si\u0119 woda, co jest niebezpieczne zim\u0105, gdy zamarzaj\u0105c mo\u017ce doprowadzi\u0107 do p\u0119kni\u0119\u0107 i uszkodze\u0144 materia\u0142u.<\/p>\n<div id=\"attachment_37109\" style=\"width: 840px\" class=\"wp-caption aligncenter\"><img loading=\"lazy\" decoding=\"async\" aria-describedby=\"caption-attachment-37109\" class=\"size-full wp-image-37109\" src=\"https:\/\/www.meblobranie.pl\/porady\/wp-content\/uploads\/2022\/05\/legary-metalowe.jpg\" alt=\"Legary metalowe \" width=\"830\" height=\"554\" srcset=\"https:\/\/www.meblobranie.pl\/porady\/wp-content\/uploads\/2022\/05\/legary-metalowe.jpg 830w, https:\/\/www.meblobranie.pl\/porady\/wp-content\/uploads\/2022\/05\/legary-metalowe-300x200.jpg 300w, https:\/\/www.meblobranie.pl\/porady\/wp-content\/uploads\/2022\/05\/legary-metalowe-768x513.jpg 768w\" sizes=\"auto, (max-width: 830px) 100vw, 830px\" \/><p id=\"caption-attachment-37109\" class=\"wp-caption-text\">Legary metalowe<\/p><\/div>\n<h2>Jaka powinna by\u0107 grubo\u015b\u0107 legar\u00f3w pod taras?<\/h2>\n<p>Wymagana grubo\u015b\u0107 legar\u00f3w tarasowych zale\u017cy od wielko\u015bci tarasu i materia\u0142u z jakiego wykonane s\u0105 legary i deski tarasowe.<\/p>\n<p><strong>Standardowe legary drewniane zwykle maj\u0105 wysoko\u015b\u0107 5 cm<\/strong> i przekr\u00f3j kwadratowy, lub prostok\u0105tny, gdzie drugi z bok\u00f3w jest nieco wi\u0119kszy ni\u017c wysoko\u015b\u0107. Legary kompozytowe do uk\u0142adania na s\u0142upkach maj\u0105 podobne wymiary. Je\u017celi deski tarasowe k\u0142adziemy na wylewce z betonu, mo\u017cemy wybra\u0107 cie\u0144sze legary o wysoko\u015bci zaledwie 2 cm.<\/p>\n<p>W przypadku legar\u00f3w aluminiowych przewa\u017cnie stosuje si\u0119 profile kwadratowe o boku 25 lu 30 mm.<\/p>\n<p>[[kategoria:2055:6]]<\/p>\n<h2>Jak zabezpieczy\u0107 legary?<\/h2>\n<p>Spos\u00f3b zabezpieczenia legar\u00f3w tarasowych zale\u017cy od tego z jakiego materia\u0142u s\u0105 one wykonane.<\/p>\n<p>Buduj\u0105c drewniany taras musimy zaopatrzy\u0107 si\u0119 w wysokiej jako\u015bci impregnat. <strong>Kupuj\u0105c legary sosnowe lub \u015bwierkowe wybierajmy drewno impregnowane ci\u015bnieniowo<\/strong>. W\u00f3wczas nie wymaga ono dodatkowych zabezpiecze\u0144 powierzchni. Impregnatem malujemy miejsca ci\u0119cia, poniewa\u017c impregnat m\u00f3g\u0142 nie przenikn\u0105\u0107 w ca\u0142o\u015bci do wn\u0119trza belki. Dodatkowo mo\u017cemy tak\u017ce wprowadzi\u0107 impregnat w otwory pod \u015bruby. By zmniejszy\u0107 uszkodzenia chemiczne, do \u0142\u0105czenia wszystkich element\u00f3w powinny by\u0107 u\u017cywane materia\u0142y (\u015bruby, wkr\u0119ty, gwo\u017adzie, \u0142\u0105czniki) wykonane z metali nierdzewnych, przewa\u017cnie ze stali nierdzewnej i mosi\u0105dzu.<\/p>\n<p>Zabezpieczenia w miejscu ci\u0119cia wymagaj\u0105 te\u017c legary aluminiowe. Ci\u0119cie zmienia struktur\u0119 metalu, przez co staje si\u0119 ona bardziej podatna na utlenianie, a wi\u0119c i korozj\u0119. Aluminium koroduje w wolnym tempie, jednak gdy korozja wniknie g\u0142\u0119boko w jego struktur\u0119, prowadzi to do p\u0119kni\u0119\u0107 i zniszczenia ca\u0142ej konstrukcji. <strong>Dobrym pomys\u0142em mo\u017ce by\u0107 pomalowanie ca\u0142ych belek lakierem<\/strong> przeznaczonym do aluminium, dzi\u0119ki ochronimy legary przed korozj\u0105 powierzchniow\u0105.<\/p>\n<div id=\"attachment_37110\" style=\"width: 840px\" class=\"wp-caption aligncenter\"><img loading=\"lazy\" decoding=\"async\" aria-describedby=\"caption-attachment-37110\" class=\"size-full wp-image-37110\" src=\"https:\/\/www.meblobranie.pl\/porady\/wp-content\/uploads\/2022\/05\/co-ile-legary-pod-taras.jpg\" alt=\"Co ile legary pod taras\" width=\"830\" height=\"554\" srcset=\"https:\/\/www.meblobranie.pl\/porady\/wp-content\/uploads\/2022\/05\/co-ile-legary-pod-taras.jpg 830w, https:\/\/www.meblobranie.pl\/porady\/wp-content\/uploads\/2022\/05\/co-ile-legary-pod-taras-300x200.jpg 300w, https:\/\/www.meblobranie.pl\/porady\/wp-content\/uploads\/2022\/05\/co-ile-legary-pod-taras-768x513.jpg 768w\" sizes=\"auto, (max-width: 830px) 100vw, 830px\" \/><p id=\"caption-attachment-37110\" class=\"wp-caption-text\">Odleg\u0142o\u015bci pomi\u0119dzy legarami dolnymi powinny by\u0107 mniejsze ni\u017c 2 metry<\/p><\/div>\n<h2>Jak uk\u0142ada\u0107 legary pod taras?<\/h2>\n<p>U\u0142o\u017cenie legar\u00f3w to podstawa pod drewniany taras. Bez nich niemo\u017cliwy jest monta\u017c desek tarasowych. W zale\u017cno\u015bci od potrzeb, legary uk\u0142ada si\u0119 bezpo\u015brednio na pod\u0142o\u017cu lub na specjalnie przygotowanych do tego s\u0142upkach.<\/p>\n<h3>Co ile k\u0142a\u015b\u0107 legary pod taras i jak to zrobi\u0107?<\/h3>\n<p>Legary pod taras zwykle uk\u0142ada si\u0119 w formie rusztu, czyli krzy\u017cuj\u0105cych si\u0119 belek. Dolny rz\u0105d zwykle poprowadzony jest wzd\u0142u\u017c desek tarasowych, a g\u00f3rny w poprzek, stanowi\u0105c tym samym dla nich oparcie.<\/p>\n<p>Dolne belki montuje si\u0119 do s\u0142upk\u00f3w za pomoc\u0105 metalowych \u0142\u0105cznik\u00f3w, najcz\u0119\u015bciej w formie k\u0105townik\u00f3w. Po obu stronach belki montuje si\u0119 w betonowym s\u0142upku kotw\u0119 mocuj\u0105c\u0105 \u0142\u0105cznik, nast\u0119pnie oba \u0142\u0105czniki spina si\u0119 \u015brub\u0105, przechodz\u0105c\u0105 przez legar. G\u00f3rny rz\u0105d mocuje si\u0119 na wierzchu dolnego, u\u017cywaj\u0105c do po\u0142\u0105czenia d\u0142ugich wkr\u0119t\u00f3w lub gwo\u017adzi.<\/p>\n<p><strong>Odleg\u0142o\u015bci pomi\u0119dzy legarami dolnymi powinny by\u0107 mniejsze ni\u017c 2 metry, natomiast g\u00f3rne belki rozstawia si\u0119 maksymalnie co 50 cm, by zapobiec uginaniu si\u0119 desek tarasowych.<\/strong><\/p>\n<p>[[kategoria:1848:6]]<\/p>\n<h3>Kiedy k\u0142a\u015b\u0107 legary na pod\u0142o\u017cu?<\/h3>\n<p>Legary bezpo\u015brednio na pod\u0142o\u017cu nale\u017cy u\u0142o\u017cy\u0107 je\u017celi planujemy monta\u017c desek tarasowych na p\u0142ytach, wylewce betonowej lub <a href=\"https:\/\/www.meblobranie.pl\/porady\/jak-zrobic-taras-na-gruncie\/\">taras na gruncie<\/a> . Na przyk\u0142ad podczas remontu balkonu czy zmiany wystroju betonowego tarasu.<\/p>\n<p>W\u00f3wczas mo\u017cemy zakupi\u0107 legary o mniejszych wymiarach poprzecznych, poniewa\u017c nie b\u0119d\u0105 one przenosi\u0107 bezpo\u015bredniego obci\u0105\u017cenia. Po\u0142o\u017cenie ich jest \u0142atwe, po prostu montujemy je do betonowej posadzki za pomoc\u0105 ko\u0142k\u00f3w rozporowych. Nie ma konieczno\u015bci budowania kratownicy, wystarczy po\u0142o\u017cy\u0107 belki w poprzek tarasu co oko\u0142o 50 cm.<\/p>\n<h3>Jak k\u0142a\u015b\u0107 legary na s\u0142upkach<\/h3>\n<p>Je\u017celi drewniany taras ma wspiera\u0107 si\u0119 na pod\u0142o\u017cu ziemnym, konieczne jest zbudowanie s\u0142upk\u00f3w, na kt\u00f3rych oprzemy legary.<\/p>\n<p>By tego dokona\u0107, musimy zaplanowa\u0107 po\u0142o\u017cenie tarasu i legar\u00f3w dolnych. <strong>S\u0142upki powinny znajdowa\u0107 si\u0119 w liniach, a odleg\u0142o\u015b\u0107 w ka\u017cdej linii nie powinna wynosi\u0107 wi\u0119cej ni\u017c 1 m.<\/strong><\/p>\n<p>Nale\u017cy zaplanowa\u0107 po jednej linii po obu bokach tarasu, oraz co najmniej jedn\u0105 w jego centralnej cz\u0119\u015bci. Przy wi\u0119kszych tarasach konieczne jest zastosowanie wi\u0119kszej liczby linii legar\u00f3w, w\u00f3wczas rozstawiamy je r\u00f3wnomiernie, w taki spos\u00f3b by odleg\u0142o\u015bci mi\u0119dzy nimi by\u0142y mniejsze ni\u017c 2 metry.<\/p>\n<p>S\u0142upki najcz\u0119\u015bciej wykonuje si\u0119 w szalunkach traconych. S\u0105 one wykonane z grubego kartonu i maj\u0105 kszta\u0142t rury. Wystarczy wykopa\u0107 do\u0142ek, umie\u015bci\u0107 w nim szalunek i wla\u0107 do \u015brodka beton konstrukcyjny. Przy du\u017cych tarasach, mo\u017cna wzmocni\u0107 s\u0142upki za pomoc\u0105 zbrojenia z betonu i poprzez dodanie do niego st\u0142uczki szklanej. Pami\u0119tajmy jednak o tym, \u017ce b\u0119dziemy wierci\u0107 w s\u0142upkach otwory pod monta\u017c legar\u00f3w drewnianych, kompozytowych lub aluminiowych, dlatego w g\u00f3rnej cz\u0119\u015bci nie powinni\u015bmy umieszcza\u0107 zbrojenia.<\/p>\n<p>Gdy beton stwardnieje, nie ma konieczno\u015bci usuwania szalunku. Mo\u017cna przyst\u0105pi\u0107 do osadzenia na nim legar\u00f3w. Post\u0119puj\u0105c zgodnie z wcze\u015bniej opisan\u0105 instrukcj\u0105, z \u0142atwo\u015bci\u0105 zbudujemy konstrukcj\u0119 dla naszego tarasu.<\/p>\n<p>[[kategoria_img_v:2002:4]]<\/p>\n","protected":false},"excerpt":{"rendered":"<p>Legary to najwa\u017cniejszy element konstrukcji tarasu drewnianego. Stanowi\u0105 podstaw\u0119 dla desek tarasowych, zapobiegaj\u0105c ugi\u0119ciom, izoluj\u0105 je od gruntu, oraz zapewniaj\u0105 ca\u0142ej konstrukcji integralno\u015b\u0107. Od tego jakie legary pod taras wybierzemy zale\u017cy jego trwa\u0142o\u015b\u0107 i funkcjonalno\u015b\u0107. Jak wybra\u0107 legary pod taras, w jaki spos\u00f3b powinny by\u0107 zabezpieczone, oraz jak uk\u0142ada\u0107 legary, by stanowi\u0142y odpowiednio mocn\u0105 konstrukcj\u0119?<\/p>\n","protected":false},"author":20,"featured_media":37108,"comment_status":"open","ping_status":"closed","sticky":false,"template":"","format":"standard","meta":{"_acf_changed":false,"ngg_post_thumbnail":0,"footnotes":""},"categories":[905,6],"tags":[],"class_list":{"0":"post-37106","1":"post","2":"type-post","3":"status-publish","4":"format-standard","5":"has-post-thumbnail","7":"category-ogrod","8":"category-poradnik"},"acf":[],"yoast_head":"<!-- This site is optimized with the Yoast SEO plugin v27.4 - https:\/\/yoast.com\/product\/yoast-seo-wordpress\/ -->\n<title>Legary pod taras - jakie wybra\u0107, jak je po\u0142o\u017cy\u0107 i zabezpieczy\u0107? - Porady Meblobranie.pl<\/title>\n<meta name=\"description\" content=\"Jak wybra\u0107 legary pod taras, w jaki spos\u00f3b powinny by\u0107 zabezpieczone, oraz jak uk\u0142ada\u0107 legary, by stanowi\u0142y odpowiednio mocn\u0105 konstrukcj\u0119?\" \/>\n<meta name=\"robots\" content=\"index, follow, max-snippet:-1, max-image-preview:large, max-video-preview:-1\" \/>\n<link rel=\"canonical\" href=\"https:\/\/www.meblobranie.pl\/porady\/legary-pod-taras-jakie-wybrac-jak-je-polozyc-i-zabezpieczyc\/\" \/>\n<meta name=\"twitter:label1\" content=\"Napisane przez\" \/>\n\t<meta name=\"twitter:data1\" content=\"Dawid z Meblobranie.pl\" \/>\n\t<meta name=\"twitter:label2\" content=\"Szacowany czas czytania\" \/>\n\t<meta name=\"twitter:data2\" content=\"7 minut\" \/>\n<script type=\"application\/ld+json\" class=\"yoast-schema-graph\">{\"@context\":\"https:\\\/\\\/schema.org\",\"@graph\":[{\"@type\":\"Article\",\"@id\":\"https:\\\/\\\/www.meblobranie.pl\\\/porady\\\/legary-pod-taras-jakie-wybrac-jak-je-polozyc-i-zabezpieczyc\\\/#article\",\"isPartOf\":{\"@id\":\"https:\\\/\\\/www.meblobranie.pl\\\/porady\\\/legary-pod-taras-jakie-wybrac-jak-je-polozyc-i-zabezpieczyc\\\/\"},\"author\":{\"name\":\"Dawid z Meblobranie.pl\",\"@id\":\"https:\\\/\\\/www.meblobranie.pl\\\/porady\\\/#\\\/schema\\\/person\\\/0c44214399e1752805db67863333461b\"},\"headline\":\"Legary pod taras &#8211; jakie wybra\u0107, jak je po\u0142o\u017cy\u0107 i zabezpieczy\u0107?\",\"datePublished\":\"2022-05-26T08:59:34+00:00\",\"dateModified\":\"2022-05-26T09:00:07+00:00\",\"mainEntityOfPage\":{\"@id\":\"https:\\\/\\\/www.meblobranie.pl\\\/porady\\\/legary-pod-taras-jakie-wybrac-jak-je-polozyc-i-zabezpieczyc\\\/\"},\"wordCount\":1424,\"commentCount\":0,\"image\":{\"@id\":\"https:\\\/\\\/www.meblobranie.pl\\\/porady\\\/legary-pod-taras-jakie-wybrac-jak-je-polozyc-i-zabezpieczyc\\\/#primaryimage\"},\"thumbnailUrl\":\"https:\\\/\\\/www.meblobranie.pl\\\/porady\\\/wp-content\\\/uploads\\\/2022\\\/05\\\/legary-pod-taras.jpg\",\"articleSection\":[\"Ogr\u00f3d\",\"Poradnik\"],\"inLanguage\":\"pl-PL\",\"potentialAction\":[{\"@type\":\"CommentAction\",\"name\":\"Comment\",\"target\":[\"https:\\\/\\\/www.meblobranie.pl\\\/porady\\\/legary-pod-taras-jakie-wybrac-jak-je-polozyc-i-zabezpieczyc\\\/#respond\"]}]},{\"@type\":\"WebPage\",\"@id\":\"https:\\\/\\\/www.meblobranie.pl\\\/porady\\\/legary-pod-taras-jakie-wybrac-jak-je-polozyc-i-zabezpieczyc\\\/\",\"url\":\"https:\\\/\\\/www.meblobranie.pl\\\/porady\\\/legary-pod-taras-jakie-wybrac-jak-je-polozyc-i-zabezpieczyc\\\/\",\"name\":\"Legary pod taras - jakie wybra\u0107, jak je po\u0142o\u017cy\u0107 i zabezpieczy\u0107? - Porady Meblobranie.pl\",\"isPartOf\":{\"@id\":\"https:\\\/\\\/www.meblobranie.pl\\\/porady\\\/#website\"},\"primaryImageOfPage\":{\"@id\":\"https:\\\/\\\/www.meblobranie.pl\\\/porady\\\/legary-pod-taras-jakie-wybrac-jak-je-polozyc-i-zabezpieczyc\\\/#primaryimage\"},\"image\":{\"@id\":\"https:\\\/\\\/www.meblobranie.pl\\\/porady\\\/legary-pod-taras-jakie-wybrac-jak-je-polozyc-i-zabezpieczyc\\\/#primaryimage\"},\"thumbnailUrl\":\"https:\\\/\\\/www.meblobranie.pl\\\/porady\\\/wp-content\\\/uploads\\\/2022\\\/05\\\/legary-pod-taras.jpg\",\"datePublished\":\"2022-05-26T08:59:34+00:00\",\"dateModified\":\"2022-05-26T09:00:07+00:00\",\"author\":{\"@id\":\"https:\\\/\\\/www.meblobranie.pl\\\/porady\\\/#\\\/schema\\\/person\\\/0c44214399e1752805db67863333461b\"},\"description\":\"Jak wybra\u0107 legary pod taras, w jaki spos\u00f3b powinny by\u0107 zabezpieczone, oraz jak uk\u0142ada\u0107 legary, by stanowi\u0142y odpowiednio mocn\u0105 konstrukcj\u0119?\",\"breadcrumb\":{\"@id\":\"https:\\\/\\\/www.meblobranie.pl\\\/porady\\\/legary-pod-taras-jakie-wybrac-jak-je-polozyc-i-zabezpieczyc\\\/#breadcrumb\"},\"inLanguage\":\"pl-PL\",\"potentialAction\":[{\"@type\":\"ReadAction\",\"target\":[\"https:\\\/\\\/www.meblobranie.pl\\\/porady\\\/legary-pod-taras-jakie-wybrac-jak-je-polozyc-i-zabezpieczyc\\\/\"]}]},{\"@type\":\"ImageObject\",\"inLanguage\":\"pl-PL\",\"@id\":\"https:\\\/\\\/www.meblobranie.pl\\\/porady\\\/legary-pod-taras-jakie-wybrac-jak-je-polozyc-i-zabezpieczyc\\\/#primaryimage\",\"url\":\"https:\\\/\\\/www.meblobranie.pl\\\/porady\\\/wp-content\\\/uploads\\\/2022\\\/05\\\/legary-pod-taras.jpg\",\"contentUrl\":\"https:\\\/\\\/www.meblobranie.pl\\\/porady\\\/wp-content\\\/uploads\\\/2022\\\/05\\\/legary-pod-taras.jpg\",\"width\":830,\"height\":554,\"caption\":\"Legary pod taras - poradnik\"},{\"@type\":\"BreadcrumbList\",\"@id\":\"https:\\\/\\\/www.meblobranie.pl\\\/porady\\\/legary-pod-taras-jakie-wybrac-jak-je-polozyc-i-zabezpieczyc\\\/#breadcrumb\",\"itemListElement\":[{\"@type\":\"ListItem\",\"position\":1,\"name\":\"Home\",\"item\":\"https:\\\/\\\/www.meblobranie.pl\\\/porady\\\/\"},{\"@type\":\"ListItem\",\"position\":2,\"name\":\"Legary pod taras &#8211; jakie wybra\u0107, jak je po\u0142o\u017cy\u0107 i zabezpieczy\u0107?\"}]},{\"@type\":\"WebSite\",\"@id\":\"https:\\\/\\\/www.meblobranie.pl\\\/porady\\\/#website\",\"url\":\"https:\\\/\\\/www.meblobranie.pl\\\/porady\\\/\",\"name\":\"Porady Meblobranie.pl\",\"description\":\"Blog o tarasach i ogrodach\",\"potentialAction\":[{\"@type\":\"SearchAction\",\"target\":{\"@type\":\"EntryPoint\",\"urlTemplate\":\"https:\\\/\\\/www.meblobranie.pl\\\/porady\\\/?s={search_term_string}\"},\"query-input\":{\"@type\":\"PropertyValueSpecification\",\"valueRequired\":true,\"valueName\":\"search_term_string\"}}],\"inLanguage\":\"pl-PL\"},{\"@type\":\"Person\",\"@id\":\"https:\\\/\\\/www.meblobranie.pl\\\/porady\\\/#\\\/schema\\\/person\\\/0c44214399e1752805db67863333461b\",\"name\":\"Dawid z Meblobranie.pl\",\"image\":{\"@type\":\"ImageObject\",\"inLanguage\":\"pl-PL\",\"@id\":\"https:\\\/\\\/secure.gravatar.com\\\/avatar\\\/9ede1c3924e3173d8f3ad05211531161353d772865bc4dacba314dbcd46c0fef?s=96&d=mm&r=g\",\"url\":\"https:\\\/\\\/secure.gravatar.com\\\/avatar\\\/9ede1c3924e3173d8f3ad05211531161353d772865bc4dacba314dbcd46c0fef?s=96&d=mm&r=g\",\"contentUrl\":\"https:\\\/\\\/secure.gravatar.com\\\/avatar\\\/9ede1c3924e3173d8f3ad05211531161353d772865bc4dacba314dbcd46c0fef?s=96&d=mm&r=g\",\"caption\":\"Dawid z Meblobranie.pl\"},\"description\":\"Lorem Ipsum is simply dummy text of the printing and typesetting industry. Lorem Ipsum has been the industry's standard dummy text ever since the 1500s, when an unknown printer took a galley of type and scrambled it to make a type specimen book.\"}]}<\/script>\n<!-- \/ Yoast SEO plugin. -->","yoast_head_json":{"title":"Legary pod taras - jakie wybra\u0107, jak je po\u0142o\u017cy\u0107 i zabezpieczy\u0107? - Porady Meblobranie.pl","description":"Jak wybra\u0107 legary pod taras, w jaki spos\u00f3b powinny by\u0107 zabezpieczone, oraz jak uk\u0142ada\u0107 legary, by stanowi\u0142y odpowiednio mocn\u0105 konstrukcj\u0119?","robots":{"index":"index","follow":"follow","max-snippet":"max-snippet:-1","max-image-preview":"max-image-preview:large","max-video-preview":"max-video-preview:-1"},"canonical":"https:\/\/www.meblobranie.pl\/porady\/legary-pod-taras-jakie-wybrac-jak-je-polozyc-i-zabezpieczyc\/","twitter_misc":{"Napisane przez":"Dawid z Meblobranie.pl","Szacowany czas czytania":"7 minut"},"schema":{"@context":"https:\/\/schema.org","@graph":[{"@type":"Article","@id":"https:\/\/www.meblobranie.pl\/porady\/legary-pod-taras-jakie-wybrac-jak-je-polozyc-i-zabezpieczyc\/#article","isPartOf":{"@id":"https:\/\/www.meblobranie.pl\/porady\/legary-pod-taras-jakie-wybrac-jak-je-polozyc-i-zabezpieczyc\/"},"author":{"name":"Dawid z Meblobranie.pl","@id":"https:\/\/www.meblobranie.pl\/porady\/#\/schema\/person\/0c44214399e1752805db67863333461b"},"headline":"Legary pod taras &#8211; jakie wybra\u0107, jak je po\u0142o\u017cy\u0107 i zabezpieczy\u0107?","datePublished":"2022-05-26T08:59:34+00:00","dateModified":"2022-05-26T09:00:07+00:00","mainEntityOfPage":{"@id":"https:\/\/www.meblobranie.pl\/porady\/legary-pod-taras-jakie-wybrac-jak-je-polozyc-i-zabezpieczyc\/"},"wordCount":1424,"commentCount":0,"image":{"@id":"https:\/\/www.meblobranie.pl\/porady\/legary-pod-taras-jakie-wybrac-jak-je-polozyc-i-zabezpieczyc\/#primaryimage"},"thumbnailUrl":"https:\/\/www.meblobranie.pl\/porady\/wp-content\/uploads\/2022\/05\/legary-pod-taras.jpg","articleSection":["Ogr\u00f3d","Poradnik"],"inLanguage":"pl-PL","potentialAction":[{"@type":"CommentAction","name":"Comment","target":["https:\/\/www.meblobranie.pl\/porady\/legary-pod-taras-jakie-wybrac-jak-je-polozyc-i-zabezpieczyc\/#respond"]}]},{"@type":"WebPage","@id":"https:\/\/www.meblobranie.pl\/porady\/legary-pod-taras-jakie-wybrac-jak-je-polozyc-i-zabezpieczyc\/","url":"https:\/\/www.meblobranie.pl\/porady\/legary-pod-taras-jakie-wybrac-jak-je-polozyc-i-zabezpieczyc\/","name":"Legary pod taras - jakie wybra\u0107, jak je po\u0142o\u017cy\u0107 i zabezpieczy\u0107? - Porady Meblobranie.pl","isPartOf":{"@id":"https:\/\/www.meblobranie.pl\/porady\/#website"},"primaryImageOfPage":{"@id":"https:\/\/www.meblobranie.pl\/porady\/legary-pod-taras-jakie-wybrac-jak-je-polozyc-i-zabezpieczyc\/#primaryimage"},"image":{"@id":"https:\/\/www.meblobranie.pl\/porady\/legary-pod-taras-jakie-wybrac-jak-je-polozyc-i-zabezpieczyc\/#primaryimage"},"thumbnailUrl":"https:\/\/www.meblobranie.pl\/porady\/wp-content\/uploads\/2022\/05\/legary-pod-taras.jpg","datePublished":"2022-05-26T08:59:34+00:00","dateModified":"2022-05-26T09:00:07+00:00","author":{"@id":"https:\/\/www.meblobranie.pl\/porady\/#\/schema\/person\/0c44214399e1752805db67863333461b"},"description":"Jak wybra\u0107 legary pod taras, w jaki spos\u00f3b powinny by\u0107 zabezpieczone, oraz jak uk\u0142ada\u0107 legary, by stanowi\u0142y odpowiednio mocn\u0105 konstrukcj\u0119?","breadcrumb":{"@id":"https:\/\/www.meblobranie.pl\/porady\/legary-pod-taras-jakie-wybrac-jak-je-polozyc-i-zabezpieczyc\/#breadcrumb"},"inLanguage":"pl-PL","potentialAction":[{"@type":"ReadAction","target":["https:\/\/www.meblobranie.pl\/porady\/legary-pod-taras-jakie-wybrac-jak-je-polozyc-i-zabezpieczyc\/"]}]},{"@type":"ImageObject","inLanguage":"pl-PL","@id":"https:\/\/www.meblobranie.pl\/porady\/legary-pod-taras-jakie-wybrac-jak-je-polozyc-i-zabezpieczyc\/#primaryimage","url":"https:\/\/www.meblobranie.pl\/porady\/wp-content\/uploads\/2022\/05\/legary-pod-taras.jpg","contentUrl":"https:\/\/www.meblobranie.pl\/porady\/wp-content\/uploads\/2022\/05\/legary-pod-taras.jpg","width":830,"height":554,"caption":"Legary pod taras - poradnik"},{"@type":"BreadcrumbList","@id":"https:\/\/www.meblobranie.pl\/porady\/legary-pod-taras-jakie-wybrac-jak-je-polozyc-i-zabezpieczyc\/#breadcrumb","itemListElement":[{"@type":"ListItem","position":1,"name":"Home","item":"https:\/\/www.meblobranie.pl\/porady\/"},{"@type":"ListItem","position":2,"name":"Legary pod taras &#8211; jakie wybra\u0107, jak je po\u0142o\u017cy\u0107 i zabezpieczy\u0107?"}]},{"@type":"WebSite","@id":"https:\/\/www.meblobranie.pl\/porady\/#website","url":"https:\/\/www.meblobranie.pl\/porady\/","name":"Porady Meblobranie.pl","description":"Blog o tarasach i ogrodach","potentialAction":[{"@type":"SearchAction","target":{"@type":"EntryPoint","urlTemplate":"https:\/\/www.meblobranie.pl\/porady\/?s={search_term_string}"},"query-input":{"@type":"PropertyValueSpecification","valueRequired":true,"valueName":"search_term_string"}}],"inLanguage":"pl-PL"},{"@type":"Person","@id":"https:\/\/www.meblobranie.pl\/porady\/#\/schema\/person\/0c44214399e1752805db67863333461b","name":"Dawid z Meblobranie.pl","image":{"@type":"ImageObject","inLanguage":"pl-PL","@id":"https:\/\/secure.gravatar.com\/avatar\/9ede1c3924e3173d8f3ad05211531161353d772865bc4dacba314dbcd46c0fef?s=96&d=mm&r=g","url":"https:\/\/secure.gravatar.com\/avatar\/9ede1c3924e3173d8f3ad05211531161353d772865bc4dacba314dbcd46c0fef?s=96&d=mm&r=g","contentUrl":"https:\/\/secure.gravatar.com\/avatar\/9ede1c3924e3173d8f3ad05211531161353d772865bc4dacba314dbcd46c0fef?s=96&d=mm&r=g","caption":"Dawid z Meblobranie.pl"},"description":"Lorem Ipsum is simply dummy text of the printing and typesetting industry. Lorem Ipsum has been the industry's standard dummy text ever since the 1500s, when an unknown printer took a galley of type and scrambled it to make a type specimen book."}]}},"_links":{"self":[{"href":"https:\/\/www.meblobranie.pl\/porady\/wp-json\/wp\/v2\/posts\/37106","targetHints":{"allow":["GET"]}}],"collection":[{"href":"https:\/\/www.meblobranie.pl\/porady\/wp-json\/wp\/v2\/posts"}],"about":[{"href":"https:\/\/www.meblobranie.pl\/porady\/wp-json\/wp\/v2\/types\/post"}],"author":[{"embeddable":true,"href":"https:\/\/www.meblobranie.pl\/porady\/wp-json\/wp\/v2\/users\/20"}],"replies":[{"embeddable":true,"href":"https:\/\/www.meblobranie.pl\/porady\/wp-json\/wp\/v2\/comments?post=37106"}],"version-history":[{"count":0,"href":"https:\/\/www.meblobranie.pl\/porady\/wp-json\/wp\/v2\/posts\/37106\/revisions"}],"wp:featuredmedia":[{"embeddable":true,"href":"https:\/\/www.meblobranie.pl\/porady\/wp-json\/wp\/v2\/media\/37108"}],"wp:attachment":[{"href":"https:\/\/www.meblobranie.pl\/porady\/wp-json\/wp\/v2\/media?parent=37106"}],"wp:term":[{"taxonomy":"category","embeddable":true,"href":"https:\/\/www.meblobranie.pl\/porady\/wp-json\/wp\/v2\/categories?post=37106"},{"taxonomy":"post_tag","embeddable":true,"href":"https:\/\/www.meblobranie.pl\/porady\/wp-json\/wp\/v2\/tags?post=37106"}],"curies":[{"name":"wp","href":"https:\/\/api.w.org\/{rel}","templated":true}]}}