{"id":37162,"date":"2022-05-31T12:17:16","date_gmt":"2022-05-31T10:17:16","guid":{"rendered":"https:\/\/www.meblobranie.pl\/porady\/?p=37162"},"modified":"2022-05-31T12:18:07","modified_gmt":"2022-05-31T10:18:07","slug":"jak-przedluzyc-taras-jak-powiekszyc-taras","status":"publish","type":"post","link":"https:\/\/www.meblobranie.pl\/porady\/jak-przedluzyc-taras-jak-powiekszyc-taras\/","title":{"rendered":"Jak przed\u0142u\u017cy\u0107 taras? Jak powi\u0119kszy\u0107 taras?"},"content":{"rendered":"<p>Jak przed\u0142u\u017cy\u0107 taras drewniany, a jak betonowy? Jakie czynno\u015bci b\u0119d\u0105 tu konieczne i czy potrzebna nam przy tym b\u0119dzie zgoda na budow\u0119 tarasu? O tym wszystkim ju\u017c za chwil\u0119. Pozosta\u0144 z nami!<\/p>\n<p><img loading=\"lazy\" decoding=\"async\" class=\"size-full wp-image-37163 aligncenter\" src=\"https:\/\/www.meblobranie.pl\/porady\/wp-content\/uploads\/2022\/05\/jak-przedlozyc-taras.jpg\" alt=\"Jak przed\u0142u\u017cy\u0107 taras?\" width=\"830\" height=\"554\" srcset=\"https:\/\/www.meblobranie.pl\/porady\/wp-content\/uploads\/2022\/05\/jak-przedlozyc-taras.jpg 830w, https:\/\/www.meblobranie.pl\/porady\/wp-content\/uploads\/2022\/05\/jak-przedlozyc-taras-300x200.jpg 300w, https:\/\/www.meblobranie.pl\/porady\/wp-content\/uploads\/2022\/05\/jak-przedlozyc-taras-768x513.jpg 768w\" sizes=\"auto, (max-width: 830px) 100vw, 830px\" \/><!--more--><\/p>\n\n<h2>Budowa tarasu. Czy mo\u017cna przed\u0142u\u017cy\u0107 i poszerzy\u0107 taras?<\/h2>\n<p>Taras to przed\u0142u\u017cenie salonu i s\u0142u\u017cy nam przede wszystkim do wygodnego wypoczynku na \u015bwie\u017cym powietrzu. Niekiedy jednak po pewnym czasie okazuje si\u0119 on zbyt ma\u0142y, a jednocze\u015bnie mamy na tyle miejsca przy domu, by go przed\u0142u\u017cy\u0107. Co wi\u0119cej, <strong>taras to jeden z tych element\u00f3w architektury, kt\u00f3re s\u0105 wyj\u0105tkowo nara\u017cone na niszczenie<\/strong> &#8211; znajduje si\u0119 ca\u0142kowicie na zewn\u0105trz budynku i nie zawsze chroni go zadaszenie. Znaczna podatno\u015b\u0107 na niszczenie i wszelkiego rodzaju uszkodzenia dotycz\u0105 zw\u0142aszcza tarasu naziemnego, kt\u00f3ry nara\u017cony jest na dzia\u0142anie niesprzyjaj\u0105cych warunk\u00f3w z obu stron nawierzchni. Z jednej strony jego powierzchni\u0119 mog\u0105 niszczy\u0107 opady deszczu i \u015bniegu, a tak\u017ce r\u00f3\u017cnice temperaturowe. Od spodu natomiast przenika do niego wilgo\u0107 gruntowa, a zamarzaj\u0105ca ziemia napiera na ca\u0142\u0105 konstrukcj\u0119. W efekcie mo\u017ce doj\u015b\u0107 nie tylko do uszkodzenia samej nawierzchni tarasu, ale r\u00f3wnie\u017c jego struktury no\u015bnej. <a href=\"https:\/\/www.meblobranie.pl\/porady\/jak-zrobic-taras-na-gruncie\/\">Tarasy budowane na gruncie<\/a> to konstrukcje ziemne, drewniane lub z p\u0142yt\u0105 betonow\u0105 opart\u0105 na podmur\u00f3wce. Wyniesione tarasy lub <a href=\"https:\/\/www.meblobranie.pl\/porady\/taras-na-pochylym-terenie-porady-i-ciekawe-rozwiazania\/\">tarasy na pochy\u0142ym terenie<\/a> z kolei tworzy si\u0119 w formie nasypu z kruszywa i otacza obramowaniem albo skarp\u0105.<\/p>\n<p>[[kategoria:2055:6]]<\/p>\n<p>Przylegaj\u0105cy do domu taras drewniany lub betonowy warto przed\u0142u\u017cy\u0107 w momencie, gdy potrzebuje ju\u017c remontu. Przy okazji mo\u017cemy naprawi\u0107 istniej\u0105ce uszkodzenia lub nawet zbudowa\u0107 nowy taras, kt\u00f3ry b\u0119dzie nam s\u0142u\u017cy\u0142 d\u0142u\u017cej i b\u0119dzie bardziej nowoczesny. Co jeszcze warto wiedzie\u0107 na ten temat?<\/p>\n<ul>\n<li>Nawierzchnia tarasu wykonana z kostki kamiennej, kostki brukowej, p\u0142yt betonowych, \u017cwiru lub klock\u00f3w drewnianych jest w pe\u0142ni przepuszczalna dla opad\u00f3w, a ewentualne uszkodzenia s\u0105 skutkiem ulewnych deszczy i rozmywania pod\u0142o\u017ca ziemnego.<\/li>\n<li>Taras drewniany to konstrukcja szkieletowa, w kt\u00f3rej nawierzchni\u0119 z desek mocuje si\u0119 do belek no\u015bnych na betonowych s\u0142upkach fundamentowych. Uszkodzenia w takim tarasie spowodowane s\u0105 zwykle butwieniem drewna, kt\u00f3re traci w jego wyniku swoj\u0105 wytrzyma\u0142o\u015b\u0107.<\/li>\n<li>Na tarasie betonowym powierzchnia szybko ulega zniszczeniom w przypadku, gdy pokrywaj\u0105ce go p\u0142ytki ceramiczne zosta\u0142y nieodpowiednio po\u0142o\u017cone. Niszczeniu mo\u017ce te\u017c ulega\u0107 konstrukcja tarasu, kt\u00f3ra nara\u017cona jest na cykliczne zamarzanie i rozmarzanie. Remont takiego tarasu wymaga zwykle przebudowania ca\u0142ej konstrukcji, poniewa\u017c powierzchniowe naprawy nie przynosz\u0105 spodziewanych rezultat\u00f3w.<\/li>\n<\/ul>\n<p>Dodajmy, \u017ce przed\u0142u\u017cenie tarasu w budynku mieszkalnym wymaga uprzedniego uzyskania pozwolenia na rozbudow\u0119.<\/p>\n<h2>Jak powi\u0119kszy\u0107 taras naziemny?<\/h2>\n<p>Powi\u0119kszanie tarasu naziemnego jest mniej op\u0142acalne i bardziej pracoch\u0142onne ni\u017c zbudowanie go na nowo, cho\u0107 oczywi\u015bcie wiele element\u00f3w nawierzchni mo\u017cemy wykorzysta\u0107 ponownie. Je\u017celi <strong>nawierzchnia tarasu <\/strong>przy domu znajduje si\u0119 na niew\u0142a\u015bciwej podsypce (na przyk\u0142ad ze zwyk\u0142ej ziemi), nale\u017cy usun\u0105\u0107 co najmniej dziesi\u0119ciocentymetrow\u0105 warstw\u0119 podk\u0142adu i zast\u0105pi\u0107 go piaskiem stabilizowanym cementem. Wa\u017cnym elementem \u015bwiadcz\u0105cym o stanie naszej konstrukcji jest te\u017c obramowanie. W przypadku rozchodz\u0105cego si\u0119 obramowania mo\u017cna niekiedy zastosowa\u0107 wzmocnienie w postaci dodatkowej palisady wykonanej z betonowych tralek, kt\u00f3re osadza si\u0119 w gruncie na g\u0142\u0119boko\u015b\u0107 30-40 cm. Wykonanie trwa\u0142ej stabilizacji mo\u017ce jednak wymaga\u0107 utworzenia betonowej, zafundamentowanej opaski.<\/p>\n<p>W jaki spos\u00f3b mo\u017cna jeszcze zabezpieczy\u0107 nieutwardzone skarpy tarasu, kt\u00f3re zwykle ulegaj\u0105 rozmywaniu w pierwszych latach u\u017cytkowania?<\/p>\n<ul>\n<li>Poprzez u\u0142o\u017cenie specjalnej siatki zakotwionej w utwardzonym pod\u0142o\u017cu,<\/li>\n<li>Poprzez zastosowanie a\u017curowych bloczk\u00f3w betonowych,<\/li>\n<li>Poprzez zmniejszenie k\u0105ta nachylenia nasypu (kraw\u0119dzi tarasu),<\/li>\n<li>Poprzez nasadzenie ro\u015blin o rozro\u015bni\u0119tym i g\u0142\u0119bokim systemie korzeniowym.<\/li>\n<\/ul>\n<div id=\"attachment_37164\" style=\"width: 840px\" class=\"wp-caption aligncenter\"><img loading=\"lazy\" decoding=\"async\" aria-describedby=\"caption-attachment-37164\" class=\"wp-image-37164 size-full\" src=\"https:\/\/www.meblobranie.pl\/porady\/wp-content\/uploads\/2022\/05\/przedluzenie-tarasu.jpg\" alt=\"Przed\u0142u\u017cenie tarasu na s\u0142upach \" width=\"830\" height=\"554\" srcset=\"https:\/\/www.meblobranie.pl\/porady\/wp-content\/uploads\/2022\/05\/przedluzenie-tarasu.jpg 830w, https:\/\/www.meblobranie.pl\/porady\/wp-content\/uploads\/2022\/05\/przedluzenie-tarasu-300x200.jpg 300w, https:\/\/www.meblobranie.pl\/porady\/wp-content\/uploads\/2022\/05\/przedluzenie-tarasu-768x513.jpg 768w\" sizes=\"auto, (max-width: 830px) 100vw, 830px\" \/><p id=\"caption-attachment-37164\" class=\"wp-caption-text\">Przed\u0142u\u017cenie tarasu na s\u0142upach<\/p><\/div>\n<h2>Jak przed\u0142u\u017cy\u0107 taras drewniany?<\/h2>\n<p>Planuj\u0105c przed\u0142u\u017cenie drewnianego tarasu przy domu, warto wzi\u0105\u0107 pod uwag\u0119 fakt, i\u017c przy okazji by\u0107 mo\u017ce trzeba b\u0119dzie wymieni\u0107 nie tylko uszkodzenie deski pod\u0142ogowe nawierzchni, ale te\u017c odtworzy\u0107 ca\u0142\u0105 konstrukcj\u0119 (zw\u0142aszcza, je\u015bli taras s\u0142u\u017cy nam ju\u017c przez d\u0142u\u017cszy czas). Nale\u017cy pami\u0119ta\u0107, \u017ce zar\u00f3wno do przed\u0142u\u017cenia, jak i do budowy nowego tarasu, u\u017cywa si\u0119 drewna struganego ze wszystkich stron i poddanego impregnacji ci\u015bnieniowej. Drewno warto te\u017c wzmocni\u0107 dodatkowo powierzchniowym impregnatem barwi\u0105cym, kt\u00f3ry pozwoli na uzyskanie po\u017c\u0105danego koloru desek tarasowych. <strong>Przed\u0142u\u017canie i budowa tarasu wymagaj\u0105 odizolowania konstrukcji no\u015bnej od betonowych s\u0142upk\u00f3w fundamentowych<\/strong> poprzez zastosowanie podw\u00f3jnej warstwy papy oraz zapewnienie przewiewu pod nawierzchni\u0105. Trwa\u0142e i estetyczne tarasy powstaj\u0105 zar\u00f3wno w efekcie zastosowania drewna krajowego, jak i drewna egzotycznego (cho\u0107 w tym drugim przypadku koszt ich budowy b\u0119dzie znacznie wy\u017cszy).<\/p>\n<p><strong>Jak zbudowa\u0107 taras drewniany lub go przed\u0142u\u017cy\u0107?<\/strong><\/p>\n<ul>\n<li>Pierwszy krok obejmuje przygotowanie gruntu, kt\u00f3ry powinny stanowi\u0107 p\u0142yty betonowe albo chodnikowe u\u0142o\u017cone na r\u00f3wnej ziemi w pewnych odst\u0119pach.<\/li>\n<li>Do p\u0142yt mocujemy legary (na przyk\u0142ad zaimpregnowane \u015bwierkowe kant\u00f3wki), mocuj\u0105c je w betonowym pod\u0142o\u017cu (zobacz <a href=\"https:\/\/www.meblobranie.pl\/porady\/legary-pod-taras-jakie-wybrac-jak-je-polozyc-i-zabezpieczyc\/\">jak wybra\u0107 i k\u0142a\u015b\u0107 legary pod taras<\/a>). Podk\u0142adamy pod nie kawa\u0142ki papy, kt\u00f3ra b\u0119dzie je chroni\u0107 od spodu.<\/li>\n<li>Teraz przychodzi pora na deski tarasowe, kt\u00f3re przycinamy do odpowiedniej d\u0142ugo\u015bci. Uwaga! Mierzymy szeroko\u015b\u0107 tarasu przy ka\u017cdej pojedynczej desce, poniewa\u017c wymiary mog\u0105 si\u0119 nieznacznie r\u00f3\u017cni\u0107 (o czym mog\u0105 zadecydowa\u0107 na przyk\u0142ad nier\u00f3wno\u015bci \u015bcian budynku). Polecamy nasz artyku\u0142, <a href=\"https:\/\/www.meblobranie.pl\/porady\/jakie-deski-na-taras-drewniane-czy-kompozytowe\/\">jakie deski na taras<\/a>?<\/li>\n<li>Deski tarasowe uk\u0142adamy najcz\u0119\u015bciej wzd\u0142u\u017c lub wszerz (cho\u0107 mo\u017cna je te\u017c przeplata\u0107, jednak jest to bardziej skomplikowany proces). Dobrze by\u0142oby, gdyby deska tarasowa mog\u0142a by\u0107 u\u0142o\u017cona w taki spos\u00f3b, by wg\u0142\u0119bienia chroni\u0105ce przed po\u015blizgiem przebiega\u0142y wzd\u0142u\u017c linii spadku tarasu, dzi\u0119ki czemu unikniemy zatrzymywania si\u0119 wody.<\/li>\n<li>Doci\u0119te deski malujemy olejem do drewna tarasowego, a nast\u0119pnie przykr\u0119camy do drewnianych legar\u00f3w przy u\u017cyciu specjalnych wkr\u0119t\u00f3w do budowy tarasu, kt\u00f3re maj\u0105 specyficzny kszta\u0142t, s\u0105 odporne na czynniki atmosferyczne i nie ulegaj\u0105 korozji. Najpierw nawiercamy otw\u00f3r, a nast\u0119pnie przywiercamy desk\u0119 wkr\u0119tem, co pozwala unikn\u0105\u0107 p\u0119kania drewna wok\u00f3\u0142 dziury. Przymocowane deski powinny wystawa\u0107 kilka centymetr\u00f3w na traw\u0119, by woda mog\u0142a swobodnie sp\u0142ywa\u0107.<\/li>\n<\/ul>\n<p>[[kategoria:2002:6]]<\/p>\n<h2>Jak powi\u0119kszy\u0107 taras betonowy (z p\u0142yt lub z kostki betonowej)?<\/h2>\n<p>Tarasy betonowe, kt\u00f3rych nawierzchni\u0119 stanowi\u0105 kostka brukowa, kamienne p\u0142yty lub p\u0142yty betonowe, mo\u017cna r\u00f3wnie\u017c powi\u0119kszy\u0107, przy czym je\u015bli uda nam si\u0119 znale\u017a\u0107 identyczne materia\u0142y wyko\u0144czeniowe, mo\u017cemy oczywi\u015bcie wykorzysta\u0107 te, kt\u00f3re znajduj\u0105 si\u0119 ju\u017c na tarasie. Je\u015bli jednak konstrukcja naszego tarasu wymaga naprawy lub wymiany, optymalnym rozwi\u0105zaniem b\u0119dzie zbudowanie jej na nowo. Kiedy mo\u017cna wykorzysta\u0107 istniej\u0105ce pod\u0142o\u017ce betonowe pod now\u0105 nawierzchni\u0119? Wszystko zale\u017ce\u0107 b\u0119dzie od poziomu jej powierzchni wzgl\u0119dem dolnej kraw\u0119dzi drzwi tarasowych. Rama nie mo\u017ce si\u0119 znajdowa\u0107 poni\u017cej tej wysoko\u015bci. Je\u017celi odleg\u0142o\u015b\u0107 nie przekracza 8 cm, mo\u017cemy si\u0119 pokusi\u0107 o po\u0142o\u017cenie p\u0142ytek ceramicznych uk\u0142adanych na klej. W przeciwnym przypadku b\u0119dziemy mogli wyko\u0144czy\u0107 pod\u0142og\u0119 z wykorzystaniem paneli kompozytowych, p\u0142yt kamiennych albo p\u0142yt cementowych.<\/p>\n<p><strong>Jak przed\u0142u\u017cy\u0107 lub zbudowa\u0107 taras betonowy?<\/strong><\/p>\n<ul>\n<li>Przygotowujemy pod\u0142o\u017ce podobnie jak w przypadku tarasu, kt\u00f3rego wyko\u0144czenie stanowi drewno.<\/li>\n<li>Rozk\u0142adamy na pod\u0142o\u017cu warstw\u0119 zaprawy drena\u017cowej i uk\u0142adamy na niej p\u0142yty, pozostawiaj\u0105c na stykach szczeliny o szeroko\u015bci 5 mm. Na koniec wype\u0142niamy je warstw\u0105 drobnego piasku. Zaprawa drena\u017cowa pozwala na &#8220;przyklejanie&#8221; p\u0142yt do pod\u0142o\u017ca i pozostawienie odkrytych spoin bez wype\u0142nienia (na sp\u00f3d p\u0142yty nanosi si\u0119 preparat kontaktowy i dociska j\u0105 do warstwy drena\u017cowej).<\/li>\n<li>Zapewniamy na kraw\u0119dziach tarasu swobodny odp\u0142yw wody opadowej, montuj\u0105c specjaln\u0105 rynienk\u0119.<\/li>\n<\/ul>\n<div id=\"attachment_37165\" style=\"width: 840px\" class=\"wp-caption aligncenter\"><img loading=\"lazy\" decoding=\"async\" aria-describedby=\"caption-attachment-37165\" class=\"wp-image-37165 size-full\" src=\"https:\/\/www.meblobranie.pl\/porady\/wp-content\/uploads\/2022\/05\/przedluzanie-tarasu-drewnianego.jpg\" alt=\"Przed\u0142u\u017canie tarasu betonowego \" width=\"830\" height=\"554\" srcset=\"https:\/\/www.meblobranie.pl\/porady\/wp-content\/uploads\/2022\/05\/przedluzanie-tarasu-drewnianego.jpg 830w, https:\/\/www.meblobranie.pl\/porady\/wp-content\/uploads\/2022\/05\/przedluzanie-tarasu-drewnianego-300x200.jpg 300w, https:\/\/www.meblobranie.pl\/porady\/wp-content\/uploads\/2022\/05\/przedluzanie-tarasu-drewnianego-768x513.jpg 768w\" sizes=\"auto, (max-width: 830px) 100vw, 830px\" \/><p id=\"caption-attachment-37165\" class=\"wp-caption-text\">Przed\u0142u\u017canie tarasu betonowego<\/p><\/div>\n<h2>Jak przed\u0142u\u017cy\u0107 taras z p\u0142ytek ceramicznych?<\/h2>\n<p>Tarasy z p\u0142ytek ceramicznych s\u0105 wyj\u0105tkowo estetyczne, jednak je\u015bli chcemy je przed\u0142u\u017cy\u0107, musimy liczy\u0107 si\u0119 z tym, \u017ce nie wykorzystamy starego materia\u0142u. Nawet je\u015bli uda nam si\u0119 znale\u017a\u0107 taki sam wz\u00f3r i kolor p\u0142ytek, b\u0119d\u0105 si\u0119 one z pewno\u015bci\u0105 r\u00f3\u017cni\u0107 od tych, kt\u00f3re by\u0142y przez lata u\u017cytkowane i kt\u00f3re nara\u017cone by\u0142y codziennie na <strong>dzia\u0142anie czynnik\u00f3w zewn\u0119trznych<\/strong>. Dlatego te\u017c, planuj\u0105c poszerzenie tarasu wy\u0142o\u017conego p\u0142ytkami, trzeba wzi\u0105\u0107 pod uwag\u0119 fakt, \u017ce jego nawierzchni\u0119 w ca\u0142o\u015bci b\u0119dziemy musieli pokry\u0107 nowym materia\u0142em, a star\u0105 nawierzchni\u0119 trzeba b\u0119dzie w ca\u0142o\u015bci zerwa\u0107.<\/p>\n<p>Je\u017celi zewn\u0119trzna warstwa betonu kruszy si\u0119 i pyli, nale\u017cy j\u0105 usun\u0105\u0107 szlifierk\u0105 a\u017c do momentu, gdy pojawi si\u0119 twarda powierzchnia. Na tak przygotowany beton uk\u0142adamy izolacj\u0119 podp\u0142ytkow\u0105 z tak zwanej p\u0142ynnej folii lub z zaprawy wodoszczelnej. Uwaga! Mocowanie p\u0142ytek z u\u017cyciem elastycznej zaprawy klejowej nie mo\u017ce spowodowa\u0107 pozostawienia pod nimi pustych przestrzeni, kt\u00f3re mog\u0142yby podbiega\u0107 wod\u0105. Do fugowania p\u0142ytek wykorzystujemy elastyczn\u0105 zapraw\u0119 spoinuj\u0105c\u0105, natomiast w miejscach, gdzie przebiegaj\u0105 dylatacje, wype\u0142niamy spoiny specjalnie do tego celu przeznaczonym silikonem.<\/p>\n<p>Je\u017celi szukasz alternatywny dla ceramiki, zobacz wpis &#8211; <a href=\"https:\/\/www.meblobranie.pl\/porady\/co-na-taras-lub-balkon-zamiast-plytek\/\">co na taras zamiast p\u0142ytek<\/a>?<\/p>\n<p>[[kategoria:1848:5]]<\/p>\n<h2>Jak zrobi\u0107 podwy\u017cszony taras?<\/h2>\n<p>Budowa i powi\u0119kszanie tarasu naziemnego rz\u0105dz\u0105 si\u0119 swoimi prawami i s\u0105 prostsze ni\u017c budowa i powi\u0119kszanie tarasu podwy\u017cszonego. W obu jednak przypadkach rozszerzanie tarasu najlepiej po\u0142\u0105czy\u0107 z gruntownym remontem konstrukcji lub (nawet lepiej) z jej zbudowaniem od podstaw. Dzi\u0119ki temu nasz taras b\u0119dzie s\u0142u\u017cy\u0142 o wiele d\u0142u\u017cej, a przy tym b\u0119dzie bardziej estetyczny. Rodzaj <strong>konstrukcji pod taras<\/strong> zale\u017cy od jego wielko\u015bci, po\u017c\u0105danej wysoko\u015bci oraz przewidzianych obci\u0105\u017ce\u0144 (<a href=\"\/ogrod-meble-ogrodowe\">meble tarasowe<\/a>, grill, u\u017cytkownicy). Co to oznacza? Je\u015bli mamy na celu niewielkie podwy\u017cszenie, si\u0119gaj\u0105ce 40 cm, najszybszym i najprostszym rozwi\u0105zaniem b\u0119dzie zastosowanie wspornik\u00f3w tarasowych, kt\u00f3re pozwol\u0105 dodatkowo wprowadzi\u0107 ma\u0142y k\u0105t nachylenia (dzi\u0119ki niemu stwarzamy mo\u017cliwo\u015b\u0107 szybkiego odprowadzenia wody, co zapobiega powstawaniu \u015bliskich, niebezpiecznych dla u\u017cytkownik\u00f3w, powierzchni). Wsporniki umieszczamy na warstwie zag\u0119szczonego t\u0142ucznia, kruszywa lub betonu w p\u00f3\u0142metrowych odst\u0119pach.<\/p>\n<p>Co zrobi\u0107, je\u015bli chcemy podnie\u015b\u0107 taras w ogrodzie na wy\u017cszy poziom?<\/p>\n<ul>\n<li>Wykorzystujemy do tego celu s\u0142upy wykonane ze stali, drewna albo wzmocnionego betonu. Wybieramy modele o przekroju ko\u0142a lub kwadratu.<\/li>\n<li>Wprowadzamy je do wykop\u00f3w wykonanych poni\u017cej strefy przemarzania, a wi\u0119c 50-100 cm od powierzchni, w odst\u0119pach od 1 do 4 m.<\/li>\n<li>Przy pomocy specjalnych podk\u0142adek wkr\u0119camy do s\u0142up\u00f3w kompozytowe lub drewniane legary.<\/li>\n<li>Brzegi tarasu przy domu mo\u017cna pozostawi\u0107 a\u017curowe, obsadzi\u0107 zieleni\u0105 albo wyko\u0144czy\u0107 na r\u00f3\u017cne sposoby: murkami \u017celbetowymi, deskami albo gabionami wype\u0142nionymi ziemi\u0105 lub kamieniami.<\/li>\n<\/ul>\n<p>[[kategoria_img_v:2055:3]]<\/p>\n","protected":false},"excerpt":{"rendered":"<p>Jak przed\u0142u\u017cy\u0107 taras drewniany, a jak betonowy? Jakie czynno\u015bci b\u0119d\u0105 tu konieczne i czy potrzebna nam przy tym b\u0119dzie zgoda na budow\u0119 tarasu? O tym wszystkim ju\u017c za chwil\u0119. Pozosta\u0144 z nami!<\/p>\n","protected":false},"author":20,"featured_media":37163,"comment_status":"open","ping_status":"closed","sticky":false,"template":"","format":"standard","meta":{"_acf_changed":false,"ngg_post_thumbnail":0,"footnotes":""},"categories":[905,6],"tags":[],"class_list":{"0":"post-37162","1":"post","2":"type-post","3":"status-publish","4":"format-standard","5":"has-post-thumbnail","7":"category-ogrod","8":"category-poradnik"},"acf":[],"yoast_head":"<!-- This site is optimized with the Yoast SEO plugin v27.4 - https:\/\/yoast.com\/product\/yoast-seo-wordpress\/ -->\n<title>Jak przed\u0142u\u017cy\u0107 taras? Jak powi\u0119kszy\u0107 taras? - Porady Meblobranie.pl<\/title>\n<meta name=\"description\" content=\"Jak przed\u0142u\u017cy\u0107 taras drewniany, a jak betonowy? Jakie czynno\u015bci b\u0119d\u0105 tu konieczne i czy potrzebna nam przy tym b\u0119dzie zgoda na budow\u0119 tarasu?\" \/>\n<meta name=\"robots\" content=\"index, follow, max-snippet:-1, max-image-preview:large, max-video-preview:-1\" \/>\n<link rel=\"canonical\" href=\"https:\/\/www.meblobranie.pl\/porady\/jak-przedluzyc-taras-jak-powiekszyc-taras\/\" \/>\n<meta name=\"twitter:label1\" content=\"Napisane przez\" \/>\n\t<meta name=\"twitter:data1\" content=\"Dawid z Meblobranie.pl\" \/>\n\t<meta name=\"twitter:label2\" content=\"Szacowany czas czytania\" \/>\n\t<meta name=\"twitter:data2\" content=\"9 minut\" \/>\n<script type=\"application\/ld+json\" class=\"yoast-schema-graph\">{\"@context\":\"https:\\\/\\\/schema.org\",\"@graph\":[{\"@type\":\"Article\",\"@id\":\"https:\\\/\\\/www.meblobranie.pl\\\/porady\\\/jak-przedluzyc-taras-jak-powiekszyc-taras\\\/#article\",\"isPartOf\":{\"@id\":\"https:\\\/\\\/www.meblobranie.pl\\\/porady\\\/jak-przedluzyc-taras-jak-powiekszyc-taras\\\/\"},\"author\":{\"name\":\"Dawid z Meblobranie.pl\",\"@id\":\"https:\\\/\\\/www.meblobranie.pl\\\/porady\\\/#\\\/schema\\\/person\\\/0c44214399e1752805db67863333461b\"},\"headline\":\"Jak przed\u0142u\u017cy\u0107 taras? Jak powi\u0119kszy\u0107 taras?\",\"datePublished\":\"2022-05-31T10:17:16+00:00\",\"dateModified\":\"2022-05-31T10:18:07+00:00\",\"mainEntityOfPage\":{\"@id\":\"https:\\\/\\\/www.meblobranie.pl\\\/porady\\\/jak-przedluzyc-taras-jak-powiekszyc-taras\\\/\"},\"wordCount\":1870,\"commentCount\":0,\"image\":{\"@id\":\"https:\\\/\\\/www.meblobranie.pl\\\/porady\\\/jak-przedluzyc-taras-jak-powiekszyc-taras\\\/#primaryimage\"},\"thumbnailUrl\":\"https:\\\/\\\/www.meblobranie.pl\\\/porady\\\/wp-content\\\/uploads\\\/2022\\\/05\\\/jak-przedlozyc-taras.jpg\",\"articleSection\":[\"Ogr\u00f3d\",\"Poradnik\"],\"inLanguage\":\"pl-PL\",\"potentialAction\":[{\"@type\":\"CommentAction\",\"name\":\"Comment\",\"target\":[\"https:\\\/\\\/www.meblobranie.pl\\\/porady\\\/jak-przedluzyc-taras-jak-powiekszyc-taras\\\/#respond\"]}]},{\"@type\":\"WebPage\",\"@id\":\"https:\\\/\\\/www.meblobranie.pl\\\/porady\\\/jak-przedluzyc-taras-jak-powiekszyc-taras\\\/\",\"url\":\"https:\\\/\\\/www.meblobranie.pl\\\/porady\\\/jak-przedluzyc-taras-jak-powiekszyc-taras\\\/\",\"name\":\"Jak przed\u0142u\u017cy\u0107 taras? Jak powi\u0119kszy\u0107 taras? - Porady Meblobranie.pl\",\"isPartOf\":{\"@id\":\"https:\\\/\\\/www.meblobranie.pl\\\/porady\\\/#website\"},\"primaryImageOfPage\":{\"@id\":\"https:\\\/\\\/www.meblobranie.pl\\\/porady\\\/jak-przedluzyc-taras-jak-powiekszyc-taras\\\/#primaryimage\"},\"image\":{\"@id\":\"https:\\\/\\\/www.meblobranie.pl\\\/porady\\\/jak-przedluzyc-taras-jak-powiekszyc-taras\\\/#primaryimage\"},\"thumbnailUrl\":\"https:\\\/\\\/www.meblobranie.pl\\\/porady\\\/wp-content\\\/uploads\\\/2022\\\/05\\\/jak-przedlozyc-taras.jpg\",\"datePublished\":\"2022-05-31T10:17:16+00:00\",\"dateModified\":\"2022-05-31T10:18:07+00:00\",\"author\":{\"@id\":\"https:\\\/\\\/www.meblobranie.pl\\\/porady\\\/#\\\/schema\\\/person\\\/0c44214399e1752805db67863333461b\"},\"description\":\"Jak przed\u0142u\u017cy\u0107 taras drewniany, a jak betonowy? Jakie czynno\u015bci b\u0119d\u0105 tu konieczne i czy potrzebna nam przy tym b\u0119dzie zgoda na budow\u0119 tarasu?\",\"breadcrumb\":{\"@id\":\"https:\\\/\\\/www.meblobranie.pl\\\/porady\\\/jak-przedluzyc-taras-jak-powiekszyc-taras\\\/#breadcrumb\"},\"inLanguage\":\"pl-PL\",\"potentialAction\":[{\"@type\":\"ReadAction\",\"target\":[\"https:\\\/\\\/www.meblobranie.pl\\\/porady\\\/jak-przedluzyc-taras-jak-powiekszyc-taras\\\/\"]}]},{\"@type\":\"ImageObject\",\"inLanguage\":\"pl-PL\",\"@id\":\"https:\\\/\\\/www.meblobranie.pl\\\/porady\\\/jak-przedluzyc-taras-jak-powiekszyc-taras\\\/#primaryimage\",\"url\":\"https:\\\/\\\/www.meblobranie.pl\\\/porady\\\/wp-content\\\/uploads\\\/2022\\\/05\\\/jak-przedlozyc-taras.jpg\",\"contentUrl\":\"https:\\\/\\\/www.meblobranie.pl\\\/porady\\\/wp-content\\\/uploads\\\/2022\\\/05\\\/jak-przedlozyc-taras.jpg\",\"width\":830,\"height\":554,\"caption\":\"Jak przed\u0142u\u017cy\u0107 taras?\"},{\"@type\":\"BreadcrumbList\",\"@id\":\"https:\\\/\\\/www.meblobranie.pl\\\/porady\\\/jak-przedluzyc-taras-jak-powiekszyc-taras\\\/#breadcrumb\",\"itemListElement\":[{\"@type\":\"ListItem\",\"position\":1,\"name\":\"Home\",\"item\":\"https:\\\/\\\/www.meblobranie.pl\\\/porady\\\/\"},{\"@type\":\"ListItem\",\"position\":2,\"name\":\"Jak przed\u0142u\u017cy\u0107 taras? Jak powi\u0119kszy\u0107 taras?\"}]},{\"@type\":\"WebSite\",\"@id\":\"https:\\\/\\\/www.meblobranie.pl\\\/porady\\\/#website\",\"url\":\"https:\\\/\\\/www.meblobranie.pl\\\/porady\\\/\",\"name\":\"Porady Meblobranie.pl\",\"description\":\"Blog o tarasach i ogrodach\",\"potentialAction\":[{\"@type\":\"SearchAction\",\"target\":{\"@type\":\"EntryPoint\",\"urlTemplate\":\"https:\\\/\\\/www.meblobranie.pl\\\/porady\\\/?s={search_term_string}\"},\"query-input\":{\"@type\":\"PropertyValueSpecification\",\"valueRequired\":true,\"valueName\":\"search_term_string\"}}],\"inLanguage\":\"pl-PL\"},{\"@type\":\"Person\",\"@id\":\"https:\\\/\\\/www.meblobranie.pl\\\/porady\\\/#\\\/schema\\\/person\\\/0c44214399e1752805db67863333461b\",\"name\":\"Dawid z Meblobranie.pl\",\"image\":{\"@type\":\"ImageObject\",\"inLanguage\":\"pl-PL\",\"@id\":\"https:\\\/\\\/secure.gravatar.com\\\/avatar\\\/9ede1c3924e3173d8f3ad05211531161353d772865bc4dacba314dbcd46c0fef?s=96&d=mm&r=g\",\"url\":\"https:\\\/\\\/secure.gravatar.com\\\/avatar\\\/9ede1c3924e3173d8f3ad05211531161353d772865bc4dacba314dbcd46c0fef?s=96&d=mm&r=g\",\"contentUrl\":\"https:\\\/\\\/secure.gravatar.com\\\/avatar\\\/9ede1c3924e3173d8f3ad05211531161353d772865bc4dacba314dbcd46c0fef?s=96&d=mm&r=g\",\"caption\":\"Dawid z Meblobranie.pl\"},\"description\":\"Lorem Ipsum is simply dummy text of the printing and typesetting industry. Lorem Ipsum has been the industry's standard dummy text ever since the 1500s, when an unknown printer took a galley of type and scrambled it to make a type specimen book.\"}]}<\/script>\n<!-- \/ Yoast SEO plugin. -->","yoast_head_json":{"title":"Jak przed\u0142u\u017cy\u0107 taras? Jak powi\u0119kszy\u0107 taras? - Porady Meblobranie.pl","description":"Jak przed\u0142u\u017cy\u0107 taras drewniany, a jak betonowy? Jakie czynno\u015bci b\u0119d\u0105 tu konieczne i czy potrzebna nam przy tym b\u0119dzie zgoda na budow\u0119 tarasu?","robots":{"index":"index","follow":"follow","max-snippet":"max-snippet:-1","max-image-preview":"max-image-preview:large","max-video-preview":"max-video-preview:-1"},"canonical":"https:\/\/www.meblobranie.pl\/porady\/jak-przedluzyc-taras-jak-powiekszyc-taras\/","twitter_misc":{"Napisane przez":"Dawid z Meblobranie.pl","Szacowany czas czytania":"9 minut"},"schema":{"@context":"https:\/\/schema.org","@graph":[{"@type":"Article","@id":"https:\/\/www.meblobranie.pl\/porady\/jak-przedluzyc-taras-jak-powiekszyc-taras\/#article","isPartOf":{"@id":"https:\/\/www.meblobranie.pl\/porady\/jak-przedluzyc-taras-jak-powiekszyc-taras\/"},"author":{"name":"Dawid z Meblobranie.pl","@id":"https:\/\/www.meblobranie.pl\/porady\/#\/schema\/person\/0c44214399e1752805db67863333461b"},"headline":"Jak przed\u0142u\u017cy\u0107 taras? Jak powi\u0119kszy\u0107 taras?","datePublished":"2022-05-31T10:17:16+00:00","dateModified":"2022-05-31T10:18:07+00:00","mainEntityOfPage":{"@id":"https:\/\/www.meblobranie.pl\/porady\/jak-przedluzyc-taras-jak-powiekszyc-taras\/"},"wordCount":1870,"commentCount":0,"image":{"@id":"https:\/\/www.meblobranie.pl\/porady\/jak-przedluzyc-taras-jak-powiekszyc-taras\/#primaryimage"},"thumbnailUrl":"https:\/\/www.meblobranie.pl\/porady\/wp-content\/uploads\/2022\/05\/jak-przedlozyc-taras.jpg","articleSection":["Ogr\u00f3d","Poradnik"],"inLanguage":"pl-PL","potentialAction":[{"@type":"CommentAction","name":"Comment","target":["https:\/\/www.meblobranie.pl\/porady\/jak-przedluzyc-taras-jak-powiekszyc-taras\/#respond"]}]},{"@type":"WebPage","@id":"https:\/\/www.meblobranie.pl\/porady\/jak-przedluzyc-taras-jak-powiekszyc-taras\/","url":"https:\/\/www.meblobranie.pl\/porady\/jak-przedluzyc-taras-jak-powiekszyc-taras\/","name":"Jak przed\u0142u\u017cy\u0107 taras? Jak powi\u0119kszy\u0107 taras? - Porady Meblobranie.pl","isPartOf":{"@id":"https:\/\/www.meblobranie.pl\/porady\/#website"},"primaryImageOfPage":{"@id":"https:\/\/www.meblobranie.pl\/porady\/jak-przedluzyc-taras-jak-powiekszyc-taras\/#primaryimage"},"image":{"@id":"https:\/\/www.meblobranie.pl\/porady\/jak-przedluzyc-taras-jak-powiekszyc-taras\/#primaryimage"},"thumbnailUrl":"https:\/\/www.meblobranie.pl\/porady\/wp-content\/uploads\/2022\/05\/jak-przedlozyc-taras.jpg","datePublished":"2022-05-31T10:17:16+00:00","dateModified":"2022-05-31T10:18:07+00:00","author":{"@id":"https:\/\/www.meblobranie.pl\/porady\/#\/schema\/person\/0c44214399e1752805db67863333461b"},"description":"Jak przed\u0142u\u017cy\u0107 taras drewniany, a jak betonowy? Jakie czynno\u015bci b\u0119d\u0105 tu konieczne i czy potrzebna nam przy tym b\u0119dzie zgoda na budow\u0119 tarasu?","breadcrumb":{"@id":"https:\/\/www.meblobranie.pl\/porady\/jak-przedluzyc-taras-jak-powiekszyc-taras\/#breadcrumb"},"inLanguage":"pl-PL","potentialAction":[{"@type":"ReadAction","target":["https:\/\/www.meblobranie.pl\/porady\/jak-przedluzyc-taras-jak-powiekszyc-taras\/"]}]},{"@type":"ImageObject","inLanguage":"pl-PL","@id":"https:\/\/www.meblobranie.pl\/porady\/jak-przedluzyc-taras-jak-powiekszyc-taras\/#primaryimage","url":"https:\/\/www.meblobranie.pl\/porady\/wp-content\/uploads\/2022\/05\/jak-przedlozyc-taras.jpg","contentUrl":"https:\/\/www.meblobranie.pl\/porady\/wp-content\/uploads\/2022\/05\/jak-przedlozyc-taras.jpg","width":830,"height":554,"caption":"Jak przed\u0142u\u017cy\u0107 taras?"},{"@type":"BreadcrumbList","@id":"https:\/\/www.meblobranie.pl\/porady\/jak-przedluzyc-taras-jak-powiekszyc-taras\/#breadcrumb","itemListElement":[{"@type":"ListItem","position":1,"name":"Home","item":"https:\/\/www.meblobranie.pl\/porady\/"},{"@type":"ListItem","position":2,"name":"Jak przed\u0142u\u017cy\u0107 taras? Jak powi\u0119kszy\u0107 taras?"}]},{"@type":"WebSite","@id":"https:\/\/www.meblobranie.pl\/porady\/#website","url":"https:\/\/www.meblobranie.pl\/porady\/","name":"Porady Meblobranie.pl","description":"Blog o tarasach i ogrodach","potentialAction":[{"@type":"SearchAction","target":{"@type":"EntryPoint","urlTemplate":"https:\/\/www.meblobranie.pl\/porady\/?s={search_term_string}"},"query-input":{"@type":"PropertyValueSpecification","valueRequired":true,"valueName":"search_term_string"}}],"inLanguage":"pl-PL"},{"@type":"Person","@id":"https:\/\/www.meblobranie.pl\/porady\/#\/schema\/person\/0c44214399e1752805db67863333461b","name":"Dawid z Meblobranie.pl","image":{"@type":"ImageObject","inLanguage":"pl-PL","@id":"https:\/\/secure.gravatar.com\/avatar\/9ede1c3924e3173d8f3ad05211531161353d772865bc4dacba314dbcd46c0fef?s=96&d=mm&r=g","url":"https:\/\/secure.gravatar.com\/avatar\/9ede1c3924e3173d8f3ad05211531161353d772865bc4dacba314dbcd46c0fef?s=96&d=mm&r=g","contentUrl":"https:\/\/secure.gravatar.com\/avatar\/9ede1c3924e3173d8f3ad05211531161353d772865bc4dacba314dbcd46c0fef?s=96&d=mm&r=g","caption":"Dawid z Meblobranie.pl"},"description":"Lorem Ipsum is simply dummy text of the printing and typesetting industry. Lorem Ipsum has been the industry's standard dummy text ever since the 1500s, when an unknown printer took a galley of type and scrambled it to make a type specimen book."}]}},"_links":{"self":[{"href":"https:\/\/www.meblobranie.pl\/porady\/wp-json\/wp\/v2\/posts\/37162","targetHints":{"allow":["GET"]}}],"collection":[{"href":"https:\/\/www.meblobranie.pl\/porady\/wp-json\/wp\/v2\/posts"}],"about":[{"href":"https:\/\/www.meblobranie.pl\/porady\/wp-json\/wp\/v2\/types\/post"}],"author":[{"embeddable":true,"href":"https:\/\/www.meblobranie.pl\/porady\/wp-json\/wp\/v2\/users\/20"}],"replies":[{"embeddable":true,"href":"https:\/\/www.meblobranie.pl\/porady\/wp-json\/wp\/v2\/comments?post=37162"}],"version-history":[{"count":0,"href":"https:\/\/www.meblobranie.pl\/porady\/wp-json\/wp\/v2\/posts\/37162\/revisions"}],"wp:featuredmedia":[{"embeddable":true,"href":"https:\/\/www.meblobranie.pl\/porady\/wp-json\/wp\/v2\/media\/37163"}],"wp:attachment":[{"href":"https:\/\/www.meblobranie.pl\/porady\/wp-json\/wp\/v2\/media?parent=37162"}],"wp:term":[{"taxonomy":"category","embeddable":true,"href":"https:\/\/www.meblobranie.pl\/porady\/wp-json\/wp\/v2\/categories?post=37162"},{"taxonomy":"post_tag","embeddable":true,"href":"https:\/\/www.meblobranie.pl\/porady\/wp-json\/wp\/v2\/tags?post=37162"}],"curies":[{"name":"wp","href":"https:\/\/api.w.org\/{rel}","templated":true}]}}