{"id":37186,"date":"2025-11-10T13:02:01","date_gmt":"2025-11-10T12:02:01","guid":{"rendered":"https:\/\/www.meblobranie.pl\/porady\/?p=37186"},"modified":"2026-03-08T21:09:47","modified_gmt":"2026-03-08T20:09:47","slug":"taras-wentylowany-czym-jest-i-gdzie-sie-sprawdzi","status":"publish","type":"post","link":"https:\/\/www.meblobranie.pl\/porady\/taras-wentylowany-czym-jest-i-gdzie-sie-sprawdzi\/","title":{"rendered":"Taras wentylowany &#8211; wady i zalety"},"content":{"rendered":"\n<p><strong>Zastanawiasz si\u0119, co to jest taras wentylowany i gdzie sprawdzi si\u0119 w Twoim domu?<\/strong> Nie wiesz, <strong>jak zrobi\u0107 taras wentylowany<\/strong>, aby s\u0142u\u017cy\u0142 Ci przez lata? Poni\u017cej zebrali\u015bmy dla Ciebie najwa\u017cniejsze informacje na ten temat. Sprawd\u017a!<\/p>\n\n\n<div class=\"wp-block-image\">\n<figure class=\"aligncenter\"><img loading=\"lazy\" decoding=\"async\" width=\"830\" height=\"554\" src=\"https:\/\/www.meblobranie.pl\/porady\/wp-content\/uploads\/2022\/05\/taraswentylowany.jpg\" alt=\"Taras wentylowany\" class=\"wp-image-37187\" srcset=\"https:\/\/www.meblobranie.pl\/porady\/wp-content\/uploads\/2022\/05\/taraswentylowany.jpg 830w, https:\/\/www.meblobranie.pl\/porady\/wp-content\/uploads\/2022\/05\/taraswentylowany-300x200.jpg 300w, https:\/\/www.meblobranie.pl\/porady\/wp-content\/uploads\/2022\/05\/taraswentylowany-768x513.jpg 768w\" sizes=\"auto, (max-width: 830px) 100vw, 830px\" \/><\/figure>\n<\/div>\n\n\n<!--more-->\n\n\n\n\n\n\n<h2 class=\"wp-block-heading\">Co to jest taras wentylowany?<\/h2>\n\n\n\n<p>Taras wentylowany to technologia wykonywania taras\u00f3w, kt\u00f3ra sprawdzi si\u0119 u Ciebie na r\u00f3\u017cnych pod\u0142o\u017cach: na utwardzonym gruncie i na stabilnych wylewkach betonowych (starych lub nowych). Jest to najprostsza i najszybsza metoda, kt\u00f3ra zapewni Ci jednocze\u015bnie doskona\u0142e efekty u\u017cytkowe i estetyczne.<\/p>\n\n\n\n<p>Co wa\u017cne, w por\u00f3wnaniu do uzyskiwanych rezultat\u00f3w, taka konstrukcja wymaga od Ciebie stosunkowo niskich nak\u0142ad\u00f3w finansowych. To rozwi\u0105zanie docenisz zw\u0142aszcza w naszych warunkach pogodowych. <strong>Pami\u0119taj, \u017ce tradycyjne metody budowania taras\u00f3w cz\u0119sto okazuj\u0105 si\u0119 zawodne i w kr\u00f3tkim czasie m\u00f3g\u0142by\u015b spodziewa\u0107 si\u0119 usterek, takich jak:<\/strong><\/p>\n\n\n\n<ul class=\"wp-block-list\">\n<li>odpadaj\u0105ce p\u0142ytki,<\/li>\n\n\n\n<li>stoj\u0105ca na powierzchni tarasu woda,<\/li>\n\n\n\n<li>korozja okapnik\u00f3w.<\/li>\n<\/ul>\n\n\n\n<p>Tym samym b\u0119dzie to dla Ciebie dobra konstrukcja np. na <a target=\"_blank\" rel=\"noreferrer noopener\" href=\"https:\/\/www.meblobranie.pl\/porady\/jak-zaprojektowac-i-zrobic-taras-na-pietrze\/\">taras na pi\u0119trze<\/a>. Jest to rozwi\u0105zanie szczeg\u00f3lnie polecane, gdy zale\u017cy Ci na lekkiej konstrukcji, kt\u00f3ra nie obci\u0105\u017cy nadmiernie stropu, a jednocze\u015bnie zapewni skuteczne odprowadzanie wody.<\/p>\n\n\n\n<p>Nowoczesny taras wentylowany pozwoli Ci na ca\u0142kowite wyeliminowanie zapraw klejowych, daj\u0105c pewno\u015b\u0107 wykluczenia wy\u017cej wspomnianych problem\u00f3w. Co wi\u0119cej, monta\u017c <strong>tarasu wentylowanego<\/strong> ma mniej wymagaj\u0105cy i szybszy, a przy tym zapewnia wi\u0119ksz\u0105 trwa\u0142o\u015b\u0107. Opiera si\u0119 on na trzech elementach, to znaczy na podbudowie, wspornikach i p\u0142ytach tarasowych.<\/p>\n\n\n\n<p class=\"worth-know\"><strong>Warto wiedzie\u0107<\/strong><br><br><strong>Chocia\u017c cena za metr kwadratowy tarasu wentylowanego jest wy\u017csza ni\u017c w przypadku taras\u00f3w wykonanych w spos\u00f3b tradycyjny (monta\u017c na zaprawach klejowych), to ostatecznie jego wyb\u00f3r mo\u017ce okaza\u0107 si\u0119 dla Ciebie bardzo ekonomiczny. Tak wykonany taras b\u0119dzie Ci s\u0142u\u017cy\u0142 przez d\u0142ugi czas i nie b\u0119dzie wymaga\u0142 przeprowadzania kosztownych remont\u00f3w.<\/strong><\/p>\n\n\n<p>[[kategoria:2055:6]]<\/p>\n\n\n\n<h2 class=\"wp-block-heading\">Zalety technologii tarasu wentylowanego<\/h2>\n\n\n\n<p>Powy\u017cej przedstawili\u015bmy Ci tylko podstawowe informacje dotycz\u0105ce zalet tego rozwi\u0105zania. Swoj\u0105 rosn\u0105c\u0105 popularno\u015b\u0107 zawdzi\u0119cza ono g\u0142\u00f3wnie niwelowaniu problem\u00f3w, jakie najcz\u0119\u015bciej pojawiaj\u0105 si\u0119 przy innych metodach monta\u017cu. Pora teraz na rozszerzenie tego tematu i om\u00f3wienie, jakie <strong>wady i zalety<\/strong> ma <strong>taras wentylowany <\/strong><\/p>\n\n\n\n<ul class=\"wp-block-list\">\n<li>Posadzki uk\u0142adasz bez stosowania klej\u00f3w i podk\u0142ad\u00f3w specjalistycznych, dzi\u0119ki czemu s\u0105 mniej podatne na niekorzystne warunki atmosferyczne, kt\u00f3re s\u0105 g\u0142\u00f3wn\u0105 przyczyn\u0105 uszkadzania p\u0142ytek i strefy okapowej.<\/li>\n\n\n\n<li>Zyskujesz \u0142atwy i szybki monta\u017c, kt\u00f3ry nie wymaga od Ciebie wykonywania prac mokrych (stosowania zaprawy klejowej, fugowania), zwi\u0119kszaj\u0105cych prawdopodobie\u0144stwo wyst\u0105pienia b\u0142\u0119d\u00f3w.<\/li>\n\n\n\n<li>Nie musisz stosowa\u0107 specjalistycznych narz\u0119dzi, a do budowy nie potrzebujesz specjalnych umiej\u0119tno\u015bci.<\/li>\n\n\n\n<li>Masz zapewniony bezproblemowy demonta\u017c, dzi\u0119ki kt\u00f3remu unikasz konieczno\u015bci przeprowadzania generalnych remont\u00f3w i skuwania wi\u0119kszej ilo\u015bci p\u0142ytek (mo\u017cesz w prosty spos\u00f3b wymieni\u0107 tylko t\u0119 p\u0142ytk\u0119, kt\u00f3ra uleg\u0142a uszkodzeniu).<\/li>\n\n\n\n<li>Zyskujesz mo\u017cliwo\u015b\u0107 regulacji wysoko\u015bci i zniwelowania ewentualnych nier\u00f3wno\u015bci pod\u0142o\u017ca bez konieczno\u015bci wykonywania dodatkowych prac.<\/li>\n\n\n\n<li>Przestrze\u0144 pod posadzk\u0105 tarasu idealnie nada si\u0119 do poprowadzenia Twoich instalacji, na przyk\u0142ad elektrycznych.<\/li>\n\n\n\n<li>Hydroizolacja znajduj\u0105ca si\u0119 pod powierzchni\u0105 sprawia, \u017ce na posadzce nie zalega woda, co pozwoli Ci unikn\u0105\u0107 zawilgocenia.<\/li>\n\n\n\n<li>Wykorzystanie wspornik\u00f3w sprawi, \u017ce Tw\u00f3j taras b\u0119dzie mniej podatny na mr\u00f3z. P\u0142yty tarasowe nie maj\u0105 bezpo\u015bredniego kontaktu z pod\u0142o\u017cem, a wi\u0119c s\u0105 w mniejszym stopniu nara\u017cone na dzia\u0142anie zamarzaj\u0105cej wody. <strong>Takie rozwi\u0105zanie gwarantuje Ci unikni\u0119cie efektu odspajania si\u0119 p\u0142yt.<\/strong><\/li>\n<\/ul>\n\n\n\n<p class=\"worth-know\"><strong>Warto wiedzie\u0107<\/strong><br><br><strong>Niekt\u00f3re systemy wspornik\u00f3w maj\u0105 wbudowan\u0105 regulacj\u0119 k\u0105ta nachylenia, co znacznie u\u0142atwi Ci monta\u017c na spadkach.<\/strong><\/p>\n\n\n<p>[[kategoria_img_v:2002:4]]<\/p>\n\n\n\n<h2 class=\"wp-block-heading\">Wady tarasu wentylowanego i jak im zapobiec?<\/h2>\n\n\n\n<p>Jak w przypadku ka\u017cdego rozwi\u0105zania technicznego, tak i tutaj, musisz liczy\u0107 si\u0119 zar\u00f3wno z zaletami, jak i wadami. Nale\u017cy jednak zwr\u00f3ci\u0107 uwag\u0119, \u017ce wi\u0119kszo\u015bci problem\u00f3w wyst\u0119puj\u0105cych w tej konstrukcji mo\u017cesz zapobiec. Poni\u017cej omawiamy <strong>wady tarasu wentylowanego<\/strong> oraz sposoby, dzi\u0119ki kt\u00f3rym ich unikniesz.<\/p>\n\n\n\n<p>Problemem, z jakim mo\u017cesz si\u0119 spotka\u0107, jest zapadanie si\u0119 p\u0142ytek tarasowych na podk\u0142adkach. <strong>Najcz\u0119\u015bciej b\u0119dziesz mie\u0107 z nim do czynienia po zimie, poniewa\u017c jest ono zwi\u0105zane ze zmian\u0105 temperatur.<\/strong><\/p>\n\n\n\n<p>Jak temu zapobiec? Najlepszym rozwi\u0105zaniem b\u0119dzie zakupienie przez Ciebie element\u00f3w sta\u0142ych bez mo\u017cliwo\u015bci regulacji (nie mamy tu na my\u015bli nak\u0142adek), kt\u00f3re nie b\u0119d\u0105 ulega\u0107 odkszta\u0142ceniu. Dzi\u0119ki temu zyskasz stabiln\u0105 posadzk\u0119 i w\u0142a\u015bciw\u0105 amortyzacj\u0119.<\/p>\n\n\n\n<p class=\"worth-know\"><strong>Warto wiedzie\u0107<\/strong><br><br><strong>Dzi\u0119ki przestrzeni pod p\u0142ytami Tw\u00f3j taras mo\u017ce t\u0142umi\u0107 ha\u0142as i poprawia\u0107 akustyk\u0119 otoczenia.<\/strong><\/p>\n\n\n\n<p>Kolejnym problemem, z jakim mo\u017cesz si\u0119 spotka\u0107 w wyniku u\u017cytkowania, jest p\u0119kanie p\u0142yt tarasowych. Jest ono zwi\u0105zane z uszkodzeniami mechanicznymi powsta\u0142ymi wskutek zdarze\u0144 losowych, takich jak upadek ci\u0119\u017ckiego i twardego przedmiotu. Jak zapobiegniesz takim uszkodzeniom?<\/p>\n\n\n\n<p>Dobre efekty przyniesie Ci zastosowanie dodatkowych podp\u00f3r po\u015brodku p\u0142yt i po ich bokach. Da Ci to zabezpieczenie przed wyst\u0105pieniem uszkodze\u0144 na wylot, kt\u00f3re wymagaj\u0105 wymiany ca\u0142ej p\u0142yty. W przypadku tej technologii mog\u0105 si\u0119 te\u017c zdarzy\u0107 zastoiska wody pod posadzk\u0105 spowodowane zapychaniem si\u0119 otwor\u00f3w przelewowych niewielkimi elementami. Co warto, aby\u015b wiedzia\u0142 na ten temat?<\/p>\n\n\n\n<ul class=\"wp-block-list\">\n<li>W ich wyniku mo\u017ce doj\u015b\u0107 do rozprzestrzeniania si\u0119 drobnoustroj\u00f3w i do powstawania nieprzyjemnego zapachu.<\/li>\n\n\n\n<li>Powiniene\u015b jak najszybciej odblokowa\u0107 otwory przelewowe i usprawni\u0107 odp\u0142yw wody.<\/li>\n\n\n\n<li>W du\u017cym stopniu przyczynia si\u0119 do tego zastosowanie z\u0142ej jako\u015bci materia\u0142\u00f3w o zbyt ma\u0142ych otworach, kt\u00f3re mog\u0105 si\u0119 z \u0142atwo\u015bci\u0105 zapcha\u0107 traw\u0105 albo patykami po intensywnych opadach.<\/li>\n\n\n\n<li>Aby unikn\u0105\u0107 zapychania otwor\u00f3w przelewowych, wybieraj odpowiednio przystosowane profile tarasowe, kt\u00f3rymi bez problemu b\u0119dzie odprowadzana woda opadowa i mikromateria\u0142y.<\/li>\n\n\n\n<li>Dobrym sposobem na unikanie zastoj\u00f3w wody jest te\u017c zaplanowanie przez Ciebie z przodu wspomagaj\u0105cych otwor\u00f3w przelewowych, kt\u00f3re w razie zapchania si\u0119 podstawowych przelot\u00f3w pozwalaj\u0105 na dalsze odprowadzanie wody.<\/li>\n<\/ul>\n\n\n<p>[[kategoria:2002:6]]<\/p>\n\n\n\n<h2 class=\"wp-block-heading\">Taras wentylowany &#8211; warstwy<\/h2>\n\n\n\n<p>Konstrukcja ta sk\u0142ada si\u0119 z kilku poziom\u00f3w, kt\u00f3re zapewni\u0105 Ci trwa\u0142o\u015b\u0107 i komfort u\u017cytkowania. Zastanawiasz si\u0119, <strong>co po\u0142o\u017cy\u0107 pod taras wentylowany<\/strong>? Najwa\u017cniejsze to pod\u0142o\u017ce, hydroizolacja, wsporniki oraz p\u0142yty tarasowe. Mi\u0119dzy nimi znajduje si\u0119 przestrze\u0144 wentylacyjna, dzi\u0119ki kt\u00f3rej wilgo\u0107 nie b\u0119dzie gromadzi\u0107 si\u0119 pod p\u0142ytami. <strong>Tak zbudowany taras wentylowany warstwy ma odporne na mr\u00f3z i uszkodzenia.<\/strong><\/p>\n\n\n\n<figure class=\"wp-block-image size-full\"><img loading=\"lazy\" decoding=\"async\" width=\"830\" height=\"554\" src=\"https:\/\/www.meblobranie.pl\/porady\/wp-content\/uploads\/2022\/05\/taras-wentylowany.jpg\" alt=\"Taras wentylowany - przygotowanie\" class=\"wp-image-46239\" srcset=\"https:\/\/www.meblobranie.pl\/porady\/wp-content\/uploads\/2022\/05\/taras-wentylowany.jpg 830w, https:\/\/www.meblobranie.pl\/porady\/wp-content\/uploads\/2022\/05\/taras-wentylowany-300x200.jpg 300w, https:\/\/www.meblobranie.pl\/porady\/wp-content\/uploads\/2022\/05\/taras-wentylowany-768x513.jpg 768w\" sizes=\"auto, (max-width: 830px) 100vw, 830px\" \/><\/figure>\n\n\n\n<h2 class=\"wp-block-heading\">Taras wentylowany &#8211; jak wykona\u0107?<\/h2>\n\n\n\n<p>Wiedza o tym, <strong>jak wykona\u0107<\/strong> <strong>taras wentylowany <\/strong>poprawnie, wymaga od Ciebie skupienia na odpowiednim przygotowaniu pod\u0142o\u017ca i izolacji przeciwwodnej. Na niej ustawiasz regulowane wsporniki, na kt\u00f3rych montujesz p\u0142yty tarasowe z kamienia, gresu lub betonu. Wa\u017cne jest zachowanie przez Ciebie spadku i szczelin wentylacyjnych, kt\u00f3re odprowadzaj\u0105 wod\u0119 i zapobiegaj\u0105 wilgoci.<\/p>\n\n\n\n<figure class=\"wp-block-table\"><table class=\"has-white-background-color has-background\"><tbody><tr><th><strong>Element konstrukcji<\/strong><\/th><th><strong>Funkcja<\/strong><\/th><th><strong>Przyk\u0142adowe materia\u0142y<\/strong><\/th><\/tr><tr><td><strong>Pod\u0142o\u017ce<\/strong><\/td><td>Stabilizacja konstrukcji<\/td><td>Beton, grunt utwardzony<\/td><\/tr><tr><td><strong>Hydroizolacja<\/strong><\/td><td>Ochrona przed wilgoci\u0105<\/td><td>Papa, folia, membrana<\/td><\/tr><tr><td><strong>Wsporniki<\/strong><\/td><td>Podparcie p\u0142yt i wentylacja<\/td><td>Tworzywo PP, regulowane<\/td><\/tr><tr><td><strong>P\u0142yty tarasowe<\/strong><\/td><td>Warstwa u\u017cytkowa<\/td><td>Gres, kamie\u0144, kompozyt<\/td><\/tr><tr><td><strong>Otwory przelewowe<\/strong><\/td><td>Odprowadzenie wody<\/td><td>Profile z aluminium<\/td><\/tr><\/tbody><\/table><\/figure>\n\n\n\n<p class=\"worth-know\"><strong>Warto wiedzie\u0107<\/strong><br><br><strong>Wsporniki do taras\u00f3w wentylowanych wytrzymuj\u0105 obci\u0105\u017cenia nawet do 1000 kg na sztuk\u0119, co daje Ci gwarancj\u0119 stabilno\u015bci nawet przy ci\u0119\u017ckich meblach ogrodowych.<\/strong><\/p>\n\n\n\n<h2 class=\"wp-block-heading\">Monta\u017c tarasu wentylowanego<\/h2>\n\n\n\n<p>Prace wykonasz w dw\u00f3ch etapach. Pierwszy etap to przygotowanie pod\u0142o\u017ca, kt\u00f3re b\u0119dzie stanowi\u0107 podbudowa betonowa lub na gruncie. Wykonasz je podobnie jak w przypadku innych technologii. Pod\u0142o\u017ce musi by\u0107 stabilne i r\u00f3wne, a tak\u017ce zawiera\u0107 system drena\u017cu wraz z odpowiednimi spadkami u\u0142atwiaj\u0105cymi odp\u0142yw wody.<\/p>\n\n\n\n<p>Musisz tak\u017ce wykona\u0107 zabezpieczenie przed niekorzystnym wp\u0142ywem czynnik\u00f3w atmosferycznych, kt\u00f3r\u0105 b\u0119dzie stanowi\u0107 izolacja przeciwwilgociowa. Mo\u017ce by\u0107 to np.:<\/p>\n\n\n\n<ul class=\"wp-block-list\">\n<li>papa termozgrzewalna,<\/li>\n\n\n\n<li>folia,<\/li>\n\n\n\n<li>membrany dachowe,<\/li>\n\n\n\n<li>pow\u0142oki bitumiczne.<\/li>\n<\/ul>\n\n\n\n<p>Na tak przygotowanych pod\u0142o\u017cach betonowych lub gruntowych mo\u017cesz dopiero ustawia\u0107 wsporniki i p\u0142yty tarasowe.<\/p>\n\n\n\n<p class=\"worth-know\"><strong>Warto wiedzie\u0107<\/strong><br><br><strong>Taras wentylowany mo\u017cesz \u0142atwo rozebra\u0107 i przenie\u015b\u0107 w inne miejsce \u2013 bez strat materia\u0142owych.<\/strong><\/p>\n\n\n\n<p>Kolejnym etapem jest wykonanie nawierzchni, a wi\u0119c uk\u0142adanie p\u0142yt tarasowych na wspornikach. Trzeba tu wspomnie\u0107, \u017ce <strong>ani p\u0142yty, ani wsporniki nie wymagaj\u0105 od Ciebie specjalnych mocowa\u0144, poniewa\u017c tworz\u0105 one razem konstrukcj\u0119 samono\u015bn\u0105<\/strong>: ka\u017cda p\u0142yta opiera si\u0119 w naro\u017cnikach na czterech wspornikach. Po\u015brodku p\u0142yty, dla zwi\u0119kszenia bezpiecze\u0144stwa, zastosuj pi\u0105ty wspornik.<\/p>\n\n\n\n<p>Podczas uk\u0142adania p\u0142yt pomocne b\u0119d\u0105 dla Ciebie lekko wystaj\u0105ce, pionowe odst\u0119pniki dystansowe znajduj\u0105ce si\u0119 na wspornikach, kt\u00f3re dodatkowo umo\u017cliwiaj\u0105 utworzenie szczelin pomi\u0119dzy poszczeg\u00f3lnymi p\u0142ytami.<\/p>\n\n\n\n<p class=\"worth-know\"><strong>Warto wiedzie\u0107<\/strong><br><br><strong>Je\u015bli chodzi o taras wentylowany minimalna wysoko\u015b\u0107 zale\u017cy od rodzaju wspornik\u00f3w i wynosi zwykle ok. 8\u201310 mm. To wystarczaj\u0105co, by zapewni\u0107 Ci wentylacj\u0119 i odp\u0142yw wody spod p\u0142yt tarasowych.<\/strong><\/p>\n\n\n<p>[[kategoria_img_v:2055:4]]<\/p>\n\n\n\n<h2 class=\"wp-block-heading\">Wyb\u00f3r wspornik\u00f3w i p\u0142yt tarasowych do tarasu wentylowanego<\/h2>\n\n\n\n<p>Wsporniki wykorzystywane podczas budowy wykonane s\u0105 z tworzywa sztucznego (wzbogaconego polipropylenu), dlatego dobrze przenios\u0105 u Ciebie obci\u0105\u017cenia zar\u00f3wno przy ujemnych, jak i dodatnich temperaturach. Nie uginaj\u0105 si\u0119 i s\u0105 odporne na uszkodzenia, a przy tym znajdziesz je w r\u00f3\u017cnych wysoko\u015bciach (na przyk\u0142ad 8, 10, 15, 16 mm).<\/p>\n\n\n\n<p>W sklepach znajdziesz te\u017c wspomniane ju\u017c regulowane wsporniki, na przyk\u0142ad o wielko\u015bci 30-45, 45-70, 70-120 czy 120-220 mm.<\/p>\n\n\n\n<p>Do wyko\u0144czenia brzeg\u00f3w zastosujesz mi\u0119dzy innymi takie elementy uzupe\u0142niaj\u0105ce jak stopnie schodowe, obrze\u017ca czy palisady. <strong>Je\u015bli chcesz uzyska\u0107 estetyczn\u0105 i r\u00f3wn\u0105 nawierzchni\u0119, przestrzegaj podstawowych zasad budowy oraz dobierz odpowiednie p\u0142yty tarasowe.<\/strong><\/p>\n\n\n\n<p>Najlepsze w tym przypadku b\u0119d\u0105 dla Ciebie p\u0142yty o prostym, regularnym kszta\u0142cie i takiej samej grubo\u015bci. Po u\u0142o\u017ceniu na wspornikach p\u0142yty stworz\u0105 r\u00f3wn\u0105, idealnie dopasowan\u0105 na stykach powierzchni\u0119. Unikaj stworzenia efektu tak zwanego z\u0105bkowania, kt\u00f3ry sprawia, \u017ce u\u017cytkowanie powierzchni jest mniej komfortowe.<\/p>\n\n\n<p>[[kategoria:30:6]]<\/p>\n\n\n\n<h2 class=\"wp-block-heading\">Taras wentylowany na gruncie, na stropie i nad piwnic\u0105<\/h2>\n\n\n\n<p>U\u0142o\u017cenie posadzki na gruncie, na stropie i nad piwnic\u0105 wygl\u0105da podobnie, jednak poszczeg\u00f3lne rozwi\u0105zania r\u00f3\u017cni\u0105 si\u0119 niekiedy mi\u0119dzy sob\u0105, poniewa\u017c bierzesz pod uwag\u0119 specyficzne warunki ka\u017cdego z miejsc.<\/p>\n\n\n\n<p>Najprostsz\u0105 konstrukcj\u0119 wykonasz na gruncie. <strong>Jak wygl\u0105daj\u0105 poszczeg\u00f3lne warstwy, je\u015bli zdecydujesz si\u0119 na taras wentylowany na gruncie?<\/strong><\/p>\n\n\n\n<ul class=\"wp-block-list\">\n<li>Kraw\u0119\u017cnik,<\/li>\n\n\n\n<li>Fundament kraw\u0119\u017cnika,<\/li>\n\n\n\n<li>Grunt,<\/li>\n\n\n\n<li>Podbudowa,<\/li>\n\n\n\n<li>Podsypka piaskowa,<\/li>\n\n\n\n<li>Geow\u0142\u00f3knina,<\/li>\n\n\n\n<li>Warstwa wspornik\u00f3w,<\/li>\n\n\n\n<li>P\u0142yty tarasowe.<\/li>\n<\/ul>\n\n\n\n<p>Jak tworzy si\u0119 taras wentylowany na stropie? Szczeg\u00f3ln\u0105 uwag\u0119 zwr\u00f3\u0107 na w\u0142a\u015bciwe ukszta\u0142towanie spadk\u00f3w, kt\u00f3re umo\u017cliwi odpowiednie odprowadzenie wody deszczowej, a tym samym zapobieganie powstaniu zawilgocenia. Woda b\u0119dzie tu sp\u0142ywa\u0107 pod powierzchni\u0105, nie po niej, dlatego nie musisz stosowa\u0107 kilkucentymetrowego progu przed drzwiami. <strong>W ten spos\u00f3b uzyskasz efekt pod\u0142ogi p\u0142ynnie przechodz\u0105cej w stref\u0119 zewn\u0119trzn\u0105.<\/strong><\/p>\n\n\n\n<p><strong>Jaka izolacja pod taras wentylowany<\/strong> b\u0119dzie najlepsza? Tworz\u0105c z kolei konstrukcj\u0119 nad piwnic\u0105, b\u0119dziesz musia\u0142 wykona\u0107 nast\u0119puj\u0105ce warstwy:<\/p>\n\n\n\n<ul class=\"wp-block-list\">\n<li>Izolacja termiczna \u015bcian piwnicy,<\/li>\n\n\n\n<li>Izolacja termiczna stropu,<\/li>\n\n\n\n<li>Wylewka betonowa ze spadkiem,<\/li>\n\n\n\n<li>Obr\u00f3bka blacharska kraw\u0119dzi,<\/li>\n\n\n\n<li>Izolacja przeciwwilgociowa stropu,<\/li>\n\n\n\n<li>Warstwa wspornik\u00f3w,<\/li>\n\n\n\n<li>Warstwa p\u0142yt tarasowych.<\/li>\n<\/ul>\n\n\n\n<h2 class=\"wp-block-heading\">Taras wentylowany &#8211; wyko\u0144czenie<\/h2>\n\n\n\n<p>Je\u015bli planujesz <strong>taras wentylowany, jego wyko\u0144czenie<\/strong> zale\u017cy od Twojego stylu i funkcji przestrzeni. Popularne s\u0105 p\u0142yty gresowe, kompozytowe lub kamienne, kt\u00f3re po\u0142\u0105cz\u0105 estetyk\u0119 z trwa\u0142o\u015bci\u0105. Kraw\u0119dzie mo\u017cesz wyko\u0144czy\u0107 listwami aluminiowymi lub coko\u0142ami. <strong>Dobrze dobrane materia\u0142y sprawi\u0105, \u017ce Tw\u00f3j taras b\u0119dzie elegancki, solidny i \u0142atwy w utrzymaniu.<\/strong><\/p>\n\n\n\n<p>Zastanawiasz si\u0119 nad tym, czy mo\u017cna zrobi\u0107 taki <a target=\"_blank\" rel=\"noreferrer noopener\" href=\"https:\/\/www.meblobranie.pl\/porady\/jak-i-z-czego-zrobic-taras-tanio-ekonomiczne-rozwiazania\/\">taras tanio<\/a>? Dzi\u0119ki przemy\u015blanym zakupom i samodzielnemu monta\u017cowi mo\u017cesz znacz\u0105co obni\u017cy\u0107 koszty inwestycji, nie rezygnuj\u0105c z wysokiej jako\u015bci. Poni\u017cej znajdziesz przydatne zestawienie:<\/p>\n\n\n\n<figure class=\"wp-block-table\"><table class=\"has-white-background-color has-background\"><tbody><tr><th><strong>Zakres koszt\u00f3w<\/strong><\/th><th><strong>Taras wentylowany koszt za 1 m\u00b2<\/strong><\/th><th><strong>Uwagi<\/strong><\/th><\/tr><tr><td><strong>Materia\u0142y podstawowe (wsporniki + p\u0142yty)<\/strong><\/td><td>ok. 200-300 z\u0142\/m\u00b2<\/td><td>typowe dla standardowego tarasu wentylowanego<\/td><\/tr><tr><td><strong>Robocizna (monta\u017c)<\/strong><\/td><td>od 40 do 300 z\u0142\/m\u00b2<\/td><td>zale\u017cnie od stopnia skomplikowania i lokalizacji<\/td><\/tr><tr><td><strong>Ca\u0142kowity koszt realizacji dla tarasu ~20 m\u00b2<\/strong><\/td><td>od ok. 10 000 z\u0142 wzwy\u017c<\/td><td>przy za\u0142o\u017ceniu \u015brednich materia\u0142\u00f3w i robocizny<\/td><\/tr><\/tbody><\/table><\/figure>\n\n\n\n<h2 class=\"wp-block-heading\">Podsumowanie<\/h2>\n\n\n\n<p><strong>Taras wentylowany<\/strong> to nowoczesne i trwa\u0142e rozwi\u0105zanie, kt\u00f3re wyeliminuje u Ciebie problemy typowe dla tradycyjnych taras\u00f3w, takie jak p\u0119kanie p\u0142ytek czy zaleganie wody. Jego monta\u017c jest szybki, czysty i nie wymaga u\u017cycia kleju. Cho\u0107 koszt pocz\u0105tkowy bywa wy\u017cszy, inwestycja zwr\u00f3ci Ci si\u0119 w d\u0142ugiej perspektywie dzi\u0119ki \u0142atwej konserwacji i wieloletniej trwa\u0142o\u015bci.<\/p>\n\n\n\n<p>Oczywi\u015bcie, to, co napisali\u015bmy, to tylko cz\u0119\u015b\u0107 zagadnienia. Wa\u017cne s\u0105 r\u00f3wnie\u017c inne kwestie, jak np. wyb\u00f3r konstrukcji i ustalenie, co jest lepsze &#8211; <a href=\"https:\/\/www.meblobranie.pl\/porady\/taras-drewniany-czy-betonowy-gdzie-sprawdza-sie-rozne-rozwiazania\/\" target=\"_blank\" rel=\"noreferrer noopener\">taras drewniany czy betonowy<\/a>. Por\u00f3wnanie tych dw\u00f3ch technologii pozwoli Ci podj\u0105\u0107 \u015bwiadom\u0105 decyzj\u0119, kt\u00f3ra najlepiej odpowie na Twoje potrzeby estetyczne i bud\u017cetowe. Pami\u0119taj te\u017c, \u017ce <a href=\"https:\/\/www.meblobranie.pl\/porady\/taras-betonowy-jak-go-zrobic-krok-po-kroku\/\" target=\"_blank\" rel=\"noreferrer noopener\">taras betonowy<\/a> jest niezwykle solidn\u0105, cho\u0107 niepozbawion\u0105 wad konstrukcj\u0105, kt\u00f3ra mo\u017ce stanowi\u0107 doskona\u0142\u0105 baz\u0119 w\u0142a\u015bnie pod system wentylowany.<\/p>\n\n\n\n<p><strong>FAQ<\/strong><\/p>\n\n\n\n<div class=\"schema-faq wp-block-yoast-faq-block\"><div class=\"schema-faq-section\" id=\"faq-question-1762862214250\"><strong class=\"schema-faq-question\"><strong>Czy taras wentylowany mo\u017cna wykona\u0107 samodzielnie?<\/strong><\/strong> <p class=\"schema-faq-answer\">Tak, przy zachowaniu zasad monta\u017cu i odpowiednim przygotowaniu pod\u0142o\u017ca. Wsporniki i p\u0142yty nie wymagaj\u0105 specjalistycznych narz\u0119dzi, wi\u0119c budowa jest mo\u017cliwa we w\u0142asnym zakresie.<\/p> <\/div> <div class=\"schema-faq-section\" id=\"faq-question-1762862223167\"><strong class=\"schema-faq-question\"><strong>Jak d\u0142ugo trwa monta\u017c tarasu wentylowanego?<\/strong><\/strong> <p class=\"schema-faq-answer\">W zale\u017cno\u015bci od powierzchni \u2013 zazwyczaj od 1 do 3 dni. Technologia sucha bez klej\u00f3w znacz\u0105co skraca czas prac.<\/p> <\/div> <div class=\"schema-faq-section\" id=\"faq-question-1762862227864\"><strong class=\"schema-faq-question\"><strong>Czy taras wentylowany wymaga konserwacji?<\/strong><\/strong> <p class=\"schema-faq-answer\">Nie. Wystarczy okresowo czy\u015bci\u0107 powierzchni\u0119 i dro\u017cno\u015b\u0107 odp\u0142yw\u00f3w. Brak fug i klej\u00f3w eliminuje konieczno\u015b\u0107 napraw.<\/p> <\/div> <\/div>\n","protected":false},"excerpt":{"rendered":"<p>Zastanawiasz si\u0119, co to jest taras wentylowany i gdzie sprawdzi si\u0119 w Twoim domu? Nie wiesz, jak zrobi\u0107 taras wentylowany, aby s\u0142u\u017cy\u0142 Ci przez lata? Poni\u017cej zebrali\u015bmy dla Ciebie najwa\u017cniejsze informacje na ten temat. Sprawd\u017a!<\/p>\n","protected":false},"author":20,"featured_media":37187,"comment_status":"open","ping_status":"closed","sticky":false,"template":"","format":"standard","meta":{"_acf_changed":false,"ngg_post_thumbnail":0,"footnotes":""},"categories":[905,6],"tags":[],"class_list":{"0":"post-37186","1":"post","2":"type-post","3":"status-publish","4":"format-standard","5":"has-post-thumbnail","7":"category-ogrod","8":"category-poradnik"},"acf":[],"yoast_head":"<!-- This site is optimized with the Yoast SEO plugin v27.4 - https:\/\/yoast.com\/product\/yoast-seo-wordpress\/ -->\n<title>Taras wentylowany - wady i zalety - Porady Meblobranie.pl<\/title>\n<meta name=\"description\" content=\"Co to jest taras wentylowany i gdzie si\u0119 sprawdzi? Jak wygl\u0105da monta\u017c takiego tarasu krok po kroku? Jakie wady i zalety ma takie rozwi\u0105zanie?\" \/>\n<meta name=\"robots\" content=\"index, follow, max-snippet:-1, max-image-preview:large, max-video-preview:-1\" \/>\n<link rel=\"canonical\" href=\"https:\/\/www.meblobranie.pl\/porady\/taras-wentylowany-czym-jest-i-gdzie-sie-sprawdzi\/\" \/>\n<meta name=\"twitter:label1\" content=\"Napisane przez\" \/>\n\t<meta name=\"twitter:data1\" content=\"Dawid z Meblobranie.pl\" \/>\n\t<meta name=\"twitter:label2\" content=\"Szacowany czas czytania\" \/>\n\t<meta name=\"twitter:data2\" content=\"12 minut\" \/>\n<script type=\"application\/ld+json\" class=\"yoast-schema-graph\">{\"@context\":\"https:\\\/\\\/schema.org\",\"@graph\":[{\"@type\":\"Article\",\"@id\":\"https:\\\/\\\/www.meblobranie.pl\\\/porady\\\/taras-wentylowany-czym-jest-i-gdzie-sie-sprawdzi\\\/#article\",\"isPartOf\":{\"@id\":\"https:\\\/\\\/www.meblobranie.pl\\\/porady\\\/taras-wentylowany-czym-jest-i-gdzie-sie-sprawdzi\\\/\"},\"author\":{\"name\":\"Dawid z Meblobranie.pl\",\"@id\":\"https:\\\/\\\/www.meblobranie.pl\\\/porady\\\/#\\\/schema\\\/person\\\/0c44214399e1752805db67863333461b\"},\"headline\":\"Taras wentylowany &#8211; wady i zalety\",\"datePublished\":\"2025-11-10T12:02:01+00:00\",\"dateModified\":\"2026-03-08T20:09:47+00:00\",\"mainEntityOfPage\":{\"@id\":\"https:\\\/\\\/www.meblobranie.pl\\\/porady\\\/taras-wentylowany-czym-jest-i-gdzie-sie-sprawdzi\\\/\"},\"wordCount\":2267,\"commentCount\":0,\"image\":{\"@id\":\"https:\\\/\\\/www.meblobranie.pl\\\/porady\\\/taras-wentylowany-czym-jest-i-gdzie-sie-sprawdzi\\\/#primaryimage\"},\"thumbnailUrl\":\"https:\\\/\\\/www.meblobranie.pl\\\/porady\\\/wp-content\\\/uploads\\\/2022\\\/05\\\/taraswentylowany.jpg\",\"articleSection\":[\"Ogr\u00f3d\",\"Poradnik\"],\"inLanguage\":\"pl-PL\",\"potentialAction\":[{\"@type\":\"CommentAction\",\"name\":\"Comment\",\"target\":[\"https:\\\/\\\/www.meblobranie.pl\\\/porady\\\/taras-wentylowany-czym-jest-i-gdzie-sie-sprawdzi\\\/#respond\"]}]},{\"@type\":[\"WebPage\",\"FAQPage\"],\"@id\":\"https:\\\/\\\/www.meblobranie.pl\\\/porady\\\/taras-wentylowany-czym-jest-i-gdzie-sie-sprawdzi\\\/\",\"url\":\"https:\\\/\\\/www.meblobranie.pl\\\/porady\\\/taras-wentylowany-czym-jest-i-gdzie-sie-sprawdzi\\\/\",\"name\":\"Taras wentylowany - wady i zalety - Porady Meblobranie.pl\",\"isPartOf\":{\"@id\":\"https:\\\/\\\/www.meblobranie.pl\\\/porady\\\/#website\"},\"primaryImageOfPage\":{\"@id\":\"https:\\\/\\\/www.meblobranie.pl\\\/porady\\\/taras-wentylowany-czym-jest-i-gdzie-sie-sprawdzi\\\/#primaryimage\"},\"image\":{\"@id\":\"https:\\\/\\\/www.meblobranie.pl\\\/porady\\\/taras-wentylowany-czym-jest-i-gdzie-sie-sprawdzi\\\/#primaryimage\"},\"thumbnailUrl\":\"https:\\\/\\\/www.meblobranie.pl\\\/porady\\\/wp-content\\\/uploads\\\/2022\\\/05\\\/taraswentylowany.jpg\",\"datePublished\":\"2025-11-10T12:02:01+00:00\",\"dateModified\":\"2026-03-08T20:09:47+00:00\",\"author\":{\"@id\":\"https:\\\/\\\/www.meblobranie.pl\\\/porady\\\/#\\\/schema\\\/person\\\/0c44214399e1752805db67863333461b\"},\"description\":\"Co to jest taras wentylowany i gdzie si\u0119 sprawdzi? Jak wygl\u0105da monta\u017c takiego tarasu krok po kroku? Jakie wady i zalety ma takie rozwi\u0105zanie?\",\"breadcrumb\":{\"@id\":\"https:\\\/\\\/www.meblobranie.pl\\\/porady\\\/taras-wentylowany-czym-jest-i-gdzie-sie-sprawdzi\\\/#breadcrumb\"},\"mainEntity\":[{\"@id\":\"https:\\\/\\\/www.meblobranie.pl\\\/porady\\\/taras-wentylowany-czym-jest-i-gdzie-sie-sprawdzi\\\/#faq-question-1762862214250\"},{\"@id\":\"https:\\\/\\\/www.meblobranie.pl\\\/porady\\\/taras-wentylowany-czym-jest-i-gdzie-sie-sprawdzi\\\/#faq-question-1762862223167\"},{\"@id\":\"https:\\\/\\\/www.meblobranie.pl\\\/porady\\\/taras-wentylowany-czym-jest-i-gdzie-sie-sprawdzi\\\/#faq-question-1762862227864\"}],\"inLanguage\":\"pl-PL\",\"potentialAction\":[{\"@type\":\"ReadAction\",\"target\":[\"https:\\\/\\\/www.meblobranie.pl\\\/porady\\\/taras-wentylowany-czym-jest-i-gdzie-sie-sprawdzi\\\/\"]}]},{\"@type\":\"ImageObject\",\"inLanguage\":\"pl-PL\",\"@id\":\"https:\\\/\\\/www.meblobranie.pl\\\/porady\\\/taras-wentylowany-czym-jest-i-gdzie-sie-sprawdzi\\\/#primaryimage\",\"url\":\"https:\\\/\\\/www.meblobranie.pl\\\/porady\\\/wp-content\\\/uploads\\\/2022\\\/05\\\/taraswentylowany.jpg\",\"contentUrl\":\"https:\\\/\\\/www.meblobranie.pl\\\/porady\\\/wp-content\\\/uploads\\\/2022\\\/05\\\/taraswentylowany.jpg\",\"width\":830,\"height\":554,\"caption\":\"Taras wentylowany\"},{\"@type\":\"BreadcrumbList\",\"@id\":\"https:\\\/\\\/www.meblobranie.pl\\\/porady\\\/taras-wentylowany-czym-jest-i-gdzie-sie-sprawdzi\\\/#breadcrumb\",\"itemListElement\":[{\"@type\":\"ListItem\",\"position\":1,\"name\":\"Home\",\"item\":\"https:\\\/\\\/www.meblobranie.pl\\\/porady\\\/\"},{\"@type\":\"ListItem\",\"position\":2,\"name\":\"Taras wentylowany &#8211; wady i zalety\"}]},{\"@type\":\"WebSite\",\"@id\":\"https:\\\/\\\/www.meblobranie.pl\\\/porady\\\/#website\",\"url\":\"https:\\\/\\\/www.meblobranie.pl\\\/porady\\\/\",\"name\":\"Porady Meblobranie.pl\",\"description\":\"Blog o tarasach i ogrodach\",\"potentialAction\":[{\"@type\":\"SearchAction\",\"target\":{\"@type\":\"EntryPoint\",\"urlTemplate\":\"https:\\\/\\\/www.meblobranie.pl\\\/porady\\\/?s={search_term_string}\"},\"query-input\":{\"@type\":\"PropertyValueSpecification\",\"valueRequired\":true,\"valueName\":\"search_term_string\"}}],\"inLanguage\":\"pl-PL\"},{\"@type\":\"Person\",\"@id\":\"https:\\\/\\\/www.meblobranie.pl\\\/porady\\\/#\\\/schema\\\/person\\\/0c44214399e1752805db67863333461b\",\"name\":\"Dawid z Meblobranie.pl\",\"image\":{\"@type\":\"ImageObject\",\"inLanguage\":\"pl-PL\",\"@id\":\"https:\\\/\\\/secure.gravatar.com\\\/avatar\\\/9ede1c3924e3173d8f3ad05211531161353d772865bc4dacba314dbcd46c0fef?s=96&d=mm&r=g\",\"url\":\"https:\\\/\\\/secure.gravatar.com\\\/avatar\\\/9ede1c3924e3173d8f3ad05211531161353d772865bc4dacba314dbcd46c0fef?s=96&d=mm&r=g\",\"contentUrl\":\"https:\\\/\\\/secure.gravatar.com\\\/avatar\\\/9ede1c3924e3173d8f3ad05211531161353d772865bc4dacba314dbcd46c0fef?s=96&d=mm&r=g\",\"caption\":\"Dawid z Meblobranie.pl\"},\"description\":\"Lorem Ipsum is simply dummy text of the printing and typesetting industry. Lorem Ipsum has been the industry's standard dummy text ever since the 1500s, when an unknown printer took a galley of type and scrambled it to make a type specimen book.\"},{\"@type\":\"Question\",\"@id\":\"https:\\\/\\\/www.meblobranie.pl\\\/porady\\\/taras-wentylowany-czym-jest-i-gdzie-sie-sprawdzi\\\/#faq-question-1762862214250\",\"position\":1,\"url\":\"https:\\\/\\\/www.meblobranie.pl\\\/porady\\\/taras-wentylowany-czym-jest-i-gdzie-sie-sprawdzi\\\/#faq-question-1762862214250\",\"name\":\"Czy taras wentylowany mo\u017cna wykona\u0107 samodzielnie?\",\"answerCount\":1,\"acceptedAnswer\":{\"@type\":\"Answer\",\"text\":\"Tak, przy zachowaniu zasad monta\u017cu i odpowiednim przygotowaniu pod\u0142o\u017ca. Wsporniki i p\u0142yty nie wymagaj\u0105 specjalistycznych narz\u0119dzi, wi\u0119c budowa jest mo\u017cliwa we w\u0142asnym zakresie.\",\"inLanguage\":\"pl-PL\"},\"inLanguage\":\"pl-PL\"},{\"@type\":\"Question\",\"@id\":\"https:\\\/\\\/www.meblobranie.pl\\\/porady\\\/taras-wentylowany-czym-jest-i-gdzie-sie-sprawdzi\\\/#faq-question-1762862223167\",\"position\":2,\"url\":\"https:\\\/\\\/www.meblobranie.pl\\\/porady\\\/taras-wentylowany-czym-jest-i-gdzie-sie-sprawdzi\\\/#faq-question-1762862223167\",\"name\":\"Jak d\u0142ugo trwa monta\u017c tarasu wentylowanego?\",\"answerCount\":1,\"acceptedAnswer\":{\"@type\":\"Answer\",\"text\":\"W zale\u017cno\u015bci od powierzchni \u2013 zazwyczaj od 1 do 3 dni. Technologia sucha bez klej\u00f3w znacz\u0105co skraca czas prac.\",\"inLanguage\":\"pl-PL\"},\"inLanguage\":\"pl-PL\"},{\"@type\":\"Question\",\"@id\":\"https:\\\/\\\/www.meblobranie.pl\\\/porady\\\/taras-wentylowany-czym-jest-i-gdzie-sie-sprawdzi\\\/#faq-question-1762862227864\",\"position\":3,\"url\":\"https:\\\/\\\/www.meblobranie.pl\\\/porady\\\/taras-wentylowany-czym-jest-i-gdzie-sie-sprawdzi\\\/#faq-question-1762862227864\",\"name\":\"Czy taras wentylowany wymaga konserwacji?\",\"answerCount\":1,\"acceptedAnswer\":{\"@type\":\"Answer\",\"text\":\"Nie. Wystarczy okresowo czy\u015bci\u0107 powierzchni\u0119 i dro\u017cno\u015b\u0107 odp\u0142yw\u00f3w. Brak fug i klej\u00f3w eliminuje konieczno\u015b\u0107 napraw.\",\"inLanguage\":\"pl-PL\"},\"inLanguage\":\"pl-PL\"}]}<\/script>\n<!-- \/ Yoast SEO plugin. -->","yoast_head_json":{"title":"Taras wentylowany - wady i zalety - Porady Meblobranie.pl","description":"Co to jest taras wentylowany i gdzie si\u0119 sprawdzi? Jak wygl\u0105da monta\u017c takiego tarasu krok po kroku? Jakie wady i zalety ma takie rozwi\u0105zanie?","robots":{"index":"index","follow":"follow","max-snippet":"max-snippet:-1","max-image-preview":"max-image-preview:large","max-video-preview":"max-video-preview:-1"},"canonical":"https:\/\/www.meblobranie.pl\/porady\/taras-wentylowany-czym-jest-i-gdzie-sie-sprawdzi\/","twitter_misc":{"Napisane przez":"Dawid z Meblobranie.pl","Szacowany czas czytania":"12 minut"},"schema":{"@context":"https:\/\/schema.org","@graph":[{"@type":"Article","@id":"https:\/\/www.meblobranie.pl\/porady\/taras-wentylowany-czym-jest-i-gdzie-sie-sprawdzi\/#article","isPartOf":{"@id":"https:\/\/www.meblobranie.pl\/porady\/taras-wentylowany-czym-jest-i-gdzie-sie-sprawdzi\/"},"author":{"name":"Dawid z Meblobranie.pl","@id":"https:\/\/www.meblobranie.pl\/porady\/#\/schema\/person\/0c44214399e1752805db67863333461b"},"headline":"Taras wentylowany &#8211; wady i zalety","datePublished":"2025-11-10T12:02:01+00:00","dateModified":"2026-03-08T20:09:47+00:00","mainEntityOfPage":{"@id":"https:\/\/www.meblobranie.pl\/porady\/taras-wentylowany-czym-jest-i-gdzie-sie-sprawdzi\/"},"wordCount":2267,"commentCount":0,"image":{"@id":"https:\/\/www.meblobranie.pl\/porady\/taras-wentylowany-czym-jest-i-gdzie-sie-sprawdzi\/#primaryimage"},"thumbnailUrl":"https:\/\/www.meblobranie.pl\/porady\/wp-content\/uploads\/2022\/05\/taraswentylowany.jpg","articleSection":["Ogr\u00f3d","Poradnik"],"inLanguage":"pl-PL","potentialAction":[{"@type":"CommentAction","name":"Comment","target":["https:\/\/www.meblobranie.pl\/porady\/taras-wentylowany-czym-jest-i-gdzie-sie-sprawdzi\/#respond"]}]},{"@type":["WebPage","FAQPage"],"@id":"https:\/\/www.meblobranie.pl\/porady\/taras-wentylowany-czym-jest-i-gdzie-sie-sprawdzi\/","url":"https:\/\/www.meblobranie.pl\/porady\/taras-wentylowany-czym-jest-i-gdzie-sie-sprawdzi\/","name":"Taras wentylowany - wady i zalety - Porady Meblobranie.pl","isPartOf":{"@id":"https:\/\/www.meblobranie.pl\/porady\/#website"},"primaryImageOfPage":{"@id":"https:\/\/www.meblobranie.pl\/porady\/taras-wentylowany-czym-jest-i-gdzie-sie-sprawdzi\/#primaryimage"},"image":{"@id":"https:\/\/www.meblobranie.pl\/porady\/taras-wentylowany-czym-jest-i-gdzie-sie-sprawdzi\/#primaryimage"},"thumbnailUrl":"https:\/\/www.meblobranie.pl\/porady\/wp-content\/uploads\/2022\/05\/taraswentylowany.jpg","datePublished":"2025-11-10T12:02:01+00:00","dateModified":"2026-03-08T20:09:47+00:00","author":{"@id":"https:\/\/www.meblobranie.pl\/porady\/#\/schema\/person\/0c44214399e1752805db67863333461b"},"description":"Co to jest taras wentylowany i gdzie si\u0119 sprawdzi? Jak wygl\u0105da monta\u017c takiego tarasu krok po kroku? Jakie wady i zalety ma takie rozwi\u0105zanie?","breadcrumb":{"@id":"https:\/\/www.meblobranie.pl\/porady\/taras-wentylowany-czym-jest-i-gdzie-sie-sprawdzi\/#breadcrumb"},"mainEntity":[{"@id":"https:\/\/www.meblobranie.pl\/porady\/taras-wentylowany-czym-jest-i-gdzie-sie-sprawdzi\/#faq-question-1762862214250"},{"@id":"https:\/\/www.meblobranie.pl\/porady\/taras-wentylowany-czym-jest-i-gdzie-sie-sprawdzi\/#faq-question-1762862223167"},{"@id":"https:\/\/www.meblobranie.pl\/porady\/taras-wentylowany-czym-jest-i-gdzie-sie-sprawdzi\/#faq-question-1762862227864"}],"inLanguage":"pl-PL","potentialAction":[{"@type":"ReadAction","target":["https:\/\/www.meblobranie.pl\/porady\/taras-wentylowany-czym-jest-i-gdzie-sie-sprawdzi\/"]}]},{"@type":"ImageObject","inLanguage":"pl-PL","@id":"https:\/\/www.meblobranie.pl\/porady\/taras-wentylowany-czym-jest-i-gdzie-sie-sprawdzi\/#primaryimage","url":"https:\/\/www.meblobranie.pl\/porady\/wp-content\/uploads\/2022\/05\/taraswentylowany.jpg","contentUrl":"https:\/\/www.meblobranie.pl\/porady\/wp-content\/uploads\/2022\/05\/taraswentylowany.jpg","width":830,"height":554,"caption":"Taras wentylowany"},{"@type":"BreadcrumbList","@id":"https:\/\/www.meblobranie.pl\/porady\/taras-wentylowany-czym-jest-i-gdzie-sie-sprawdzi\/#breadcrumb","itemListElement":[{"@type":"ListItem","position":1,"name":"Home","item":"https:\/\/www.meblobranie.pl\/porady\/"},{"@type":"ListItem","position":2,"name":"Taras wentylowany &#8211; wady i zalety"}]},{"@type":"WebSite","@id":"https:\/\/www.meblobranie.pl\/porady\/#website","url":"https:\/\/www.meblobranie.pl\/porady\/","name":"Porady Meblobranie.pl","description":"Blog o tarasach i ogrodach","potentialAction":[{"@type":"SearchAction","target":{"@type":"EntryPoint","urlTemplate":"https:\/\/www.meblobranie.pl\/porady\/?s={search_term_string}"},"query-input":{"@type":"PropertyValueSpecification","valueRequired":true,"valueName":"search_term_string"}}],"inLanguage":"pl-PL"},{"@type":"Person","@id":"https:\/\/www.meblobranie.pl\/porady\/#\/schema\/person\/0c44214399e1752805db67863333461b","name":"Dawid z Meblobranie.pl","image":{"@type":"ImageObject","inLanguage":"pl-PL","@id":"https:\/\/secure.gravatar.com\/avatar\/9ede1c3924e3173d8f3ad05211531161353d772865bc4dacba314dbcd46c0fef?s=96&d=mm&r=g","url":"https:\/\/secure.gravatar.com\/avatar\/9ede1c3924e3173d8f3ad05211531161353d772865bc4dacba314dbcd46c0fef?s=96&d=mm&r=g","contentUrl":"https:\/\/secure.gravatar.com\/avatar\/9ede1c3924e3173d8f3ad05211531161353d772865bc4dacba314dbcd46c0fef?s=96&d=mm&r=g","caption":"Dawid z Meblobranie.pl"},"description":"Lorem Ipsum is simply dummy text of the printing and typesetting industry. Lorem Ipsum has been the industry's standard dummy text ever since the 1500s, when an unknown printer took a galley of type and scrambled it to make a type specimen book."},{"@type":"Question","@id":"https:\/\/www.meblobranie.pl\/porady\/taras-wentylowany-czym-jest-i-gdzie-sie-sprawdzi\/#faq-question-1762862214250","position":1,"url":"https:\/\/www.meblobranie.pl\/porady\/taras-wentylowany-czym-jest-i-gdzie-sie-sprawdzi\/#faq-question-1762862214250","name":"Czy taras wentylowany mo\u017cna wykona\u0107 samodzielnie?","answerCount":1,"acceptedAnswer":{"@type":"Answer","text":"Tak, przy zachowaniu zasad monta\u017cu i odpowiednim przygotowaniu pod\u0142o\u017ca. Wsporniki i p\u0142yty nie wymagaj\u0105 specjalistycznych narz\u0119dzi, wi\u0119c budowa jest mo\u017cliwa we w\u0142asnym zakresie.","inLanguage":"pl-PL"},"inLanguage":"pl-PL"},{"@type":"Question","@id":"https:\/\/www.meblobranie.pl\/porady\/taras-wentylowany-czym-jest-i-gdzie-sie-sprawdzi\/#faq-question-1762862223167","position":2,"url":"https:\/\/www.meblobranie.pl\/porady\/taras-wentylowany-czym-jest-i-gdzie-sie-sprawdzi\/#faq-question-1762862223167","name":"Jak d\u0142ugo trwa monta\u017c tarasu wentylowanego?","answerCount":1,"acceptedAnswer":{"@type":"Answer","text":"W zale\u017cno\u015bci od powierzchni \u2013 zazwyczaj od 1 do 3 dni. Technologia sucha bez klej\u00f3w znacz\u0105co skraca czas prac.","inLanguage":"pl-PL"},"inLanguage":"pl-PL"},{"@type":"Question","@id":"https:\/\/www.meblobranie.pl\/porady\/taras-wentylowany-czym-jest-i-gdzie-sie-sprawdzi\/#faq-question-1762862227864","position":3,"url":"https:\/\/www.meblobranie.pl\/porady\/taras-wentylowany-czym-jest-i-gdzie-sie-sprawdzi\/#faq-question-1762862227864","name":"Czy taras wentylowany wymaga konserwacji?","answerCount":1,"acceptedAnswer":{"@type":"Answer","text":"Nie. Wystarczy okresowo czy\u015bci\u0107 powierzchni\u0119 i dro\u017cno\u015b\u0107 odp\u0142yw\u00f3w. Brak fug i klej\u00f3w eliminuje konieczno\u015b\u0107 napraw.","inLanguage":"pl-PL"},"inLanguage":"pl-PL"}]}},"_links":{"self":[{"href":"https:\/\/www.meblobranie.pl\/porady\/wp-json\/wp\/v2\/posts\/37186","targetHints":{"allow":["GET"]}}],"collection":[{"href":"https:\/\/www.meblobranie.pl\/porady\/wp-json\/wp\/v2\/posts"}],"about":[{"href":"https:\/\/www.meblobranie.pl\/porady\/wp-json\/wp\/v2\/types\/post"}],"author":[{"embeddable":true,"href":"https:\/\/www.meblobranie.pl\/porady\/wp-json\/wp\/v2\/users\/20"}],"replies":[{"embeddable":true,"href":"https:\/\/www.meblobranie.pl\/porady\/wp-json\/wp\/v2\/comments?post=37186"}],"version-history":[{"count":3,"href":"https:\/\/www.meblobranie.pl\/porady\/wp-json\/wp\/v2\/posts\/37186\/revisions"}],"predecessor-version":[{"id":46870,"href":"https:\/\/www.meblobranie.pl\/porady\/wp-json\/wp\/v2\/posts\/37186\/revisions\/46870"}],"wp:featuredmedia":[{"embeddable":true,"href":"https:\/\/www.meblobranie.pl\/porady\/wp-json\/wp\/v2\/media\/37187"}],"wp:attachment":[{"href":"https:\/\/www.meblobranie.pl\/porady\/wp-json\/wp\/v2\/media?parent=37186"}],"wp:term":[{"taxonomy":"category","embeddable":true,"href":"https:\/\/www.meblobranie.pl\/porady\/wp-json\/wp\/v2\/categories?post=37186"},{"taxonomy":"post_tag","embeddable":true,"href":"https:\/\/www.meblobranie.pl\/porady\/wp-json\/wp\/v2\/tags?post=37186"}],"curies":[{"name":"wp","href":"https:\/\/api.w.org\/{rel}","templated":true}]}}