{"id":37292,"date":"2022-06-15T09:13:58","date_gmt":"2022-06-15T07:13:58","guid":{"rendered":"https:\/\/www.meblobranie.pl\/porady\/?p=37292"},"modified":"2022-06-15T09:13:58","modified_gmt":"2022-06-15T07:13:58","slug":"oszklony-taras-kiedy-warto-sie-zdecydowac","status":"publish","type":"post","link":"https:\/\/www.meblobranie.pl\/porady\/oszklony-taras-kiedy-warto-sie-zdecydowac\/","title":{"rendered":"Oszklony taras &#8211; kiedy warto si\u0119 zdecydowa\u0107?"},"content":{"rendered":"<p>Kiedy warto si\u0119 zdecydowa\u0107 na oszklony taras? Jakie s\u0105 typy zabudowy taras\u00f3w i kt\u00f3re z nich najlepiej uzupe\u0142ni\u0105 nasz ogr\u00f3d zimowy? Czy szklana zabudowa tarasu jest bezpieczna i praktyczna? Bierzemy dzi\u015b pod lup\u0119 przeszklenie tarasu. Dowiedz si\u0119 na ten temat wszystkiego, co najwa\u017cniejsze!<\/p>\n<p><img loading=\"lazy\" decoding=\"async\" class=\"size-full wp-image-37293 aligncenter\" src=\"https:\/\/www.meblobranie.pl\/porady\/wp-content\/uploads\/2022\/06\/przeszklony-taras.jpg\" alt=\"Przeszklony taras \" width=\"830\" height=\"554\" srcset=\"https:\/\/www.meblobranie.pl\/porady\/wp-content\/uploads\/2022\/06\/przeszklony-taras.jpg 830w, https:\/\/www.meblobranie.pl\/porady\/wp-content\/uploads\/2022\/06\/przeszklony-taras-300x200.jpg 300w, https:\/\/www.meblobranie.pl\/porady\/wp-content\/uploads\/2022\/06\/przeszklony-taras-768x513.jpg 768w\" sizes=\"auto, (max-width: 830px) 100vw, 830px\" \/><!--more--><\/p>\n\n<h2>Zabudowany taras<\/h2>\n<p>Zabudowa tarasu i balkonu, bez wzgl\u0119du na to, jaki rodzaj przeszklenia wybierzemy, zawsze b\u0119dzie efektowna. Dzi\u0119ki niej mo\u017cna si\u0119 napawa\u0107 widokiem zieleni o ka\u017cdej porze roku, niezale\u017cnie od warunk\u00f3w atmosferycznych. Sp\u0119dzanie czasu na przeszklonym tarasie jest najlepszym rozwi\u0105zaniem, je\u015bli chcemy zyska\u0107 dodatkow\u0105 stref\u0119 wypoczynku na \u015bwie\u017cym powietrzu. Co wi\u0119cej, <strong>zyskujemy r\u00f3wnie\u017c dodatkow\u0105 przestrze\u0144, w kt\u00f3rej mo\u017cemy ustawi\u0107 ro\u015bliny doniczkowe, tworz\u0105c rodzaj oran\u017cerii czy te\u017c ogrodu zimowego<\/strong>. Oszklony taras os\u0142ania r\u00f3wnie\u017c cz\u0119\u015b\u0107 mieszkaln\u0105, dzi\u0119ki czemu wp\u0142ywa korzystnie na bilans energetyczny, zmniejszaj\u0105c straty cieplne budynku, a ponadto stanowi dobr\u0105 izolacj\u0119 akustyczn\u0105. Jak wi\u0119c widzimy, warto zdecydowa\u0107 si\u0119 na takie rozwi\u0105zanie &#8211; trudno znale\u017a\u0107 jakiekolwiek czynniki, kt\u00f3re przemawia\u0142yby za tym, by tego nie zrobi\u0107.<\/p>\n<p>Co jeszcze warto wiedzie\u0107, je\u015bli planujemy zbudowa\u0107 oszklony taras?<\/p>\n<ul>\n<li>Oszklony taras pozwala na komfortowe podziwianie przyrody.<\/li>\n<li>Szklana zabudowa tarasu zapewnia swobod\u0119 konfiguracji &#8211; taras mo\u017cna otworzy\u0107 w pe\u0142ni lub cz\u0119\u015bciowo.<\/li>\n<li>Innowacyjna konstrukcja wraz z niepowtarzaln\u0105 funkcjonalno\u015bci\u0105 szklanej zabudowy sprawiaj\u0105, \u017ce dom wygl\u0105da luksusowo, nowocze\u015bnie i elegancko.<\/li>\n<li>Oszklona zabudowa tarasu chroni przed niesprzyjaj\u0105cymi warunkami atmosferycznymi.<\/li>\n<li>Szklane zabudowy taras\u00f3w mog\u0105 stanowi\u0107 przed\u0142u\u017cenie pokoju dziennego i s\u0142u\u017cy\u0107 do relaksu r\u00f3wnie\u017c w deszczowe dni, dzi\u0119ki czemu mo\u017cna si\u0119 cieszy\u0107 jednocze\u015bnie naturalnym otoczeniem i wyj\u0105tkowym komfortem.<\/li>\n<li>To doskona\u0142e schronienie dla delikatniejszych ro\u015blin podczas zimy.<\/li>\n<li>Szklana zabudowa tarasu znacznie zwi\u0119ksza jego walory u\u017cytkowe (o czym poni\u017cej).<\/li>\n<\/ul>\n<p>Komu przyda si\u0119 przeszklony taras? To rozwi\u0105zanie, kt\u00f3re sprawdzi si\u0119 w wielu przypadkach. Przede wszystkim b\u0119dzie bardzo praktycznym rozwi\u0105zaniem dla os\u00f3b, kt\u00f3re maj\u0105 ogr\u00f3d. W oran\u017cerii mo\u017cna przechowywa\u0107 ro\u015bliny, kt\u00f3re nie mog\u0105 w czasie zimy znajdowa\u0107 si\u0119 na zewn\u0105trz. Ogr\u00f3d zimowy to doskona\u0142e miejsce do rodzinnych spotka\u0144 przy <a href=\"\/stoly\">stole<\/a>, a tak\u017ce przy fili\u017cance herbaty. Je\u015bli pozwala na to miejsce, warto dobra\u0107 do tarasu odpowiednie <a href=\"\/ogrod-meble-ogrodowe\">meble ogrodowe<\/a>, kt\u00f3re b\u0119d\u0105 nie tylko funkcjonalne, ale te\u017c dope\u0142ni\u0105 ca\u0142o\u015b\u0107 aran\u017cacji tak, by by\u0142a sp\u00f3jna z rodzajem przeszklenia. Wiele os\u00f3b wykorzystuje z powodzeniem przeszklone tarasy do pracy przy komputerze &#8211; nie ma lepszego odpoczynku dla oczu ni\u017c oderwanie ich od ekranu komputera i spojrzenie w dal na ziele\u0144. Oran\u017ceria to tak\u017ce idealne miejsce do uprawiania fitnessu czy jogi.<\/p>\n<p>[[kategoria:1848:6]]<\/p>\n<h2>Szklane \u015bciany taras\u00f3w i balkon\u00f3w<\/h2>\n<p>Oszklony taras lub balkon cz\u0119sto nazywa si\u0119 te\u017c oran\u017ceri\u0105 lub ogrodem zimowym. Podest obudowany jest tu przeszklonymi \u015bcianami, a nad nimi tworzy si\u0119 zadaszenie. Taki taras lub balkon jest integraln\u0105 cz\u0119\u015bci\u0105 budynku, kt\u00f3ra tworzy dodatkow\u0105 przestrze\u0144 w ramach mieszkania albo domu. Zwykle oran\u017cerie otwierane s\u0105 na ogr\u00f3d, dzi\u0119ki czemu mo\u017cna si\u0119 cieszy\u0107 widokiem zieleni bez konieczno\u015bci wychodzenia na zewn\u0105trz. Przeszklenia taras\u00f3w opieraj\u0105 si\u0119 na drewnianym lub metalowym (wykonanym z aluminium anodowanego) szkielecie. \u015aciany niemal w ca\u0142o\u015bci tworz\u0105 szklane tafle &#8211; si\u0119gaj\u0105 od pod\u0142ogi a\u017c do sufitu. Takie rozwi\u0105zanie pozwala na wpuszczenie do \u015brodka du\u017cej ilo\u015bci \u015bwiat\u0142a.<\/p>\n<p>Zabudowy taras\u00f3w stanowi najcz\u0119\u015bciej szk\u0142o klejone lub hartowane o grubo\u015bci 8, 10 lub 12 mm (istnieje r\u00f3wnie\u017c mo\u017cliwo\u015b\u0107 wyboru szyby zespolonej o grubo\u015bci 16 mm w ramowej zabudowie tarasu lub balkonu). To ci\u0119\u017cki materia\u0142, dlatego potrzebuje wytrzyma\u0142ej konstrukcji wykonanej z wysokiej jako\u015bci materia\u0142\u00f3w. <strong>Przeszklenia wykonuje si\u0119 w systemie ramowym lub bezramowym<\/strong> (b\u0119dziemy jeszcze szerzej o tym m\u00f3wi\u0107). Je\u017celi planujemy zbudowa\u0107 w przydomowej przestrzeni oran\u017ceri\u0119, kt\u00f3ra b\u0119dzie integralnie zwi\u0105zana ze struktur\u0105 domu, mo\u017cna od razu uwzgl\u0119dni\u0107 j\u0105 w projekcie budowlanym. Dzi\u0119ki temu unikniemy konieczno\u015bci dope\u0142niania wielu formalno\u015bci w p\u00f3\u017aniejszym czasie, gdyby\u015bmy zechcieli zbudowa\u0107 taras. Zgodnie z obowi\u0105zuj\u0105cymi w tej chwili przepisami taras (zar\u00f3wno otwarty, jak ogr\u00f3d zimowy) stanowi cz\u0119\u015b\u0107 budynku, kt\u00f3ra zwi\u0119ksza jego powierzchni\u0119 u\u017cytkow\u0105, dlatego przed jego budow\u0105 nale\u017cy uzyska\u0107 niezb\u0119dne zgody budowlane. Je\u015bli z kolei zdecydujemy si\u0119 na zabudow\u0119 ju\u017c istniej\u0105cego tarasu poprzez wykonanie przeszkle\u0144 i zadaszenia, przepisy budowlane uznaj\u0105 j\u0105 za remont powierzchni i nie wymagaj\u0105 kolejnej zgody.<\/p>\n<div id=\"attachment_35210\" style=\"width: 840px\" class=\"wp-caption aligncenter\"><img loading=\"lazy\" decoding=\"async\" aria-describedby=\"caption-attachment-35210\" class=\"wp-image-35210 size-full\" src=\"https:\/\/www.meblobranie.pl\/porady\/wp-content\/uploads\/2016\/07\/ogr\u00f3d-zimowy-przy-domu.jpg\" alt=\"Oszklony taras przy domu\" width=\"830\" height=\"623\" srcset=\"https:\/\/www.meblobranie.pl\/porady\/wp-content\/uploads\/2016\/07\/ogr\u00f3d-zimowy-przy-domu.jpg 830w, https:\/\/www.meblobranie.pl\/porady\/wp-content\/uploads\/2016\/07\/ogr\u00f3d-zimowy-przy-domu-300x225.jpg 300w, https:\/\/www.meblobranie.pl\/porady\/wp-content\/uploads\/2016\/07\/ogr\u00f3d-zimowy-przy-domu-768x576.jpg 768w\" sizes=\"auto, (max-width: 830px) 100vw, 830px\" \/><p id=\"caption-attachment-35210\" class=\"wp-caption-text\">Oszklony taras przy domu<\/p><\/div>\n<h2>Typy zabudowy taras\u00f3w: system ramowy i bezramowy<\/h2>\n<p>Jak ju\u017c wspomnieli\u015bmy, wyr\u00f3\u017cniamy dwa typy zabudowy taras\u00f3w: ramowy i bezramowy. Ramowa zabudowa taras\u00f3w mo\u017ce by\u0107 zamykana obustronnie na klucz, dzi\u0119ki czemu wszystkie pozostawione w oran\u017cerii rzeczy b\u0119d\u0105 bezpieczne. Takie rozwi\u0105zanie podnosi te\u017c walory antyw\u0142amaniowe. Kiedy na dworze panuje przyjemna temperatura, mo\u017cemy zmieni\u0107 nasz taras w otwart\u0105, zadaszon\u0105 przestrze\u0144. W niekt\u00f3rych przeszkleniach istnieje mo\u017cliwo\u015b\u0107 swobodnego przesuwania \u015bcian. Co wi\u0119cej, <strong>aluminiowe profile mo\u017cna pokrywa\u0107 lakierami proszkowymi imituj\u0105cymi drewno, dzi\u0119ki czemu zyskujemy niepowtarzalny efekt wizualny<\/strong>, a jednocze\u015bnie podnosimy odporno\u015b\u0107 materia\u0142u na niesprzyjaj\u0105ce warunki atmosferyczne (takie rozwi\u0105zanie jest te\u017c bardzo praktyczne, poniewa\u017c naturalne drewno jest mniej odporne i wymaga odpowiedniej piel\u0119gnacji i zabezpieczenia). Szk\u0142o wykorzystywane do tworzenia ogrodu zimowego mo\u017ce by\u0107 przezroczyste, grafitowe lub mleczne. Zamiast szk\u0142a mo\u017cna te\u017c u\u017cy\u0107 poliw\u0119glanu. Doskona\u0142\u0105 szczelno\u015b\u0107 zapewniaj\u0105 podw\u00f3jne uszczelki i klipsy domykaj\u0105ce.<\/p>\n<p>Przeszklenia w systemie ramowym wykorzystuje si\u0119 najcz\u0119\u015bciej do zabudowy balkon\u00f3w, natomiast w przypadku taras\u00f3w dobrym rozwi\u0105zaniem jest system bezramowy. Stworzenie przeszkle\u0144 w systemie bezramowym sprawia, \u017ce zabudowa tarasu jest wyj\u0105tkowo nowoczesna: prezentuje si\u0119 delikatnie i jest bardzo przejrzysta. Taras taki nie ma pionowych ram, a bezramowe drzwi s\u0105 prawie niewidoczne. Panele szklane w systemie przesuwnym pozwalaj\u0105 na stworzenie dowolnej konfiguracji, dzi\u0119ki czemu ca\u0142a szklana konstrukcja wygl\u0105da minimalistycznie i luksusowo. Profil dolny umieszcza si\u0119 w pod\u0142o\u017cu, dzi\u0119ki czemu jest r\u00f3wnie\u017c niewidoczny. W ten spos\u00f3b w efektowny spos\u00f3b tworzymy taras z ogrodem. Bezramowa zabudowa tarasu zawiera panele przesuwne w poziomie, a ca\u0142e \u015bciany poruszaj\u0105 si\u0119 przy pomocy w\u00f3zk\u00f3w umieszczonych na profilu z aluminium.<\/p>\n<p>[[kategoria:2002:6]]<\/p>\n<h2>Czy szklana zabudowa tarasu to bezpieczna opcja?<\/h2>\n<p>Zabudowany taras prezentuje si\u0119 bardzo efektownie i \u015bwietnie wsp\u00f3\u0142gra z ka\u017cd\u0105 bry\u0142\u0105 domu. Nawet w przypadku, gdy ca\u0142o\u015b\u0107 zbudowana jest ze szk\u0142a (bez profili aluminiowych), konstrukcja ta jest nie tylko wytrzyma\u0142a, ale r\u00f3wnie\u017c bezpieczna. Doskonale sprawdzi si\u0119 r\u00f3wnie\u017c w kawiarnianych i restauracyjnych ogr\u00f3dkach. Szklan\u0105 zabudow\u0119 tarasu najlepiej zleci\u0107 profesjonalistom, kt\u00f3rzy idealnie dopasuj\u0105 ca\u0142\u0105 konstrukcj\u0119 i przeszklenia, a przy tym zadbaj\u0105 o bezpieczne ustawienie i wyko\u0144czenie ca\u0142o\u015bci. Szk\u0142o wykorzystywane do zabudowy tarasu jest nie tylko wytrzyma\u0142e, ale mo\u017ce tak\u017ce chroni\u0107 przed szkodliwym dzia\u0142aniem promieni s\u0142onecznych (co ma znaczenie zar\u00f3wno dla samych u\u017cytkownik\u00f3w tarasu, jak i dla znajduj\u0105cych si\u0119 na nim przedmiot\u00f3w, kt\u00f3re nie p\u0142owiej\u0105 nawet po wielu latach). Kilka wa\u017cnych informacji na temat paneli ze szk\u0142em:<\/p>\n<ul>\n<li>Tafle wykonane s\u0105 najcz\u0119\u015bciej ze szk\u0142a bezpiecznego, hartowanego i laminowanego.<\/li>\n<li>Szk\u0142o laminowane (VSG) to dwie tafle szklane sklejone specjaln\u0105 foli\u0105 zabezpieczaj\u0105c\u0105 poliwinylobutylow\u0105 (VSG). Konstrukcja taka sprawia, \u017ce w przypadku ewentualnego st\u0142uczenia tafle nie rozbijaj\u0105 si\u0119 na kawa\u0142ki, lecz pozostaj\u0105 przytwierdzone do folii.<\/li>\n<li>Szk\u0142o hartowane ESG VSG zawdzi\u0119cza swoj\u0105 trwa\u0142o\u015b\u0107 procesowi obr\u00f3bki termicznej, w czasie kt\u00f3rej podgrzewane jest w wysokiej temperaturze, a nast\u0119pnie sch\u0142adzane zimnym powietrzem.<\/li>\n<\/ul>\n<p>Przeszklony taras lub balkon pozwala na swobodne podziwianie zar\u00f3wno znajduj\u0105cej si\u0119 na zewn\u0105trz zieleni, jak i (je\u015bli ze szk\u0142a jest r\u00f3wnie\u017c zadaszenie) gwiazd. W przypadku, gdy taras wystawiony jest na du\u017ce s\u0142o\u0144ce, warto zamontowa\u0107 w panelach \u017caluzje, kt\u00f3re pozwol\u0105 z\u0142agodzi\u0107 zar\u00f3wno ciep\u0142o, jak i jasno\u015b\u0107 wpadaj\u0105cych do \u015brodka promieni s\u0142onecznych. Co jeszcze warto wiedzie\u0107 na temat bezpiecze\u0144stwa szklanej zabudowy tarasu? <strong>Aluminium stosowane do produkcji profili powstaje przy wykorzystaniu nowoczesnych technologii i jest materia\u0142em niezwykle trwa\u0142ym i odpornym nie tylko na nacisk, ale tak\u017ce na niszczenie<\/strong>, kt\u00f3re nast\u0119puje z biegiem czasu. Nie szkodz\u0105 mu zmienne warunki atmosferyczne, intensywne promieniowanie s\u0142oneczne, obfity deszcz, silny wiatr ani wilgo\u0107. Materia\u0142 ten jest trzykrotnie l\u017cejszy od stali, a przy tym elastyczny, co sprawia, \u017ce idealnie nadaje si\u0119 do obr\u00f3bki. Profile \u0142atwo si\u0119 transportuje, sk\u0142ada i montuje. Nie stanowi\u0105 te\u017c znacznego obci\u0105\u017cenia dla stropu tarasu. Profile aluminiowe doskonale komponuj\u0105 si\u0119 ze szk\u0142em, tworz\u0105c trwa\u0142e i estetyczne konstrukcje i podnosz\u0105c tym samym walory estetyczne domu.<\/p>\n<p><img loading=\"lazy\" decoding=\"async\" class=\"size-full wp-image-35209 aligncenter\" src=\"https:\/\/www.meblobranie.pl\/porady\/wp-content\/uploads\/2016\/07\/ogrody-zimowe-co-to-jest.jpg\" alt=\"Ogr\u00f3d zimowy - co to\" width=\"830\" height=\"554\" srcset=\"https:\/\/www.meblobranie.pl\/porady\/wp-content\/uploads\/2016\/07\/ogrody-zimowe-co-to-jest.jpg 830w, https:\/\/www.meblobranie.pl\/porady\/wp-content\/uploads\/2016\/07\/ogrody-zimowe-co-to-jest-300x200.jpg 300w, https:\/\/www.meblobranie.pl\/porady\/wp-content\/uploads\/2016\/07\/ogrody-zimowe-co-to-jest-768x513.jpg 768w\" sizes=\"auto, (max-width: 830px) 100vw, 830px\" \/><\/p>\n<p>&nbsp;<\/p>\n<h2>Ile kosztuje taras oszklony?<\/h2>\n<p>Cena przeszklenia tarasu lub balkonu jest stosunkowo wysoka i zale\u017cy od wielu czynnik\u00f3w, takich jak typ i rodzaj wybranego zadaszenia tarasu i konstrukcji, jako\u015b\u0107 i grubo\u015b\u0107 szklanych tafli, a tak\u017ce jako\u015b\u0107 materia\u0142\u00f3w wyko\u0144czeniowych. Co wi\u0119cej, na cen\u0119 zabudowy tarasu wp\u0142ywa r\u00f3wnie\u017c wybrany system przeszkle\u0144 przesuwnych, zar\u00f3wno w systemie ramowym, jak i bezramowym. <strong>Ceny przeszkle\u0144<\/strong> r\u00f3\u017cni\u0105 si\u0119 w zale\u017cno\u015bci od regionu, w kt\u00f3rym s\u0105 zakupione i wykonane (na przyk\u0142ad cena ko\u0144cowa zakupu i wykonania przeszkle\u0144 b\u0119dzie ni\u017csza na Dolnym \u015al\u0105sku ni\u017c w wojew\u00f3dztwie mazowieckim). Koszt zabudowy \u015bcian bocznych ustala si\u0119 najcz\u0119\u015bciej za metr kwadratowy.<\/p>\n<p>Jakie jeszcze czynniki wp\u0142ywaj\u0105 na cen\u0119 zabudowy taras\u00f3w i balkon\u00f3w?<\/p>\n<ul>\n<li>Jako\u015b\u0107 szk\u0142a,<\/li>\n<li>Kolor szk\u0142a (dodatkowe zabarwienie generuje dodatkowe koszty),<\/li>\n<li>Je\u015bli zamiast zabudowania aluminiowo-szklanego wybierzemy zabudowanie z poliw\u0119glanu albo z pleksi, ca\u0142o\u015bciowa zabudowa tarasu oka\u017ce si\u0119 ta\u0144sza (trzeba jednak zauwa\u017cy\u0107, \u017ce materia\u0142y te s\u0105 mniej trwa\u0142e i ma\u0142o odporne na zarysowania, a ponadto nie s\u0105 tak przejrzyste i nie przepuszczaj\u0105 tak dobrze \u015bwiat\u0142a, jak tafle ze szk\u0142a),<\/li>\n<li>Na cen\u0119 oszklonego tarasu wp\u0142ynie r\u00f3wnie\u017c wykorzystanie do budowy zadaszenia materia\u0142u technicznego.<\/li>\n<\/ul>\n<p>[[kategoria:2055:6]]<\/p>\n<p>&nbsp;<\/p>\n<h2>Gdzie najlepiej sprawdz\u0105 si\u0119 przeszklenia na tarasie?<\/h2>\n<p>Czy przeszklenia sprawdz\u0105 si\u0119 na ka\u017cdym tarasie? Warto tu zastosowa\u0107 indywidualne podej\u015bcie i oceni\u0107, czy zale\u017cy nam na mocnym nas\u0142onecznieniu, czy te\u017c na delikatnym, rozproszonym \u015bwietle wpadaj\u0105cym do \u015brodka. Ekspozycja taras\u00f3w wp\u0142ywa na ilo\u015b\u0107 \u015bwiat\u0142a docieraj\u0105cego do ogrodu zimowego. <strong>Tarasy ustawione w kierunku po\u0142udniowym b\u0119d\u0105 nara\u017cone na silne promieniowanie s\u0142oneczne przez wi\u0119kszo\u015b\u0107 dnia<\/strong>, dlatego decyduj\u0105c si\u0119 na takie rozwi\u0105zanie, warto od razu zaplanowa\u0107 zakup mat cieniuj\u0105cych albo markiz (alternatywnie: paneli z przyciemnianym szk\u0142em). Dodatkowe udogodnienie b\u0119d\u0105 stanowi\u0142y wentylatory, kt\u00f3re przy otwartych drzwiach b\u0119d\u0105 sprzyja\u0142y wymianie nagrzanego powietrza na ch\u0142odniejsze.<\/p>\n<p>Je\u015bli chcemy, by na naszym tarasie panowa\u0142y optymalne temperatury (i je\u015bli to mo\u017cliwe), dobrym pomys\u0142em jest zbudowanie przeszklonego tarasu od strony wschodniej, zachodniej lub po\u0142udniowo-wschodniej. Warunki, jakie b\u0119d\u0105 panowa\u0142y w takiej oran\u017cerii, sprzyjaj\u0105 rozwojowi wi\u0119kszo\u015bci ro\u015blin. Co wi\u0119cej, je\u015bli nasz ogr\u00f3d zimowy zbudujemy od strony zachodniej, b\u0119dziemy mie\u0107 pewno\u015b\u0107, \u017ce jego wn\u0119trze b\u0119dzie wieczorem pi\u0119knie do\u015bwietlone w czasie zachod\u00f3w s\u0142o\u0144ca. W okresie letnim dodatkowo unikniemy tak zwanego efektu szklarni.<\/p>\n<p>Przeszklona zabudowa i zadaszenie tarasu zapewniaj\u0105 stworzenie niezwykle klimatycznego wn\u0119trza. Doskona\u0142ym pomys\u0142em jednak b\u0119dzie zadbanie o odpowiedni\u0105 opraw\u0119, dzi\u0119ki kt\u00f3rej sp\u0119dzanie czasu w takim miejscu b\u0119dzie prawdziw\u0105 przyjemno\u015bci\u0105. Oto kilka przyk\u0142ad\u00f3w dodatk\u00f3w, kt\u00f3re mog\u0105 si\u0119 okaza\u0107 bardzo przydatne w przypadku tarasu z przeszkleniami:<\/p>\n<ul>\n<li>O\u015bwietlenie LED,<\/li>\n<li>System audio,<\/li>\n<li>Czujniki pogodowe,<\/li>\n<li>Promienniki ciep\u0142a (elektryczne promienniki podczerwieni), kt\u00f3re daj\u0105 poczucie przyjemnego ciep\u0142a, a przy tym s\u0105 bezpieczne w u\u017cytkowaniu. Mo\u017cna je montowa\u0107 niemal w dowolnym miejscu.<\/li>\n<\/ul>\n","protected":false},"excerpt":{"rendered":"<p>Kiedy warto si\u0119 zdecydowa\u0107 na oszklony taras? Jakie s\u0105 typy zabudowy taras\u00f3w i kt\u00f3re z nich najlepiej uzupe\u0142ni\u0105 nasz ogr\u00f3d zimowy? Czy szklana zabudowa tarasu jest bezpieczna i praktyczna? Bierzemy dzi\u015b pod lup\u0119 przeszklenie tarasu. Dowiedz si\u0119 na ten temat wszystkiego, co najwa\u017cniejsze!<\/p>\n","protected":false},"author":20,"featured_media":37293,"comment_status":"open","ping_status":"closed","sticky":false,"template":"","format":"standard","meta":{"_acf_changed":false,"ngg_post_thumbnail":0,"footnotes":""},"categories":[905,6],"tags":[],"class_list":{"0":"post-37292","1":"post","2":"type-post","3":"status-publish","4":"format-standard","5":"has-post-thumbnail","7":"category-ogrod","8":"category-poradnik"},"acf":[],"yoast_head":"<!-- This site is optimized with the Yoast SEO plugin v27.4 - https:\/\/yoast.com\/product\/yoast-seo-wordpress\/ -->\n<title>Oszklony taras - kiedy warto si\u0119 zdecydowa\u0107? - Porady Meblobranie.pl<\/title>\n<meta name=\"description\" content=\"Kiedy warto si\u0119 zdecydowa\u0107 na oszklony taras? Jakie s\u0105 typy zabudowy taras\u00f3w i kt\u00f3re z nich najlepiej uzupe\u0142ni\u0105 nasz ogr\u00f3d zimowy?\" \/>\n<meta name=\"robots\" content=\"index, follow, max-snippet:-1, max-image-preview:large, max-video-preview:-1\" \/>\n<link rel=\"canonical\" href=\"https:\/\/www.meblobranie.pl\/porady\/oszklony-taras-kiedy-warto-sie-zdecydowac\/\" \/>\n<meta name=\"twitter:label1\" content=\"Napisane przez\" \/>\n\t<meta name=\"twitter:data1\" content=\"Dawid z Meblobranie.pl\" \/>\n\t<meta name=\"twitter:label2\" content=\"Szacowany czas czytania\" \/>\n\t<meta name=\"twitter:data2\" content=\"10 minut\" \/>\n<script type=\"application\/ld+json\" class=\"yoast-schema-graph\">{\"@context\":\"https:\\\/\\\/schema.org\",\"@graph\":[{\"@type\":\"Article\",\"@id\":\"https:\\\/\\\/www.meblobranie.pl\\\/porady\\\/oszklony-taras-kiedy-warto-sie-zdecydowac\\\/#article\",\"isPartOf\":{\"@id\":\"https:\\\/\\\/www.meblobranie.pl\\\/porady\\\/oszklony-taras-kiedy-warto-sie-zdecydowac\\\/\"},\"author\":{\"name\":\"Dawid z Meblobranie.pl\",\"@id\":\"https:\\\/\\\/www.meblobranie.pl\\\/porady\\\/#\\\/schema\\\/person\\\/0c44214399e1752805db67863333461b\"},\"headline\":\"Oszklony taras &#8211; kiedy warto si\u0119 zdecydowa\u0107?\",\"datePublished\":\"2022-06-15T07:13:58+00:00\",\"mainEntityOfPage\":{\"@id\":\"https:\\\/\\\/www.meblobranie.pl\\\/porady\\\/oszklony-taras-kiedy-warto-sie-zdecydowac\\\/\"},\"wordCount\":2016,\"commentCount\":0,\"image\":{\"@id\":\"https:\\\/\\\/www.meblobranie.pl\\\/porady\\\/oszklony-taras-kiedy-warto-sie-zdecydowac\\\/#primaryimage\"},\"thumbnailUrl\":\"https:\\\/\\\/www.meblobranie.pl\\\/porady\\\/wp-content\\\/uploads\\\/2022\\\/06\\\/przeszklony-taras.jpg\",\"articleSection\":[\"Ogr\u00f3d\",\"Poradnik\"],\"inLanguage\":\"pl-PL\",\"potentialAction\":[{\"@type\":\"CommentAction\",\"name\":\"Comment\",\"target\":[\"https:\\\/\\\/www.meblobranie.pl\\\/porady\\\/oszklony-taras-kiedy-warto-sie-zdecydowac\\\/#respond\"]}]},{\"@type\":\"WebPage\",\"@id\":\"https:\\\/\\\/www.meblobranie.pl\\\/porady\\\/oszklony-taras-kiedy-warto-sie-zdecydowac\\\/\",\"url\":\"https:\\\/\\\/www.meblobranie.pl\\\/porady\\\/oszklony-taras-kiedy-warto-sie-zdecydowac\\\/\",\"name\":\"Oszklony taras - kiedy warto si\u0119 zdecydowa\u0107? - Porady Meblobranie.pl\",\"isPartOf\":{\"@id\":\"https:\\\/\\\/www.meblobranie.pl\\\/porady\\\/#website\"},\"primaryImageOfPage\":{\"@id\":\"https:\\\/\\\/www.meblobranie.pl\\\/porady\\\/oszklony-taras-kiedy-warto-sie-zdecydowac\\\/#primaryimage\"},\"image\":{\"@id\":\"https:\\\/\\\/www.meblobranie.pl\\\/porady\\\/oszklony-taras-kiedy-warto-sie-zdecydowac\\\/#primaryimage\"},\"thumbnailUrl\":\"https:\\\/\\\/www.meblobranie.pl\\\/porady\\\/wp-content\\\/uploads\\\/2022\\\/06\\\/przeszklony-taras.jpg\",\"datePublished\":\"2022-06-15T07:13:58+00:00\",\"author\":{\"@id\":\"https:\\\/\\\/www.meblobranie.pl\\\/porady\\\/#\\\/schema\\\/person\\\/0c44214399e1752805db67863333461b\"},\"description\":\"Kiedy warto si\u0119 zdecydowa\u0107 na oszklony taras? Jakie s\u0105 typy zabudowy taras\u00f3w i kt\u00f3re z nich najlepiej uzupe\u0142ni\u0105 nasz ogr\u00f3d zimowy?\",\"breadcrumb\":{\"@id\":\"https:\\\/\\\/www.meblobranie.pl\\\/porady\\\/oszklony-taras-kiedy-warto-sie-zdecydowac\\\/#breadcrumb\"},\"inLanguage\":\"pl-PL\",\"potentialAction\":[{\"@type\":\"ReadAction\",\"target\":[\"https:\\\/\\\/www.meblobranie.pl\\\/porady\\\/oszklony-taras-kiedy-warto-sie-zdecydowac\\\/\"]}]},{\"@type\":\"ImageObject\",\"inLanguage\":\"pl-PL\",\"@id\":\"https:\\\/\\\/www.meblobranie.pl\\\/porady\\\/oszklony-taras-kiedy-warto-sie-zdecydowac\\\/#primaryimage\",\"url\":\"https:\\\/\\\/www.meblobranie.pl\\\/porady\\\/wp-content\\\/uploads\\\/2022\\\/06\\\/przeszklony-taras.jpg\",\"contentUrl\":\"https:\\\/\\\/www.meblobranie.pl\\\/porady\\\/wp-content\\\/uploads\\\/2022\\\/06\\\/przeszklony-taras.jpg\",\"width\":830,\"height\":554,\"caption\":\"Przeszklony taras\"},{\"@type\":\"BreadcrumbList\",\"@id\":\"https:\\\/\\\/www.meblobranie.pl\\\/porady\\\/oszklony-taras-kiedy-warto-sie-zdecydowac\\\/#breadcrumb\",\"itemListElement\":[{\"@type\":\"ListItem\",\"position\":1,\"name\":\"Home\",\"item\":\"https:\\\/\\\/www.meblobranie.pl\\\/porady\\\/\"},{\"@type\":\"ListItem\",\"position\":2,\"name\":\"Oszklony taras &#8211; kiedy warto si\u0119 zdecydowa\u0107?\"}]},{\"@type\":\"WebSite\",\"@id\":\"https:\\\/\\\/www.meblobranie.pl\\\/porady\\\/#website\",\"url\":\"https:\\\/\\\/www.meblobranie.pl\\\/porady\\\/\",\"name\":\"Porady Meblobranie.pl\",\"description\":\"Blog o tarasach i ogrodach\",\"potentialAction\":[{\"@type\":\"SearchAction\",\"target\":{\"@type\":\"EntryPoint\",\"urlTemplate\":\"https:\\\/\\\/www.meblobranie.pl\\\/porady\\\/?s={search_term_string}\"},\"query-input\":{\"@type\":\"PropertyValueSpecification\",\"valueRequired\":true,\"valueName\":\"search_term_string\"}}],\"inLanguage\":\"pl-PL\"},{\"@type\":\"Person\",\"@id\":\"https:\\\/\\\/www.meblobranie.pl\\\/porady\\\/#\\\/schema\\\/person\\\/0c44214399e1752805db67863333461b\",\"name\":\"Dawid z Meblobranie.pl\",\"image\":{\"@type\":\"ImageObject\",\"inLanguage\":\"pl-PL\",\"@id\":\"https:\\\/\\\/secure.gravatar.com\\\/avatar\\\/9ede1c3924e3173d8f3ad05211531161353d772865bc4dacba314dbcd46c0fef?s=96&d=mm&r=g\",\"url\":\"https:\\\/\\\/secure.gravatar.com\\\/avatar\\\/9ede1c3924e3173d8f3ad05211531161353d772865bc4dacba314dbcd46c0fef?s=96&d=mm&r=g\",\"contentUrl\":\"https:\\\/\\\/secure.gravatar.com\\\/avatar\\\/9ede1c3924e3173d8f3ad05211531161353d772865bc4dacba314dbcd46c0fef?s=96&d=mm&r=g\",\"caption\":\"Dawid z Meblobranie.pl\"},\"description\":\"Lorem Ipsum is simply dummy text of the printing and typesetting industry. Lorem Ipsum has been the industry's standard dummy text ever since the 1500s, when an unknown printer took a galley of type and scrambled it to make a type specimen book.\"}]}<\/script>\n<!-- \/ Yoast SEO plugin. -->","yoast_head_json":{"title":"Oszklony taras - kiedy warto si\u0119 zdecydowa\u0107? - Porady Meblobranie.pl","description":"Kiedy warto si\u0119 zdecydowa\u0107 na oszklony taras? Jakie s\u0105 typy zabudowy taras\u00f3w i kt\u00f3re z nich najlepiej uzupe\u0142ni\u0105 nasz ogr\u00f3d zimowy?","robots":{"index":"index","follow":"follow","max-snippet":"max-snippet:-1","max-image-preview":"max-image-preview:large","max-video-preview":"max-video-preview:-1"},"canonical":"https:\/\/www.meblobranie.pl\/porady\/oszklony-taras-kiedy-warto-sie-zdecydowac\/","twitter_misc":{"Napisane przez":"Dawid z Meblobranie.pl","Szacowany czas czytania":"10 minut"},"schema":{"@context":"https:\/\/schema.org","@graph":[{"@type":"Article","@id":"https:\/\/www.meblobranie.pl\/porady\/oszklony-taras-kiedy-warto-sie-zdecydowac\/#article","isPartOf":{"@id":"https:\/\/www.meblobranie.pl\/porady\/oszklony-taras-kiedy-warto-sie-zdecydowac\/"},"author":{"name":"Dawid z Meblobranie.pl","@id":"https:\/\/www.meblobranie.pl\/porady\/#\/schema\/person\/0c44214399e1752805db67863333461b"},"headline":"Oszklony taras &#8211; kiedy warto si\u0119 zdecydowa\u0107?","datePublished":"2022-06-15T07:13:58+00:00","mainEntityOfPage":{"@id":"https:\/\/www.meblobranie.pl\/porady\/oszklony-taras-kiedy-warto-sie-zdecydowac\/"},"wordCount":2016,"commentCount":0,"image":{"@id":"https:\/\/www.meblobranie.pl\/porady\/oszklony-taras-kiedy-warto-sie-zdecydowac\/#primaryimage"},"thumbnailUrl":"https:\/\/www.meblobranie.pl\/porady\/wp-content\/uploads\/2022\/06\/przeszklony-taras.jpg","articleSection":["Ogr\u00f3d","Poradnik"],"inLanguage":"pl-PL","potentialAction":[{"@type":"CommentAction","name":"Comment","target":["https:\/\/www.meblobranie.pl\/porady\/oszklony-taras-kiedy-warto-sie-zdecydowac\/#respond"]}]},{"@type":"WebPage","@id":"https:\/\/www.meblobranie.pl\/porady\/oszklony-taras-kiedy-warto-sie-zdecydowac\/","url":"https:\/\/www.meblobranie.pl\/porady\/oszklony-taras-kiedy-warto-sie-zdecydowac\/","name":"Oszklony taras - kiedy warto si\u0119 zdecydowa\u0107? - Porady Meblobranie.pl","isPartOf":{"@id":"https:\/\/www.meblobranie.pl\/porady\/#website"},"primaryImageOfPage":{"@id":"https:\/\/www.meblobranie.pl\/porady\/oszklony-taras-kiedy-warto-sie-zdecydowac\/#primaryimage"},"image":{"@id":"https:\/\/www.meblobranie.pl\/porady\/oszklony-taras-kiedy-warto-sie-zdecydowac\/#primaryimage"},"thumbnailUrl":"https:\/\/www.meblobranie.pl\/porady\/wp-content\/uploads\/2022\/06\/przeszklony-taras.jpg","datePublished":"2022-06-15T07:13:58+00:00","author":{"@id":"https:\/\/www.meblobranie.pl\/porady\/#\/schema\/person\/0c44214399e1752805db67863333461b"},"description":"Kiedy warto si\u0119 zdecydowa\u0107 na oszklony taras? Jakie s\u0105 typy zabudowy taras\u00f3w i kt\u00f3re z nich najlepiej uzupe\u0142ni\u0105 nasz ogr\u00f3d zimowy?","breadcrumb":{"@id":"https:\/\/www.meblobranie.pl\/porady\/oszklony-taras-kiedy-warto-sie-zdecydowac\/#breadcrumb"},"inLanguage":"pl-PL","potentialAction":[{"@type":"ReadAction","target":["https:\/\/www.meblobranie.pl\/porady\/oszklony-taras-kiedy-warto-sie-zdecydowac\/"]}]},{"@type":"ImageObject","inLanguage":"pl-PL","@id":"https:\/\/www.meblobranie.pl\/porady\/oszklony-taras-kiedy-warto-sie-zdecydowac\/#primaryimage","url":"https:\/\/www.meblobranie.pl\/porady\/wp-content\/uploads\/2022\/06\/przeszklony-taras.jpg","contentUrl":"https:\/\/www.meblobranie.pl\/porady\/wp-content\/uploads\/2022\/06\/przeszklony-taras.jpg","width":830,"height":554,"caption":"Przeszklony taras"},{"@type":"BreadcrumbList","@id":"https:\/\/www.meblobranie.pl\/porady\/oszklony-taras-kiedy-warto-sie-zdecydowac\/#breadcrumb","itemListElement":[{"@type":"ListItem","position":1,"name":"Home","item":"https:\/\/www.meblobranie.pl\/porady\/"},{"@type":"ListItem","position":2,"name":"Oszklony taras &#8211; kiedy warto si\u0119 zdecydowa\u0107?"}]},{"@type":"WebSite","@id":"https:\/\/www.meblobranie.pl\/porady\/#website","url":"https:\/\/www.meblobranie.pl\/porady\/","name":"Porady Meblobranie.pl","description":"Blog o tarasach i ogrodach","potentialAction":[{"@type":"SearchAction","target":{"@type":"EntryPoint","urlTemplate":"https:\/\/www.meblobranie.pl\/porady\/?s={search_term_string}"},"query-input":{"@type":"PropertyValueSpecification","valueRequired":true,"valueName":"search_term_string"}}],"inLanguage":"pl-PL"},{"@type":"Person","@id":"https:\/\/www.meblobranie.pl\/porady\/#\/schema\/person\/0c44214399e1752805db67863333461b","name":"Dawid z Meblobranie.pl","image":{"@type":"ImageObject","inLanguage":"pl-PL","@id":"https:\/\/secure.gravatar.com\/avatar\/9ede1c3924e3173d8f3ad05211531161353d772865bc4dacba314dbcd46c0fef?s=96&d=mm&r=g","url":"https:\/\/secure.gravatar.com\/avatar\/9ede1c3924e3173d8f3ad05211531161353d772865bc4dacba314dbcd46c0fef?s=96&d=mm&r=g","contentUrl":"https:\/\/secure.gravatar.com\/avatar\/9ede1c3924e3173d8f3ad05211531161353d772865bc4dacba314dbcd46c0fef?s=96&d=mm&r=g","caption":"Dawid z Meblobranie.pl"},"description":"Lorem Ipsum is simply dummy text of the printing and typesetting industry. Lorem Ipsum has been the industry's standard dummy text ever since the 1500s, when an unknown printer took a galley of type and scrambled it to make a type specimen book."}]}},"_links":{"self":[{"href":"https:\/\/www.meblobranie.pl\/porady\/wp-json\/wp\/v2\/posts\/37292","targetHints":{"allow":["GET"]}}],"collection":[{"href":"https:\/\/www.meblobranie.pl\/porady\/wp-json\/wp\/v2\/posts"}],"about":[{"href":"https:\/\/www.meblobranie.pl\/porady\/wp-json\/wp\/v2\/types\/post"}],"author":[{"embeddable":true,"href":"https:\/\/www.meblobranie.pl\/porady\/wp-json\/wp\/v2\/users\/20"}],"replies":[{"embeddable":true,"href":"https:\/\/www.meblobranie.pl\/porady\/wp-json\/wp\/v2\/comments?post=37292"}],"version-history":[{"count":0,"href":"https:\/\/www.meblobranie.pl\/porady\/wp-json\/wp\/v2\/posts\/37292\/revisions"}],"wp:featuredmedia":[{"embeddable":true,"href":"https:\/\/www.meblobranie.pl\/porady\/wp-json\/wp\/v2\/media\/37293"}],"wp:attachment":[{"href":"https:\/\/www.meblobranie.pl\/porady\/wp-json\/wp\/v2\/media?parent=37292"}],"wp:term":[{"taxonomy":"category","embeddable":true,"href":"https:\/\/www.meblobranie.pl\/porady\/wp-json\/wp\/v2\/categories?post=37292"},{"taxonomy":"post_tag","embeddable":true,"href":"https:\/\/www.meblobranie.pl\/porady\/wp-json\/wp\/v2\/tags?post=37292"}],"curies":[{"name":"wp","href":"https:\/\/api.w.org\/{rel}","templated":true}]}}