{"id":38271,"date":"2022-09-29T13:18:32","date_gmt":"2022-09-29T11:18:32","guid":{"rendered":"https:\/\/www.meblobranie.pl\/porady\/?p=38271"},"modified":"2023-09-12T14:15:11","modified_gmt":"2023-09-12T12:15:11","slug":"tkanina-cloud-03-jaki-to-kolor","status":"publish","type":"post","link":"https:\/\/www.meblobranie.pl\/porady\/tkanina-cloud-03-jaki-to-kolor\/","title":{"rendered":"Tkanina Cloud 03 &#8211; jaki to kolor?"},"content":{"rendered":"<p><a href=\"https:\/\/www.meblobranie.pl\/sofy-kanapy?ga151=cloud-03\">Tkanina Cloud 03<\/a> to <strong>popularny materia\u0142 obicia naro\u017cnik\u00f3w i sof<\/strong>. Jaki to dok\u0142adnie kolor? Jak wygl\u0105da na \u017cywo? Przyjrzymy si\u0119 dzisiaj dok\u0142adniej tej tkaninie.<\/p>\n<p style=\"padding-left: 30px;\"><img loading=\"lazy\" decoding=\"async\" class=\"size-full wp-image-38274 aligncenter\" src=\"https:\/\/www.meblobranie.pl\/porady\/wp-content\/uploads\/2022\/09\/Cloud-03-1.jpg\" alt=\"Tkanina Cloud 03\" width=\"800\" height=\"450\" srcset=\"https:\/\/www.meblobranie.pl\/porady\/wp-content\/uploads\/2022\/09\/Cloud-03-1.jpg 800w, https:\/\/www.meblobranie.pl\/porady\/wp-content\/uploads\/2022\/09\/Cloud-03-1-300x169.jpg 300w, https:\/\/www.meblobranie.pl\/porady\/wp-content\/uploads\/2022\/09\/Cloud-03-1-768x432.jpg 768w\" sizes=\"auto, (max-width: 800px) 100vw, 800px\" \/><\/p>\n<p>&nbsp;<\/p>\n<p><!--more--><\/p>\n<h2>W\u0142a\u015bciwo\u015bci materia\u0142u Cloud 03<\/h2>\n<p><strong>Cloud 03<\/strong> to materia\u0142 welurowy w be\u017cowym odcieniu. Tkanina wykazuje du\u017c\u0105 odporno\u015b\u0107 na \u015bcieranie &#8211; ponad 100 000 cykli Martindale&#8217;a, ma r\u00f3wnie\u017c zwi\u0119kszon\u0105 odporno\u015b\u0107 na p\u0142owienie i mechacenie. Gramatura materia\u0142u to a\u017c 390 g\/m2. Pod wzgl\u0119dem technicznym warto r\u00f3wnie\u017c wspomnie\u0107 o oznaczeniu<strong>&nbsp;<\/strong><i><strong>Easy Clean<\/strong>, <\/i>kt\u00f3re producent wykorzysta\u0142 w przypadku tego materia\u0142u. Oznacza to zwi\u0119kszon\u0105 odporno\u015b\u0107 na zabrudzenia przy jednoczesnym \u0142atwo\u015bci czyszczenia. To niesamowicie istotne w przypadku mebli u\u017cywanych ka\u017cdego dnia.<\/p>\n<p><img loading=\"lazy\" decoding=\"async\" class=\"wp-image-38275 size-full aligncenter\" src=\"https:\/\/www.meblobranie.pl\/porady\/wp-content\/uploads\/2022\/09\/Cloud-03.jpg\" alt=\"Tapicerka Cloud 03\" width=\"800\" height=\"450\" srcset=\"https:\/\/www.meblobranie.pl\/porady\/wp-content\/uploads\/2022\/09\/Cloud-03.jpg 800w, https:\/\/www.meblobranie.pl\/porady\/wp-content\/uploads\/2022\/09\/Cloud-03-300x169.jpg 300w, https:\/\/www.meblobranie.pl\/porady\/wp-content\/uploads\/2022\/09\/Cloud-03-768x432.jpg 768w\" sizes=\"auto, (max-width: 800px) 100vw, 800px\" \/><\/p>\n<p>[[kategoria:1586:6]]<\/p>\n<p>Tkanina Cloud 03 to klasyczny welur, kt\u00f3ry <strong>delikatnie odbija promienie s\u0142onecznie, a przy kontakcie ze sk\u00f3r\u0105 wyczuwalny jest delikatny meszek<\/strong>. Welur to zdecydowanie jeden z najbardziej uniwersalnych i praktycznych tapicerek dla mebli wypoczynkowych.&nbsp; Poni\u017cej prezentujemy kr\u00f3tki film ukazuj\u0105cy jak tkanina zachowuje si\u0119 w w o\u015bwietleniu.<\/p>\n<p class=\"resp-container\" style=\"text-align: center;\"><iframe title=\"YouTube video player\" src=\"https:\/\/www.youtube.com\/embed\/vf8wyz8b8HA\" frameborder=\"0\" allowfullscreen=\"allowfullscreen\"><span data-mce-type=\"bookmark\" style=\"display: inline-block; width: 0px; overflow: hidden; line-height: 0;\" class=\"mce_SELRES_start\">\ufeff<\/span><span data-mce-type=\"bookmark\" style=\"display: inline-block; width: 0px; overflow: hidden; line-height: 0;\" class=\"mce_SELRES_start\">\ufeff<\/span><\/iframe><\/p>\n<h2>Tkanina Cloud 03 \u2013 zdj\u0119cia<\/h2>\n<p>Specjalnie dla Was prezentujemy <strong>galeri\u0119 zdj\u0119\u0107 sof i naro\u017cnik\u00f3w obitych tkanin\u0105 Cloud 03&nbsp; autorstwa naszych Klient\u00f3w<\/strong>. Fotografie wykonane w r\u00f3\u017cnych warunkach o\u015bwietleniowych i r\u00f3\u017cnych wn\u0119trzach powinny da\u0107 dobre wyobra\u017cenie, jak wygl\u0105da ten kolor na \u017cywo.<\/p>\n<div id=\"attachment_38273\" style=\"width: 840px\" class=\"wp-caption aligncenter\"><img loading=\"lazy\" decoding=\"async\" aria-describedby=\"caption-attachment-38273\" class=\"wp-image-38273 size-full\" src=\"https:\/\/www.meblobranie.pl\/porady\/wp-content\/uploads\/2022\/09\/sofa-asti-puszman-14-239507-l-1.jpeg\" alt=\"Sofa Asti - tkanina Cloud 03\" width=\"830\" height=\"553\" srcset=\"https:\/\/www.meblobranie.pl\/porady\/wp-content\/uploads\/2022\/09\/sofa-asti-puszman-14-239507-l-1.jpeg 830w, https:\/\/www.meblobranie.pl\/porady\/wp-content\/uploads\/2022\/09\/sofa-asti-puszman-14-239507-l-1-300x200.jpeg 300w, https:\/\/www.meblobranie.pl\/porady\/wp-content\/uploads\/2022\/09\/sofa-asti-puszman-14-239507-l-1-768x512.jpeg 768w\" sizes=\"auto, (max-width: 830px) 100vw, 830px\" \/><p id=\"caption-attachment-38273\" class=\"wp-caption-text\"><a href=\"https:\/\/www.meblobranie.pl\/sofa-asti-z-funkcja-spania-215x96cm-cloud-39-zielona.html\">Sofa Asti<\/a> &#8211; tkanina Cloud 03<\/p><\/div>\n<p>Je\u015bli wolicie sprawdzi\u0107 kolor tkaniny na \u017cywo, istnieje <strong>mo\u017cliwo\u015b\u0107 zam\u00f3wienia pr\u00f3bki tkaniny<\/strong> Cloud 03 poczt\u0105. Mo\u017cna to zrobi\u0107 sk\u0142adaj\u0105c zam\u00f3wienie na <a href=\"https:\/\/www.meblobranie.pl\/probka-tkaniny-cloud-03.html\">pr\u00f3bk\u0119 tkaniny Cloud 03<\/a> przez nasz\u0105 stron\u0119 lub mailowo pod adresem <a href=\"mailto:sklep@meblobranie.pl\">sklep@meblobranie.pl<\/a>.<\/p>\n","protected":false},"excerpt":{"rendered":"<p>Tkanina Cloud 03 to popularny materia\u0142 obicia naro\u017cnik\u00f3w i sof. Jaki to dok\u0142adnie kolor? Jak wygl\u0105da na \u017cywo? Przyjrzymy si\u0119 dzisiaj dok\u0142adniej tej tkaninie. &nbsp;<\/p>\n","protected":false},"author":20,"featured_media":38274,"comment_status":"open","ping_status":"closed","sticky":false,"template":"","format":"standard","meta":{"_acf_changed":false,"ngg_post_thumbnail":0,"footnotes":""},"categories":[6,906],"tags":[],"class_list":{"0":"post-38271","1":"post","2":"type-post","3":"status-publish","4":"format-standard","5":"has-post-thumbnail","7":"category-poradnik","8":"category-wnetrza"},"acf":[],"yoast_head":"<!-- This site is optimized with the Yoast SEO plugin v27.4 - https:\/\/yoast.com\/product\/yoast-seo-wordpress\/ -->\n<title>Tkanina Cloud 03 - jaki to kolor? - Porady Meblobranie.pl<\/title>\n<meta name=\"description\" content=\"Tkanina Cloud 03 to popularny materia\u0142 obicia naro\u017cnik\u00f3w i sof. Jaki to dok\u0142adnie kolor? Jak wygl\u0105da na \u017cywo? Przyjrzymy si\u0119 dzisiaj dok\u0142adniej tej tkaninie\" \/>\n<meta name=\"robots\" content=\"index, follow, max-snippet:-1, max-image-preview:large, max-video-preview:-1\" \/>\n<link rel=\"canonical\" href=\"https:\/\/www.meblobranie.pl\/porady\/tkanina-cloud-03-jaki-to-kolor\/\" \/>\n<meta name=\"twitter:label1\" content=\"Napisane przez\" \/>\n\t<meta name=\"twitter:data1\" content=\"Dawid z Meblobranie.pl\" \/>\n\t<meta name=\"twitter:label2\" content=\"Szacowany czas czytania\" \/>\n\t<meta name=\"twitter:data2\" content=\"1 minuta\" \/>\n<script type=\"application\/ld+json\" class=\"yoast-schema-graph\">{\"@context\":\"https:\\\/\\\/schema.org\",\"@graph\":[{\"@type\":\"Article\",\"@id\":\"https:\\\/\\\/www.meblobranie.pl\\\/porady\\\/tkanina-cloud-03-jaki-to-kolor\\\/#article\",\"isPartOf\":{\"@id\":\"https:\\\/\\\/www.meblobranie.pl\\\/porady\\\/tkanina-cloud-03-jaki-to-kolor\\\/\"},\"author\":{\"name\":\"Dawid z Meblobranie.pl\",\"@id\":\"https:\\\/\\\/www.meblobranie.pl\\\/porady\\\/#\\\/schema\\\/person\\\/0c44214399e1752805db67863333461b\"},\"headline\":\"Tkanina Cloud 03 &#8211; jaki to kolor?\",\"datePublished\":\"2022-09-29T11:18:32+00:00\",\"dateModified\":\"2023-09-12T12:15:11+00:00\",\"mainEntityOfPage\":{\"@id\":\"https:\\\/\\\/www.meblobranie.pl\\\/porady\\\/tkanina-cloud-03-jaki-to-kolor\\\/\"},\"wordCount\":280,\"commentCount\":0,\"image\":{\"@id\":\"https:\\\/\\\/www.meblobranie.pl\\\/porady\\\/tkanina-cloud-03-jaki-to-kolor\\\/#primaryimage\"},\"thumbnailUrl\":\"https:\\\/\\\/www.meblobranie.pl\\\/porady\\\/wp-content\\\/uploads\\\/2022\\\/09\\\/Cloud-03-1.jpg\",\"articleSection\":[\"Poradnik\",\"Wn\u0119trza\"],\"inLanguage\":\"pl-PL\",\"potentialAction\":[{\"@type\":\"CommentAction\",\"name\":\"Comment\",\"target\":[\"https:\\\/\\\/www.meblobranie.pl\\\/porady\\\/tkanina-cloud-03-jaki-to-kolor\\\/#respond\"]}]},{\"@type\":\"WebPage\",\"@id\":\"https:\\\/\\\/www.meblobranie.pl\\\/porady\\\/tkanina-cloud-03-jaki-to-kolor\\\/\",\"url\":\"https:\\\/\\\/www.meblobranie.pl\\\/porady\\\/tkanina-cloud-03-jaki-to-kolor\\\/\",\"name\":\"Tkanina Cloud 03 - jaki to kolor? - Porady Meblobranie.pl\",\"isPartOf\":{\"@id\":\"https:\\\/\\\/www.meblobranie.pl\\\/porady\\\/#website\"},\"primaryImageOfPage\":{\"@id\":\"https:\\\/\\\/www.meblobranie.pl\\\/porady\\\/tkanina-cloud-03-jaki-to-kolor\\\/#primaryimage\"},\"image\":{\"@id\":\"https:\\\/\\\/www.meblobranie.pl\\\/porady\\\/tkanina-cloud-03-jaki-to-kolor\\\/#primaryimage\"},\"thumbnailUrl\":\"https:\\\/\\\/www.meblobranie.pl\\\/porady\\\/wp-content\\\/uploads\\\/2022\\\/09\\\/Cloud-03-1.jpg\",\"datePublished\":\"2022-09-29T11:18:32+00:00\",\"dateModified\":\"2023-09-12T12:15:11+00:00\",\"author\":{\"@id\":\"https:\\\/\\\/www.meblobranie.pl\\\/porady\\\/#\\\/schema\\\/person\\\/0c44214399e1752805db67863333461b\"},\"description\":\"Tkanina Cloud 03 to popularny materia\u0142 obicia naro\u017cnik\u00f3w i sof. Jaki to dok\u0142adnie kolor? Jak wygl\u0105da na \u017cywo? Przyjrzymy si\u0119 dzisiaj dok\u0142adniej tej tkaninie\",\"breadcrumb\":{\"@id\":\"https:\\\/\\\/www.meblobranie.pl\\\/porady\\\/tkanina-cloud-03-jaki-to-kolor\\\/#breadcrumb\"},\"inLanguage\":\"pl-PL\",\"potentialAction\":[{\"@type\":\"ReadAction\",\"target\":[\"https:\\\/\\\/www.meblobranie.pl\\\/porady\\\/tkanina-cloud-03-jaki-to-kolor\\\/\"]}]},{\"@type\":\"ImageObject\",\"inLanguage\":\"pl-PL\",\"@id\":\"https:\\\/\\\/www.meblobranie.pl\\\/porady\\\/tkanina-cloud-03-jaki-to-kolor\\\/#primaryimage\",\"url\":\"https:\\\/\\\/www.meblobranie.pl\\\/porady\\\/wp-content\\\/uploads\\\/2022\\\/09\\\/Cloud-03-1.jpg\",\"contentUrl\":\"https:\\\/\\\/www.meblobranie.pl\\\/porady\\\/wp-content\\\/uploads\\\/2022\\\/09\\\/Cloud-03-1.jpg\",\"width\":800,\"height\":450,\"caption\":\"Tkanina Cloud 03\"},{\"@type\":\"BreadcrumbList\",\"@id\":\"https:\\\/\\\/www.meblobranie.pl\\\/porady\\\/tkanina-cloud-03-jaki-to-kolor\\\/#breadcrumb\",\"itemListElement\":[{\"@type\":\"ListItem\",\"position\":1,\"name\":\"Home\",\"item\":\"https:\\\/\\\/www.meblobranie.pl\\\/porady\\\/\"},{\"@type\":\"ListItem\",\"position\":2,\"name\":\"Tkanina Cloud 03 &#8211; jaki to kolor?\"}]},{\"@type\":\"WebSite\",\"@id\":\"https:\\\/\\\/www.meblobranie.pl\\\/porady\\\/#website\",\"url\":\"https:\\\/\\\/www.meblobranie.pl\\\/porady\\\/\",\"name\":\"Porady Meblobranie.pl\",\"description\":\"Blog o tarasach i ogrodach\",\"potentialAction\":[{\"@type\":\"SearchAction\",\"target\":{\"@type\":\"EntryPoint\",\"urlTemplate\":\"https:\\\/\\\/www.meblobranie.pl\\\/porady\\\/?s={search_term_string}\"},\"query-input\":{\"@type\":\"PropertyValueSpecification\",\"valueRequired\":true,\"valueName\":\"search_term_string\"}}],\"inLanguage\":\"pl-PL\"},{\"@type\":\"Person\",\"@id\":\"https:\\\/\\\/www.meblobranie.pl\\\/porady\\\/#\\\/schema\\\/person\\\/0c44214399e1752805db67863333461b\",\"name\":\"Dawid z Meblobranie.pl\",\"image\":{\"@type\":\"ImageObject\",\"inLanguage\":\"pl-PL\",\"@id\":\"https:\\\/\\\/secure.gravatar.com\\\/avatar\\\/9ede1c3924e3173d8f3ad05211531161353d772865bc4dacba314dbcd46c0fef?s=96&d=mm&r=g\",\"url\":\"https:\\\/\\\/secure.gravatar.com\\\/avatar\\\/9ede1c3924e3173d8f3ad05211531161353d772865bc4dacba314dbcd46c0fef?s=96&d=mm&r=g\",\"contentUrl\":\"https:\\\/\\\/secure.gravatar.com\\\/avatar\\\/9ede1c3924e3173d8f3ad05211531161353d772865bc4dacba314dbcd46c0fef?s=96&d=mm&r=g\",\"caption\":\"Dawid z Meblobranie.pl\"},\"description\":\"Lorem Ipsum is simply dummy text of the printing and typesetting industry. Lorem Ipsum has been the industry's standard dummy text ever since the 1500s, when an unknown printer took a galley of type and scrambled it to make a type specimen book.\"}]}<\/script>\n<!-- \/ Yoast SEO plugin. -->","yoast_head_json":{"title":"Tkanina Cloud 03 - jaki to kolor? - Porady Meblobranie.pl","description":"Tkanina Cloud 03 to popularny materia\u0142 obicia naro\u017cnik\u00f3w i sof. Jaki to dok\u0142adnie kolor? Jak wygl\u0105da na \u017cywo? Przyjrzymy si\u0119 dzisiaj dok\u0142adniej tej tkaninie","robots":{"index":"index","follow":"follow","max-snippet":"max-snippet:-1","max-image-preview":"max-image-preview:large","max-video-preview":"max-video-preview:-1"},"canonical":"https:\/\/www.meblobranie.pl\/porady\/tkanina-cloud-03-jaki-to-kolor\/","twitter_misc":{"Napisane przez":"Dawid z Meblobranie.pl","Szacowany czas czytania":"1 minuta"},"schema":{"@context":"https:\/\/schema.org","@graph":[{"@type":"Article","@id":"https:\/\/www.meblobranie.pl\/porady\/tkanina-cloud-03-jaki-to-kolor\/#article","isPartOf":{"@id":"https:\/\/www.meblobranie.pl\/porady\/tkanina-cloud-03-jaki-to-kolor\/"},"author":{"name":"Dawid z Meblobranie.pl","@id":"https:\/\/www.meblobranie.pl\/porady\/#\/schema\/person\/0c44214399e1752805db67863333461b"},"headline":"Tkanina Cloud 03 &#8211; jaki to kolor?","datePublished":"2022-09-29T11:18:32+00:00","dateModified":"2023-09-12T12:15:11+00:00","mainEntityOfPage":{"@id":"https:\/\/www.meblobranie.pl\/porady\/tkanina-cloud-03-jaki-to-kolor\/"},"wordCount":280,"commentCount":0,"image":{"@id":"https:\/\/www.meblobranie.pl\/porady\/tkanina-cloud-03-jaki-to-kolor\/#primaryimage"},"thumbnailUrl":"https:\/\/www.meblobranie.pl\/porady\/wp-content\/uploads\/2022\/09\/Cloud-03-1.jpg","articleSection":["Poradnik","Wn\u0119trza"],"inLanguage":"pl-PL","potentialAction":[{"@type":"CommentAction","name":"Comment","target":["https:\/\/www.meblobranie.pl\/porady\/tkanina-cloud-03-jaki-to-kolor\/#respond"]}]},{"@type":"WebPage","@id":"https:\/\/www.meblobranie.pl\/porady\/tkanina-cloud-03-jaki-to-kolor\/","url":"https:\/\/www.meblobranie.pl\/porady\/tkanina-cloud-03-jaki-to-kolor\/","name":"Tkanina Cloud 03 - jaki to kolor? - Porady Meblobranie.pl","isPartOf":{"@id":"https:\/\/www.meblobranie.pl\/porady\/#website"},"primaryImageOfPage":{"@id":"https:\/\/www.meblobranie.pl\/porady\/tkanina-cloud-03-jaki-to-kolor\/#primaryimage"},"image":{"@id":"https:\/\/www.meblobranie.pl\/porady\/tkanina-cloud-03-jaki-to-kolor\/#primaryimage"},"thumbnailUrl":"https:\/\/www.meblobranie.pl\/porady\/wp-content\/uploads\/2022\/09\/Cloud-03-1.jpg","datePublished":"2022-09-29T11:18:32+00:00","dateModified":"2023-09-12T12:15:11+00:00","author":{"@id":"https:\/\/www.meblobranie.pl\/porady\/#\/schema\/person\/0c44214399e1752805db67863333461b"},"description":"Tkanina Cloud 03 to popularny materia\u0142 obicia naro\u017cnik\u00f3w i sof. Jaki to dok\u0142adnie kolor? Jak wygl\u0105da na \u017cywo? Przyjrzymy si\u0119 dzisiaj dok\u0142adniej tej tkaninie","breadcrumb":{"@id":"https:\/\/www.meblobranie.pl\/porady\/tkanina-cloud-03-jaki-to-kolor\/#breadcrumb"},"inLanguage":"pl-PL","potentialAction":[{"@type":"ReadAction","target":["https:\/\/www.meblobranie.pl\/porady\/tkanina-cloud-03-jaki-to-kolor\/"]}]},{"@type":"ImageObject","inLanguage":"pl-PL","@id":"https:\/\/www.meblobranie.pl\/porady\/tkanina-cloud-03-jaki-to-kolor\/#primaryimage","url":"https:\/\/www.meblobranie.pl\/porady\/wp-content\/uploads\/2022\/09\/Cloud-03-1.jpg","contentUrl":"https:\/\/www.meblobranie.pl\/porady\/wp-content\/uploads\/2022\/09\/Cloud-03-1.jpg","width":800,"height":450,"caption":"Tkanina Cloud 03"},{"@type":"BreadcrumbList","@id":"https:\/\/www.meblobranie.pl\/porady\/tkanina-cloud-03-jaki-to-kolor\/#breadcrumb","itemListElement":[{"@type":"ListItem","position":1,"name":"Home","item":"https:\/\/www.meblobranie.pl\/porady\/"},{"@type":"ListItem","position":2,"name":"Tkanina Cloud 03 &#8211; jaki to kolor?"}]},{"@type":"WebSite","@id":"https:\/\/www.meblobranie.pl\/porady\/#website","url":"https:\/\/www.meblobranie.pl\/porady\/","name":"Porady Meblobranie.pl","description":"Blog o tarasach i ogrodach","potentialAction":[{"@type":"SearchAction","target":{"@type":"EntryPoint","urlTemplate":"https:\/\/www.meblobranie.pl\/porady\/?s={search_term_string}"},"query-input":{"@type":"PropertyValueSpecification","valueRequired":true,"valueName":"search_term_string"}}],"inLanguage":"pl-PL"},{"@type":"Person","@id":"https:\/\/www.meblobranie.pl\/porady\/#\/schema\/person\/0c44214399e1752805db67863333461b","name":"Dawid z Meblobranie.pl","image":{"@type":"ImageObject","inLanguage":"pl-PL","@id":"https:\/\/secure.gravatar.com\/avatar\/9ede1c3924e3173d8f3ad05211531161353d772865bc4dacba314dbcd46c0fef?s=96&d=mm&r=g","url":"https:\/\/secure.gravatar.com\/avatar\/9ede1c3924e3173d8f3ad05211531161353d772865bc4dacba314dbcd46c0fef?s=96&d=mm&r=g","contentUrl":"https:\/\/secure.gravatar.com\/avatar\/9ede1c3924e3173d8f3ad05211531161353d772865bc4dacba314dbcd46c0fef?s=96&d=mm&r=g","caption":"Dawid z Meblobranie.pl"},"description":"Lorem Ipsum is simply dummy text of the printing and typesetting industry. Lorem Ipsum has been the industry's standard dummy text ever since the 1500s, when an unknown printer took a galley of type and scrambled it to make a type specimen book."}]}},"_links":{"self":[{"href":"https:\/\/www.meblobranie.pl\/porady\/wp-json\/wp\/v2\/posts\/38271","targetHints":{"allow":["GET"]}}],"collection":[{"href":"https:\/\/www.meblobranie.pl\/porady\/wp-json\/wp\/v2\/posts"}],"about":[{"href":"https:\/\/www.meblobranie.pl\/porady\/wp-json\/wp\/v2\/types\/post"}],"author":[{"embeddable":true,"href":"https:\/\/www.meblobranie.pl\/porady\/wp-json\/wp\/v2\/users\/20"}],"replies":[{"embeddable":true,"href":"https:\/\/www.meblobranie.pl\/porady\/wp-json\/wp\/v2\/comments?post=38271"}],"version-history":[{"count":0,"href":"https:\/\/www.meblobranie.pl\/porady\/wp-json\/wp\/v2\/posts\/38271\/revisions"}],"wp:featuredmedia":[{"embeddable":true,"href":"https:\/\/www.meblobranie.pl\/porady\/wp-json\/wp\/v2\/media\/38274"}],"wp:attachment":[{"href":"https:\/\/www.meblobranie.pl\/porady\/wp-json\/wp\/v2\/media?parent=38271"}],"wp:term":[{"taxonomy":"category","embeddable":true,"href":"https:\/\/www.meblobranie.pl\/porady\/wp-json\/wp\/v2\/categories?post=38271"},{"taxonomy":"post_tag","embeddable":true,"href":"https:\/\/www.meblobranie.pl\/porady\/wp-json\/wp\/v2\/tags?post=38271"}],"curies":[{"name":"wp","href":"https:\/\/api.w.org\/{rel}","templated":true}]}}