{"id":39388,"date":"2023-01-23T13:59:43","date_gmt":"2023-01-23T12:59:43","guid":{"rendered":"https:\/\/www.meblobranie.pl\/porady\/?p=39388"},"modified":"2023-01-23T13:59:55","modified_gmt":"2023-01-23T12:59:55","slug":"jaki-stol-na-taras-i-do-ogrodu","status":"publish","type":"post","link":"https:\/\/www.meblobranie.pl\/porady\/jaki-stol-na-taras-i-do-ogrodu\/","title":{"rendered":"Jaki st\u00f3\u0142 na taras i do ogrodu wybra\u0107?"},"content":{"rendered":"<p><a href=\"https:\/\/www.meblobranie.pl\/stoly-ogrodowe\">St\u00f3\u0142 ogrodowy<\/a> to bardzo wa\u017cny mebel na ka\u017cdym tarasie. To wok\u00f3\u0142 niego zbiera si\u0119 rodzina i przyjaciele, aby latem celebrowa\u0107 wsp\u00f3lne posi\u0142ki. S\u0142u\u017cy w dzie\u0144, ale te\u017c wieczorem, podczas romantycznych kolacji i imprez w gronie znajomych. Dzieci mog\u0105 na nim kolorowa\u0107 i uk\u0142ada\u0107 klocki, dlatego wa\u017cne jest, aby dobrze wygl\u0105da\u0142 i zapewnia\u0142 komfort u\u017cytkowania. Dowiedz si\u0119, jaki st\u00f3\u0142 ogrodowy wybra\u0107, aby zyska\u0107 mebel na lata.<\/p>\n<p><img loading=\"lazy\" decoding=\"async\" class=\"wp-image-31193 size-full\" src=\"https:\/\/www.meblobranie.pl\/porady\/wp-content\/uploads\/2021\/08\/meble-technorattanowe-dla-calej-rodziny.jpeg\" alt=\"Jaki st\u00f3\u0142 na taras?\" width=\"830\" height=\"619\" srcset=\"https:\/\/www.meblobranie.pl\/porady\/wp-content\/uploads\/2021\/08\/meble-technorattanowe-dla-calej-rodziny.jpeg 830w, https:\/\/www.meblobranie.pl\/porady\/wp-content\/uploads\/2021\/08\/meble-technorattanowe-dla-calej-rodziny-300x224.jpeg 300w, https:\/\/www.meblobranie.pl\/porady\/wp-content\/uploads\/2021\/08\/meble-technorattanowe-dla-calej-rodziny-768x573.jpeg 768w\" sizes=\"auto, (max-width: 830px) 100vw, 830px\" \/><\/p>\n<p><!--more--><\/p>\n\n<h2>Ma\u0142y czy du\u017cy: jaki st\u00f3\u0142 do ogrodu?<\/h2>\n<p>Zastanawiasz si\u0119, jak du\u017cy powinien by\u0107 st\u00f3\u0142 do ogrodu? Jaki mebel najlepiej sprawdzi si\u0119 w codziennym u\u017cytkowaniu, a jaki b\u0119dzie odpowiednie do organizowania plenerowych imprez? Wielko\u015b\u0107 sto\u0142u ogrodowego musi by\u0107 dopasowana do:<\/p>\n<ul>\n<li>metra\u017cu i uk\u0142adu balkonu\/tarasu,<\/li>\n<li>liczby os\u00f3b w rodzinie, tego, czy cz\u0119sto b\u0119dziesz zaprasza\u0107 go\u015bci,<\/li>\n<li>bud\u017cetu.<\/li>\n<\/ul>\n<p>[[kategoria:2055:6]]<\/p>\n<h3>St\u00f3\u0142 na ma\u0142y balkon<\/h3>\n<p>Je\u017celi masz do dyspozycji w\u0105ski balkon, to wyb\u00f3r sto\u0142u jest ju\u017c niejako z g\u00f3ry narzucony. Zazwyczaj idealnym meblem okazuje si\u0119 ma\u0142y stolik kawowy lub model z p\u00f3\u0142okr\u0105g\u0142ym blatem, z jednej strony przylegaj\u0105cym do \u015bciany. Mo\u017cesz te\u017c pokusi\u0107 si\u0119 o sto\u0142y sk\u0142adane &#8211; po z\u0142o\u017ceniu n\u00f3g stanowi\u0105cych podpor\u0119 blatu, st\u00f3\u0142 mo\u017cna wygodnie &#8220;zamkn\u0105\u0107&#8221;, aby nie ogranicza\u0142 swobody przemieszczania si\u0119. Optymalnym wyborem b\u0119dzie stolik ogrodowy z blatem w rozmiarze oko\u0142o 80&#215;80 cm i wysoko\u015bci ca\u0142kowitej oko\u0142o 75 cm. Atrakcyjny wygl\u0105d sprawi, \u017ce nawet ma\u0142y mebel stanie si\u0119 du\u017c\u0105 ozdob\u0105.<\/p>\n<h3>St\u00f3\u0142 na du\u017cy balkon<\/h3>\n<p>Przy wi\u0119kszych altanach mo\u017cna pozwoli\u0107 sobie na bardziej komfortowe <a href=\"https:\/\/www.meblobranie.pl\/ogrod-meble-ogrodowe\">meble ogrodowe<\/a>, w tym sto\u0142y o imponuj\u0105cej d\u0142ugo\u015bci blatu mi\u0119dzy 2,5 a 3 metry! Istotne jest, aby by\u0142y one odpowiednio stabilne, dlatego producenci nierzadko stosuj\u0105 w niech solidne metalowe nogi ze wspornikami. Du\u017cy rozmiar nie musi oznacza\u0107 du\u017cej wagi, co jest istotne, gdy chcesz przenosi\u0107 st\u00f3\u0142 w dowolne miejsce. Meble rattanowe wa\u017c\u0105 ma\u0142o, a lekka konstrukcja takich sto\u0142\u00f3w ogrodowych pozwala bez wi\u0119kszego wysi\u0142ku zmienia\u0107 ich po\u0142o\u017cenie.<\/p>\n<p>Wok\u00f3\u0142 du\u017cego sto\u0142u ustawisz sporo krzese\u0142 &#8211; od 8 do 12. Taki zestaw mebli ogrodowych bez w\u0105tpienia przyda si\u0119 w ka\u017cdym ogrodzie, zach\u0119caj\u0105c do tego, \u017ceby cz\u0119\u015b\u0107 \u017cycia rodzinnego i towarzyskiego toczy\u0142a si\u0119 w\u0142a\u015bnie tam.<\/p>\n<div id=\"attachment_31004\" style=\"width: 840px\" class=\"wp-caption aligncenter\"><img loading=\"lazy\" decoding=\"async\" aria-describedby=\"caption-attachment-31004\" class=\"wp-image-31004 size-full\" src=\"https:\/\/www.meblobranie.pl\/porady\/wp-content\/uploads\/2016\/05\/jak-urzadzic-maly-balkon.jpeg\" alt=\"Balkon z ma\u0142ym stolikiem \" width=\"830\" height=\"623\" srcset=\"https:\/\/www.meblobranie.pl\/porady\/wp-content\/uploads\/2016\/05\/jak-urzadzic-maly-balkon.jpeg 830w, https:\/\/www.meblobranie.pl\/porady\/wp-content\/uploads\/2016\/05\/jak-urzadzic-maly-balkon-300x225.jpeg 300w, https:\/\/www.meblobranie.pl\/porady\/wp-content\/uploads\/2016\/05\/jak-urzadzic-maly-balkon-768x576.jpeg 768w\" sizes=\"auto, (max-width: 830px) 100vw, 830px\" \/><p id=\"caption-attachment-31004\" class=\"wp-caption-text\">Balkon z ma\u0142ym stolikiem<\/p><\/div>\n<h3>St\u00f3\u0142 ogrodowy 2w1<\/h3>\n<p>Alternatywnie zdecyduj si\u0119 na opcj\u0119 2w1. Rozk\u0142adany st\u00f3\u0142 ogrodowy to zawsze dobry pomys\u0142. Na co dzie\u0144 mo\u017cesz korzysta\u0107 z jego kompaktowej wersji, a na czas spotka\u0144 w wi\u0119kszym gronie szybko i wygodnie roz\u0142o\u017cy\u0107 go, zwi\u0119kszaj\u0105c w widoczny spos\u00f3b powierzchni\u0119 blatu.<\/p>\n<p>St\u00f3\u0142 ogrodowy tego typu to nie tylko rozk\u0142adany blat. To tak\u017ce&#8230; st\u00f3\u0142 skrywaj\u0105cy pod blatem skrzyni\u0119. Taka opcja jest \u015bwietna do ka\u017cdej altany ogrodowej. Mo\u017cesz te\u017c zdecydowa\u0107 si\u0119 na model z podnoszonym blatem, co rozwi\u0105\u017ce kolejny dylemat &#8211; niski stolik kawowy czy wy\u017cszy, pe\u0142nowymiarowy st\u00f3\u0142 obiadowy? A je\u015bli nadal nie mo\u017cesz si\u0119 zdecydowa\u0107, kup zestaw dw\u00f3ch sto\u0142\u00f3w uwzgl\u0119dniaj\u0105cy meble w dw\u00f3ch rozmiarach.<\/p>\n<p>[[kategoria:2002:6]]<\/p>\n<h2>Kszta\u0142t sto\u0142u ogrodowego: kwadratowy, prostok\u0105tny czy okr\u0105g\u0142y st\u00f3\u0142 ogrodowy?<\/h2>\n<p>Istotne jest te\u017c to, jaki b\u0119dzie w\u0142a\u015bciwy kszta\u0142t sto\u0142u ogrodowego. Blat sto\u0142u powinien by\u0107 tak uformowany, aby ka\u017cda z os\u00f3b siedz\u0105cych wok\u00f3\u0142 niego mia\u0142a \u0142atwy dost\u0119p do zawarto\u015bci i zastawy. Dlatego te\u017c do wyboru jest:<\/p>\n<ul>\n<li>okr\u0105g\u0142y st\u00f3\u0142 ogrodowy, ewentualnie st\u00f3\u0142 o owalnym kszta\u0142cie,<\/li>\n<li>prostok\u0105tny st\u00f3\u0142 ogrodowy,<\/li>\n<li>kwadratowy st\u00f3\u0142 ogrodowy.<\/li>\n<\/ul>\n<p>Zwr\u00f3\u0107 uwag\u0119 na to, \u017ce okr\u0105g\u0142y st\u00f3\u0142 nie przysuwa si\u0119 bezpo\u015brednio do \u015bciany. W przeciwie\u0144stwie do niego, kwadratowy st\u00f3\u0142 mo\u017cna w ten spos\u00f3b usytuowa\u0107. Jednak st\u00f3\u0142 o owalnym kszta\u0142cie ma t\u0119 zalet\u0119, \u017ce jest pozbawiony ostrych rog\u00f3w. Je\u015bli zale\u017cy Ci na klasyce i \u0142atwym dost\u0119pie do sto\u0142u, szukaj w\u015br\u00f3d blat\u00f3w prostok\u0105tnych, lecz z zaokr\u0105glanymi brzegami o ob\u0142ym wyko\u0144czeniu kraw\u0119dzi.<\/p>\n<p>[[kategoria:30:6]]<\/p>\n<h2>Jakie sto\u0142y ogrodowe s\u0105 najlepsze? Drewno, technorattan, metal<\/h2>\n<p>Wreszcie bardzo istotna kwestia, a mianowicie materia\u0142 wykonania sto\u0142u ogrodowego. Tutaj musimy zwr\u00f3ci\u0107 uwag\u0119 nie tylko na w\u0142asne przekonania i marzenia, ale te\u017c aspekty praktyczne.<\/p>\n<h3>Metalowy st\u00f3\u0142 ogrodowy<\/h3>\n<p>Je\u017celi urz\u0105dzasz ogr\u00f3d w stylu prowansalskim, angielskim czy industrialnym to meble \u017celiwne zdecydowanie powinny si\u0119 w nim znale\u017a\u0107. Poszczeg\u00f3lne modele sto\u0142\u00f3w b\u0119d\u0105 si\u0119 r\u00f3\u017cni\u0107, bo np. te pierwsze s\u0105 subtelne, a\u017curowe, raczej niewielkie, na dekoracyjnych nogach, wyginane, a drugie za to minimalistyczne i proste w formie. Jednak meble \u017celiwne \u0142\u0105czy niebywa\u0142a jako\u015b\u0107 oraz odporno\u015b\u0107 na promienie UV i wilgo\u0107. Zazwyczaj sporo wa\u017c\u0105, wi\u0119c z jednej strony nie grozi im wywr\u00f3cenie przez wiatr, ale z drugiej potrzeba si\u0142y, aby je przenie\u015b\u0107. Solidno\u015b\u0107 mebla jest jednak nie do podwa\u017cenia.<\/p>\n<p><img loading=\"lazy\" decoding=\"async\" class=\"aligncenter size-full wp-image-17921\" src=\"https:\/\/www.meblobranie.pl\/porady\/wp-content\/uploads\/2018\/06\/meble-ogrodowe-metalowe-siatkowe-siedziska-textiline-szare-5570.jpeg\" alt=\"Krzes\u0142a i fotele ogrodowe Bologna\" width=\"600\" height=\"450\" srcset=\"https:\/\/www.meblobranie.pl\/porady\/wp-content\/uploads\/2018\/06\/meble-ogrodowe-metalowe-siatkowe-siedziska-textiline-szare-5570.jpeg 600w, https:\/\/www.meblobranie.pl\/porady\/wp-content\/uploads\/2018\/06\/meble-ogrodowe-metalowe-siatkowe-siedziska-textiline-szare-5570-300x225.jpeg 300w\" sizes=\"auto, (max-width: 600px) 100vw, 600px\" \/><\/p>\n<h3>Drewniany st\u00f3\u0142 ogrodowy<\/h3>\n<p>St\u00f3\u0142 drewniany to jeden z najpopularniejszych mebli ogrodowych. Rzeczywi\u015bcie &#8211; \u015bwietnie komponuje si\u0119 z zieleni\u0105, jaka otacza taras i idealnie dopasowuje si\u0119 do stylu wielu nieruchomo\u015bci. St\u00f3\u0142 drewniany ogrodowy trzeba jednak wybra\u0107 \u015bwiadomie. Drewniany st\u00f3\u0142 b\u0119dzie nam s\u0142u\u017cy\u0142 d\u0142ugo, ale pod warunkiem, \u017ce dobrze o niego zadbamy.<\/p>\n<p>Wyr\u00f3\u017cniamy sto\u0142y ogrodowe z:<\/p>\n<ul>\n<li><strong>drewna egzotyczneg<\/strong>o &#8211; sto\u0142y ogrodowe wykonane z teaku, bambusa, marbu cechuj\u0105 si\u0119 wysok\u0105 twardo\u015bci\u0105 i du\u017c\u0105 tolerancj\u0105 na zmiany temperatur,<\/li>\n<li><strong>drewna krajowego<\/strong> &#8211; sto\u0142y ogrodowe wykonane ze \u015bwierka, modrzewia, sosny czy d\u0119bu wymagaj\u0105 wi\u0119cej uwagi i odpowiedniej impregnacji, bo s\u0105 bardziej podatne na negatywny wp\u0142yw czynnik\u00f3w atmosferycznych.<\/li>\n<\/ul>\n<p>St\u00f3\u0142 ogrodowy drewniany ma ponadczasowy wygl\u0105d, ale jego trwa\u0142o\u015b\u0107 w du\u017cej mierze b\u0119dzie zale\u017ce\u0107 od odpowiedniej piel\u0119gnacji. Istotna jest regularna impregnacja i ochrona &#8211; zw\u0142aszcza blatu oraz podstawy &#8211; przed wilgoci\u0105. Sto\u0142y drewniane trzeba przenosi\u0107 poza sezonem do suchego pomieszczenia. Najlepiej jest ustawia\u0107 go na kostce brukowej, a nie bezpo\u015brednio na trawie.<\/p>\n<div id=\"attachment_29459\" style=\"width: 840px\" class=\"wp-caption aligncenter\"><img loading=\"lazy\" decoding=\"async\" aria-describedby=\"caption-attachment-29459\" class=\"wp-image-29459 size-full\" src=\"https:\/\/www.meblobranie.pl\/porady\/wp-content\/uploads\/2021\/02\/meble-z-drewna-na-tarasie-.jpeg\" alt=\"Drewniany st\u00f3\u0142 z krzes\u0142ami \" width=\"830\" height=\"558\" srcset=\"https:\/\/www.meblobranie.pl\/porady\/wp-content\/uploads\/2021\/02\/meble-z-drewna-na-tarasie-.jpeg 830w, https:\/\/www.meblobranie.pl\/porady\/wp-content\/uploads\/2021\/02\/meble-z-drewna-na-tarasie--300x202.jpeg 300w, https:\/\/www.meblobranie.pl\/porady\/wp-content\/uploads\/2021\/02\/meble-z-drewna-na-tarasie--768x516.jpeg 768w\" sizes=\"auto, (max-width: 830px) 100vw, 830px\" \/><p id=\"caption-attachment-29459\" class=\"wp-caption-text\">Drewniany st\u00f3\u0142 z krzes\u0142ami<\/p><\/div>\n<h3>St\u00f3\u0142 plastikowy<\/h3>\n<p>Zastosowanie tworzywa sztucznego w produkcji mebli ogrodowych to \u015bwietny pomys\u0142. Plastikowy st\u00f3\u0142 ogrodowy jest lekki i odporny na dzia\u0142anie czynnik\u00f3w pogodowych, g\u0142\u00f3wnie deszczu. D\u0142ugotrwa\u0142a ekspozycja na s\u0142o\u0144ce z czasem mog\u0142aby spowodowa\u0107 wyp\u0142owienie koloru, dlatego bezpieczniej jest trzyma\u0107 go w cieniu.<\/p>\n<p>Nowoczesny st\u00f3\u0142 ogrodowy z tworzywa sztucznego to dobry wyb\u00f3r na lata:<\/p>\n<ul>\n<li>zapewni wygodny wypoczynek na \u015bwie\u017cym powietrzu,<\/li>\n<li>dopasuje si\u0119 do r\u00f3\u017cnych aran\u017cacji.<\/li>\n<\/ul>\n<p>Jednak zdecydowanie lepiej zrezygnowa\u0107 z niego w typowym ogrodzie wiejskim, rustykalnym, za to postawi\u0107 w przestrzeni inspirowanej wsp\u00f3\u0142czesnym designem.<\/p>\n<div id=\"attachment_35129\" style=\"width: 840px\" class=\"wp-caption aligncenter\"><img loading=\"lazy\" decoding=\"async\" aria-describedby=\"caption-attachment-35129\" class=\"wp-image-35129 size-full\" src=\"https:\/\/www.meblobranie.pl\/porady\/wp-content\/uploads\/2022\/01\/meble-obiadowe-na-werandzie.jpeg\" alt=\"Meble i st\u00f3\u0142 ogrodowy z tworzywa\" width=\"830\" height=\"508\" srcset=\"https:\/\/www.meblobranie.pl\/porady\/wp-content\/uploads\/2022\/01\/meble-obiadowe-na-werandzie.jpeg 830w, https:\/\/www.meblobranie.pl\/porady\/wp-content\/uploads\/2022\/01\/meble-obiadowe-na-werandzie-300x184.jpeg 300w, https:\/\/www.meblobranie.pl\/porady\/wp-content\/uploads\/2022\/01\/meble-obiadowe-na-werandzie-768x470.jpeg 768w\" sizes=\"auto, (max-width: 830px) 100vw, 830px\" \/><p id=\"caption-attachment-35129\" class=\"wp-caption-text\">Meble i st\u00f3\u0142 ogrodowy z tworzywa<\/p><\/div>\n<h3>Technorattanowy st\u00f3\u0142 ogrodowy<\/h3>\n<p>Je\u017celi mieliby\u015bmy wskaza\u0107 najpopularniejszy materia\u0142 to zdecydowanie <a href=\"https:\/\/www.meblobranie.pl\/ogrod-meble-ogrodowe\/material-technorattan\">meble ogrodowe z technorattanu<\/a> zaskarbi\u0142y sobie najwi\u0119ksz\u0105 sympati\u0119. Sto\u0142y rattanowe maj\u0105 wszystko, czego oczekujesz od wyposa\u017cenia tarasu czy balkonu &#8211; s\u0105:<\/p>\n<ul>\n<li>stosunkowo lekkie,<\/li>\n<li>trwa\u0142e,<\/li>\n<li>pi\u0119kne,<\/li>\n<\/ul>\n<p>a przy tym nie kosztuj\u0105 maj\u0105tku. Mog\u0105 prezentowa\u0107 si\u0119 naprawd\u0119 szykownie, gdy wybierzesz model ze szklanym blatem. Szk\u0142o hartowane wyka\u017ce si\u0119 optymaln\u0105 wytrzyma\u0142o\u015bci\u0105, blat wykonany z niego b\u0119dzie odporny na lekkie uderzenia czy rysy.<\/p>\n<p>Z uwagi na swoje bardzo dobre w\u0142a\u015bciwo\u015bci technorattan poradzi sobie w r\u00f3\u017cnych warunkach. Wykonany z niego st\u00f3\u0142 ca\u0142oroczny pos\u0142u\u017cy Ci od wiosny do jesieni, a zim\u0119 przetrwa nakryty w ogrodzie. Pozostaje tylko wybra\u0107 odpowiedni st\u00f3\u0142 ogrodowy, kieruj\u0105c si\u0119 jego wysoko\u015bci\u0105, szeroko\u015bci\u0105 oraz kolorem.<\/p>\n<div id=\"attachment_39380\" style=\"width: 840px\" class=\"wp-caption aligncenter\"><img loading=\"lazy\" decoding=\"async\" aria-describedby=\"caption-attachment-39380\" class=\"wp-image-39380 size-full\" src=\"https:\/\/www.meblobranie.pl\/porady\/wp-content\/uploads\/2023\/01\/meble-technorattan.jpeg\" alt=\"Meble i st\u00f3\u0142 ogrodowy z technorattanu\" width=\"830\" height=\"623\" srcset=\"https:\/\/www.meblobranie.pl\/porady\/wp-content\/uploads\/2023\/01\/meble-technorattan.jpeg 830w, https:\/\/www.meblobranie.pl\/porady\/wp-content\/uploads\/2023\/01\/meble-technorattan-300x225.jpeg 300w, https:\/\/www.meblobranie.pl\/porady\/wp-content\/uploads\/2023\/01\/meble-technorattan-768x576.jpeg 768w\" sizes=\"auto, (max-width: 830px) 100vw, 830px\" \/><p id=\"caption-attachment-39380\" class=\"wp-caption-text\">Meble i st\u00f3\u0142 ogrodowy z technorattanu<\/p><\/div>\n<h2>Jaki st\u00f3\u0142 do ogrodu wybra\u0107? Podsumowanie<\/h2>\n<p>St\u00f3\u0142 nale\u017cy do najwa\u017cniejszych mebli &#8211; w domu i na tarasie. Wybieraj\u0105c st\u00f3\u0142 do ogrodu, kieruj si\u0119 jego rozmiarem, funkcj\u0105, jak\u0105 ma pe\u0142ni\u0107, ale te\u017c stylem i materia\u0142em, z jakiego powstaje. St\u00f3\u0142 plastikowy? A mo\u017ce metalowy st\u00f3\u0142 ogrodowy? R\u00f3\u017cni je waga oraz design, dlatego odpowiedni st\u00f3\u0142 ogrodowy musi idealnie wkomponowa\u0107 si\u0119 w dan\u0105 przestrze\u0144.<\/p>\n<p>Ponadto, ka\u017cdy st\u00f3\u0142 do ogrodu wymaga odmiennej piel\u0119gnacji, cho\u0107 pod tym wzgl\u0119dem najbardziej wymagaj\u0105cy jest drewniany st\u00f3\u0142 ogrodowy. Je\u017celi koniecznie Ci na nim zale\u017cy, bo pasuje do Twojego stylu i wygl\u0105du ogrodu, postaw na model z drewna egzotycznego.<\/p>\n<p>Podobnie meble rattanowe &#8211; naturalne w\u0142\u00f3kna maj\u0105 tendencj\u0119 do zu\u017cywania si\u0119, ale na szcz\u0119\u015bcie znamy alternatyw\u0119 w postaci tworzywa sztucznego, jakim jest technorattan.<\/p>\n<p><strong>Udany wypoczynek na \u015bwie\u017cym powietrzu zaczyna si\u0119 od tego, \u017ce trzeba wybra\u0107 odpowiedni st\u00f3\u0142 ogrodowy. Na szcz\u0119\u015bcie asortyment jest tak bogaty, \u017ce z \u0142atwo\u015bci\u0105 uda Ci si\u0119 naby\u0107 mebel, kt\u00f3ry stworzy sp\u00f3jn\u0105 kompozycj\u0119 z reszt\u0105 wystroju.<\/strong><\/p>\n","protected":false},"excerpt":{"rendered":"<p>St\u00f3\u0142 ogrodowy to bardzo wa\u017cny mebel na ka\u017cdym tarasie. To wok\u00f3\u0142 niego zbiera si\u0119 rodzina i przyjaciele, aby latem celebrowa\u0107 wsp\u00f3lne posi\u0142ki. S\u0142u\u017cy w dzie\u0144, ale te\u017c wieczorem, podczas romantycznych kolacji i imprez w gronie znajomych. Dzieci mog\u0105 na nim kolorowa\u0107 i uk\u0142ada\u0107 klocki, dlatego wa\u017cne jest, aby dobrze wygl\u0105da\u0142 i zapewnia\u0142 komfort u\u017cytkowania. Dowiedz [&hellip;]<\/p>\n","protected":false},"author":20,"featured_media":31193,"comment_status":"open","ping_status":"closed","sticky":false,"template":"","format":"standard","meta":{"_acf_changed":false,"ngg_post_thumbnail":0,"footnotes":""},"categories":[905,6],"tags":[],"class_list":{"0":"post-39388","1":"post","2":"type-post","3":"status-publish","4":"format-standard","5":"has-post-thumbnail","7":"category-ogrod","8":"category-poradnik"},"acf":[],"yoast_head":"<!-- This site is optimized with the Yoast SEO plugin v27.4 - https:\/\/yoast.com\/product\/yoast-seo-wordpress\/ -->\n<title>Jaki st\u00f3\u0142 na taras i do ogrodu wybra\u0107? - Porady Meblobranie.pl<\/title>\n<meta name=\"description\" content=\"Dowiedz si\u0119, jaki st\u00f3\u0142 ogrodowy wybra\u0107, aby zyska\u0107 mebel na lata. Zobacz nasz przegl\u0105d po najpopularniejszych materia\u0142ach.\" \/>\n<meta name=\"robots\" content=\"index, follow, max-snippet:-1, max-image-preview:large, max-video-preview:-1\" \/>\n<link rel=\"canonical\" href=\"https:\/\/www.meblobranie.pl\/porady\/jaki-stol-na-taras-i-do-ogrodu\/\" \/>\n<meta name=\"twitter:label1\" content=\"Napisane przez\" \/>\n\t<meta name=\"twitter:data1\" content=\"Dawid z Meblobranie.pl\" \/>\n\t<meta name=\"twitter:label2\" content=\"Szacowany czas czytania\" \/>\n\t<meta name=\"twitter:data2\" content=\"7 minut\" \/>\n<script type=\"application\/ld+json\" class=\"yoast-schema-graph\">{\"@context\":\"https:\\\/\\\/schema.org\",\"@graph\":[{\"@type\":\"Article\",\"@id\":\"https:\\\/\\\/www.meblobranie.pl\\\/porady\\\/jaki-stol-na-taras-i-do-ogrodu\\\/#article\",\"isPartOf\":{\"@id\":\"https:\\\/\\\/www.meblobranie.pl\\\/porady\\\/jaki-stol-na-taras-i-do-ogrodu\\\/\"},\"author\":{\"name\":\"Dawid z Meblobranie.pl\",\"@id\":\"https:\\\/\\\/www.meblobranie.pl\\\/porady\\\/#\\\/schema\\\/person\\\/0c44214399e1752805db67863333461b\"},\"headline\":\"Jaki st\u00f3\u0142 na taras i do ogrodu wybra\u0107?\",\"datePublished\":\"2023-01-23T12:59:43+00:00\",\"dateModified\":\"2023-01-23T12:59:55+00:00\",\"mainEntityOfPage\":{\"@id\":\"https:\\\/\\\/www.meblobranie.pl\\\/porady\\\/jaki-stol-na-taras-i-do-ogrodu\\\/\"},\"wordCount\":1472,\"commentCount\":0,\"image\":{\"@id\":\"https:\\\/\\\/www.meblobranie.pl\\\/porady\\\/jaki-stol-na-taras-i-do-ogrodu\\\/#primaryimage\"},\"thumbnailUrl\":\"https:\\\/\\\/www.meblobranie.pl\\\/porady\\\/wp-content\\\/uploads\\\/2021\\\/08\\\/meble-technorattanowe-dla-calej-rodziny.jpeg\",\"articleSection\":[\"Ogr\u00f3d\",\"Poradnik\"],\"inLanguage\":\"pl-PL\",\"potentialAction\":[{\"@type\":\"CommentAction\",\"name\":\"Comment\",\"target\":[\"https:\\\/\\\/www.meblobranie.pl\\\/porady\\\/jaki-stol-na-taras-i-do-ogrodu\\\/#respond\"]}]},{\"@type\":\"WebPage\",\"@id\":\"https:\\\/\\\/www.meblobranie.pl\\\/porady\\\/jaki-stol-na-taras-i-do-ogrodu\\\/\",\"url\":\"https:\\\/\\\/www.meblobranie.pl\\\/porady\\\/jaki-stol-na-taras-i-do-ogrodu\\\/\",\"name\":\"Jaki st\u00f3\u0142 na taras i do ogrodu wybra\u0107? - Porady Meblobranie.pl\",\"isPartOf\":{\"@id\":\"https:\\\/\\\/www.meblobranie.pl\\\/porady\\\/#website\"},\"primaryImageOfPage\":{\"@id\":\"https:\\\/\\\/www.meblobranie.pl\\\/porady\\\/jaki-stol-na-taras-i-do-ogrodu\\\/#primaryimage\"},\"image\":{\"@id\":\"https:\\\/\\\/www.meblobranie.pl\\\/porady\\\/jaki-stol-na-taras-i-do-ogrodu\\\/#primaryimage\"},\"thumbnailUrl\":\"https:\\\/\\\/www.meblobranie.pl\\\/porady\\\/wp-content\\\/uploads\\\/2021\\\/08\\\/meble-technorattanowe-dla-calej-rodziny.jpeg\",\"datePublished\":\"2023-01-23T12:59:43+00:00\",\"dateModified\":\"2023-01-23T12:59:55+00:00\",\"author\":{\"@id\":\"https:\\\/\\\/www.meblobranie.pl\\\/porady\\\/#\\\/schema\\\/person\\\/0c44214399e1752805db67863333461b\"},\"description\":\"Dowiedz si\u0119, jaki st\u00f3\u0142 ogrodowy wybra\u0107, aby zyska\u0107 mebel na lata. Zobacz nasz przegl\u0105d po najpopularniejszych materia\u0142ach.\",\"breadcrumb\":{\"@id\":\"https:\\\/\\\/www.meblobranie.pl\\\/porady\\\/jaki-stol-na-taras-i-do-ogrodu\\\/#breadcrumb\"},\"inLanguage\":\"pl-PL\",\"potentialAction\":[{\"@type\":\"ReadAction\",\"target\":[\"https:\\\/\\\/www.meblobranie.pl\\\/porady\\\/jaki-stol-na-taras-i-do-ogrodu\\\/\"]}]},{\"@type\":\"ImageObject\",\"inLanguage\":\"pl-PL\",\"@id\":\"https:\\\/\\\/www.meblobranie.pl\\\/porady\\\/jaki-stol-na-taras-i-do-ogrodu\\\/#primaryimage\",\"url\":\"https:\\\/\\\/www.meblobranie.pl\\\/porady\\\/wp-content\\\/uploads\\\/2021\\\/08\\\/meble-technorattanowe-dla-calej-rodziny.jpeg\",\"contentUrl\":\"https:\\\/\\\/www.meblobranie.pl\\\/porady\\\/wp-content\\\/uploads\\\/2021\\\/08\\\/meble-technorattanowe-dla-calej-rodziny.jpeg\",\"width\":830,\"height\":619,\"caption\":\"Meble ogrodowe dla ca\u0142ej rodziny\"},{\"@type\":\"BreadcrumbList\",\"@id\":\"https:\\\/\\\/www.meblobranie.pl\\\/porady\\\/jaki-stol-na-taras-i-do-ogrodu\\\/#breadcrumb\",\"itemListElement\":[{\"@type\":\"ListItem\",\"position\":1,\"name\":\"Home\",\"item\":\"https:\\\/\\\/www.meblobranie.pl\\\/porady\\\/\"},{\"@type\":\"ListItem\",\"position\":2,\"name\":\"Jaki st\u00f3\u0142 na taras i do ogrodu wybra\u0107?\"}]},{\"@type\":\"WebSite\",\"@id\":\"https:\\\/\\\/www.meblobranie.pl\\\/porady\\\/#website\",\"url\":\"https:\\\/\\\/www.meblobranie.pl\\\/porady\\\/\",\"name\":\"Porady Meblobranie.pl\",\"description\":\"Blog o tarasach i ogrodach\",\"potentialAction\":[{\"@type\":\"SearchAction\",\"target\":{\"@type\":\"EntryPoint\",\"urlTemplate\":\"https:\\\/\\\/www.meblobranie.pl\\\/porady\\\/?s={search_term_string}\"},\"query-input\":{\"@type\":\"PropertyValueSpecification\",\"valueRequired\":true,\"valueName\":\"search_term_string\"}}],\"inLanguage\":\"pl-PL\"},{\"@type\":\"Person\",\"@id\":\"https:\\\/\\\/www.meblobranie.pl\\\/porady\\\/#\\\/schema\\\/person\\\/0c44214399e1752805db67863333461b\",\"name\":\"Dawid z Meblobranie.pl\",\"image\":{\"@type\":\"ImageObject\",\"inLanguage\":\"pl-PL\",\"@id\":\"https:\\\/\\\/secure.gravatar.com\\\/avatar\\\/9ede1c3924e3173d8f3ad05211531161353d772865bc4dacba314dbcd46c0fef?s=96&d=mm&r=g\",\"url\":\"https:\\\/\\\/secure.gravatar.com\\\/avatar\\\/9ede1c3924e3173d8f3ad05211531161353d772865bc4dacba314dbcd46c0fef?s=96&d=mm&r=g\",\"contentUrl\":\"https:\\\/\\\/secure.gravatar.com\\\/avatar\\\/9ede1c3924e3173d8f3ad05211531161353d772865bc4dacba314dbcd46c0fef?s=96&d=mm&r=g\",\"caption\":\"Dawid z Meblobranie.pl\"},\"description\":\"Lorem Ipsum is simply dummy text of the printing and typesetting industry. Lorem Ipsum has been the industry's standard dummy text ever since the 1500s, when an unknown printer took a galley of type and scrambled it to make a type specimen book.\"}]}<\/script>\n<!-- \/ Yoast SEO plugin. -->","yoast_head_json":{"title":"Jaki st\u00f3\u0142 na taras i do ogrodu wybra\u0107? - Porady Meblobranie.pl","description":"Dowiedz si\u0119, jaki st\u00f3\u0142 ogrodowy wybra\u0107, aby zyska\u0107 mebel na lata. Zobacz nasz przegl\u0105d po najpopularniejszych materia\u0142ach.","robots":{"index":"index","follow":"follow","max-snippet":"max-snippet:-1","max-image-preview":"max-image-preview:large","max-video-preview":"max-video-preview:-1"},"canonical":"https:\/\/www.meblobranie.pl\/porady\/jaki-stol-na-taras-i-do-ogrodu\/","twitter_misc":{"Napisane przez":"Dawid z Meblobranie.pl","Szacowany czas czytania":"7 minut"},"schema":{"@context":"https:\/\/schema.org","@graph":[{"@type":"Article","@id":"https:\/\/www.meblobranie.pl\/porady\/jaki-stol-na-taras-i-do-ogrodu\/#article","isPartOf":{"@id":"https:\/\/www.meblobranie.pl\/porady\/jaki-stol-na-taras-i-do-ogrodu\/"},"author":{"name":"Dawid z Meblobranie.pl","@id":"https:\/\/www.meblobranie.pl\/porady\/#\/schema\/person\/0c44214399e1752805db67863333461b"},"headline":"Jaki st\u00f3\u0142 na taras i do ogrodu wybra\u0107?","datePublished":"2023-01-23T12:59:43+00:00","dateModified":"2023-01-23T12:59:55+00:00","mainEntityOfPage":{"@id":"https:\/\/www.meblobranie.pl\/porady\/jaki-stol-na-taras-i-do-ogrodu\/"},"wordCount":1472,"commentCount":0,"image":{"@id":"https:\/\/www.meblobranie.pl\/porady\/jaki-stol-na-taras-i-do-ogrodu\/#primaryimage"},"thumbnailUrl":"https:\/\/www.meblobranie.pl\/porady\/wp-content\/uploads\/2021\/08\/meble-technorattanowe-dla-calej-rodziny.jpeg","articleSection":["Ogr\u00f3d","Poradnik"],"inLanguage":"pl-PL","potentialAction":[{"@type":"CommentAction","name":"Comment","target":["https:\/\/www.meblobranie.pl\/porady\/jaki-stol-na-taras-i-do-ogrodu\/#respond"]}]},{"@type":"WebPage","@id":"https:\/\/www.meblobranie.pl\/porady\/jaki-stol-na-taras-i-do-ogrodu\/","url":"https:\/\/www.meblobranie.pl\/porady\/jaki-stol-na-taras-i-do-ogrodu\/","name":"Jaki st\u00f3\u0142 na taras i do ogrodu wybra\u0107? - Porady Meblobranie.pl","isPartOf":{"@id":"https:\/\/www.meblobranie.pl\/porady\/#website"},"primaryImageOfPage":{"@id":"https:\/\/www.meblobranie.pl\/porady\/jaki-stol-na-taras-i-do-ogrodu\/#primaryimage"},"image":{"@id":"https:\/\/www.meblobranie.pl\/porady\/jaki-stol-na-taras-i-do-ogrodu\/#primaryimage"},"thumbnailUrl":"https:\/\/www.meblobranie.pl\/porady\/wp-content\/uploads\/2021\/08\/meble-technorattanowe-dla-calej-rodziny.jpeg","datePublished":"2023-01-23T12:59:43+00:00","dateModified":"2023-01-23T12:59:55+00:00","author":{"@id":"https:\/\/www.meblobranie.pl\/porady\/#\/schema\/person\/0c44214399e1752805db67863333461b"},"description":"Dowiedz si\u0119, jaki st\u00f3\u0142 ogrodowy wybra\u0107, aby zyska\u0107 mebel na lata. Zobacz nasz przegl\u0105d po najpopularniejszych materia\u0142ach.","breadcrumb":{"@id":"https:\/\/www.meblobranie.pl\/porady\/jaki-stol-na-taras-i-do-ogrodu\/#breadcrumb"},"inLanguage":"pl-PL","potentialAction":[{"@type":"ReadAction","target":["https:\/\/www.meblobranie.pl\/porady\/jaki-stol-na-taras-i-do-ogrodu\/"]}]},{"@type":"ImageObject","inLanguage":"pl-PL","@id":"https:\/\/www.meblobranie.pl\/porady\/jaki-stol-na-taras-i-do-ogrodu\/#primaryimage","url":"https:\/\/www.meblobranie.pl\/porady\/wp-content\/uploads\/2021\/08\/meble-technorattanowe-dla-calej-rodziny.jpeg","contentUrl":"https:\/\/www.meblobranie.pl\/porady\/wp-content\/uploads\/2021\/08\/meble-technorattanowe-dla-calej-rodziny.jpeg","width":830,"height":619,"caption":"Meble ogrodowe dla ca\u0142ej rodziny"},{"@type":"BreadcrumbList","@id":"https:\/\/www.meblobranie.pl\/porady\/jaki-stol-na-taras-i-do-ogrodu\/#breadcrumb","itemListElement":[{"@type":"ListItem","position":1,"name":"Home","item":"https:\/\/www.meblobranie.pl\/porady\/"},{"@type":"ListItem","position":2,"name":"Jaki st\u00f3\u0142 na taras i do ogrodu wybra\u0107?"}]},{"@type":"WebSite","@id":"https:\/\/www.meblobranie.pl\/porady\/#website","url":"https:\/\/www.meblobranie.pl\/porady\/","name":"Porady Meblobranie.pl","description":"Blog o tarasach i ogrodach","potentialAction":[{"@type":"SearchAction","target":{"@type":"EntryPoint","urlTemplate":"https:\/\/www.meblobranie.pl\/porady\/?s={search_term_string}"},"query-input":{"@type":"PropertyValueSpecification","valueRequired":true,"valueName":"search_term_string"}}],"inLanguage":"pl-PL"},{"@type":"Person","@id":"https:\/\/www.meblobranie.pl\/porady\/#\/schema\/person\/0c44214399e1752805db67863333461b","name":"Dawid z Meblobranie.pl","image":{"@type":"ImageObject","inLanguage":"pl-PL","@id":"https:\/\/secure.gravatar.com\/avatar\/9ede1c3924e3173d8f3ad05211531161353d772865bc4dacba314dbcd46c0fef?s=96&d=mm&r=g","url":"https:\/\/secure.gravatar.com\/avatar\/9ede1c3924e3173d8f3ad05211531161353d772865bc4dacba314dbcd46c0fef?s=96&d=mm&r=g","contentUrl":"https:\/\/secure.gravatar.com\/avatar\/9ede1c3924e3173d8f3ad05211531161353d772865bc4dacba314dbcd46c0fef?s=96&d=mm&r=g","caption":"Dawid z Meblobranie.pl"},"description":"Lorem Ipsum is simply dummy text of the printing and typesetting industry. Lorem Ipsum has been the industry's standard dummy text ever since the 1500s, when an unknown printer took a galley of type and scrambled it to make a type specimen book."}]}},"_links":{"self":[{"href":"https:\/\/www.meblobranie.pl\/porady\/wp-json\/wp\/v2\/posts\/39388","targetHints":{"allow":["GET"]}}],"collection":[{"href":"https:\/\/www.meblobranie.pl\/porady\/wp-json\/wp\/v2\/posts"}],"about":[{"href":"https:\/\/www.meblobranie.pl\/porady\/wp-json\/wp\/v2\/types\/post"}],"author":[{"embeddable":true,"href":"https:\/\/www.meblobranie.pl\/porady\/wp-json\/wp\/v2\/users\/20"}],"replies":[{"embeddable":true,"href":"https:\/\/www.meblobranie.pl\/porady\/wp-json\/wp\/v2\/comments?post=39388"}],"version-history":[{"count":0,"href":"https:\/\/www.meblobranie.pl\/porady\/wp-json\/wp\/v2\/posts\/39388\/revisions"}],"wp:featuredmedia":[{"embeddable":true,"href":"https:\/\/www.meblobranie.pl\/porady\/wp-json\/wp\/v2\/media\/31193"}],"wp:attachment":[{"href":"https:\/\/www.meblobranie.pl\/porady\/wp-json\/wp\/v2\/media?parent=39388"}],"wp:term":[{"taxonomy":"category","embeddable":true,"href":"https:\/\/www.meblobranie.pl\/porady\/wp-json\/wp\/v2\/categories?post=39388"},{"taxonomy":"post_tag","embeddable":true,"href":"https:\/\/www.meblobranie.pl\/porady\/wp-json\/wp\/v2\/tags?post=39388"}],"curies":[{"name":"wp","href":"https:\/\/api.w.org\/{rel}","templated":true}]}}