{"id":41471,"date":"2025-08-18T12:50:24","date_gmt":"2025-08-18T10:50:24","guid":{"rendered":"https:\/\/www.meblobranie.pl\/porady\/?p=41471"},"modified":"2026-03-29T20:23:12","modified_gmt":"2026-03-29T18:23:12","slug":"jak-urzadzic-balkon-pomysly-i-inspiracje","status":"publish","type":"post","link":"https:\/\/www.meblobranie.pl\/porady\/jak-urzadzic-balkon-pomysly-i-inspiracje\/","title":{"rendered":"Jak urz\u0105dzi\u0107 balkon w bloku &#8211; inspiracje"},"content":{"rendered":"\n<p><strong>Balkon <\/strong>to wyj\u0105tkowe miejsce w Twoim mieszkaniu. Nie b\u0119dzie przesad\u0105 stwierdzenie, \u017ce stanowi on dla Ciebie swego rodzaju pomost pomi\u0119dzy wn\u0119trzem w bloku a swobod\u0105 domu jednorodzinnego.<\/p>\n\n\n\n<p>W zwi\u0105zku z tym pewnie cz\u0119sto zastanawiasz si\u0119, jak urz\u0105dzi\u0107 balkon w bloku, aby w pe\u0142ni wykorzysta\u0107 jego potencja\u0142. Takie pytanie jest bardzo zasadne, poniewa\u017c ta przestrze\u0144 powinna by\u0107 czym\u015b zdecydowanie wi\u0119cej ni\u017c tylko miejscem do suszenia prania czy przechowywania nieu\u017cywanych przedmiot\u00f3w.<\/p>\n\n\n\n<p><strong>Z pewno\u015bci\u0105 zadowoli Ci\u0119 informacja, \u017ce balkon to strefa, kt\u00f3r\u0105 mo\u017cesz urz\u0105dzi\u0107 z du\u017c\u0105 \u0142atwo\u015bci\u0105. W rzeczywisto\u015bci nie potrzebujesz ogromnego wysi\u0142ku, by powsta\u0142a aran\u017cacja balkonu, kt\u00f3ra przyci\u0105gnie uwag\u0119 domownik\u00f3w i s\u0105siad\u00f3w.<\/strong> Je\u015bli interesuje Ci\u0119 tani balkon, inspiracje znajdziesz w naszym tek\u015bcie. Dzi\u0119ki naszym wskaz\u00f3wkom niskim kosztem stworzysz przytulne miejsce, nawet je\u015bli dysponujesz jedynie niewielk\u0105, mocno nas\u0142onecznion\u0105 powierzchni\u0105.<\/p>\n\n\n<div class=\"wp-block-image\">\n<figure class=\"aligncenter\"><img loading=\"lazy\" decoding=\"async\" width=\"1600\" height=\"900\" src=\"https:\/\/www.meblobranie.pl\/porady\/wp-content\/uploads\/2021\/04\/balkon-w-bloku-5m2-aranzacja-1.jpeg\" alt=\"Jak urz\u0105dzi\u0107 balkon?\" class=\"wp-image-36863\" srcset=\"https:\/\/www.meblobranie.pl\/porady\/wp-content\/uploads\/2021\/04\/balkon-w-bloku-5m2-aranzacja-1.jpeg 1600w, https:\/\/www.meblobranie.pl\/porady\/wp-content\/uploads\/2021\/04\/balkon-w-bloku-5m2-aranzacja-1-300x169.jpeg 300w, https:\/\/www.meblobranie.pl\/porady\/wp-content\/uploads\/2021\/04\/balkon-w-bloku-5m2-aranzacja-1-768x432.jpeg 768w, https:\/\/www.meblobranie.pl\/porady\/wp-content\/uploads\/2021\/04\/balkon-w-bloku-5m2-aranzacja-1-1024x576.jpeg 1024w, https:\/\/www.meblobranie.pl\/porady\/wp-content\/uploads\/2021\/04\/balkon-w-bloku-5m2-aranzacja-1-1536x864.jpeg 1536w\" sizes=\"auto, (max-width: 1600px) 100vw, 1600px\" \/><\/figure>\n<\/div>\n\n\n<!--more-->\n\n\n\n\n\n\n<h2 class=\"wp-block-heading\">Aran\u017cacja balkonu w bloku<\/h2>\n\n\n\n<p>Odpowiednia <strong>aran\u017cacja balkonu w bloku <\/strong>jest wa\u017cna zar\u00f3wno z powod\u00f3w praktycznych, jak i estetycznych. Nawet je\u015bli posiadasz jedynie <strong>niewielki balkon w bloku<\/strong>, jego urz\u0105dzenie nie musi by\u0107 dla Ciebie problemem. Taka przestrze\u0144 mo\u017ce \u0142atwo sta\u0107 si\u0119 elementem, kt\u00f3ry poprawi Twoje codzienne samopoczucie i uprzyjemni Ci chwile na \u015bwie\u017cym powietrzu.<\/p>\n\n\n\n<p>Wyobra\u017a sobie sw\u00f3j balkon wype\u0142niony:<\/p>\n\n\n\n<ul class=\"wp-block-list\">\n<li>kolorowymi kwiatami,<\/li>\n\n\n\n<li>wygodnymi meblami (zobacz, jak dopasowa\u0107 nowe <a href=\"https:\/\/www.meblobranie.pl\/meble-balkonowe\" target=\"_blank\" rel=\"noreferrer noopener\">meble balkonowe<\/a> do Twoich potrzeb),<\/li>\n\n\n\n<li>gustownymi dodatkami, kt\u00f3re nadaj\u0105 ca\u0142o\u015bci klimat.<\/li>\n<\/ul>\n\n\n<p>[[kategoria:1849:6]]<\/p>\n\n\n\n<p>W takim otoczeniu wypoczynek b\u0119dzie dla Ciebie znacznie przyjemniejszy ni\u017c na pustej, betonowej powierzchni. Twoja przestrze\u0144 mo\u017ce sta\u0107 si\u0119 prawdziw\u0105 pere\u0142k\u0105 i azylem oddzielaj\u0105cym Ci\u0119 od miejskiego zgie\u0142ku. Niezale\u017cnie od metra\u017cu czy lokalizacji, mo\u017cesz wykorzysta\u0107 wiele sprawdzonych sposob\u00f3w na to, jak urz\u0105dzi\u0107 sw\u00f3j taras lub balkon.<\/p>\n\n\n\n<h2 class=\"wp-block-heading\">Jak urz\u0105dzi\u0107 balkon?<\/h2>\n\n\n\n<p>Pami\u0119taj, \u017ce nie istnieje jedna, uniwersalna <strong>metoda aran\u017cacji balkonu<\/strong>. To, jak przygotujesz swoj\u0105 przestrze\u0144, zale\u017cy wy\u0142\u0105cznie od Twoich potrzeb oraz mo\u017cliwo\u015bci bud\u017cetowych. Zamiast sztywnej instrukcji, warto aby\u015b zwr\u00f3ci\u0142 uwag\u0119 na kilka kluczowych kwestii, kt\u00f3re odmieni\u0105 wygl\u0105d Twojego otoczenia:<\/p>\n\n\n\n<ul class=\"wp-block-list\">\n<li>stworzenie zielonego k\u0105cika \u2013 Tw\u00f3j mini ogr\u00f3dek w bloku,<\/li>\n\n\n\n<li>wyb\u00f3r odpowiednich materia\u0142\u00f3w i dodatk\u00f3w,<\/li>\n\n\n\n<li>dopasowanie stylu \u2013 zastan\u00f3w si\u0119, <strong>jak urz\u0105dzi\u0107 ma\u0142y balkon w bloku<\/strong> z klas\u0105,<\/li>\n\n\n\n<li>zadbanie o nastrojowe o\u015bwietlenie, kt\u00f3re stworzy wieczorny azyl.<\/li>\n<\/ul>\n\n\n<div class=\"wp-block-image wp-image-40724 size-full\">\n<figure class=\"aligncenter\"><img loading=\"lazy\" decoding=\"async\" width=\"700\" height=\"525\" src=\"https:\/\/www.meblobranie.pl\/porady\/wp-content\/uploads\/2017\/06\/meble-na-balkon-torgiano.jpg\" alt=\"Ma\u0142y balkon z meblami technorattanowymi\" class=\"wp-image-40724\" srcset=\"https:\/\/www.meblobranie.pl\/porady\/wp-content\/uploads\/2017\/06\/meble-na-balkon-torgiano.jpg 700w, https:\/\/www.meblobranie.pl\/porady\/wp-content\/uploads\/2017\/06\/meble-na-balkon-torgiano-300x225.jpg 300w\" sizes=\"auto, (max-width: 700px) 100vw, 700px\" \/><\/figure>\n<\/div>\n\n\n<h2 class=\"wp-block-heading\">Inspiracje na balkon<\/h2>\n\n\n\n<p><strong>Je\u015bli chodzi o Tw\u00f3j balkon w bloku, inspiracje s\u0105 niemal nieograniczone<\/strong>. Mo\u017cesz stworzy\u0107 zielony zak\u0105tek pe\u0142en ro\u015blin, przytuln\u0105 stref\u0119 relaksu z wygodnym fotelem i kocem albo niewielk\u0105 przestrze\u0144 jadalnian\u0105, idealn\u0105 na Twoj\u0105 porann\u0105 kaw\u0119. Balkon stanie si\u0119 dok\u0142adnie tym, czego potrzebujesz \u2013 od oazy spokoju po funkcjonalne miejsce codziennego u\u017cytku.<\/p>\n\n\n\n<p>Aby osi\u0105gn\u0105\u0107 cel, jakim jest <strong>zielony k\u0105cik w bloku<\/strong>, musisz wykaza\u0107 si\u0119 odrobin\u0105 kreatywno\u015bci. Postaraj si\u0119 w szczeg\u00f3lno\u015bci wykorzysta\u0107 pionowe powierzchnie \u015bcian. Dzi\u0119ki podej\u015bciu wertykalnemu zaoszcz\u0119dzisz wiele miejsca i rozmie\u015bcisz znacznie wi\u0119cej ro\u015blin na jednym metrze kwadratowym. Przyk\u0142adowo, na jednym wysokim stojaku zmie\u015bcisz nawet kilkana\u015bcie doniczek.<\/p>\n\n\n\n<p style=\"font-size:18px\"><strong>Podej\u015bcie pionowe to proste i skuteczne rozwi\u0105zanie, dzi\u0119ki kt\u00f3remu nawet na ma\u0142ym balkonie stworzysz g\u0119st\u0105, zielon\u0105 \u015bcian\u0119.<\/strong><\/p>\n\n\n\n<p class=\"worth-know has-text-align-left has-white-color has-text-color has-background has-link-color\" style=\"padding-left:10px;background-color:#3c2034;font-size:18px\"><strong>WARTO WIEDZIE\u0106<\/strong><br><br>Ogr\u00f3d wertykalny, czyli pionowe zestawy donic, pozwoli Ci efektywnie sadzi\u0107 ro\u015bliny nawet na najbardziej ograniczonej przestrzeni.<\/p>\n\n\n<div class=\"wp-block-image wp-image-37490 size-full\">\n<figure class=\"aligncenter\"><img loading=\"lazy\" decoding=\"async\" width=\"830\" height=\"573\" src=\"https:\/\/www.meblobranie.pl\/porady\/wp-content\/uploads\/2022\/07\/jak-oslonic-balkon-w-bloku-1.jpg\" alt=\"zielony k\u0105cik na balkonie \" class=\"wp-image-37490\" srcset=\"https:\/\/www.meblobranie.pl\/porady\/wp-content\/uploads\/2022\/07\/jak-oslonic-balkon-w-bloku-1.jpg 830w, https:\/\/www.meblobranie.pl\/porady\/wp-content\/uploads\/2022\/07\/jak-oslonic-balkon-w-bloku-1-300x207.jpg 300w, https:\/\/www.meblobranie.pl\/porady\/wp-content\/uploads\/2022\/07\/jak-oslonic-balkon-w-bloku-1-768x530.jpg 768w\" sizes=\"auto, (max-width: 830px) 100vw, 830px\" \/><\/figure>\n<\/div>\n\n\n<p>Warto, aby\u015b poszed\u0142 o krok dalej i zadba\u0142 r\u00f3wnie\u017c o odpowiednie &#8220;t\u0142o&#8221; dla swoich ro\u015blin. Je\u017celi chcesz uzyska\u0107 sielski klimat, rozwa\u017c zastosowanie sztucznej trawy, desek kompozytowych czy stylowych, drewnianych skrzy\u0144. Pami\u0119taj, \u017ce <strong>kwiaty doniczkowe <\/strong>ustawione na surowym betonie nie zawsze tworz\u0105 przytuln\u0105 ca\u0142o\u015b\u0107.<\/p>\n\n\n<p>[[kategoria:30:6]]<\/p>\n\n\n<div class=\"wp-block-image wp-image-30249 size-full\">\n<figure class=\"aligncenter\"><img loading=\"lazy\" decoding=\"async\" width=\"830\" height=\"467\" src=\"https:\/\/www.meblobranie.pl\/porady\/wp-content\/uploads\/2021\/04\/jaki-lezak-na-balkon.jpeg\" alt=\"Wygodny le\u017cak ogrodowy na balkonie \" class=\"wp-image-30249\" srcset=\"https:\/\/www.meblobranie.pl\/porady\/wp-content\/uploads\/2021\/04\/jaki-lezak-na-balkon.jpeg 830w, https:\/\/www.meblobranie.pl\/porady\/wp-content\/uploads\/2021\/04\/jaki-lezak-na-balkon-300x169.jpeg 300w, https:\/\/www.meblobranie.pl\/porady\/wp-content\/uploads\/2021\/04\/jaki-lezak-na-balkon-768x432.jpeg 768w\" sizes=\"auto, (max-width: 830px) 100vw, 830px\" \/><\/figure>\n<\/div>\n\n\n<p>Postawienie na sztuczn\u0105 traw\u0119 to prosty spos\u00f3b, by Tw\u00f3j ma\u0142y balkon w bloku zacz\u0105\u0142 przypomina\u0107 ogr\u00f3d. Zyskasz dzi\u0119ki temu mi\u0119kkie pod\u0142o\u017ce bez konieczno\u015bci jego podlewania czy \u017cmudnej piel\u0119gnacji. Taka nawierzchnia jest odporna na s\u0142o\u0144ce i deszcz, wi\u0119c pos\u0142u\u017cy Ci przez lata.<\/p>\n\n\n<div class=\"wp-block-image\">\n<figure class=\"aligncenter\"><img loading=\"lazy\" decoding=\"async\" width=\"768\" height=\"732\" src=\"https:\/\/www.meblobranie.pl\/porady\/wp-content\/uploads\/2023\/08\/zastosowanie-materialow-balkon_.png\" alt=\"Materia\u0142y na balkon\" class=\"wp-image-45630\" srcset=\"https:\/\/www.meblobranie.pl\/porady\/wp-content\/uploads\/2023\/08\/zastosowanie-materialow-balkon_.png 768w, https:\/\/www.meblobranie.pl\/porady\/wp-content\/uploads\/2023\/08\/zastosowanie-materialow-balkon_-300x286.png 300w\" sizes=\"auto, (max-width: 768px) 100vw, 768px\" \/><\/figure>\n<\/div>\n\n\n<figure class=\"wp-block-table is-style-regular\" style=\"font-size:18px;font-style:normal;font-weight:400\"><table class=\"has-black-color has-white-background-color has-text-color has-background has-link-color\"><thead><tr><th>Materia\u0142<\/th><th>Zastosowanie u Ciebie<\/th><th>Zalety<\/th><\/tr><\/thead><tbody><tr><td>Deski kompozytowe<\/td><td>Pod\u0142oga<\/td><td>Trwa\u0142o\u015b\u0107 i odporno\u015b\u0107 na deszcz<\/td><\/tr><tr><td>Sztuczna trawa<\/td><td>Nawierzchnia dekoracyjna<\/td><td>Naturalny efekt bez podlewania<\/td><\/tr><tr><td>Dywany zewn\u0119trzne<\/td><td>Ocieplenie przestrzeni<\/td><td>Komfort i \u0142atwe czyszczenie<\/td><\/tr><tr><td>Panele z wikliny<\/td><td>Os\u0142ona balustrady<\/td><td>Prywatno\u015b\u0107 i naturalny wygl\u0105d<\/td><\/tr><\/tbody><\/table><\/figure>\n\n\n\n<p>Przy aran\u017cacji ma\u0142ej przestrzeni pami\u0119taj o kolorystyce. Jasne barwy optycznie powi\u0119ksz\u0105 Tw\u00f3j balkon, co jest kluczowe, gdy chcesz urz\u0105dzi\u0107 go funkcjonalnie. Stylowy design mebli i starannie dobrane dodatki nadadz\u0105 ca\u0142o\u015bci sp\u00f3jny charakter. Mo\u017cesz postawi\u0107 na styl boho lub <a href=\"https:\/\/www.meblobranie.pl\/porady\/balkon-w-stylu-srodziemnomorskim-aranzacja-balkonu\/\">balkon w stylu \u015br\u00f3dziemnomorskim<\/a>, co zapewni Ci poczucie swobody i przytulno\u015bci.<\/p>\n\n\n\n<ul class=\"wp-block-list\">\n<li><strong>lekkie meble z rattanu<\/strong> \u2013 nadadz\u0105 Twojej przestrzeni lekko\u015bci,<\/li>\n\n\n\n<li><strong>girlandy \u015bwietlne i lampiony<\/strong> \u2013 stworz\u0105 romantyczny nastr\u00f3j podczas wieczor\u00f3w,<\/li>\n\n\n\n<li><strong>pelargonie i inne kwiaty<\/strong> \u2013 dodadz\u0105 Twojemu balkonowi kolor\u00f3w i uroku.<\/li>\n<\/ul>\n\n\n<p>[[kategoria:2002:6]]<\/p>\n\n\n\n<p>Wybieraj meble, kt\u00f3re nie zagrac\u0105 Twojej przestrzeni. Warto, aby\u015b si\u0119gn\u0105\u0142 po takie elementy wyposa\u017cenia jak:<\/p>\n\n\n\n<ul class=\"wp-block-list\">\n<li>sk\u0142adane krzes\u0142a i stoliki,<\/li>\n\n\n\n<li>praktyczne kosze na poduszki czy ksi\u0105\u017cki,<\/li>\n\n\n\n<li>parasol chroni\u0105cy Ci\u0119 przed nadmiernym s\u0142o\u0144cem i udarem w upalne dni.<\/li>\n<\/ul>\n\n\n<div class=\"wp-block-image wp-image-30197 size-full\">\n<figure class=\"aligncenter\"><img loading=\"lazy\" decoding=\"async\" width=\"830\" height=\"623\" src=\"https:\/\/www.meblobranie.pl\/porady\/wp-content\/uploads\/2021\/04\/meble-balkonowe-na-dwie-osoby.jpeg\" alt=\"Meble balkonowe dla dw\u00f3ch os\u00f3b\" class=\"wp-image-30197\" srcset=\"https:\/\/www.meblobranie.pl\/porady\/wp-content\/uploads\/2021\/04\/meble-balkonowe-na-dwie-osoby.jpeg 830w, https:\/\/www.meblobranie.pl\/porady\/wp-content\/uploads\/2021\/04\/meble-balkonowe-na-dwie-osoby-300x225.jpeg 300w, https:\/\/www.meblobranie.pl\/porady\/wp-content\/uploads\/2021\/04\/meble-balkonowe-na-dwie-osoby-768x576.jpeg 768w\" sizes=\"auto, (max-width: 830px) 100vw, 830px\" \/><\/figure>\n<\/div>\n\n\n<p>Szukaj\u0105c idealnych rozwi\u0105za\u0144, stawiaj na meble, kt\u00f3re s\u0105 stabilne i odporne na uszkodzenia. Doskonale sprawdz\u0105 si\u0119 u Ciebie elementy wykonane z technorattanu lub aluminium \u2013 s\u0105 trwa\u0142e i wyj\u0105tkowo \u0142atwe w konserwacji. Zazwyczaj wystarczy, \u017ce przetrzesz je wilgotn\u0105 \u015bciereczk\u0105, by zachowa\u0142y nienaganny wygl\u0105d.<\/p>\n\n\n\n<p class=\"worth-know has-text-align-left has-white-color has-text-color has-background has-link-color\" style=\"padding-left:10px;background-color:#3c2034;font-size:18px\"><strong>WARTO WIEDZIE\u0106<\/strong><br><br>Technorattan to materia\u0142, kt\u00f3ry pozwoli Ci cieszy\u0107 si\u0119 meblami przez wiele lat bez konieczno\u015bci ich uci\u0105\u017cliwego odnawiania.<\/p>\n\n\n<div class=\"wp-block-image size-full wp-image-37491\">\n<figure class=\"aligncenter\"><img loading=\"lazy\" decoding=\"async\" width=\"830\" height=\"623\" src=\"https:\/\/www.meblobranie.pl\/porady\/wp-content\/uploads\/2022\/07\/jak-oslonic-balkon-w-bloku-1.jpeg\" alt=\"Drewniana os\u0142ona balkonu\" class=\"wp-image-37491\" srcset=\"https:\/\/www.meblobranie.pl\/porady\/wp-content\/uploads\/2022\/07\/jak-oslonic-balkon-w-bloku-1.jpeg 830w, https:\/\/www.meblobranie.pl\/porady\/wp-content\/uploads\/2022\/07\/jak-oslonic-balkon-w-bloku-1-300x225.jpeg 300w, https:\/\/www.meblobranie.pl\/porady\/wp-content\/uploads\/2022\/07\/jak-oslonic-balkon-w-bloku-1-768x576.jpeg 768w\" sizes=\"auto, (max-width: 830px) 100vw, 830px\" \/><\/figure>\n<\/div>\n\n\n<p><strong>Aran\u017cacja balkonu<\/strong> to tak\u017ce dba\u0142o\u015b\u0107 o Twoj\u0105 prywatno\u015b\u0107. Powiniene\u015b zainwestowa\u0107 w maty os\u0142onowe z wikliny lub technorattanu, kt\u00f3re skutecznie odgradzaj\u0105 Ci\u0119 od s\u0105siad\u00f3w. Dzi\u0119ki nim stworzysz intymn\u0105 atmosfer\u0119, zachowuj\u0105c jednocze\u015bnie estetyczny wygl\u0105d swojej loggii.<\/p>\n\n\n\n<figure class=\"wp-block-pullquote has-medium-font-size\" style=\"border-radius:0px\"><blockquote><p><strong><em>Odpowiednio dobrane os\u0142ony pomog\u0105 Ci stworzy\u0107 przytulny k\u0105t i ochroni\u0105 Ci\u0119 przed wiatrem oraz s\u0142o\u0144cem.<\/em><\/strong><\/p><\/blockquote><\/figure>\n\n\n<div class=\"wp-block-image size-full wp-image-35977\">\n<figure class=\"aligncenter\"><img loading=\"lazy\" decoding=\"async\" width=\"830\" height=\"623\" src=\"https:\/\/www.meblobranie.pl\/porady\/wp-content\/uploads\/2022\/03\/ozdoby-na-balkon.jpeg\" alt=\"Le\u017cak na balkonie z dekoracjami\" class=\"wp-image-35977\" srcset=\"https:\/\/www.meblobranie.pl\/porady\/wp-content\/uploads\/2022\/03\/ozdoby-na-balkon.jpeg 830w, https:\/\/www.meblobranie.pl\/porady\/wp-content\/uploads\/2022\/03\/ozdoby-na-balkon-300x225.jpeg 300w, https:\/\/www.meblobranie.pl\/porady\/wp-content\/uploads\/2022\/03\/ozdoby-na-balkon-768x576.jpeg 768w\" sizes=\"auto, (max-width: 830px) 100vw, 830px\" \/><\/figure>\n<\/div>\n\n\n<p>Nie zapominaj o nastrojowym o\u015bwietleniu. Wybierz lampy solarne, girlandy LED lub lampiony, kt\u00f3re rozja\u015bni\u0105 Twoje wieczory. Dzi\u0119ki energii s\u0142onecznej unikniesz k\u0142opotliwych przewod\u00f3w i obni\u017cysz swoje rachunki za pr\u0105d. To prosta wskaz\u00f3wka, kt\u00f3ra ca\u0142kowicie odmieni charakter Twojego balkonu po zmroku.<\/p>\n\n\n<p>[[kategoria:2055:6]]<\/p>\n\n\n\n<figure class=\"wp-block-table is-style-regular\"><table class=\"has-white-background-color has-background has-fixed-layout\"><thead><tr><th>Typ mebla<\/th><th>Cechy dla Ciebie<\/th><th>Twoja korzy\u015b\u0107<\/th><\/tr><\/thead><tbody><tr><td>Drewno, metal, rattan<\/td><td>Estetyka i styl<\/td><td>Przytulny charakter<\/td><\/tr><tr><td>Meble sk\u0142adane<\/td><td>Ergonomia<\/td><td>Oszcz\u0119dno\u015b\u0107 miejsca na ma\u0142ym balkonie<\/td><\/tr><tr><td>Technorattan<\/td><td>Trwa\u0142o\u015b\u0107<\/td><td>\u0141atwe czyszczenie i spok\u00f3j na lata<\/td><\/tr><tr><td>Wisz\u0105ce fotele<\/td><td>Relaks<\/td><td>Twoja prywatna strefa komfortu<\/td><\/tr><\/tbody><\/table><\/figure>\n\n\n\n<p>Przy urz\u0105dzaniu <strong>ma\u0142ego balkonu w bloku<\/strong> kieruj si\u0119 zasad\u0105: praktyczno\u015b\u0107 ponad wszystko. Ka\u017cdy centymetr ma znaczenie, dlatego postaw na meble sk\u0142adane. Je\u015bli Tw\u00f3j balkon jest w\u0105ski, wybieraj prostok\u0105tne stoliki, kt\u00f3re przylegaj\u0105 do balustrady, oszcz\u0119dzaj\u0105c przej\u015bcie.<\/p>\n\n\n<div class=\"wp-block-image wp-image-36862\">\n<figure class=\"aligncenter\"><img loading=\"lazy\" decoding=\"async\" width=\"900\" height=\"1200\" src=\"https:\/\/www.meblobranie.pl\/porady\/wp-content\/uploads\/2021\/04\/aranzacja-rosario-balcony-set-grafitowy-zestaw-balkonowy.jpeg\" alt=\"Aran\u017cacja w\u0105skiego balkonu\" class=\"wp-image-36862\" srcset=\"https:\/\/www.meblobranie.pl\/porady\/wp-content\/uploads\/2021\/04\/aranzacja-rosario-balcony-set-grafitowy-zestaw-balkonowy.jpeg 900w, https:\/\/www.meblobranie.pl\/porady\/wp-content\/uploads\/2021\/04\/aranzacja-rosario-balcony-set-grafitowy-zestaw-balkonowy-225x300.jpeg 225w, https:\/\/www.meblobranie.pl\/porady\/wp-content\/uploads\/2021\/04\/aranzacja-rosario-balcony-set-grafitowy-zestaw-balkonowy-768x1024.jpeg 768w\" sizes=\"auto, (max-width: 900px) 100vw, 900px\" \/><\/figure>\n<\/div>\n\n\n<p>Zadbaj o detale, kt\u00f3re pobudz\u0105 Twoje zmys\u0142y \u2013 aromatyczne zio\u0142a, delikatne dzwonki wietrzne czy mi\u0119kkie tekstylia sprawi\u0105, \u017ce poczujesz si\u0119 tam jak na wakacjach. Mo\u017cesz wykorzysta\u0107 doniczki z lawend\u0105 lub bazyli\u0105, kt\u00f3re nie tylko pi\u0119knie pachn\u0105, ale te\u017c odstraszaj\u0105 owady.<\/p>\n\n\n\n<p><strong>Nie musisz by\u0107 projektantem, aby samodzielnie urz\u0105dzi\u0107 sw\u00f3j balkon.<\/strong> Prace te zazwyczaj nie wymagaj\u0105 remontu, a ich efektem b\u0119dziesz m\u00f3g\u0142 cieszy\u0107 si\u0119 ka\u017cdego dnia. Wystarczy, \u017ce dobierzesz odpowiednie ro\u015bliny i wygodne siedziska, a Tw\u00f3j balkon stanie si\u0119 Twoim ulubionym miejscem w domu.<\/p>\n","protected":false},"excerpt":{"rendered":"<p>Balkon to wyj\u0105tkowe miejsce w Twoim mieszkaniu. Nie b\u0119dzie przesad\u0105 stwierdzenie, \u017ce stanowi on dla Ciebie swego rodzaju pomost pomi\u0119dzy wn\u0119trzem w bloku a swobod\u0105 domu jednorodzinnego. W zwi\u0105zku z tym pewnie cz\u0119sto zastanawiasz si\u0119, jak urz\u0105dzi\u0107 balkon w bloku, aby w pe\u0142ni wykorzysta\u0107 jego potencja\u0142. Takie pytanie jest bardzo zasadne, poniewa\u017c ta przestrze\u0144 powinna [&hellip;]<\/p>\n","protected":false},"author":20,"featured_media":36863,"comment_status":"open","ping_status":"closed","sticky":false,"template":"","format":"standard","meta":{"_acf_changed":false,"ngg_post_thumbnail":0,"footnotes":""},"categories":[905,6],"tags":[],"class_list":{"0":"post-41471","1":"post","2":"type-post","3":"status-publish","4":"format-standard","5":"has-post-thumbnail","7":"category-ogrod","8":"category-poradnik"},"acf":[],"yoast_head":"<!-- This site is optimized with the Yoast SEO plugin v27.4 - https:\/\/yoast.com\/product\/yoast-seo-wordpress\/ -->\n<title>Jak urz\u0105dzi\u0107 balkon w bloku - inspiracje - Porady Meblobranie.pl<\/title>\n<meta name=\"description\" content=\"Jak urz\u0105dzi\u0107 balkon w bloku? Takie pytanie wydaje si\u0119 zasadne, poniewa\u017c balkon powinien by\u0107 czym\u015b zdecydowanie wi\u0119cej ni\u017c tylko pust\u0105, niezagospodarowan\u0105 przestrzeni\u0105.\" \/>\n<meta name=\"robots\" content=\"index, follow, max-snippet:-1, max-image-preview:large, max-video-preview:-1\" \/>\n<link rel=\"canonical\" href=\"https:\/\/www.meblobranie.pl\/porady\/jak-urzadzic-balkon-pomysly-i-inspiracje\/\" \/>\n<meta name=\"twitter:label1\" content=\"Napisane przez\" \/>\n\t<meta name=\"twitter:data1\" content=\"Dawid z Meblobranie.pl\" \/>\n\t<meta name=\"twitter:label2\" content=\"Szacowany czas czytania\" \/>\n\t<meta name=\"twitter:data2\" content=\"8 minut\" \/>\n<script type=\"application\/ld+json\" class=\"yoast-schema-graph\">{\"@context\":\"https:\\\/\\\/schema.org\",\"@graph\":[{\"@type\":\"Article\",\"@id\":\"https:\\\/\\\/www.meblobranie.pl\\\/porady\\\/jak-urzadzic-balkon-pomysly-i-inspiracje\\\/#article\",\"isPartOf\":{\"@id\":\"https:\\\/\\\/www.meblobranie.pl\\\/porady\\\/jak-urzadzic-balkon-pomysly-i-inspiracje\\\/\"},\"author\":{\"name\":\"Dawid z Meblobranie.pl\",\"@id\":\"https:\\\/\\\/www.meblobranie.pl\\\/porady\\\/#\\\/schema\\\/person\\\/0c44214399e1752805db67863333461b\"},\"headline\":\"Jak urz\u0105dzi\u0107 balkon w bloku &#8211; inspiracje\",\"datePublished\":\"2025-08-18T10:50:24+00:00\",\"dateModified\":\"2026-03-29T18:23:12+00:00\",\"mainEntityOfPage\":{\"@id\":\"https:\\\/\\\/www.meblobranie.pl\\\/porady\\\/jak-urzadzic-balkon-pomysly-i-inspiracje\\\/\"},\"wordCount\":1235,\"commentCount\":0,\"image\":{\"@id\":\"https:\\\/\\\/www.meblobranie.pl\\\/porady\\\/jak-urzadzic-balkon-pomysly-i-inspiracje\\\/#primaryimage\"},\"thumbnailUrl\":\"https:\\\/\\\/www.meblobranie.pl\\\/porady\\\/wp-content\\\/uploads\\\/2021\\\/04\\\/balkon-w-bloku-5m2-aranzacja-1.jpeg\",\"articleSection\":[\"Ogr\u00f3d\",\"Poradnik\"],\"inLanguage\":\"pl-PL\",\"potentialAction\":[{\"@type\":\"CommentAction\",\"name\":\"Comment\",\"target\":[\"https:\\\/\\\/www.meblobranie.pl\\\/porady\\\/jak-urzadzic-balkon-pomysly-i-inspiracje\\\/#respond\"]}]},{\"@type\":\"WebPage\",\"@id\":\"https:\\\/\\\/www.meblobranie.pl\\\/porady\\\/jak-urzadzic-balkon-pomysly-i-inspiracje\\\/\",\"url\":\"https:\\\/\\\/www.meblobranie.pl\\\/porady\\\/jak-urzadzic-balkon-pomysly-i-inspiracje\\\/\",\"name\":\"Jak urz\u0105dzi\u0107 balkon w bloku - inspiracje - Porady Meblobranie.pl\",\"isPartOf\":{\"@id\":\"https:\\\/\\\/www.meblobranie.pl\\\/porady\\\/#website\"},\"primaryImageOfPage\":{\"@id\":\"https:\\\/\\\/www.meblobranie.pl\\\/porady\\\/jak-urzadzic-balkon-pomysly-i-inspiracje\\\/#primaryimage\"},\"image\":{\"@id\":\"https:\\\/\\\/www.meblobranie.pl\\\/porady\\\/jak-urzadzic-balkon-pomysly-i-inspiracje\\\/#primaryimage\"},\"thumbnailUrl\":\"https:\\\/\\\/www.meblobranie.pl\\\/porady\\\/wp-content\\\/uploads\\\/2021\\\/04\\\/balkon-w-bloku-5m2-aranzacja-1.jpeg\",\"datePublished\":\"2025-08-18T10:50:24+00:00\",\"dateModified\":\"2026-03-29T18:23:12+00:00\",\"author\":{\"@id\":\"https:\\\/\\\/www.meblobranie.pl\\\/porady\\\/#\\\/schema\\\/person\\\/0c44214399e1752805db67863333461b\"},\"description\":\"Jak urz\u0105dzi\u0107 balkon w bloku? Takie pytanie wydaje si\u0119 zasadne, poniewa\u017c balkon powinien by\u0107 czym\u015b zdecydowanie wi\u0119cej ni\u017c tylko pust\u0105, niezagospodarowan\u0105 przestrzeni\u0105.\",\"breadcrumb\":{\"@id\":\"https:\\\/\\\/www.meblobranie.pl\\\/porady\\\/jak-urzadzic-balkon-pomysly-i-inspiracje\\\/#breadcrumb\"},\"inLanguage\":\"pl-PL\",\"potentialAction\":[{\"@type\":\"ReadAction\",\"target\":[\"https:\\\/\\\/www.meblobranie.pl\\\/porady\\\/jak-urzadzic-balkon-pomysly-i-inspiracje\\\/\"]}]},{\"@type\":\"ImageObject\",\"inLanguage\":\"pl-PL\",\"@id\":\"https:\\\/\\\/www.meblobranie.pl\\\/porady\\\/jak-urzadzic-balkon-pomysly-i-inspiracje\\\/#primaryimage\",\"url\":\"https:\\\/\\\/www.meblobranie.pl\\\/porady\\\/wp-content\\\/uploads\\\/2021\\\/04\\\/balkon-w-bloku-5m2-aranzacja-1.jpeg\",\"contentUrl\":\"https:\\\/\\\/www.meblobranie.pl\\\/porady\\\/wp-content\\\/uploads\\\/2021\\\/04\\\/balkon-w-bloku-5m2-aranzacja-1.jpeg\",\"width\":1600,\"height\":900},{\"@type\":\"BreadcrumbList\",\"@id\":\"https:\\\/\\\/www.meblobranie.pl\\\/porady\\\/jak-urzadzic-balkon-pomysly-i-inspiracje\\\/#breadcrumb\",\"itemListElement\":[{\"@type\":\"ListItem\",\"position\":1,\"name\":\"Home\",\"item\":\"https:\\\/\\\/www.meblobranie.pl\\\/porady\\\/\"},{\"@type\":\"ListItem\",\"position\":2,\"name\":\"Jak urz\u0105dzi\u0107 balkon w bloku &#8211; inspiracje\"}]},{\"@type\":\"WebSite\",\"@id\":\"https:\\\/\\\/www.meblobranie.pl\\\/porady\\\/#website\",\"url\":\"https:\\\/\\\/www.meblobranie.pl\\\/porady\\\/\",\"name\":\"Porady Meblobranie.pl\",\"description\":\"Blog o tarasach i ogrodach\",\"potentialAction\":[{\"@type\":\"SearchAction\",\"target\":{\"@type\":\"EntryPoint\",\"urlTemplate\":\"https:\\\/\\\/www.meblobranie.pl\\\/porady\\\/?s={search_term_string}\"},\"query-input\":{\"@type\":\"PropertyValueSpecification\",\"valueRequired\":true,\"valueName\":\"search_term_string\"}}],\"inLanguage\":\"pl-PL\"},{\"@type\":\"Person\",\"@id\":\"https:\\\/\\\/www.meblobranie.pl\\\/porady\\\/#\\\/schema\\\/person\\\/0c44214399e1752805db67863333461b\",\"name\":\"Dawid z Meblobranie.pl\",\"image\":{\"@type\":\"ImageObject\",\"inLanguage\":\"pl-PL\",\"@id\":\"https:\\\/\\\/secure.gravatar.com\\\/avatar\\\/9ede1c3924e3173d8f3ad05211531161353d772865bc4dacba314dbcd46c0fef?s=96&d=mm&r=g\",\"url\":\"https:\\\/\\\/secure.gravatar.com\\\/avatar\\\/9ede1c3924e3173d8f3ad05211531161353d772865bc4dacba314dbcd46c0fef?s=96&d=mm&r=g\",\"contentUrl\":\"https:\\\/\\\/secure.gravatar.com\\\/avatar\\\/9ede1c3924e3173d8f3ad05211531161353d772865bc4dacba314dbcd46c0fef?s=96&d=mm&r=g\",\"caption\":\"Dawid z Meblobranie.pl\"},\"description\":\"Lorem Ipsum is simply dummy text of the printing and typesetting industry. Lorem Ipsum has been the industry's standard dummy text ever since the 1500s, when an unknown printer took a galley of type and scrambled it to make a type specimen book.\"}]}<\/script>\n<!-- \/ Yoast SEO plugin. -->","yoast_head_json":{"title":"Jak urz\u0105dzi\u0107 balkon w bloku - inspiracje - Porady Meblobranie.pl","description":"Jak urz\u0105dzi\u0107 balkon w bloku? Takie pytanie wydaje si\u0119 zasadne, poniewa\u017c balkon powinien by\u0107 czym\u015b zdecydowanie wi\u0119cej ni\u017c tylko pust\u0105, niezagospodarowan\u0105 przestrzeni\u0105.","robots":{"index":"index","follow":"follow","max-snippet":"max-snippet:-1","max-image-preview":"max-image-preview:large","max-video-preview":"max-video-preview:-1"},"canonical":"https:\/\/www.meblobranie.pl\/porady\/jak-urzadzic-balkon-pomysly-i-inspiracje\/","twitter_misc":{"Napisane przez":"Dawid z Meblobranie.pl","Szacowany czas czytania":"8 minut"},"schema":{"@context":"https:\/\/schema.org","@graph":[{"@type":"Article","@id":"https:\/\/www.meblobranie.pl\/porady\/jak-urzadzic-balkon-pomysly-i-inspiracje\/#article","isPartOf":{"@id":"https:\/\/www.meblobranie.pl\/porady\/jak-urzadzic-balkon-pomysly-i-inspiracje\/"},"author":{"name":"Dawid z Meblobranie.pl","@id":"https:\/\/www.meblobranie.pl\/porady\/#\/schema\/person\/0c44214399e1752805db67863333461b"},"headline":"Jak urz\u0105dzi\u0107 balkon w bloku &#8211; inspiracje","datePublished":"2025-08-18T10:50:24+00:00","dateModified":"2026-03-29T18:23:12+00:00","mainEntityOfPage":{"@id":"https:\/\/www.meblobranie.pl\/porady\/jak-urzadzic-balkon-pomysly-i-inspiracje\/"},"wordCount":1235,"commentCount":0,"image":{"@id":"https:\/\/www.meblobranie.pl\/porady\/jak-urzadzic-balkon-pomysly-i-inspiracje\/#primaryimage"},"thumbnailUrl":"https:\/\/www.meblobranie.pl\/porady\/wp-content\/uploads\/2021\/04\/balkon-w-bloku-5m2-aranzacja-1.jpeg","articleSection":["Ogr\u00f3d","Poradnik"],"inLanguage":"pl-PL","potentialAction":[{"@type":"CommentAction","name":"Comment","target":["https:\/\/www.meblobranie.pl\/porady\/jak-urzadzic-balkon-pomysly-i-inspiracje\/#respond"]}]},{"@type":"WebPage","@id":"https:\/\/www.meblobranie.pl\/porady\/jak-urzadzic-balkon-pomysly-i-inspiracje\/","url":"https:\/\/www.meblobranie.pl\/porady\/jak-urzadzic-balkon-pomysly-i-inspiracje\/","name":"Jak urz\u0105dzi\u0107 balkon w bloku - inspiracje - Porady Meblobranie.pl","isPartOf":{"@id":"https:\/\/www.meblobranie.pl\/porady\/#website"},"primaryImageOfPage":{"@id":"https:\/\/www.meblobranie.pl\/porady\/jak-urzadzic-balkon-pomysly-i-inspiracje\/#primaryimage"},"image":{"@id":"https:\/\/www.meblobranie.pl\/porady\/jak-urzadzic-balkon-pomysly-i-inspiracje\/#primaryimage"},"thumbnailUrl":"https:\/\/www.meblobranie.pl\/porady\/wp-content\/uploads\/2021\/04\/balkon-w-bloku-5m2-aranzacja-1.jpeg","datePublished":"2025-08-18T10:50:24+00:00","dateModified":"2026-03-29T18:23:12+00:00","author":{"@id":"https:\/\/www.meblobranie.pl\/porady\/#\/schema\/person\/0c44214399e1752805db67863333461b"},"description":"Jak urz\u0105dzi\u0107 balkon w bloku? Takie pytanie wydaje si\u0119 zasadne, poniewa\u017c balkon powinien by\u0107 czym\u015b zdecydowanie wi\u0119cej ni\u017c tylko pust\u0105, niezagospodarowan\u0105 przestrzeni\u0105.","breadcrumb":{"@id":"https:\/\/www.meblobranie.pl\/porady\/jak-urzadzic-balkon-pomysly-i-inspiracje\/#breadcrumb"},"inLanguage":"pl-PL","potentialAction":[{"@type":"ReadAction","target":["https:\/\/www.meblobranie.pl\/porady\/jak-urzadzic-balkon-pomysly-i-inspiracje\/"]}]},{"@type":"ImageObject","inLanguage":"pl-PL","@id":"https:\/\/www.meblobranie.pl\/porady\/jak-urzadzic-balkon-pomysly-i-inspiracje\/#primaryimage","url":"https:\/\/www.meblobranie.pl\/porady\/wp-content\/uploads\/2021\/04\/balkon-w-bloku-5m2-aranzacja-1.jpeg","contentUrl":"https:\/\/www.meblobranie.pl\/porady\/wp-content\/uploads\/2021\/04\/balkon-w-bloku-5m2-aranzacja-1.jpeg","width":1600,"height":900},{"@type":"BreadcrumbList","@id":"https:\/\/www.meblobranie.pl\/porady\/jak-urzadzic-balkon-pomysly-i-inspiracje\/#breadcrumb","itemListElement":[{"@type":"ListItem","position":1,"name":"Home","item":"https:\/\/www.meblobranie.pl\/porady\/"},{"@type":"ListItem","position":2,"name":"Jak urz\u0105dzi\u0107 balkon w bloku &#8211; inspiracje"}]},{"@type":"WebSite","@id":"https:\/\/www.meblobranie.pl\/porady\/#website","url":"https:\/\/www.meblobranie.pl\/porady\/","name":"Porady Meblobranie.pl","description":"Blog o tarasach i ogrodach","potentialAction":[{"@type":"SearchAction","target":{"@type":"EntryPoint","urlTemplate":"https:\/\/www.meblobranie.pl\/porady\/?s={search_term_string}"},"query-input":{"@type":"PropertyValueSpecification","valueRequired":true,"valueName":"search_term_string"}}],"inLanguage":"pl-PL"},{"@type":"Person","@id":"https:\/\/www.meblobranie.pl\/porady\/#\/schema\/person\/0c44214399e1752805db67863333461b","name":"Dawid z Meblobranie.pl","image":{"@type":"ImageObject","inLanguage":"pl-PL","@id":"https:\/\/secure.gravatar.com\/avatar\/9ede1c3924e3173d8f3ad05211531161353d772865bc4dacba314dbcd46c0fef?s=96&d=mm&r=g","url":"https:\/\/secure.gravatar.com\/avatar\/9ede1c3924e3173d8f3ad05211531161353d772865bc4dacba314dbcd46c0fef?s=96&d=mm&r=g","contentUrl":"https:\/\/secure.gravatar.com\/avatar\/9ede1c3924e3173d8f3ad05211531161353d772865bc4dacba314dbcd46c0fef?s=96&d=mm&r=g","caption":"Dawid z Meblobranie.pl"},"description":"Lorem Ipsum is simply dummy text of the printing and typesetting industry. Lorem Ipsum has been the industry's standard dummy text ever since the 1500s, when an unknown printer took a galley of type and scrambled it to make a type specimen book."}]}},"_links":{"self":[{"href":"https:\/\/www.meblobranie.pl\/porady\/wp-json\/wp\/v2\/posts\/41471","targetHints":{"allow":["GET"]}}],"collection":[{"href":"https:\/\/www.meblobranie.pl\/porady\/wp-json\/wp\/v2\/posts"}],"about":[{"href":"https:\/\/www.meblobranie.pl\/porady\/wp-json\/wp\/v2\/types\/post"}],"author":[{"embeddable":true,"href":"https:\/\/www.meblobranie.pl\/porady\/wp-json\/wp\/v2\/users\/20"}],"replies":[{"embeddable":true,"href":"https:\/\/www.meblobranie.pl\/porady\/wp-json\/wp\/v2\/comments?post=41471"}],"version-history":[{"count":28,"href":"https:\/\/www.meblobranie.pl\/porady\/wp-json\/wp\/v2\/posts\/41471\/revisions"}],"predecessor-version":[{"id":47050,"href":"https:\/\/www.meblobranie.pl\/porady\/wp-json\/wp\/v2\/posts\/41471\/revisions\/47050"}],"wp:featuredmedia":[{"embeddable":true,"href":"https:\/\/www.meblobranie.pl\/porady\/wp-json\/wp\/v2\/media\/36863"}],"wp:attachment":[{"href":"https:\/\/www.meblobranie.pl\/porady\/wp-json\/wp\/v2\/media?parent=41471"}],"wp:term":[{"taxonomy":"category","embeddable":true,"href":"https:\/\/www.meblobranie.pl\/porady\/wp-json\/wp\/v2\/categories?post=41471"},{"taxonomy":"post_tag","embeddable":true,"href":"https:\/\/www.meblobranie.pl\/porady\/wp-json\/wp\/v2\/tags?post=41471"}],"curies":[{"name":"wp","href":"https:\/\/api.w.org\/{rel}","templated":true}]}}