{"id":42452,"date":"2025-10-26T15:29:50","date_gmt":"2025-10-26T14:29:50","guid":{"rendered":"https:\/\/www.meblobranie.pl\/porady\/?p=42452"},"modified":"2026-03-30T23:39:52","modified_gmt":"2026-03-30T21:39:52","slug":"jak-zamaskowac-blaszany-garaz-pomysly","status":"publish","type":"post","link":"https:\/\/www.meblobranie.pl\/porady\/jak-zamaskowac-blaszany-garaz-pomysly\/","title":{"rendered":"Jak zamaskowa\u0107 blaszany gara\u017c? Pomys\u0142y"},"content":{"rendered":"\n<p>Je\u015bli posiadasz blaszany gara\u017c, prawdopodobnie czasem przeszkadza Ci jego surowy, fabryczny wygl\u0105d. Na szcz\u0119\u015bcie masz do dyspozycji sprawdzone sposoby, by temu zaradzi\u0107. Przedstawiamy praktyczne pomys\u0142y na to, jak mo\u017cesz zamaskowa\u0107 blaszany gara\u017c lub skutecznie odwr\u00f3ci\u0107 uwag\u0119 od jego nieciekawej bry\u0142y, zmieniaj\u0105c go w estetyczny element Twojego otoczenia.<\/p>\n\n\n\n<figure class=\"wp-block-image\"><img loading=\"lazy\" decoding=\"async\" width=\"830\" height=\"623\" src=\"https:\/\/www.meblobranie.pl\/porady\/wp-content\/uploads\/2023\/11\/jak-ocieplic-garaz-blaszany-2.jpeg\" alt=\"Gara\u017c z drewutni\u0105\" class=\"wp-image-42450\" srcset=\"https:\/\/www.meblobranie.pl\/porady\/wp-content\/uploads\/2023\/11\/jak-ocieplic-garaz-blaszany-2.jpeg 830w, https:\/\/www.meblobranie.pl\/porady\/wp-content\/uploads\/2023\/11\/jak-ocieplic-garaz-blaszany-2-300x225.jpeg 300w, https:\/\/www.meblobranie.pl\/porady\/wp-content\/uploads\/2023\/11\/jak-ocieplic-garaz-blaszany-2-768x576.jpeg 768w\" sizes=\"auto, (max-width: 830px) 100vw, 830px\" \/><\/figure>\n\n\n\n<p><\/p>\n\n\n\n<!--more-->\n\n\n\n\n\n\n<h2 class=\"wp-block-heading\">Czym ob\u0142o\u017cy\u0107 gara\u017c blaszany?<\/h2>\n\n\n\n<p>Gara\u017c blaszany to solidna konstrukcja, ale aby by\u0142 dla Ciebie w pe\u0142ni funkcjonalny, warto go odpowiednio dostosowa\u0107. Zanim jednak przejdziesz do maskowania, musisz zadba\u0107 o podstawy. Kluczowe jest, aby\u015b wiedzia\u0142, <a href=\"https:\/\/www.meblobranie.pl\/porady\/jak-zakotwiczyc-garaz-blaszany\/\">jak zakotwiczy\u0107 gara\u017c blaszany<\/a>, co zagwarantuje mu stabilno\u015b\u0107. Powiniene\u015b te\u017c sprawdzi\u0107 kwestie formalne, czyli <a href=\"https:\/\/www.meblobranie.pl\/porady\/czy-garaz-blaszany-trzeba-zglaszac\/\">czy tw\u00f3j gara\u017c blaszany trzeba zg\u0142osi\u0107<\/a>, aby\u015b unikn\u0105\u0142 problem\u00f3w prawnych w przysz\u0142o\u015bci. Gdy te sprawy masz ju\u017c za\u0142atwione, mo\u017cesz pomy\u015ble\u0107 o ociepleniu, kt\u00f3re zwi\u0119kszy Tw\u00f3j komfort pracy, oraz o malowaniu, kt\u00f3re zabezpieczy Twoj\u0105 blach\u0119 przed korozj\u0105.<\/p>\n\n\n\n<p>Dodatkowe zadaszenie lub przed\u0142u\u017cony daszek ochroni Twoje auto przed deszczem i \u015bniegiem, umo\u017cliwiaj\u0105c Ci wygodne korzystanie z przestrzeni przy narz\u0119dziach czy rega\u0142ach. Dzi\u0119ki tym zabiegom Tw\u00f3j gara\u017c stanie si\u0119 bezpiecznym i praktycznym miejscem do przechowywania pojazd\u00f3w oraz akcesori\u00f3w.<\/p>\n\n\n<div class=\"wp-block-image size-full\">\n<figure class=\"aligncenter\"><img loading=\"lazy\" decoding=\"async\" width=\"500\" height=\"375\" src=\"https:\/\/www.meblobranie.pl\/porady\/wp-content\/uploads\/2017\/07\/malowanie-domku-keter-oakland-4.jpg\" alt=\"Malowanie gara\u017cu dla jego ukrycia \" class=\"wp-image-13668\" srcset=\"https:\/\/www.meblobranie.pl\/porady\/wp-content\/uploads\/2017\/07\/malowanie-domku-keter-oakland-4.jpg 500w, https:\/\/www.meblobranie.pl\/porady\/wp-content\/uploads\/2017\/07\/malowanie-domku-keter-oakland-4-300x225.jpg 300w\" sizes=\"auto, (max-width: 500px) 100vw, 500px\" \/><\/figure>\n<\/div>\n\n\n<h3 class=\"wp-block-heading\">Blaszane \u015bciany gara\u017cu jako imitacja innych materia\u0142\u00f3w<\/h3>\n\n\n\n<p>Twoja blacha wcale nie musi wygl\u0105da\u0107 jak metal. <strong>Mo\u017cesz zdecydowa\u0107 si\u0119 na gara\u017c imituj\u0105cy wygl\u0105d naturalnego drewna<\/strong>, dzi\u0119ki czemu budynek b\u0119dzie si\u0119 \u015bwietnie komponowa\u0142 np. z drewnian\u0105 architektur\u0105 w Twoim ogrodzie. Aby poprawi\u0107 wygl\u0105d, mo\u017cesz te\u017c <strong>pokry\u0107 blach\u0119 bardziej estetycznymi materia\u0142ami<\/strong>, takimi jak zaimpregnowane przez Ciebie drewno, p\u0142yty drewnopodobne, a nawet cienkie ok\u0142adziny z kamienia.<\/p>\n\n\n\n<h3 class=\"wp-block-heading\">Malowanie gara\u017cy blaszanych<\/h3>\n\n\n\n<p>Je\u015bli nie podoba Ci si\u0119 naturalny kolor blachy, mo\u017cesz j\u0105 pomalowa\u0107 na dowolny odcie\u0144. U\u017cyj do tego specjalnej farby \u2013 akrylowej albo poliwinylowej o doskona\u0142ej przyczepno\u015bci. <strong>Tw\u00f3j gara\u017c blaszany w odpowiednim kolorze lepiej wtopi si\u0119 w t\u0142o i b\u0119dzie pasowa\u0142 do elewacji Twojego domu oraz pozosta\u0142ych element\u00f3w ogrodu.<\/strong><\/p>\n\n\n\n<h3 class=\"wp-block-heading\">Estetyczne ocieplanie gara\u017cu<\/h3>\n\n\n\n<p>Zastanawiaj\u0105c si\u0119, <a href=\"https:\/\/www.meblobranie.pl\/porady\/jak-ocieplic-garaz-blaszany\/\">jak ociepli\u0107 gara\u017c blaszany<\/a>, najcz\u0119\u015bciej my\u015blisz o styropianie. Pami\u0119taj, \u017ce ob\u0142o\u017cony nim obiekt nabierze profesjonalnego wygl\u0105du dopiero wtedy, gdy pokryjesz go dodatkowo siatk\u0105 zbrojeniow\u0105 i tynkiem strukturalnym. Dzi\u0119ki temu zyskasz elewacj\u0119, kt\u00f3ra upodobni Tw\u00f3j gara\u017c do budynku murowanego.<\/p>\n\n\n<p>[[kategoria:1848:6]]<\/p>\n\n\n\n<h3 class=\"wp-block-heading\">Sadzenie ro\u015blin, by zamaskowa\u0107 blaszany gara\u017c<\/h3>\n\n\n\n<p>Ziele\u0144 b\u0119dzie dla Ciebie szczeg\u00f3lnie przydatna, gdy szukasz naturalnych sposob\u00f3w na ukrycie bry\u0142y budynku. <strong>Najlepiej wykorzystaj w tym celu pn\u0105cza<\/strong> \u2013 po \u015bcianach Twojego gara\u017cu mo\u017ce pi\u0105\u0107 si\u0119 np.:<\/p>\n\n\n\n<ul class=\"wp-block-list\">\n<li>dzikie wino (winobluszcz),<\/li>\n\n\n\n<li>r\u00f3\u017ca pn\u0105ca,<\/li>\n\n\n\n<li>bluszcz pospolity,<\/li>\n\n\n\n<li>powojnik,<\/li>\n\n\n\n<li>glicynia.<\/li>\n<\/ul>\n\n\n\n<p>Ozdobne krzewy i drzewka r\u00f3wnie\u017c sprawi\u0105, \u017ce blaszak stanie si\u0119 znacznie mniej widoczny. Mo\u017cesz zastosowa\u0107 r\u00f3\u017cne iglaki, np. tuje czy ja\u0142owce, kt\u00f3re pozostan\u0105 zielone przez ca\u0142y rok. Je\u015bli zale\u017cy Ci na szczelnej os\u0142onie, <strong>zdecyduj si\u0119 na g\u0119sty \u017cywop\u0142ot <\/strong>wzd\u0142u\u017c \u015bcian gara\u017cu.<\/p>\n\n\n<div class=\"wp-block-image wp-image-37482 size-full\">\n<figure class=\"aligncenter\"><img loading=\"lazy\" decoding=\"async\" width=\"830\" height=\"553\" src=\"https:\/\/www.meblobranie.pl\/porady\/wp-content\/uploads\/2022\/07\/tuja-szmaragd.jpg\" alt=\"Tuje wok\u00f3\u0142 gara\u017cu\" class=\"wp-image-37482\" srcset=\"https:\/\/www.meblobranie.pl\/porady\/wp-content\/uploads\/2022\/07\/tuja-szmaragd.jpg 830w, https:\/\/www.meblobranie.pl\/porady\/wp-content\/uploads\/2022\/07\/tuja-szmaragd-300x200.jpg 300w, https:\/\/www.meblobranie.pl\/porady\/wp-content\/uploads\/2022\/07\/tuja-szmaragd-768x512.jpg 768w\" sizes=\"auto, (max-width: 830px) 100vw, 830px\" \/><\/figure>\n<\/div>\n\n\n<p class=\"worth-know\"><strong>Warto wiedzie\u0107<\/strong><br><br><strong>Wybieraj\u0105c farb\u0119 do metalu, szukaj produkt\u00f3w z filtrem UV \u2013 dzi\u0119ki temu Tw\u00f3j wybrany kolor nie wyblaknie pod wp\u0142ywem s\u0142o\u0144ca przez wiele lat.<\/strong><\/p>\n\n\n\n<h3 class=\"wp-block-heading\">Zadaszenie przy blaszanym gara\u017cu<\/h3>\n\n\n\n<p>Zamiast prostej bry\u0142y, Tw\u00f3j blaszak mo\u017ce zyska\u0107 ciekawsz\u0105 form\u0119, je\u015bli <strong>wzbogacisz go o dodatkowe zadaszenie z boku lub z ty\u0142u, tworz\u0105ce rodzaj wiaty<\/strong>. Mo\u017cesz j\u0105 wykorzysta\u0107 jako miejsce na drewno, altan\u0119 lub dodatkowe stanowisko postojowe. To \u015bwietny spos\u00f3b, aby\u015b poprawi\u0142 estetyk\u0119 konstrukcji i zyska\u0142 nowe zalety funkcjonalne na swojej dzia\u0142ce.<\/p>\n\n\n<div class=\"wp-block-image size-full wp-image-38548\">\n<figure class=\"aligncenter\"><img loading=\"lazy\" decoding=\"async\" width=\"830\" height=\"554\" src=\"https:\/\/www.meblobranie.pl\/porady\/wp-content\/uploads\/2022\/11\/nowoczesna-wiata-garazowa.jpg\" alt=\"Nowoczesna wiata gara\u017cowa\" class=\"wp-image-38548\" srcset=\"https:\/\/www.meblobranie.pl\/porady\/wp-content\/uploads\/2022\/11\/nowoczesna-wiata-garazowa.jpg 830w, https:\/\/www.meblobranie.pl\/porady\/wp-content\/uploads\/2022\/11\/nowoczesna-wiata-garazowa-300x200.jpg 300w, https:\/\/www.meblobranie.pl\/porady\/wp-content\/uploads\/2022\/11\/nowoczesna-wiata-garazowa-768x513.jpg 768w\" sizes=\"auto, (max-width: 830px) 100vw, 830px\" \/><\/figure>\n<\/div>\n\n\n<h3 class=\"wp-block-heading\">Ogr\u00f3d na dachu gara\u017cu<\/h3>\n\n\n\n<p>To Tw\u00f3j kolejny pomys\u0142, kt\u00f3ry skutecznie odwr\u00f3ci uwag\u0119 od samej blaszanej bry\u0142y. Najprostsz\u0105 metod\u0105 na urz\u0105dzenie ogrodu na dachu jest <strong>rozstawienie na nim lekkich donic z kwitn\u0105cymi kwiatami oraz ro\u015blinami o ozdobnych li\u015bciach<\/strong>. Szczeg\u00f3lnie polecamy Ci malownicze pn\u0105cza, kt\u00f3re spuszczaj\u0105c si\u0119 po \u015bcianach gara\u017cu, stworz\u0105 efekt &#8220;zielonego wodospadu&#8221;.<\/p>\n\n\n\n<h2 class=\"wp-block-heading\">Jak ukry\u0107 blaszany gara\u017c?<\/h2>\n\n\n\n<p>Ukrycie gara\u017cu wcale nie musi by\u0107 trudne \u2013 wystarczy, \u017ce zastosujesz kilka sprawdzonych metod. Mo\u017cesz go ob\u0142o\u017cy\u0107 p\u0142ytami drewnopodobnymi lub zamaskowa\u0107 zielon\u0105 \u015bcian\u0105, co pozwoli Ci wtopi\u0107 konstrukcj\u0119 w ogr\u00f3d lub elewacj\u0119 Twojego domu.<\/p>\n\n\n\n<p>Warto, aby\u015b pomy\u015bla\u0142 o nastrojowym o\u015bwietleniu LED, kt\u00f3re po zmroku ca\u0142kowicie odmieni charakter budynku. Je\u015bli planujesz <strong>ocieplenie gara\u017cu blaszanego<\/strong>, postaw na solidny ruszt, kt\u00f3ry nie tylko ochroni Ci\u0119 przed mrozem, ale tak\u017ce zwi\u0119kszy trwa\u0142o\u015b\u0107 ca\u0142ej budowli. Dzi\u0119ki tym zabiegom Twoja przestrze\u0144 zyska na estetyce.<\/p>\n\n\n\n<p class=\"worth-know\"><strong>Warto wiedzie\u0107<\/strong><br><br><strong>Gara\u017c mo\u017cesz wizualnie \u201eodchudzi\u0107\u201d, stosuj\u0105c jasne kolory paneli dekoracyjnych, kt\u00f3re optycznie zmniejsz\u0105 jego mas\u0119 w ogrodzie.<\/strong><\/p>\n\n\n<p>[[kategoria:1848:6]]<\/p>\n\n\n\n<h2 class=\"wp-block-heading\">Jak zamaskowa\u0107 blaszany gara\u017c?<\/h2>\n\n\n\n<p>Zastanawiasz si\u0119, co jest dla Ciebie lepszym rozwi\u0105zaniem: <a href=\"https:\/\/www.meblobranie.pl\/porady\/dom-z-garazem-czy-garaz-wolnostojacy-za-i-przeciw-obu-rozwiazan\/\">dom z gara\u017cem czy gara\u017c wolnostoj\u0105cy<\/a>? Je\u015bli posiadasz ju\u017c blaszak, powiniene\u015b skupi\u0107 si\u0119 na jego efektywnym maskowaniu.<\/p>\n\n\n\n<p>Najlepiej po\u0142\u0105cz izolacj\u0119 z efektownym wyko\u0144czeniem. Swoje \u015bciany mo\u017cesz ob\u0142o\u017cy\u0107 p\u0142ytami styropianowymi lub piank\u0105 PUR, a nast\u0119pnie pokry\u0107 tynkiem w kolorze Twojego domu. Mo\u017cesz r\u00f3wnie\u017c zastosowa\u0107 p\u0142yty kompozytowe, kt\u00f3re skutecznie <strong>ukryj\u0105 gara\u017c blaszany<\/strong> i zabezpiecz\u0105 go przed wilgoci\u0105 oraz korozj\u0105. Wykonanie drewnianego rusztu pozwoli Ci na monta\u017c dowolnej ok\u0142adziny, co ca\u0142kowicie odmieni wygl\u0105d Twojej posesji.<\/p>\n\n\n\n<figure class=\"wp-block-table\"><table class=\"has-white-background-color has-background\"><tbody><tr><th><strong>Metoda dla Ciebie<\/strong><\/th><th><strong>Twoje materia\u0142y<\/strong><\/th><th><strong>Tw\u00f3j efekt<\/strong><\/th><\/tr><tr><td><strong>Malowanie<\/strong><\/td><td>Farba akrylowa<\/td><td>Sp\u00f3jno\u015b\u0107 z domem<\/td><\/tr><tr><td><strong>Ok\u0142adziny<\/strong><\/td><td>Drewno, MDF, kompozyt<\/td><td>Naturalny wygl\u0105d<\/td><\/tr><tr><td><strong>Ro\u015blinno\u015b\u0107<\/strong><\/td><td>Bluszcz, r\u00f3\u017ce, tuje<\/td><td>Ca\u0142kowite maskowanie<\/td><\/tr><tr><td><strong>Zabudowa<\/strong><\/td><td>Wiata, drewutnia<\/td><td>Nowa funkcjonalno\u015b\u0107<\/td><\/tr><\/tbody><\/table><\/figure>\n\n\n\n<h2 class=\"wp-block-heading\">Jak zamaskowa\u0107 blaszany gara\u017c? Podsumowanie<\/h2>\n\n\n\n<p><a href=\"https:\/\/www.meblobranie.pl\/garaze\">Gara\u017ce<\/a> blaszane maj\u0105 wiele zalet, ale walory estetyczne zazwyczaj wymagaj\u0105 Twojej interwencji. <strong>Pami\u0119taj, \u017ce konstrukcja Twojego gara\u017cu b\u0119dzie si\u0119 prezentowa\u0107 znacznie lepiej dzi\u0119ki ob\u0142o\u017ceniu jej drewnem, kamieniem lub odpowiedni\u0105 ro\u015blinno\u015bci\u0105.<\/strong> Dzi\u0119ki temu zyskasz nie tylko miejsce dla auta, ale i harmonijn\u0105 ozdob\u0119 swojego podw\u00f3rka.<\/p>\n\n\n\n<p><strong>FAQ<\/strong><\/p>\n\n\n\n<div class=\"schema-faq wp-block-yoast-faq-block\">\n<div class=\"schema-faq-section\" id=\"faq-question-1\">\n<h3 class=\"schema-faq-question\">Czy mo\u017cesz ca\u0142kowicie ukry\u0107 gara\u017c ro\u015blinami?<\/h3>\n<p class=\"schema-faq-answer\">Tak, g\u0119sty \u017cywop\u0142ot lub pn\u0105cza na stela\u017cu potrafi\u0105 niemal ca\u0142kowicie zas\u0142oni\u0107 metalow\u0105 bry\u0142\u0119, nadaj\u0105c jej naturalny wygl\u0105d w Twoim ogrodzie.<\/p>\n<\/div>\n<div class=\"schema-faq-section\" id=\"faq-question-2\">\n<h3 class=\"schema-faq-question\">Jaka farba b\u0119dzie dla Ciebie najlepsza?<\/h3>\n<p class=\"schema-faq-answer\">Powiniene\u015b wybra\u0107 specjalistyczne farby do metalu (akrylowe lub poliwinylowe), kt\u00f3re posiadaj\u0105 wysok\u0105 odporno\u015b\u0107 na Twoje lokalne warunki pogodowe.<\/p>\n<\/div>\n<\/div>\n","protected":false},"excerpt":{"rendered":"<p>Je\u015bli posiadasz blaszany gara\u017c, prawdopodobnie czasem przeszkadza Ci jego surowy, fabryczny wygl\u0105d. Na szcz\u0119\u015bcie masz do dyspozycji sprawdzone sposoby, by temu zaradzi\u0107. Przedstawiamy praktyczne pomys\u0142y na to, jak mo\u017cesz zamaskowa\u0107 blaszany gara\u017c lub skutecznie odwr\u00f3ci\u0107 uwag\u0119 od jego nieciekawej bry\u0142y, zmieniaj\u0105c go w estetyczny element Twojego otoczenia.<\/p>\n","protected":false},"author":20,"featured_media":42450,"comment_status":"open","ping_status":"closed","sticky":false,"template":"","format":"standard","meta":{"_acf_changed":false,"ngg_post_thumbnail":0,"footnotes":""},"categories":[905,6],"tags":[],"class_list":{"0":"post-42452","1":"post","2":"type-post","3":"status-publish","4":"format-standard","5":"has-post-thumbnail","7":"category-ogrod","8":"category-poradnik"},"acf":[],"yoast_head":"<!-- This site is optimized with the Yoast SEO plugin v27.4 - https:\/\/yoast.com\/product\/yoast-seo-wordpress\/ -->\n<title>Jak zamaskowa\u0107 blaszany gara\u017c? Pomys\u0142y - Porady Meblobranie.pl<\/title>\n<meta name=\"description\" content=\"Oto nasze pomys\u0142y na to, jak zamaskowa\u0107 blaszany gara\u017c lub odwr\u00f3ci\u0107 uwag\u0119 od nieciekawej bry\u0142y.\" \/>\n<meta name=\"robots\" content=\"index, follow, max-snippet:-1, max-image-preview:large, max-video-preview:-1\" \/>\n<link rel=\"canonical\" href=\"https:\/\/www.meblobranie.pl\/porady\/jak-zamaskowac-blaszany-garaz-pomysly\/\" \/>\n<meta name=\"twitter:label1\" content=\"Napisane przez\" \/>\n\t<meta name=\"twitter:data1\" content=\"Dawid z Meblobranie.pl\" \/>\n\t<meta name=\"twitter:label2\" content=\"Szacowany czas czytania\" \/>\n\t<meta name=\"twitter:data2\" content=\"7 minut\" \/>\n<script type=\"application\/ld+json\" class=\"yoast-schema-graph\">{\"@context\":\"https:\\\/\\\/schema.org\",\"@graph\":[{\"@type\":\"Article\",\"@id\":\"https:\\\/\\\/www.meblobranie.pl\\\/porady\\\/jak-zamaskowac-blaszany-garaz-pomysly\\\/#article\",\"isPartOf\":{\"@id\":\"https:\\\/\\\/www.meblobranie.pl\\\/porady\\\/jak-zamaskowac-blaszany-garaz-pomysly\\\/\"},\"author\":{\"name\":\"Dawid z Meblobranie.pl\",\"@id\":\"https:\\\/\\\/www.meblobranie.pl\\\/porady\\\/#\\\/schema\\\/person\\\/0c44214399e1752805db67863333461b\"},\"headline\":\"Jak zamaskowa\u0107 blaszany gara\u017c? Pomys\u0142y\",\"datePublished\":\"2025-10-26T14:29:50+00:00\",\"dateModified\":\"2026-03-30T21:39:52+00:00\",\"mainEntityOfPage\":{\"@id\":\"https:\\\/\\\/www.meblobranie.pl\\\/porady\\\/jak-zamaskowac-blaszany-garaz-pomysly\\\/\"},\"wordCount\":1054,\"commentCount\":0,\"image\":{\"@id\":\"https:\\\/\\\/www.meblobranie.pl\\\/porady\\\/jak-zamaskowac-blaszany-garaz-pomysly\\\/#primaryimage\"},\"thumbnailUrl\":\"https:\\\/\\\/www.meblobranie.pl\\\/porady\\\/wp-content\\\/uploads\\\/2023\\\/11\\\/jak-ocieplic-garaz-blaszany-2.jpeg\",\"articleSection\":[\"Ogr\u00f3d\",\"Poradnik\"],\"inLanguage\":\"pl-PL\",\"potentialAction\":[{\"@type\":\"CommentAction\",\"name\":\"Comment\",\"target\":[\"https:\\\/\\\/www.meblobranie.pl\\\/porady\\\/jak-zamaskowac-blaszany-garaz-pomysly\\\/#respond\"]}]},{\"@type\":[\"WebPage\",\"FAQPage\"],\"@id\":\"https:\\\/\\\/www.meblobranie.pl\\\/porady\\\/jak-zamaskowac-blaszany-garaz-pomysly\\\/\",\"url\":\"https:\\\/\\\/www.meblobranie.pl\\\/porady\\\/jak-zamaskowac-blaszany-garaz-pomysly\\\/\",\"name\":\"Jak zamaskowa\u0107 blaszany gara\u017c? Pomys\u0142y - Porady Meblobranie.pl\",\"isPartOf\":{\"@id\":\"https:\\\/\\\/www.meblobranie.pl\\\/porady\\\/#website\"},\"primaryImageOfPage\":{\"@id\":\"https:\\\/\\\/www.meblobranie.pl\\\/porady\\\/jak-zamaskowac-blaszany-garaz-pomysly\\\/#primaryimage\"},\"image\":{\"@id\":\"https:\\\/\\\/www.meblobranie.pl\\\/porady\\\/jak-zamaskowac-blaszany-garaz-pomysly\\\/#primaryimage\"},\"thumbnailUrl\":\"https:\\\/\\\/www.meblobranie.pl\\\/porady\\\/wp-content\\\/uploads\\\/2023\\\/11\\\/jak-ocieplic-garaz-blaszany-2.jpeg\",\"datePublished\":\"2025-10-26T14:29:50+00:00\",\"dateModified\":\"2026-03-30T21:39:52+00:00\",\"author\":{\"@id\":\"https:\\\/\\\/www.meblobranie.pl\\\/porady\\\/#\\\/schema\\\/person\\\/0c44214399e1752805db67863333461b\"},\"description\":\"Oto nasze pomys\u0142y na to, jak zamaskowa\u0107 blaszany gara\u017c lub odwr\u00f3ci\u0107 uwag\u0119 od nieciekawej bry\u0142y.\",\"breadcrumb\":{\"@id\":\"https:\\\/\\\/www.meblobranie.pl\\\/porady\\\/jak-zamaskowac-blaszany-garaz-pomysly\\\/#breadcrumb\"},\"mainEntity\":[{\"@id\":\"https:\\\/\\\/www.meblobranie.pl\\\/porady\\\/jak-zamaskowac-blaszany-garaz-pomysly\\\/#faq-question-1\"},{\"@id\":\"https:\\\/\\\/www.meblobranie.pl\\\/porady\\\/jak-zamaskowac-blaszany-garaz-pomysly\\\/#faq-question-2\"}],\"inLanguage\":\"pl-PL\",\"potentialAction\":[{\"@type\":\"ReadAction\",\"target\":[\"https:\\\/\\\/www.meblobranie.pl\\\/porady\\\/jak-zamaskowac-blaszany-garaz-pomysly\\\/\"]}]},{\"@type\":\"ImageObject\",\"inLanguage\":\"pl-PL\",\"@id\":\"https:\\\/\\\/www.meblobranie.pl\\\/porady\\\/jak-zamaskowac-blaszany-garaz-pomysly\\\/#primaryimage\",\"url\":\"https:\\\/\\\/www.meblobranie.pl\\\/porady\\\/wp-content\\\/uploads\\\/2023\\\/11\\\/jak-ocieplic-garaz-blaszany-2.jpeg\",\"contentUrl\":\"https:\\\/\\\/www.meblobranie.pl\\\/porady\\\/wp-content\\\/uploads\\\/2023\\\/11\\\/jak-ocieplic-garaz-blaszany-2.jpeg\",\"width\":830,\"height\":623,\"caption\":\"Dobudowana drewutnia zapewnia dodatkow\u0105 barier\u0119 ciepln\u0105\"},{\"@type\":\"BreadcrumbList\",\"@id\":\"https:\\\/\\\/www.meblobranie.pl\\\/porady\\\/jak-zamaskowac-blaszany-garaz-pomysly\\\/#breadcrumb\",\"itemListElement\":[{\"@type\":\"ListItem\",\"position\":1,\"name\":\"Home\",\"item\":\"https:\\\/\\\/www.meblobranie.pl\\\/porady\\\/\"},{\"@type\":\"ListItem\",\"position\":2,\"name\":\"Jak zamaskowa\u0107 blaszany gara\u017c? Pomys\u0142y\"}]},{\"@type\":\"WebSite\",\"@id\":\"https:\\\/\\\/www.meblobranie.pl\\\/porady\\\/#website\",\"url\":\"https:\\\/\\\/www.meblobranie.pl\\\/porady\\\/\",\"name\":\"Porady Meblobranie.pl\",\"description\":\"Blog o tarasach i ogrodach\",\"potentialAction\":[{\"@type\":\"SearchAction\",\"target\":{\"@type\":\"EntryPoint\",\"urlTemplate\":\"https:\\\/\\\/www.meblobranie.pl\\\/porady\\\/?s={search_term_string}\"},\"query-input\":{\"@type\":\"PropertyValueSpecification\",\"valueRequired\":true,\"valueName\":\"search_term_string\"}}],\"inLanguage\":\"pl-PL\"},{\"@type\":\"Person\",\"@id\":\"https:\\\/\\\/www.meblobranie.pl\\\/porady\\\/#\\\/schema\\\/person\\\/0c44214399e1752805db67863333461b\",\"name\":\"Dawid z Meblobranie.pl\",\"image\":{\"@type\":\"ImageObject\",\"inLanguage\":\"pl-PL\",\"@id\":\"https:\\\/\\\/secure.gravatar.com\\\/avatar\\\/9ede1c3924e3173d8f3ad05211531161353d772865bc4dacba314dbcd46c0fef?s=96&d=mm&r=g\",\"url\":\"https:\\\/\\\/secure.gravatar.com\\\/avatar\\\/9ede1c3924e3173d8f3ad05211531161353d772865bc4dacba314dbcd46c0fef?s=96&d=mm&r=g\",\"contentUrl\":\"https:\\\/\\\/secure.gravatar.com\\\/avatar\\\/9ede1c3924e3173d8f3ad05211531161353d772865bc4dacba314dbcd46c0fef?s=96&d=mm&r=g\",\"caption\":\"Dawid z Meblobranie.pl\"},\"description\":\"Lorem Ipsum is simply dummy text of the printing and typesetting industry. Lorem Ipsum has been the industry's standard dummy text ever since the 1500s, when an unknown printer took a galley of type and scrambled it to make a type specimen book.\"},{\"@type\":\"Question\",\"@id\":\"https:\\\/\\\/www.meblobranie.pl\\\/porady\\\/jak-zamaskowac-blaszany-garaz-pomysly\\\/#faq-question-1\",\"position\":1,\"url\":\"https:\\\/\\\/www.meblobranie.pl\\\/porady\\\/jak-zamaskowac-blaszany-garaz-pomysly\\\/#faq-question-1\",\"name\":\"Czy mo\u017cesz ca\u0142kowicie ukry\u0107 gara\u017c ro\u015blinami?\",\"answerCount\":1,\"acceptedAnswer\":{\"@type\":\"Answer\",\"text\":\"Tak, g\u0119sty \u017cywop\u0142ot lub pn\u0105cza na stela\u017cu potrafi\u0105 niemal ca\u0142kowicie zas\u0142oni\u0107 metalow\u0105 bry\u0142\u0119, nadaj\u0105c jej naturalny wygl\u0105d w Twoim ogrodzie.\",\"inLanguage\":\"pl-PL\"},\"inLanguage\":\"pl-PL\"},{\"@type\":\"Question\",\"@id\":\"https:\\\/\\\/www.meblobranie.pl\\\/porady\\\/jak-zamaskowac-blaszany-garaz-pomysly\\\/#faq-question-2\",\"position\":2,\"url\":\"https:\\\/\\\/www.meblobranie.pl\\\/porady\\\/jak-zamaskowac-blaszany-garaz-pomysly\\\/#faq-question-2\",\"name\":\"Jaka farba b\u0119dzie dla Ciebie najlepsza?\",\"answerCount\":1,\"acceptedAnswer\":{\"@type\":\"Answer\",\"text\":\"Powiniene\u015b wybra\u0107 specjalistyczne farby do metalu (akrylowe lub poliwinylowe), kt\u00f3re posiadaj\u0105 wysok\u0105 odporno\u015b\u0107 na Twoje lokalne warunki pogodowe.\",\"inLanguage\":\"pl-PL\"},\"inLanguage\":\"pl-PL\"}]}<\/script>\n<!-- \/ Yoast SEO plugin. -->","yoast_head_json":{"title":"Jak zamaskowa\u0107 blaszany gara\u017c? Pomys\u0142y - Porady Meblobranie.pl","description":"Oto nasze pomys\u0142y na to, jak zamaskowa\u0107 blaszany gara\u017c lub odwr\u00f3ci\u0107 uwag\u0119 od nieciekawej bry\u0142y.","robots":{"index":"index","follow":"follow","max-snippet":"max-snippet:-1","max-image-preview":"max-image-preview:large","max-video-preview":"max-video-preview:-1"},"canonical":"https:\/\/www.meblobranie.pl\/porady\/jak-zamaskowac-blaszany-garaz-pomysly\/","twitter_misc":{"Napisane przez":"Dawid z Meblobranie.pl","Szacowany czas czytania":"7 minut"},"schema":{"@context":"https:\/\/schema.org","@graph":[{"@type":"Article","@id":"https:\/\/www.meblobranie.pl\/porady\/jak-zamaskowac-blaszany-garaz-pomysly\/#article","isPartOf":{"@id":"https:\/\/www.meblobranie.pl\/porady\/jak-zamaskowac-blaszany-garaz-pomysly\/"},"author":{"name":"Dawid z Meblobranie.pl","@id":"https:\/\/www.meblobranie.pl\/porady\/#\/schema\/person\/0c44214399e1752805db67863333461b"},"headline":"Jak zamaskowa\u0107 blaszany gara\u017c? Pomys\u0142y","datePublished":"2025-10-26T14:29:50+00:00","dateModified":"2026-03-30T21:39:52+00:00","mainEntityOfPage":{"@id":"https:\/\/www.meblobranie.pl\/porady\/jak-zamaskowac-blaszany-garaz-pomysly\/"},"wordCount":1054,"commentCount":0,"image":{"@id":"https:\/\/www.meblobranie.pl\/porady\/jak-zamaskowac-blaszany-garaz-pomysly\/#primaryimage"},"thumbnailUrl":"https:\/\/www.meblobranie.pl\/porady\/wp-content\/uploads\/2023\/11\/jak-ocieplic-garaz-blaszany-2.jpeg","articleSection":["Ogr\u00f3d","Poradnik"],"inLanguage":"pl-PL","potentialAction":[{"@type":"CommentAction","name":"Comment","target":["https:\/\/www.meblobranie.pl\/porady\/jak-zamaskowac-blaszany-garaz-pomysly\/#respond"]}]},{"@type":["WebPage","FAQPage"],"@id":"https:\/\/www.meblobranie.pl\/porady\/jak-zamaskowac-blaszany-garaz-pomysly\/","url":"https:\/\/www.meblobranie.pl\/porady\/jak-zamaskowac-blaszany-garaz-pomysly\/","name":"Jak zamaskowa\u0107 blaszany gara\u017c? Pomys\u0142y - Porady Meblobranie.pl","isPartOf":{"@id":"https:\/\/www.meblobranie.pl\/porady\/#website"},"primaryImageOfPage":{"@id":"https:\/\/www.meblobranie.pl\/porady\/jak-zamaskowac-blaszany-garaz-pomysly\/#primaryimage"},"image":{"@id":"https:\/\/www.meblobranie.pl\/porady\/jak-zamaskowac-blaszany-garaz-pomysly\/#primaryimage"},"thumbnailUrl":"https:\/\/www.meblobranie.pl\/porady\/wp-content\/uploads\/2023\/11\/jak-ocieplic-garaz-blaszany-2.jpeg","datePublished":"2025-10-26T14:29:50+00:00","dateModified":"2026-03-30T21:39:52+00:00","author":{"@id":"https:\/\/www.meblobranie.pl\/porady\/#\/schema\/person\/0c44214399e1752805db67863333461b"},"description":"Oto nasze pomys\u0142y na to, jak zamaskowa\u0107 blaszany gara\u017c lub odwr\u00f3ci\u0107 uwag\u0119 od nieciekawej bry\u0142y.","breadcrumb":{"@id":"https:\/\/www.meblobranie.pl\/porady\/jak-zamaskowac-blaszany-garaz-pomysly\/#breadcrumb"},"mainEntity":[{"@id":"https:\/\/www.meblobranie.pl\/porady\/jak-zamaskowac-blaszany-garaz-pomysly\/#faq-question-1"},{"@id":"https:\/\/www.meblobranie.pl\/porady\/jak-zamaskowac-blaszany-garaz-pomysly\/#faq-question-2"}],"inLanguage":"pl-PL","potentialAction":[{"@type":"ReadAction","target":["https:\/\/www.meblobranie.pl\/porady\/jak-zamaskowac-blaszany-garaz-pomysly\/"]}]},{"@type":"ImageObject","inLanguage":"pl-PL","@id":"https:\/\/www.meblobranie.pl\/porady\/jak-zamaskowac-blaszany-garaz-pomysly\/#primaryimage","url":"https:\/\/www.meblobranie.pl\/porady\/wp-content\/uploads\/2023\/11\/jak-ocieplic-garaz-blaszany-2.jpeg","contentUrl":"https:\/\/www.meblobranie.pl\/porady\/wp-content\/uploads\/2023\/11\/jak-ocieplic-garaz-blaszany-2.jpeg","width":830,"height":623,"caption":"Dobudowana drewutnia zapewnia dodatkow\u0105 barier\u0119 ciepln\u0105"},{"@type":"BreadcrumbList","@id":"https:\/\/www.meblobranie.pl\/porady\/jak-zamaskowac-blaszany-garaz-pomysly\/#breadcrumb","itemListElement":[{"@type":"ListItem","position":1,"name":"Home","item":"https:\/\/www.meblobranie.pl\/porady\/"},{"@type":"ListItem","position":2,"name":"Jak zamaskowa\u0107 blaszany gara\u017c? Pomys\u0142y"}]},{"@type":"WebSite","@id":"https:\/\/www.meblobranie.pl\/porady\/#website","url":"https:\/\/www.meblobranie.pl\/porady\/","name":"Porady Meblobranie.pl","description":"Blog o tarasach i ogrodach","potentialAction":[{"@type":"SearchAction","target":{"@type":"EntryPoint","urlTemplate":"https:\/\/www.meblobranie.pl\/porady\/?s={search_term_string}"},"query-input":{"@type":"PropertyValueSpecification","valueRequired":true,"valueName":"search_term_string"}}],"inLanguage":"pl-PL"},{"@type":"Person","@id":"https:\/\/www.meblobranie.pl\/porady\/#\/schema\/person\/0c44214399e1752805db67863333461b","name":"Dawid z Meblobranie.pl","image":{"@type":"ImageObject","inLanguage":"pl-PL","@id":"https:\/\/secure.gravatar.com\/avatar\/9ede1c3924e3173d8f3ad05211531161353d772865bc4dacba314dbcd46c0fef?s=96&d=mm&r=g","url":"https:\/\/secure.gravatar.com\/avatar\/9ede1c3924e3173d8f3ad05211531161353d772865bc4dacba314dbcd46c0fef?s=96&d=mm&r=g","contentUrl":"https:\/\/secure.gravatar.com\/avatar\/9ede1c3924e3173d8f3ad05211531161353d772865bc4dacba314dbcd46c0fef?s=96&d=mm&r=g","caption":"Dawid z Meblobranie.pl"},"description":"Lorem Ipsum is simply dummy text of the printing and typesetting industry. Lorem Ipsum has been the industry's standard dummy text ever since the 1500s, when an unknown printer took a galley of type and scrambled it to make a type specimen book."},{"@type":"Question","@id":"https:\/\/www.meblobranie.pl\/porady\/jak-zamaskowac-blaszany-garaz-pomysly\/#faq-question-1","position":1,"url":"https:\/\/www.meblobranie.pl\/porady\/jak-zamaskowac-blaszany-garaz-pomysly\/#faq-question-1","name":"Czy mo\u017cesz ca\u0142kowicie ukry\u0107 gara\u017c ro\u015blinami?","answerCount":1,"acceptedAnswer":{"@type":"Answer","text":"Tak, g\u0119sty \u017cywop\u0142ot lub pn\u0105cza na stela\u017cu potrafi\u0105 niemal ca\u0142kowicie zas\u0142oni\u0107 metalow\u0105 bry\u0142\u0119, nadaj\u0105c jej naturalny wygl\u0105d w Twoim ogrodzie.","inLanguage":"pl-PL"},"inLanguage":"pl-PL"},{"@type":"Question","@id":"https:\/\/www.meblobranie.pl\/porady\/jak-zamaskowac-blaszany-garaz-pomysly\/#faq-question-2","position":2,"url":"https:\/\/www.meblobranie.pl\/porady\/jak-zamaskowac-blaszany-garaz-pomysly\/#faq-question-2","name":"Jaka farba b\u0119dzie dla Ciebie najlepsza?","answerCount":1,"acceptedAnswer":{"@type":"Answer","text":"Powiniene\u015b wybra\u0107 specjalistyczne farby do metalu (akrylowe lub poliwinylowe), kt\u00f3re posiadaj\u0105 wysok\u0105 odporno\u015b\u0107 na Twoje lokalne warunki pogodowe.","inLanguage":"pl-PL"},"inLanguage":"pl-PL"}]}},"_links":{"self":[{"href":"https:\/\/www.meblobranie.pl\/porady\/wp-json\/wp\/v2\/posts\/42452","targetHints":{"allow":["GET"]}}],"collection":[{"href":"https:\/\/www.meblobranie.pl\/porady\/wp-json\/wp\/v2\/posts"}],"about":[{"href":"https:\/\/www.meblobranie.pl\/porady\/wp-json\/wp\/v2\/types\/post"}],"author":[{"embeddable":true,"href":"https:\/\/www.meblobranie.pl\/porady\/wp-json\/wp\/v2\/users\/20"}],"replies":[{"embeddable":true,"href":"https:\/\/www.meblobranie.pl\/porady\/wp-json\/wp\/v2\/comments?post=42452"}],"version-history":[{"count":3,"href":"https:\/\/www.meblobranie.pl\/porady\/wp-json\/wp\/v2\/posts\/42452\/revisions"}],"predecessor-version":[{"id":47069,"href":"https:\/\/www.meblobranie.pl\/porady\/wp-json\/wp\/v2\/posts\/42452\/revisions\/47069"}],"wp:featuredmedia":[{"embeddable":true,"href":"https:\/\/www.meblobranie.pl\/porady\/wp-json\/wp\/v2\/media\/42450"}],"wp:attachment":[{"href":"https:\/\/www.meblobranie.pl\/porady\/wp-json\/wp\/v2\/media?parent=42452"}],"wp:term":[{"taxonomy":"category","embeddable":true,"href":"https:\/\/www.meblobranie.pl\/porady\/wp-json\/wp\/v2\/categories?post=42452"},{"taxonomy":"post_tag","embeddable":true,"href":"https:\/\/www.meblobranie.pl\/porady\/wp-json\/wp\/v2\/tags?post=42452"}],"curies":[{"name":"wp","href":"https:\/\/api.w.org\/{rel}","templated":true}]}}