{"id":43423,"date":"2024-02-27T22:37:52","date_gmt":"2024-02-27T21:37:52","guid":{"rendered":"https:\/\/www.meblobranie.pl\/porady\/?p=43423"},"modified":"2024-02-27T22:37:52","modified_gmt":"2024-02-27T21:37:52","slug":"jak-ustawic-meble-na-tarasie-zeby-bylo-praktycznie","status":"publish","type":"post","link":"https:\/\/www.meblobranie.pl\/porady\/jak-ustawic-meble-na-tarasie-zeby-bylo-praktycznie\/","title":{"rendered":"Jak ustawi\u0107 meble na tarasie, \u017ceby by\u0142o praktycznie?"},"content":{"rendered":"<p><strong>Taras <\/strong>to takie miejsce, kt\u00f3re mo\u017cemy urz\u0105dzi\u0107 wed\u0142ug w\u0142asnego gustu i pomys\u0142u, ale musimy pami\u0119ta\u0107 o kilku wa\u017cnych kwestiach. Najwa\u017cniejsze jest dobranie mebli, kt\u00f3re b\u0119d\u0105 pasowa\u0107 do naszego tarasu pod k\u0105tem wygl\u0105du, funkcjonalno\u015bci i trwa\u0142o\u015bci.\u00a0<strong>Jak ustawi\u0107 meble na tarasie<\/strong>, \u017ceby by\u0142o praktycznie? Dowiesz si\u0119 tego&#8230; oczywi\u015bcie, wtedy, gdy przeczytasz przygotowany przez nas tekst.<\/p>\n<p><img loading=\"lazy\" decoding=\"async\" class=\"aligncenter\" src=\"https:\/\/www.meblobranie.pl\/porady\/wp-content\/uploads\/2024\/02\/jak-ustawic-meble-tarasowe-3.jpeg\" alt=\"Jak ustawi\u0107 meble na tarasie,\" width=\"830\" height=\"623\" \/><!--more--><\/p>\n\n<h2>Meble ogrodowe. O czym warto pami\u0119ta\u0107 podczas wyboru?<\/h2>\n<p>Zapewne chcesz stworzy\u0107 na tarasie sp\u00f3jn\u0105 i przytuln\u0105 przestrze\u0144, kt\u00f3ra b\u0119dzie odpowiada\u0107 oczekiwaniom i sposobowi \u017cycia Twoim oraz Twoich domownik\u00f3w? Je\u015bli tak, to mamy dla Ciebie bardzo dobr\u0105 wiadomo\u015b\u0107! Ot\u00f3\u017c, na rynku dost\u0119pnych jest wiele rodzaj\u00f3w mebli ogrodowych, kt\u00f3re mo\u017cemy wykorzysta\u0107 na tarasie. Przyk\u0142adowo, meble wykonane z drewna, szczeg\u00f3lnie z drewna egzotycznego lub litego, nadadz\u0105 tarasowi szyku i naturalno\u015bci.<\/p>\n<p><strong>Musimy jednak zadba\u0107 o to, aby drewno by\u0142o odpowiednio chronione przed niekorzystnym wp\u0142ywem warunk\u00f3w pogodowych, przez co rozumie si\u0119 m.in.:<\/strong><\/p>\n<ul>\n<li>wilgo\u0107,<\/li>\n<li>s\u0142o\u0144ce (chodzi tu o promieniowanie UV, kt\u00f3re w d\u0142u\u017cszej perspektywie prowadzi do wyblakni\u0119cia kolor\u00f3w mebli),<\/li>\n<li>gwa\u0142towne zmiany temperatury.<\/li>\n<\/ul>\n<p>Dlatego te\u017c tak wa\u017cne jest u\u017cywanie specjalnych \u015brodk\u00f3w, kt\u00f3re zabezpiecz\u0105 drewno przed uszkodzeniami spowodowanymi przez czynniki atmosferyczne, co zapewni d\u0142ug\u0105 \u017cywotno\u015b\u0107 meblom. Dodatkowo, warto zastosowa\u0107 poduszki i materia\u0142y zewn\u0119trzne, kt\u00f3re b\u0119d\u0105 odporne na warunki pogodowe, co poprawi komfort korzystania z mebli na tarasie.<\/p>\n<p>O samych materia\u0142ach powiemy Ci jednak nieco wi\u0119cej w dalszej cz\u0119\u015bci tekstu.<\/p>\n<p>Opr\u00f3cz &#8220;mebli podstawowych&#8221; mo\u017cemy tak\u017ce doda\u0107 elementy ozdobne, w tym np. doniczki, lampiony czy dywaniki, co pozwoli nada\u0107 tarasowi osobistego stylu. Nie zapominajmy jednak, aby zachowa\u0107 umiar w ilo\u015bci dodatk\u00f3w, by nie tworzy\u0107 wra\u017cenia zbyt ciasnej przestrzeni (a mo\u017ce nawet ciasnoty). Aran\u017cuj\u0105c taras w rozs\u0105dny spos\u00f3b, stworzymy tak\u0105 przestrze\u0144, z kt\u00f3rej b\u0119dziemy mogli swobodnie podziwia\u0107 otoczenie (np. przydomowy ogr\u00f3dek) i relaksowa\u0107 si\u0119 na \u015bwie\u017cym powietrzu w mi\u0142y spos\u00f3b.<\/p>\n<h3>Meble ogrodowe nie powinny by\u0107 przypadkowym wyborem<\/h3>\n<p>Je\u015bli interesuje Ci\u0119 <strong>aran\u017cacja tarasu<\/strong>, jedno jest pewne: musisz wzi\u0105\u0107 pod uwag\u0119 specyfik\u0119 \u015brodowiska, w kt\u00f3rym znajduje si\u0119 Tw\u00f3j taras. <strong><a href=\"https:\/\/www.meblobranie.pl\/ogrod-meble-ogrodowe\">Meble ogrodow<\/a>e <\/strong>s\u0105 bowiem nara\u017cone, jak to ju\u017c wspomnieli\u015bmy, na dzia\u0142anie trudnych warunk\u00f3w pogodowych, co sprawia, \u017ce ich wytrzyma\u0142o\u015b\u0107 staje si\u0119 czynnikiem absolutnie kluczowym. W zwi\u0105zku z tym warto rozwa\u017cy\u0107, jakie materia\u0142y b\u0119d\u0105 najlepsze, aby <strong>aran\u017cacja tarasu<\/strong> by\u0142a zar\u00f3wno wytrzyma\u0142a, jak i funkcjonalna. O drewnie ju\u017c wiesz&#8230; ale wcale nie jest to jedyne mo\u017cliwe rozwi\u0105zanie.<\/p>\n<p>Wyposa\u017cenie tarasu zewn\u0119trznego jest ci\u0105gle poddane wp\u0142ywowi r\u00f3\u017cnorodnych czynnik\u00f3w atmosferycznych, co mo\u017ce prowadzi\u0107 do negatywnych konsekwencji w postaci:<\/p>\n<ul>\n<li>blakni\u0119cia materia\u0142\u00f3w,<\/li>\n<li>utraty kolor\u00f3w,<\/li>\n<li>deformacji.<\/li>\n<\/ul>\n<p>Intensywne nas\u0142onecznienie mo\u017ce wp\u0142ywa\u0107 na estetyk\u0119 mebli, podczas gdy wilgo\u0107 stanowi zagro\u017cenie zw\u0142aszcza dla tworzyw naturalnych, kt\u00f3re mog\u0105 ulega\u0107 korozji i ple\u015bnieniu. Wyb\u00f3r materia\u0142\u00f3w ma zatem kluczowe znaczenie w planowaniu tarasu zewn\u0119trznego, kt\u00f3ry powinien nam przecie\u017c s\u0142u\u017cy\u0107 przez d\u0142ugi czas, b\u0119d\u0105c jednocze\u015bnie praktycznym miejscem (a przy okazji: estetycznym).<\/p>\n<p>[[kategoria:2055:6]]<\/p>\n<h2>Jak urz\u0105dzi\u0107 taras? Og\u00f3lne zasady aran\u017cacji tarasu i ca\u0142ej przydomowej przestrzeni<\/h2>\n<p>Kiedy planujemy aran\u017cacj\u0119 tarasu, a mamy du\u017co miejsca, dobrze jest dok\u0142adnie zaplanowa\u0107 r\u00f3\u017cne strefy i ustawi\u0107 meble zgodnie z nimi. Nale\u017cy po\u015bwi\u0119ci\u0107 czas na precyzyjne wyznaczenie miejsca na st\u00f3\u0142 z krzes\u0142ami i przeciwleg\u0142ego k\u0105ta, gdzie postawimy np. grill z akcesoriami.<\/p>\n<p>Z kolei przygotowanie odpowiedniego zadaszenia nad miejscem do odpoczynku umo\u017cliwi nam korzystanie z tarasu nawet w pochmurne dni. Trzeba jednak pami\u0119ta\u0107, \u017ce zbyt z\u0142o\u017cona zabudowa tarasu mo\u017ce zmniejszy\u0107 ilo\u015b\u0107 \u015bwiat\u0142a docieraj\u0105cego do s\u0105siedniego wn\u0119trza, co trzeba wzi\u0105\u0107 pod uwag\u0119 przed podj\u0119ciem ostatecznych decyzji. Zanim zdecydujemy si\u0119 na konkretn\u0105 opcj\u0119, warto dok\u0142adnie zapozna\u0107 si\u0119 z r\u00f3\u017cnymi mo\u017cliwo\u015bciami dost\u0119pnymi na rynku budowlanym (jest ich naprawd\u0119 wiele). O tym, na jakie rodzaje zadaszenia mo\u017cesz postawi\u0107, napiszemy Ci w dalszej cz\u0119\u015bci tekstu.<\/p>\n<p>Taras, b\u0119d\u0105cy nieod\u0142\u0105cznym elementem zewn\u0119trznej architektury domu, powinien nie tylko pasowa\u0107 do wn\u0119trza, ale tak\u017ce harmonijnie komponowa\u0107 si\u0119 z elewacj\u0105 budynku, tworz\u0105c jedno\u015b\u0107 z otoczeniem. Umieszczenie ro\u015blin doniczkowych w dekoracyjnych donicach czy kwietnikach mo\u017ce by\u0107 r\u00f3wnie wa\u017cnym elementem ozdobnym tarasu, co starannie wybrana grupa mebli ogrodowych.<\/p>\n<h3>Jak urz\u0105dzi\u0107 taras? Jakie meble ogrodowe wybra\u0107? Odpowied\u017a jest prosta: postaw na r\u00f3\u017cnorodno\u015b\u0107!<\/h3>\n<p>Kiedy dekorujemy taras, mo\u017cemy \u0142\u0105czy\u0107 r\u00f3\u017cnorodne materia\u0142y, kolory i faktury. Takie rozwi\u0105zania jak np.:<\/p>\n<ul>\n<li>bawe\u0142niane kule \u015bwietlne,<\/li>\n<li>delikatne, kolorowe \u0142a\u0144cuszki,<\/li>\n<li>dywany zewn\u0119trzne,<\/li>\n<\/ul>\n<p>pozwalaj\u0105 stworzy\u0107 \u015bwietn\u0105 atmosfer\u0119 na letnie imprezy pod gwiazdami. Kolorowe i wzorzyste tekstylia zrobione z przewiewnych lnianych tkanin lub naturalnych materia\u0142\u00f3w uatrakcyjniaj\u0105 aran\u017cacj\u0119. Parasol nie tylko chroni przed promieniami UV, ale tak\u017ce jest stylow\u0105 ozdob\u0105, pasuj\u0105c\u0105 do teksturowanych tkanin.<\/p>\n<p>Podczas urz\u0105dzania tarasu warto te\u017c pomy\u015ble\u0107 o w\u0142a\u015bciwym o\u015bwietleniu. Na przyk\u0142ad, taras w stylu rustykalnym mo\u017ce u\u017cywa\u0107 kinkiet\u00f3w i lamp wisz\u0105cych na\u015bladuj\u0105cych kandelabry, podczas gdy taras w stylu nowoczesnym mo\u017ce by\u0107 \u015bwietnie o\u015bwietlony punktami \u015bwietlnymi LED.<\/p>\n<div id=\"attachment_37190\" style=\"width: 840px\" class=\"wp-caption aligncenter\"><img loading=\"lazy\" decoding=\"async\" aria-describedby=\"caption-attachment-37190\" class=\"wp-image-37190 size-full\" src=\"https:\/\/www.meblobranie.pl\/porady\/wp-content\/uploads\/2022\/06\/rosliny-na-taras-poludniowy.jpeg\" alt=\"Meble z kolekcji corfu \" width=\"830\" height=\"623\" srcset=\"https:\/\/www.meblobranie.pl\/porady\/wp-content\/uploads\/2022\/06\/rosliny-na-taras-poludniowy.jpeg 830w, https:\/\/www.meblobranie.pl\/porady\/wp-content\/uploads\/2022\/06\/rosliny-na-taras-poludniowy-300x225.jpeg 300w, https:\/\/www.meblobranie.pl\/porady\/wp-content\/uploads\/2022\/06\/rosliny-na-taras-poludniowy-768x576.jpeg 768w\" sizes=\"auto, (max-width: 830px) 100vw, 830px\" \/><p id=\"caption-attachment-37190\" class=\"wp-caption-text\"><a href=\"https:\/\/www.meblobranie.pl\/curver\/meble-ogrodowe-corfu\">Meble z kolekcji corfu<\/a><\/p><\/div>\n<h3>Jak urz\u0105dzi\u0107 taras? Pami\u0119taj o dodatkach, mog\u0105 one zmieni\u0107 naprawd\u0119 wiele<\/h3>\n<p>Akcesoria i ozdoby r\u00f3wnie\u017c maj\u0105 istotne znaczenie podczas tworzenia klimatycznej przestrzeni na tarasie. Takie drobne elementy wyposa\u017cenia jak np.:<\/p>\n<ul>\n<li><a href=\"https:\/\/www.meblobranie.pl\/fotele-wiszace\">podwieszane fotele<\/a>,<\/li>\n<li>hamak,<\/li>\n<li>mi\u0119kkie poduszki,<\/li>\n<li>donice o r\u00f3\u017cnych rozmiarach,<\/li>\n<li>ro\u015bliny zielone i kwitn\u0105ce,<\/li>\n<li>ciep\u0142e koce i chodniczki,<\/li>\n<\/ul>\n<p>to elementy, kt\u00f3re tworz\u0105 kompletn\u0105 aran\u017cacj\u0119 przenosz\u0105c\u0105 nas w inny \u015bwiat, gdzie codzienne problemy schodz\u0105 na drugi plan.<\/p>\n<p>Je\u015bli zastanawiasz si\u0119, <strong>jak dobrze urz\u0105dzi\u0107 taras<\/strong>, mamy dla Ciebie bardzo dobr\u0105 wiadomo\u015b\u0107: nawet na ma\u0142ym tarasie mo\u017cna uzyska\u0107 ten efekt, a wszystko to dzi\u0119ki starannie wybranym akcesoriom i ozdobom. Podwieszany fotel, b\u0119d\u0105cy nie tylko miejscem do relaksu, ale tak\u017ce niepowtarzaln\u0105 ozdob\u0105, czy hamak, je\u015bli miejsce na to pozwala, s\u0105 wprost idealnymi akcesoriami. Na tym jednak lista mo\u017cliwych rozwi\u0105za\u0144 wcale si\u0119 nie ko\u0144czy.<\/p>\n<div style=\"width: 810px\" class=\"wp-caption aligncenter\"><img loading=\"lazy\" decoding=\"async\" src=\"https:\/\/www.meblobranie.pl\/porady\/wp-content\/uploads\/2012\/03\/pielegnacja-mebli-technorattanowych.jpeg\" alt=\"Naro\u017cnik ogrodowy z grubymi poduchami\" width=\"800\" height=\"480\" \/><p class=\"wp-caption-text\">Naro\u017cnik ogrodowy z grubymi poduchami<\/p><\/div>\n<p>Mi\u0119kkie poduszki \u015bwietnie sprawdz\u0105 si\u0119 zar\u00f3wno na meblach, jak i w podwieszanym fotelu czy hamaku. Donice o r\u00f3\u017cnych rozmiarach s\u0105 ciekawym elementem, podnosz\u0105cym estetyk\u0119 tarasu.<\/p>\n<p>Donice na taras zewn\u0119trzny pe\u0142ni\u0105 wa\u017cn\u0105 rol\u0119 jako dope\u0142nienie aran\u017cacji, pozwalaj\u0105c po\u0142\u0105czy\u0107 meble z ro\u015blinami, tworz\u0105c przyjemny nastr\u00f3j. Donice z betonu, tworzyw sztucznych czy stali corten s\u0105 solidne i odporne na warunki pogodowe, doskonale pasuj\u0105c do r\u00f3\u017cnych stylistycznie aran\u017cacji. Betonowe donice \u015bwietnie komponuj\u0105 si\u0119 z nowoczesnym stylem, podczas gdy tworzywa sztuczne nadaj\u0105 si\u0119 do r\u00f3\u017cnych pomys\u0142\u00f3w aran\u017cacyjnych, dodaj\u0105c lekko\u015bci i uniwersalno\u015bci. Natomiast je\u015bli chodzi o stal corten, to nadaje ona rustykalnego charakteru, wprowadzaj\u0105c do przestrzeni nut\u0119 surowo\u015bci i niepowtarzalno\u015bci.<\/p>\n<p>Ro\u015bliny zielone i kwitn\u0105ce, umieszczone w donicach lub skrzynkach, mog\u0105 dekorowa\u0107 taras, tworz\u0105c sp\u00f3jn\u0105 przestrze\u0144 z natur\u0105.<\/p>\n<p>Ciep\u0142e koce i pledy pozwalaj\u0105 na wygodne sp\u0119dzanie czasu na tarasie, nawet w ch\u0142odniejsze wieczory. Z kolei chodniczki i dywaniki, szczeg\u00f3lnie dobrze pasuj\u0105ce do aran\u017cacji:<\/p>\n<ul>\n<li>boho,<\/li>\n<li>rustykalnych,<\/li>\n<li>prowansalskich,<\/li>\n<\/ul>\n<p>dodaj\u0105 wygody szczeg\u00f3lnie wtedy, gdy w godzinach porannych wyjdziesz boso na taras, by m\u00f3c cieszy\u0107 si\u0119 urokiem poranka.<\/p>\n<p>[[kategoria:2002:6]]<\/p>\n<h2>Jakie meble tarasowe warto wybra\u0107?<\/h2>\n<p>Coraz cz\u0119\u015bciej uwa\u017ca si\u0119, \u017ce taras jest jak drugi salon. Dlatego przy urz\u0105dzaniu tego miejsca warto wybra\u0107 meble tapicerowane, kt\u00f3re cz\u0119sto wi\u0105\u017c\u0105 si\u0119 z komfortem i elegancj\u0105. Zestawy mebli tapicerowanych, do kt\u00f3rych zalicza si\u0119 np. sofy ogrodowe czy fotele uszaki, mog\u0105 wydawa\u0107 si\u0119 trudne do rozstawienia na zewn\u0119trznych tarasach, ale je\u015bli odpowiednio to rozplanujesz, powinno uda\u0107 Ci si\u0119 rozstawi\u0107 <strong>meble ogrodowe <\/strong>bez wywo\u0142ywania problemu w postaci zagraconego tarasu.<\/p>\n<p>Kiedy urz\u0105dzamy k\u0105cik relaksu na tarasie, warto pomy\u015ble\u0107 o dodaniu <a href=\"https:\/\/www.meblobranie.pl\/hamaki-ogrodowe\">hamak\u00f3w<\/a> i <a href=\"https:\/\/www.meblobranie.pl\/lezaki-ogrodowe\">le\u017cak\u00f3w<\/a>. Te elementy nie tylko sk\u0142aniaj\u0105 do sp\u0119dzania czasu na \u015bwie\u017cym powietrzu, ale tak\u017ce sprawiaj\u0105, \u017ce taras jest przytulny i relaksacyjny. Hamaki i le\u017caki s\u0105 idealnym dodatkiem do mebli ogrodowych, zach\u0119caj\u0105c domownik\u00f3w do odpoczynku na \u015bwie\u017cym powietrzu. Dzi\u0119ki nim nawet ma\u0142y taras mo\u017ce sta\u0107 si\u0119 miejscem, gdzie mo\u017cna oderwa\u0107 si\u0119 od codziennej gonitwy i zrelaksowa\u0107 si\u0119 w otoczeniu natury.<\/p>\n<div style=\"width: 840px\" class=\"wp-caption aligncenter\"><img loading=\"lazy\" decoding=\"async\" src=\"https:\/\/www.meblobranie.pl\/porady\/wp-content\/uploads\/2024\/02\/jak-ustawic-meble-tarasowe-1.jpeg\" alt=\"Naro\u017cnik ogrodowy na drewnianym tarasie\" width=\"830\" height=\"623\" \/><p class=\"wp-caption-text\"><a href=\"https:\/\/www.meblobranie.pl\/ogrodowe\/narozniki-ogrodowe\">Naro\u017cnik ogrodowy<\/a> na drewnianym tarasie<\/p><\/div>\n<h2>Meble tarasowe \u2014 jakie materia\u0142y wykorzystuje si\u0119 w celu aran\u017cacji tarasu? Meble rattanowe, meble drewniane, meble metalowe i nie tylko \u2014 jak urz\u0105dzi\u0107 taras?<\/h2>\n<p>Kiedy wybierasz <strong>meble ogrodowe<\/strong>, musisz wiedzie\u0107, \u017ce wa\u017cne jest zwr\u00f3cenie uwagi nie tylko na ich design (rzecz jasna, estetyka jest bardzo wa\u017cna), ale tak\u017ce na materia\u0142 obicia oraz jego wype\u0142nienie. Przyk\u0142adowo, rattan sprawdza si\u0119 doskonale dla sof ogrodowych i foteli zewn\u0119trznych, ze wzgl\u0119du na swoj\u0105 wytrzyma\u0142o\u015b\u0107 i odporno\u015b\u0107 na wilgo\u0107. Siedziska z rattanu nie musz\u0105 by\u0107 przenoszone do domu podczas deszczu, co stanowi dodatkow\u0105 zalet\u0119 (wygoda). W efekcie, nawet po wielu sezonach u\u017cywania siedziska wykonane z u\u017cyciem tego materia\u0142u utrzymuj\u0105 swoj\u0105 estetyk\u0119.<\/p>\n<p>Je\u015bli zakupimy wyposa\u017cenie na taras wykonane z u\u017cyciem trwa\u0142ych materia\u0142\u00f3w, z pewno\u015bci\u0105 b\u0119dziemy ch\u0119tnie wraca\u0107 do naszych mebli ogrodowych, ciesz\u0105c si\u0119 nie tylko ich u\u017cyteczno\u015bci\u0105, ale tak\u017ce estetyk\u0105 przez wiele sezon\u00f3w.<\/p>\n<p>Meble z rattanu i wikliny to \u015bwietna opcja dla fan\u00f3w stylu boho, kt\u00f3rzy chc\u0105 nada\u0107 swojemu tarasowi niezwyk\u0142ego klimatu. Ich delikatno\u015b\u0107, szyk i komfort sprawi\u0105, \u017ce taras stanie si\u0119 prawdziw\u0105 stref\u0105 relaksu, gdzie czas na \u015bwie\u017cym powietrzu b\u0119dzie mia\u0142 now\u0105, niecodzienn\u0105 jako\u015b\u0107. O ile jednak wilgo\u0107 nie stanowi wi\u0119kszego problemu, to nale\u017cy pami\u0119ta\u0107 o odpowiedniej ochronie przed silnym s\u0142o\u0144cem, aby meble nie straci\u0142y swojego wdzi\u0119ku, a zwolennicy boho mogli podziwia\u0107 ich sta\u0142e pi\u0119kno nawet wtedy, gdy na dworze panuje nie najlepsza pogoda (a w Polsce jest to mo\u017cliwe nawet latem&#8230;).<\/p>\n<p><a href=\"https:\/\/www.meblobranie.pl\/ogrod-meble-ogrodowe\/material-technorattan\">Meble z technorattanu<\/a>, metalu i plastiku to alternatywy cechuj\u0105ce si\u0119 solidno\u015bci\u0105 i prostot\u0105 w czyszczeniu, co czyni je interesuj\u0105cymi dla tych, kt\u00f3rzy lubi\u0105 praktyczne rozwi\u0105zania. W<strong>yposa\u017cenie z technorattanu, dzi\u0119ki swojej wytrzyma\u0142o\u015bci na zmiany temperatury i opady pogodowe, nadaje si\u0119 doskonale do u\u017cytku na zewn\u0105trz, tworz\u0105c nie tylko modne, ale r\u00f3wnie\u017c funkcjonalne \u015brodowisko.<\/strong> <a href=\"https:\/\/www.meblobranie.pl\/ogrod-meble-ogrodowe\/material-metal\">Metalowe meble ogrodowe<\/a>, cho\u0107 s\u0105 solidne, to potrzebuj\u0105 specjalnej ochrony przed rdzewieniem, zw\u0142aszcza gdy s\u0105 lekko uszkodzone, co oznacza, \u017ce ich d\u0142ugie u\u017cytkowanie zale\u017cy w du\u017cej mierze od regularnej konserwacji. Z kolei meble plastikowe, wprawdzie l\u017cejsze, mog\u0105 by\u0107 mniej wytrzyma\u0142e na warunki pogodowe, co trzeba wzi\u0105\u0107 pod uwag\u0119 przy wyborze ich zakupu.<\/p>\n<div id=\"attachment_39381\" style=\"width: 840px\" class=\"wp-caption aligncenter\"><img loading=\"lazy\" decoding=\"async\" aria-describedby=\"caption-attachment-39381\" class=\"wp-image-39381 size-full\" src=\"https:\/\/www.meblobranie.pl\/porady\/wp-content\/uploads\/2023\/01\/meble-tarasowe-2023.jpeg\" alt=\"Meble modu\u0142owe metalowe na zabudowanym tarasie\" width=\"830\" height=\"623\" srcset=\"https:\/\/www.meblobranie.pl\/porady\/wp-content\/uploads\/2023\/01\/meble-tarasowe-2023.jpeg 830w, https:\/\/www.meblobranie.pl\/porady\/wp-content\/uploads\/2023\/01\/meble-tarasowe-2023-300x225.jpeg 300w, https:\/\/www.meblobranie.pl\/porady\/wp-content\/uploads\/2023\/01\/meble-tarasowe-2023-768x576.jpeg 768w\" sizes=\"auto, (max-width: 830px) 100vw, 830px\" \/><p id=\"caption-attachment-39381\" class=\"wp-caption-text\">Meble modu\u0142owe metalowe na zabudowanym tarasie<\/p><\/div>\n<p>Przy wyborze mebli ogrodowych warto r\u00f3wnie\u017c zwr\u00f3ci\u0107 uwag\u0119 na wielko\u015b\u0107 tarasu i dostosowa\u0107 rozmiary mebli do dost\u0119pnej przestrzeni, aby uzyska\u0107 sp\u00f3jn\u0105 aran\u017cacj\u0119. Du\u017ce tarasy daj\u0105 mo\u017cliwo\u015b\u0107 tworzenia bardziej rozbudowanych aran\u017cacji, zawieraj\u0105cych zar\u00f3wno stref\u0119 odpoczynku, jak i miejsce przeznaczone do spo\u017cywania posi\u0142k\u00f3w itp., tworz\u0105c wszechstronn\u0105 przestrze\u0144 do sp\u0119dzania czasu na \u015bwie\u017cym powietrzu.<\/p>\n<p>W przypadku mniejszych przestrzeni warto skupi\u0107 si\u0119 na funkcjonalno\u015bci, wybieraj\u0105c meble o skromnych rozmiarach, co pozwoli Ci utrzyma\u0107 r\u00f3wnowag\u0119 mi\u0119dzy estetyk\u0105 a praktyczno\u015bci\u0105 i umo\u017cliwi pe\u0142ne korzystanie z dost\u0119pnej przestrzeni nawet w przypadku niewielkich taras\u00f3w.<\/p>\n<div id=\"attachment_35737\" style=\"width: 840px\" class=\"wp-caption aligncenter\"><img loading=\"lazy\" decoding=\"async\" aria-describedby=\"caption-attachment-35737\" class=\"size-full wp-image-35737\" src=\"https:\/\/www.meblobranie.pl\/porady\/wp-content\/uploads\/2022\/02\/jak-oslonic-taras-przed-sasiadami.jpeg\" alt=\"Pomys\u0142 na ma\u0142y taras w ogrodzie\" width=\"830\" height=\"623\" srcset=\"https:\/\/www.meblobranie.pl\/porady\/wp-content\/uploads\/2022\/02\/jak-oslonic-taras-przed-sasiadami.jpeg 830w, https:\/\/www.meblobranie.pl\/porady\/wp-content\/uploads\/2022\/02\/jak-oslonic-taras-przed-sasiadami-300x225.jpeg 300w, https:\/\/www.meblobranie.pl\/porady\/wp-content\/uploads\/2022\/02\/jak-oslonic-taras-przed-sasiadami-768x576.jpeg 768w\" sizes=\"auto, (max-width: 830px) 100vw, 830px\" \/><p id=\"caption-attachment-35737\" class=\"wp-caption-text\">Meble technorattanowe na ma\u0142ym tarasie<\/p><\/div>\n<h2>Dob\u00f3r odpowiedniego o\u015bwietlenia na tarasie r\u00f3wnie\u017c jest wa\u017cny<\/h2>\n<p><strong>Taras <\/strong>to miejsce, kt\u00f3re wymaga odpowiedniego o\u015bwietlenia, aby nada\u0107 mu odpowiedni nastr\u00f3j. Przyk\u0142adowo, styl rustykalny lub prowansalski b\u0119d\u0105 pi\u0119knie prezentowa\u0107 si\u0119 dzi\u0119ki kinkietom i lampom wisz\u0105cym na\u015bladuj\u0105cym dawne kandelabry i latarnie, tworz\u0105c sentymentalny klimat nawi\u0105zuj\u0105cy do przesz\u0142o\u015bci.<\/p>\n<p>W przypadku stylu boho lub skandynawskiego lampy wisz\u0105ce z technorattanow\u0105 opraw\u0105 b\u0119d\u0105 dobrym wyborem, dodaj\u0105c tarasowi nut\u0119 nowoczesno\u015bci, jednocze\u015bnie zachowuj\u0105c subtelny, naturalny styl.<\/p>\n<p>Punktowe \u015bwiat\u0142o LED, natomiast, doskonale sprawdzi si\u0119 na tarasach urz\u0105dzonych w stylu nowoczesnym i minimalistycznym, nadaj\u0105c im elegancji i funkcjonalno\u015bci.<\/p>\n<p>Dobrze dobrane o\u015bwietlenie jest w stanie doda\u0107 niezwyk\u0142ego klimatu, zw\u0142aszcza gdy s\u0105 to girlandy lampek, cotton balls czy \u017car\u00f3wki.<\/p>\n<p>[[kategoria:30:6]]<\/p>\n<h2>Meble ogrodowe to nie wszystko. Zadaszenie tarasu<\/h2>\n<p>Musisz mie\u0107 na uwadze, \u017ce <strong>meble ogrodowe<\/strong> to nie jedyny element, o kt\u00f3rym nale\u017cy pomy\u015ble\u0107. <strong>Taras <\/strong>to miejsce, kt\u00f3re warto zadaszy\u0107, zw\u0142aszcza je\u015bli chcemy z niego korzysta\u0107 przez ca\u0142y sezon, niezale\u017cnie od pogody. \u017bagle, parasole ogrodowe czy zadaszenia z poliw\u0119glanu to u\u017cyteczne rozwi\u0105zania chroni\u0105ce przed s\u0142o\u0144cem i deszczem, jednocze\u015bnie nadaj\u0105c tarasowi dodatkowego wdzi\u0119ku i uniwersalno\u015bci.<\/p>\n<p>\u017bagle, proste w swojej elegancji, mog\u0105 stworzy\u0107 klimat pla\u017cowego wypoczynku, a markizy, ze swoj\u0105 tradycyjn\u0105 elegancj\u0105, wprowadzi\u0107 do przestrzeni nut\u0119 luksusu.<\/p>\n<p>Parasole ogrodowe, dost\u0119pne w r\u00f3\u017cnych kszta\u0142tach i rozmiarach, pozwalaj\u0105 dostosowa\u0107 ochron\u0119 do indywidualnych upodoba\u0144, dodaj\u0105c tarasowi osobistego stylu.<\/p>\n<p>Z kolei je\u015bli chodzi o zadaszenia z poliw\u0119glanu, to zapewniaj\u0105 one ochron\u0119 przed opadami deszczu, jednocze\u015bnie przepuszczaj\u0105c naturalne \u015bwiat\u0142o, co tworzy harmoni\u0119 pomi\u0119dzy komfortem a blisko\u015bci\u0105 z natur\u0105.<\/p>\n<h2>Nie tylko zestaw mebli ogrodowych &#8211; warto postawi\u0107 r\u00f3wnie\u017c na doniczki, w kt\u00f3rych znajd\u0105 si\u0119 ro\u015bliny<\/h2>\n<p>Podczas aran\u017cacji tarasu warto pami\u0119ta\u0107 r\u00f3wnie\u017c o dodatkach. Przyk\u0142adowo, donice na tarasie wymagaj\u0105 dobierania materia\u0142\u00f3w z uwag\u0105. Beton, wysokiej jako\u015bci tworzywo sztuczne i stal corten to wytrzyma\u0142e rozwi\u0105zania, kt\u00f3re mog\u0105 spe\u0142ni\u0107 wymagania ro\u015blin wieloletnich.<\/p>\n<p>Betonowe donice idealnie pasuj\u0105 do nowoczesnych taras\u00f3w, zachowuj\u0105c surow\u0105 faktur\u0119 betonu i stonowane barwy. Donice z tworzywa sztucznego s\u0105 wytrzyma\u0142e i dost\u0119pne w r\u00f3\u017cnych kszta\u0142tach i rozmiarach, co pozwala dopasowa\u0107 je do ka\u017cdego ogrodu, tarasu czy balkonu.<\/p>\n<p>Stal corten, ze wzgl\u0119du na sw\u00f3j charakter, doskonale \u0142\u0105czy si\u0119 zar\u00f3wno z nowoczesnymi, jak i rustykalnymi tarasami. Donice z systemem nawadniania stanowi\u0105 praktyczne rozwi\u0105zanie dla tych, kt\u00f3rzy maj\u0105 ma\u0142o czasu na piel\u0119gnacj\u0119 ro\u015blin.<\/p>\n<p>Co do ro\u015blin na tarasie, warto wybiera\u0107 takie, kt\u00f3re s\u0105 przystosowane do warunk\u00f3w panuj\u0105cych na zewn\u0105trz. Drzewa, krzewy, pn\u0105cza czy byliny mog\u0105 ozdabia\u0107 taras przez wi\u0119ksz\u0105 cz\u0119\u015b\u0107 sezonu, pod warunkiem, \u017ce s\u0105 odporne na susz\u0119 i dostosowane do nas\u0142onecznienia. Odpowiedni dob\u00f3r ro\u015blin uwzgl\u0119dniaj\u0105cy ich przezierno\u015b\u0107 w donicach czy mo\u017cliwo\u015b\u0107 przenoszenia do mieszkania podczas zimy to kluczowy element udanej aran\u017cacji zielonego tarasu<\/p>\n<p>[[kategoria:1848:6]]<\/p>\n<h2>Jak ustawi\u0107 meble ogrodowe na tarasie? Podsumowanie<\/h2>\n<p>Podsumowuj\u0105c, <strong>urz\u0105dzanie tarasu<\/strong> to z\u0142o\u017cony proces, kt\u00f3ry warto zaplanowa\u0107, bior\u0105c pod uwag\u0119 zar\u00f3wno estetyk\u0119, jak i funkcjonalno\u015b\u0107, by stworzy\u0107 przestrze\u0144 dostosowan\u0105 do w\u0142asnych potrzeb i gustu. Dobrze dobrane meble, a tak\u017ce o\u015bwietlenie, donice i ewentualne zadaszenie sprawi\u0105, \u017ce taras stanie si\u0119 nie tylko praktycznym miejscem do relaksu, ale r\u00f3wnie\u017c estetycznym akcentem, kt\u00f3ry podkre\u015bli unikalny charakter przestrzeni.<\/p>\n<p>Troska o ka\u017cdy szczeg\u00f3\u0142 pozwoli na stworzenie tarasu, kt\u00f3ry b\u0119dzie odzwierciedleniem osobistego stylu, a jednocze\u015bnie funkcjonalnym i przytulnym miejscem do sp\u0119dzania czasu na \u015bwie\u017cym powietrzu, niezale\u017cnie od warunk\u00f3w atmosferycznych.<\/p>\n<p>Je\u015bli chodzi o meble tapicerowane i poduszki na taras zewn\u0119trzny, warto wybra\u0107 materia\u0142y nie tylko \u0142adne, ale tak\u017ce odporne na warunki pogodowe (wcze\u015bniej w naszym tek\u015bcie wspomnieli\u015bmy ju\u017c o tym, jakie meble spe\u0142niaj\u0105 te warunki). Meble wykonane z materia\u0142\u00f3w odpornych na wilgo\u0107, ple\u015b\u0144 czy zanieczyszczenia zachowuj\u0105 swoje atuty (trwa\u0142o\u015b\u0107, estetyka) przez wiele sezon\u00f3w, a ich piel\u0119gnacja jest stosunkowo \u0142atwa.<\/p>\n<p>Taras powinien by\u0107 nie tylko estetyczny, ale tak\u017ce zgodny ze stylem wn\u0119trza domu, tworz\u0105c harmonijn\u0105 ca\u0142o\u015b\u0107, kt\u00f3ra \u0142\u0105czy przestrze\u0144 wewn\u0119trzn\u0105 i zewn\u0119trzn\u0105. Meble, kolory, materia\u0142y i dodatki powinny zosta\u0107 dobrze dobrane, je\u015bli zale\u017cy Ci na tym, aby taras by\u0142 naturalnym przed\u0142u\u017ceniem przestrzeni wewn\u0119trznej, tworz\u0105c sp\u00f3jn\u0105 kompozycj\u0119. Stylowe dodatki, w tym np. poduszki, dywany czy girlandy z \u017car\u00f3wkami, maj\u0105 nie tylko funkcj\u0119 ozdobn\u0105, ale tak\u017ce nadaj\u0105 tarasowi przytulno\u015bci i charakteru, czyni\u0105c go miejscem dostosowanym do tego, aby m\u00f3c sp\u0119dza\u0107 czas na \u015bwie\u017cym powietrzu.<\/p>\n","protected":false},"excerpt":{"rendered":"<p>Taras to takie miejsce, kt\u00f3re mo\u017cemy urz\u0105dzi\u0107 wed\u0142ug w\u0142asnego gustu i pomys\u0142u, ale musimy pami\u0119ta\u0107 o kilku wa\u017cnych kwestiach. Najwa\u017cniejsze jest dobranie mebli, kt\u00f3re b\u0119d\u0105 pasowa\u0107 do naszego tarasu pod k\u0105tem wygl\u0105du, funkcjonalno\u015bci i trwa\u0142o\u015bci.\u00a0Jak ustawi\u0107 meble na tarasie, \u017ceby by\u0142o praktycznie? Dowiesz si\u0119 tego&#8230; oczywi\u015bcie, wtedy, gdy przeczytasz przygotowany przez nas tekst.<\/p>\n","protected":false},"author":20,"featured_media":0,"comment_status":"open","ping_status":"closed","sticky":false,"template":"","format":"standard","meta":{"_acf_changed":false,"ngg_post_thumbnail":0,"footnotes":""},"categories":[905,6],"tags":[],"class_list":{"0":"post-43423","1":"post","2":"type-post","3":"status-publish","4":"format-standard","6":"category-ogrod","7":"category-poradnik"},"acf":[],"yoast_head":"<!-- This site is optimized with the Yoast SEO plugin v27.4 - https:\/\/yoast.com\/product\/yoast-seo-wordpress\/ -->\n<title>Jak ustawi\u0107 meble na tarasie, \u017ceby by\u0142o praktycznie? - Porady Meblobranie.pl<\/title>\n<meta name=\"description\" content=\"Jak ustawi\u0107 meble na tarasie, \u017ceby by\u0142o praktycznie? Dowiesz si\u0119 tego... oczywi\u015bcie, wtedy, gdy przeczytasz przygotowany przez nas tekst.\" \/>\n<meta name=\"robots\" content=\"index, follow, max-snippet:-1, max-image-preview:large, max-video-preview:-1\" \/>\n<link rel=\"canonical\" href=\"https:\/\/www.meblobranie.pl\/porady\/jak-ustawic-meble-na-tarasie-zeby-bylo-praktycznie\/\" \/>\n<meta name=\"twitter:label1\" content=\"Napisane przez\" \/>\n\t<meta name=\"twitter:data1\" content=\"Dawid z Meblobranie.pl\" \/>\n\t<meta name=\"twitter:label2\" content=\"Szacowany czas czytania\" \/>\n\t<meta name=\"twitter:data2\" content=\"14 minut\" \/>\n<script type=\"application\/ld+json\" class=\"yoast-schema-graph\">{\"@context\":\"https:\\\/\\\/schema.org\",\"@graph\":[{\"@type\":\"Article\",\"@id\":\"https:\\\/\\\/www.meblobranie.pl\\\/porady\\\/jak-ustawic-meble-na-tarasie-zeby-bylo-praktycznie\\\/#article\",\"isPartOf\":{\"@id\":\"https:\\\/\\\/www.meblobranie.pl\\\/porady\\\/jak-ustawic-meble-na-tarasie-zeby-bylo-praktycznie\\\/\"},\"author\":{\"name\":\"Dawid z Meblobranie.pl\",\"@id\":\"https:\\\/\\\/www.meblobranie.pl\\\/porady\\\/#\\\/schema\\\/person\\\/0c44214399e1752805db67863333461b\"},\"headline\":\"Jak ustawi\u0107 meble na tarasie, \u017ceby by\u0142o praktycznie?\",\"datePublished\":\"2024-02-27T21:37:52+00:00\",\"mainEntityOfPage\":{\"@id\":\"https:\\\/\\\/www.meblobranie.pl\\\/porady\\\/jak-ustawic-meble-na-tarasie-zeby-bylo-praktycznie\\\/\"},\"wordCount\":2828,\"commentCount\":0,\"image\":{\"@id\":\"https:\\\/\\\/www.meblobranie.pl\\\/porady\\\/jak-ustawic-meble-na-tarasie-zeby-bylo-praktycznie\\\/#primaryimage\"},\"thumbnailUrl\":\"https:\\\/\\\/www.meblobranie.pl\\\/porady\\\/wp-content\\\/uploads\\\/2024\\\/02\\\/jak-ustawic-meble-tarasowe-3.jpeg\",\"articleSection\":[\"Ogr\u00f3d\",\"Poradnik\"],\"inLanguage\":\"pl-PL\",\"potentialAction\":[{\"@type\":\"CommentAction\",\"name\":\"Comment\",\"target\":[\"https:\\\/\\\/www.meblobranie.pl\\\/porady\\\/jak-ustawic-meble-na-tarasie-zeby-bylo-praktycznie\\\/#respond\"]}]},{\"@type\":\"WebPage\",\"@id\":\"https:\\\/\\\/www.meblobranie.pl\\\/porady\\\/jak-ustawic-meble-na-tarasie-zeby-bylo-praktycznie\\\/\",\"url\":\"https:\\\/\\\/www.meblobranie.pl\\\/porady\\\/jak-ustawic-meble-na-tarasie-zeby-bylo-praktycznie\\\/\",\"name\":\"Jak ustawi\u0107 meble na tarasie, \u017ceby by\u0142o praktycznie? - Porady Meblobranie.pl\",\"isPartOf\":{\"@id\":\"https:\\\/\\\/www.meblobranie.pl\\\/porady\\\/#website\"},\"primaryImageOfPage\":{\"@id\":\"https:\\\/\\\/www.meblobranie.pl\\\/porady\\\/jak-ustawic-meble-na-tarasie-zeby-bylo-praktycznie\\\/#primaryimage\"},\"image\":{\"@id\":\"https:\\\/\\\/www.meblobranie.pl\\\/porady\\\/jak-ustawic-meble-na-tarasie-zeby-bylo-praktycznie\\\/#primaryimage\"},\"thumbnailUrl\":\"https:\\\/\\\/www.meblobranie.pl\\\/porady\\\/wp-content\\\/uploads\\\/2024\\\/02\\\/jak-ustawic-meble-tarasowe-3.jpeg\",\"datePublished\":\"2024-02-27T21:37:52+00:00\",\"author\":{\"@id\":\"https:\\\/\\\/www.meblobranie.pl\\\/porady\\\/#\\\/schema\\\/person\\\/0c44214399e1752805db67863333461b\"},\"description\":\"Jak ustawi\u0107 meble na tarasie, \u017ceby by\u0142o praktycznie? Dowiesz si\u0119 tego... oczywi\u015bcie, wtedy, gdy przeczytasz przygotowany przez nas tekst.\",\"breadcrumb\":{\"@id\":\"https:\\\/\\\/www.meblobranie.pl\\\/porady\\\/jak-ustawic-meble-na-tarasie-zeby-bylo-praktycznie\\\/#breadcrumb\"},\"inLanguage\":\"pl-PL\",\"potentialAction\":[{\"@type\":\"ReadAction\",\"target\":[\"https:\\\/\\\/www.meblobranie.pl\\\/porady\\\/jak-ustawic-meble-na-tarasie-zeby-bylo-praktycznie\\\/\"]}]},{\"@type\":\"ImageObject\",\"inLanguage\":\"pl-PL\",\"@id\":\"https:\\\/\\\/www.meblobranie.pl\\\/porady\\\/jak-ustawic-meble-na-tarasie-zeby-bylo-praktycznie\\\/#primaryimage\",\"url\":\"https:\\\/\\\/www.meblobranie.pl\\\/porady\\\/wp-content\\\/uploads\\\/2024\\\/02\\\/jak-ustawic-meble-tarasowe-3.jpeg\",\"contentUrl\":\"https:\\\/\\\/www.meblobranie.pl\\\/porady\\\/wp-content\\\/uploads\\\/2024\\\/02\\\/jak-ustawic-meble-tarasowe-3.jpeg\",\"width\":830,\"height\":623},{\"@type\":\"BreadcrumbList\",\"@id\":\"https:\\\/\\\/www.meblobranie.pl\\\/porady\\\/jak-ustawic-meble-na-tarasie-zeby-bylo-praktycznie\\\/#breadcrumb\",\"itemListElement\":[{\"@type\":\"ListItem\",\"position\":1,\"name\":\"Home\",\"item\":\"https:\\\/\\\/www.meblobranie.pl\\\/porady\\\/\"},{\"@type\":\"ListItem\",\"position\":2,\"name\":\"Jak ustawi\u0107 meble na tarasie, \u017ceby by\u0142o praktycznie?\"}]},{\"@type\":\"WebSite\",\"@id\":\"https:\\\/\\\/www.meblobranie.pl\\\/porady\\\/#website\",\"url\":\"https:\\\/\\\/www.meblobranie.pl\\\/porady\\\/\",\"name\":\"Porady Meblobranie.pl\",\"description\":\"Blog o tarasach i ogrodach\",\"potentialAction\":[{\"@type\":\"SearchAction\",\"target\":{\"@type\":\"EntryPoint\",\"urlTemplate\":\"https:\\\/\\\/www.meblobranie.pl\\\/porady\\\/?s={search_term_string}\"},\"query-input\":{\"@type\":\"PropertyValueSpecification\",\"valueRequired\":true,\"valueName\":\"search_term_string\"}}],\"inLanguage\":\"pl-PL\"},{\"@type\":\"Person\",\"@id\":\"https:\\\/\\\/www.meblobranie.pl\\\/porady\\\/#\\\/schema\\\/person\\\/0c44214399e1752805db67863333461b\",\"name\":\"Dawid z Meblobranie.pl\",\"image\":{\"@type\":\"ImageObject\",\"inLanguage\":\"pl-PL\",\"@id\":\"https:\\\/\\\/secure.gravatar.com\\\/avatar\\\/9ede1c3924e3173d8f3ad05211531161353d772865bc4dacba314dbcd46c0fef?s=96&d=mm&r=g\",\"url\":\"https:\\\/\\\/secure.gravatar.com\\\/avatar\\\/9ede1c3924e3173d8f3ad05211531161353d772865bc4dacba314dbcd46c0fef?s=96&d=mm&r=g\",\"contentUrl\":\"https:\\\/\\\/secure.gravatar.com\\\/avatar\\\/9ede1c3924e3173d8f3ad05211531161353d772865bc4dacba314dbcd46c0fef?s=96&d=mm&r=g\",\"caption\":\"Dawid z Meblobranie.pl\"},\"description\":\"Lorem Ipsum is simply dummy text of the printing and typesetting industry. Lorem Ipsum has been the industry's standard dummy text ever since the 1500s, when an unknown printer took a galley of type and scrambled it to make a type specimen book.\"}]}<\/script>\n<!-- \/ Yoast SEO plugin. -->","yoast_head_json":{"title":"Jak ustawi\u0107 meble na tarasie, \u017ceby by\u0142o praktycznie? - Porady Meblobranie.pl","description":"Jak ustawi\u0107 meble na tarasie, \u017ceby by\u0142o praktycznie? Dowiesz si\u0119 tego... oczywi\u015bcie, wtedy, gdy przeczytasz przygotowany przez nas tekst.","robots":{"index":"index","follow":"follow","max-snippet":"max-snippet:-1","max-image-preview":"max-image-preview:large","max-video-preview":"max-video-preview:-1"},"canonical":"https:\/\/www.meblobranie.pl\/porady\/jak-ustawic-meble-na-tarasie-zeby-bylo-praktycznie\/","twitter_misc":{"Napisane przez":"Dawid z Meblobranie.pl","Szacowany czas czytania":"14 minut"},"schema":{"@context":"https:\/\/schema.org","@graph":[{"@type":"Article","@id":"https:\/\/www.meblobranie.pl\/porady\/jak-ustawic-meble-na-tarasie-zeby-bylo-praktycznie\/#article","isPartOf":{"@id":"https:\/\/www.meblobranie.pl\/porady\/jak-ustawic-meble-na-tarasie-zeby-bylo-praktycznie\/"},"author":{"name":"Dawid z Meblobranie.pl","@id":"https:\/\/www.meblobranie.pl\/porady\/#\/schema\/person\/0c44214399e1752805db67863333461b"},"headline":"Jak ustawi\u0107 meble na tarasie, \u017ceby by\u0142o praktycznie?","datePublished":"2024-02-27T21:37:52+00:00","mainEntityOfPage":{"@id":"https:\/\/www.meblobranie.pl\/porady\/jak-ustawic-meble-na-tarasie-zeby-bylo-praktycznie\/"},"wordCount":2828,"commentCount":0,"image":{"@id":"https:\/\/www.meblobranie.pl\/porady\/jak-ustawic-meble-na-tarasie-zeby-bylo-praktycznie\/#primaryimage"},"thumbnailUrl":"https:\/\/www.meblobranie.pl\/porady\/wp-content\/uploads\/2024\/02\/jak-ustawic-meble-tarasowe-3.jpeg","articleSection":["Ogr\u00f3d","Poradnik"],"inLanguage":"pl-PL","potentialAction":[{"@type":"CommentAction","name":"Comment","target":["https:\/\/www.meblobranie.pl\/porady\/jak-ustawic-meble-na-tarasie-zeby-bylo-praktycznie\/#respond"]}]},{"@type":"WebPage","@id":"https:\/\/www.meblobranie.pl\/porady\/jak-ustawic-meble-na-tarasie-zeby-bylo-praktycznie\/","url":"https:\/\/www.meblobranie.pl\/porady\/jak-ustawic-meble-na-tarasie-zeby-bylo-praktycznie\/","name":"Jak ustawi\u0107 meble na tarasie, \u017ceby by\u0142o praktycznie? - Porady Meblobranie.pl","isPartOf":{"@id":"https:\/\/www.meblobranie.pl\/porady\/#website"},"primaryImageOfPage":{"@id":"https:\/\/www.meblobranie.pl\/porady\/jak-ustawic-meble-na-tarasie-zeby-bylo-praktycznie\/#primaryimage"},"image":{"@id":"https:\/\/www.meblobranie.pl\/porady\/jak-ustawic-meble-na-tarasie-zeby-bylo-praktycznie\/#primaryimage"},"thumbnailUrl":"https:\/\/www.meblobranie.pl\/porady\/wp-content\/uploads\/2024\/02\/jak-ustawic-meble-tarasowe-3.jpeg","datePublished":"2024-02-27T21:37:52+00:00","author":{"@id":"https:\/\/www.meblobranie.pl\/porady\/#\/schema\/person\/0c44214399e1752805db67863333461b"},"description":"Jak ustawi\u0107 meble na tarasie, \u017ceby by\u0142o praktycznie? Dowiesz si\u0119 tego... oczywi\u015bcie, wtedy, gdy przeczytasz przygotowany przez nas tekst.","breadcrumb":{"@id":"https:\/\/www.meblobranie.pl\/porady\/jak-ustawic-meble-na-tarasie-zeby-bylo-praktycznie\/#breadcrumb"},"inLanguage":"pl-PL","potentialAction":[{"@type":"ReadAction","target":["https:\/\/www.meblobranie.pl\/porady\/jak-ustawic-meble-na-tarasie-zeby-bylo-praktycznie\/"]}]},{"@type":"ImageObject","inLanguage":"pl-PL","@id":"https:\/\/www.meblobranie.pl\/porady\/jak-ustawic-meble-na-tarasie-zeby-bylo-praktycznie\/#primaryimage","url":"https:\/\/www.meblobranie.pl\/porady\/wp-content\/uploads\/2024\/02\/jak-ustawic-meble-tarasowe-3.jpeg","contentUrl":"https:\/\/www.meblobranie.pl\/porady\/wp-content\/uploads\/2024\/02\/jak-ustawic-meble-tarasowe-3.jpeg","width":830,"height":623},{"@type":"BreadcrumbList","@id":"https:\/\/www.meblobranie.pl\/porady\/jak-ustawic-meble-na-tarasie-zeby-bylo-praktycznie\/#breadcrumb","itemListElement":[{"@type":"ListItem","position":1,"name":"Home","item":"https:\/\/www.meblobranie.pl\/porady\/"},{"@type":"ListItem","position":2,"name":"Jak ustawi\u0107 meble na tarasie, \u017ceby by\u0142o praktycznie?"}]},{"@type":"WebSite","@id":"https:\/\/www.meblobranie.pl\/porady\/#website","url":"https:\/\/www.meblobranie.pl\/porady\/","name":"Porady Meblobranie.pl","description":"Blog o tarasach i ogrodach","potentialAction":[{"@type":"SearchAction","target":{"@type":"EntryPoint","urlTemplate":"https:\/\/www.meblobranie.pl\/porady\/?s={search_term_string}"},"query-input":{"@type":"PropertyValueSpecification","valueRequired":true,"valueName":"search_term_string"}}],"inLanguage":"pl-PL"},{"@type":"Person","@id":"https:\/\/www.meblobranie.pl\/porady\/#\/schema\/person\/0c44214399e1752805db67863333461b","name":"Dawid z Meblobranie.pl","image":{"@type":"ImageObject","inLanguage":"pl-PL","@id":"https:\/\/secure.gravatar.com\/avatar\/9ede1c3924e3173d8f3ad05211531161353d772865bc4dacba314dbcd46c0fef?s=96&d=mm&r=g","url":"https:\/\/secure.gravatar.com\/avatar\/9ede1c3924e3173d8f3ad05211531161353d772865bc4dacba314dbcd46c0fef?s=96&d=mm&r=g","contentUrl":"https:\/\/secure.gravatar.com\/avatar\/9ede1c3924e3173d8f3ad05211531161353d772865bc4dacba314dbcd46c0fef?s=96&d=mm&r=g","caption":"Dawid z Meblobranie.pl"},"description":"Lorem Ipsum is simply dummy text of the printing and typesetting industry. Lorem Ipsum has been the industry's standard dummy text ever since the 1500s, when an unknown printer took a galley of type and scrambled it to make a type specimen book."}]}},"_links":{"self":[{"href":"https:\/\/www.meblobranie.pl\/porady\/wp-json\/wp\/v2\/posts\/43423","targetHints":{"allow":["GET"]}}],"collection":[{"href":"https:\/\/www.meblobranie.pl\/porady\/wp-json\/wp\/v2\/posts"}],"about":[{"href":"https:\/\/www.meblobranie.pl\/porady\/wp-json\/wp\/v2\/types\/post"}],"author":[{"embeddable":true,"href":"https:\/\/www.meblobranie.pl\/porady\/wp-json\/wp\/v2\/users\/20"}],"replies":[{"embeddable":true,"href":"https:\/\/www.meblobranie.pl\/porady\/wp-json\/wp\/v2\/comments?post=43423"}],"version-history":[{"count":0,"href":"https:\/\/www.meblobranie.pl\/porady\/wp-json\/wp\/v2\/posts\/43423\/revisions"}],"wp:attachment":[{"href":"https:\/\/www.meblobranie.pl\/porady\/wp-json\/wp\/v2\/media?parent=43423"}],"wp:term":[{"taxonomy":"category","embeddable":true,"href":"https:\/\/www.meblobranie.pl\/porady\/wp-json\/wp\/v2\/categories?post=43423"},{"taxonomy":"post_tag","embeddable":true,"href":"https:\/\/www.meblobranie.pl\/porady\/wp-json\/wp\/v2\/tags?post=43423"}],"curies":[{"name":"wp","href":"https:\/\/api.w.org\/{rel}","templated":true}]}}