{"id":43948,"date":"2024-05-12T22:25:36","date_gmt":"2024-05-12T20:25:36","guid":{"rendered":"https:\/\/www.meblobranie.pl\/porady\/?p=43948"},"modified":"2024-05-13T23:12:00","modified_gmt":"2024-05-13T21:12:00","slug":"jak-urzadzic-taras-w-bloku-inspiracje-i-aranzacje","status":"publish","type":"post","link":"https:\/\/www.meblobranie.pl\/porady\/jak-urzadzic-taras-w-bloku-inspiracje-i-aranzacje\/","title":{"rendered":"Jak urz\u0105dzi\u0107 taras w bloku? Inspiracje i aran\u017cacje"},"content":{"rendered":"<p>Taras w bloku cz\u0119sto ma to do siebie, \u017ce nie jest tak du\u017cy jak ten znajduj\u0105cy si\u0119 w domku jednorodzinnym (cho\u0107 nie jest to regu\u0142\u0105). Mimo to mo\u017cna go zaaran\u017cowa\u0107 w spos\u00f3b estetyczny i funkcjonalny, tak aby m\u00f3g\u0142 pe\u0142ni\u0107 funkcj\u0119 miejsca wypoczynku oraz spotka\u0144 ze znajomymi. W tym artykule opisujemy najwa\u017cniejsze style, w kt\u00f3rych mo\u017cna urz\u0105dzi\u0107 taras w bloku i podpowiadamy, czym si\u0119 kierowa\u0107, wybieraj\u0105c <a href=\"https:\/\/www.meblobranie.pl\/ogrod-meble-ogrodowe\">meble ogrodowe,<\/a> ro\u015bliny na balkon, <a href=\"https:\/\/www.meblobranie.pl\/porady\/oswietlenie-tarasu-jakie-lampy-wybrac\/\">o\u015bwietlenie tarasu<\/a> i r\u00f3\u017cne inne dodatki.<\/p>\n<p><img loading=\"lazy\" decoding=\"async\" class=\"aligncenter wp-image-43950 size-full\" src=\"https:\/\/www.meblobranie.pl\/porady\/wp-content\/uploads\/2024\/05\/taras-w-bloku-1.jpg\" alt=\"Jak urz\u0105dzi\u0107 taras w bloku?\" width=\"830\" height=\"554\" srcset=\"https:\/\/www.meblobranie.pl\/porady\/wp-content\/uploads\/2024\/05\/taras-w-bloku-1.jpg 830w, https:\/\/www.meblobranie.pl\/porady\/wp-content\/uploads\/2024\/05\/taras-w-bloku-1-300x200.jpg 300w, https:\/\/www.meblobranie.pl\/porady\/wp-content\/uploads\/2024\/05\/taras-w-bloku-1-768x513.jpg 768w\" sizes=\"auto, (max-width: 830px) 100vw, 830px\" \/><!--more--><\/p>\n\n<h2>W jakim stylu urz\u0105dzi\u0107 taras w bloku?<\/h2>\n<p>Niezale\u017cnie od wielko\u015bci tarasu mo\u017cemy skorzysta\u0107 z r\u00f3\u017cnych mo\u017cliwo\u015bci aran\u017cacyjnych. Je\u015bli mamy nowy taras, to najlepiej zaplanowa\u0107 od razu ca\u0142o\u015b\u0107 jego wyposa\u017cenia, od og\u00f3\u0142u do szczeg\u00f3\u0142u. Mo\u017cna te\u017c dokona\u0107 generalnego remontu, przechodz\u0105c z jednego stylu na inny, jednak w wielu przypadkach b\u0119dzie to wymaga\u0142o wymiany wszystkich element\u00f3w aran\u017cacji, pocz\u0105wszy od mebli, poprzez o\u015bwietlenie, a sko\u0144czywszy na najdrobniejszych dodatkach i dekoracjach. W przeciwnym razie nie uzyskamy efektu sp\u00f3jno\u015bci w ca\u0142ej kompozycji. Prze\u015bled\u017amy, jakie s\u0105 najcz\u0119\u015bciej wykorzystywane style i czym si\u0119 charakteryzuj\u0105.<\/p>\n<p>[[kategoria:30:6]]<\/p>\n<h3>Styl nowoczesny na tarasie w bloku<\/h3>\n<p><strong>Wyr\u00f3\u017cnia go przede wszystkim prostota i minimalizm.<\/strong> Meble ogrodowe, za pomoc\u0105 kt\u00f3rych b\u0119dziemy chcieli urz\u0105dzi\u0107 taras w bloku w stylu nowoczesnym, musz\u0105 by\u0107 w stonowanych kolorach (cho\u0107 cz\u0119sto wykorzystuje si\u0119 jasne, wyraziste akcenty) i powinny mie\u0107 nieskomplikowane kszta\u0142ty. Materia\u0142y do produkcji takich mebli tarasowych to zwykle technorattan, metal czy szk\u0142o.<\/p>\n<p>Istotny jest praktycyzm, wi\u0119c \u015bmia\u0142o mo\u017cesz wybra\u0107 sk\u0142adane meble, zw\u0142aszcza je\u015bli masz do dyspozycji niewielk\u0105 przestrze\u0144 i chcesz j\u0105 dobrze wykorzysta\u0107. Je\u015bli chodzi o dodatki, to unikajmy nadmiaru ozd\u00f3b. Znacznie lepiej sprawdzi si\u0119 pewna surowo\u015b\u0107 i stawianie na proste, geometryczne formy ni\u017c barokowy przepych. Ca\u0142o\u015bci dope\u0142ni odpowiednie o\u015bwietlenie &#8211; najlepiej w postaci punktowo rozmieszczonych \u015bwiate\u0142ek LED.<\/p>\n<div id=\"attachment_43951\" style=\"width: 840px\" class=\"wp-caption aligncenter\"><img loading=\"lazy\" decoding=\"async\" aria-describedby=\"caption-attachment-43951\" class=\"wp-image-43951 size-full\" src=\"https:\/\/www.meblobranie.pl\/porady\/wp-content\/uploads\/2024\/05\/taras-w-bloku-2.jpg\" alt=\"Nowoczesny taras w bloku \" width=\"830\" height=\"554\" srcset=\"https:\/\/www.meblobranie.pl\/porady\/wp-content\/uploads\/2024\/05\/taras-w-bloku-2.jpg 830w, https:\/\/www.meblobranie.pl\/porady\/wp-content\/uploads\/2024\/05\/taras-w-bloku-2-300x200.jpg 300w, https:\/\/www.meblobranie.pl\/porady\/wp-content\/uploads\/2024\/05\/taras-w-bloku-2-768x513.jpg 768w\" sizes=\"auto, (max-width: 830px) 100vw, 830px\" \/><p id=\"caption-attachment-43951\" class=\"wp-caption-text\">Nowoczesny taras w bloku z <a href=\"https:\/\/www.meblobranie.pl\/ogrod-meble-ogrodowe\/material-aluminium\">aluminiowymi meblami ogrodowymi<\/a><\/p><\/div>\n<h3>Styl skandynawski w urz\u0105dzaniu tarasu w bloku<\/h3>\n<p>Ten spos\u00f3b aran\u017cacji tarasu jest zbli\u017cony do stylu nowoczesnego. Tu r\u00f3wnie\u017c wskazane s\u0105 meble ogrodowe o prostych formach, ale <strong>charakterystyczn\u0105 cech\u0105 jest wykorzystywanie jasnych barw oraz naturalnych materia\u0142\u00f3w<\/strong>. Zamiast technorattanu aran\u017cacje skandynawskie b\u0119d\u0105 wi\u0119c raczej stawia\u0142y na jasne odcienie drewna, rattan naturalny czy wiklin\u0119. Na tego typu tarasy \u015bwietnie pasuj\u0105 r\u00f3\u017cne wyplatane elementy.<\/p>\n<p>Pod\u0142og\u0119 lepiej b\u0119dzie wy\u0142o\u017cy\u0107 deskami ni\u017c p\u0142ytkami. \u015awietnym pomys\u0142em, by urz\u0105dzi\u0107 tak\u0105 przestrze\u0144, jest r\u00f3wnie\u017c wykorzystanie ceg\u0142y lub szarego kamienia. Nawet je\u015bli mamy ma\u0142y taras w bloku, warto znale\u017a\u0107 miejsce na ro\u015bliny, cho\u0107by w wisz\u0105cych donicach. Wybierajmy raczej te o naturalnych kszta\u0142tach i kolorach, np. trawy ozdobne. Chodzi o to, by stworzy\u0107 przyjemn\u0105 atmosfer\u0119, zielony zak\u0105tek pe\u0142en spokoju i harmonii.<\/p>\n<p>[[kategoria:2055:6]]<\/p>\n<h3>Aran\u017cacja tarasu w stylu \u015br\u00f3dziemnomorskim<\/h3>\n<p>Urz\u0105dzenie tarasu w stylu \u015br\u00f3dziemnomorskim polega przede wszystkim na <strong>wykorzystaniu element\u00f3w tworz\u0105cych przyjazn\u0105 i przytuln\u0105 przestrze\u0144<\/strong>. Stawiajmy na lekkie, funkcjonalne meble tarasowe, kt\u00f3re zarazem zapewni\u0105 nam komfortowy wypoczynek w upalne dni. Warto pomy\u015ble\u0107 o tym, by wybra\u0107 dobre o\u015bwietlenie do wieczornego relaksu z ksi\u0105\u017ck\u0105 &#8211; najlepiej sprawdz\u0105 si\u0119 lampy wisz\u0105ce lub stoj\u0105ce, daj\u0105ce du\u017co \u015bwiat\u0142a.<\/p>\n<p>Klimat kraj\u00f3w basenu Morza \u015ar\u00f3dziemnego na naszym tarasie pomog\u0105 nam te\u017c przywo\u0142a\u0107 tkaniny z orientalnymi motywami czy jedwabne poduszki. Barwy charakterystyczne dla tego rodzaju aran\u017cacji to g\u0142\u00f3wnie te kojarz\u0105ce si\u0119 z przyrod\u0105, a wi\u0119c zielenie, \u017c\u00f3\u0142cie, czerwienie, be\u017ce i b\u0142\u0119kity. Wa\u017cn\u0105 rol\u0119 odgrywa biel, kt\u00f3r\u0105 mo\u017cna wykorzysta\u0107 jako kolor bazowy. Warto postawi\u0107 te\u017c na odcienie szaro\u015bci.<\/p>\n<div id=\"attachment_43952\" style=\"width: 840px\" class=\"wp-caption aligncenter\"><img loading=\"lazy\" decoding=\"async\" aria-describedby=\"caption-attachment-43952\" class=\"wp-image-43952 size-full\" src=\"https:\/\/www.meblobranie.pl\/porady\/wp-content\/uploads\/2024\/05\/taras-w-bloku-3.jpg\" alt=\"Meble technorattan na tarasie\" width=\"830\" height=\"554\" srcset=\"https:\/\/www.meblobranie.pl\/porady\/wp-content\/uploads\/2024\/05\/taras-w-bloku-3.jpg 830w, https:\/\/www.meblobranie.pl\/porady\/wp-content\/uploads\/2024\/05\/taras-w-bloku-3-300x200.jpg 300w, https:\/\/www.meblobranie.pl\/porady\/wp-content\/uploads\/2024\/05\/taras-w-bloku-3-768x513.jpg 768w\" sizes=\"auto, (max-width: 830px) 100vw, 830px\" \/><p id=\"caption-attachment-43952\" class=\"wp-caption-text\"><a href=\"https:\/\/www.meblobranie.pl\/ogrod-meble-ogrodowe\/material-technorattan\">Meble technorattan<\/a> na tarasie<\/p><\/div>\n<h3>Taras w bloku w stylu rustykalnym<\/h3>\n<p>Urz\u0105dzaj\u0105c taras w stylu rustykalnym, pami\u0119tajmy, \u017ce du\u017c\u0105 rol\u0119 odgrywaj\u0105 w nim jasne kolory. Powinny by\u0107 stonowane i dawa\u0107 wra\u017cenie naturalno\u015bci, np. z\u0142amana biel, be\u017ce czy delikatne br\u0105zy. <strong>Ca\u0142\u0105 ide\u0105 takiej aran\u017cacji jest to by stworzy\u0107 przytulne miejsce kojarz\u0105ce si\u0119 ze spokojn\u0105 wsi\u0105. <\/strong>Na rustykalny taras w bloku wybierzmy wygodne meble, najlepiej z drewna, wikliny b\u0105d\u017a naturalnego rattanu. Je\u015bli chodzi o tkaniny, to \u015bwietnym wyborem b\u0119d\u0105 imitacje jutowych work\u00f3w czy lnianego p\u0142\u00f3tna wybielonego przez s\u0142o\u0144ce. Prawdziwie komfortow\u0105 stref\u0119 wypoczynkow\u0105 pomog\u0105 nam stworzy\u0107 wygodne poduchy.<\/p>\n<p>Na taras rustykalny pasuj\u0105 w zasadzie wszystkie ro\u015bliny. Nie nale\u017cy si\u0119 martwi\u0107 o ich formy czy kolory &#8211; wr\u0119cz wskazana jest r\u00f3\u017cnorodno\u015b\u0107 i wielobarwno\u015b\u0107, tak aby przestrze\u0144 przywodzi\u0142a na my\u015bl warunki panuj\u0105ce na naturalnej, kwietnej \u0142\u0105ce. Zamiast plastiku, znacznie lepiej posadzi\u0107 ro\u015bliny w glinianych donicach lub wiklinowych koszyczkach. Co do ozd\u00f3b i dodatk\u00f3w, to na taki taras w bloku wskazane s\u0105 r\u00f3\u017cnego rodzaju koronki, hafty, plecionki, sznureczki czy a\u017curowe konstrukcje.<\/p>\n<p>[[kategoria:1996:6]]<\/p>\n<h2>Inne pomys\u0142y na aran\u017cacj\u0119 tarasu w bloku<\/h2>\n<p>Oczywi\u015bcie, opr\u00f3cz wy\u017cej wymienionych styl\u00f3w, do dyspozycji mamy jeszcze wiele innych. Przyk\u0142adowo, nowoczesna aran\u017cacja tarasu w bloku mo\u017ce przybra\u0107 charakter typowo industrialny lub <em>loft<\/em>. Do wyboru mamy te\u017c elegancki styl francuski, sielankowy angielski czy <em>modern classic<\/em>, aran\u017cacje kolonialne, klasyczne, <em>art d\u00e9co<\/em> albo romantyczny <em>shabby chic<\/em>.<\/p>\n<p>Dla mi\u0142o\u015bnik\u00f3w blasku i luksusu najlepszym wyborem b\u0119dzie taras w stylu <em>glamour<\/em>, natomiast z sentymentu do przesz\u0142o\u015bci mo\u017cna postawi\u0107 na aran\u017cacj\u0119 w stylu <em>vintage<\/em>. <em>Modern rustic <\/em>to spos\u00f3b na to, jak urz\u0105dzi\u0107 taras w bloku, by kojarzy\u0142 si\u0119 troch\u0119 z wsi\u0105, a troch\u0119 z miejskimi klimatami. Wielbiciele cieplejszych kraj\u00f3w mog\u0105 postawi\u0107 na styl kolonialny, prowansalski, toska\u0144ski, orientalny, etno czy boho.<\/p>\n<div style=\"width: 840px\" class=\"wp-caption aligncenter\"><img loading=\"lazy\" decoding=\"async\" src=\"https:\/\/www.meblobranie.pl\/porady\/wp-content\/uploads\/2024\/05\/taras-w-bloku-4.jpg\" alt=\"Wygodne kanapy ogrodowe na tarasie\" width=\"830\" height=\"530\" \/><p class=\"wp-caption-text\">Wygodne <a href=\"https:\/\/www.meblobranie.pl\/sofy-ogrodowe\">kanapy ogrodowe<\/a> na tarasie<\/p><\/div>\n<h2>Jakie meble na taras w bloku?<\/h2>\n<h3>Jak urz\u0105dzi\u0107 ma\u0142y taras a jak du\u017cy taras?<\/h3>\n<p>Strefa relaksu przy naszym mieszkaniu w bloku nie powstanie bez wyposa\u017cenia tworz\u0105cego przytulny nastr\u00f3j. Przy urz\u0105dzeniu tarasu szczeg\u00f3lnie istotne s\u0105 wygodne meble. <strong>Ich ilo\u015b\u0107 i rodzaj zale\u017cy przede wszystkim od naszych indywidualnych potrzeb oraz od tego, czy mamy sporo miejsca czy jest to naprawd\u0119 ma\u0142y taras. <\/strong><\/p>\n<p>Mo\u017cemy wybra\u0107 minimalistyczny komplet, sk\u0142adaj\u0105cy si\u0119 tylko ze stolika kawowego i jednego czy dw\u00f3ch foteli b\u0105d\u017a le\u017cak\u00f3w. Je\u015bli nasz taras to przede wszystkim strefa spotka\u0144, a dost\u0119pna przestrze\u0144 na to pozwala, to warto postawi\u0107 na rozbudowany zestaw wypoczynkowy z komfortow\u0105 kanap\u0105, pufami i fotelami lub zakupi\u0107 st\u00f3\u0142 obiadowy z krzes\u0142ami mog\u0105cy pomie\u015bci\u0107 wielu go\u015bci. Hamak lub wisz\u0105cy fotel powinny si\u0119 zmie\u015bci\u0107, nawet je\u015bli mamy niezbyt du\u017cy taras.<\/p>\n<h3>Z czego powinny by\u0107 wykonane meble na taras w bloku?<\/h3>\n<p>Do kwestii materia\u0142\u00f3w, z jakich wykonane b\u0119d\u0105 meble, podejdziemy inaczej, w zale\u017cno\u015bci od tego, czy jest to taras zadaszony czy te\u017c w pe\u0142ni otwarty. <strong>Niekt\u00f3re tworzywa nie mog\u0105 by\u0107 wystawione na oddzia\u0142ywanie wilgoci i trudnych warunk\u00f3w atmosferycznych<\/strong>, co przy braku zadaszenia wi\u0105za\u0142oby si\u0119 z konieczno\u015bci\u0105 ci\u0105g\u0142ego chowania ich i wystawiania, w zale\u017cno\u015bci od pogody. Dla domownik\u00f3w z pewno\u015bci\u0105 by\u0142oby to mocno uci\u0105\u017cliwe.<\/p>\n<p>Niekt\u00f3re sposoby aran\u017cacji tarasu w bloku najlepiej wsp\u00f3\u0142graj\u0105 z naturalnymi materia\u0142ami, jednak pami\u0119tajmy, \u017ce przewa\u017cnie s\u0105 one mniej odporne od metalu czy dobrych jako\u015bciowo tworzyw sztucznych. Meble z drewna mog\u0105 te\u017c wymaga\u0107 systematycznej impregnacji, co bywa k\u0142opotliwe.<\/p>\n<p>Du\u017c\u0105 popularno\u015bci\u0105 ciesz\u0105 si\u0119 w ostatnich latach zestawy wypoczynkowe wykonane z technorattanu. Jest to materia\u0142, kt\u00f3rego wygl\u0105d doskonale imituje rattan naturalny, jednak jest od niego znacznie bardziej wytrzyma\u0142y. Technorattanowe meble mog\u0105 sta\u0107 na \u015bwie\u017cym powietrzu nawet przez ca\u0142y rok (przed zim\u0105 zaleca si\u0119 tylko okrycie ich pokrowcami), gdy\u017c nie szkodzi im wilgo\u0107.<\/p>\n<p>Niekt\u00f3rzy w\u0142a\u015bciciele tarasu martwi\u0105 si\u0119 r\u00f3wnie\u017c o to, \u017ce kto\u015b pod ich nieobecno\u015b\u0107 m\u00f3g\u0142by im ukra\u015b\u0107 meble i z tego powodu nie decyduj\u0105 si\u0119 na zakup najdro\u017cszych modeli. Ten problem nie dotyczy raczej taras\u00f3w znajduj\u0105cych si\u0119 na wy\u017cszych pi\u0119trach. <strong>Poza wzgl\u0119dami praktycznymi pozostaje jeszcze kwestia w\u0142asnego gustu. <\/strong>To przecie\u017c ma by\u0107 nasz wymarzony taras, wi\u0119c powinni\u015bmy go zaprojektowa\u0107 tak, aby przestrze\u0144 cieszy\u0142a nasze oko!<\/p>\n<p>[[kategoria:1848:6]]<\/p>\n<h2>Jak dobiera\u0107 ro\u015bliny na taras w bloku?<\/h2>\n<p>Pisz\u0105c o poszczeg\u00f3lnych stylach, w jakich mo\u017cna urz\u0105dzi\u0107 taras w bloku, wspomnieli\u015bmy ju\u017c, \u017ce do niekt\u00f3rych aran\u017cacji pewne ro\u015bliny pasuj\u0105 bardziej a inne mniej. Nie powinno to by\u0107 jednak jedyne kryterium, jakie bierzemy pod uwag\u0119 przy doborze konkretnych gatunk\u00f3w, kt\u00f3re b\u0119d\u0105 zdobi\u0107 nasz k\u0105cik do wypoczynku na \u015bwie\u017cym powietrzu.<\/p>\n<p>Zar\u00f3wno kwiaty, jak i inne ro\u015blinki musz\u0105 by\u0107 wybierane <strong>z uwzgl\u0119dnieniem specyficznych warunk\u00f3w, jakie panuj\u0105 na naszym tarasie<\/strong>. Je\u015bli znajduje si\u0119 on od strony p\u00f3\u0142nocnej, to nale\u017cy postawi\u0107 na gatunki, kt\u00f3re nie potrzebuj\u0105 du\u017cej ilo\u015bci s\u0142onecznego \u015bwiat\u0142a. Podobnie jest w przypadku, gdy taras w bloku przez wi\u0119ksz\u0105 cz\u0119\u015b\u0107 dnia jest zacieniony, np. przez wysokie drzewa czy inne budynki. Przy silnym nas\u0142onecznieniu pozostaje nam wybra\u0107 ro\u015bliny, kt\u00f3re dobrze toleruj\u0105 takie warunki. Najwi\u0119kszy wyb\u00f3r gatunk\u00f3w mamy w przypadku tarasu wychodz\u0105cego na wsch\u00f3d lub zach\u00f3d.<\/p>\n<p>Oczywi\u015bcie, <strong>w aran\u017cacji r\u00f3wnie wa\u017cne jak same ro\u015bliny s\u0105 pojemniki, w kt\u00f3rych b\u0119d\u0105 ros\u0142y<\/strong>. Mog\u0105 to by\u0107 zar\u00f3wno stoj\u0105ce, jak i wisz\u0105ce doniczki, w zale\u017cno\u015bci od naszych preferencji oraz tego, gdzie mamy woln\u0105 przestrze\u0144. Najwa\u017cniejsze, aby wsp\u00f3\u0142gra\u0142y z meblami ogrodowymi oraz innymi elementami, z jakich sk\u0142ada si\u0119 wyposa\u017cenie tarasu (zar\u00f3wno pod k\u0105tem kolorystycznym, jak i tworzywa).<\/p>\n<h2>O\u015bwietlenie i dodatki w aran\u017cacji tarasu<\/h2>\n<p>Dobieraj\u0105c \u017ar\u00f3d\u0142a \u015bwiat\u0142a do naszego tarasu, powinni\u015bmy wzi\u0105\u0107 pod uwag\u0119 dwie podstawowe kwestie. <strong>Po pierwsze wzgl\u0119dy praktyczne.<\/strong> Zastan\u00f3wmy si\u0119, czy zale\u017cy nam na mocnym o\u015bwietleniu, przy kt\u00f3rym b\u0119dzie mo\u017cna np. wygodnie czyta\u0107 ksi\u0105\u017cki, czy raczej na nastrojowym, rozproszonym \u015bwietle. Nale\u017cy te\u017c przemy\u015ble\u0107, czy ma to by\u0107 o\u015bwietlenie sufitowe, kinkiety montowane w \u015bcianie czy te\u017c punktowe \u015bwiate\u0142ka rozmieszczone w r\u00f3\u017cnych cz\u0119\u015bciach tarasu.<\/p>\n<p><strong>Po drugie, kwestie wizualne. <\/strong>Dobrane przez nas \u017ar\u00f3d\u0142a \u015bwiat\u0142a musz\u0105 si\u0119 dobrze komponowa\u0107 ze wszystkimi elementami, jakie b\u0119d\u0105 tworzy\u0107 aran\u017cacj\u0119 tarasu. Do wyboru mamy m.in. klasyczne lampy z kloszami, \u015bwiece zapachowe, lampki solarne, girlandy \u015bwietlne, lampiony, \u015bwiec\u0105ce listwy, punktowe \u015bwiate\u0142ka LED czy nawet lampki choinkowe. Pami\u0119tajmy, \u017ce wszystkie lampy wystawione na bezpo\u015brednie dzia\u0142anie czynnik\u00f3w atmosferycznych powinny mie\u0107 odpowiedni\u0105 klas\u0119 szczelno\u015bci.<\/p>\n<p>Prawdziw\u0105 wisienk\u0105 na torcie, je\u015bli chodzi o urz\u0105dzenie tarasu, s\u0105 odpowiednio dobrane dekoracje. <strong>W\u015br\u00f3d najpopularniejszych ozd\u00f3b znajduj\u0105 si\u0119: \u0142apacze sn\u00f3w, ozdobne wazony, figurki, makramy, dzwonki wietrzne czy akcesoria kawowe. <\/strong>Dodatkami, kt\u00f3re ozdabiaj\u0105 przestrze\u0144, a jednocze\u015bnie posiadaj\u0105 walor funkcjonalny, s\u0105 r\u00f3\u017cnego rodzaju os\u0142ony przeciws\u0142oneczne, np. parasole, bambusowe maty, parawany, markizy czy <a href=\"https:\/\/www.meblobranie.pl\/pergole\">pergole tarasowe<\/a>.<\/p>\n<p>[[kategoria:1850:6]]<\/p>\n<h2>Aran\u017cacje tarasu w bloku &#8211; podsumowanie<\/h2>\n<p>Istnieje wiele sposob\u00f3w na to, by zagospodarowa\u0107 taras w bloku. <strong>W\u015br\u00f3d najpopularniejszych styl\u00f3w znajduj\u0105 si\u0119: nowoczesny, skandynawski, \u015br\u00f3dziemnomorski oraz rustykalny. <\/strong>Najwa\u017cniejszym elementem wyposa\u017cenia s\u0105 meble, ale na tarasie nie wolno te\u017c zapomnie\u0107 o ro\u015blinach w donicach, odpowiednio dobranym o\u015bwietleniu oraz dodatkach.<\/p>\n","protected":false},"excerpt":{"rendered":"<p>Taras w bloku cz\u0119sto ma to do siebie, \u017ce nie jest tak du\u017cy jak ten znajduj\u0105cy si\u0119 w domku jednorodzinnym (cho\u0107 nie jest to regu\u0142\u0105). Mimo to mo\u017cna go zaaran\u017cowa\u0107 w spos\u00f3b estetyczny i funkcjonalny, tak aby m\u00f3g\u0142 pe\u0142ni\u0107 funkcj\u0119 miejsca wypoczynku oraz spotka\u0144 ze znajomymi. W tym artykule opisujemy najwa\u017cniejsze style, w kt\u00f3rych mo\u017cna [&hellip;]<\/p>\n","protected":false},"author":20,"featured_media":43950,"comment_status":"open","ping_status":"closed","sticky":false,"template":"","format":"standard","meta":{"_acf_changed":false,"ngg_post_thumbnail":0,"footnotes":""},"categories":[905,6],"tags":[],"class_list":{"0":"post-43948","1":"post","2":"type-post","3":"status-publish","4":"format-standard","5":"has-post-thumbnail","7":"category-ogrod","8":"category-poradnik"},"acf":[],"yoast_head":"<!-- This site is optimized with the Yoast SEO plugin v27.4 - https:\/\/yoast.com\/product\/yoast-seo-wordpress\/ -->\n<title>Jak urz\u0105dzi\u0107 taras w bloku? Inspiracje i aran\u017cacje - Porady Meblobranie.pl<\/title>\n<meta name=\"description\" content=\"W tym artykule opisujemy najwa\u017cniejsze style, w kt\u00f3rych mo\u017cna urz\u0105dzi\u0107 taras w bloku i podpowiadamy, czym si\u0119 kierowa\u0107, wybieraj\u0105c meble ogrodowe.\" \/>\n<meta name=\"robots\" content=\"index, follow, max-snippet:-1, max-image-preview:large, max-video-preview:-1\" \/>\n<link rel=\"canonical\" href=\"https:\/\/www.meblobranie.pl\/porady\/jak-urzadzic-taras-w-bloku-inspiracje-i-aranzacje\/\" \/>\n<meta name=\"twitter:label1\" content=\"Napisane przez\" \/>\n\t<meta name=\"twitter:data1\" content=\"Dawid z Meblobranie.pl\" \/>\n\t<meta name=\"twitter:label2\" content=\"Szacowany czas czytania\" \/>\n\t<meta name=\"twitter:data2\" content=\"10 minut\" \/>\n<script type=\"application\/ld+json\" class=\"yoast-schema-graph\">{\"@context\":\"https:\\\/\\\/schema.org\",\"@graph\":[{\"@type\":\"Article\",\"@id\":\"https:\\\/\\\/www.meblobranie.pl\\\/porady\\\/jak-urzadzic-taras-w-bloku-inspiracje-i-aranzacje\\\/#article\",\"isPartOf\":{\"@id\":\"https:\\\/\\\/www.meblobranie.pl\\\/porady\\\/jak-urzadzic-taras-w-bloku-inspiracje-i-aranzacje\\\/\"},\"author\":{\"name\":\"Dawid z Meblobranie.pl\",\"@id\":\"https:\\\/\\\/www.meblobranie.pl\\\/porady\\\/#\\\/schema\\\/person\\\/0c44214399e1752805db67863333461b\"},\"headline\":\"Jak urz\u0105dzi\u0107 taras w bloku? Inspiracje i aran\u017cacje\",\"datePublished\":\"2024-05-12T20:25:36+00:00\",\"dateModified\":\"2024-05-13T21:12:00+00:00\",\"mainEntityOfPage\":{\"@id\":\"https:\\\/\\\/www.meblobranie.pl\\\/porady\\\/jak-urzadzic-taras-w-bloku-inspiracje-i-aranzacje\\\/\"},\"wordCount\":1968,\"commentCount\":0,\"image\":{\"@id\":\"https:\\\/\\\/www.meblobranie.pl\\\/porady\\\/jak-urzadzic-taras-w-bloku-inspiracje-i-aranzacje\\\/#primaryimage\"},\"thumbnailUrl\":\"https:\\\/\\\/www.meblobranie.pl\\\/porady\\\/wp-content\\\/uploads\\\/2024\\\/05\\\/taras-w-bloku-1.jpg\",\"articleSection\":[\"Ogr\u00f3d\",\"Poradnik\"],\"inLanguage\":\"pl-PL\",\"potentialAction\":[{\"@type\":\"CommentAction\",\"name\":\"Comment\",\"target\":[\"https:\\\/\\\/www.meblobranie.pl\\\/porady\\\/jak-urzadzic-taras-w-bloku-inspiracje-i-aranzacje\\\/#respond\"]}]},{\"@type\":\"WebPage\",\"@id\":\"https:\\\/\\\/www.meblobranie.pl\\\/porady\\\/jak-urzadzic-taras-w-bloku-inspiracje-i-aranzacje\\\/\",\"url\":\"https:\\\/\\\/www.meblobranie.pl\\\/porady\\\/jak-urzadzic-taras-w-bloku-inspiracje-i-aranzacje\\\/\",\"name\":\"Jak urz\u0105dzi\u0107 taras w bloku? Inspiracje i aran\u017cacje - Porady Meblobranie.pl\",\"isPartOf\":{\"@id\":\"https:\\\/\\\/www.meblobranie.pl\\\/porady\\\/#website\"},\"primaryImageOfPage\":{\"@id\":\"https:\\\/\\\/www.meblobranie.pl\\\/porady\\\/jak-urzadzic-taras-w-bloku-inspiracje-i-aranzacje\\\/#primaryimage\"},\"image\":{\"@id\":\"https:\\\/\\\/www.meblobranie.pl\\\/porady\\\/jak-urzadzic-taras-w-bloku-inspiracje-i-aranzacje\\\/#primaryimage\"},\"thumbnailUrl\":\"https:\\\/\\\/www.meblobranie.pl\\\/porady\\\/wp-content\\\/uploads\\\/2024\\\/05\\\/taras-w-bloku-1.jpg\",\"datePublished\":\"2024-05-12T20:25:36+00:00\",\"dateModified\":\"2024-05-13T21:12:00+00:00\",\"author\":{\"@id\":\"https:\\\/\\\/www.meblobranie.pl\\\/porady\\\/#\\\/schema\\\/person\\\/0c44214399e1752805db67863333461b\"},\"description\":\"W tym artykule opisujemy najwa\u017cniejsze style, w kt\u00f3rych mo\u017cna urz\u0105dzi\u0107 taras w bloku i podpowiadamy, czym si\u0119 kierowa\u0107, wybieraj\u0105c meble ogrodowe.\",\"breadcrumb\":{\"@id\":\"https:\\\/\\\/www.meblobranie.pl\\\/porady\\\/jak-urzadzic-taras-w-bloku-inspiracje-i-aranzacje\\\/#breadcrumb\"},\"inLanguage\":\"pl-PL\",\"potentialAction\":[{\"@type\":\"ReadAction\",\"target\":[\"https:\\\/\\\/www.meblobranie.pl\\\/porady\\\/jak-urzadzic-taras-w-bloku-inspiracje-i-aranzacje\\\/\"]}]},{\"@type\":\"ImageObject\",\"inLanguage\":\"pl-PL\",\"@id\":\"https:\\\/\\\/www.meblobranie.pl\\\/porady\\\/jak-urzadzic-taras-w-bloku-inspiracje-i-aranzacje\\\/#primaryimage\",\"url\":\"https:\\\/\\\/www.meblobranie.pl\\\/porady\\\/wp-content\\\/uploads\\\/2024\\\/05\\\/taras-w-bloku-1.jpg\",\"contentUrl\":\"https:\\\/\\\/www.meblobranie.pl\\\/porady\\\/wp-content\\\/uploads\\\/2024\\\/05\\\/taras-w-bloku-1.jpg\",\"width\":830,\"height\":554,\"caption\":\"Sad serious beautiful young woman sitting wrapped in gray knitted coverlet on the big glass balcony\"},{\"@type\":\"BreadcrumbList\",\"@id\":\"https:\\\/\\\/www.meblobranie.pl\\\/porady\\\/jak-urzadzic-taras-w-bloku-inspiracje-i-aranzacje\\\/#breadcrumb\",\"itemListElement\":[{\"@type\":\"ListItem\",\"position\":1,\"name\":\"Home\",\"item\":\"https:\\\/\\\/www.meblobranie.pl\\\/porady\\\/\"},{\"@type\":\"ListItem\",\"position\":2,\"name\":\"Jak urz\u0105dzi\u0107 taras w bloku? Inspiracje i aran\u017cacje\"}]},{\"@type\":\"WebSite\",\"@id\":\"https:\\\/\\\/www.meblobranie.pl\\\/porady\\\/#website\",\"url\":\"https:\\\/\\\/www.meblobranie.pl\\\/porady\\\/\",\"name\":\"Porady Meblobranie.pl\",\"description\":\"Blog o tarasach i ogrodach\",\"potentialAction\":[{\"@type\":\"SearchAction\",\"target\":{\"@type\":\"EntryPoint\",\"urlTemplate\":\"https:\\\/\\\/www.meblobranie.pl\\\/porady\\\/?s={search_term_string}\"},\"query-input\":{\"@type\":\"PropertyValueSpecification\",\"valueRequired\":true,\"valueName\":\"search_term_string\"}}],\"inLanguage\":\"pl-PL\"},{\"@type\":\"Person\",\"@id\":\"https:\\\/\\\/www.meblobranie.pl\\\/porady\\\/#\\\/schema\\\/person\\\/0c44214399e1752805db67863333461b\",\"name\":\"Dawid z Meblobranie.pl\",\"image\":{\"@type\":\"ImageObject\",\"inLanguage\":\"pl-PL\",\"@id\":\"https:\\\/\\\/secure.gravatar.com\\\/avatar\\\/9ede1c3924e3173d8f3ad05211531161353d772865bc4dacba314dbcd46c0fef?s=96&d=mm&r=g\",\"url\":\"https:\\\/\\\/secure.gravatar.com\\\/avatar\\\/9ede1c3924e3173d8f3ad05211531161353d772865bc4dacba314dbcd46c0fef?s=96&d=mm&r=g\",\"contentUrl\":\"https:\\\/\\\/secure.gravatar.com\\\/avatar\\\/9ede1c3924e3173d8f3ad05211531161353d772865bc4dacba314dbcd46c0fef?s=96&d=mm&r=g\",\"caption\":\"Dawid z Meblobranie.pl\"},\"description\":\"Lorem Ipsum is simply dummy text of the printing and typesetting industry. Lorem Ipsum has been the industry's standard dummy text ever since the 1500s, when an unknown printer took a galley of type and scrambled it to make a type specimen book.\"}]}<\/script>\n<!-- \/ Yoast SEO plugin. -->","yoast_head_json":{"title":"Jak urz\u0105dzi\u0107 taras w bloku? Inspiracje i aran\u017cacje - Porady Meblobranie.pl","description":"W tym artykule opisujemy najwa\u017cniejsze style, w kt\u00f3rych mo\u017cna urz\u0105dzi\u0107 taras w bloku i podpowiadamy, czym si\u0119 kierowa\u0107, wybieraj\u0105c meble ogrodowe.","robots":{"index":"index","follow":"follow","max-snippet":"max-snippet:-1","max-image-preview":"max-image-preview:large","max-video-preview":"max-video-preview:-1"},"canonical":"https:\/\/www.meblobranie.pl\/porady\/jak-urzadzic-taras-w-bloku-inspiracje-i-aranzacje\/","twitter_misc":{"Napisane przez":"Dawid z Meblobranie.pl","Szacowany czas czytania":"10 minut"},"schema":{"@context":"https:\/\/schema.org","@graph":[{"@type":"Article","@id":"https:\/\/www.meblobranie.pl\/porady\/jak-urzadzic-taras-w-bloku-inspiracje-i-aranzacje\/#article","isPartOf":{"@id":"https:\/\/www.meblobranie.pl\/porady\/jak-urzadzic-taras-w-bloku-inspiracje-i-aranzacje\/"},"author":{"name":"Dawid z Meblobranie.pl","@id":"https:\/\/www.meblobranie.pl\/porady\/#\/schema\/person\/0c44214399e1752805db67863333461b"},"headline":"Jak urz\u0105dzi\u0107 taras w bloku? Inspiracje i aran\u017cacje","datePublished":"2024-05-12T20:25:36+00:00","dateModified":"2024-05-13T21:12:00+00:00","mainEntityOfPage":{"@id":"https:\/\/www.meblobranie.pl\/porady\/jak-urzadzic-taras-w-bloku-inspiracje-i-aranzacje\/"},"wordCount":1968,"commentCount":0,"image":{"@id":"https:\/\/www.meblobranie.pl\/porady\/jak-urzadzic-taras-w-bloku-inspiracje-i-aranzacje\/#primaryimage"},"thumbnailUrl":"https:\/\/www.meblobranie.pl\/porady\/wp-content\/uploads\/2024\/05\/taras-w-bloku-1.jpg","articleSection":["Ogr\u00f3d","Poradnik"],"inLanguage":"pl-PL","potentialAction":[{"@type":"CommentAction","name":"Comment","target":["https:\/\/www.meblobranie.pl\/porady\/jak-urzadzic-taras-w-bloku-inspiracje-i-aranzacje\/#respond"]}]},{"@type":"WebPage","@id":"https:\/\/www.meblobranie.pl\/porady\/jak-urzadzic-taras-w-bloku-inspiracje-i-aranzacje\/","url":"https:\/\/www.meblobranie.pl\/porady\/jak-urzadzic-taras-w-bloku-inspiracje-i-aranzacje\/","name":"Jak urz\u0105dzi\u0107 taras w bloku? Inspiracje i aran\u017cacje - Porady Meblobranie.pl","isPartOf":{"@id":"https:\/\/www.meblobranie.pl\/porady\/#website"},"primaryImageOfPage":{"@id":"https:\/\/www.meblobranie.pl\/porady\/jak-urzadzic-taras-w-bloku-inspiracje-i-aranzacje\/#primaryimage"},"image":{"@id":"https:\/\/www.meblobranie.pl\/porady\/jak-urzadzic-taras-w-bloku-inspiracje-i-aranzacje\/#primaryimage"},"thumbnailUrl":"https:\/\/www.meblobranie.pl\/porady\/wp-content\/uploads\/2024\/05\/taras-w-bloku-1.jpg","datePublished":"2024-05-12T20:25:36+00:00","dateModified":"2024-05-13T21:12:00+00:00","author":{"@id":"https:\/\/www.meblobranie.pl\/porady\/#\/schema\/person\/0c44214399e1752805db67863333461b"},"description":"W tym artykule opisujemy najwa\u017cniejsze style, w kt\u00f3rych mo\u017cna urz\u0105dzi\u0107 taras w bloku i podpowiadamy, czym si\u0119 kierowa\u0107, wybieraj\u0105c meble ogrodowe.","breadcrumb":{"@id":"https:\/\/www.meblobranie.pl\/porady\/jak-urzadzic-taras-w-bloku-inspiracje-i-aranzacje\/#breadcrumb"},"inLanguage":"pl-PL","potentialAction":[{"@type":"ReadAction","target":["https:\/\/www.meblobranie.pl\/porady\/jak-urzadzic-taras-w-bloku-inspiracje-i-aranzacje\/"]}]},{"@type":"ImageObject","inLanguage":"pl-PL","@id":"https:\/\/www.meblobranie.pl\/porady\/jak-urzadzic-taras-w-bloku-inspiracje-i-aranzacje\/#primaryimage","url":"https:\/\/www.meblobranie.pl\/porady\/wp-content\/uploads\/2024\/05\/taras-w-bloku-1.jpg","contentUrl":"https:\/\/www.meblobranie.pl\/porady\/wp-content\/uploads\/2024\/05\/taras-w-bloku-1.jpg","width":830,"height":554,"caption":"Sad serious beautiful young woman sitting wrapped in gray knitted coverlet on the big glass balcony"},{"@type":"BreadcrumbList","@id":"https:\/\/www.meblobranie.pl\/porady\/jak-urzadzic-taras-w-bloku-inspiracje-i-aranzacje\/#breadcrumb","itemListElement":[{"@type":"ListItem","position":1,"name":"Home","item":"https:\/\/www.meblobranie.pl\/porady\/"},{"@type":"ListItem","position":2,"name":"Jak urz\u0105dzi\u0107 taras w bloku? Inspiracje i aran\u017cacje"}]},{"@type":"WebSite","@id":"https:\/\/www.meblobranie.pl\/porady\/#website","url":"https:\/\/www.meblobranie.pl\/porady\/","name":"Porady Meblobranie.pl","description":"Blog o tarasach i ogrodach","potentialAction":[{"@type":"SearchAction","target":{"@type":"EntryPoint","urlTemplate":"https:\/\/www.meblobranie.pl\/porady\/?s={search_term_string}"},"query-input":{"@type":"PropertyValueSpecification","valueRequired":true,"valueName":"search_term_string"}}],"inLanguage":"pl-PL"},{"@type":"Person","@id":"https:\/\/www.meblobranie.pl\/porady\/#\/schema\/person\/0c44214399e1752805db67863333461b","name":"Dawid z Meblobranie.pl","image":{"@type":"ImageObject","inLanguage":"pl-PL","@id":"https:\/\/secure.gravatar.com\/avatar\/9ede1c3924e3173d8f3ad05211531161353d772865bc4dacba314dbcd46c0fef?s=96&d=mm&r=g","url":"https:\/\/secure.gravatar.com\/avatar\/9ede1c3924e3173d8f3ad05211531161353d772865bc4dacba314dbcd46c0fef?s=96&d=mm&r=g","contentUrl":"https:\/\/secure.gravatar.com\/avatar\/9ede1c3924e3173d8f3ad05211531161353d772865bc4dacba314dbcd46c0fef?s=96&d=mm&r=g","caption":"Dawid z Meblobranie.pl"},"description":"Lorem Ipsum is simply dummy text of the printing and typesetting industry. Lorem Ipsum has been the industry's standard dummy text ever since the 1500s, when an unknown printer took a galley of type and scrambled it to make a type specimen book."}]}},"_links":{"self":[{"href":"https:\/\/www.meblobranie.pl\/porady\/wp-json\/wp\/v2\/posts\/43948","targetHints":{"allow":["GET"]}}],"collection":[{"href":"https:\/\/www.meblobranie.pl\/porady\/wp-json\/wp\/v2\/posts"}],"about":[{"href":"https:\/\/www.meblobranie.pl\/porady\/wp-json\/wp\/v2\/types\/post"}],"author":[{"embeddable":true,"href":"https:\/\/www.meblobranie.pl\/porady\/wp-json\/wp\/v2\/users\/20"}],"replies":[{"embeddable":true,"href":"https:\/\/www.meblobranie.pl\/porady\/wp-json\/wp\/v2\/comments?post=43948"}],"version-history":[{"count":0,"href":"https:\/\/www.meblobranie.pl\/porady\/wp-json\/wp\/v2\/posts\/43948\/revisions"}],"wp:featuredmedia":[{"embeddable":true,"href":"https:\/\/www.meblobranie.pl\/porady\/wp-json\/wp\/v2\/media\/43950"}],"wp:attachment":[{"href":"https:\/\/www.meblobranie.pl\/porady\/wp-json\/wp\/v2\/media?parent=43948"}],"wp:term":[{"taxonomy":"category","embeddable":true,"href":"https:\/\/www.meblobranie.pl\/porady\/wp-json\/wp\/v2\/categories?post=43948"},{"taxonomy":"post_tag","embeddable":true,"href":"https:\/\/www.meblobranie.pl\/porady\/wp-json\/wp\/v2\/tags?post=43948"}],"curies":[{"name":"wp","href":"https:\/\/api.w.org\/{rel}","templated":true}]}}