{"id":44116,"date":"2024-06-13T23:37:41","date_gmt":"2024-06-13T21:37:41","guid":{"rendered":"https:\/\/www.meblobranie.pl\/porady\/?p=44116"},"modified":"2024-06-13T23:37:41","modified_gmt":"2024-06-13T21:37:41","slug":"aranzacje-wokol-tarasu-pomysly-na-przestrzen-przy-tarasie","status":"publish","type":"post","link":"https:\/\/www.meblobranie.pl\/porady\/aranzacje-wokol-tarasu-pomysly-na-przestrzen-przy-tarasie\/","title":{"rendered":"Aran\u017cacje wok\u00f3\u0142 tarasu &#8211; pomys\u0142y na przestrze\u0144 przy tarasie"},"content":{"rendered":"<p>Dzisiaj taras nie jest oddzieln\u0105 cz\u0119\u015bci\u0105 nieruchomo\u015bci, ale stanowi jej integralny element. Z tego te\u017c wzgl\u0119du du\u017co uwagi po\u015bwi\u0119camy jego wygl\u0105dowi. Powinien on harmonizowa\u0107 ze stylem domu, a jednocze\u015bnie stanowi\u0107 p\u0142ynne przej\u015bcie do ogrodu. Jak uzyska\u0107 taki efekt, pami\u0119taj\u0105c r\u00f3wnocze\u015bnie o komforcie domownik\u00f3w i zaproszonych przez nich go\u015bci? Oto idealna aran\u017cacja wok\u00f3\u0142 tarasu, kt\u00f3ra uwzgl\u0119dnia dob\u00f3r ro\u015blin, dost\u0119p do \u015bwiat\u0142a s\u0142onecznego, gwarantuje prywatno\u015b\u0107 i wygodne miejsce do odpoczywania.<\/p>\n<p><img decoding=\"async\" class=\"aligncenter\" src=\"https:\/\/www.meblobranie.pl\/porady\/wp-content\/uploads\/2019\/03\/jakie-meble-tarasowe.jpeg\" \/><!--more--><\/p>\n\n<h2>Ro\u015bliny na tarasie i wok\u00f3\u0142 niego &#8211; zielona, koj\u0105ca aran\u017cacja<\/h2>\n<h3>Dob\u00f3r ro\u015blinno\u015bci<\/h3>\n<p>Dob\u00f3r ro\u015blin ma du\u017ce znaczenie w aran\u017cacji tarasu. Warto zastanowi\u0107 si\u0119 nad tym, jakie ro\u015bliny najlepiej b\u0119d\u0105 pasowa\u0107 do naszej przestrzeni, w towarzystwie, jakich kwiat\u00f3w, krzew\u00f3w czujemy si\u0119 najlepiej. Przy wyborze konkretnych warunk\u00f3w dobrze jest zastanowi\u0107 si\u0119, czy lubi\u0105 \u015bwiat\u0142o i czy b\u0119d\u0105 mia\u0142y do niego dost\u0119p. Na tarasie o wystawie po\u0142udniowej, gdzie s\u0142o\u0144ca jest najwi\u0119cej, \u015bwietnie sprawdz\u0105 si\u0119 ro\u015bliny lubi\u0105ce du\u017co \u015bwiat\u0142a s\u0142onecznego, takie jak lawenda, rozchodnik czy wrzosy. W miejscach zacienionych, warto postawi\u0107 na ro\u015bliny cienia, takie jak hortensje czy funkie.<\/p>\n<h3>Kwiaty wok\u00f3\u0142 tarasu<\/h3>\n<p>Kwiaty to wa\u017cny i lubiany element ka\u017cdej tarasowej aran\u017cacji. Pi\u0119knie wygl\u0105daj\u0105 zar\u00f3wno na rabatach (bezpo\u015brednio w gruncie), jak i w donicach. Warto pomy\u015ble\u0107 o ro\u015blinach kwitn\u0105cych sezonowo, kt\u00f3re b\u0119d\u0105 ozdabia\u0107 taras przez ca\u0142y rok. Latem, doskona\u0142ym wyborem oka\u017c\u0105 si\u0119 pelargonie, surfinie czy petunie. Zim\u0105, mo\u017cna postawi\u0107 na ro\u015bliny zimozielone, takie jak iglaki w donicach, kt\u00f3re pozwol\u0105 Ci cieszy\u0107 si\u0119 zieleni\u0105 nawet w mro\u017ane dni.<\/p>\n<p>[[kategoria:2002:6]]<\/p>\n<h3>Trawy ozdobne<\/h3>\n<p>Trawy ozdobne to ro\u015bliny, kt\u00f3re \u015bwietnie komponuj\u0105 si\u0119 w aran\u017cacji tarasu, wi\u0119c koniecznie uwzgl\u0119dnij je w swoim ogrodzie. Miskant chi\u0144ski, trzcinnik ostrokwiatowy czy turzyca to tylko niekt\u00f3re z gatunk\u00f3w, kt\u00f3re warto rozwa\u017cy\u0107 na taras. Trawy dodaj\u0105 lekko\u015bci i naturalno\u015bci ca\u0142ej aran\u017cacji, a ich r\u00f3\u017cnorodno\u015b\u0107 gatunkowa pozwala na stworzenie interesuj\u0105cych kompozycji. Dodatkowo, trawy ozdobne s\u0105 ma\u0142o wymagaj\u0105ce i doskonale radz\u0105 sobie w r\u00f3\u017cnych warunkach glebowych.<\/p>\n<h3>Krzewy i drzewa<\/h3>\n<p>Krzewy i ma\u0142e drzewa to tak\u017ce wa\u017cny element dekoracji. Mo\u017cna je sadzi\u0107 w gruncie, ale \u015bwietnie wygl\u0105daj\u0105 tak\u017ce w du\u017cych donicach. Postaw na klasyk\u0119, czyli krajowe miniaturowe drzewka owocowe, takie jak kar\u0142owate jab\u0142onie, \u015bliwy, grusze kt\u00f3re dodadz\u0105 charakteru i uroku ka\u017cdemu tarasowi albo zaszalej z egzotyk\u0105. Aran\u017cacj\u0119 ogrodu urozmaic\u0105 bambusy, eukaliptusy, palmy, bzy po\u0142udnia, oliwki europejskie. Ta bujna, soczy\u015bcie zielona ro\u015blinno\u015b\u0107 to wymarzone otoczenie dla zestawu wypoczynkowego czy basenu.<\/p>\n<h2>Taras na wzniesieniu i aran\u017cacja skarpy<\/h2>\n<p>Tw\u00f3j dom i ogr\u00f3d znajduj\u0105 si\u0119 na wzniesieniu i cz\u0119\u015b\u0107 dzia\u0142ki opada w d\u00f3\u0142? <a href=\"https:\/\/www.meblobranie.pl\/porady\/taras-na-pochylym-terenie-porady-i-ciekawe-rozwiazania\/\">Taras na skarpie<\/a> to z jednej strony wyzwanie i ograniczenie, a z drugiej ogromne mo\u017cliwo\u015bci. Je\u015bli odpowiednio j\u0105 zagospodarujesz, aran\u017cacja wok\u00f3\u0142 tarasu stanie si\u0119 jeszcze ciekawsza. Oto nasze wskaz\u00f3wki i pomys\u0142y na t\u0119 cz\u0119\u015b\u0107 ogrodu:<\/p>\n<ul>\n<li>U\u017cyj ro\u015blin p\u0142o\u017c\u0105cych, takich jak bluszcz czy runianka japo\u0144ska, aby zapobiec erozji gleby.<\/li>\n<li>Posad\u017a krzewy i ma\u0142e drzewa na skarpie, aby poprawi\u0107 struktur\u0119 gleby i optycznie wyr\u00f3wna\u0107 dzia\u0142k\u0119. Dobrym wyborem s\u0105 berberysy, irgi czy ja\u0142owce.<\/li>\n<li>Ro\u015bliny takie jak lawenda, rozchodnik czy trawa ozdobna pomog\u0105 w stabilizacji skarpy. Wybieraj gatunki, kt\u00f3re maj\u0105 g\u0142\u0119boki system korzeniowy.<\/li>\n<\/ul>\n<p>Nie tylko ro\u015bliny! Aran\u017cacja wok\u00f3\u0142 tarasu, kt\u00f3ra obejmuje skarp\u0119 mo\u017ce te\u017c z powodzeniem uwzgl\u0119dnia\u0107 elementy ma\u0142ej architektury, takie jak:<\/p>\n<ul>\n<li>schody z kamienia, drewna lub betonu, zapewniaj\u0105ce dost\u0119p do trudniej po\u0142o\u017conych miejsc,<\/li>\n<li>murki oporowe, kt\u00f3re pozwol\u0105 podzieli\u0107 skarp\u0119 na r\u00f3\u017cne poziomy i zapobiec osuwaniu si\u0119 ziemi. Mog\u0105 by\u0107 wykonane z kamienia, ceg\u0142y lub drewna,<\/li>\n<li>taras na wzniesieniu, wykonany z u\u017cyciem drewna, kompozytu lub kamienia. Mo\u017cesz go wyposa\u017cy\u0107 w meble ogrodowe, np. \u0142awk\u0119.<\/li>\n<\/ul>\n<div style=\"width: 840px\" class=\"wp-caption alignnone\"><img loading=\"lazy\" decoding=\"async\" src=\"https:\/\/www.meblobranie.pl\/porady\/wp-content\/uploads\/2022\/05\/jak-zrobic-taras-na-skarpie.jpg\" alt=\"Taras na skarpie \" width=\"830\" height=\"641\" \/><p class=\"wp-caption-text\">Taras na skarpie &#8211; du\u017ce wyzwanie<\/p><\/div>\n<h2>Donice na ro\u015bliny czy rabaty &#8211; jak uprawia\u0107 ro\u015bliny na tarasie?<\/h2>\n<p>Donice i rabaty to \u015bwietny spos\u00f3b na wprowadzenie ro\u015blinno\u015bci na taras. Ale kt\u00f3ra opcja jest w tym wypadku lepsza? Donice pozwalaj\u0105 na swobodne przemieszczanie ro\u015blin, co jest szczeg\u00f3lnie wa\u017cne w przypadku ro\u015blin wra\u017cliwych na zmienne warunki pogodowe. Warto wybiera\u0107 donice z materia\u0142\u00f3w odpornych na mr\u00f3z, aby mog\u0142y s\u0142u\u017cy\u0107 przez ca\u0142y rok. Rabaty natomiast pozwalaj\u0105 na stworzenie sta\u0142ych nasadze\u0144, kt\u00f3re b\u0119d\u0105 cieszy\u0107 oko przez wiele lat.<\/p>\n<p>Rabaty proponujemy zrobi\u0107 wok\u00f3\u0142 tarasu, natomiast bezpo\u015brednio na nim estetyczniej b\u0119d\u0105 prezentowa\u0142y si\u0119 kwiaty, krzewy, drzewa czy byliny w donicach. Pami\u0119taj, \u017ce maj\u0105 one niebagatelny walor dekoracyjny. Niesamowicie modne s\u0105 donice szkliwione (turkus, granat), imituj\u0105ce drewno lub beton.<\/p>\n<p>[[kategoria:30:6]]<\/p>\n<h2>Elementy dekoracyjne na tarasie &#8211; oryginalne i zachwycaj\u0105ce aran\u017cacje<\/h2>\n<h3>Oczka wodne i fontanny<\/h3>\n<p>Oczka wodne czy ma\u0142e fontanny to bardzo ciekawy element w ogrodzie, dzi\u0119ki kt\u00f3remu ca\u0142a aran\u017cacja zyska na oryginalno\u015bci, ale te\u017c&#8230; luksusie. Wprowadzaj\u0105 one do ogrodu element spokoju i relaksu. Szum wody dzia\u0142a uspokajaj\u0105co i mo\u017ce sta\u0107 si\u0119 centralnym punktem aran\u017cacji tarasu. Warto zastanowi\u0107 si\u0119 nad ich umiejscowieniem tak, aby by\u0142y dobrze widoczne zar\u00f3wno z tarasu, jak i z innych cz\u0119\u015bci ogrodu.<\/p>\n<h3><a href=\"https:\/\/www.meblobranie.pl\/porady\/oswietlenie-tarasu-jakie-lampy-wybrac\/\">O\u015bwietlenie tarasu<\/a><\/h3>\n<p>Trudno wyobrazi\u0107 sobie taras bez o\u015bwietlenia, dlatego aran\u017cacja, kt\u00f3r\u0105 planujesz powinna uwzgl\u0119dnia\u0107 r\u00f3\u017cne \u017ar\u00f3d\u0142a \u015bwiat\u0142a i typy lamp. Odpowiednio dobrane oprawy oraz barwa i nat\u0119\u017cenie sprawiaj\u0105, \u017ce atmosfera na tarasie staje si\u0119 wyj\u0105tkowo nastrojowa. Lampiony, \u015bwiece, girlandy \u015bwietlne czy lampy solarne dodaj\u0105 uroku i tworz\u0105 przytulny klimat po zmroku. Jednak to mocniejszy lampy np. kinkietowe czy sufitowe stanow\u0105 g\u0142\u00f3wne \u017ar\u00f3d\u0142o \u015bwiat\u0142a i pozwalaj\u0105 na ucztowanie nawet po zachodzie s\u0142o\u0144ca.<\/p>\n<p>Warto zwr\u00f3ci\u0107 szczeg\u00f3ln\u0105 uwag\u0119 na rozmieszczenie lamp, aby zapewni\u0107 optymalne o\u015bwietlenie ca\u0142ej przestrzeni &#8211; zyska na nich tak\u017ce aran\u017cacja wok\u00f3\u0142 tarasu.<\/p>\n<div id=\"attachment_35975\" style=\"width: 840px\" class=\"wp-caption aligncenter\"><img loading=\"lazy\" decoding=\"async\" aria-describedby=\"caption-attachment-35975\" class=\"wp-image-35975 size-full\" src=\"https:\/\/www.meblobranie.pl\/porady\/wp-content\/uploads\/2022\/03\/jak-udekorowac-taras.jpeg\" alt=\"O\u015bwietlenie tarasu cotton balls\" width=\"830\" height=\"623\" srcset=\"https:\/\/www.meblobranie.pl\/porady\/wp-content\/uploads\/2022\/03\/jak-udekorowac-taras.jpeg 830w, https:\/\/www.meblobranie.pl\/porady\/wp-content\/uploads\/2022\/03\/jak-udekorowac-taras-300x225.jpeg 300w, https:\/\/www.meblobranie.pl\/porady\/wp-content\/uploads\/2022\/03\/jak-udekorowac-taras-768x576.jpeg 768w\" sizes=\"auto, (max-width: 830px) 100vw, 830px\" \/><p id=\"caption-attachment-35975\" class=\"wp-caption-text\">O\u015bwietlenie tarasu cotton balls<\/p><\/div>\n<h2>Meble ogrodowe &#8211; nie tylko na taras, ale te\u017c do ogrodu<\/h2>\n<p>Przyj\u0119\u0142o si\u0119 kupowanie mebli wypoczynkowych na taras, ale ogr\u00f3d te\u017c zyska na ich obecno\u015bci. Meble wykonane z naturalnych materia\u0142\u00f3w, takich jak drewno, idealnie komponuj\u0105 si\u0119 z ro\u015blinno\u015bci\u0105. Warto zainwestowa\u0107 w wygodne fotele, kanapy czy le\u017caki, kt\u00f3re b\u0119d\u0105 zach\u0119ca\u0107 do wypoczynku na \u015bwie\u017cym powietrzu. Dodatki takie jak poduszki czy pledy dope\u0142ni\u0105 aran\u017cacji w ogrodzie. W ten spos\u00f3b zyskasz wi\u0119cej ni\u017c jedno miejsce do odpoczywania i cieszenia si\u0119 swoim ogrodem oraz jego bezpo\u015brednim otoczeniem.<\/p>\n<p>[[kategoria:1848:6]]<\/p>\n<h2>Praktyczne wskaz\u00f3wki, jak wyko\u0144czy\u0107 taras<\/h2>\n<h3>Pod\u0142oga na tarasie<\/h3>\n<p>Pod\u0142oga na tarasie powinna by\u0107 nie tylko estetyczna, ale tak\u017ce praktyczna. Naturalne drewno, kompozyt czy p\u0142ytki ceramiczne to popularne w\u015br\u00f3d Polak\u00f3w wybory. Wa\u017cne jest, aby materia\u0142 by\u0142 odporny na warunki atmosferyczne (wilgo\u0107, mr\u00f3z) i \u0142atwy do utrzymania w czysto\u015bci. Drewniana pod\u0142oga doda tarasowi ciep\u0142a i naturalnego uroku, a kompozyt b\u0119dzie bardziej odporny na wilgo\u0107 i zmienne warunki pogodowe.<\/p>\n<p>Trzeba te\u017c zastanowi\u0107 si\u0119 nad tym, jak taras b\u0119dzie \u0142\u0105czy\u0142 si\u0119 z salonem i dalej, z reszt\u0105 ogrodu. Je\u015bli wszystko znajduje si\u0119 na tym samym poziomie, taras po\u0142\u0105czy ogr\u00f3d z wn\u0119trzem domu. Przy r\u00f3\u017cnicy poziom\u00f3w (np. taras na skarpie czy p\u00f3\u0142ce), konieczne b\u0119dzie jeszcze zrobienie schod\u00f3w.<\/p>\n<h3>Aran\u017cacja wok\u00f3\u0142 tarasu &#8211; harmonia z natur\u0105<\/h3>\n<p>Projektuj\u0105c przestrze\u0144 wok\u00f3\u0142 tarasu, warto pami\u0119ta\u0107 o harmonii z natur\u0105. Ro\u015bliny powinny by\u0107 dobrane tak, aby tworzy\u0142y sp\u00f3jn\u0105 ca\u0142o\u015b\u0107 z otoczeniem. Nie jest to jedyn\u0105 s\u0142uszn\u0105 opcj\u0105, ale wiele os\u00f3b, kt\u00f3re nie korzystaj\u0105 z us\u0142ug projektant\u00f3w ogrod\u00f3w staraj\u0105 si\u0119, aby aran\u017cacja wok\u00f3\u0142 tarasu pasowa\u0142a do reszty ogrodu i wn\u0119trza domu.<\/p>\n<p>Co jeszcze mo\u017cna postawi\u0107 przy tarasie? Niekt\u00f3rzy decyduj\u0105 si\u0119 na ekologiczne rozwi\u0105zania, takie jak kompostownik czy beczka do zbierania deszcz\u00f3wki do podlewania ro\u015blin.<\/p>\n<div style=\"width: 850px\" class=\"wp-caption aligncenter\"><img loading=\"lazy\" decoding=\"async\" src=\"https:\/\/www.meblobranie.pl\/porady\/wp-content\/uploads\/2018\/04\/meble-na-taras-plastikowe.jpeg\" alt=\"Taras udekorowany kwiatami \" width=\"840\" height=\"630\" \/><p class=\"wp-caption-text\">Taras udekorowany kwiatami<\/p><\/div>\n<h2>Projekt i aran\u017cacja tarasu ze stref\u0105 zabawy, miejscem do \u0107wicze\u0144 i paleniskiem<\/h2>\n<p>Ostatecznie wygl\u0105d i charakter tarasu powinny zale\u017ce\u0107 w du\u017cej mierze od tego, czego potrzebuje dana rodzina. Je\u015bli masz dzieci, zadbaj o to, aby mia\u0142y one miejsce do zabawy. W pobli\u017cu tarasu wygospodaruj dla nich ma\u0142\u0105 piaskownic\u0119, hu\u015btawk\u0119, a mo\u017ce stolik z krzese\u0142kami i parasolem? Twojego czworonoga ucieszy trawnik, po kt\u00f3rym b\u0119dzie m\u00f3g\u0142 swobodnie biega\u0107. Je\u015bli natomiast jeste\u015b fanem \u017cywno\u015bci ekologicznej, przy tarasie na rabacie lub w podwy\u017cszanej donicy zasad\u017a zio\u0142a lub warzywa na u\u017cytek w\u0142asny. Lubisz grillowa\u0107? Mi\u0119dzy ogrodem a tarasem zaplanuj palenisko &#8211; to \u015bwietna lokalizacja na letnie kucharzenie &#8220;pod chmurk\u0105&#8221;.<\/p>\n<h2>Aran\u017cacja tarasu, kt\u00f3r\u0105 pokochasz<\/h2>\n<p>Aran\u017cacja wok\u00f3\u0142 tarasu to nie tylko dob\u00f3r odpowiednich ro\u015blin i mebli, ale tak\u017ce stworzenie przestrzeni, w kt\u00f3rej b\u0119dziemy ch\u0119tnie sp\u0119dza\u0107 czas w pi\u0119knym otoczeniu. Nasadzenia, o\u015bwietlenie, wygodne kanapy i le\u017caki sprawia, \u017ce taras stanie si\u0119 sercem Twojego ogrodu. Wa\u017cne jest, aby ka\u017cdy element by\u0142 starannie przemy\u015blany i harmonijnie komponowa\u0142 si\u0119 z ca\u0142o\u015bci\u0105. Dzi\u0119ki temu taras b\u0119dzie nie tylko pi\u0119kny, ale tak\u017ce funkcjonalny i przytulny.<\/p>\n","protected":false},"excerpt":{"rendered":"<p>Dzisiaj taras nie jest oddzieln\u0105 cz\u0119\u015bci\u0105 nieruchomo\u015bci, ale stanowi jej integralny element. Z tego te\u017c wzgl\u0119du du\u017co uwagi po\u015bwi\u0119camy jego wygl\u0105dowi. Powinien on harmonizowa\u0107 ze stylem domu, a jednocze\u015bnie stanowi\u0107 p\u0142ynne przej\u015bcie do ogrodu. Jak uzyska\u0107 taki efekt, pami\u0119taj\u0105c r\u00f3wnocze\u015bnie o komforcie domownik\u00f3w i zaproszonych przez nich go\u015bci? Oto idealna aran\u017cacja wok\u00f3\u0142 tarasu, kt\u00f3ra uwzgl\u0119dnia [&hellip;]<\/p>\n","protected":false},"author":20,"featured_media":0,"comment_status":"open","ping_status":"closed","sticky":false,"template":"","format":"standard","meta":{"_acf_changed":false,"ngg_post_thumbnail":0,"footnotes":""},"categories":[905,6],"tags":[],"class_list":{"0":"post-44116","1":"post","2":"type-post","3":"status-publish","4":"format-standard","6":"category-ogrod","7":"category-poradnik"},"acf":[],"yoast_head":"<!-- This site is optimized with the Yoast SEO plugin v27.4 - https:\/\/yoast.com\/product\/yoast-seo-wordpress\/ -->\n<title>Aran\u017cacje wok\u00f3\u0142 tarasu - pomys\u0142y na przestrze\u0144 przy tarasie - Porady Meblobranie.pl<\/title>\n<meta name=\"description\" content=\"Aran\u017cacje wok\u00f3\u0142 tarasu - pomys\u0142y na przestrze\u0144 przy tarasie. Zobacz na co warto zwr\u00f3ci\u0107 uwag\u0119.\" \/>\n<meta name=\"robots\" content=\"index, follow, max-snippet:-1, max-image-preview:large, max-video-preview:-1\" \/>\n<link rel=\"canonical\" href=\"https:\/\/www.meblobranie.pl\/porady\/aranzacje-wokol-tarasu-pomysly-na-przestrzen-przy-tarasie\/\" \/>\n<meta name=\"twitter:label1\" content=\"Napisane przez\" \/>\n\t<meta name=\"twitter:data1\" content=\"Dawid z Meblobranie.pl\" \/>\n\t<meta name=\"twitter:label2\" content=\"Szacowany czas czytania\" \/>\n\t<meta name=\"twitter:data2\" content=\"8 minut\" \/>\n<script type=\"application\/ld+json\" class=\"yoast-schema-graph\">{\"@context\":\"https:\\\/\\\/schema.org\",\"@graph\":[{\"@type\":\"Article\",\"@id\":\"https:\\\/\\\/www.meblobranie.pl\\\/porady\\\/aranzacje-wokol-tarasu-pomysly-na-przestrzen-przy-tarasie\\\/#article\",\"isPartOf\":{\"@id\":\"https:\\\/\\\/www.meblobranie.pl\\\/porady\\\/aranzacje-wokol-tarasu-pomysly-na-przestrzen-przy-tarasie\\\/\"},\"author\":{\"name\":\"Dawid z Meblobranie.pl\",\"@id\":\"https:\\\/\\\/www.meblobranie.pl\\\/porady\\\/#\\\/schema\\\/person\\\/0c44214399e1752805db67863333461b\"},\"headline\":\"Aran\u017cacje wok\u00f3\u0142 tarasu &#8211; pomys\u0142y na przestrze\u0144 przy tarasie\",\"datePublished\":\"2024-06-13T21:37:41+00:00\",\"mainEntityOfPage\":{\"@id\":\"https:\\\/\\\/www.meblobranie.pl\\\/porady\\\/aranzacje-wokol-tarasu-pomysly-na-przestrzen-przy-tarasie\\\/\"},\"wordCount\":1634,\"commentCount\":0,\"image\":{\"@id\":\"https:\\\/\\\/www.meblobranie.pl\\\/porady\\\/aranzacje-wokol-tarasu-pomysly-na-przestrzen-przy-tarasie\\\/#primaryimage\"},\"thumbnailUrl\":\"https:\\\/\\\/www.meblobranie.pl\\\/porady\\\/wp-content\\\/uploads\\\/2019\\\/03\\\/jakie-meble-tarasowe.jpeg\",\"articleSection\":[\"Ogr\u00f3d\",\"Poradnik\"],\"inLanguage\":\"pl-PL\",\"potentialAction\":[{\"@type\":\"CommentAction\",\"name\":\"Comment\",\"target\":[\"https:\\\/\\\/www.meblobranie.pl\\\/porady\\\/aranzacje-wokol-tarasu-pomysly-na-przestrzen-przy-tarasie\\\/#respond\"]}]},{\"@type\":\"WebPage\",\"@id\":\"https:\\\/\\\/www.meblobranie.pl\\\/porady\\\/aranzacje-wokol-tarasu-pomysly-na-przestrzen-przy-tarasie\\\/\",\"url\":\"https:\\\/\\\/www.meblobranie.pl\\\/porady\\\/aranzacje-wokol-tarasu-pomysly-na-przestrzen-przy-tarasie\\\/\",\"name\":\"Aran\u017cacje wok\u00f3\u0142 tarasu - pomys\u0142y na przestrze\u0144 przy tarasie - Porady Meblobranie.pl\",\"isPartOf\":{\"@id\":\"https:\\\/\\\/www.meblobranie.pl\\\/porady\\\/#website\"},\"primaryImageOfPage\":{\"@id\":\"https:\\\/\\\/www.meblobranie.pl\\\/porady\\\/aranzacje-wokol-tarasu-pomysly-na-przestrzen-przy-tarasie\\\/#primaryimage\"},\"image\":{\"@id\":\"https:\\\/\\\/www.meblobranie.pl\\\/porady\\\/aranzacje-wokol-tarasu-pomysly-na-przestrzen-przy-tarasie\\\/#primaryimage\"},\"thumbnailUrl\":\"https:\\\/\\\/www.meblobranie.pl\\\/porady\\\/wp-content\\\/uploads\\\/2019\\\/03\\\/jakie-meble-tarasowe.jpeg\",\"datePublished\":\"2024-06-13T21:37:41+00:00\",\"author\":{\"@id\":\"https:\\\/\\\/www.meblobranie.pl\\\/porady\\\/#\\\/schema\\\/person\\\/0c44214399e1752805db67863333461b\"},\"description\":\"Aran\u017cacje wok\u00f3\u0142 tarasu - pomys\u0142y na przestrze\u0144 przy tarasie. Zobacz na co warto zwr\u00f3ci\u0107 uwag\u0119.\",\"breadcrumb\":{\"@id\":\"https:\\\/\\\/www.meblobranie.pl\\\/porady\\\/aranzacje-wokol-tarasu-pomysly-na-przestrzen-przy-tarasie\\\/#breadcrumb\"},\"inLanguage\":\"pl-PL\",\"potentialAction\":[{\"@type\":\"ReadAction\",\"target\":[\"https:\\\/\\\/www.meblobranie.pl\\\/porady\\\/aranzacje-wokol-tarasu-pomysly-na-przestrzen-przy-tarasie\\\/\"]}]},{\"@type\":\"ImageObject\",\"inLanguage\":\"pl-PL\",\"@id\":\"https:\\\/\\\/www.meblobranie.pl\\\/porady\\\/aranzacje-wokol-tarasu-pomysly-na-przestrzen-przy-tarasie\\\/#primaryimage\",\"url\":\"https:\\\/\\\/www.meblobranie.pl\\\/porady\\\/wp-content\\\/uploads\\\/2019\\\/03\\\/jakie-meble-tarasowe.jpeg\",\"contentUrl\":\"https:\\\/\\\/www.meblobranie.pl\\\/porady\\\/wp-content\\\/uploads\\\/2019\\\/03\\\/jakie-meble-tarasowe.jpeg\",\"width\":840,\"height\":630,\"caption\":\"Jakie meble tarasowe s\u0105 najlepsze?\"},{\"@type\":\"BreadcrumbList\",\"@id\":\"https:\\\/\\\/www.meblobranie.pl\\\/porady\\\/aranzacje-wokol-tarasu-pomysly-na-przestrzen-przy-tarasie\\\/#breadcrumb\",\"itemListElement\":[{\"@type\":\"ListItem\",\"position\":1,\"name\":\"Home\",\"item\":\"https:\\\/\\\/www.meblobranie.pl\\\/porady\\\/\"},{\"@type\":\"ListItem\",\"position\":2,\"name\":\"Aran\u017cacje wok\u00f3\u0142 tarasu &#8211; pomys\u0142y na przestrze\u0144 przy tarasie\"}]},{\"@type\":\"WebSite\",\"@id\":\"https:\\\/\\\/www.meblobranie.pl\\\/porady\\\/#website\",\"url\":\"https:\\\/\\\/www.meblobranie.pl\\\/porady\\\/\",\"name\":\"Porady Meblobranie.pl\",\"description\":\"Blog o tarasach i ogrodach\",\"potentialAction\":[{\"@type\":\"SearchAction\",\"target\":{\"@type\":\"EntryPoint\",\"urlTemplate\":\"https:\\\/\\\/www.meblobranie.pl\\\/porady\\\/?s={search_term_string}\"},\"query-input\":{\"@type\":\"PropertyValueSpecification\",\"valueRequired\":true,\"valueName\":\"search_term_string\"}}],\"inLanguage\":\"pl-PL\"},{\"@type\":\"Person\",\"@id\":\"https:\\\/\\\/www.meblobranie.pl\\\/porady\\\/#\\\/schema\\\/person\\\/0c44214399e1752805db67863333461b\",\"name\":\"Dawid z Meblobranie.pl\",\"image\":{\"@type\":\"ImageObject\",\"inLanguage\":\"pl-PL\",\"@id\":\"https:\\\/\\\/secure.gravatar.com\\\/avatar\\\/9ede1c3924e3173d8f3ad05211531161353d772865bc4dacba314dbcd46c0fef?s=96&d=mm&r=g\",\"url\":\"https:\\\/\\\/secure.gravatar.com\\\/avatar\\\/9ede1c3924e3173d8f3ad05211531161353d772865bc4dacba314dbcd46c0fef?s=96&d=mm&r=g\",\"contentUrl\":\"https:\\\/\\\/secure.gravatar.com\\\/avatar\\\/9ede1c3924e3173d8f3ad05211531161353d772865bc4dacba314dbcd46c0fef?s=96&d=mm&r=g\",\"caption\":\"Dawid z Meblobranie.pl\"},\"description\":\"Lorem Ipsum is simply dummy text of the printing and typesetting industry. Lorem Ipsum has been the industry's standard dummy text ever since the 1500s, when an unknown printer took a galley of type and scrambled it to make a type specimen book.\"}]}<\/script>\n<!-- \/ Yoast SEO plugin. -->","yoast_head_json":{"title":"Aran\u017cacje wok\u00f3\u0142 tarasu - pomys\u0142y na przestrze\u0144 przy tarasie - Porady Meblobranie.pl","description":"Aran\u017cacje wok\u00f3\u0142 tarasu - pomys\u0142y na przestrze\u0144 przy tarasie. Zobacz na co warto zwr\u00f3ci\u0107 uwag\u0119.","robots":{"index":"index","follow":"follow","max-snippet":"max-snippet:-1","max-image-preview":"max-image-preview:large","max-video-preview":"max-video-preview:-1"},"canonical":"https:\/\/www.meblobranie.pl\/porady\/aranzacje-wokol-tarasu-pomysly-na-przestrzen-przy-tarasie\/","twitter_misc":{"Napisane przez":"Dawid z Meblobranie.pl","Szacowany czas czytania":"8 minut"},"schema":{"@context":"https:\/\/schema.org","@graph":[{"@type":"Article","@id":"https:\/\/www.meblobranie.pl\/porady\/aranzacje-wokol-tarasu-pomysly-na-przestrzen-przy-tarasie\/#article","isPartOf":{"@id":"https:\/\/www.meblobranie.pl\/porady\/aranzacje-wokol-tarasu-pomysly-na-przestrzen-przy-tarasie\/"},"author":{"name":"Dawid z Meblobranie.pl","@id":"https:\/\/www.meblobranie.pl\/porady\/#\/schema\/person\/0c44214399e1752805db67863333461b"},"headline":"Aran\u017cacje wok\u00f3\u0142 tarasu &#8211; pomys\u0142y na przestrze\u0144 przy tarasie","datePublished":"2024-06-13T21:37:41+00:00","mainEntityOfPage":{"@id":"https:\/\/www.meblobranie.pl\/porady\/aranzacje-wokol-tarasu-pomysly-na-przestrzen-przy-tarasie\/"},"wordCount":1634,"commentCount":0,"image":{"@id":"https:\/\/www.meblobranie.pl\/porady\/aranzacje-wokol-tarasu-pomysly-na-przestrzen-przy-tarasie\/#primaryimage"},"thumbnailUrl":"https:\/\/www.meblobranie.pl\/porady\/wp-content\/uploads\/2019\/03\/jakie-meble-tarasowe.jpeg","articleSection":["Ogr\u00f3d","Poradnik"],"inLanguage":"pl-PL","potentialAction":[{"@type":"CommentAction","name":"Comment","target":["https:\/\/www.meblobranie.pl\/porady\/aranzacje-wokol-tarasu-pomysly-na-przestrzen-przy-tarasie\/#respond"]}]},{"@type":"WebPage","@id":"https:\/\/www.meblobranie.pl\/porady\/aranzacje-wokol-tarasu-pomysly-na-przestrzen-przy-tarasie\/","url":"https:\/\/www.meblobranie.pl\/porady\/aranzacje-wokol-tarasu-pomysly-na-przestrzen-przy-tarasie\/","name":"Aran\u017cacje wok\u00f3\u0142 tarasu - pomys\u0142y na przestrze\u0144 przy tarasie - Porady Meblobranie.pl","isPartOf":{"@id":"https:\/\/www.meblobranie.pl\/porady\/#website"},"primaryImageOfPage":{"@id":"https:\/\/www.meblobranie.pl\/porady\/aranzacje-wokol-tarasu-pomysly-na-przestrzen-przy-tarasie\/#primaryimage"},"image":{"@id":"https:\/\/www.meblobranie.pl\/porady\/aranzacje-wokol-tarasu-pomysly-na-przestrzen-przy-tarasie\/#primaryimage"},"thumbnailUrl":"https:\/\/www.meblobranie.pl\/porady\/wp-content\/uploads\/2019\/03\/jakie-meble-tarasowe.jpeg","datePublished":"2024-06-13T21:37:41+00:00","author":{"@id":"https:\/\/www.meblobranie.pl\/porady\/#\/schema\/person\/0c44214399e1752805db67863333461b"},"description":"Aran\u017cacje wok\u00f3\u0142 tarasu - pomys\u0142y na przestrze\u0144 przy tarasie. Zobacz na co warto zwr\u00f3ci\u0107 uwag\u0119.","breadcrumb":{"@id":"https:\/\/www.meblobranie.pl\/porady\/aranzacje-wokol-tarasu-pomysly-na-przestrzen-przy-tarasie\/#breadcrumb"},"inLanguage":"pl-PL","potentialAction":[{"@type":"ReadAction","target":["https:\/\/www.meblobranie.pl\/porady\/aranzacje-wokol-tarasu-pomysly-na-przestrzen-przy-tarasie\/"]}]},{"@type":"ImageObject","inLanguage":"pl-PL","@id":"https:\/\/www.meblobranie.pl\/porady\/aranzacje-wokol-tarasu-pomysly-na-przestrzen-przy-tarasie\/#primaryimage","url":"https:\/\/www.meblobranie.pl\/porady\/wp-content\/uploads\/2019\/03\/jakie-meble-tarasowe.jpeg","contentUrl":"https:\/\/www.meblobranie.pl\/porady\/wp-content\/uploads\/2019\/03\/jakie-meble-tarasowe.jpeg","width":840,"height":630,"caption":"Jakie meble tarasowe s\u0105 najlepsze?"},{"@type":"BreadcrumbList","@id":"https:\/\/www.meblobranie.pl\/porady\/aranzacje-wokol-tarasu-pomysly-na-przestrzen-przy-tarasie\/#breadcrumb","itemListElement":[{"@type":"ListItem","position":1,"name":"Home","item":"https:\/\/www.meblobranie.pl\/porady\/"},{"@type":"ListItem","position":2,"name":"Aran\u017cacje wok\u00f3\u0142 tarasu &#8211; pomys\u0142y na przestrze\u0144 przy tarasie"}]},{"@type":"WebSite","@id":"https:\/\/www.meblobranie.pl\/porady\/#website","url":"https:\/\/www.meblobranie.pl\/porady\/","name":"Porady Meblobranie.pl","description":"Blog o tarasach i ogrodach","potentialAction":[{"@type":"SearchAction","target":{"@type":"EntryPoint","urlTemplate":"https:\/\/www.meblobranie.pl\/porady\/?s={search_term_string}"},"query-input":{"@type":"PropertyValueSpecification","valueRequired":true,"valueName":"search_term_string"}}],"inLanguage":"pl-PL"},{"@type":"Person","@id":"https:\/\/www.meblobranie.pl\/porady\/#\/schema\/person\/0c44214399e1752805db67863333461b","name":"Dawid z Meblobranie.pl","image":{"@type":"ImageObject","inLanguage":"pl-PL","@id":"https:\/\/secure.gravatar.com\/avatar\/9ede1c3924e3173d8f3ad05211531161353d772865bc4dacba314dbcd46c0fef?s=96&d=mm&r=g","url":"https:\/\/secure.gravatar.com\/avatar\/9ede1c3924e3173d8f3ad05211531161353d772865bc4dacba314dbcd46c0fef?s=96&d=mm&r=g","contentUrl":"https:\/\/secure.gravatar.com\/avatar\/9ede1c3924e3173d8f3ad05211531161353d772865bc4dacba314dbcd46c0fef?s=96&d=mm&r=g","caption":"Dawid z Meblobranie.pl"},"description":"Lorem Ipsum is simply dummy text of the printing and typesetting industry. Lorem Ipsum has been the industry's standard dummy text ever since the 1500s, when an unknown printer took a galley of type and scrambled it to make a type specimen book."}]}},"_links":{"self":[{"href":"https:\/\/www.meblobranie.pl\/porady\/wp-json\/wp\/v2\/posts\/44116","targetHints":{"allow":["GET"]}}],"collection":[{"href":"https:\/\/www.meblobranie.pl\/porady\/wp-json\/wp\/v2\/posts"}],"about":[{"href":"https:\/\/www.meblobranie.pl\/porady\/wp-json\/wp\/v2\/types\/post"}],"author":[{"embeddable":true,"href":"https:\/\/www.meblobranie.pl\/porady\/wp-json\/wp\/v2\/users\/20"}],"replies":[{"embeddable":true,"href":"https:\/\/www.meblobranie.pl\/porady\/wp-json\/wp\/v2\/comments?post=44116"}],"version-history":[{"count":0,"href":"https:\/\/www.meblobranie.pl\/porady\/wp-json\/wp\/v2\/posts\/44116\/revisions"}],"wp:attachment":[{"href":"https:\/\/www.meblobranie.pl\/porady\/wp-json\/wp\/v2\/media?parent=44116"}],"wp:term":[{"taxonomy":"category","embeddable":true,"href":"https:\/\/www.meblobranie.pl\/porady\/wp-json\/wp\/v2\/categories?post=44116"},{"taxonomy":"post_tag","embeddable":true,"href":"https:\/\/www.meblobranie.pl\/porady\/wp-json\/wp\/v2\/tags?post=44116"}],"curies":[{"name":"wp","href":"https:\/\/api.w.org\/{rel}","templated":true}]}}