{"id":44650,"date":"2024-10-19T00:07:53","date_gmt":"2024-10-18T22:07:53","guid":{"rendered":"https:\/\/www.meblobranie.pl\/porady\/?p=44650"},"modified":"2024-11-23T13:50:22","modified_gmt":"2024-11-23T12:50:22","slug":"pomysl-na-sciany-w-garazu-co-jest-praktycznym-rozwiazaniem","status":"publish","type":"post","link":"https:\/\/www.meblobranie.pl\/porady\/pomysl-na-sciany-w-garazu-co-jest-praktycznym-rozwiazaniem\/","title":{"rendered":"Pomys\u0142 na \u015bciany w gara\u017cu \u2013 co jest praktycznym rozwi\u0105zaniem?"},"content":{"rendered":"<p>Gara\u017c to miejsce, kt\u00f3re wielu z nas traktuje wy\u0142\u0105cznie jako przestrze\u0144 do przechowywania samochodu i innych przedmiot\u00f3w niemieszcz\u0105cych si\u0119 w mieszkaniu. Jednak dobrze urz\u0105dzony gara\u017c mo\u017ce by\u0107 znacznie bardziej funkcjonalny, a przy okazji r\u00f3wnie\u017c estetyczny. W\u0142a\u015bciwie zaplanowana przestrze\u0144 umo\u017cliwia wykorzystanie gara\u017cu nie tylko do parkowania auta.&nbsp;W tym artykule om\u00f3wimy r\u00f3\u017cne praktyczne rozwi\u0105zania dotycz\u0105ce wyko\u0144czenia \u015bcian w gara\u017cu oraz podpowiemy, jak sprawi\u0107, by gara\u017c sta\u0142 si\u0119 wygodn\u0105 i estetyczn\u0105 przestrzeni\u0105.<\/p>\n<p><img decoding=\"async\" src=\"https:\/\/www.meblobranie.pl\/porady\/wp-content\/uploads\/2021\/12\/w-co-wyposazyc-garaz.jpg\"><!--more--><\/p>\n\n<h2>Wyko\u0144czenie gara\u017cu \u2013 jak\u0105 wybra\u0107 technik\u0119?<\/h2>\n<p>Gara\u017c, ze wzgl\u0119du na swoj\u0105 specyfik\u0119, nara\u017cony jest na intensywne u\u017cytkowanie. W zwi\u0105zku z tym <strong>\u015bciany w gara\u017cu<\/strong> powinny by\u0107 wykonane z materia\u0142\u00f3w odpornych na zniszczenia, zabrudzenia oraz wilgo\u0107. Wa\u017cne jest, aby wybra\u0107 odpowiednie materia\u0142y, kt\u00f3re nie tylko zabezpiecz\u0105 \u015bciany, ale r\u00f3wnie\u017c b\u0119d\u0105 \u0142atwe do utrzymania w czysto\u015bci. <strong>Tynk cementowy<\/strong> jest tutaj jednym z najcz\u0119\u015bciej wybieranych rozwi\u0105za\u0144. Jest wytrzyma\u0142y, odporny na <strong>uszkodzenia mechaniczne<\/strong> i dobrze sprawdza si\u0119 w miejscach, gdzie \u015bciany s\u0105 nara\u017cone na intensywne u\u017cytkowanie, a tak\u017ce wilgo\u0107. Dodatkowo mo\u017cna go pomalowa\u0107 <strong>farb\u0105 lateksow\u0105<\/strong>, kt\u00f3ra zabezpiecza powierzchni\u0119 przed zabrudzeniami i jest \u0142atwa w czyszczeniu.<\/p>\n<p>Je\u017celi szukasz czego\u015b bardziej <strong>estetycznego<\/strong>, warto rozwa\u017cy\u0107 <strong>tynk kamyczkowy<\/strong>. To materia\u0142, kt\u00f3ry nadaje \u015bcianom ciekaw\u0105 faktur\u0119 i jednocze\u015bnie zapewnia wysok\u0105 trwa\u0142o\u015b\u0107. <strong>Tynk kamyczkowy<\/strong> jest odporny na:<\/p>\n<ul>\n<li>\u015bcieranie,<\/li>\n<li>wilgo\u0107,<\/li>\n<li>zabrudzenia,<\/li>\n<\/ul>\n<p>co czyni go doskona\u0142ym wyborem do gara\u017cu. Co wi\u0119cej, jest on r\u00f3wnie\u017c \u0142atwy w utrzymaniu \u2013 w przypadku zabrudze\u0144 mo\u017cna go zmywa\u0107 bez obaw o zniszczenie powierzchni. Dzi\u0119ki zastosowaniu tych materia\u0142\u00f3w nie tylko zabezpieczymy gara\u017c, ale te\u017c nadamy mu estetyczny wygl\u0105d, kt\u00f3ry b\u0119dzie komponowa\u0107 si\u0119 z ca\u0142o\u015bci\u0105 <strong>bry\u0142y budynku<\/strong>.<\/p>\n<p>[[kategoria:1848:6]]<\/p>\n<h2>Malowanie gara\u017cu \u2013 prosty spos\u00f3b na estetyczny wygl\u0105d<\/h2>\n<p><strong>Malowanie gara\u017cu<\/strong> to jedno z najprostszych i najta\u0144szych rozwi\u0105za\u0144, kt\u00f3re mo\u017ce znacz\u0105co poprawi\u0107 wygl\u0105d tego pomieszczenia. Niezale\u017cnie od tego, czy planujesz wyko\u0144czy\u0107 nowo wybudowany gara\u017c lub od\u015bwie\u017cy\u0107 ju\u017c istniej\u0105cy, wyb\u00f3r odpowiedniej farby ma ogromne znaczenie. W przypadku gara\u017cu szczeg\u00f3lnie polecane s\u0105 <strong>farby lateksowe<\/strong>, kt\u00f3re charakteryzuj\u0105 si\u0119 wysok\u0105 odporno\u015bci\u0105 na wilgo\u0107 i \u0142atwo\u015bci\u0105 w czyszczeniu. Dzi\u0119ki nim, nawet je\u015bli \u015bciany b\u0119d\u0105 zabrudzone b\u0142otem czy smarem, \u0142atwo je oczy\u015bci\u0107, zachowuj\u0105c przy tym estetyczny wygl\u0105d.<\/p>\n<p>Kolorystyka r\u00f3wnie\u017c ma znaczenie \u2013 w ma\u0142ych gara\u017cach lepiej sprawdzaj\u0105 si\u0119 <strong>jasne kolory<\/strong>, kt\u00f3re optycznie powi\u0119kszaj\u0105 przestrze\u0144. Z kolei <strong>ciemniejsze barwy<\/strong> mog\u0105 nada\u0107 wn\u0119trzu bardziej industrialny charakter, co b\u0119dzie dobrze wsp\u00f3\u0142gra\u0107 z gara\u017cem urz\u0105dzonym w stylu warsztatowym. Mo\u017cna tak\u017ce rozwa\u017cy\u0107 zastosowanie <strong>farby strukturalnej<\/strong>, kt\u00f3ra nada \u015bcianom ciekawej faktury i uczyni wn\u0119trze bardziej nowoczesnym. Dzi\u0119ki odpowiedniemu malowaniu nawet proste wyko\u0144czenie mo\u017ce zyska\u0107 na estetyce, a gara\u017c b\u0119dzie wygl\u0105da\u0142 na zadbany i funkcjonalny.<\/p>\n<p><strong>Zobacz<\/strong>:&nbsp;<a href=\"https:\/\/www.meblobranie.pl\/porady\/co-na-podloge-w-garazu-najlepsze-materialy-na-posadzke\/\">Co na pod\u0142og\u0119 w gara\u017cu<\/a><\/p>\n<h2>Spos\u00f3b na optymalne wykorzystanie przestrzeni w gara\u017cu<\/h2>\n<p>Ka\u017cdy, kto ma gara\u017c, wie, jak cenny jest ka\u017cdy metr kwadratowy tego pomieszczenia. Dlatego <strong>wykorzystanie przestrzeni<\/strong> w spos\u00f3b funkcjonalny jest kluczowe, szczeg\u00f3lnie w przypadku <strong>ma\u0142ych gara\u017cy<\/strong>. Aby to osi\u0105gn\u0105\u0107, warto zwr\u00f3ci\u0107 uwag\u0119 na \u015bciany i <strong>sufit gara\u017cu<\/strong>. Zamiast ogranicza\u0107 si\u0119 jedynie do pod\u0142ogi, mo\u017cemy zamontowa\u0107 na \u015bcianach r\u00f3\u017cnego rodzaju:<\/p>\n<ul>\n<li><strong>praktyczne uchwyty<\/strong>,<\/li>\n<li><strong>haki,<\/strong><\/li>\n<li><strong>p\u00f3\u0142ki<\/strong>.<\/li>\n<\/ul>\n<p>Zyskamy w ten spos\u00f3b miejsce na <strong>przechowywanie narz\u0119dzi<\/strong>, rower\u00f3w, sprz\u0119tu ogrodowego czy akcesori\u00f3w sportowych. Montuj\u0105c p\u00f3\u0142ki na wy\u017cszych poziomach \u015bcian, mo\u017cna wygospodarowa\u0107 dodatkow\u0105 przestrze\u0144 na mniej u\u017cywane przedmioty, w tym np. sezonowe dekoracje czy sprz\u0119t narciarski.<\/p>\n<p>W ma\u0142ych gara\u017cach \u015bwietnie sprawdzaj\u0105 si\u0119 r\u00f3wnie\u017c <strong>podsufitowe p\u00f3\u0142ki<\/strong>, kt\u00f3re pozwalaj\u0105 maksymalnie wykorzysta\u0107 dost\u0119pne miejsce. Dzi\u0119ki nim mo\u017cna przechowywa\u0107 przedmioty bez zagracania pod\u0142ogi, co jest szczeg\u00f3lnie istotne, gdy gara\u017c pe\u0142ni nie tylko funkcj\u0119 parkingu, ale te\u017c warsztatu czy sk\u0142adziku. Warto zadba\u0107 o to, aby wszystko mia\u0142o swoje miejsce \u2013 dzi\u0119ki odpowiedniemu planowaniu <strong>gara\u017c<\/strong> mo\u017ce sta\u0107 si\u0119 uporz\u0105dkowan\u0105 i wygodn\u0105 przestrzeni\u0105, w kt\u00f3rej \u0142atwo znale\u017a\u0107 potrzebne rzeczy.<\/p>\n<div style=\"width: 840px\" class=\"wp-caption alignnone\"><img loading=\"lazy\" decoding=\"async\" src=\"https:\/\/www.meblobranie.pl\/porady\/wp-content\/uploads\/2021\/12\/jak-urzadzic-garaz.jpg\" alt=\"P\u00f3\u0142ka na narz\u0119dzia w gara\u017cu\" width=\"830\" height=\"554\"><p class=\"wp-caption-text\">P\u00f3\u0142ka na narz\u0119dzia w gara\u017cu<\/p><\/div>\n<h2>Jak urz\u0105dzi\u0107 warsztat w gara\u017cu?<\/h2>\n<p><strong><a href=\"https:\/\/www.meblobranie.pl\/porady\/jak-urzadzic-garaz-w-co-go-wyposazyc\/\">Urz\u0105dzenie gara\u017cu<\/a> na warsztat<\/strong>&nbsp;to marzenie wielu os\u00f3b, kt\u00f3re lubi\u0105 <strong>majsterkowanie<\/strong> lub prac\u0119 przy naprawach. <strong>Gara\u017c<\/strong> to idealne miejsce na stworzenie takiego warsztatu, poniewa\u017c jest to przestrze\u0144, kt\u00f3ra nie musi by\u0107 tak sterylna i elegancka, jak reszta domu. Aby jednak warsztat by\u0142 funkcjonalny, nale\u017cy dobrze zaplanowa\u0107 jego uk\u0142ad. Przede wszystkim, miejsce do pracy powinno znajdowa\u0107 si\u0119 w bezpiecznej odleg\u0142o\u015bci od miejsca parkowania samochodu, aby unikn\u0105\u0107 przypadkowych <strong>uszkodze\u0144 karoserii<\/strong> podczas pracy.<\/p>\n<p>Dobrym rozwi\u0105zaniem s\u0105 r\u00f3wnie\u017c <strong>sto\u0142y warsztatowe<\/strong> oraz <strong>szafki i <a href=\"https:\/\/www.meblobranie.pl\/szafy-ogrodowe-balkonowe-na-narzedzia\">skrzynie na narz\u0119dzia<\/a><\/strong>, kt\u00f3re pozwol\u0105 na uporz\u0105dkowanie przestrzeni i szybki dost\u0119p do niezb\u0119dnych narz\u0119dzi. Warto zainwestowa\u0107 w solidne meble warsztatowe, kt\u00f3re b\u0119d\u0105 odporne na zarysowania, zabrudzenia i intensywne u\u017cytkowanie. Rega\u0142y metalowe, wykonane z malowanej proszkowo stali, \u015bwietnie sprawdzaj\u0105 si\u0119 w <strong>gara\u017cach<\/strong> \u2013 s\u0105 nie tylko estetyczne, ale tak\u017ce bardzo wytrzyma\u0142e. Dodatkowo warto zamontowa\u0107 w warsztacie <strong>gniazdka elektryczne<\/strong> na odpowiedniej wysoko\u015bci, co u\u0142atwi korzystanie z elektronarz\u0119dzi.<\/p>\n<p>[[kategoria:2002:6]]<\/p>\n<h2>Gara\u017c jako przestrze\u0144 do przechowywania<\/h2>\n<p>Opr\u00f3cz miejsca na samoch\u00f3d i ewentualny warsztat, gara\u017c mo\u017ce pe\u0142ni\u0107 funkcj\u0119 <strong>magazynu<\/strong> na r\u00f3\u017cnorodne <strong>przedmioty<\/strong>. Wiele os\u00f3b decyduje si\u0119 na <strong>przechowywanie<\/strong> w gara\u017cu rzeczy, kt\u00f3re nie mieszcz\u0105 si\u0119 w domu, jak narz\u0119dzia ogrodowe, zapasy, sprz\u0119t sportowy czy sezonowe dekoracje. Aby maksymalnie <strong>wykorzysta\u0107 przestrze\u0144<\/strong>, warto zamontowa\u0107 na \u015bcianach <strong>p\u00f3\u0142ki<\/strong> i <strong>rega\u0142y<\/strong>, kt\u00f3re pomog\u0105 zorganizowa\u0107 te przedmioty w spos\u00f3b uporz\u0105dkowany. Dzi\u0119ki temu unikniemy chaosu i zagracania pod\u0142ogi, co u\u0142atwi poruszanie si\u0119 po gara\u017cu.<\/p>\n<p>Je\u015bli gara\u017c jest niewielki, mo\u017cna rozwa\u017cy\u0107 monta\u017c <strong>p\u00f3\u0142ek podsufitowych<\/strong>, kt\u00f3re s\u0105 idealnym rozwi\u0105zaniem do <strong>przechowywania przedmiot\u00f3w<\/strong>, z kt\u00f3rych korzystamy rzadziej. Pozwala to na zaoszcz\u0119dzenie miejsca na pod\u0142odze, a gara\u017c staje si\u0119 bardziej funkcjonalny. <strong>Sprz\u0119t sportowy<\/strong>, w tym np.:<\/p>\n<ul>\n<li>rowery,<\/li>\n<li>narty,<\/li>\n<li>kaski,<\/li>\n<\/ul>\n<p>mo\u017cna zawiesi\u0107 na \u015bcianach, co u\u0142atwia dost\u0119p do nich i jednocze\u015bnie chroni przed uszkodzeniami. Dzi\u0119ki odpowiedniemu zaplanowaniu <strong>przestrzeni w gara\u017cu<\/strong>, mo\u017ce on pe\u0142ni\u0107 wiele r\u00f3\u017cnych funkcji, zachowuj\u0105c przy tym porz\u0105dek i estetyk\u0119.<\/p>\n<h2>Zabezpieczenie przed wilgoci\u0105 \u2013 jak unikn\u0105\u0107 problem\u00f3w?<\/h2>\n<p>Jednym z najcz\u0119\u015bciej wyst\u0119puj\u0105cych problem\u00f3w w gara\u017cach jest <strong>wilgo\u0107<\/strong>, kt\u00f3ra mo\u017ce prowadzi\u0107 do powa\u017cnych uszkodze\u0144 \u015bcian i przedmiot\u00f3w przechowywanych w tym pomieszczeniu. Aby temu zapobiec, nale\u017cy zadba\u0107 o odpowiednie <strong>zabezpieczenie gara\u017cu<\/strong> przed nadmiern\u0105 wilgoci\u0105. Jednym ze sposob\u00f3w jest wykonanie <strong>spadku pod\u0142ogi<\/strong>, kt\u00f3ry umo\u017cliwia swobodny odp\u0142yw wody, co jest szczeg\u00f3lnie wa\u017cne, je\u015bli gara\u017c s\u0142u\u017cy r\u00f3wnie\u017c jako miejsce do mycia samochodu. Odpowiednie <strong>zastosowanie<\/strong> spadku pozwala unikn\u0105\u0107 gromadzenia si\u0119 wody w gara\u017cu.<\/p>\n<p>Dodatkowo, warto wybra\u0107 materia\u0142y, kt\u00f3re s\u0105 odporne na <strong>wilgo\u0107<\/strong>, jak <strong>farby lateksowe<\/strong> czy specjalne impregnaty, kt\u00f3re zabezpieczaj\u0105 \u015bciany przed ple\u015bni\u0105 i grzybem. W\u0142a\u015bciwie zabezpieczone \u015bciany i pod\u0142ogi nie tylko d\u0142u\u017cej zachowaj\u0105 estetyczny wygl\u0105d, ale tak\u017ce b\u0119d\u0105 trwalsze. W gara\u017cach w <strong>bryle budynku<\/strong> szczeg\u00f3lnie wa\u017cne jest, aby zadba\u0107 o odpowiedni\u0105 izolacj\u0119 termiczn\u0105, co wp\u0142ynie na komfort u\u017cytkowania pomieszczenia i zabezpieczy je przed nadmiern\u0105 wilgoci\u0105.<\/p>\n<div style=\"width: 840px\" class=\"wp-caption alignnone\"><img loading=\"lazy\" decoding=\"async\" src=\"https:\/\/www.meblobranie.pl\/porady\/wp-content\/uploads\/2022\/09\/oswietlenie-garazu.jpg\" alt=\"M\u0119\u017cczyzna w gara\u017cu\" width=\"830\" height=\"554\"><p class=\"wp-caption-text\">Warto wybra\u0107 materia\u0142y, kt\u00f3re s\u0105 odporne na wilgo\u0107, jak farby lateksowe czy specjalne impregnaty<\/p><\/div>\n<h2>Przechowywanie sprz\u0119tu sportowego i narz\u0119dzi ogrodowych<\/h2>\n<p><strong>Gara\u017c<\/strong> cz\u0119sto pe\u0142ni funkcj\u0119 magazynu na <strong>narz\u0119dzia ogrodowe<\/strong> i <strong>sprz\u0119t sportowy<\/strong>. Aby dobrze zorganizowa\u0107 przestrze\u0144 i <strong>wykorzysta\u0107 dost\u0119pne miejsce<\/strong>, warto zainwestowa\u0107 w odpowiednie <strong>uchwyty<\/strong> i <strong>haki<\/strong>, kt\u00f3re pozwol\u0105 zawiesi\u0107 te przedmioty na \u015bcianach. Dzi\u0119ki temu nie tylko zaoszcz\u0119dzimy miejsce na pod\u0142odze, ale tak\u017ce \u0142atwiej b\u0119dzie utrzyma\u0107 porz\u0105dek w gara\u017cu. <strong>Rowery<\/strong>, kosiarki, drabiny, a nawet namioty czy narty mo\u017cna przechowywa\u0107 w spos\u00f3b zorganizowany, dzi\u0119ki czemu zawsze b\u0119dziemy mie\u0107 do nich \u0142atwy dost\u0119p.<\/p>\n<p>Monta\u017c specjalnych <strong>uchwyt\u00f3w na rowery<\/strong> pozwala na oszcz\u0119dno\u015b\u0107 miejsca \u2013 rowery mo\u017cna zawiesi\u0107 na \u015bcianach lub pod sufitem, co sprawia, \u017ce gara\u017c staje si\u0119 bardziej przestronny. <strong>Narz\u0119dzia ogrodowe<\/strong>, w tym np. grabie, miot\u0142y czy \u0142opaty, r\u00f3wnie\u017c mog\u0105 znale\u017a\u0107 swoje miejsce na \u015bcianach, co pozwoli na \u0142atwiejsze ich przechowywanie i jednocze\u015bnie u\u0142atwi utrzymanie porz\u0105dku. Dzi\u0119ki odpowiedniemu zorganizowaniu przestrzeni, <strong>gara\u017c<\/strong> mo\u017ce sta\u0107 si\u0119 nie tylko miejscem na <strong>przechowywanie samochodu<\/strong>, ale tak\u017ce funkcjonalnym magazynem na r\u00f3\u017cnorodne sprz\u0119ty.<\/p>\n<p><strong>Zobacz<\/strong>:&nbsp;Konserwacja bramy gara\u017cowej \u2013 jak si\u0119 za to zabra\u0107?<\/p>\n<h2>Jakie materia\u0142y do wyko\u0144czenia \u015bcian w gara\u017cu?<\/h2>\n<p>Wyb\u00f3r materia\u0142\u00f3w do <strong>wyko\u0144czenia \u015bcian<\/strong> w gara\u017cu ma kluczowe znaczenie, nie tylko ze wzgl\u0119du na estetyk\u0119, ale przede wszystkim na ich funkcjonalno\u015b\u0107. <strong>Tynk cementowy<\/strong> to jeden z najcz\u0119\u015bciej wybieranych materia\u0142\u00f3w \u2013 jest trwa\u0142y, odporny na <strong>uszkodzenia mechaniczne<\/strong> i \u0142atwy do utrzymania w czysto\u015bci. W gara\u017cu, gdzie \u015bciany s\u0105 nara\u017cone na zabrudzenia oraz dzia\u0142anie wilgoci, <strong>tynk cementowy<\/strong> sprawdza si\u0119 doskonale. Mo\u017cna go pomalowa\u0107 <strong>farb\u0105 lateksow\u0105<\/strong>, kt\u00f3ra dodatkowo chroni \u015bciany przed wilgoci\u0105 i u\u0142atwia ich czyszczenie.<\/p>\n<p>Alternatyw\u0105 dla <strong>tynku cementowego<\/strong> jest <strong>tynk kamyczkowy<\/strong>, kt\u00f3ry nadaje \u015bcianom interesuj\u0105c\u0105 struktur\u0119 i jednocze\u015bnie zapewnia wysok\u0105 odporno\u015b\u0107 na zarysowania oraz uszkodzenia. To <strong>praktyczne rozwi\u0105zanie<\/strong> nie tylko chroni \u015bciany, ale r\u00f3wnie\u017c nadaje wn\u0119trzu gara\u017cu bardziej wyrafinowany wygl\u0105d. Warto r\u00f3wnie\u017c rozwa\u017cy\u0107 <strong>p\u0142ytki<\/strong> jako materia\u0142 na \u015bciany \u2013 s\u0105 one niezwykle trwa\u0142e i odporne na wilgo\u0107, a jednocze\u015bnie \u0142atwe do czyszczenia. W po\u0142\u0105czeniu z odpowiednio dobranym <strong>klinkierem<\/strong> mo\u017cna uzyska\u0107 estetyczne i <strong>praktyczne wyko\u0144czenie<\/strong>, kt\u00f3re spe\u0142ni wszystkie wymagania.<\/p>\n<div id=\"attachment_34966\" style=\"width: 840px\" class=\"wp-caption alignnone\"><img loading=\"lazy\" decoding=\"async\" aria-describedby=\"caption-attachment-34966\" class=\"wp-image-34966 size-full\" src=\"https:\/\/www.meblobranie.pl\/porady\/wp-content\/uploads\/2021\/12\/narzedzia-w-garazu.jpg\" alt=\"Warsztat w gara\u017cu\" width=\"830\" height=\"552\" srcset=\"https:\/\/www.meblobranie.pl\/porady\/wp-content\/uploads\/2021\/12\/narzedzia-w-garazu.jpg 830w, https:\/\/www.meblobranie.pl\/porady\/wp-content\/uploads\/2021\/12\/narzedzia-w-garazu-300x200.jpg 300w, https:\/\/www.meblobranie.pl\/porady\/wp-content\/uploads\/2021\/12\/narzedzia-w-garazu-768x511.jpg 768w\" sizes=\"auto, (max-width: 830px) 100vw, 830px\" \/><p id=\"caption-attachment-34966\" class=\"wp-caption-text\">Pozostawienie tynku lub cegie\u0142 w gara\u017cu to bardzo cz\u0119sta praktyka<\/p><\/div>\n<h2>Przydomowy gara\u017c jako wielofunkcyjne pomieszczenie. Podsumowanie<\/h2>\n<p>Podsumowuj\u0105c, <strong>gara\u017c<\/strong> mo\u017ce pe\u0142ni\u0107 wiele funkcji, a <strong>pomys\u0142 na \u015bciany w gara\u017cu<\/strong> powinien by\u0107 przemy\u015blany i dostosowany do indywidualnych potrzeb. Niezale\u017cnie od tego, czy chcemy <strong>urz\u0105dzi\u0107 warsztat<\/strong>, <strong>przechowywa\u0107 sprz\u0119t sportowy<\/strong> czy po prostu chroni\u0107 <strong>samoch\u00f3d<\/strong>, warto zainwestowa\u0107 w solidne i estetyczne <strong>wyko\u0144czenie \u015bcian<\/strong>. Dzi\u0119ki odpowiednim materia\u0142om, do kt\u00f3rych zalicza si\u0119 m.in. <strong>tynk cementowy<\/strong>, <strong>tynk kamyczkowy<\/strong> czy <strong>p\u0142ytki<\/strong>, gara\u017c stanie si\u0119 przestrzeni\u0105, kt\u00f3ra jest zar\u00f3wno funkcjonalna, jak i estetyczna.<\/p>\n<p>Odpowiednie <strong>wykorzystanie przestrzeni<\/strong> za pomoc\u0105 p\u00f3\u0142ek, hak\u00f3w i uchwyt\u00f3w pozwala na maksymalne zagospodarowanie miejsca, co jest szczeg\u00f3lnie wa\u017cne w przypadku <strong>ma\u0142ych gara\u017cy<\/strong>. <strong>Praktyczne rozwi\u0105zania<\/strong> sprawi\u0105, \u017ce <strong>gara\u017c<\/strong> stanie si\u0119 wygodnym miejscem do przechowywania narz\u0119dzi, sprz\u0119tu ogrodowego czy sprz\u0119tu sportowego. Dzi\u0119ki dobrze zaplanowanemu wyko\u0144czeniu i organizacji, gara\u017c mo\u017ce pe\u0142ni\u0107 funkcj\u0119 nie tylko <strong>przechowalni samochodu<\/strong>, ale tak\u017ce wygodnej przestrzeni do realizacji r\u00f3\u017cnorodnych pasji.<\/p>\n","protected":false},"excerpt":{"rendered":"<p>Gara\u017c to miejsce, kt\u00f3re wielu z nas traktuje wy\u0142\u0105cznie jako przestrze\u0144 do przechowywania samochodu i innych przedmiot\u00f3w niemieszcz\u0105cych si\u0119 w mieszkaniu. Jednak dobrze urz\u0105dzony gara\u017c mo\u017ce by\u0107 znacznie bardziej funkcjonalny, a przy okazji r\u00f3wnie\u017c estetyczny. W\u0142a\u015bciwie zaplanowana przestrze\u0144 umo\u017cliwia wykorzystanie gara\u017cu nie tylko do parkowania auta.&nbsp;W tym artykule om\u00f3wimy r\u00f3\u017cne praktyczne rozwi\u0105zania dotycz\u0105ce wyko\u0144czenia \u015bcian [&hellip;]<\/p>\n","protected":false},"author":20,"featured_media":34962,"comment_status":"closed","ping_status":"closed","sticky":false,"template":"","format":"standard","meta":{"_acf_changed":false,"ngg_post_thumbnail":0,"footnotes":""},"categories":[6],"tags":[],"class_list":{"0":"post-44650","1":"post","2":"type-post","3":"status-publish","4":"format-standard","5":"has-post-thumbnail","7":"category-poradnik"},"acf":[],"yoast_head":"<!-- This site is optimized with the Yoast SEO plugin v27.4 - https:\/\/yoast.com\/product\/yoast-seo-wordpress\/ -->\n<title>Pomys\u0142 na \u015bciany w gara\u017cu \u2013 co jest praktycznym rozwi\u0105zaniem? - Porady Meblobranie.pl<\/title>\n<meta name=\"description\" content=\"\u00a0W tym artykule om\u00f3wimy r\u00f3\u017cne praktyczne rozwi\u0105zania dotycz\u0105ce wyko\u0144czenia \u015bcian w gara\u017cu\" \/>\n<meta name=\"robots\" content=\"index, follow, max-snippet:-1, max-image-preview:large, max-video-preview:-1\" \/>\n<link rel=\"canonical\" href=\"https:\/\/www.meblobranie.pl\/porady\/pomysl-na-sciany-w-garazu-co-jest-praktycznym-rozwiazaniem\/\" \/>\n<meta name=\"twitter:label1\" content=\"Napisane przez\" \/>\n\t<meta name=\"twitter:data1\" content=\"Dawid z Meblobranie.pl\" \/>\n\t<meta name=\"twitter:label2\" content=\"Szacowany czas czytania\" \/>\n\t<meta name=\"twitter:data2\" content=\"10 minut\" \/>\n<script type=\"application\/ld+json\" class=\"yoast-schema-graph\">{\"@context\":\"https:\\\/\\\/schema.org\",\"@graph\":[{\"@type\":\"Article\",\"@id\":\"https:\\\/\\\/www.meblobranie.pl\\\/porady\\\/pomysl-na-sciany-w-garazu-co-jest-praktycznym-rozwiazaniem\\\/#article\",\"isPartOf\":{\"@id\":\"https:\\\/\\\/www.meblobranie.pl\\\/porady\\\/pomysl-na-sciany-w-garazu-co-jest-praktycznym-rozwiazaniem\\\/\"},\"author\":{\"name\":\"Dawid z Meblobranie.pl\",\"@id\":\"https:\\\/\\\/www.meblobranie.pl\\\/porady\\\/#\\\/schema\\\/person\\\/0c44214399e1752805db67863333461b\"},\"headline\":\"Pomys\u0142 na \u015bciany w gara\u017cu \u2013 co jest praktycznym rozwi\u0105zaniem?\",\"datePublished\":\"2024-10-18T22:07:53+00:00\",\"dateModified\":\"2024-11-23T12:50:22+00:00\",\"mainEntityOfPage\":{\"@id\":\"https:\\\/\\\/www.meblobranie.pl\\\/porady\\\/pomysl-na-sciany-w-garazu-co-jest-praktycznym-rozwiazaniem\\\/\"},\"wordCount\":1885,\"image\":{\"@id\":\"https:\\\/\\\/www.meblobranie.pl\\\/porady\\\/pomysl-na-sciany-w-garazu-co-jest-praktycznym-rozwiazaniem\\\/#primaryimage\"},\"thumbnailUrl\":\"https:\\\/\\\/www.meblobranie.pl\\\/porady\\\/wp-content\\\/uploads\\\/2021\\\/12\\\/w-co-wyposazyc-garaz.jpg\",\"articleSection\":[\"Poradnik\"],\"inLanguage\":\"pl-PL\"},{\"@type\":\"WebPage\",\"@id\":\"https:\\\/\\\/www.meblobranie.pl\\\/porady\\\/pomysl-na-sciany-w-garazu-co-jest-praktycznym-rozwiazaniem\\\/\",\"url\":\"https:\\\/\\\/www.meblobranie.pl\\\/porady\\\/pomysl-na-sciany-w-garazu-co-jest-praktycznym-rozwiazaniem\\\/\",\"name\":\"Pomys\u0142 na \u015bciany w gara\u017cu \u2013 co jest praktycznym rozwi\u0105zaniem? - Porady Meblobranie.pl\",\"isPartOf\":{\"@id\":\"https:\\\/\\\/www.meblobranie.pl\\\/porady\\\/#website\"},\"primaryImageOfPage\":{\"@id\":\"https:\\\/\\\/www.meblobranie.pl\\\/porady\\\/pomysl-na-sciany-w-garazu-co-jest-praktycznym-rozwiazaniem\\\/#primaryimage\"},\"image\":{\"@id\":\"https:\\\/\\\/www.meblobranie.pl\\\/porady\\\/pomysl-na-sciany-w-garazu-co-jest-praktycznym-rozwiazaniem\\\/#primaryimage\"},\"thumbnailUrl\":\"https:\\\/\\\/www.meblobranie.pl\\\/porady\\\/wp-content\\\/uploads\\\/2021\\\/12\\\/w-co-wyposazyc-garaz.jpg\",\"datePublished\":\"2024-10-18T22:07:53+00:00\",\"dateModified\":\"2024-11-23T12:50:22+00:00\",\"author\":{\"@id\":\"https:\\\/\\\/www.meblobranie.pl\\\/porady\\\/#\\\/schema\\\/person\\\/0c44214399e1752805db67863333461b\"},\"description\":\"\u00a0W tym artykule om\u00f3wimy r\u00f3\u017cne praktyczne rozwi\u0105zania dotycz\u0105ce wyko\u0144czenia \u015bcian w gara\u017cu\",\"breadcrumb\":{\"@id\":\"https:\\\/\\\/www.meblobranie.pl\\\/porady\\\/pomysl-na-sciany-w-garazu-co-jest-praktycznym-rozwiazaniem\\\/#breadcrumb\"},\"inLanguage\":\"pl-PL\",\"potentialAction\":[{\"@type\":\"ReadAction\",\"target\":[\"https:\\\/\\\/www.meblobranie.pl\\\/porady\\\/pomysl-na-sciany-w-garazu-co-jest-praktycznym-rozwiazaniem\\\/\"]}]},{\"@type\":\"ImageObject\",\"inLanguage\":\"pl-PL\",\"@id\":\"https:\\\/\\\/www.meblobranie.pl\\\/porady\\\/pomysl-na-sciany-w-garazu-co-jest-praktycznym-rozwiazaniem\\\/#primaryimage\",\"url\":\"https:\\\/\\\/www.meblobranie.pl\\\/porady\\\/wp-content\\\/uploads\\\/2021\\\/12\\\/w-co-wyposazyc-garaz.jpg\",\"contentUrl\":\"https:\\\/\\\/www.meblobranie.pl\\\/porady\\\/wp-content\\\/uploads\\\/2021\\\/12\\\/w-co-wyposazyc-garaz.jpg\",\"width\":830,\"height\":554,\"caption\":\"W co wyposa\u017cy\u0107 gara\u017c\"},{\"@type\":\"BreadcrumbList\",\"@id\":\"https:\\\/\\\/www.meblobranie.pl\\\/porady\\\/pomysl-na-sciany-w-garazu-co-jest-praktycznym-rozwiazaniem\\\/#breadcrumb\",\"itemListElement\":[{\"@type\":\"ListItem\",\"position\":1,\"name\":\"Home\",\"item\":\"https:\\\/\\\/www.meblobranie.pl\\\/porady\\\/\"},{\"@type\":\"ListItem\",\"position\":2,\"name\":\"Pomys\u0142 na \u015bciany w gara\u017cu \u2013 co jest praktycznym rozwi\u0105zaniem?\"}]},{\"@type\":\"WebSite\",\"@id\":\"https:\\\/\\\/www.meblobranie.pl\\\/porady\\\/#website\",\"url\":\"https:\\\/\\\/www.meblobranie.pl\\\/porady\\\/\",\"name\":\"Porady Meblobranie.pl\",\"description\":\"Blog o tarasach i ogrodach\",\"potentialAction\":[{\"@type\":\"SearchAction\",\"target\":{\"@type\":\"EntryPoint\",\"urlTemplate\":\"https:\\\/\\\/www.meblobranie.pl\\\/porady\\\/?s={search_term_string}\"},\"query-input\":{\"@type\":\"PropertyValueSpecification\",\"valueRequired\":true,\"valueName\":\"search_term_string\"}}],\"inLanguage\":\"pl-PL\"},{\"@type\":\"Person\",\"@id\":\"https:\\\/\\\/www.meblobranie.pl\\\/porady\\\/#\\\/schema\\\/person\\\/0c44214399e1752805db67863333461b\",\"name\":\"Dawid z Meblobranie.pl\",\"image\":{\"@type\":\"ImageObject\",\"inLanguage\":\"pl-PL\",\"@id\":\"https:\\\/\\\/secure.gravatar.com\\\/avatar\\\/9ede1c3924e3173d8f3ad05211531161353d772865bc4dacba314dbcd46c0fef?s=96&d=mm&r=g\",\"url\":\"https:\\\/\\\/secure.gravatar.com\\\/avatar\\\/9ede1c3924e3173d8f3ad05211531161353d772865bc4dacba314dbcd46c0fef?s=96&d=mm&r=g\",\"contentUrl\":\"https:\\\/\\\/secure.gravatar.com\\\/avatar\\\/9ede1c3924e3173d8f3ad05211531161353d772865bc4dacba314dbcd46c0fef?s=96&d=mm&r=g\",\"caption\":\"Dawid z Meblobranie.pl\"},\"description\":\"Lorem Ipsum is simply dummy text of the printing and typesetting industry. Lorem Ipsum has been the industry's standard dummy text ever since the 1500s, when an unknown printer took a galley of type and scrambled it to make a type specimen book.\"}]}<\/script>\n<!-- \/ Yoast SEO plugin. -->","yoast_head_json":{"title":"Pomys\u0142 na \u015bciany w gara\u017cu \u2013 co jest praktycznym rozwi\u0105zaniem? - Porady Meblobranie.pl","description":"\u00a0W tym artykule om\u00f3wimy r\u00f3\u017cne praktyczne rozwi\u0105zania dotycz\u0105ce wyko\u0144czenia \u015bcian w gara\u017cu","robots":{"index":"index","follow":"follow","max-snippet":"max-snippet:-1","max-image-preview":"max-image-preview:large","max-video-preview":"max-video-preview:-1"},"canonical":"https:\/\/www.meblobranie.pl\/porady\/pomysl-na-sciany-w-garazu-co-jest-praktycznym-rozwiazaniem\/","twitter_misc":{"Napisane przez":"Dawid z Meblobranie.pl","Szacowany czas czytania":"10 minut"},"schema":{"@context":"https:\/\/schema.org","@graph":[{"@type":"Article","@id":"https:\/\/www.meblobranie.pl\/porady\/pomysl-na-sciany-w-garazu-co-jest-praktycznym-rozwiazaniem\/#article","isPartOf":{"@id":"https:\/\/www.meblobranie.pl\/porady\/pomysl-na-sciany-w-garazu-co-jest-praktycznym-rozwiazaniem\/"},"author":{"name":"Dawid z Meblobranie.pl","@id":"https:\/\/www.meblobranie.pl\/porady\/#\/schema\/person\/0c44214399e1752805db67863333461b"},"headline":"Pomys\u0142 na \u015bciany w gara\u017cu \u2013 co jest praktycznym rozwi\u0105zaniem?","datePublished":"2024-10-18T22:07:53+00:00","dateModified":"2024-11-23T12:50:22+00:00","mainEntityOfPage":{"@id":"https:\/\/www.meblobranie.pl\/porady\/pomysl-na-sciany-w-garazu-co-jest-praktycznym-rozwiazaniem\/"},"wordCount":1885,"image":{"@id":"https:\/\/www.meblobranie.pl\/porady\/pomysl-na-sciany-w-garazu-co-jest-praktycznym-rozwiazaniem\/#primaryimage"},"thumbnailUrl":"https:\/\/www.meblobranie.pl\/porady\/wp-content\/uploads\/2021\/12\/w-co-wyposazyc-garaz.jpg","articleSection":["Poradnik"],"inLanguage":"pl-PL"},{"@type":"WebPage","@id":"https:\/\/www.meblobranie.pl\/porady\/pomysl-na-sciany-w-garazu-co-jest-praktycznym-rozwiazaniem\/","url":"https:\/\/www.meblobranie.pl\/porady\/pomysl-na-sciany-w-garazu-co-jest-praktycznym-rozwiazaniem\/","name":"Pomys\u0142 na \u015bciany w gara\u017cu \u2013 co jest praktycznym rozwi\u0105zaniem? - Porady Meblobranie.pl","isPartOf":{"@id":"https:\/\/www.meblobranie.pl\/porady\/#website"},"primaryImageOfPage":{"@id":"https:\/\/www.meblobranie.pl\/porady\/pomysl-na-sciany-w-garazu-co-jest-praktycznym-rozwiazaniem\/#primaryimage"},"image":{"@id":"https:\/\/www.meblobranie.pl\/porady\/pomysl-na-sciany-w-garazu-co-jest-praktycznym-rozwiazaniem\/#primaryimage"},"thumbnailUrl":"https:\/\/www.meblobranie.pl\/porady\/wp-content\/uploads\/2021\/12\/w-co-wyposazyc-garaz.jpg","datePublished":"2024-10-18T22:07:53+00:00","dateModified":"2024-11-23T12:50:22+00:00","author":{"@id":"https:\/\/www.meblobranie.pl\/porady\/#\/schema\/person\/0c44214399e1752805db67863333461b"},"description":"\u00a0W tym artykule om\u00f3wimy r\u00f3\u017cne praktyczne rozwi\u0105zania dotycz\u0105ce wyko\u0144czenia \u015bcian w gara\u017cu","breadcrumb":{"@id":"https:\/\/www.meblobranie.pl\/porady\/pomysl-na-sciany-w-garazu-co-jest-praktycznym-rozwiazaniem\/#breadcrumb"},"inLanguage":"pl-PL","potentialAction":[{"@type":"ReadAction","target":["https:\/\/www.meblobranie.pl\/porady\/pomysl-na-sciany-w-garazu-co-jest-praktycznym-rozwiazaniem\/"]}]},{"@type":"ImageObject","inLanguage":"pl-PL","@id":"https:\/\/www.meblobranie.pl\/porady\/pomysl-na-sciany-w-garazu-co-jest-praktycznym-rozwiazaniem\/#primaryimage","url":"https:\/\/www.meblobranie.pl\/porady\/wp-content\/uploads\/2021\/12\/w-co-wyposazyc-garaz.jpg","contentUrl":"https:\/\/www.meblobranie.pl\/porady\/wp-content\/uploads\/2021\/12\/w-co-wyposazyc-garaz.jpg","width":830,"height":554,"caption":"W co wyposa\u017cy\u0107 gara\u017c"},{"@type":"BreadcrumbList","@id":"https:\/\/www.meblobranie.pl\/porady\/pomysl-na-sciany-w-garazu-co-jest-praktycznym-rozwiazaniem\/#breadcrumb","itemListElement":[{"@type":"ListItem","position":1,"name":"Home","item":"https:\/\/www.meblobranie.pl\/porady\/"},{"@type":"ListItem","position":2,"name":"Pomys\u0142 na \u015bciany w gara\u017cu \u2013 co jest praktycznym rozwi\u0105zaniem?"}]},{"@type":"WebSite","@id":"https:\/\/www.meblobranie.pl\/porady\/#website","url":"https:\/\/www.meblobranie.pl\/porady\/","name":"Porady Meblobranie.pl","description":"Blog o tarasach i ogrodach","potentialAction":[{"@type":"SearchAction","target":{"@type":"EntryPoint","urlTemplate":"https:\/\/www.meblobranie.pl\/porady\/?s={search_term_string}"},"query-input":{"@type":"PropertyValueSpecification","valueRequired":true,"valueName":"search_term_string"}}],"inLanguage":"pl-PL"},{"@type":"Person","@id":"https:\/\/www.meblobranie.pl\/porady\/#\/schema\/person\/0c44214399e1752805db67863333461b","name":"Dawid z Meblobranie.pl","image":{"@type":"ImageObject","inLanguage":"pl-PL","@id":"https:\/\/secure.gravatar.com\/avatar\/9ede1c3924e3173d8f3ad05211531161353d772865bc4dacba314dbcd46c0fef?s=96&d=mm&r=g","url":"https:\/\/secure.gravatar.com\/avatar\/9ede1c3924e3173d8f3ad05211531161353d772865bc4dacba314dbcd46c0fef?s=96&d=mm&r=g","contentUrl":"https:\/\/secure.gravatar.com\/avatar\/9ede1c3924e3173d8f3ad05211531161353d772865bc4dacba314dbcd46c0fef?s=96&d=mm&r=g","caption":"Dawid z Meblobranie.pl"},"description":"Lorem Ipsum is simply dummy text of the printing and typesetting industry. Lorem Ipsum has been the industry's standard dummy text ever since the 1500s, when an unknown printer took a galley of type and scrambled it to make a type specimen book."}]}},"_links":{"self":[{"href":"https:\/\/www.meblobranie.pl\/porady\/wp-json\/wp\/v2\/posts\/44650","targetHints":{"allow":["GET"]}}],"collection":[{"href":"https:\/\/www.meblobranie.pl\/porady\/wp-json\/wp\/v2\/posts"}],"about":[{"href":"https:\/\/www.meblobranie.pl\/porady\/wp-json\/wp\/v2\/types\/post"}],"author":[{"embeddable":true,"href":"https:\/\/www.meblobranie.pl\/porady\/wp-json\/wp\/v2\/users\/20"}],"replies":[{"embeddable":true,"href":"https:\/\/www.meblobranie.pl\/porady\/wp-json\/wp\/v2\/comments?post=44650"}],"version-history":[{"count":0,"href":"https:\/\/www.meblobranie.pl\/porady\/wp-json\/wp\/v2\/posts\/44650\/revisions"}],"wp:featuredmedia":[{"embeddable":true,"href":"https:\/\/www.meblobranie.pl\/porady\/wp-json\/wp\/v2\/media\/34962"}],"wp:attachment":[{"href":"https:\/\/www.meblobranie.pl\/porady\/wp-json\/wp\/v2\/media?parent=44650"}],"wp:term":[{"taxonomy":"category","embeddable":true,"href":"https:\/\/www.meblobranie.pl\/porady\/wp-json\/wp\/v2\/categories?post=44650"},{"taxonomy":"post_tag","embeddable":true,"href":"https:\/\/www.meblobranie.pl\/porady\/wp-json\/wp\/v2\/tags?post=44650"}],"curies":[{"name":"wp","href":"https:\/\/api.w.org\/{rel}","templated":true}]}}