{"id":44831,"date":"2024-11-21T22:20:36","date_gmt":"2024-11-21T21:20:36","guid":{"rendered":"https:\/\/www.meblobranie.pl\/porady\/?p=44831"},"modified":"2024-11-28T22:28:46","modified_gmt":"2024-11-28T21:28:46","slug":"jakie-meble-do-garazu-wybrac-funkcjonalne-urzadzenie-garazu","status":"publish","type":"post","link":"https:\/\/www.meblobranie.pl\/porady\/jakie-meble-do-garazu-wybrac-funkcjonalne-urzadzenie-garazu\/","title":{"rendered":"Jakie meble do gara\u017cu wybra\u0107? Funkcjonalne urz\u0105dzenie gara\u017cu"},"content":{"rendered":"<p><a href=\"https:\/\/www.meblobranie.pl\/garaze\">Gara\u017c<\/a> od dawna przesta\u0142 by\u0107 przestrzeni\u0105 przeznaczon\u0105 wy\u0142\u0105cznie do parkowania samochod\u00f3w. Obecnie pe\u0142ni szereg funkcji \u2014 w zale\u017cno\u015bci od potrzeb i preferencji u\u017cytkownik\u00f3w, mo\u017ce by\u0107 domowym warsztatem, magazynem lub miejscem, w kt\u00f3rym mo\u017cna realizowa\u0107 w\u0142asne pasje.<\/p>\n<p>Jednak aby mo\u017cliwe by\u0142o maksymalne wykorzystanie jego potencja\u0142u, nale\u017cy zadba\u0107 o odpowiednie wyposa\u017cenie. Warto pami\u0119ta\u0107, \u017ce wyb\u00f3r mebli do gara\u017cu to nie tylko kwestia estetyki, ale przede wszystkim funkcjonalno\u015bci.<\/p>\n<p>Odpowiednio dobrane rozwi\u0105zania sprzyjaj\u0105 utrzymaniu porz\u0105dku, a przy tym s\u0105 wygodne w codziennym u\u017cytkowaniu, pozwalaj\u0105c na przechowywanie narz\u0119dzi ogrodowych, sprz\u0119tu sportowego, czy dowolnych innych akcesori\u00f3w sezonowych.<\/p>\n<p><img decoding=\"async\" src=\"https:\/\/www.meblobranie.pl\/porady\/wp-content\/uploads\/2024\/11\/plasikowa-szafa-garazowa.png\" \/><!--more--><\/p>\n\n<h2><strong>Jak urz\u0105dzi\u0107 gara\u017c? Poznaj swoje potrzeby<\/strong><\/h2>\n<p>Jeszcze zanim przyst\u0105pisz do wyposa\u017cania gara\u017cu, powiniene\u015b w pierwszej kolejno\u015bci przeprowadzi\u0107 szczeg\u00f3\u0142ow\u0105 analiz\u0119. W tym punkcie warto zwr\u00f3ci\u0107 uwag\u0119 na dost\u0119pn\u0105 przestrze\u0144 oraz funkcje, jakie ma pe\u0142ni\u0107 gara\u017c.<\/p>\n<p>Inne rozwi\u0105zania sprawdz\u0105 si\u0119 w\u00f3wczas, gdy gara\u017c wykorzystywany b\u0119dzie wy\u0142\u0105cznie do parkowania pojazd\u00f3w i przechowywania narz\u0119dzi, a inne, je\u017celi chcesz, by wn\u0119trze gara\u017cu cyklicznie zmienia\u0142o si\u0119 w prawdziwy warsztat majsterkowicza.<\/p>\n<p>Aby unikn\u0105\u0107 b\u0142\u0119d\u00f3w, kt\u00f3re w p\u00f3\u017aniejszym czasie mog\u0105 si\u0119 okaza\u0107 trudne do usuni\u0119cia, nale\u017cy dok\u0142adnie zmierzy\u0107 dost\u0119pn\u0105 przestrze\u0144. W tym punkcie nale\u017cy pami\u0119ta\u0107 o tym, \u017ce cz\u0119\u015b\u0107 powinna pozosta\u0107 niezagospodarowana, tak by mo\u017cliwe by\u0142o swobodne parkowanie pojazdu. Takie podej\u015bcie pozwoli Ci unikn\u0105\u0107 b\u0142\u0119d\u00f3w, a r\u00f3wnocze\u015bnie pozwoli na stworzenie harmonijnej i w pe\u0142ni funkcjonalnej aran\u017cacji gara\u017cu.<\/p>\n<p>[[kategoria:1848:6]]<\/p>\n<h2><strong>Wyposa\u017cenie gara\u017cu \u2014 na to zwr\u00f3\u0107 uwag\u0119<\/strong><\/h2>\n<p>Znaj\u0105c podstawowe parametry, mo\u017cesz przej\u015b\u0107 do kolejnego kroku, jakim jest planowanie wn\u0119trza gara\u017cu. Dobieraj\u0105c wyposa\u017cenie gara\u017cu, warto pami\u0119ta\u0107 o tym, \u017ce meble powinny by\u0107 przede wszystkim wytrzyma\u0142e. Gara\u017c to specyficzna przestrze\u0144, w kt\u00f3rej zwykle panuj\u0105 zupe\u0142nie inne warunki, ni\u017c wewn\u0105trz domu. Niska temperatura, a niekiedy r\u00f3wnie\u017c wy\u017cszy poziom wilgotno\u015bci powietrza, sprawiaj\u0105, \u017ce meble powinny by\u0107 odporne na czynniki zewn\u0119trzne.<\/p>\n<p>Chc\u0105c urz\u0105dzi\u0107 gara\u017c, warto zainwestowa\u0107 w meble metalowe. Tego typu konstrukcje s\u0105 niezwykle trwa\u0142e, a przy tym odporne na wilgo\u0107 i uszkodzenia mechaniczne. To w po\u0142\u0105czeniu z szerok\u0105 dost\u0119pno\u015bci\u0105 r\u00f3\u017cnych wzor\u00f3w i form sprawia, \u017ce to doskona\u0142y wyb\u00f3r do gara\u017cu. Meble metalowe, malowane proszkowo, mo\u017cna z \u0142atwo\u015bci\u0105 dopasowa\u0107 do ka\u017cdej aran\u017cacji, dzi\u0119ki czemu wn\u0119trze gara\u017cu zachwyci wyj\u0105tkow\u0105 sp\u00f3jno\u015bci\u0105 i harmoni\u0105.<\/p>\n<p>Alternatyw\u0105 dla mebli metalowych mog\u0105 by\u0107 te, wykonane z tworzywa sztucznego. Tego typu meble s\u0105 l\u017cejsze, a przy tym s\u0105 w pe\u0142ni odporne na korozj\u0119. Nale\u017cy jednak pami\u0119ta\u0107, \u017ce z uwagi na specyfik\u0119 materia\u0142u, z jakiego s\u0105 wykonane, ich no\u015bno\u015b\u0107 b\u0119dzie bardziej ograniczona.<\/p>\n<p>Je\u017celi zale\u017cy Ci na wysokiej estetyce, a przy tym utrzymujesz w gara\u017cu odpowiednie parametry temperatury i wilgotno\u015bci (te zwykle s\u0105 osi\u0105gane w przypadku gara\u017cy w bryle budynku), w\u00f3wczas warto postawi\u0107 na meble drewniane lub stanowi\u0105ce po\u0142\u0105czenie drewna i metalu. Tego typu wyposa\u017cenie sprawi, \u017ce Tw\u00f3j nowoczesny gara\u017c b\u0119dzie zachwyca\u0142 nie tylko wyj\u0105tkow\u0105 funkcjonalno\u015bci\u0105, ale i doskona\u0142ym stylem.<\/p>\n<h2><strong>Jakie meble do gara\u017cu wybra\u0107?<\/strong><\/h2>\n<p>Przede wszystkim jeszcze zanim odpowiesz sobie na to pytanie, powiniene\u015b zastanowi\u0107 si\u0119, jakie s\u0105 Twoje g\u0142\u00f3wne potrzeby. Inne typy mebli sprawdz\u0105 si\u0119, je\u017celi przestrze\u0144 gara\u017cu chcesz przeznaczy\u0107 do przechowywania drobnych narz\u0119dzi, a inne, je\u017celi w gara\u017cu chcesz urz\u0105dzi\u0107 domow\u0105 spi\u017carni\u0119.<\/p>\n<p>Dopasowuj\u0105c meble do swoich potrzeb, uzyskasz najlepsze rezultaty, a przy tym maksymalnie wykorzystasz dost\u0119pn\u0105 przestrze\u0144.<\/p>\n<h3><strong>P\u00f3\u0142ki wisz\u0105ce do gara\u017cu<\/strong><\/h3>\n<p>Klasyczne p\u00f3\u0142ki wisz\u0105ce to prawdziwy must have ka\u017cdego gara\u017cu. To wyj\u0105tkowo praktyczne meble, kt\u00f3re pozwol\u0105 na dobre wykorzystanie niemal ka\u017cdej przestrzeni, od pod\u0142ogi, a\u017c po sufit. Dost\u0119pne w r\u00f3\u017cnych szeroko\u015bciach sprawdz\u0105 si\u0119 r\u00f3wnie\u017c w niewielkich gara\u017cach, nie przyt\u0142aczaj\u0105c pomieszczenia.<\/p>\n<p>P\u00f3\u0142ki montowane na uchwyty \u015bcienne lub bezpo\u015brednio pod sufitem nie zajmuj\u0105 pod\u0142ogi, przez co umo\u017cliwiaj\u0105 swobodne poruszanie si\u0119 r\u00f3wnie\u017c w niewielkich gara\u017cach. Co wi\u0119cej, odpowiednio dobrane, wyr\u00f3\u017cniaj\u0105 si\u0119 wysok\u0105 no\u015bno\u015bci\u0105, dzi\u0119ki czemu nadaj\u0105 si\u0119 do przechowywania opon sezonowych, do kt\u00f3rych dost\u0119p mo\u017ce by\u0107 ograniczony.<\/p>\n<div style=\"width: 840px\" class=\"wp-caption alignnone\"><img loading=\"lazy\" decoding=\"async\" src=\"https:\/\/www.meblobranie.pl\/porady\/wp-content\/uploads\/2024\/11\/szafa-na-narzedzia-w-piwnicy.png\" alt=\"Otwarte rega\u0142y w gara\u017cu\" width=\"830\" height=\"646\" \/><p class=\"wp-caption-text\">Otwarte rega\u0142y w gara\u017cu<\/p><\/div>\n<h3><strong>Otwarte rega\u0142y<\/strong><\/h3>\n<p>Niezale\u017cnie od tego, czy w gara\u017cu planujesz urz\u0105dzi\u0107 warsztat, czy chcesz wydzieli\u0107 dodatkow\u0105 przestrze\u0144 do przechowywania, doskona\u0142ym rozwi\u0105zaniem b\u0119d\u0105 otwarte rega\u0142y metalowe z p\u00f3\u0142kami o r\u00f3\u017cnej g\u0142\u0119boko\u015bci i wysoko\u015bci.<\/p>\n<p>Tego typu rega\u0142y sprawiaj\u0105, \u017ce wszystkie przechowywane przedmioty s\u0105 stale w zasi\u0119gu r\u0119ki, co znacz\u0105co zwi\u0119ksza funkcjonalno\u015b\u0107 pomieszczenia. Co wi\u0119cej, decyduj\u0105c si\u0119 na p\u00f3\u0142ki o r\u00f3\u017cnej g\u0142\u0119boko\u015bci i szeroko\u015bci, sprawisz, \u017ce rega\u0142 z powodzeniem b\u0119dzie spe\u0142nia\u0142 r\u00f3\u017cne funkcje.<\/p>\n<p>Na najwy\u017cszych p\u00f3\u0142kach warto umie\u015bci\u0107 rzadko u\u017cywane przedmioty, na p\u00f3\u0142kach znajduj\u0105cych si\u0119 w zasi\u0119gu r\u0119ki warto umieszcza\u0107 te przedmioty, kt\u00f3re stale s\u0105 w u\u017cyciu, co zapewni \u0142atwy dost\u0119p. Z kolei szersza p\u00f3\u0142ka w dolnej cz\u0119\u015bci rega\u0142u mo\u017ce s\u0142u\u017cy\u0107 jako blat roboczy.<\/p>\n<p>Pami\u0119taj jednak, by wybieraj\u0105c rega\u0142y wzi\u0105\u0107 pod uwag\u0119 ich no\u015bno\u015b\u0107. Znaj\u0105c te parametry, b\u0119dziesz w stanie lepiej dopasowa\u0107 rega\u0142y do w\u0142asnych potrzeb.<\/p>\n<h3><strong>G\u0142\u0119bokie meble magazynowe do du\u017cego gara\u017cu<\/strong><\/h3>\n<p>Je\u017celi dysponujesz odpowiednio du\u017c\u0105 przestrzeni\u0105, mo\u017cesz zdecydowa\u0107 si\u0119 na aran\u017cacj\u0119 gara\u017cu z wykorzystaniem g\u0142\u0119bokich mebli magazynowych.<strong> Aby uzyska\u0107 najlepsze efekty, wybieraj meble metalowe o wysoko\u015bci od 180 do 200 cm.<\/strong> Tak wysokie meble zapewni\u0105 du\u017co miejsca do przechowywania potrzebnych akcesori\u00f3w, nawet w\u00f3wczas, gdy ich szeroko\u015b\u0107 i g\u0142\u0119boko\u015b\u0107 b\u0119dzie ograniczona. Warto rozwa\u017cy\u0107 r\u00f3wnie\u017c specjalne wieszaki lub nawet gotowe <a href=\"https:\/\/www.meblobranie.pl\/schowki-na-rowery\">schowki na rowery<\/a>.<\/p>\n<div style=\"width: 610px\" class=\"wp-caption aligncenter\"><img loading=\"lazy\" decoding=\"async\" src=\"https:\/\/www.meblobranie.pl\/porady\/wp-content\/uploads\/2024\/11\/schowek-na-rowery.jpeg\" alt=\"Gotowy schowek na rowery \" width=\"600\" height=\"800\" \/><p class=\"wp-caption-text\">Gotowy schowek na rowery<\/p><\/div>\n<h2><strong>Praktyczne rozwi\u0105zania dla unikni\u0119cia chaosu<\/strong><\/h2>\n<p>Wiesz ju\u017c jakiego typu meble do gara\u017cu sprawdz\u0105 si\u0119 najlepiej. Jednak jak zapanowa\u0107 nad porz\u0105dkiem, szczeg\u00f3lnie w przypadku otwartych powierzchni, takich jak rega\u0142y metalowe czy p\u00f3\u0142ki wisz\u0105ce? W tym celu warto zastosowa\u0107 r\u00f3\u017cnego rodzaju pojemniki i organizery, kt\u00f3re pozwol\u0105 na utrzymanie porz\u0105dku.<\/p>\n<p>Drobne przedmioty warto pogrupowa\u0107 wed\u0142ug przeznaczenia. Nast\u0119pnie ustaw wszystko w taki spos\u00f3b, aby potrzebne rzeczy znajdowa\u0142y si\u0119 w zasi\u0119gu r\u0119ki, a te, z kt\u00f3rych korzystasz najrzadziej, na g\u00f3rnych p\u00f3\u0142kach.<\/p>\n<p>Je\u017celi dysponujesz odpowiedni\u0105 ilo\u015bci\u0105 miejsca, mo\u017cesz dodatkowo pogrupowa\u0107 rega\u0142y i <a href=\"https:\/\/www.meblobranie.pl\/szafy-warsztatowe\">szafy warsztatowe<\/a> \u2014 w jednym miejscu przechowuj sprz\u0119t sportowy, w innym narz\u0119dzia, a w kolejnym szereg innych potrzebnych rzeczy.<\/p>\n<p>Je\u017celi w domu mieszkaj\u0105 dzieci, pami\u0119taj o odpowiednim zagospodarowaniu najwy\u017cszych p\u00f3\u0142ek. To w\u0142a\u015bnie tam powinny si\u0119 znale\u017a\u0107 wszystkie niebezpieczne przedmioty, takie jak ostre narz\u0119dzia, czy chemikalia.<\/p>\n<p>Takie rozwi\u0105zanie pozwoli zadba\u0107 o maksymalny poziom bezpiecze\u0144stwa, a r\u00f3wnocze\u015bnie sprawi, \u017ce z \u0142atwo\u015bci\u0105 znajdziesz to, czego potrzebujesz, bez konieczno\u015bci ci\u0105g\u0142ego przestawiania drobiazg\u00f3w.<\/p>\n<p>[[kategoria:2055:6]]<\/p>\n<h3><strong>Wydziel miejsce do przechowywania narz\u0119dzi<\/strong><\/h3>\n<p>Je\u017celi w chcesz stworzy\u0107 w gara\u017cu warsztat z prawdziwego zdarzenia, zdecyduj si\u0119 na sprawdzone pomys\u0142y. Dobrze zaprojektowane miejsce do pracy, wykorzystuj\u0105ce praktyczne rozwi\u0105zania pozwala znacz\u0105co usprawni\u0107 prac\u0119.<\/p>\n<p>Solidny st\u00f3\u0142 roboczy, z odpowiedni\u0105 ilo\u015bci\u0105 miejsca na narz\u0119dzia to wyj\u0105tkowo praktyczne rozwi\u0105zanie, kt\u00f3re sprawi, \u017ce wykonywanie drobnych prac w gara\u017cu b\u0119dzie jeszcze przyjemniejsze.<\/p>\n<p>Je\u017celi planujesz sp\u0119dza\u0107 w gara\u017cu du\u017co czasu, warto zadba\u0107 o odpowiedni\u0105 ergonomi\u0119. St\u00f3\u0142 warsztatowy ustaw na odpowiedniej wysoko\u015bci, a do siedzenia wybierz wygodny sto\u0142ek warsztatowy.<\/p>\n<p>Dodatkowo dobrym pomys\u0142em, kt\u00f3ry pozwoli wykorzysta\u0107 ca\u0142\u0105 przestrze\u0144, b\u0119dzie monta\u017c tablicy narz\u0119dziowej. Dzi\u0119ki temu wszystkie najwa\u017cniejsze narz\u0119dzia b\u0119d\u0105 zawsze na swoim miejscu, a Ty unikniesz d\u0142ugiego poszukiwania.<\/p>\n<h3><strong>Pami\u0119taj o przestrzeni do przechowywania samochodu<\/strong><\/h3>\n<p>Aran\u017cuj\u0105c gara\u017c, nale\u017cy pami\u0119ta\u0107, \u017ce ten s\u0142u\u017cy przede wszystkim do przechowywania samochodu. Cho\u0107 bez w\u0105tpienia warto maksymalnie wykorzysta\u0107 dost\u0119pn\u0105 przestrze\u0144, to nale\u017cy pami\u0119ta\u0107 o tym, \u017ce wyposa\u017cenie gara\u017cu nie powinno utrudnia\u0107 parkowania pojazdu, wsiadania do niego (lub wysiadania), czy wyjazdu.<\/p>\n<p>Nadmiernie zabudowany gara\u017c, mo\u017ce znacz\u0105co utrudni\u0107 codzienne funkcjonowanie, zwi\u0119kszaj\u0105c tym samym ryzyko przypadkowego uszkodzenia pojazdu.<\/p>\n<p>Najlepsze rezultaty osi\u0105gniesz, pozostawiaj\u0105c miejsce postojowe w gara\u017cu o wymiarach co najmniej 2,3\u00a0\u00d7\u00a05 m. Pami\u0119taj jednak, \u017ce wymiary te mog\u0105 ulec zmianie, w przypadku szczeg\u00f3lnie du\u017cych pojazd\u00f3w.<\/p>\n<div style=\"width: 840px\" class=\"wp-caption alignnone\"><img loading=\"lazy\" decoding=\"async\" src=\"https:\/\/www.meblobranie.pl\/porady\/wp-content\/uploads\/2022\/09\/oswietlenie-garazu.jpg\" alt=\"Odpowiednie o\u015bwietlenie to istotna kwestia dla z\u0142otej r\u0105czki \" width=\"830\" height=\"554\" \/><p class=\"wp-caption-text\">Odpowiednie o\u015bwietlenie to istotna kwestia dla z\u0142otej r\u0105czki<\/p><\/div>\n<h2><strong>Urz\u0105dzasz gara\u017c? Zadbaj o komfort na najwy\u017cszym poziomie<\/strong><\/h2>\n<p>Gara\u017c to doskona\u0142e miejsce do stworzenia domowego warsztatu lub mini spi\u017carni. Jednak aby tak mog\u0142o si\u0119 sta\u0107, nale\u017cy pami\u0119ta\u0107 o odpowiedniej aran\u017cacji. Dob\u00f3r odpowiednich mebli to nie wszystko.<\/p>\n<h3><strong>O\u015bwietlenie gara\u017cu<\/strong><\/h3>\n<p>W pe\u0142ni funkcjonalny gara\u017c powinien by\u0107 wyposa\u017cony w odpowiednie <a href=\"https:\/\/www.meblobranie.pl\/porady\/jakie-oswietlenie-do-garazu\/\">o\u015bwietlenie gara\u017cowe<\/a>, kt\u00f3re znacz\u0105co u\u0142atwi prac\u0119, w tym w szczeg\u00f3lno\u015bci wykonywanie precyzyjnych zada\u0144.<\/p>\n<p>Szczeg\u00f3ln\u0105 uwag\u0119 warto zwr\u00f3ci\u0107 na o\u015bwietlenie LED. Tego typu o\u015bwietlenie jest energooszcz\u0119dne i trwa\u0142e, a odpowiednio dobrane o\u015bwietli ca\u0142e pomieszczenie.<\/p>\n<p>Warto przy tym pami\u0119ta\u0107, \u017ce o\u015bwietlenie nie powinno ogranicza\u0107 si\u0119 wy\u0142\u0105cznie do \u015bwiat\u0142a centralnego. W gara\u017cowym warsztacie z pewno\u015bci\u0105 przydadz\u0105 si\u0119 dodatkowe punkty \u015bwietlne, znajduj\u0105ce si\u0119 bezpo\u015brednio nad sto\u0142em warsztatowym.<\/p>\n<h3><strong>Wentylacja dla poprawy komfortu i bezpiecze\u0144stwa<\/strong><\/h3>\n<p>Na sam koniec, warto zastanowi\u0107 si\u0119, czy dotychczas stosowana wentylacja w gara\u017cu jest wystarczaj\u0105ca. Zwykle w tego typu pomieszczeniach stosowana jest tradycyjna wentylacja grawitacyjna.<\/p>\n<p>Je\u017celi jednak przechowujesz w gara\u017cu chemikalia lub pracujesz z narz\u0119dziami, kt\u00f3re generuj\u0105 py\u0142 i opary, powiniene\u015b rozwa\u017cy\u0107 jej usprawnienie. Wentylacja mechaniczna pozwoli zadba\u0107 o jako\u015b\u0107 powietrza w gara\u017cu, sprawiaj\u0105c, \u017ce nawet najbardziej uci\u0105\u017cliwa praca stanie si\u0119 prawdziw\u0105 przyjemno\u015bci\u0105.<\/p>\n<p>[[kategoria:1555:6]]<\/p>\n<h2><strong>Wn\u0119trze gara\u017cu skrojone na miar\u0119 Twoich potrzeb<\/strong><\/h2>\n<p>Urz\u0105dzanie funkcjonalnego gara\u017cu to zadanie, kt\u00f3re wymaga odpowiedniego przygotowania. Przemy\u015blenie i staranne zaplanowanie aran\u017cacji tego specyficznego wn\u0119trza pozwoli odmieni\u0107 dotychczas niewykorzystane zakamarki, pozwalaj\u0105c tym samym maksymalnie wykorzysta\u0107 dost\u0119pn\u0105 przestrze\u0144.<\/p>\n<p>W\u0142a\u015bciwie dobrane meble, przemy\u015blany uk\u0142ad oraz dba\u0142o\u015b\u0107 o pozosta\u0142e detale, takie jak o\u015bwietlenie czy wentylacja sprawi\u0105, \u017ce miejsce to b\u0119dzie nie tylko wygodne w codziennym u\u017cytkowaniu, ale r\u00f3wnie\u017c przyjemne.<\/p>\n<p>Warto pami\u0119ta\u0107, \u017ce cho\u0107 g\u0142\u00f3wn\u0105 funkcj\u0105 gara\u017cu jest umo\u017cliwienie bezpiecznego przechowywania pojazdu, to przy odpowiedniej aran\u017cacji, mo\u017ce si\u0119 zmieni\u0107 w wyj\u0105tkowe miejsce do realizacji w\u0142asnych pasji.<\/p>\n","protected":false},"excerpt":{"rendered":"<p>Gara\u017c od dawna przesta\u0142 by\u0107 przestrzeni\u0105 przeznaczon\u0105 wy\u0142\u0105cznie do parkowania samochod\u00f3w. Obecnie pe\u0142ni szereg funkcji \u2014 w zale\u017cno\u015bci od potrzeb i preferencji u\u017cytkownik\u00f3w, mo\u017ce by\u0107 domowym warsztatem, magazynem lub miejscem, w kt\u00f3rym mo\u017cna realizowa\u0107 w\u0142asne pasje. Jednak aby mo\u017cliwe by\u0142o maksymalne wykorzystanie jego potencja\u0142u, nale\u017cy zadba\u0107 o odpowiednie wyposa\u017cenie. Warto pami\u0119ta\u0107, \u017ce wyb\u00f3r mebli do [&hellip;]<\/p>\n","protected":false},"author":20,"featured_media":0,"comment_status":"closed","ping_status":"closed","sticky":false,"template":"","format":"standard","meta":{"_acf_changed":false,"ngg_post_thumbnail":0,"footnotes":""},"categories":[6],"tags":[],"class_list":{"0":"post-44831","1":"post","2":"type-post","3":"status-publish","4":"format-standard","6":"category-poradnik"},"acf":[],"yoast_head":"<!-- This site is optimized with the Yoast SEO plugin v27.4 - https:\/\/yoast.com\/product\/yoast-seo-wordpress\/ -->\n<title>Jakie meble do gara\u017cu wybra\u0107? Funkcjonalne urz\u0105dzenie gara\u017cu - Porady Meblobranie.pl<\/title>\n<meta name=\"description\" content=\"W tym artykule dowiesz si\u0119, jak urz\u0105dzi\u0107 gara\u017c, aby ten prezentowa\u0142 si\u0119 wyj\u0105tkowo estetycznie, a przy tym odpowiada\u0142 na potrzeby wszystkich domownik\u00f3w.\" \/>\n<meta name=\"robots\" content=\"index, follow, max-snippet:-1, max-image-preview:large, max-video-preview:-1\" \/>\n<link rel=\"canonical\" href=\"https:\/\/www.meblobranie.pl\/porady\/jakie-meble-do-garazu-wybrac-funkcjonalne-urzadzenie-garazu\/\" \/>\n<meta name=\"twitter:label1\" content=\"Napisane przez\" \/>\n\t<meta name=\"twitter:data1\" content=\"Dawid z Meblobranie.pl\" \/>\n\t<meta name=\"twitter:label2\" content=\"Szacowany czas czytania\" \/>\n\t<meta name=\"twitter:data2\" content=\"9 minut\" \/>\n<script type=\"application\/ld+json\" class=\"yoast-schema-graph\">{\"@context\":\"https:\\\/\\\/schema.org\",\"@graph\":[{\"@type\":\"Article\",\"@id\":\"https:\\\/\\\/www.meblobranie.pl\\\/porady\\\/jakie-meble-do-garazu-wybrac-funkcjonalne-urzadzenie-garazu\\\/#article\",\"isPartOf\":{\"@id\":\"https:\\\/\\\/www.meblobranie.pl\\\/porady\\\/jakie-meble-do-garazu-wybrac-funkcjonalne-urzadzenie-garazu\\\/\"},\"author\":{\"name\":\"Dawid z Meblobranie.pl\",\"@id\":\"https:\\\/\\\/www.meblobranie.pl\\\/porady\\\/#\\\/schema\\\/person\\\/0c44214399e1752805db67863333461b\"},\"headline\":\"Jakie meble do gara\u017cu wybra\u0107? Funkcjonalne urz\u0105dzenie gara\u017cu\",\"datePublished\":\"2024-11-21T21:20:36+00:00\",\"dateModified\":\"2024-11-28T21:28:46+00:00\",\"mainEntityOfPage\":{\"@id\":\"https:\\\/\\\/www.meblobranie.pl\\\/porady\\\/jakie-meble-do-garazu-wybrac-funkcjonalne-urzadzenie-garazu\\\/\"},\"wordCount\":1859,\"image\":{\"@id\":\"https:\\\/\\\/www.meblobranie.pl\\\/porady\\\/jakie-meble-do-garazu-wybrac-funkcjonalne-urzadzenie-garazu\\\/#primaryimage\"},\"thumbnailUrl\":\"https:\\\/\\\/www.meblobranie.pl\\\/porady\\\/wp-content\\\/uploads\\\/2024\\\/11\\\/plasikowa-szafa-garazowa.png\",\"articleSection\":[\"Poradnik\"],\"inLanguage\":\"pl-PL\"},{\"@type\":\"WebPage\",\"@id\":\"https:\\\/\\\/www.meblobranie.pl\\\/porady\\\/jakie-meble-do-garazu-wybrac-funkcjonalne-urzadzenie-garazu\\\/\",\"url\":\"https:\\\/\\\/www.meblobranie.pl\\\/porady\\\/jakie-meble-do-garazu-wybrac-funkcjonalne-urzadzenie-garazu\\\/\",\"name\":\"Jakie meble do gara\u017cu wybra\u0107? Funkcjonalne urz\u0105dzenie gara\u017cu - Porady Meblobranie.pl\",\"isPartOf\":{\"@id\":\"https:\\\/\\\/www.meblobranie.pl\\\/porady\\\/#website\"},\"primaryImageOfPage\":{\"@id\":\"https:\\\/\\\/www.meblobranie.pl\\\/porady\\\/jakie-meble-do-garazu-wybrac-funkcjonalne-urzadzenie-garazu\\\/#primaryimage\"},\"image\":{\"@id\":\"https:\\\/\\\/www.meblobranie.pl\\\/porady\\\/jakie-meble-do-garazu-wybrac-funkcjonalne-urzadzenie-garazu\\\/#primaryimage\"},\"thumbnailUrl\":\"https:\\\/\\\/www.meblobranie.pl\\\/porady\\\/wp-content\\\/uploads\\\/2024\\\/11\\\/plasikowa-szafa-garazowa.png\",\"datePublished\":\"2024-11-21T21:20:36+00:00\",\"dateModified\":\"2024-11-28T21:28:46+00:00\",\"author\":{\"@id\":\"https:\\\/\\\/www.meblobranie.pl\\\/porady\\\/#\\\/schema\\\/person\\\/0c44214399e1752805db67863333461b\"},\"description\":\"W tym artykule dowiesz si\u0119, jak urz\u0105dzi\u0107 gara\u017c, aby ten prezentowa\u0142 si\u0119 wyj\u0105tkowo estetycznie, a przy tym odpowiada\u0142 na potrzeby wszystkich domownik\u00f3w.\",\"breadcrumb\":{\"@id\":\"https:\\\/\\\/www.meblobranie.pl\\\/porady\\\/jakie-meble-do-garazu-wybrac-funkcjonalne-urzadzenie-garazu\\\/#breadcrumb\"},\"inLanguage\":\"pl-PL\",\"potentialAction\":[{\"@type\":\"ReadAction\",\"target\":[\"https:\\\/\\\/www.meblobranie.pl\\\/porady\\\/jakie-meble-do-garazu-wybrac-funkcjonalne-urzadzenie-garazu\\\/\"]}]},{\"@type\":\"ImageObject\",\"inLanguage\":\"pl-PL\",\"@id\":\"https:\\\/\\\/www.meblobranie.pl\\\/porady\\\/jakie-meble-do-garazu-wybrac-funkcjonalne-urzadzenie-garazu\\\/#primaryimage\",\"url\":\"https:\\\/\\\/www.meblobranie.pl\\\/porady\\\/wp-content\\\/uploads\\\/2024\\\/11\\\/plasikowa-szafa-garazowa.png\",\"contentUrl\":\"https:\\\/\\\/www.meblobranie.pl\\\/porady\\\/wp-content\\\/uploads\\\/2024\\\/11\\\/plasikowa-szafa-garazowa.png\",\"width\":830,\"height\":646},{\"@type\":\"BreadcrumbList\",\"@id\":\"https:\\\/\\\/www.meblobranie.pl\\\/porady\\\/jakie-meble-do-garazu-wybrac-funkcjonalne-urzadzenie-garazu\\\/#breadcrumb\",\"itemListElement\":[{\"@type\":\"ListItem\",\"position\":1,\"name\":\"Home\",\"item\":\"https:\\\/\\\/www.meblobranie.pl\\\/porady\\\/\"},{\"@type\":\"ListItem\",\"position\":2,\"name\":\"Jakie meble do gara\u017cu wybra\u0107? Funkcjonalne urz\u0105dzenie gara\u017cu\"}]},{\"@type\":\"WebSite\",\"@id\":\"https:\\\/\\\/www.meblobranie.pl\\\/porady\\\/#website\",\"url\":\"https:\\\/\\\/www.meblobranie.pl\\\/porady\\\/\",\"name\":\"Porady Meblobranie.pl\",\"description\":\"Blog o tarasach i ogrodach\",\"potentialAction\":[{\"@type\":\"SearchAction\",\"target\":{\"@type\":\"EntryPoint\",\"urlTemplate\":\"https:\\\/\\\/www.meblobranie.pl\\\/porady\\\/?s={search_term_string}\"},\"query-input\":{\"@type\":\"PropertyValueSpecification\",\"valueRequired\":true,\"valueName\":\"search_term_string\"}}],\"inLanguage\":\"pl-PL\"},{\"@type\":\"Person\",\"@id\":\"https:\\\/\\\/www.meblobranie.pl\\\/porady\\\/#\\\/schema\\\/person\\\/0c44214399e1752805db67863333461b\",\"name\":\"Dawid z Meblobranie.pl\",\"image\":{\"@type\":\"ImageObject\",\"inLanguage\":\"pl-PL\",\"@id\":\"https:\\\/\\\/secure.gravatar.com\\\/avatar\\\/9ede1c3924e3173d8f3ad05211531161353d772865bc4dacba314dbcd46c0fef?s=96&d=mm&r=g\",\"url\":\"https:\\\/\\\/secure.gravatar.com\\\/avatar\\\/9ede1c3924e3173d8f3ad05211531161353d772865bc4dacba314dbcd46c0fef?s=96&d=mm&r=g\",\"contentUrl\":\"https:\\\/\\\/secure.gravatar.com\\\/avatar\\\/9ede1c3924e3173d8f3ad05211531161353d772865bc4dacba314dbcd46c0fef?s=96&d=mm&r=g\",\"caption\":\"Dawid z Meblobranie.pl\"},\"description\":\"Lorem Ipsum is simply dummy text of the printing and typesetting industry. Lorem Ipsum has been the industry's standard dummy text ever since the 1500s, when an unknown printer took a galley of type and scrambled it to make a type specimen book.\"}]}<\/script>\n<!-- \/ Yoast SEO plugin. -->","yoast_head_json":{"title":"Jakie meble do gara\u017cu wybra\u0107? Funkcjonalne urz\u0105dzenie gara\u017cu - Porady Meblobranie.pl","description":"W tym artykule dowiesz si\u0119, jak urz\u0105dzi\u0107 gara\u017c, aby ten prezentowa\u0142 si\u0119 wyj\u0105tkowo estetycznie, a przy tym odpowiada\u0142 na potrzeby wszystkich domownik\u00f3w.","robots":{"index":"index","follow":"follow","max-snippet":"max-snippet:-1","max-image-preview":"max-image-preview:large","max-video-preview":"max-video-preview:-1"},"canonical":"https:\/\/www.meblobranie.pl\/porady\/jakie-meble-do-garazu-wybrac-funkcjonalne-urzadzenie-garazu\/","twitter_misc":{"Napisane przez":"Dawid z Meblobranie.pl","Szacowany czas czytania":"9 minut"},"schema":{"@context":"https:\/\/schema.org","@graph":[{"@type":"Article","@id":"https:\/\/www.meblobranie.pl\/porady\/jakie-meble-do-garazu-wybrac-funkcjonalne-urzadzenie-garazu\/#article","isPartOf":{"@id":"https:\/\/www.meblobranie.pl\/porady\/jakie-meble-do-garazu-wybrac-funkcjonalne-urzadzenie-garazu\/"},"author":{"name":"Dawid z Meblobranie.pl","@id":"https:\/\/www.meblobranie.pl\/porady\/#\/schema\/person\/0c44214399e1752805db67863333461b"},"headline":"Jakie meble do gara\u017cu wybra\u0107? Funkcjonalne urz\u0105dzenie gara\u017cu","datePublished":"2024-11-21T21:20:36+00:00","dateModified":"2024-11-28T21:28:46+00:00","mainEntityOfPage":{"@id":"https:\/\/www.meblobranie.pl\/porady\/jakie-meble-do-garazu-wybrac-funkcjonalne-urzadzenie-garazu\/"},"wordCount":1859,"image":{"@id":"https:\/\/www.meblobranie.pl\/porady\/jakie-meble-do-garazu-wybrac-funkcjonalne-urzadzenie-garazu\/#primaryimage"},"thumbnailUrl":"https:\/\/www.meblobranie.pl\/porady\/wp-content\/uploads\/2024\/11\/plasikowa-szafa-garazowa.png","articleSection":["Poradnik"],"inLanguage":"pl-PL"},{"@type":"WebPage","@id":"https:\/\/www.meblobranie.pl\/porady\/jakie-meble-do-garazu-wybrac-funkcjonalne-urzadzenie-garazu\/","url":"https:\/\/www.meblobranie.pl\/porady\/jakie-meble-do-garazu-wybrac-funkcjonalne-urzadzenie-garazu\/","name":"Jakie meble do gara\u017cu wybra\u0107? Funkcjonalne urz\u0105dzenie gara\u017cu - Porady Meblobranie.pl","isPartOf":{"@id":"https:\/\/www.meblobranie.pl\/porady\/#website"},"primaryImageOfPage":{"@id":"https:\/\/www.meblobranie.pl\/porady\/jakie-meble-do-garazu-wybrac-funkcjonalne-urzadzenie-garazu\/#primaryimage"},"image":{"@id":"https:\/\/www.meblobranie.pl\/porady\/jakie-meble-do-garazu-wybrac-funkcjonalne-urzadzenie-garazu\/#primaryimage"},"thumbnailUrl":"https:\/\/www.meblobranie.pl\/porady\/wp-content\/uploads\/2024\/11\/plasikowa-szafa-garazowa.png","datePublished":"2024-11-21T21:20:36+00:00","dateModified":"2024-11-28T21:28:46+00:00","author":{"@id":"https:\/\/www.meblobranie.pl\/porady\/#\/schema\/person\/0c44214399e1752805db67863333461b"},"description":"W tym artykule dowiesz si\u0119, jak urz\u0105dzi\u0107 gara\u017c, aby ten prezentowa\u0142 si\u0119 wyj\u0105tkowo estetycznie, a przy tym odpowiada\u0142 na potrzeby wszystkich domownik\u00f3w.","breadcrumb":{"@id":"https:\/\/www.meblobranie.pl\/porady\/jakie-meble-do-garazu-wybrac-funkcjonalne-urzadzenie-garazu\/#breadcrumb"},"inLanguage":"pl-PL","potentialAction":[{"@type":"ReadAction","target":["https:\/\/www.meblobranie.pl\/porady\/jakie-meble-do-garazu-wybrac-funkcjonalne-urzadzenie-garazu\/"]}]},{"@type":"ImageObject","inLanguage":"pl-PL","@id":"https:\/\/www.meblobranie.pl\/porady\/jakie-meble-do-garazu-wybrac-funkcjonalne-urzadzenie-garazu\/#primaryimage","url":"https:\/\/www.meblobranie.pl\/porady\/wp-content\/uploads\/2024\/11\/plasikowa-szafa-garazowa.png","contentUrl":"https:\/\/www.meblobranie.pl\/porady\/wp-content\/uploads\/2024\/11\/plasikowa-szafa-garazowa.png","width":830,"height":646},{"@type":"BreadcrumbList","@id":"https:\/\/www.meblobranie.pl\/porady\/jakie-meble-do-garazu-wybrac-funkcjonalne-urzadzenie-garazu\/#breadcrumb","itemListElement":[{"@type":"ListItem","position":1,"name":"Home","item":"https:\/\/www.meblobranie.pl\/porady\/"},{"@type":"ListItem","position":2,"name":"Jakie meble do gara\u017cu wybra\u0107? Funkcjonalne urz\u0105dzenie gara\u017cu"}]},{"@type":"WebSite","@id":"https:\/\/www.meblobranie.pl\/porady\/#website","url":"https:\/\/www.meblobranie.pl\/porady\/","name":"Porady Meblobranie.pl","description":"Blog o tarasach i ogrodach","potentialAction":[{"@type":"SearchAction","target":{"@type":"EntryPoint","urlTemplate":"https:\/\/www.meblobranie.pl\/porady\/?s={search_term_string}"},"query-input":{"@type":"PropertyValueSpecification","valueRequired":true,"valueName":"search_term_string"}}],"inLanguage":"pl-PL"},{"@type":"Person","@id":"https:\/\/www.meblobranie.pl\/porady\/#\/schema\/person\/0c44214399e1752805db67863333461b","name":"Dawid z Meblobranie.pl","image":{"@type":"ImageObject","inLanguage":"pl-PL","@id":"https:\/\/secure.gravatar.com\/avatar\/9ede1c3924e3173d8f3ad05211531161353d772865bc4dacba314dbcd46c0fef?s=96&d=mm&r=g","url":"https:\/\/secure.gravatar.com\/avatar\/9ede1c3924e3173d8f3ad05211531161353d772865bc4dacba314dbcd46c0fef?s=96&d=mm&r=g","contentUrl":"https:\/\/secure.gravatar.com\/avatar\/9ede1c3924e3173d8f3ad05211531161353d772865bc4dacba314dbcd46c0fef?s=96&d=mm&r=g","caption":"Dawid z Meblobranie.pl"},"description":"Lorem Ipsum is simply dummy text of the printing and typesetting industry. Lorem Ipsum has been the industry's standard dummy text ever since the 1500s, when an unknown printer took a galley of type and scrambled it to make a type specimen book."}]}},"_links":{"self":[{"href":"https:\/\/www.meblobranie.pl\/porady\/wp-json\/wp\/v2\/posts\/44831","targetHints":{"allow":["GET"]}}],"collection":[{"href":"https:\/\/www.meblobranie.pl\/porady\/wp-json\/wp\/v2\/posts"}],"about":[{"href":"https:\/\/www.meblobranie.pl\/porady\/wp-json\/wp\/v2\/types\/post"}],"author":[{"embeddable":true,"href":"https:\/\/www.meblobranie.pl\/porady\/wp-json\/wp\/v2\/users\/20"}],"replies":[{"embeddable":true,"href":"https:\/\/www.meblobranie.pl\/porady\/wp-json\/wp\/v2\/comments?post=44831"}],"version-history":[{"count":0,"href":"https:\/\/www.meblobranie.pl\/porady\/wp-json\/wp\/v2\/posts\/44831\/revisions"}],"wp:attachment":[{"href":"https:\/\/www.meblobranie.pl\/porady\/wp-json\/wp\/v2\/media?parent=44831"}],"wp:term":[{"taxonomy":"category","embeddable":true,"href":"https:\/\/www.meblobranie.pl\/porady\/wp-json\/wp\/v2\/categories?post=44831"},{"taxonomy":"post_tag","embeddable":true,"href":"https:\/\/www.meblobranie.pl\/porady\/wp-json\/wp\/v2\/tags?post=44831"}],"curies":[{"name":"wp","href":"https:\/\/api.w.org\/{rel}","templated":true}]}}