{"id":45132,"date":"2025-01-24T19:47:50","date_gmt":"2025-01-24T18:47:50","guid":{"rendered":"https:\/\/www.meblobranie.pl\/porady\/?p=45132"},"modified":"2025-06-30T21:45:33","modified_gmt":"2025-06-30T19:45:33","slug":"jaki-kolor-poliweglanu-na-taras-zeby-bylo-nowoczesnie","status":"publish","type":"post","link":"https:\/\/www.meblobranie.pl\/porady\/jaki-kolor-poliweglanu-na-taras-zeby-bylo-nowoczesnie\/","title":{"rendered":"Jaki kolor poliw\u0119glanu na taras, \u017ceby by\u0142o nowocze\u015bnie?"},"content":{"rendered":"<p><a href=\"https:\/\/www.meblobranie.pl\/zadaszenia-tarasow\">Zadaszenie tarasu<\/a> pozwala na komfortowy wypoczynek na \u015bwie\u017cym powietrzu. Cz\u0119sto wykorzystuje si\u0119 w tym celu poliw\u0119glan &#8211; przezroczysty, mleczny lub barwiony. Jest on idealn\u0105 opcj\u0105 dla tych, kt\u00f3rzy nie chc\u0105 rezygnowa\u0107 z widoku nieba, a jednocze\u015bnie pragn\u0105 by\u0107 chronieni przed niekorzystnymi warunkami atmosferycznymi. Przeczytaj, co jeszcze sprawia, \u017ce warto mie\u0107 takie zadaszenie tarasu i jaki kolor poliw\u0119glanu sprawdzi si\u0119 najlepiej w nowoczesnych aran\u017cacjach.<\/p>\n<p><img loading=\"lazy\" decoding=\"async\" class=\"alignnone\" src=\"https:\/\/www.meblobranie.pl\/porady\/wp-content\/uploads\/2022\/08\/zadaszenie-tarasu-poliweglan.jpg\" alt=\"Jaki kolor poliw\u0119glanu na taras\" width=\"830\" height=\"553\" \/><!--more--><\/p>\n\n<h2>Jak wykorzysta\u0107 poliw\u0119glan na tarasie?<\/h2>\n<p>Poliw\u0119glan jest tworzywem sztucznym, kt\u00f3re przypomina nieco plastik, jednak jest od niego znacznie bardziej funkcjonalny. \u0141atwo ulega formowaniu pod wp\u0142ywem ciep\u0142a, dlatego mo\u017cna z niego uzyskiwa\u0107 naprawd\u0119 zr\u00f3\u017cnicowane formy.<strong> Wytrzyma\u0142o\u015b\u0107 i estetyka poliw\u0119glanu sprawiaj\u0105, \u017ce jest on znakomitym materia\u0142em na drewniane lub <a href=\"https:\/\/www.meblobranie.pl\/zadaszenia-tarasow\/material-aluminium\">metalowe zadaszenie tarasu<\/a> czy te\u017c os\u0142ony boczne. <\/strong><\/p>\n<h2>Czym charakteryzuje si\u0119 poliw\u0119glan?<\/h2>\n<p>Materia\u0142, zw\u0142aszcza w wersji bardziej przejrzystej, charakteryzuje wysoka przepuszczalno\u015b\u0107 \u015bwiat\u0142a, dzi\u0119ki czemu <strong>mo\u017cemy w pe\u0142ni korzysta\u0107 ze s\u0142onecznych dni, jednocze\u015bnie chroni\u0105c si\u0119 przed nag\u0142ymi za\u0142amaniami pogody<\/strong>. Poliw\u0119glan chroni nie tylko przed deszczem czy wiatrem, ale r\u00f3wnie\u017c przed intensywnym s\u0142o\u0144cem (p\u0142yty cz\u0119sto pokrywa si\u0119 specjaln\u0105 pow\u0142ok\u0105 chroni\u0105c\u0105 przed promieniowaniem UV).<\/p>\n<p><strong><a href=\"https:\/\/www.meblobranie.pl\/zadaszenia-tarasow\/material-poliweglan\">Zadaszenie tarasu z poliw\u0119glanu<\/a> charakteryzuje ponadto \u0142atwo\u015b\u0107 monta\u017cu i przyst\u0119pno\u015b\u0107 cenowa. <\/strong>Lekki poliw\u0119glan nie b\u0119dzie zbytnio obci\u0105\u017ca\u0142 konstrukcji dachu, a koszt jego zakupu na og\u00f3\u0142 bywa ni\u017cszy w por\u00f3wnaniu do popularnych dach\u00f3w lamelowych, czy nawet niekt\u00f3rych zadasze\u0144 wykonanych z tkanin.<\/p>\n<p>Poliw\u0119glan cz\u0119sto przyr\u00f3wnuje si\u0119 tak\u017ce do szk\u0142a. Oba materia\u0142y s\u0105 w stanie r\u00f3wnie dobrze przepuszcza\u0107 \u015bwiat\u0142o, jednocze\u015bnie chroni\u0105c przed niekorzystnymi warunkami atmosferycznymi, jednak szk\u0142o jest zdecydowanie ci\u0119\u017csze i bardziej podatne na uszkodzenia. Mo\u017cna je \u0142atwo rozbi\u0107, podczas gdy poliw\u0119glan charakteryzuje si\u0119 dobr\u0105 elastyczno\u015bci\u0105 oraz wytrzyma\u0142o\u015bci\u0105.<\/p>\n<p>[[kategoria:1848:6]]<\/p>\n<h2>Rodzaje poliw\u0119glanu<\/h2>\n<p>Dwa podstawowe rodzaje poliw\u0119glanu to poliw\u0119glan lity i poliw\u0119glan komorowy. Ka\u017cdy z nich charakteryzuje si\u0119 nieco odmiennymi w\u0142a\u015bciwo\u015bciami, a wyb\u00f3r b\u0119dzie zale\u017ca\u0142 g\u0142\u00f3wnie od funkcji, jak\u0105 ma pe\u0142ni\u0107 materia\u0142, oraz od estetyki, kt\u00f3r\u0105 chcesz uzyska\u0107.<\/p>\n<h3>Poliw\u0119glan lity<\/h3>\n<p>Ten rodzaj poliw\u0119glanu jest bardziej odporny na uderzenia i uszkodzenia mechaniczne. To idealne rozwi\u0105zanie, je\u017celi zale\u017cy Ci na skutecznej ochronie przed wiatrem czy deszczem.<strong> Lity poliw\u0119glan jest bardziej przezroczysty ni\u017c komorowy<\/strong>, co mo\u017ce by\u0107 plusem, je\u015bli chcesz wpu\u015bci\u0107 na taras du\u017ce ilo\u015bci \u015bwiat\u0142a i m\u00f3c cieszy\u0107 si\u0119 widokiem nieba czy pi\u0119knych krajobraz\u00f3w.<\/p>\n<p>Estetyka litego poliw\u0119glanu jest prosta &#8211; to g\u0142adka, przezroczysta tafla, kt\u00f3ra stanowi doskona\u0142e uzupe\u0142nienie nowoczesnych taras\u00f3w, jednak niekt\u00f3rzy mog\u0105 narzeka\u0107 na brak wizualnej efektowno\u015bci. Wad\u0105 tego materia\u0142u jest nieco s\u0142absza izolacja termiczna w por\u00f3wnaniu do poliw\u0119glanu komorowego, co mo\u017ce negatywnie wp\u0142yn\u0105\u0107 na komfort u\u017cytkowania tarasu, zw\u0142aszcza w upalne dni.<\/p>\n<div style=\"width: 840px\" class=\"wp-caption alignnone\"><img loading=\"lazy\" decoding=\"async\" src=\"https:\/\/www.meblobranie.pl\/porady\/wp-content\/uploads\/2025\/01\/jaki-kolor-poliweglanu-1.jpg\" alt=\"Zadaszenie z litego, br\u0105zowego poliw\u0119glanu\" width=\"830\" height=\"554\" \/><p class=\"wp-caption-text\">Zadaszenie z litego, br\u0105zowego poliw\u0119glanu<\/p><\/div>\n<h3>Poliw\u0119glan komorowy<\/h3>\n<p>Nazwa ,,komorowy&#8221; pochodzi od kom\u00f3r powietrznych (pustych przestrzeni znajduj\u0105cych si\u0119 wewn\u0105trz panelu z poliw\u0119glanu). <strong>Dzi\u0119ki nim materia\u0142 charakteryzuje si\u0119 bardzo dobrymi w\u0142a\u015bciwo\u015bciami izolacyjnymi, co jest g\u0142\u00f3wn\u0105 r\u00f3\u017cnic\u0105 w stosunku do litego poliw\u0119glanu.<\/strong> Doskonale chroni te\u017c wn\u0119trze tarasu przed dost\u0119pem promieniowania UV.<\/p>\n<p>Poliw\u0119glan komorowy mo\u017ce nie by\u0107 a\u017c tak przezroczysty, jak ten lity, ale dzi\u0119ki temu mo\u017cliwe jest uzyskanie ciekawszych efekt\u00f3w wizualnych. Popularny jest np. poliw\u0119glan mleczny czy tafla z efektem przydymienia. Poliw\u0119glan komorowy wyr\u00f3\u017cnia si\u0119 poza tym lekko\u015bci\u0105, co czyni z niego doskona\u0142y wyb\u00f3r jako zadaszenie tarasu, zw\u0142aszcza gdy konstrukcja ma mie\u0107 wi\u0119ksze wymiary.<\/p>\n<div style=\"width: 840px\" class=\"wp-caption alignnone\"><img loading=\"lazy\" decoding=\"async\" src=\"https:\/\/www.meblobranie.pl\/porady\/wp-content\/uploads\/2025\/01\/jaki-kolor-poliweglanu-2.jpg\" alt=\"Niebieski poliw\u0119glan komorowy\" width=\"830\" height=\"551\" \/><p class=\"wp-caption-text\">Niebieski poliw\u0119glan komorowy<\/p><\/div>\n<h2>Jaki kolor poliw\u0119glanu wybra\u0107 na taras?<\/h2>\n<p>Najpopularniejszy jest poliw\u0119glan w wersji bezbarwnej, ale w sprzeda\u017cy dost\u0119pne s\u0105 r\u00f3\u017cne kolory p\u0142yt. Wyb\u00f3r zale\u017cy od indywidualnych potrzeb u\u017cytkownika, jednak powinien by\u0107 dostosowany do innych element\u00f3w aran\u017cacji tarasu. Mo\u017cna postawi\u0107 na kolor, kt\u00f3ry b\u0119dzie harmonizowa\u0142 z pozosta\u0142ymi cz\u0119\u015bciami wystroju, lub wprost przeciwnie &#8211; kontrastowa\u0142 z nimi.<\/p>\n<p>W minimalistyczne i eleganckie style doskonale wpisuj\u0105 si\u0119 nast\u0119puj\u0105ce barwy:<\/p>\n<ol>\n<li><strong>Odcienie szaro\u015bci (np. grafit lub antracyt)<\/strong> &#8211; taki kolor poliw\u0119glanu z pewno\u015bci\u0105 b\u0119dzie bardzo nowoczesny i elegancki. Odcienie szaro\u015bci znakomicie wsp\u00f3\u0142graj\u0105 z drewnianymi lub metalowymi elementami, nadaj\u0105c tarasowi subteln\u0105, industrialn\u0105 atmosfer\u0119.<\/li>\n<li><strong>Kremowy lub piaskowy<\/strong> &#8211; ciep\u0142e odcienie warto wybra\u0107 na taras pe\u0142en naturalnych materia\u0142\u00f3w, takich jak drewno, kamie\u0144 czy ro\u015bliny. Taki lekko przezroczysty poliw\u0119glan wprowadzi spokojn\u0105, harmonijn\u0105 atmosfer\u0119.<\/li>\n<li><strong>Kolor br\u0105zowy<\/strong> &#8211; przepu\u015bci mniej \u015bwiat\u0142a ni\u017c tafla o zabarwieniu kremowym czy piaskowym, jednak br\u0105zowy kolor r\u00f3wnie\u017c ma po\u017c\u0105dany, ciep\u0142y ton. To sprawia, \u017ce taki poliw\u0119glan powinien by\u0107 \u015bwietnym rozwi\u0105zaniem na taras.<\/li>\n<li><strong>Zielony b\u0105d\u017a niebieski<\/strong> (przezroczysty lub przyciemniony) &#8211; te kolory mog\u0105 doda\u0107 tarasowi oryginalnego charakteru, szczeg\u00f3lnie je\u015bli zale\u017cy Ci na stworzeniu relaksuj\u0105cej, przyjaznej przestrzeni.<\/li>\n<\/ol>\n<div style=\"width: 492px\" class=\"wp-caption aligncenter\"><img loading=\"lazy\" decoding=\"async\" src=\"https:\/\/www.meblobranie.pl\/porady\/wp-content\/uploads\/2023\/02\/material-na-pergle-2.jpg\" alt=\"Zadaszenie tarasu szarym poliw\u0119glanem\" width=\"482\" height=\"800\" \/><p class=\"wp-caption-text\">Zadaszenie tarasu szarym poliw\u0119glanem<\/p><\/div>\n<h3>Mleczny czy przezroczysty poliw\u0119glan?<\/h3>\n<p><strong>Mleczny poliw\u0119glan jest ceniony za jego zdolno\u015b\u0107 rozpraszania \u015bwiat\u0142a<\/strong>, co ma bezpo\u015bredni wp\u0142yw na funkcjonalno\u015b\u0107 zadaszenia tarasu w s\u0142oneczne dni. Naturalne \u015bwiat\u0142o s\u0142oneczne ulega stonowaniu, wprowadzaj\u0105c na taras pewn\u0105 mi\u0119kko\u015b\u0107, a jednocze\u015bnie zapewniaj\u0105c ca\u0142kiem dobre do\u015bwietlenie przestrzeni. W pe\u0142ni przezroczysty poliw\u0119glan wpu\u015bci na taras znacznie wi\u0119cej \u015bwiat\u0142a, ale nie b\u0119dzie najlepszym wyborem dla os\u00f3b ceni\u0105cych sobie b\u0142ogi wypoczynek w cieniu w upalny dzie\u0144.<\/p>\n<p>[[kategoria:2002:6]]<\/p>\n<h2>Jaki kolor poliw\u0119glanu na taras? Podsumowanie<\/h2>\n<p>Zadaszenie tarasu z poliw\u0119glanu ma wiele zalet. Do najwi\u0119kszych nale\u017c\u0105 jego odporno\u015b\u0107 na warunki atmosferyczne, lekko\u015b\u0107 oraz wytrzyma\u0142o\u015b\u0107. Najwi\u0119cej \u015bwiat\u0142a przepuszcza poliw\u0119glan przezroczysty, z kolei poliw\u0119glan mleczny doskonale sprawdzi si\u0119 w upalne dni, gdy b\u0119dziemy potrzebowa\u0107 wi\u0119cej cienia.<\/p>\n<p>Je\u015bli zale\u017cy nam na ciekawym efekcie wizualnym, warto wybra\u0107 jaki\u015b kolor poliw\u0119glanu, aby naturalne \u015bwiat\u0142o przechodz\u0105ce przez zadaszenie dodatkowo ozdobi\u0142o przestrze\u0144. <strong>Bardzo nowocze\u015bnie b\u0119dzie wygl\u0105da\u0142 taras, w kt\u00f3rym wykorzystano poliw\u0119glan szary, kremowy, br\u0105zowy, zielony lub niebieski. <\/strong><\/p>\n","protected":false},"excerpt":{"rendered":"<p>Zadaszenie tarasu pozwala na komfortowy wypoczynek na \u015bwie\u017cym powietrzu. Cz\u0119sto wykorzystuje si\u0119 w tym celu poliw\u0119glan &#8211; przezroczysty, mleczny lub barwiony. Jest on idealn\u0105 opcj\u0105 dla tych, kt\u00f3rzy nie chc\u0105 rezygnowa\u0107 z widoku nieba, a jednocze\u015bnie pragn\u0105 by\u0107 chronieni przed niekorzystnymi warunkami atmosferycznymi. Przeczytaj, co jeszcze sprawia, \u017ce warto mie\u0107 takie zadaszenie tarasu i jaki [&hellip;]<\/p>\n","protected":false},"author":20,"featured_media":0,"comment_status":"closed","ping_status":"closed","sticky":false,"template":"","format":"standard","meta":{"_acf_changed":false,"ngg_post_thumbnail":0,"footnotes":""},"categories":[905,6],"tags":[],"class_list":{"0":"post-45132","1":"post","2":"type-post","3":"status-publish","4":"format-standard","6":"category-ogrod","7":"category-poradnik"},"acf":[],"yoast_head":"<!-- This site is optimized with the Yoast SEO plugin v27.4 - https:\/\/yoast.com\/product\/yoast-seo-wordpress\/ -->\n<title>Jaki kolor poliw\u0119glanu na taras, \u017ceby by\u0142o nowocze\u015bnie? - Porady Meblobranie.pl<\/title>\n<meta name=\"robots\" content=\"index, follow, max-snippet:-1, max-image-preview:large, max-video-preview:-1\" \/>\n<link rel=\"canonical\" href=\"https:\/\/www.meblobranie.pl\/porady\/jaki-kolor-poliweglanu-na-taras-zeby-bylo-nowoczesnie\/\" \/>\n<meta name=\"twitter:label1\" content=\"Napisane przez\" \/>\n\t<meta name=\"twitter:data1\" content=\"Dawid z Meblobranie.pl\" \/>\n\t<meta name=\"twitter:label2\" content=\"Szacowany czas czytania\" \/>\n\t<meta name=\"twitter:data2\" content=\"6 minut\" \/>\n<script type=\"application\/ld+json\" class=\"yoast-schema-graph\">{\"@context\":\"https:\\\/\\\/schema.org\",\"@graph\":[{\"@type\":\"Article\",\"@id\":\"https:\\\/\\\/www.meblobranie.pl\\\/porady\\\/jaki-kolor-poliweglanu-na-taras-zeby-bylo-nowoczesnie\\\/#article\",\"isPartOf\":{\"@id\":\"https:\\\/\\\/www.meblobranie.pl\\\/porady\\\/jaki-kolor-poliweglanu-na-taras-zeby-bylo-nowoczesnie\\\/\"},\"author\":{\"name\":\"Dawid z Meblobranie.pl\",\"@id\":\"https:\\\/\\\/www.meblobranie.pl\\\/porady\\\/#\\\/schema\\\/person\\\/0c44214399e1752805db67863333461b\"},\"headline\":\"Jaki kolor poliw\u0119glanu na taras, \u017ceby by\u0142o nowocze\u015bnie?\",\"datePublished\":\"2025-01-24T18:47:50+00:00\",\"dateModified\":\"2025-06-30T19:45:33+00:00\",\"mainEntityOfPage\":{\"@id\":\"https:\\\/\\\/www.meblobranie.pl\\\/porady\\\/jaki-kolor-poliweglanu-na-taras-zeby-bylo-nowoczesnie\\\/\"},\"wordCount\":1087,\"image\":{\"@id\":\"https:\\\/\\\/www.meblobranie.pl\\\/porady\\\/jaki-kolor-poliweglanu-na-taras-zeby-bylo-nowoczesnie\\\/#primaryimage\"},\"thumbnailUrl\":\"https:\\\/\\\/www.meblobranie.pl\\\/porady\\\/wp-content\\\/uploads\\\/2022\\\/08\\\/zadaszenie-tarasu-poliweglan.jpg\",\"articleSection\":[\"Ogr\u00f3d\",\"Poradnik\"],\"inLanguage\":\"pl-PL\"},{\"@type\":\"WebPage\",\"@id\":\"https:\\\/\\\/www.meblobranie.pl\\\/porady\\\/jaki-kolor-poliweglanu-na-taras-zeby-bylo-nowoczesnie\\\/\",\"url\":\"https:\\\/\\\/www.meblobranie.pl\\\/porady\\\/jaki-kolor-poliweglanu-na-taras-zeby-bylo-nowoczesnie\\\/\",\"name\":\"Jaki kolor poliw\u0119glanu na taras, \u017ceby by\u0142o nowocze\u015bnie? - Porady Meblobranie.pl\",\"isPartOf\":{\"@id\":\"https:\\\/\\\/www.meblobranie.pl\\\/porady\\\/#website\"},\"primaryImageOfPage\":{\"@id\":\"https:\\\/\\\/www.meblobranie.pl\\\/porady\\\/jaki-kolor-poliweglanu-na-taras-zeby-bylo-nowoczesnie\\\/#primaryimage\"},\"image\":{\"@id\":\"https:\\\/\\\/www.meblobranie.pl\\\/porady\\\/jaki-kolor-poliweglanu-na-taras-zeby-bylo-nowoczesnie\\\/#primaryimage\"},\"thumbnailUrl\":\"https:\\\/\\\/www.meblobranie.pl\\\/porady\\\/wp-content\\\/uploads\\\/2022\\\/08\\\/zadaszenie-tarasu-poliweglan.jpg\",\"datePublished\":\"2025-01-24T18:47:50+00:00\",\"dateModified\":\"2025-06-30T19:45:33+00:00\",\"author\":{\"@id\":\"https:\\\/\\\/www.meblobranie.pl\\\/porady\\\/#\\\/schema\\\/person\\\/0c44214399e1752805db67863333461b\"},\"breadcrumb\":{\"@id\":\"https:\\\/\\\/www.meblobranie.pl\\\/porady\\\/jaki-kolor-poliweglanu-na-taras-zeby-bylo-nowoczesnie\\\/#breadcrumb\"},\"inLanguage\":\"pl-PL\",\"potentialAction\":[{\"@type\":\"ReadAction\",\"target\":[\"https:\\\/\\\/www.meblobranie.pl\\\/porady\\\/jaki-kolor-poliweglanu-na-taras-zeby-bylo-nowoczesnie\\\/\"]}]},{\"@type\":\"ImageObject\",\"inLanguage\":\"pl-PL\",\"@id\":\"https:\\\/\\\/www.meblobranie.pl\\\/porady\\\/jaki-kolor-poliweglanu-na-taras-zeby-bylo-nowoczesnie\\\/#primaryimage\",\"url\":\"https:\\\/\\\/www.meblobranie.pl\\\/porady\\\/wp-content\\\/uploads\\\/2022\\\/08\\\/zadaszenie-tarasu-poliweglan.jpg\",\"contentUrl\":\"https:\\\/\\\/www.meblobranie.pl\\\/porady\\\/wp-content\\\/uploads\\\/2022\\\/08\\\/zadaszenie-tarasu-poliweglan.jpg\",\"width\":830,\"height\":553,\"caption\":\"Zadaszenie balkonu z poliw\u0119glanu\"},{\"@type\":\"BreadcrumbList\",\"@id\":\"https:\\\/\\\/www.meblobranie.pl\\\/porady\\\/jaki-kolor-poliweglanu-na-taras-zeby-bylo-nowoczesnie\\\/#breadcrumb\",\"itemListElement\":[{\"@type\":\"ListItem\",\"position\":1,\"name\":\"Home\",\"item\":\"https:\\\/\\\/www.meblobranie.pl\\\/porady\\\/\"},{\"@type\":\"ListItem\",\"position\":2,\"name\":\"Jaki kolor poliw\u0119glanu na taras, \u017ceby by\u0142o nowocze\u015bnie?\"}]},{\"@type\":\"WebSite\",\"@id\":\"https:\\\/\\\/www.meblobranie.pl\\\/porady\\\/#website\",\"url\":\"https:\\\/\\\/www.meblobranie.pl\\\/porady\\\/\",\"name\":\"Porady Meblobranie.pl\",\"description\":\"Blog o tarasach i ogrodach\",\"potentialAction\":[{\"@type\":\"SearchAction\",\"target\":{\"@type\":\"EntryPoint\",\"urlTemplate\":\"https:\\\/\\\/www.meblobranie.pl\\\/porady\\\/?s={search_term_string}\"},\"query-input\":{\"@type\":\"PropertyValueSpecification\",\"valueRequired\":true,\"valueName\":\"search_term_string\"}}],\"inLanguage\":\"pl-PL\"},{\"@type\":\"Person\",\"@id\":\"https:\\\/\\\/www.meblobranie.pl\\\/porady\\\/#\\\/schema\\\/person\\\/0c44214399e1752805db67863333461b\",\"name\":\"Dawid z Meblobranie.pl\",\"image\":{\"@type\":\"ImageObject\",\"inLanguage\":\"pl-PL\",\"@id\":\"https:\\\/\\\/secure.gravatar.com\\\/avatar\\\/9ede1c3924e3173d8f3ad05211531161353d772865bc4dacba314dbcd46c0fef?s=96&d=mm&r=g\",\"url\":\"https:\\\/\\\/secure.gravatar.com\\\/avatar\\\/9ede1c3924e3173d8f3ad05211531161353d772865bc4dacba314dbcd46c0fef?s=96&d=mm&r=g\",\"contentUrl\":\"https:\\\/\\\/secure.gravatar.com\\\/avatar\\\/9ede1c3924e3173d8f3ad05211531161353d772865bc4dacba314dbcd46c0fef?s=96&d=mm&r=g\",\"caption\":\"Dawid z Meblobranie.pl\"},\"description\":\"Lorem Ipsum is simply dummy text of the printing and typesetting industry. Lorem Ipsum has been the industry's standard dummy text ever since the 1500s, when an unknown printer took a galley of type and scrambled it to make a type specimen book.\"}]}<\/script>\n<!-- \/ Yoast SEO plugin. -->","yoast_head_json":{"title":"Jaki kolor poliw\u0119glanu na taras, \u017ceby by\u0142o nowocze\u015bnie? - Porady Meblobranie.pl","robots":{"index":"index","follow":"follow","max-snippet":"max-snippet:-1","max-image-preview":"max-image-preview:large","max-video-preview":"max-video-preview:-1"},"canonical":"https:\/\/www.meblobranie.pl\/porady\/jaki-kolor-poliweglanu-na-taras-zeby-bylo-nowoczesnie\/","twitter_misc":{"Napisane przez":"Dawid z Meblobranie.pl","Szacowany czas czytania":"6 minut"},"schema":{"@context":"https:\/\/schema.org","@graph":[{"@type":"Article","@id":"https:\/\/www.meblobranie.pl\/porady\/jaki-kolor-poliweglanu-na-taras-zeby-bylo-nowoczesnie\/#article","isPartOf":{"@id":"https:\/\/www.meblobranie.pl\/porady\/jaki-kolor-poliweglanu-na-taras-zeby-bylo-nowoczesnie\/"},"author":{"name":"Dawid z Meblobranie.pl","@id":"https:\/\/www.meblobranie.pl\/porady\/#\/schema\/person\/0c44214399e1752805db67863333461b"},"headline":"Jaki kolor poliw\u0119glanu na taras, \u017ceby by\u0142o nowocze\u015bnie?","datePublished":"2025-01-24T18:47:50+00:00","dateModified":"2025-06-30T19:45:33+00:00","mainEntityOfPage":{"@id":"https:\/\/www.meblobranie.pl\/porady\/jaki-kolor-poliweglanu-na-taras-zeby-bylo-nowoczesnie\/"},"wordCount":1087,"image":{"@id":"https:\/\/www.meblobranie.pl\/porady\/jaki-kolor-poliweglanu-na-taras-zeby-bylo-nowoczesnie\/#primaryimage"},"thumbnailUrl":"https:\/\/www.meblobranie.pl\/porady\/wp-content\/uploads\/2022\/08\/zadaszenie-tarasu-poliweglan.jpg","articleSection":["Ogr\u00f3d","Poradnik"],"inLanguage":"pl-PL"},{"@type":"WebPage","@id":"https:\/\/www.meblobranie.pl\/porady\/jaki-kolor-poliweglanu-na-taras-zeby-bylo-nowoczesnie\/","url":"https:\/\/www.meblobranie.pl\/porady\/jaki-kolor-poliweglanu-na-taras-zeby-bylo-nowoczesnie\/","name":"Jaki kolor poliw\u0119glanu na taras, \u017ceby by\u0142o nowocze\u015bnie? - Porady Meblobranie.pl","isPartOf":{"@id":"https:\/\/www.meblobranie.pl\/porady\/#website"},"primaryImageOfPage":{"@id":"https:\/\/www.meblobranie.pl\/porady\/jaki-kolor-poliweglanu-na-taras-zeby-bylo-nowoczesnie\/#primaryimage"},"image":{"@id":"https:\/\/www.meblobranie.pl\/porady\/jaki-kolor-poliweglanu-na-taras-zeby-bylo-nowoczesnie\/#primaryimage"},"thumbnailUrl":"https:\/\/www.meblobranie.pl\/porady\/wp-content\/uploads\/2022\/08\/zadaszenie-tarasu-poliweglan.jpg","datePublished":"2025-01-24T18:47:50+00:00","dateModified":"2025-06-30T19:45:33+00:00","author":{"@id":"https:\/\/www.meblobranie.pl\/porady\/#\/schema\/person\/0c44214399e1752805db67863333461b"},"breadcrumb":{"@id":"https:\/\/www.meblobranie.pl\/porady\/jaki-kolor-poliweglanu-na-taras-zeby-bylo-nowoczesnie\/#breadcrumb"},"inLanguage":"pl-PL","potentialAction":[{"@type":"ReadAction","target":["https:\/\/www.meblobranie.pl\/porady\/jaki-kolor-poliweglanu-na-taras-zeby-bylo-nowoczesnie\/"]}]},{"@type":"ImageObject","inLanguage":"pl-PL","@id":"https:\/\/www.meblobranie.pl\/porady\/jaki-kolor-poliweglanu-na-taras-zeby-bylo-nowoczesnie\/#primaryimage","url":"https:\/\/www.meblobranie.pl\/porady\/wp-content\/uploads\/2022\/08\/zadaszenie-tarasu-poliweglan.jpg","contentUrl":"https:\/\/www.meblobranie.pl\/porady\/wp-content\/uploads\/2022\/08\/zadaszenie-tarasu-poliweglan.jpg","width":830,"height":553,"caption":"Zadaszenie balkonu z poliw\u0119glanu"},{"@type":"BreadcrumbList","@id":"https:\/\/www.meblobranie.pl\/porady\/jaki-kolor-poliweglanu-na-taras-zeby-bylo-nowoczesnie\/#breadcrumb","itemListElement":[{"@type":"ListItem","position":1,"name":"Home","item":"https:\/\/www.meblobranie.pl\/porady\/"},{"@type":"ListItem","position":2,"name":"Jaki kolor poliw\u0119glanu na taras, \u017ceby by\u0142o nowocze\u015bnie?"}]},{"@type":"WebSite","@id":"https:\/\/www.meblobranie.pl\/porady\/#website","url":"https:\/\/www.meblobranie.pl\/porady\/","name":"Porady Meblobranie.pl","description":"Blog o tarasach i ogrodach","potentialAction":[{"@type":"SearchAction","target":{"@type":"EntryPoint","urlTemplate":"https:\/\/www.meblobranie.pl\/porady\/?s={search_term_string}"},"query-input":{"@type":"PropertyValueSpecification","valueRequired":true,"valueName":"search_term_string"}}],"inLanguage":"pl-PL"},{"@type":"Person","@id":"https:\/\/www.meblobranie.pl\/porady\/#\/schema\/person\/0c44214399e1752805db67863333461b","name":"Dawid z Meblobranie.pl","image":{"@type":"ImageObject","inLanguage":"pl-PL","@id":"https:\/\/secure.gravatar.com\/avatar\/9ede1c3924e3173d8f3ad05211531161353d772865bc4dacba314dbcd46c0fef?s=96&d=mm&r=g","url":"https:\/\/secure.gravatar.com\/avatar\/9ede1c3924e3173d8f3ad05211531161353d772865bc4dacba314dbcd46c0fef?s=96&d=mm&r=g","contentUrl":"https:\/\/secure.gravatar.com\/avatar\/9ede1c3924e3173d8f3ad05211531161353d772865bc4dacba314dbcd46c0fef?s=96&d=mm&r=g","caption":"Dawid z Meblobranie.pl"},"description":"Lorem Ipsum is simply dummy text of the printing and typesetting industry. Lorem Ipsum has been the industry's standard dummy text ever since the 1500s, when an unknown printer took a galley of type and scrambled it to make a type specimen book."}]}},"_links":{"self":[{"href":"https:\/\/www.meblobranie.pl\/porady\/wp-json\/wp\/v2\/posts\/45132","targetHints":{"allow":["GET"]}}],"collection":[{"href":"https:\/\/www.meblobranie.pl\/porady\/wp-json\/wp\/v2\/posts"}],"about":[{"href":"https:\/\/www.meblobranie.pl\/porady\/wp-json\/wp\/v2\/types\/post"}],"author":[{"embeddable":true,"href":"https:\/\/www.meblobranie.pl\/porady\/wp-json\/wp\/v2\/users\/20"}],"replies":[{"embeddable":true,"href":"https:\/\/www.meblobranie.pl\/porady\/wp-json\/wp\/v2\/comments?post=45132"}],"version-history":[{"count":2,"href":"https:\/\/www.meblobranie.pl\/porady\/wp-json\/wp\/v2\/posts\/45132\/revisions"}],"predecessor-version":[{"id":45551,"href":"https:\/\/www.meblobranie.pl\/porady\/wp-json\/wp\/v2\/posts\/45132\/revisions\/45551"}],"wp:attachment":[{"href":"https:\/\/www.meblobranie.pl\/porady\/wp-json\/wp\/v2\/media?parent=45132"}],"wp:term":[{"taxonomy":"category","embeddable":true,"href":"https:\/\/www.meblobranie.pl\/porady\/wp-json\/wp\/v2\/categories?post=45132"},{"taxonomy":"post_tag","embeddable":true,"href":"https:\/\/www.meblobranie.pl\/porady\/wp-json\/wp\/v2\/tags?post=45132"}],"curies":[{"name":"wp","href":"https:\/\/api.w.org\/{rel}","templated":true}]}}