{"id":45136,"date":"2025-01-25T20:05:20","date_gmt":"2025-01-25T19:05:20","guid":{"rendered":"https:\/\/www.meblobranie.pl\/porady\/?p=45136"},"modified":"2025-01-29T20:18:04","modified_gmt":"2025-01-29T19:18:04","slug":"jak-zabezpieczyc-taras-na-zime","status":"publish","type":"post","link":"https:\/\/www.meblobranie.pl\/porady\/jak-zabezpieczyc-taras-na-zime\/","title":{"rendered":"Jak zabezpieczy\u0107 taras na zim\u0119?"},"content":{"rendered":"<p>Je\u015bli chcesz si\u0119 cieszy\u0107 pi\u0119knym tarasem przez d\u0142ugie lata, musisz odpowiednio o niego zadba\u0107. R\u00f3\u017cne materia\u0142y zastosowane na tarasie mog\u0105 wymaga\u0107 specjalnej ochrony na zimowe miesi\u0105ce. Przeczytaj, jak zatroszczy\u0107 si\u0119 o meble ogrodowe i jak zabezpieczy\u0107 taras drewniany, kompozytowy czy betonowy. Wyja\u015bnimy tak\u017ce, w jaki spos\u00f3b przygotowa\u0107 pod\u0142og\u0119 wy\u0142o\u017con\u0105 p\u0142ytkami na nadej\u015bcie \u015bniegu i mrozu oraz odpowiemy na pytanie, czy przykrywanie tarasu ma sens.<\/p>\n<p><img loading=\"lazy\" decoding=\"async\" class=\"alignnone\" src=\"https:\/\/www.meblobranie.pl\/porady\/wp-content\/uploads\/2022\/05\/czyszczenie-tarasu-drewnianego.jpg\" alt=\"Jak zabezpieczy\u0107 taras na zim\u0119?\" width=\"830\" height=\"554\" \/><!--more--><\/p>\n\n<h2>Jak przygotowa\u0107 taras na zimowe miesi\u0105ce? Meble ogrodowe<\/h2>\n<p>Je\u015bli mamy tak\u0105 mo\u017cliwo\u015b\u0107, to najlepiej jesieni\u0105 przenie\u015b\u0107 meble z tarasu do jakiego\u015b pomieszczenia, na przyk\u0142ad do piwnicy, na strych czy nawet do <a href=\"https:\/\/www.meblobranie.pl\/domki-narzedziowe-ogrodowe\">domku na narz\u0119dzia ogrodowe<\/a>. W przypadku materia\u0142\u00f3w, kt\u00f3rym wilgo\u0107 i mr\u00f3z mog\u0105 powa\u017cnie zaszkodzi\u0107, jest to wr\u0119cz konieczne. Chodzi tu przede wszystkim o meble wiklinowe, rattanowe oraz drewniane. <strong><a href=\"https:\/\/www.meblobranie.pl\/ogrod-meble-ogrodowe\">Mebli ogrodowych<\/a> wykonanych z niekoroduj\u0105cych metali, technorattanu czy innych tworzyw sztucznych nie trzeba chowa\u0107 przed nadej\u015bciem zimowych miesi\u0119cy, ale zawsze warto je przykry\u0107 pokrowcami.<\/strong><\/p>\n<p>[[kategoria:2002:6]]<\/p>\n<h2>Zabezpieczenie drewna na tarasie przed zim\u0105<\/h2>\n<p>Na tarasie cz\u0119sto znajduj\u0105 si\u0119 r\u00f3\u017cne elementy wykonane z drewna, na przyk\u0142ad meble czy deski, kt\u00f3rymi wy\u0142o\u017cona jest pod\u0142oga. Struktura drewna wymaga odpowiedniego zabezpieczenia przed wnikaniem wody, w przeciwnym razie deszcz, \u015bnieg i niskie temperatury mog\u0105 je szybko zniszczy\u0107.<\/p>\n<p>Deski produkowane z przeznaczeniem do zastosowa\u0144 zewn\u0119trznych powinny by\u0107 fabrycznie olejowane. Olej nak\u0142ada si\u0119 bowiem na surowe drewno. Nale\u017cy jednak pami\u0119ta\u0107, \u017ce deski tarasowe czy drewniane meble wymagaj\u0105 regularnej konserwacji, bo pow\u0142oka ta nie jest wieczna. Odpowiednie przygotowanie naturalnego drewna do zimy powinno wi\u0119c obejmowa\u0107 olejowanie tarasu.<\/p>\n<p><strong>Jak zabezpieczy\u0107 drewniany taras olejem? <\/strong>W pierwszej kolejno\u015bci nale\u017cy dok\u0142adnie oczy\u015bci\u0107 powierzchni\u0119 drewna, na przyk\u0142ad przy pomocy myjki ci\u015bnieniowej, ale je\u015bli jej nie mamy, to wystarczy lekko zwil\u017cona szczoteczka lub szmatka. Konieczne jest tak\u017ce usuni\u0119cie wcze\u015bniejszych pow\u0142ok malarskich, je\u015bli takie by\u0142y nanoszone (mo\u017cna je usun\u0105\u0107 za pomoc\u0105 papieru \u015bciernego).<\/p>\n<div style=\"width: 840px\" class=\"wp-caption alignnone\"><img loading=\"lazy\" decoding=\"async\" src=\"https:\/\/www.meblobranie.pl\/porady\/wp-content\/uploads\/2022\/05\/konserwacja-tarasu-drewnianego.jpg\" alt=\"Taras po konserwacji olejem\" width=\"830\" height=\"550\" \/><p class=\"wp-caption-text\">Taras po konserwacji olejem<\/p><\/div>\n<p><strong>Olej zawsze nak\u0142adamy na suche drewno, wzd\u0142u\u017c linii s\u0142oj\u00f3w, przy pomocy mi\u0119kkiego p\u0119dzelka.<\/strong> Najlepiej wybra\u0107 na to bezwietrzny dzie\u0144. Wiele os\u00f3b uwa\u017ca, \u017ce wiatr jest wskazany, bo m\u00f3g\u0142by przyspieszy\u0107 proces wysychania oleju, jednak prawda jest taka, \u017ce wi\u0105\u017ce si\u0119 z nim ryzyko naniesienia na powierzchni\u0119 drewna kurzu, py\u0142k\u00f3w i innych zanieczyszcze\u0144. Mo\u017cemy zapomnie\u0107 o pi\u0119knym wygl\u0105dzie tak zabrudzonych desek.<\/p>\n<p>W\u0142a\u015bciwe zabezpieczenie tarasu olejem na okres zimowy wymaga post\u0119powania zgodnie z zaleceniami producenta zakupionego preparatu. Z regu\u0142y konieczne jest naniesienie kilku warstw &#8211; im jest im wi\u0119cej, tym lepsze zabezpieczenie powierzchni drewna przed wilgoci\u0105 i mrozem. Na wch\u0142oni\u0119cie si\u0119 jednej warstwy oleju drewno potrzebuje co najmniej 1-2 godzin.<\/p>\n<p>Niekt\u00f3rzy postanawiaj\u0105 zabezpieczy\u0107 taras drewniany lakierem, zamiast wykonywa\u0107 olejowanie. Dobrej jako\u015bci lakier jest w stanie do\u015b\u0107 dobrze chroni\u0107 drewno przed wilgoci\u0105 i mrozem, jednak taka pow\u0142oka ma tendencj\u0119 do \u0142uszczenia si\u0119 w miar\u0119 up\u0142ywu czasu, a w\u00f3wczas ochrona s\u0142abnie. Poza tym <strong>lakierem mo\u017cna zabezpieczy\u0107 drewnian\u0105 powierzchni\u0119 na tarasie jedynie z zewn\u0105trz, podczas gdy olejowanie s\u0142u\u017cy temu, by preparat wnikn\u0105\u0142 g\u0142\u0119boko w struktur\u0119 drewna<\/strong>, skutecznie chroni\u0105c je przed r\u00f3\u017cnymi niszczycielskimi czynnikami.<\/p>\n<div style=\"width: 840px\" class=\"wp-caption alignnone\"><img loading=\"lazy\" decoding=\"async\" src=\"https:\/\/www.meblobranie.pl\/porady\/wp-content\/uploads\/2022\/05\/jak-czyscic-taras-drewniany.jpg\" alt=\"Czyszczenie tarasu myjk\u0105 \" width=\"830\" height=\"550\" \/><p class=\"wp-caption-text\"><a href=\"https:\/\/www.meblobranie.pl\/porady\/czyszczenie-tarasu-drewnianego\/\">Czyszczenie tarasu<\/a> myjk\u0105<\/p><\/div>\n<h2>Jak zabezpieczy\u0107 taras kompozytowy na zim\u0119?<\/h2>\n<p>Deski kompozytowe ciesz\u0105 si\u0119 chyba jeszcze wi\u0119ksz\u0105 popularno\u015bci\u0105 ni\u017c drewno na tarasie. Powstaj\u0105 one z mieszaniny drewnianych wi\u00f3r i wytrzyma\u0142ego tworzywa PCV. <strong>Dzi\u0119ki temu kompozyt ma doskona\u0142\u0105 odporno\u015b\u0107 na opady \u015bniegu, deszczu czy niskie temperatury, a jednocze\u015bnie przypomina wygl\u0105dem prawdziwe drewno. <\/strong><\/p>\n<p>Zabezpieczenie tarasu kompozytowego przed zim\u0105 w zasadzie nie jest konieczne, warto jedynie oczy\u015bci\u0107 kompozyt. Nie musimy nawet zgarnia\u0107 \u015bniegu z takiej pod\u0142ogi, gdy\u017c nie zaszkodzi jej wilgo\u0107. Dzi\u0119ki specjalnej pow\u0142oce antypo\u015blizgowej na deskach kompozytowych nie utworzy si\u0119 tak\u017ce tafla lodu mog\u0105ca zagra\u017ca\u0107 bezpiecze\u0144stwu domownik\u00f3w.<\/p>\n<div style=\"width: 840px\" class=\"wp-caption alignnone\"><img loading=\"lazy\" decoding=\"async\" src=\"https:\/\/www.meblobranie.pl\/porady\/wp-content\/uploads\/2025\/01\/beton-na-tarasie-2.jpg\" alt=\"https:\/\/www.meblobranie.pl\/porady\/wp-content\/uploads\/2025\/01\/beton-na-tarasie-2.jpg\" width=\"830\" height=\"623\" \/><p class=\"wp-caption-text\">Taras z desek kompozytowych<\/p><\/div>\n<h2>Jak powinno wygl\u0105da\u0107 zabezpieczenie posadzki z p\u0142ytek na tarasie?<\/h2>\n<p>Jak zabezpieczy\u0107 posadzk\u0119 tarasu wykonan\u0105 z p\u0142ytek ceramicznych? Pierwszym krokiem powinno by\u0107 jej dok\u0142adne oczyszczenie. Warto u\u017cy\u0107 do tego dmuchawy, kt\u00f3ra pozwoli nam usun\u0105\u0107 ze szczelin pomi\u0119dzy p\u0142ytkami ziarenka piasku, martwe fragmenty ro\u015blin czy inne zanieczyszczenia naniesione przez wiatr. Je\u015bli nie mamy dmuchawy, mo\u017cna pos\u0142u\u017cy\u0107 si\u0119 zwyk\u0142\u0105 zmiotk\u0105 z szufelk\u0105. Nast\u0119pnie konieczne jest mycie tarasu, najlepiej myjk\u0105 ci\u015bnieniow\u0105, aby dok\u0142adnie usun\u0105\u0107 wszystkie plamy z kafelk\u00f3w.<\/p>\n<p><strong>Je\u015bli zauwa\u017cymy na p\u0142ytkach jakie\u015b uszkodzenia mechaniczne, na przyk\u0142ad odpryski czy p\u0119kni\u0119cia, to zaleca si\u0119 wymian\u0119 takich element\u00f3w. <\/strong>W przeciwnym razie woda z deszczu czy topniej\u0105cego \u015bniegu mo\u017ce wnika\u0107 w g\u0142\u0105b posadzki i zamarza\u0107 w jej szczelinach. L\u00f3d ma wi\u0119ksz\u0105 obj\u0119to\u015b\u0107 ni\u017c woda w stanie ciek\u0142ym, dlatego sporym ryzykiem jest rozsadzenie kafelk\u00f3w w mro\u017ane dni. Na wiosn\u0119 mog\u0142oby si\u0119 okaza\u0107, \u017ce pod\u0142oga tarasu jest ju\u017c nie do uratowania.<\/p>\n<p>Aby m\u00f3c cieszy\u0107 si\u0119 ni\u0105 przez d\u0142ugie lata, powinni\u015bmy r\u00f3wnie\u017c regularnie usuwa\u0107 \u015bnieg z p\u0142ytek. Nale\u017cy jednak robi\u0107 to ostro\u017cnie, aby nie zarysowa\u0107 powierzchni kafelk\u00f3w. <strong>Do usuwania lodu z nawierzchni tarasu nie u\u017cywajmy soli, niezale\u017cnie od tego, z jakiego materia\u0142u zosta\u0142a wykonana.<\/strong> S\u00f3l mo\u017ce zniszczy\u0107 r\u00f3\u017cne tworzywa, dlatego znacznie lepszym wyborem b\u0119dzie zastosowanie piasku czy drobnego \u017cwiru.<\/p>\n<p>Warto zadba\u0107 r\u00f3wnie\u017c o fugi p\u0142ytek, kt\u00f3re maj\u0105 tendencj\u0119 do wykruszania si\u0119 z up\u0142ywem czasu. W takich ubytkach r\u00f3wnie\u017c mo\u017ce zbiera\u0107 si\u0119 wilgo\u0107, dlatego nale\u017cy pami\u0119ta\u0107 o ich wype\u0142nieniu. Zawsze stosujmy fugi mrozoodporne, w przeciwnym razie masa nie przetrwa kolejnych sezon\u00f3w. Mo\u017cna te\u017c zastosowa\u0107 specjalne silikonowe impregnaty, kt\u00f3re pos\u0142u\u017c\u0105 jako dodatkowe zabezpieczenie fug przed wnikaniem wody.<\/p>\n<p>[[kategoria:1848:6]]<\/p>\n<h2>Jak zabezpieczy\u0107 betonowy taras przed \u015bniegiem i mrozem?<\/h2>\n<p>Wydawa\u0107 by si\u0119 mog\u0142o, \u017ce beton, jako wyj\u0105tkowo trwa\u0142y materia\u0142, w og\u00f3le nie wymaga specjalnej ochrony przed \u015bniegiem czy mrozem. Nic bardziej mylnego! Owszem, nie wymaga od nas takiej troski jak na przyk\u0142ad taras drewniany, jednak pewna dba\u0142o\u015b\u0107 jest konieczna, aby jego wygl\u0105d cieszy\u0142 oko przez d\u0142ugie lata.<\/p>\n<p><strong>Betonowy taras nale\u017cy dok\u0142adnie wyczy\u015bci\u0107 przed nadej\u015bciem zimnych miesi\u0119cy i dokona\u0107 ogl\u0119dzin stanu technicznego posadzki. <\/strong>Je\u015bli dostrze\u017cemy w niej jakie\u015b szczeliny, powinni\u015bmy je wype\u0142ni\u0107 zapraw\u0105 naprawcz\u0105 (najlepiej tak\u0105, kt\u00f3ra ma w swoim sk\u0142adzie specjalne \u017cywice syntetyczne). W przeciwnym razie woda b\u0119dzie zamarza\u0107 wewn\u0105trz ubytk\u00f3w, doprowadzaj\u0105c do jeszcze wi\u0119kszych uszkodze\u0144. Aby przygotowa\u0107 taras betonowy na zimowe miesi\u0105ce, warto te\u017c zastosowa\u0107 specjalne impregnaty do betonu.<\/p>\n<h2>Czy powinno si\u0119 przykrywa\u0107 taras przed nadej\u015bciem zimnych miesi\u0119cy?<\/h2>\n<p><strong>To zale\u017cy od zastosowanego materia\u0142u.<\/strong> Taras, na kt\u00f3rym wykorzystano beton, p\u0142ytki czy deski kompozytowe, nie wymaga przykrywania, cho\u0107 oczywi\u015bcie mo\u017cna to zrobi\u0107. Natomiast zdecydowanie warto w taki spos\u00f3b zabezpieczy\u0107 taras drewniany, nawet je\u015bli wykonali\u015bmy olejowanie drewna. Deski mo\u017cna os\u0142oni\u0107 przed \u015bniegiem, deszczem i wiatrem, na przyk\u0142ad za pomoc\u0105 paneli wykonanych z technorattanu. Dobrze sprawdz\u0105 si\u0119 te\u017c foliowe os\u0142ony. Je\u015bli drewniany taras ma zadaszenie, to doskonale, je\u015bli nie &#8211; mo\u017cemy zamontowa\u0107 prowizoryczny daszek, przyk\u0142adowo markiz\u0119.<\/p>\n<p>[[kategoria:30:6]]<\/p>\n<h2>Czym zabezpieczy\u0107 taras na zimowe miesi\u0105ce? Podsumowanie<\/h2>\n<p>Spos\u00f3b, w jaki trzeba przygotowa\u0107 taras na zimowe miesi\u0105ce, zale\u017cy od materia\u0142\u00f3w zastosowanych do jego budowy i wyko\u0144czenia. <strong>Szczeg\u00f3lnie solidnie trzeba zabezpieczy\u0107 taras drewniany, kt\u00f3ry wymaga olejowania. Beton, p\u0142ytki czy kompozyt s\u0105 bardziej odporne na niekorzystne warunki atmosferyczne, ale wraz z nadej\u015bciem jesieni warto je dok\u0142adnie oczy\u015bci\u0107 i zadba\u0107 o wype\u0142nienie ewentualnych szczelin w pod\u0142odze. <\/strong>Je\u015bli chodzi o meble ogrodowe, to zawsze warto je przykry\u0107 pokrowcami, a wyposa\u017cenie wykonane z rattanu, wikliny czy naturalnego drewna najlepiej przenie\u015b\u0107 do pomieszcze\u0144.<\/p>\n","protected":false},"excerpt":{"rendered":"<p>Je\u015bli chcesz si\u0119 cieszy\u0107 pi\u0119knym tarasem przez d\u0142ugie lata, musisz odpowiednio o niego zadba\u0107. R\u00f3\u017cne materia\u0142y zastosowane na tarasie mog\u0105 wymaga\u0107 specjalnej ochrony na zimowe miesi\u0105ce. Przeczytaj, jak zatroszczy\u0107 si\u0119 o meble ogrodowe i jak zabezpieczy\u0107 taras drewniany, kompozytowy czy betonowy. Wyja\u015bnimy tak\u017ce, w jaki spos\u00f3b przygotowa\u0107 pod\u0142og\u0119 wy\u0142o\u017con\u0105 p\u0142ytkami na nadej\u015bcie \u015bniegu i mrozu [&hellip;]<\/p>\n","protected":false},"author":20,"featured_media":0,"comment_status":"closed","ping_status":"closed","sticky":false,"template":"","format":"standard","meta":{"_acf_changed":false,"ngg_post_thumbnail":0,"footnotes":""},"categories":[6],"tags":[],"class_list":{"0":"post-45136","1":"post","2":"type-post","3":"status-publish","4":"format-standard","6":"category-poradnik"},"acf":[],"yoast_head":"<!-- This site is optimized with the Yoast SEO plugin v27.4 - https:\/\/yoast.com\/product\/yoast-seo-wordpress\/ -->\n<title>Jak zabezpieczy\u0107 taras na zim\u0119? - Porady Meblobranie.pl<\/title>\n<meta name=\"robots\" content=\"index, follow, max-snippet:-1, max-image-preview:large, max-video-preview:-1\" \/>\n<link rel=\"canonical\" href=\"https:\/\/www.meblobranie.pl\/porady\/jak-zabezpieczyc-taras-na-zime\/\" \/>\n<meta name=\"twitter:label1\" content=\"Napisane przez\" \/>\n\t<meta name=\"twitter:data1\" content=\"Dawid z Meblobranie.pl\" \/>\n\t<meta name=\"twitter:label2\" content=\"Szacowany czas czytania\" \/>\n\t<meta name=\"twitter:data2\" content=\"7 minut\" \/>\n<script type=\"application\/ld+json\" class=\"yoast-schema-graph\">{\"@context\":\"https:\\\/\\\/schema.org\",\"@graph\":[{\"@type\":\"Article\",\"@id\":\"https:\\\/\\\/www.meblobranie.pl\\\/porady\\\/jak-zabezpieczyc-taras-na-zime\\\/#article\",\"isPartOf\":{\"@id\":\"https:\\\/\\\/www.meblobranie.pl\\\/porady\\\/jak-zabezpieczyc-taras-na-zime\\\/\"},\"author\":{\"name\":\"Dawid z Meblobranie.pl\",\"@id\":\"https:\\\/\\\/www.meblobranie.pl\\\/porady\\\/#\\\/schema\\\/person\\\/0c44214399e1752805db67863333461b\"},\"headline\":\"Jak zabezpieczy\u0107 taras na zim\u0119?\",\"datePublished\":\"2025-01-25T19:05:20+00:00\",\"dateModified\":\"2025-01-29T19:18:04+00:00\",\"mainEntityOfPage\":{\"@id\":\"https:\\\/\\\/www.meblobranie.pl\\\/porady\\\/jak-zabezpieczyc-taras-na-zime\\\/\"},\"wordCount\":1370,\"image\":{\"@id\":\"https:\\\/\\\/www.meblobranie.pl\\\/porady\\\/jak-zabezpieczyc-taras-na-zime\\\/#primaryimage\"},\"thumbnailUrl\":\"https:\\\/\\\/www.meblobranie.pl\\\/porady\\\/wp-content\\\/uploads\\\/2022\\\/05\\\/czyszczenie-tarasu-drewnianego.jpg\",\"articleSection\":[\"Poradnik\"],\"inLanguage\":\"pl-PL\"},{\"@type\":\"WebPage\",\"@id\":\"https:\\\/\\\/www.meblobranie.pl\\\/porady\\\/jak-zabezpieczyc-taras-na-zime\\\/\",\"url\":\"https:\\\/\\\/www.meblobranie.pl\\\/porady\\\/jak-zabezpieczyc-taras-na-zime\\\/\",\"name\":\"Jak zabezpieczy\u0107 taras na zim\u0119? - Porady Meblobranie.pl\",\"isPartOf\":{\"@id\":\"https:\\\/\\\/www.meblobranie.pl\\\/porady\\\/#website\"},\"primaryImageOfPage\":{\"@id\":\"https:\\\/\\\/www.meblobranie.pl\\\/porady\\\/jak-zabezpieczyc-taras-na-zime\\\/#primaryimage\"},\"image\":{\"@id\":\"https:\\\/\\\/www.meblobranie.pl\\\/porady\\\/jak-zabezpieczyc-taras-na-zime\\\/#primaryimage\"},\"thumbnailUrl\":\"https:\\\/\\\/www.meblobranie.pl\\\/porady\\\/wp-content\\\/uploads\\\/2022\\\/05\\\/czyszczenie-tarasu-drewnianego.jpg\",\"datePublished\":\"2025-01-25T19:05:20+00:00\",\"dateModified\":\"2025-01-29T19:18:04+00:00\",\"author\":{\"@id\":\"https:\\\/\\\/www.meblobranie.pl\\\/porady\\\/#\\\/schema\\\/person\\\/0c44214399e1752805db67863333461b\"},\"breadcrumb\":{\"@id\":\"https:\\\/\\\/www.meblobranie.pl\\\/porady\\\/jak-zabezpieczyc-taras-na-zime\\\/#breadcrumb\"},\"inLanguage\":\"pl-PL\",\"potentialAction\":[{\"@type\":\"ReadAction\",\"target\":[\"https:\\\/\\\/www.meblobranie.pl\\\/porady\\\/jak-zabezpieczyc-taras-na-zime\\\/\"]}]},{\"@type\":\"ImageObject\",\"inLanguage\":\"pl-PL\",\"@id\":\"https:\\\/\\\/www.meblobranie.pl\\\/porady\\\/jak-zabezpieczyc-taras-na-zime\\\/#primaryimage\",\"url\":\"https:\\\/\\\/www.meblobranie.pl\\\/porady\\\/wp-content\\\/uploads\\\/2022\\\/05\\\/czyszczenie-tarasu-drewnianego.jpg\",\"contentUrl\":\"https:\\\/\\\/www.meblobranie.pl\\\/porady\\\/wp-content\\\/uploads\\\/2022\\\/05\\\/czyszczenie-tarasu-drewnianego.jpg\",\"width\":830,\"height\":554,\"caption\":\"Czyszczenie tarasu drewnianego\"},{\"@type\":\"BreadcrumbList\",\"@id\":\"https:\\\/\\\/www.meblobranie.pl\\\/porady\\\/jak-zabezpieczyc-taras-na-zime\\\/#breadcrumb\",\"itemListElement\":[{\"@type\":\"ListItem\",\"position\":1,\"name\":\"Home\",\"item\":\"https:\\\/\\\/www.meblobranie.pl\\\/porady\\\/\"},{\"@type\":\"ListItem\",\"position\":2,\"name\":\"Jak zabezpieczy\u0107 taras na zim\u0119?\"}]},{\"@type\":\"WebSite\",\"@id\":\"https:\\\/\\\/www.meblobranie.pl\\\/porady\\\/#website\",\"url\":\"https:\\\/\\\/www.meblobranie.pl\\\/porady\\\/\",\"name\":\"Porady Meblobranie.pl\",\"description\":\"Blog o tarasach i ogrodach\",\"potentialAction\":[{\"@type\":\"SearchAction\",\"target\":{\"@type\":\"EntryPoint\",\"urlTemplate\":\"https:\\\/\\\/www.meblobranie.pl\\\/porady\\\/?s={search_term_string}\"},\"query-input\":{\"@type\":\"PropertyValueSpecification\",\"valueRequired\":true,\"valueName\":\"search_term_string\"}}],\"inLanguage\":\"pl-PL\"},{\"@type\":\"Person\",\"@id\":\"https:\\\/\\\/www.meblobranie.pl\\\/porady\\\/#\\\/schema\\\/person\\\/0c44214399e1752805db67863333461b\",\"name\":\"Dawid z Meblobranie.pl\",\"image\":{\"@type\":\"ImageObject\",\"inLanguage\":\"pl-PL\",\"@id\":\"https:\\\/\\\/secure.gravatar.com\\\/avatar\\\/9ede1c3924e3173d8f3ad05211531161353d772865bc4dacba314dbcd46c0fef?s=96&d=mm&r=g\",\"url\":\"https:\\\/\\\/secure.gravatar.com\\\/avatar\\\/9ede1c3924e3173d8f3ad05211531161353d772865bc4dacba314dbcd46c0fef?s=96&d=mm&r=g\",\"contentUrl\":\"https:\\\/\\\/secure.gravatar.com\\\/avatar\\\/9ede1c3924e3173d8f3ad05211531161353d772865bc4dacba314dbcd46c0fef?s=96&d=mm&r=g\",\"caption\":\"Dawid z Meblobranie.pl\"},\"description\":\"Lorem Ipsum is simply dummy text of the printing and typesetting industry. Lorem Ipsum has been the industry's standard dummy text ever since the 1500s, when an unknown printer took a galley of type and scrambled it to make a type specimen book.\"}]}<\/script>\n<!-- \/ Yoast SEO plugin. -->","yoast_head_json":{"title":"Jak zabezpieczy\u0107 taras na zim\u0119? - Porady Meblobranie.pl","robots":{"index":"index","follow":"follow","max-snippet":"max-snippet:-1","max-image-preview":"max-image-preview:large","max-video-preview":"max-video-preview:-1"},"canonical":"https:\/\/www.meblobranie.pl\/porady\/jak-zabezpieczyc-taras-na-zime\/","twitter_misc":{"Napisane przez":"Dawid z Meblobranie.pl","Szacowany czas czytania":"7 minut"},"schema":{"@context":"https:\/\/schema.org","@graph":[{"@type":"Article","@id":"https:\/\/www.meblobranie.pl\/porady\/jak-zabezpieczyc-taras-na-zime\/#article","isPartOf":{"@id":"https:\/\/www.meblobranie.pl\/porady\/jak-zabezpieczyc-taras-na-zime\/"},"author":{"name":"Dawid z Meblobranie.pl","@id":"https:\/\/www.meblobranie.pl\/porady\/#\/schema\/person\/0c44214399e1752805db67863333461b"},"headline":"Jak zabezpieczy\u0107 taras na zim\u0119?","datePublished":"2025-01-25T19:05:20+00:00","dateModified":"2025-01-29T19:18:04+00:00","mainEntityOfPage":{"@id":"https:\/\/www.meblobranie.pl\/porady\/jak-zabezpieczyc-taras-na-zime\/"},"wordCount":1370,"image":{"@id":"https:\/\/www.meblobranie.pl\/porady\/jak-zabezpieczyc-taras-na-zime\/#primaryimage"},"thumbnailUrl":"https:\/\/www.meblobranie.pl\/porady\/wp-content\/uploads\/2022\/05\/czyszczenie-tarasu-drewnianego.jpg","articleSection":["Poradnik"],"inLanguage":"pl-PL"},{"@type":"WebPage","@id":"https:\/\/www.meblobranie.pl\/porady\/jak-zabezpieczyc-taras-na-zime\/","url":"https:\/\/www.meblobranie.pl\/porady\/jak-zabezpieczyc-taras-na-zime\/","name":"Jak zabezpieczy\u0107 taras na zim\u0119? - Porady Meblobranie.pl","isPartOf":{"@id":"https:\/\/www.meblobranie.pl\/porady\/#website"},"primaryImageOfPage":{"@id":"https:\/\/www.meblobranie.pl\/porady\/jak-zabezpieczyc-taras-na-zime\/#primaryimage"},"image":{"@id":"https:\/\/www.meblobranie.pl\/porady\/jak-zabezpieczyc-taras-na-zime\/#primaryimage"},"thumbnailUrl":"https:\/\/www.meblobranie.pl\/porady\/wp-content\/uploads\/2022\/05\/czyszczenie-tarasu-drewnianego.jpg","datePublished":"2025-01-25T19:05:20+00:00","dateModified":"2025-01-29T19:18:04+00:00","author":{"@id":"https:\/\/www.meblobranie.pl\/porady\/#\/schema\/person\/0c44214399e1752805db67863333461b"},"breadcrumb":{"@id":"https:\/\/www.meblobranie.pl\/porady\/jak-zabezpieczyc-taras-na-zime\/#breadcrumb"},"inLanguage":"pl-PL","potentialAction":[{"@type":"ReadAction","target":["https:\/\/www.meblobranie.pl\/porady\/jak-zabezpieczyc-taras-na-zime\/"]}]},{"@type":"ImageObject","inLanguage":"pl-PL","@id":"https:\/\/www.meblobranie.pl\/porady\/jak-zabezpieczyc-taras-na-zime\/#primaryimage","url":"https:\/\/www.meblobranie.pl\/porady\/wp-content\/uploads\/2022\/05\/czyszczenie-tarasu-drewnianego.jpg","contentUrl":"https:\/\/www.meblobranie.pl\/porady\/wp-content\/uploads\/2022\/05\/czyszczenie-tarasu-drewnianego.jpg","width":830,"height":554,"caption":"Czyszczenie tarasu drewnianego"},{"@type":"BreadcrumbList","@id":"https:\/\/www.meblobranie.pl\/porady\/jak-zabezpieczyc-taras-na-zime\/#breadcrumb","itemListElement":[{"@type":"ListItem","position":1,"name":"Home","item":"https:\/\/www.meblobranie.pl\/porady\/"},{"@type":"ListItem","position":2,"name":"Jak zabezpieczy\u0107 taras na zim\u0119?"}]},{"@type":"WebSite","@id":"https:\/\/www.meblobranie.pl\/porady\/#website","url":"https:\/\/www.meblobranie.pl\/porady\/","name":"Porady Meblobranie.pl","description":"Blog o tarasach i ogrodach","potentialAction":[{"@type":"SearchAction","target":{"@type":"EntryPoint","urlTemplate":"https:\/\/www.meblobranie.pl\/porady\/?s={search_term_string}"},"query-input":{"@type":"PropertyValueSpecification","valueRequired":true,"valueName":"search_term_string"}}],"inLanguage":"pl-PL"},{"@type":"Person","@id":"https:\/\/www.meblobranie.pl\/porady\/#\/schema\/person\/0c44214399e1752805db67863333461b","name":"Dawid z Meblobranie.pl","image":{"@type":"ImageObject","inLanguage":"pl-PL","@id":"https:\/\/secure.gravatar.com\/avatar\/9ede1c3924e3173d8f3ad05211531161353d772865bc4dacba314dbcd46c0fef?s=96&d=mm&r=g","url":"https:\/\/secure.gravatar.com\/avatar\/9ede1c3924e3173d8f3ad05211531161353d772865bc4dacba314dbcd46c0fef?s=96&d=mm&r=g","contentUrl":"https:\/\/secure.gravatar.com\/avatar\/9ede1c3924e3173d8f3ad05211531161353d772865bc4dacba314dbcd46c0fef?s=96&d=mm&r=g","caption":"Dawid z Meblobranie.pl"},"description":"Lorem Ipsum is simply dummy text of the printing and typesetting industry. Lorem Ipsum has been the industry's standard dummy text ever since the 1500s, when an unknown printer took a galley of type and scrambled it to make a type specimen book."}]}},"_links":{"self":[{"href":"https:\/\/www.meblobranie.pl\/porady\/wp-json\/wp\/v2\/posts\/45136","targetHints":{"allow":["GET"]}}],"collection":[{"href":"https:\/\/www.meblobranie.pl\/porady\/wp-json\/wp\/v2\/posts"}],"about":[{"href":"https:\/\/www.meblobranie.pl\/porady\/wp-json\/wp\/v2\/types\/post"}],"author":[{"embeddable":true,"href":"https:\/\/www.meblobranie.pl\/porady\/wp-json\/wp\/v2\/users\/20"}],"replies":[{"embeddable":true,"href":"https:\/\/www.meblobranie.pl\/porady\/wp-json\/wp\/v2\/comments?post=45136"}],"version-history":[{"count":0,"href":"https:\/\/www.meblobranie.pl\/porady\/wp-json\/wp\/v2\/posts\/45136\/revisions"}],"wp:attachment":[{"href":"https:\/\/www.meblobranie.pl\/porady\/wp-json\/wp\/v2\/media?parent=45136"}],"wp:term":[{"taxonomy":"category","embeddable":true,"href":"https:\/\/www.meblobranie.pl\/porady\/wp-json\/wp\/v2\/categories?post=45136"},{"taxonomy":"post_tag","embeddable":true,"href":"https:\/\/www.meblobranie.pl\/porady\/wp-json\/wp\/v2\/tags?post=45136"}],"curies":[{"name":"wp","href":"https:\/\/api.w.org\/{rel}","templated":true}]}}