{"id":45278,"date":"2025-03-18T13:19:50","date_gmt":"2025-03-18T12:19:50","guid":{"rendered":"https:\/\/www.meblobranie.pl\/porady\/?p=45278"},"modified":"2025-03-29T13:29:07","modified_gmt":"2025-03-29T12:29:07","slug":"markiza-poreczowa-co-to-jest-i-gdzie-ma-zastosowanie","status":"publish","type":"post","link":"https:\/\/www.meblobranie.pl\/porady\/markiza-poreczowa-co-to-jest-i-gdzie-ma-zastosowanie\/","title":{"rendered":"Markiza por\u0119czowa: co to jest i gdzie ma zastosowanie?"},"content":{"rendered":"<p>W\u015br\u00f3d r\u00f3\u017cnych typ\u00f3w zadasze\u0144 na tarasy i balkony na szczeg\u00f3ln\u0105 uwag\u0119 zas\u0142uguj\u0105 markizy por\u0119czowe. Ich konstrukcja pozwala na nieco inne mocowanie ni\u017c w przypadku os\u0142on przytwierdzanych do \u015bcian budynk\u00f3w. Przeczytaj, czym wyr\u00f3\u017cniaj\u0105 si\u0119 takie daszki, jak s\u0105 skonstruowane i dlaczego warto je mie\u0107.<\/p>\n<p><img decoding=\"async\" src=\"https:\/\/www.meblobranie.pl\/porady\/wp-content\/uploads\/2025\/03\/markiza-ogrodowa-1.jpg\" \/><!--more--><\/p>\n\n<h2>Czym jest markiza por\u0119czowa? Co j\u0105 wyr\u00f3\u017cnia?<\/h2>\n<p>Markiza por\u0119czowa to rodzaj zadaszenia, kt\u00f3ry wyr\u00f3\u017cnia si\u0119 charakterystyczn\u0105 konstrukcj\u0105 i sposobem monta\u017cu. Jest dostosowana do nieco innych potrzeb u\u017cytkowych ni\u017c klasyczna markiza montowana na elewacji budynku. <strong>Jak sama nazwa wskazuje, mocuje si\u0119 j\u0105 przede wszystkim na r\u00f3\u017cnego rodzaju por\u0119czach, czyli np. na balustradach balkon\u00f3w. <\/strong><\/p>\n<p>Zastosowanie ramion balustradowych daje mo\u017cliwo\u015b\u0107 stabilnego zamocowania daszku i pozwala na ustawienie odpowiedniego k\u0105ta pochy\u0142u. Jest to mo\u017cliwe dzi\u0119ki temu, \u017ce na ko\u0144cach i u podstawy ramion znajduj\u0105 si\u0119 haki przytwierdzaj\u0105ce stela\u017c z materia\u0142em do balustrady balkonu lub tarasu. Z drugiej strony konstrukcja mo\u017ce by\u0107 przymocowana do \u015bciany budynku lub sufitu balkonu.<\/p>\n<p>Zwini\u0119cie nadmiaru tkaniny pozwala na odpowiednie napr\u0119\u017cenie markizy, gdy ju\u017c zostanie osi\u0105gni\u0119ta maksymalna szeroko\u015b\u0107 i wysi\u0119g. Gdy zadaszenie nie jest nam potrzebne, materia\u0142 mo\u017ce pozosta\u0107 zwini\u0119ty i ukryty w praktycznej kasecie (<a href=\"https:\/\/www.meblobranie.pl\/markizy\/cechy-kasetowe\">markizy kasetowe<\/a>). Do sterowania markiz\u0105 balkonow\u0105 najcz\u0119\u015bciej wykorzystywana jest korba, kt\u00f3ra pozwala na rozwini\u0119cie i zwini\u0119cie nadmiaru tkaniny.<\/p>\n<p>[[kategoria:2093:6]]<\/p>\n<h3>Markiza balkonowa &#8211; automatyczna czy z nap\u0119dem r\u0119cznym?<\/h3>\n<p><a href=\"https:\/\/www.meblobranie.pl\/markizy\/balkonowe\">Markiza balkonowa<\/a> por\u0119czowa najcz\u0119\u015bciej jest markiz\u0105 z nap\u0119dem r\u0119cznym (zwanym te\u017c manualnym). To rodzaj konstrukcji, kt\u00f3ra nie wymaga pod\u0142\u0105czenia do pr\u0105du. Nie ma w niej nap\u0119du automatycznego, co ma swoje zalety i wady. Mocn\u0105 stron\u0105 takiej konstrukcji jest na pewno ni\u017csza cena w stosunku do rozwi\u0105za\u0144 wymagaj\u0105cych zastosowania nowoczesnych technologii.<\/p>\n<p>Niestety, markizy r\u0119czne nie s\u0105 tak komfortowe w obs\u0142udze, jak te automatyczne. <strong>Sterowanie nimi najcz\u0119\u015bciej odbywa si\u0119 za pomoc\u0105 specjalnej korby, kt\u00f3ra powinna by\u0107 prosta w obs\u0142udze i intuicyjna. <\/strong>D\u0142ugo\u015b\u0107 korby powinna by\u0107 dostosowana do wzrostu u\u017cytkownika konstrukcji.<\/p>\n<div style=\"width: 840px\" class=\"wp-caption alignnone\"><img loading=\"lazy\" decoding=\"async\" src=\"https:\/\/www.meblobranie.pl\/porady\/wp-content\/uploads\/2025\/03\/markiza-poreczowa.jpg\" alt=\"Z\u0142o\u017cona markiza por\u0119czowa\" width=\"830\" height=\"467\" \/><p class=\"wp-caption-text\">Z\u0142o\u017cona markiza por\u0119czowa<\/p><\/div>\n<h2>Markiza por\u0119czowa &#8211; gdzie znajdzie zastosowanie?<\/h2>\n<p>Markiza por\u0119czowa (nazywana te\u017c balkonow\u0105 czy balustradow\u0105) to konstrukcja wykorzystywana jako zadaszenie podczas wypoczynku na \u015bwie\u017cym powietrzu. <strong>Mo\u017cna j\u0105 zamontowa\u0107 na balustradach balkon\u00f3w, barierkach taras\u00f3w czy na innych elementach architektonicznych, kt\u00f3re pe\u0142ni\u0105 funkcj\u0119 ogrodzenia lub zabezpieczenia domownik\u00f3w przed upadkiem. <\/strong><\/p>\n<p>Konstrukcja s\u0142u\u017cy przede wszystkim do ochrony przed r\u00f3\u017cnymi warunkami atmosferycznymi. Jest jednak przeznaczona do u\u017cycia w miejscach, gdzie nie ma mo\u017cliwo\u015bci zamontowania tradycyjnych markiz lub tam, gdzie trzeba zastosowa\u0107 bardziej elastyczne rozwi\u0105zanie w kwestii ochrony przed s\u0142o\u0144cem i deszczem. Jest to estetyczna os\u0142ona, wykorzystywana powszechnie jako praktyczna ozdoba balkon\u00f3w.<\/p>\n<p><strong>Lekka konstrukcja markizy sprawia, \u017ce jej monta\u017c na r\u00f3\u017cnych elementach architektonicznych jest niezwykle \u0142atwy. <\/strong>Bardzo cz\u0119sto g\u00f3rn\u0105 cz\u0119\u015b\u0107 markizy montuje si\u0119 do balkonu znajduj\u0105cego si\u0119 nad naszym balkonem, podczas gdy ramiona markizy przyczepione s\u0105 do balustrady balkonu. W ciasnej zabudowie miejskiej obecno\u015b\u0107 takiej os\u0142ony we wn\u0119ce balkonowej pomaga zapewni\u0107 domownikom wi\u0119ksz\u0105 prywatno\u015b\u0107. Markiza chroni przed w\u015bcibskimi spojrzeniami s\u0105siad\u00f3w lub ulicznych przechodni\u00f3w. Jest r\u00f3wnie\u017c ceniona w bran\u017cy gastronomicznej. Konstrukcja pozwala klientom kawiarni czy restauracji cieszy\u0107 si\u0119 spotkaniami na \u015bwie\u017cym powietrzu, bez obaw o nag\u0142e zmiany pogody.<\/p>\n<p>[[kategoria:30:6]]<\/p>\n<h2>Jak skonstruowana jest markiza na balustrady?<\/h2>\n<p><a href=\"https:\/\/www.meblobranie.pl\/markizy\">Markiza<\/a> na balustrady sk\u0142ada si\u0119 z dw\u00f3ch podstawowych element\u00f3w &#8211; poszycia oraz stela\u017cu. Poni\u017cej bardziej szczeg\u00f3\u0142owo wyja\u015bniamy, czym powinna si\u0119 charakteryzowa\u0107 ka\u017cda z tych cz\u0119\u015bci sk\u0142adowych i jak wygl\u0105da ich konstrukcja.<\/p>\n<h3>Tkaniny na markizy balkonowe &#8211; w\u0142a\u015bciwo\u015bci i cechy charakterystyczne<\/h3>\n<p>Poszycie stanowi tkanina, kt\u00f3ra ma zadanie chroni\u0107 wypoczywaj\u0105ce na \u015bwie\u017cym powietrzu osoby przed r\u00f3\u017cnymi czynnikami atmosferycznymi. <strong>Powinna zapewnia\u0107 ochron\u0119 zar\u00f3wno przed intensywnym s\u0142o\u0144cem, jak i deszczem. <\/strong>Najlepsze modele zadasze\u0144 s\u0105 w pe\u0142ni wodoodporne, podczas gdy inne zapewniaj\u0105 ochron\u0119 jedynie przed lekkimi opadami.<\/p>\n<p><strong>Poszycie powinno by\u0107 tak\u017ce odporne na uszkodzenia mechaniczne, takie jak rozdarcia czy przetarcia. Jego kolory nie powinny blakn\u0105\u0107, nawet po wielu latach nara\u017cenia na dzia\u0142anie promieniowania UV. <\/strong>Cz\u0119sto wykorzystywanym rodzajem tkaniny jest wysokiej jako\u015bci poliester, pokryty dodatkowo specjaln\u0105, wodoszczeln\u0105 pow\u0142ok\u0105. Doskonale sprawdza si\u0119 r\u00f3wnie\u017c elastyczny poliuretan.<\/p>\n<p>Ponadto, powszechnie stosuje si\u0119 materia\u0142y akrylowe zaimpregnowane \u015brodkiem ochronnym &#8211; teflonem. Teflon, a w\u0142a\u015bciwie politetrafluoroetylen (PTFE) jest materia\u0142em fluoropolimerowym, kt\u00f3ry ma wyj\u0105tkowe w\u0142a\u015bciwo\u015bci ochronne. Doskonale zabezpiecza tkanin\u0119 przed wilgoci\u0105 i promieniowaniem UV, zapewnia wysok\u0105 odporno\u015b\u0107 na uszkodzenia, a ponadto zapobiega przywieraniu zabrudze\u0144, co bardzo u\u0142atwia czyszczenie materia\u0142u. Wi\u0119kszo\u015b\u0107 produkt\u00f3w w naszej ofercie to <a href=\"https:\/\/www.meblobranie.pl\/markizy\/cechy-wodoszczelne\">markizy przeciwdeszczowe<\/a>.<\/p>\n<div style=\"width: 840px\" class=\"wp-caption alignnone\"><img loading=\"lazy\" decoding=\"async\" src=\"https:\/\/www.meblobranie.pl\/porady\/wp-content\/uploads\/2025\/03\/markiza-balkon.jpg\" alt=\"Markizy por\u0119czowe na balkonie w bloku\" width=\"830\" height=\"554\" \/><p class=\"wp-caption-text\">Markizy por\u0119czowe na balkonie w bloku<\/p><\/div>\n<h3>Stela\u017c, czyli wytrzyma\u0142a, ale lekka konstrukcja markizy<\/h3>\n<p>Je\u015bli chodzi o stela\u017c konstrukcji znajduj\u0105cych zastosowanie g\u0142\u00f3wnie na balkonach, to powinien on by\u0107 wykonany z lekkich, ale bardzo odpornych materia\u0142\u00f3w. <strong>Idealnie sprawdzi si\u0119 tutaj aluminium, kt\u00f3re niewiele wa\u017cy, jest wystarczaj\u0105co mocne, a przy tym ca\u0142kowicie odporne na korozj\u0119. <\/strong>Lekka konstrukcja markizy sprawia, \u017ce jej transport i monta\u017c s\u0105 niezwykle \u0142atwe. Drugim powszechnie wykorzystywanym rodzajem metalu jest stal nierdzewna &#8211; nieco ci\u0119\u017csza od aluminium, ale wyj\u0105tkowo wytrzyma\u0142a.<\/p>\n<p><strong>Najwa\u017cniejsz\u0105 cz\u0119\u015bci\u0105 stela\u017ca konstrukcji s\u0105 ramiona balustradowe.<\/strong> Spos\u00f3b, w jaki zosta\u0142y skonstruowane, pozwala na ustawienie odpowiedniego k\u0105ta pochy\u0142u. Na zako\u0144czeniach i u podstawy ramion znajduj\u0105 si\u0119 haki, na kt\u00f3rych zaczepiona jest belka przednia z tkanin\u0105 stanowi\u0105c\u0105 poszycie. Dzi\u0119ki temu nie ma konieczno\u015bci wiercenia otwor\u00f3w w elewacji budynku. To o tyle praktyczne rozwi\u0105zanie, \u017ce z monta\u017cem poradzi sobie w\u0142a\u015bciwie ka\u017cdy i nie b\u0119dzie problemu z tym, \u017ce np. sp\u00f3\u0142dzielnia mieszkaniowa nie zgadza si\u0119 na wiercenie w \u015bcianie bloku.<\/p>\n<p><strong>Warto wybiera\u0107 modele, kt\u00f3rych konstrukcja pozwala na ustawienie odpowiedniego k\u0105ta pochy\u0142u i precyzyjne dostosowanie stopnia rozwini\u0119cia markizy do naszych potrzeb. <\/strong>Dzi\u0119ki temu b\u0119dziemy mogli uzyska\u0107 optymalny stopie\u0144 ochrony przed s\u0142o\u0144cem w zale\u017cno\u015bci od pory dnia. Odpowiednie napr\u0119\u017cenie markizy osi\u0105ga si\u0119 dzi\u0119ki zwini\u0119ciu nadmiaru tkaniny. W sprzeda\u017cy dost\u0119pne s\u0105 produkty maj\u0105ce zr\u00f3\u017cnicowane wymiary i wysi\u0119g. Dzi\u0119ki temu ka\u017cdy mo\u017ce wybra\u0107 produkt idealnie dostosowany do swoich potrzeb.<\/p>\n<p>[[kategoria:2002:6]]<\/p>\n<h2>Markiza jako praktyczna ozdoba balkon\u00f3w<\/h2>\n<p>Kupuj\u0105c markiz\u0119 na balkon, wi\u0119kszo\u015b\u0107 os\u00f3b zwraca uwag\u0119 g\u0142\u00f3wnie na funkcjonalno\u015b\u0107. To naturalne, bior\u0105c pod uwag\u0119, \u017ce takie daszki s\u0105 przede wszystkim os\u0142onami przed deszczem czy s\u0142o\u0144cem. Jednak\u017ce konstrukcja pozwala na wykorzystanie jej jako praktycznej ozdoby balkon\u00f3w. Do wyboru mamy r\u00f3\u017cne kolory konstrukcji. Tkaniny mog\u0105 by\u0107 jednobarwne lub wzorzyste, z falban\u0105 na brzegach lub bez niej.<\/p>\n<h3>Jaki kolor konstrukcji wybra\u0107?<\/h3>\n<p>Je\u015bli chodzi o wyb\u00f3r koloru konstrukcji, to wszystko zale\u017cy od naszych indywidualnych preferencji, cho\u0107 niekt\u00f3re barwy mog\u0105 si\u0119 okaza\u0107 bardziej praktyczne od innych. <strong>Wzorzyste tkaniny zdecydowanie bardziej rzucaj\u0105 si\u0119 w oczy <\/strong>(zw\u0142aszcza gdy chodzi o kontrastowe po\u0142\u0105czenia kolorystyczne). Je\u015bli wi\u0119c nie chcemy, by nasz balkon mocno wyr\u00f3\u017cnia\u0142 si\u0119 na tle innych w bloku, to lepiej postawi\u0107 na jednolite materia\u0142y.<\/p>\n<p><strong>Specyficzne w\u0142a\u015bciwo\u015bci ma kolor bia\u0142y, kt\u00f3ry odbija promienie s\u0142oneczne. <\/strong>Gdy zamontujemy bia\u0142y (lub po prostu jasny) daszek, wn\u0119ka balkonowa czy taras b\u0119d\u0105 si\u0119 mniej nagrzewa\u0107. Ma to ogromne znaczenie podczas wypoczynku w czasie letnich upa\u0142\u00f3w. Z drugiej strony produkt w kolorze bia\u0142ym szybciej si\u0119 brudzi i mo\u017ce by\u0107 trudniejszy do dok\u0142adnego wyczyszczenia.<\/p>\n<p>Do wn\u0119k balkonowych znajduj\u0105cych si\u0119 w miejscach, gdzie jest wiele py\u0142\u00f3w, polecane s\u0105 raczej ciemne tkaniny (cho\u0107 na nich mog\u0105 by\u0107 bardziej widoczne zanieczyszczenia innego rodzaju). <strong>W praktyce klienci cz\u0119sto wybieraj\u0105 odcienie szaro\u015bci, be\u017ce, br\u0105zy i inne stonowane barwy, kt\u00f3re doskonale wtapiaj\u0105 si\u0119 w otoczenie. <\/strong>Z pewno\u015bci\u0105 najlepsza b\u0119dzie konstrukcja, kt\u00f3ra jest zar\u00f3wno funkcjonaln\u0105, jak i estetyczn\u0105 os\u0142on\u0105.<\/p>\n<h3>Estetyczna os\u0142ona na balkon lub taras &#8211; tkanina z falban\u0105 czy bez?<\/h3>\n<p>W klasycznej markizie wykonany z tkaniny daszek zdobi falbana. Wielbiciele nowoczesnych, minimalistycznych form ch\u0119tnie z niej rezygnuj\u0105, ale dla wielu os\u00f3b jest to tak charakterystyczny element os\u0142ony, \u017ce nie wyobra\u017caj\u0105 jej sobie bez falbany.<\/p>\n<p>Personalizuj\u0105c zam\u00f3wienie, cz\u0119sto mo\u017cna nawet wybra\u0107 rodzaj falbany. Markizy z falban\u0105 sprawdz\u0105 si\u0119 szczeg\u00f3lnie dobrze, gdy planujemy urz\u0105dzi\u0107 taras czy balkon w stylu rustykalnym, prowansalskim, angielskim, <em>vintage <\/em>czy <em>shabby chic<\/em>. <strong>Falbany dodaj\u0105 ich konstrukcji swoistej lekko\u015bci i subtelnej elegancji.<\/strong><\/p>\n<div style=\"width: 840px\" class=\"wp-caption alignnone\"><img loading=\"lazy\" decoding=\"async\" src=\"https:\/\/www.meblobranie.pl\/porady\/wp-content\/uploads\/2025\/03\/markiza-elektryczna.jpg\" alt=\"Tkanina w nowoczesnej markizie por\u0119czowej\" width=\"830\" height=\"623\" \/><p class=\"wp-caption-text\">Tkanina w nowoczesnej markizie por\u0119czowej<\/p><\/div>\n<h2>Markizy na balkon &#8211; podsumowanie<\/h2>\n<p><strong>Por\u0119czowa markiza to taka, kt\u00f3ra pozwala na monta\u017c do balustrady balkonu lub innej por\u0119czy<\/strong> (np. na tarasie). Zastosowanie ramion balustradowych daje szerokie mo\u017cliwo\u015bci w tym zakresie. Na ko\u0144cach i u podstawy ramion znajduj\u0105 si\u0119 haki, dzi\u0119ki kt\u00f3rym monta\u017c konstrukcji przy balustradzie balkonu jest niezwykle \u0142atwy.<\/p>\n<p><strong>Jako poszycie wykorzystywane s\u0105 r\u00f3\u017cne tkaniny (np. poliester, poliuretan czy materia\u0142y akrylowe) zaimpregnowane \u015brodkiem ochronnym <\/strong>(teflonem lub podobnym rodzajem pow\u0142oki), kt\u00f3ry chroni przed wilgoci\u0105 i promieniami UV, a ponadto zapobiega przywieraniu zabrudze\u0144. Odpowiednie napr\u0119\u017cenie markizy osi\u0105ga si\u0119 dzi\u0119ki umiej\u0119tnemu sterowaniu ni\u0105 za pomoc\u0105 nap\u0119du r\u0119cznego (korby).<\/p>\n<p>Gdy zadaszenie nie jest nam potrzebne, tkanina mo\u017ce pozosta\u0107 zwini\u0119ta w dyskretnej kasecie montowanej najcz\u0119\u015bciej do sufitu balkonu. <strong>Odporna na uszkodzenia, a jednocze\u015bnie lekka konstrukcja markizy sprawia, \u017ce jest ona \u0142atwa do transportowania i monta\u017cu oraz praktyczna w u\u017cytkowaniu. <\/strong><\/p>\n<p>Kupuj\u0105c ten rodzaj zadaszenia, nale\u017cy starannie dobra\u0107 wymiary konstrukcji, takie jak jej maksymalna szeroko\u015b\u0107 czy wysi\u0119g. Na og\u00f3\u0142 mo\u017cliwa jest indywidualizacja zam\u00f3wienia w szerokim zakresie &#8211; mo\u017cna m.in. wybra\u0107 wz\u00f3r czy kolorystyk\u0119 poszycia z dost\u0119pnych opcji.<\/p>\n<p>Kolor bia\u0142y doskonale chroni przed s\u0142o\u0144cem, jednak r\u00f3\u017cnego rodzaju zabrudzenia s\u0105 na nim bardzo widoczne. Z tego powodu klienci cz\u0119sto decyduj\u0105 si\u0119 na materia\u0142y w nieco ciemniejszych barwach. <strong>Poza wzgl\u0119dami funkcjonalnymi, estetyka zadaszenia na balkon jest jednym z najwa\u017cniejszych kryteri\u00f3w stosowanych przy wyborze konkretnego produktu.<\/strong><\/p>\n","protected":false},"excerpt":{"rendered":"<p>W\u015br\u00f3d r\u00f3\u017cnych typ\u00f3w zadasze\u0144 na tarasy i balkony na szczeg\u00f3ln\u0105 uwag\u0119 zas\u0142uguj\u0105 markizy por\u0119czowe. Ich konstrukcja pozwala na nieco inne mocowanie ni\u017c w przypadku os\u0142on przytwierdzanych do \u015bcian budynk\u00f3w. Przeczytaj, czym wyr\u00f3\u017cniaj\u0105 si\u0119 takie daszki, jak s\u0105 skonstruowane i dlaczego warto je mie\u0107.<\/p>\n","protected":false},"author":20,"featured_media":0,"comment_status":"closed","ping_status":"closed","sticky":false,"template":"","format":"standard","meta":{"_acf_changed":false,"ngg_post_thumbnail":0,"footnotes":""},"categories":[6],"tags":[],"class_list":{"0":"post-45278","1":"post","2":"type-post","3":"status-publish","4":"format-standard","6":"category-poradnik"},"acf":[],"yoast_head":"<!-- This site is optimized with the Yoast SEO plugin v27.4 - https:\/\/yoast.com\/product\/yoast-seo-wordpress\/ -->\n<title>Markiza por\u0119czowa: co to jest i gdzie ma zastosowanie? - Porady Meblobranie.pl<\/title>\n<meta name=\"description\" content=\"Odkryj, jak markiza por\u0119czowa mo\u017ce poprawi\u0107 bezpiecze\u0144stwo i komfort Twojego balkonu lub tarasu. Przeczytaj nasz artyku\u0142 i podejmij \u015bwiadom\u0105 decyzj\u0119!\" \/>\n<meta name=\"robots\" content=\"index, follow, max-snippet:-1, max-image-preview:large, max-video-preview:-1\" \/>\n<link rel=\"canonical\" href=\"https:\/\/www.meblobranie.pl\/porady\/markiza-poreczowa-co-to-jest-i-gdzie-ma-zastosowanie\/\" \/>\n<meta name=\"twitter:label1\" content=\"Napisane przez\" \/>\n\t<meta name=\"twitter:data1\" content=\"Dawid z Meblobranie.pl\" \/>\n\t<meta name=\"twitter:label2\" content=\"Szacowany czas czytania\" \/>\n\t<meta name=\"twitter:data2\" content=\"10 minut\" \/>\n<script type=\"application\/ld+json\" class=\"yoast-schema-graph\">{\"@context\":\"https:\\\/\\\/schema.org\",\"@graph\":[{\"@type\":\"Article\",\"@id\":\"https:\\\/\\\/www.meblobranie.pl\\\/porady\\\/markiza-poreczowa-co-to-jest-i-gdzie-ma-zastosowanie\\\/#article\",\"isPartOf\":{\"@id\":\"https:\\\/\\\/www.meblobranie.pl\\\/porady\\\/markiza-poreczowa-co-to-jest-i-gdzie-ma-zastosowanie\\\/\"},\"author\":{\"name\":\"Dawid z Meblobranie.pl\",\"@id\":\"https:\\\/\\\/www.meblobranie.pl\\\/porady\\\/#\\\/schema\\\/person\\\/0c44214399e1752805db67863333461b\"},\"headline\":\"Markiza por\u0119czowa: co to jest i gdzie ma zastosowanie?\",\"datePublished\":\"2025-03-18T12:19:50+00:00\",\"dateModified\":\"2025-03-29T12:29:07+00:00\",\"mainEntityOfPage\":{\"@id\":\"https:\\\/\\\/www.meblobranie.pl\\\/porady\\\/markiza-poreczowa-co-to-jest-i-gdzie-ma-zastosowanie\\\/\"},\"wordCount\":1755,\"image\":{\"@id\":\"https:\\\/\\\/www.meblobranie.pl\\\/porady\\\/markiza-poreczowa-co-to-jest-i-gdzie-ma-zastosowanie\\\/#primaryimage\"},\"thumbnailUrl\":\"https:\\\/\\\/www.meblobranie.pl\\\/porady\\\/wp-content\\\/uploads\\\/2025\\\/03\\\/markiza-ogrodowa-1.jpg\",\"articleSection\":[\"Poradnik\"],\"inLanguage\":\"pl-PL\"},{\"@type\":\"WebPage\",\"@id\":\"https:\\\/\\\/www.meblobranie.pl\\\/porady\\\/markiza-poreczowa-co-to-jest-i-gdzie-ma-zastosowanie\\\/\",\"url\":\"https:\\\/\\\/www.meblobranie.pl\\\/porady\\\/markiza-poreczowa-co-to-jest-i-gdzie-ma-zastosowanie\\\/\",\"name\":\"Markiza por\u0119czowa: co to jest i gdzie ma zastosowanie? - Porady Meblobranie.pl\",\"isPartOf\":{\"@id\":\"https:\\\/\\\/www.meblobranie.pl\\\/porady\\\/#website\"},\"primaryImageOfPage\":{\"@id\":\"https:\\\/\\\/www.meblobranie.pl\\\/porady\\\/markiza-poreczowa-co-to-jest-i-gdzie-ma-zastosowanie\\\/#primaryimage\"},\"image\":{\"@id\":\"https:\\\/\\\/www.meblobranie.pl\\\/porady\\\/markiza-poreczowa-co-to-jest-i-gdzie-ma-zastosowanie\\\/#primaryimage\"},\"thumbnailUrl\":\"https:\\\/\\\/www.meblobranie.pl\\\/porady\\\/wp-content\\\/uploads\\\/2025\\\/03\\\/markiza-ogrodowa-1.jpg\",\"datePublished\":\"2025-03-18T12:19:50+00:00\",\"dateModified\":\"2025-03-29T12:29:07+00:00\",\"author\":{\"@id\":\"https:\\\/\\\/www.meblobranie.pl\\\/porady\\\/#\\\/schema\\\/person\\\/0c44214399e1752805db67863333461b\"},\"description\":\"Odkryj, jak markiza por\u0119czowa mo\u017ce poprawi\u0107 bezpiecze\u0144stwo i komfort Twojego balkonu lub tarasu. Przeczytaj nasz artyku\u0142 i podejmij \u015bwiadom\u0105 decyzj\u0119!\",\"breadcrumb\":{\"@id\":\"https:\\\/\\\/www.meblobranie.pl\\\/porady\\\/markiza-poreczowa-co-to-jest-i-gdzie-ma-zastosowanie\\\/#breadcrumb\"},\"inLanguage\":\"pl-PL\",\"potentialAction\":[{\"@type\":\"ReadAction\",\"target\":[\"https:\\\/\\\/www.meblobranie.pl\\\/porady\\\/markiza-poreczowa-co-to-jest-i-gdzie-ma-zastosowanie\\\/\"]}]},{\"@type\":\"ImageObject\",\"inLanguage\":\"pl-PL\",\"@id\":\"https:\\\/\\\/www.meblobranie.pl\\\/porady\\\/markiza-poreczowa-co-to-jest-i-gdzie-ma-zastosowanie\\\/#primaryimage\",\"url\":\"https:\\\/\\\/www.meblobranie.pl\\\/porady\\\/wp-content\\\/uploads\\\/2025\\\/03\\\/markiza-ogrodowa-1.jpg\",\"contentUrl\":\"https:\\\/\\\/www.meblobranie.pl\\\/porady\\\/wp-content\\\/uploads\\\/2025\\\/03\\\/markiza-ogrodowa-1.jpg\",\"width\":830,\"height\":560,\"caption\":\"Markiza balkonowa\"},{\"@type\":\"BreadcrumbList\",\"@id\":\"https:\\\/\\\/www.meblobranie.pl\\\/porady\\\/markiza-poreczowa-co-to-jest-i-gdzie-ma-zastosowanie\\\/#breadcrumb\",\"itemListElement\":[{\"@type\":\"ListItem\",\"position\":1,\"name\":\"Home\",\"item\":\"https:\\\/\\\/www.meblobranie.pl\\\/porady\\\/\"},{\"@type\":\"ListItem\",\"position\":2,\"name\":\"Markiza por\u0119czowa: co to jest i gdzie ma zastosowanie?\"}]},{\"@type\":\"WebSite\",\"@id\":\"https:\\\/\\\/www.meblobranie.pl\\\/porady\\\/#website\",\"url\":\"https:\\\/\\\/www.meblobranie.pl\\\/porady\\\/\",\"name\":\"Porady Meblobranie.pl\",\"description\":\"Blog o tarasach i ogrodach\",\"potentialAction\":[{\"@type\":\"SearchAction\",\"target\":{\"@type\":\"EntryPoint\",\"urlTemplate\":\"https:\\\/\\\/www.meblobranie.pl\\\/porady\\\/?s={search_term_string}\"},\"query-input\":{\"@type\":\"PropertyValueSpecification\",\"valueRequired\":true,\"valueName\":\"search_term_string\"}}],\"inLanguage\":\"pl-PL\"},{\"@type\":\"Person\",\"@id\":\"https:\\\/\\\/www.meblobranie.pl\\\/porady\\\/#\\\/schema\\\/person\\\/0c44214399e1752805db67863333461b\",\"name\":\"Dawid z Meblobranie.pl\",\"image\":{\"@type\":\"ImageObject\",\"inLanguage\":\"pl-PL\",\"@id\":\"https:\\\/\\\/secure.gravatar.com\\\/avatar\\\/9ede1c3924e3173d8f3ad05211531161353d772865bc4dacba314dbcd46c0fef?s=96&d=mm&r=g\",\"url\":\"https:\\\/\\\/secure.gravatar.com\\\/avatar\\\/9ede1c3924e3173d8f3ad05211531161353d772865bc4dacba314dbcd46c0fef?s=96&d=mm&r=g\",\"contentUrl\":\"https:\\\/\\\/secure.gravatar.com\\\/avatar\\\/9ede1c3924e3173d8f3ad05211531161353d772865bc4dacba314dbcd46c0fef?s=96&d=mm&r=g\",\"caption\":\"Dawid z Meblobranie.pl\"},\"description\":\"Lorem Ipsum is simply dummy text of the printing and typesetting industry. Lorem Ipsum has been the industry's standard dummy text ever since the 1500s, when an unknown printer took a galley of type and scrambled it to make a type specimen book.\"}]}<\/script>\n<!-- \/ Yoast SEO plugin. -->","yoast_head_json":{"title":"Markiza por\u0119czowa: co to jest i gdzie ma zastosowanie? - Porady Meblobranie.pl","description":"Odkryj, jak markiza por\u0119czowa mo\u017ce poprawi\u0107 bezpiecze\u0144stwo i komfort Twojego balkonu lub tarasu. Przeczytaj nasz artyku\u0142 i podejmij \u015bwiadom\u0105 decyzj\u0119!","robots":{"index":"index","follow":"follow","max-snippet":"max-snippet:-1","max-image-preview":"max-image-preview:large","max-video-preview":"max-video-preview:-1"},"canonical":"https:\/\/www.meblobranie.pl\/porady\/markiza-poreczowa-co-to-jest-i-gdzie-ma-zastosowanie\/","twitter_misc":{"Napisane przez":"Dawid z Meblobranie.pl","Szacowany czas czytania":"10 minut"},"schema":{"@context":"https:\/\/schema.org","@graph":[{"@type":"Article","@id":"https:\/\/www.meblobranie.pl\/porady\/markiza-poreczowa-co-to-jest-i-gdzie-ma-zastosowanie\/#article","isPartOf":{"@id":"https:\/\/www.meblobranie.pl\/porady\/markiza-poreczowa-co-to-jest-i-gdzie-ma-zastosowanie\/"},"author":{"name":"Dawid z Meblobranie.pl","@id":"https:\/\/www.meblobranie.pl\/porady\/#\/schema\/person\/0c44214399e1752805db67863333461b"},"headline":"Markiza por\u0119czowa: co to jest i gdzie ma zastosowanie?","datePublished":"2025-03-18T12:19:50+00:00","dateModified":"2025-03-29T12:29:07+00:00","mainEntityOfPage":{"@id":"https:\/\/www.meblobranie.pl\/porady\/markiza-poreczowa-co-to-jest-i-gdzie-ma-zastosowanie\/"},"wordCount":1755,"image":{"@id":"https:\/\/www.meblobranie.pl\/porady\/markiza-poreczowa-co-to-jest-i-gdzie-ma-zastosowanie\/#primaryimage"},"thumbnailUrl":"https:\/\/www.meblobranie.pl\/porady\/wp-content\/uploads\/2025\/03\/markiza-ogrodowa-1.jpg","articleSection":["Poradnik"],"inLanguage":"pl-PL"},{"@type":"WebPage","@id":"https:\/\/www.meblobranie.pl\/porady\/markiza-poreczowa-co-to-jest-i-gdzie-ma-zastosowanie\/","url":"https:\/\/www.meblobranie.pl\/porady\/markiza-poreczowa-co-to-jest-i-gdzie-ma-zastosowanie\/","name":"Markiza por\u0119czowa: co to jest i gdzie ma zastosowanie? - Porady Meblobranie.pl","isPartOf":{"@id":"https:\/\/www.meblobranie.pl\/porady\/#website"},"primaryImageOfPage":{"@id":"https:\/\/www.meblobranie.pl\/porady\/markiza-poreczowa-co-to-jest-i-gdzie-ma-zastosowanie\/#primaryimage"},"image":{"@id":"https:\/\/www.meblobranie.pl\/porady\/markiza-poreczowa-co-to-jest-i-gdzie-ma-zastosowanie\/#primaryimage"},"thumbnailUrl":"https:\/\/www.meblobranie.pl\/porady\/wp-content\/uploads\/2025\/03\/markiza-ogrodowa-1.jpg","datePublished":"2025-03-18T12:19:50+00:00","dateModified":"2025-03-29T12:29:07+00:00","author":{"@id":"https:\/\/www.meblobranie.pl\/porady\/#\/schema\/person\/0c44214399e1752805db67863333461b"},"description":"Odkryj, jak markiza por\u0119czowa mo\u017ce poprawi\u0107 bezpiecze\u0144stwo i komfort Twojego balkonu lub tarasu. Przeczytaj nasz artyku\u0142 i podejmij \u015bwiadom\u0105 decyzj\u0119!","breadcrumb":{"@id":"https:\/\/www.meblobranie.pl\/porady\/markiza-poreczowa-co-to-jest-i-gdzie-ma-zastosowanie\/#breadcrumb"},"inLanguage":"pl-PL","potentialAction":[{"@type":"ReadAction","target":["https:\/\/www.meblobranie.pl\/porady\/markiza-poreczowa-co-to-jest-i-gdzie-ma-zastosowanie\/"]}]},{"@type":"ImageObject","inLanguage":"pl-PL","@id":"https:\/\/www.meblobranie.pl\/porady\/markiza-poreczowa-co-to-jest-i-gdzie-ma-zastosowanie\/#primaryimage","url":"https:\/\/www.meblobranie.pl\/porady\/wp-content\/uploads\/2025\/03\/markiza-ogrodowa-1.jpg","contentUrl":"https:\/\/www.meblobranie.pl\/porady\/wp-content\/uploads\/2025\/03\/markiza-ogrodowa-1.jpg","width":830,"height":560,"caption":"Markiza balkonowa"},{"@type":"BreadcrumbList","@id":"https:\/\/www.meblobranie.pl\/porady\/markiza-poreczowa-co-to-jest-i-gdzie-ma-zastosowanie\/#breadcrumb","itemListElement":[{"@type":"ListItem","position":1,"name":"Home","item":"https:\/\/www.meblobranie.pl\/porady\/"},{"@type":"ListItem","position":2,"name":"Markiza por\u0119czowa: co to jest i gdzie ma zastosowanie?"}]},{"@type":"WebSite","@id":"https:\/\/www.meblobranie.pl\/porady\/#website","url":"https:\/\/www.meblobranie.pl\/porady\/","name":"Porady Meblobranie.pl","description":"Blog o tarasach i ogrodach","potentialAction":[{"@type":"SearchAction","target":{"@type":"EntryPoint","urlTemplate":"https:\/\/www.meblobranie.pl\/porady\/?s={search_term_string}"},"query-input":{"@type":"PropertyValueSpecification","valueRequired":true,"valueName":"search_term_string"}}],"inLanguage":"pl-PL"},{"@type":"Person","@id":"https:\/\/www.meblobranie.pl\/porady\/#\/schema\/person\/0c44214399e1752805db67863333461b","name":"Dawid z Meblobranie.pl","image":{"@type":"ImageObject","inLanguage":"pl-PL","@id":"https:\/\/secure.gravatar.com\/avatar\/9ede1c3924e3173d8f3ad05211531161353d772865bc4dacba314dbcd46c0fef?s=96&d=mm&r=g","url":"https:\/\/secure.gravatar.com\/avatar\/9ede1c3924e3173d8f3ad05211531161353d772865bc4dacba314dbcd46c0fef?s=96&d=mm&r=g","contentUrl":"https:\/\/secure.gravatar.com\/avatar\/9ede1c3924e3173d8f3ad05211531161353d772865bc4dacba314dbcd46c0fef?s=96&d=mm&r=g","caption":"Dawid z Meblobranie.pl"},"description":"Lorem Ipsum is simply dummy text of the printing and typesetting industry. Lorem Ipsum has been the industry's standard dummy text ever since the 1500s, when an unknown printer took a galley of type and scrambled it to make a type specimen book."}]}},"_links":{"self":[{"href":"https:\/\/www.meblobranie.pl\/porady\/wp-json\/wp\/v2\/posts\/45278","targetHints":{"allow":["GET"]}}],"collection":[{"href":"https:\/\/www.meblobranie.pl\/porady\/wp-json\/wp\/v2\/posts"}],"about":[{"href":"https:\/\/www.meblobranie.pl\/porady\/wp-json\/wp\/v2\/types\/post"}],"author":[{"embeddable":true,"href":"https:\/\/www.meblobranie.pl\/porady\/wp-json\/wp\/v2\/users\/20"}],"replies":[{"embeddable":true,"href":"https:\/\/www.meblobranie.pl\/porady\/wp-json\/wp\/v2\/comments?post=45278"}],"version-history":[{"count":0,"href":"https:\/\/www.meblobranie.pl\/porady\/wp-json\/wp\/v2\/posts\/45278\/revisions"}],"wp:attachment":[{"href":"https:\/\/www.meblobranie.pl\/porady\/wp-json\/wp\/v2\/media?parent=45278"}],"wp:term":[{"taxonomy":"category","embeddable":true,"href":"https:\/\/www.meblobranie.pl\/porady\/wp-json\/wp\/v2\/categories?post=45278"},{"taxonomy":"post_tag","embeddable":true,"href":"https:\/\/www.meblobranie.pl\/porady\/wp-json\/wp\/v2\/tags?post=45278"}],"curies":[{"name":"wp","href":"https:\/\/api.w.org\/{rel}","templated":true}]}}