{"id":45329,"date":"2025-03-15T23:41:40","date_gmt":"2025-03-15T22:41:40","guid":{"rendered":"https:\/\/www.meblobranie.pl\/porady\/?p=45329"},"modified":"2025-03-30T23:56:17","modified_gmt":"2025-03-30T21:56:17","slug":"taras-z-plyt-osb-czy-takie-rozwiazanie-ma-sens","status":"publish","type":"post","link":"https:\/\/www.meblobranie.pl\/porady\/taras-z-plyt-osb-czy-takie-rozwiazanie-ma-sens\/","title":{"rendered":"Taras z p\u0142yt OSB &#8211; czy takie rozwi\u0105zanie ma sens?"},"content":{"rendered":"<p>P\u0142yty OSB to popularny materia\u0142 budowlany, kt\u00f3ry znajduje zastosowanie w wielu projektach budowlanych, remontowych czy wyko\u0144czeniowych. S\u0142ynie ze swoich dobrych parametr\u00f3w i korzystnej ceny, dlatego mo\u017ce kusi\u0107 osoby chc\u0105ce wykona\u0107 tani i praktyczny taras. Z p\u0142yt OSB faktycznie da si\u0119 go skonstruowa\u0107, ale co z dalszym u\u017cytkowaniem? Jak p\u0142yty OSB przyczyniaj\u0105 si\u0119 do stabilno\u015bci tarasu? Czy s\u0105 trwa\u0142e i odporne na wilgo\u0107? Jak zachowuj\u0105 si\u0119 pod wp\u0142ywem r\u00f3\u017cnych temperatur? Sprawd\u017amy, czy taras z p\u0142yt OSB to dobry wyb\u00f3r.<\/p>\n<p><img loading=\"lazy\" decoding=\"async\" class=\"alignnone\" src=\"https:\/\/www.meblobranie.pl\/porady\/wp-content\/uploads\/2025\/03\/plyty-osb-budowa-2.jpg\" alt=\"Taras z p\u0142yt OSB\" width=\"830\" height=\"554\" \/><!--more--><\/p>\n\n<h2>Taras z p\u0142yt OSB &#8211; czy to odpowiedni budulec?<\/h2>\n<p>P\u0142yty OSB sk\u0142adaj\u0105 si\u0119 z wi\u00f3r\u00f3w drewna, u\u0142o\u017conych w warstwach i po\u0142\u0105czonych klejem o wysokiej wytrzyma\u0142o\u015bci. P\u0142yty OSB charakteryzuj\u0105 si\u0119 stosunkowo nisk\u0105 cen\u0105, du\u017c\u0105 dost\u0119pno\u015bci\u0105 na rynku oraz \u0142atwo\u015bci\u0105 monta\u017cu, zatem maj\u0105 wszystko to, czego oczekujesz od materia\u0142u do budowy tarasu. Ale czy uk\u0142adanie p\u0142yt jest w stanie zast\u0105pi\u0107 bloczki betonowe albo deski tarasowe? To trudne pytanie, bo sporo zale\u017cy od tego, jakie masz oczekiwania wzgl\u0119dem tarasu.<\/p>\n<p>Og\u00f3lnie taras z p\u0142yt OSB to rozwi\u0105zanie, kt\u00f3re mo\u017ce by\u0107 zar\u00f3wno tymczasowe, jak i trwa\u0142e. Jego budowa wymaga jednak odpowiedniego przygotowania i zastosowania w\u0142a\u015bciwych materia\u0142\u00f3w, aby zapewni\u0107 stabilno\u015b\u0107 i estetyczny wygl\u0105d na d\u0142u\u017cej. Dlatego te\u017c we\u017a pod uwag\u0119 to<\/p>\n<p>[[kategoria:2002:6]]<\/p>\n<h2>Zalety wykorzystania p\u0142yt OSB przy budowie tarasu<\/h2>\n<ul>\n<li>\u0141atwy i szybki monta\u017c &#8211; p\u0142yty OSB s\u0105 lekkie i \u0142atwe w obr\u00f3bce, dzi\u0119ki czemu mo\u017cna je zamontowa\u0107 nawet samodzielnie, z u\u017cyciem podstawowych narz\u0119dzi, bez potrzeby wynajmowania fachowc\u00f3w.<\/li>\n<li>Niska cena &#8211; w por\u00f3wnaniu z innymi materia\u0142ami, takimi jak deski tarasowe czy kompozytowe, p\u0142ytki gresowe, p\u0142yty OSB s\u0105 ta\u0144sze.<\/li>\n<li>Uniwersalno\u015b\u0107 zastosowania &#8211; p\u0142yty OSB mog\u0105 by\u0107 stosowane zar\u00f3wno jako powierzchnia tarasu, jak i podk\u0142ad pod inne materia\u0142y wyko\u0144czeniowe, takie jak deski czy p\u0142ytki ceramiczne.<\/li>\n<li>Szybko\u015b\u0107 budowy &#8211; dzi\u0119ki prostemu monta\u017cowi, taras z p\u0142yt OSB mo\u017cna zbudowa\u0107 w kr\u00f3tkim czasie, co pozwoli korzysta\u0107 z jego urok\u00f3w bez wielotygodniowego oczekiwania.<\/li>\n<\/ul>\n<div style=\"width: 840px\" class=\"wp-caption alignnone\"><img loading=\"lazy\" decoding=\"async\" src=\"https:\/\/www.meblobranie.pl\/porady\/wp-content\/uploads\/2025\/03\/plyty-osb-budowa-1.jpg\" alt=\"Ci\u0119cie p\u0142yty OSB\" width=\"830\" height=\"554\" \/><p class=\"wp-caption-text\">Ci\u0119cie p\u0142yty OSB<\/p><\/div>\n<h2>Wady p\u0142yty OSB &#8211; kiedy nie s\u0105 idealnym materia\u0142em na taras?<\/h2>\n<p>Cho\u0107 taras z p\u0142yt OSB ma wiele zalet, jak wynika z powy\u017cszej listy, nie jest to niestety rozwi\u0105zanie pozbawione wad. Co przemawia za tym, aby do budowy tarasu wybra\u0107 jednak inny materia\u0142?<\/p>\n<ul>\n<li>Podatno\u015b\u0107 na warunki atmosferyczne <strong>&#8211;<\/strong> p\u0142yty OSB mog\u0105 by\u0107 podatne na dzia\u0142anie wilgoci, co prowadzi do ich p\u0119cznienia i odkszta\u0142ce\u0144. Wa\u017cne jest, aby by\u0142y one odpowiednio zabezpieczone przed wod\u0105, cho\u0107 i tak nie daje to gwarancji d\u0142ugowieczno\u015bci.<\/li>\n<li>Dzia\u0142anie czynnik\u00f3w atmosferycznych &#8211; promieniowanie UV i zmiany temperatury mog\u0105 negatywnie wp\u0142ywa\u0107 na stan p\u0142yt oraz ich trwa\u0142o\u015b\u0107 i wygl\u0105d.<\/li>\n<li>Ekspozycja na uszkodzenia mechaniczne &#8211; w por\u00f3wnaniu z innymi materia\u0142ami, OSB jest mniej odporne na uderzenia, obci\u0105\u017cenia, zarysowania oraz inne uszkodzenia mechaniczne wynikaj\u0105ce z codziennej eksploatacji.<\/li>\n<li>Obni\u017cona trwa\u0142o\u015b\u0107 &#8211; bez w\u0142a\u015bciwej ochrony, p\u0142yty OSB mog\u0105 mie\u0107 kr\u00f3tsz\u0105 \u017cywotno\u015b\u0107 w por\u00f3wnaniu do tradycyjnych desek tarasowych z drewna sosnowego lub kompozytu. Szczeg\u00f3lnie gdy taras z p\u0142yt OSB nie jest zadaszony i jego nawierzchnia jest bezpo\u015brednio wystawiona na warunki atmosferyczne.<\/li>\n<\/ul>\n<p>[[kategoria:1848:6]]<\/p>\n<h2>Jak zbudowa\u0107 taras z p\u0142yt OSB &#8211; krok po kroku<\/h2>\n<p>Wspomnieli\u015bmy ju\u017c, \u017ce zar\u00f3wno budowa, jak i wyko\u0144czenie tarasu z p\u0142yt OSB jest mo\u017cliwe, cho\u0107 zazwyczaj sprawdza si\u0119 raczej na kr\u00f3tszy czas, dora\u017anie ni\u017c jako docelowe rozwi\u0105zanie (ale nie ma regu\u0142y). Podpowiadamy, jak krok po kroku<\/p>\n<ol>\n<li><strong>Przygotowanie pod\u0142o\u017ca<\/strong> &#8211; taras nale\u017cy budowa\u0107 na stabilnym pod\u0142o\u017cu, kt\u00f3re zapewni konstrukcji stabilno\u015b\u0107 i r\u00f3wnomierne roz\u0142o\u017cenie obci\u0105\u017ce\u0144. Wa\u017cne jest, aby teren by\u0142 r\u00f3wny i oczyszczonyz korzeni czy kamieni.<\/li>\n<li><strong>Monta\u017c legar\u00f3w<\/strong> &#8211; rozstaw legar\u00f3w to podstawa (dos\u0142ownie) Twojej konstrukcji. Powinien by\u0107 dobrany w zale\u017cno\u015bci od grubo\u015bci p\u0142yt, aby zapewni\u0107 odpowiednie podparcie i zapobiec uginaniu si\u0119 powierzchni pod wp\u0142ywem obci\u0105\u017ce\u0144 (meble) i krok\u00f3w.<\/li>\n<li><strong>Uk\u0142adanie p\u0142yt OSB<\/strong> &#8211; p\u0142yty powinny by\u0107 u\u0142o\u017cone z zachowaniem szczelin dylatacyjnych, co pozwoli na naturalne rozszerzanie si\u0119 materia\u0142u pod wp\u0142ywem zmian temperatury i wilgoci.<\/li>\n<li><strong>Zabezpieczenie konstrukcji<\/strong> &#8211; przed monta\u017cem p\u0142yt nale\u017cy je zaimpregnowa\u0107, aby zwi\u0119kszy\u0107 ich odporno\u015b\u0107 na dzia\u0142anie wilgoci, promieniowania s\u0142onecznego, mroz\u00f3w itd.<\/li>\n<\/ol>\n<div style=\"width: 840px\" class=\"wp-caption alignnone\"><img loading=\"lazy\" decoding=\"async\" src=\"https:\/\/www.meblobranie.pl\/porady\/wp-content\/uploads\/2023\/02\/budowa-pergoli.jpg\" alt=\"Konstrukcja tarasu\" width=\"830\" height=\"554\" \/><p class=\"wp-caption-text\">Konstrukcja ramy tarasu musi by\u0107 wykonana z bardziej solidnego tworzywa ni\u017c OSB<\/p><\/div>\n<h2>Wyko\u0144czenie tarasu z p\u0142yt OSB &#8211; zastosowanie r\u00f3\u017cnych materia\u0142\u00f3w<\/h2>\n<p>Tak naprawd\u0119, dla Twojego poczucia estetyki, ale te\u017c codziennego komfortu znaczenie ma wyko\u0144czenie powierzchni tarasu. Je\u015bli konstrukcj\u0119 wykonujesz z p\u0142yt OSB, w\u00f3wczas mo\u017cesz zdecydowa\u0107 si\u0119 na:<\/p>\n<ul>\n<li><strong>deski tarasowe<\/strong> &#8211; drewniane lub kompozytowe deski mog\u0105 by\u0107 montowane na wierzchu p\u0142yt, tworz\u0105c eleganck\u0105, ciep\u0142\u0105 w dotyku oraz trwa\u0142\u0105 powierzchni\u0119,<\/li>\n<li><strong>p\u0142ytki ceramiczne<\/strong> &#8211; mog\u0105 by\u0107 przyklejane do p\u0142yt OSB, o ile s\u0105 one odpowiednio zabezpieczone przed wilgoci\u0105, wybieraj p\u0142yty antypo\u015blizgowe, przeznaczone do monta\u017cu zewn\u0119trznego.<\/li>\n<\/ul>\n<p>[[kategoria:30:6]]<\/p>\n<h2>Porady praktyczne \u2013 jak zwi\u0119kszy\u0107 \u017cywotno\u015b\u0107 tarasu?<\/h2>\n<p>Ostatecznie taras z p\u0142yt OSB ma szanse wypali\u0107 i okaza\u0107 si\u0119 dobrym projektem architektonicznym. Nale\u017cy pami\u0119ta\u0107 jednak o kilku rzeczach. Odpowiadamy przy okazji na najcz\u0119stsze pytania o odporno\u015b\u0107, wyb\u00f3r materia\u0142u i odpowiednie przygotowanie oraz zabezpieczenie ca\u0142ej konstrukcji.<\/p>\n<ul>\n<li><strong>Wyb\u00f3r p\u0142yt OSB<\/strong> &#8211; do budowy tarasu najlepiej sprawdzaj\u0105 si\u0119 p\u0142yty OSB-3 lub OSB-4, kt\u00f3re s\u0105 bardziej odporne na dzia\u0142anie wilgoci.<\/li>\n<li><strong>Zadaszenie<\/strong> &#8211; zadaszenie tarasu ogranicza bezpo\u015brednie dzia\u0142anie promieniowania UV i deszczu, co znacznie wyd\u0142u\u017ca jego \u017cywotno\u015b\u0107 i jest szczeg\u00f3lnie potrzebne w sytuacji, gdy pod\u0142o\u017ce jest wykonane z p\u0142yt OSB.<\/li>\n<li><strong>Odpowiednie zabezpieczenie<\/strong> &#8211; regularna impregnacja i lakierowanie zwi\u0119kszaj\u0105 odporno\u015b\u0107 p\u0142yt na dzia\u0142anie czynnik\u00f3w atmosferycznych, wyd\u0142u\u017caj\u0105c ich trwa\u0142o\u015b\u0107.<\/li>\n<li><strong>Kontrola stanu p\u0142yt<\/strong> &#8211; regularne sprawdzanie powierzchni pozwala szybko wykry\u0107 ewentualne uszkodzenia i zapobiec ich pog\u0142\u0119bianiu, np. poprzez miejscowe czyszczenie, wymian\u0119 czy napraw\u0119\/wzmocnienie kt\u00f3rego\u015b z detali konstrukcyjnych.<\/li>\n<\/ul>\n<p><strong>Zobacz<\/strong>:\u00a0<a href=\"https:\/\/www.meblobranie.pl\/porady\/pawilon-ogrodowy-na-tarasie\/\">Czy pawilon ogrodowy sprawdzi si\u0119 na tarasie?<\/a><\/p>\n<h2>Czy taras z p\u0142yt OSB to opcja dla Ciebie?<\/h2>\n<p>Taras z p\u0142yt OSB to praktyczne i ekonomiczne rozwi\u0105zanie, kt\u00f3re mo\u017cna wykona\u0107 samodzielnie. Jest to opcja dla os\u00f3b, kt\u00f3re szukaj\u0105 tymczasowej konstrukcji lub chc\u0105 szybko i tanio zyska\u0107 przestrze\u0144 do sp\u0119dzania czasu na \u015bwie\u017cym powietrzu. Przy odpowiednim zabezpieczeniu i regularnej konserwacji taras z OSB mo\u017ce s\u0142u\u017cy\u0107 przez wiele lat, oferuj\u0105c wygodne miejsce do odpoczynku, spo\u017cywania posi\u0142k\u00f3w czy hodowania ro\u015blin doniczkowych.<\/p>\n<p>Je\u015bli jednak oczekujesz maksymalnej trwa\u0142o\u015bci i odporno\u015bci na dzia\u0142anie czynnik\u00f3w zewn\u0119trznych, warto rozwa\u017cy\u0107 zastosowanie bardziej wytrzyma\u0142ych materia\u0142\u00f3w, takich jak deski kompozytowe, p\u0142yty gresowe lub drewno na powierzchni tarasu.<\/p>\n","protected":false},"excerpt":{"rendered":"<p>P\u0142yty OSB to popularny materia\u0142 budowlany, kt\u00f3ry znajduje zastosowanie w wielu projektach budowlanych, remontowych czy wyko\u0144czeniowych. S\u0142ynie ze swoich dobrych parametr\u00f3w i korzystnej ceny, dlatego mo\u017ce kusi\u0107 osoby chc\u0105ce wykona\u0107 tani i praktyczny taras. Z p\u0142yt OSB faktycznie da si\u0119 go skonstruowa\u0107, ale co z dalszym u\u017cytkowaniem? Jak p\u0142yty OSB przyczyniaj\u0105 si\u0119 do stabilno\u015bci tarasu? [&hellip;]<\/p>\n","protected":false},"author":20,"featured_media":0,"comment_status":"closed","ping_status":"closed","sticky":false,"template":"","format":"standard","meta":{"_acf_changed":false,"ngg_post_thumbnail":0,"footnotes":""},"categories":[905,6],"tags":[],"class_list":{"0":"post-45329","1":"post","2":"type-post","3":"status-publish","4":"format-standard","6":"category-ogrod","7":"category-poradnik"},"acf":[],"yoast_head":"<!-- This site is optimized with the Yoast SEO plugin v27.4 - https:\/\/yoast.com\/product\/yoast-seo-wordpress\/ -->\n<title>Taras z p\u0142yt OSB - czy takie rozwi\u0105zanie ma sens? - Porady Meblobranie.pl<\/title>\n<meta name=\"description\" content=\"Odkryj praktyczne wskaz\u00f3wki dotycz\u0105ce budowy i u\u017cytkowania tarasu z p\u0142yt OSB. Sprawd\u017a, jak stworzy\u0107 funkcjonaln\u0105 przestrze\u0144 na \u015bwie\u017cym powietrzu!\" \/>\n<meta name=\"robots\" content=\"index, follow, max-snippet:-1, max-image-preview:large, max-video-preview:-1\" \/>\n<link rel=\"canonical\" href=\"https:\/\/www.meblobranie.pl\/porady\/taras-z-plyt-osb-czy-takie-rozwiazanie-ma-sens\/\" \/>\n<meta name=\"twitter:label1\" content=\"Napisane przez\" \/>\n\t<meta name=\"twitter:data1\" content=\"Dawid z Meblobranie.pl\" \/>\n\t<meta name=\"twitter:label2\" content=\"Szacowany czas czytania\" \/>\n\t<meta name=\"twitter:data2\" content=\"7 minut\" \/>\n<script type=\"application\/ld+json\" class=\"yoast-schema-graph\">{\"@context\":\"https:\\\/\\\/schema.org\",\"@graph\":[{\"@type\":\"Article\",\"@id\":\"https:\\\/\\\/www.meblobranie.pl\\\/porady\\\/taras-z-plyt-osb-czy-takie-rozwiazanie-ma-sens\\\/#article\",\"isPartOf\":{\"@id\":\"https:\\\/\\\/www.meblobranie.pl\\\/porady\\\/taras-z-plyt-osb-czy-takie-rozwiazanie-ma-sens\\\/\"},\"author\":{\"name\":\"Dawid z Meblobranie.pl\",\"@id\":\"https:\\\/\\\/www.meblobranie.pl\\\/porady\\\/#\\\/schema\\\/person\\\/0c44214399e1752805db67863333461b\"},\"headline\":\"Taras z p\u0142yt OSB &#8211; czy takie rozwi\u0105zanie ma sens?\",\"datePublished\":\"2025-03-15T22:41:40+00:00\",\"dateModified\":\"2025-03-30T21:56:17+00:00\",\"mainEntityOfPage\":{\"@id\":\"https:\\\/\\\/www.meblobranie.pl\\\/porady\\\/taras-z-plyt-osb-czy-takie-rozwiazanie-ma-sens\\\/\"},\"wordCount\":1216,\"image\":{\"@id\":\"https:\\\/\\\/www.meblobranie.pl\\\/porady\\\/taras-z-plyt-osb-czy-takie-rozwiazanie-ma-sens\\\/#primaryimage\"},\"thumbnailUrl\":\"https:\\\/\\\/www.meblobranie.pl\\\/porady\\\/wp-content\\\/uploads\\\/2025\\\/03\\\/plyty-osb-budowa-2.jpg\",\"articleSection\":[\"Ogr\u00f3d\",\"Poradnik\"],\"inLanguage\":\"pl-PL\"},{\"@type\":\"WebPage\",\"@id\":\"https:\\\/\\\/www.meblobranie.pl\\\/porady\\\/taras-z-plyt-osb-czy-takie-rozwiazanie-ma-sens\\\/\",\"url\":\"https:\\\/\\\/www.meblobranie.pl\\\/porady\\\/taras-z-plyt-osb-czy-takie-rozwiazanie-ma-sens\\\/\",\"name\":\"Taras z p\u0142yt OSB - czy takie rozwi\u0105zanie ma sens? - Porady Meblobranie.pl\",\"isPartOf\":{\"@id\":\"https:\\\/\\\/www.meblobranie.pl\\\/porady\\\/#website\"},\"primaryImageOfPage\":{\"@id\":\"https:\\\/\\\/www.meblobranie.pl\\\/porady\\\/taras-z-plyt-osb-czy-takie-rozwiazanie-ma-sens\\\/#primaryimage\"},\"image\":{\"@id\":\"https:\\\/\\\/www.meblobranie.pl\\\/porady\\\/taras-z-plyt-osb-czy-takie-rozwiazanie-ma-sens\\\/#primaryimage\"},\"thumbnailUrl\":\"https:\\\/\\\/www.meblobranie.pl\\\/porady\\\/wp-content\\\/uploads\\\/2025\\\/03\\\/plyty-osb-budowa-2.jpg\",\"datePublished\":\"2025-03-15T22:41:40+00:00\",\"dateModified\":\"2025-03-30T21:56:17+00:00\",\"author\":{\"@id\":\"https:\\\/\\\/www.meblobranie.pl\\\/porady\\\/#\\\/schema\\\/person\\\/0c44214399e1752805db67863333461b\"},\"description\":\"Odkryj praktyczne wskaz\u00f3wki dotycz\u0105ce budowy i u\u017cytkowania tarasu z p\u0142yt OSB. Sprawd\u017a, jak stworzy\u0107 funkcjonaln\u0105 przestrze\u0144 na \u015bwie\u017cym powietrzu!\",\"breadcrumb\":{\"@id\":\"https:\\\/\\\/www.meblobranie.pl\\\/porady\\\/taras-z-plyt-osb-czy-takie-rozwiazanie-ma-sens\\\/#breadcrumb\"},\"inLanguage\":\"pl-PL\",\"potentialAction\":[{\"@type\":\"ReadAction\",\"target\":[\"https:\\\/\\\/www.meblobranie.pl\\\/porady\\\/taras-z-plyt-osb-czy-takie-rozwiazanie-ma-sens\\\/\"]}]},{\"@type\":\"ImageObject\",\"inLanguage\":\"pl-PL\",\"@id\":\"https:\\\/\\\/www.meblobranie.pl\\\/porady\\\/taras-z-plyt-osb-czy-takie-rozwiazanie-ma-sens\\\/#primaryimage\",\"url\":\"https:\\\/\\\/www.meblobranie.pl\\\/porady\\\/wp-content\\\/uploads\\\/2025\\\/03\\\/plyty-osb-budowa-2.jpg\",\"contentUrl\":\"https:\\\/\\\/www.meblobranie.pl\\\/porady\\\/wp-content\\\/uploads\\\/2025\\\/03\\\/plyty-osb-budowa-2.jpg\",\"width\":830,\"height\":554},{\"@type\":\"BreadcrumbList\",\"@id\":\"https:\\\/\\\/www.meblobranie.pl\\\/porady\\\/taras-z-plyt-osb-czy-takie-rozwiazanie-ma-sens\\\/#breadcrumb\",\"itemListElement\":[{\"@type\":\"ListItem\",\"position\":1,\"name\":\"Home\",\"item\":\"https:\\\/\\\/www.meblobranie.pl\\\/porady\\\/\"},{\"@type\":\"ListItem\",\"position\":2,\"name\":\"Taras z p\u0142yt OSB &#8211; czy takie rozwi\u0105zanie ma sens?\"}]},{\"@type\":\"WebSite\",\"@id\":\"https:\\\/\\\/www.meblobranie.pl\\\/porady\\\/#website\",\"url\":\"https:\\\/\\\/www.meblobranie.pl\\\/porady\\\/\",\"name\":\"Porady Meblobranie.pl\",\"description\":\"Blog o tarasach i ogrodach\",\"potentialAction\":[{\"@type\":\"SearchAction\",\"target\":{\"@type\":\"EntryPoint\",\"urlTemplate\":\"https:\\\/\\\/www.meblobranie.pl\\\/porady\\\/?s={search_term_string}\"},\"query-input\":{\"@type\":\"PropertyValueSpecification\",\"valueRequired\":true,\"valueName\":\"search_term_string\"}}],\"inLanguage\":\"pl-PL\"},{\"@type\":\"Person\",\"@id\":\"https:\\\/\\\/www.meblobranie.pl\\\/porady\\\/#\\\/schema\\\/person\\\/0c44214399e1752805db67863333461b\",\"name\":\"Dawid z Meblobranie.pl\",\"image\":{\"@type\":\"ImageObject\",\"inLanguage\":\"pl-PL\",\"@id\":\"https:\\\/\\\/secure.gravatar.com\\\/avatar\\\/9ede1c3924e3173d8f3ad05211531161353d772865bc4dacba314dbcd46c0fef?s=96&d=mm&r=g\",\"url\":\"https:\\\/\\\/secure.gravatar.com\\\/avatar\\\/9ede1c3924e3173d8f3ad05211531161353d772865bc4dacba314dbcd46c0fef?s=96&d=mm&r=g\",\"contentUrl\":\"https:\\\/\\\/secure.gravatar.com\\\/avatar\\\/9ede1c3924e3173d8f3ad05211531161353d772865bc4dacba314dbcd46c0fef?s=96&d=mm&r=g\",\"caption\":\"Dawid z Meblobranie.pl\"},\"description\":\"Lorem Ipsum is simply dummy text of the printing and typesetting industry. Lorem Ipsum has been the industry's standard dummy text ever since the 1500s, when an unknown printer took a galley of type and scrambled it to make a type specimen book.\"}]}<\/script>\n<!-- \/ Yoast SEO plugin. -->","yoast_head_json":{"title":"Taras z p\u0142yt OSB - czy takie rozwi\u0105zanie ma sens? - Porady Meblobranie.pl","description":"Odkryj praktyczne wskaz\u00f3wki dotycz\u0105ce budowy i u\u017cytkowania tarasu z p\u0142yt OSB. Sprawd\u017a, jak stworzy\u0107 funkcjonaln\u0105 przestrze\u0144 na \u015bwie\u017cym powietrzu!","robots":{"index":"index","follow":"follow","max-snippet":"max-snippet:-1","max-image-preview":"max-image-preview:large","max-video-preview":"max-video-preview:-1"},"canonical":"https:\/\/www.meblobranie.pl\/porady\/taras-z-plyt-osb-czy-takie-rozwiazanie-ma-sens\/","twitter_misc":{"Napisane przez":"Dawid z Meblobranie.pl","Szacowany czas czytania":"7 minut"},"schema":{"@context":"https:\/\/schema.org","@graph":[{"@type":"Article","@id":"https:\/\/www.meblobranie.pl\/porady\/taras-z-plyt-osb-czy-takie-rozwiazanie-ma-sens\/#article","isPartOf":{"@id":"https:\/\/www.meblobranie.pl\/porady\/taras-z-plyt-osb-czy-takie-rozwiazanie-ma-sens\/"},"author":{"name":"Dawid z Meblobranie.pl","@id":"https:\/\/www.meblobranie.pl\/porady\/#\/schema\/person\/0c44214399e1752805db67863333461b"},"headline":"Taras z p\u0142yt OSB &#8211; czy takie rozwi\u0105zanie ma sens?","datePublished":"2025-03-15T22:41:40+00:00","dateModified":"2025-03-30T21:56:17+00:00","mainEntityOfPage":{"@id":"https:\/\/www.meblobranie.pl\/porady\/taras-z-plyt-osb-czy-takie-rozwiazanie-ma-sens\/"},"wordCount":1216,"image":{"@id":"https:\/\/www.meblobranie.pl\/porady\/taras-z-plyt-osb-czy-takie-rozwiazanie-ma-sens\/#primaryimage"},"thumbnailUrl":"https:\/\/www.meblobranie.pl\/porady\/wp-content\/uploads\/2025\/03\/plyty-osb-budowa-2.jpg","articleSection":["Ogr\u00f3d","Poradnik"],"inLanguage":"pl-PL"},{"@type":"WebPage","@id":"https:\/\/www.meblobranie.pl\/porady\/taras-z-plyt-osb-czy-takie-rozwiazanie-ma-sens\/","url":"https:\/\/www.meblobranie.pl\/porady\/taras-z-plyt-osb-czy-takie-rozwiazanie-ma-sens\/","name":"Taras z p\u0142yt OSB - czy takie rozwi\u0105zanie ma sens? - Porady Meblobranie.pl","isPartOf":{"@id":"https:\/\/www.meblobranie.pl\/porady\/#website"},"primaryImageOfPage":{"@id":"https:\/\/www.meblobranie.pl\/porady\/taras-z-plyt-osb-czy-takie-rozwiazanie-ma-sens\/#primaryimage"},"image":{"@id":"https:\/\/www.meblobranie.pl\/porady\/taras-z-plyt-osb-czy-takie-rozwiazanie-ma-sens\/#primaryimage"},"thumbnailUrl":"https:\/\/www.meblobranie.pl\/porady\/wp-content\/uploads\/2025\/03\/plyty-osb-budowa-2.jpg","datePublished":"2025-03-15T22:41:40+00:00","dateModified":"2025-03-30T21:56:17+00:00","author":{"@id":"https:\/\/www.meblobranie.pl\/porady\/#\/schema\/person\/0c44214399e1752805db67863333461b"},"description":"Odkryj praktyczne wskaz\u00f3wki dotycz\u0105ce budowy i u\u017cytkowania tarasu z p\u0142yt OSB. Sprawd\u017a, jak stworzy\u0107 funkcjonaln\u0105 przestrze\u0144 na \u015bwie\u017cym powietrzu!","breadcrumb":{"@id":"https:\/\/www.meblobranie.pl\/porady\/taras-z-plyt-osb-czy-takie-rozwiazanie-ma-sens\/#breadcrumb"},"inLanguage":"pl-PL","potentialAction":[{"@type":"ReadAction","target":["https:\/\/www.meblobranie.pl\/porady\/taras-z-plyt-osb-czy-takie-rozwiazanie-ma-sens\/"]}]},{"@type":"ImageObject","inLanguage":"pl-PL","@id":"https:\/\/www.meblobranie.pl\/porady\/taras-z-plyt-osb-czy-takie-rozwiazanie-ma-sens\/#primaryimage","url":"https:\/\/www.meblobranie.pl\/porady\/wp-content\/uploads\/2025\/03\/plyty-osb-budowa-2.jpg","contentUrl":"https:\/\/www.meblobranie.pl\/porady\/wp-content\/uploads\/2025\/03\/plyty-osb-budowa-2.jpg","width":830,"height":554},{"@type":"BreadcrumbList","@id":"https:\/\/www.meblobranie.pl\/porady\/taras-z-plyt-osb-czy-takie-rozwiazanie-ma-sens\/#breadcrumb","itemListElement":[{"@type":"ListItem","position":1,"name":"Home","item":"https:\/\/www.meblobranie.pl\/porady\/"},{"@type":"ListItem","position":2,"name":"Taras z p\u0142yt OSB &#8211; czy takie rozwi\u0105zanie ma sens?"}]},{"@type":"WebSite","@id":"https:\/\/www.meblobranie.pl\/porady\/#website","url":"https:\/\/www.meblobranie.pl\/porady\/","name":"Porady Meblobranie.pl","description":"Blog o tarasach i ogrodach","potentialAction":[{"@type":"SearchAction","target":{"@type":"EntryPoint","urlTemplate":"https:\/\/www.meblobranie.pl\/porady\/?s={search_term_string}"},"query-input":{"@type":"PropertyValueSpecification","valueRequired":true,"valueName":"search_term_string"}}],"inLanguage":"pl-PL"},{"@type":"Person","@id":"https:\/\/www.meblobranie.pl\/porady\/#\/schema\/person\/0c44214399e1752805db67863333461b","name":"Dawid z Meblobranie.pl","image":{"@type":"ImageObject","inLanguage":"pl-PL","@id":"https:\/\/secure.gravatar.com\/avatar\/9ede1c3924e3173d8f3ad05211531161353d772865bc4dacba314dbcd46c0fef?s=96&d=mm&r=g","url":"https:\/\/secure.gravatar.com\/avatar\/9ede1c3924e3173d8f3ad05211531161353d772865bc4dacba314dbcd46c0fef?s=96&d=mm&r=g","contentUrl":"https:\/\/secure.gravatar.com\/avatar\/9ede1c3924e3173d8f3ad05211531161353d772865bc4dacba314dbcd46c0fef?s=96&d=mm&r=g","caption":"Dawid z Meblobranie.pl"},"description":"Lorem Ipsum is simply dummy text of the printing and typesetting industry. Lorem Ipsum has been the industry's standard dummy text ever since the 1500s, when an unknown printer took a galley of type and scrambled it to make a type specimen book."}]}},"_links":{"self":[{"href":"https:\/\/www.meblobranie.pl\/porady\/wp-json\/wp\/v2\/posts\/45329","targetHints":{"allow":["GET"]}}],"collection":[{"href":"https:\/\/www.meblobranie.pl\/porady\/wp-json\/wp\/v2\/posts"}],"about":[{"href":"https:\/\/www.meblobranie.pl\/porady\/wp-json\/wp\/v2\/types\/post"}],"author":[{"embeddable":true,"href":"https:\/\/www.meblobranie.pl\/porady\/wp-json\/wp\/v2\/users\/20"}],"replies":[{"embeddable":true,"href":"https:\/\/www.meblobranie.pl\/porady\/wp-json\/wp\/v2\/comments?post=45329"}],"version-history":[{"count":0,"href":"https:\/\/www.meblobranie.pl\/porady\/wp-json\/wp\/v2\/posts\/45329\/revisions"}],"wp:attachment":[{"href":"https:\/\/www.meblobranie.pl\/porady\/wp-json\/wp\/v2\/media?parent=45329"}],"wp:term":[{"taxonomy":"category","embeddable":true,"href":"https:\/\/www.meblobranie.pl\/porady\/wp-json\/wp\/v2\/categories?post=45329"},{"taxonomy":"post_tag","embeddable":true,"href":"https:\/\/www.meblobranie.pl\/porady\/wp-json\/wp\/v2\/tags?post=45329"}],"curies":[{"name":"wp","href":"https:\/\/api.w.org\/{rel}","templated":true}]}}