{"id":46062,"date":"2025-10-25T13:18:00","date_gmt":"2025-10-25T11:18:00","guid":{"rendered":"https:\/\/www.meblobranie.pl\/porady\/?p=46062"},"modified":"2026-03-29T19:47:27","modified_gmt":"2026-03-29T17:47:27","slug":"czy-garaz-blaszany-trzeba-zglaszac","status":"publish","type":"post","link":"https:\/\/www.meblobranie.pl\/porady\/czy-garaz-blaszany-trzeba-zglaszac\/","title":{"rendered":"Czy gara\u017c blaszany trzeba zg\u0142asza\u0107?"},"content":{"rendered":"\n<p>W tym artykule odpowiemy na pytanie, czy trzeba zg\u0142asza\u0107 <a href=\"https:\/\/www.meblobranie.pl\/garaze\">gara\u017ce<\/a> blaszane, a je\u015bli tak, to w jaki spos\u00f3b to zrobi\u0107. Jakie dokumenty b\u0119d\u0105 potrzebne w przypadku gara\u017cu blaszanego na zg\u0142oszenie? Jakie s\u0105 kary za niedope\u0142nienie formalno\u015bci? Czy w niekt\u00f3rych sytuacjach gara\u017c blaszany wymaga pozwolenia na budow\u0119? Postaramy si\u0119 wyczerpuj\u0105co odpowiedzie\u0107 na pytanie, czy postawienie blaszaka trzeba zg\u0142osi\u0107.<\/p>\n\n\n\n<figure class=\"wp-block-image size-full\"><img loading=\"lazy\" decoding=\"async\" width=\"830\" height=\"554\" src=\"https:\/\/www.meblobranie.pl\/porady\/wp-content\/uploads\/2022\/10\/kostka-pod-garaz-blaszany.jpg\" alt=\"Gara\u017c blaszany\" class=\"wp-image-38464\" srcset=\"https:\/\/www.meblobranie.pl\/porady\/wp-content\/uploads\/2022\/10\/kostka-pod-garaz-blaszany.jpg 830w, https:\/\/www.meblobranie.pl\/porady\/wp-content\/uploads\/2022\/10\/kostka-pod-garaz-blaszany-300x200.jpg 300w, https:\/\/www.meblobranie.pl\/porady\/wp-content\/uploads\/2022\/10\/kostka-pod-garaz-blaszany-768x513.jpg 768w\" sizes=\"auto, (max-width: 830px) 100vw, 830px\" \/><\/figure>\n\n\n\n<!--more-->\n\n\n\n\n\n\n<h2 class=\"wp-block-heading\">Czy blaszak trzeba zg\u0142asza\u0107?<\/h2>\n\n\n\n<p>Decyduj\u0105c si\u0119 na budow\u0119 jakiegokolwiek obiektu budowlanego, trzeba wiedzie\u0107, jakich formalno\u015bci nale\u017cy dope\u0142ni\u0107, aby unikn\u0105\u0107 problem\u00f3w. Czy gara\u017c blaszany wymaga pozwolenia na budow\u0119 i czy istnieje konieczno\u015b\u0107 zg\u0142oszenia zamiaru przeprowadzenia rob\u00f3t budowlanych?<\/p>\n\n\n\n<p><strong>W wi\u0119kszo\u015bci przypadk\u00f3w nie ma konieczno\u015bci uzyskiwania pozwolenia na budow\u0119 gara\u017cu blaszanego, wystarczy zg\u0142oszenie budowy. <\/strong>M\u00f3wi o tym art. 29 ust. 1 pkt 14 <em>Ustawy z dnia 7 lipca 1994 r. Prawo budowlane<\/em>:<\/p>\n\n\n\n<blockquote class=\"wp-block-quote is-layout-flow wp-block-quote-is-layout-flow\">\n<p><em>,,Nie wymaga decyzji o pozwoleniu na budow\u0119, natomiast wymaga zg\u0142oszenia, o kt\u00f3rym mowa w art. 30, budowa:<\/em><\/p>\n\n\n\n<p><em>(&#8230;) 14) wolno stoj\u0105cych:<\/em><\/p>\n\n\n\n<ul class=\"wp-block-list\">\n<li><em>a) parterowych budynk\u00f3w gospodarczych,<\/em><\/li>\n\n\n\n<li><em>b) gara\u017cy,<\/em><\/li>\n\n\n\n<li><em>c) wiat<\/em><\/li>\n<\/ul>\n\n\n\n<p><em>\u2013 o powierzchni zabudowy do 35 m\u00b2, przy czym \u0142\u0105czna liczba tych obiekt\u00f3w na dzia\u0142ce nie mo\u017ce przekracza\u0107 dw\u00f3ch na ka\u017cde 500 m\u00b2 powierzchni dzia\u0142ki;&#8221;.<\/em><\/p>\n<\/blockquote>\n\n\n\n<p><strong>W okre\u015blonych przypadkach budowa gara\u017cu blaszanego b\u0119dzie wymaga\u0142a uzyskania pozwolenia na budow\u0119<\/strong>, np. gdy jego powierzchnia zabudowy przekracza 35 m\u00b2 lub gdy \u0142\u0105czna liczba wymienionych w art. 29 ust. 1 pkt 14 prawa budowlanego obiekt\u00f3w na dzia\u0142ce przekracza dwa na ka\u017cde 500 m\u00b2 powierzchni dzia\u0142ki.<\/p>\n\n\n\n<p><strong>Oczywi\u015bcie, gara\u017c blaszany musi zosta\u0107 wybudowany w zgodzie z innymi przepisami prawa budowlanego<\/strong>, m.in. dotycz\u0105cymi minimalnych odleg\u0142o\u015bci od granicy dzia\u0142ki. Musi te\u017c spe\u0142nia\u0107 okre\u015blone warunki techniczne dotycz\u0105ce bezpiecze\u0144stwa oraz ochrony ochrony przeciwpo\u017carowej. Warto te\u017c zastanowi\u0107 si\u0119 <a href=\"https:\/\/www.meblobranie.pl\/porady\/jak-zakotwiczyc-garaz-blaszany\/\">jak zakotwiczy\u0107 gara\u017c blaszany<\/a> oraz jak <a href=\"https:\/\/www.meblobranie.pl\/porady\/jak-zlagodzic-zjazd-do-garazu\/\">z\u0142agodzi\u0107 zjazd do gara\u017cu<\/a> je\u017celi to konieczne do bezpiecznego u\u017cytkowania.<\/p>\n\n\n\n<p class=\"worth-know\"><strong>WARTO WIEDZIE\u0106<\/strong><br><br>Aby wybudowa\u0107 gara\u017c blaszany zgodnie z przepisami, nie wystarczy dostosowa\u0107 si\u0119 do wymog\u00f3w prawa budowlanego. Nale\u017cy wzi\u0105\u0107 pod uwag\u0119 tak\u017ce lokalne przepisy, a konkretnie Miejscowy Plan Zagospodarowania Przestrzennego. <\/p>\n\n\n<p>[[kategoria:1848:6]]<\/p>\n\n\n\n<h2 class=\"wp-block-heading\">Jak zg\u0142osi\u0107 gara\u017c blaszany?<\/h2>\n\n\n\n<p>Je\u015bli ju\u017c wiesz, \u017ce na Twojej dzia\u0142ce mo\u017cna postawi\u0107 gara\u017c blaszany o danych parametrach bez konieczno\u015bci uzyskania pozwolenia, co powinno by\u0107 kolejnym krokiem? Nale\u017cy dokona\u0107 zg\u0142oszenia budowy gara\u017cu blaszanego (a je\u015bli na danym terenie nie obowi\u0105zuje Miejscowy Plan Zagospodarowania Przestrzennego, to musisz jeszcze uzyska\u0107 Decyzj\u0119 o Warunkach Zabudowy).<\/p>\n\n\n\n<p><strong>Jak dokona\u0107 zg\u0142oszenia na gara\u017c blaszany? <\/strong>Trzeba wype\u0142ni\u0107 formularz zg\u0142oszenia budowy i z\u0142o\u017cy\u0107 go do w\u0142a\u015bciwego organu administracji architektoniczno-budowlanej wraz z wymaganym kompletem dokument\u00f3w. Musimy to zrobi\u0107 przed terminem rozpocz\u0119cia rob\u00f3t budowlanych, bo <strong>organ ma 21 dni od dnia dor\u0119czenia zg\u0142oszenia na wniesienie sprzeciwu<\/strong>. Je\u015bli go nie wniesie, mo\u017cna rozpocz\u0105\u0107 budow\u0119 gara\u017cu blaszanego. M\u00f3wi o tym Ustawa prawo budowlane w art. 30 ust. 5.<\/p>\n\n\n\n<p>Oczywi\u015bcie, <strong>z\u0142o\u017cenie zg\u0142oszenia budowy gara\u017cu wi\u0105\u017ce si\u0119 z kosztami<\/strong>. Stawki w 2025 r. bardzo szczeg\u00f3\u0142owo podaje portal <strong>UprawnieniaBudowlane.com:<\/strong><\/p>\n\n\n\n<blockquote class=\"wp-block-quote is-layout-flow wp-block-quote-is-layout-flow\">\n<p><em>,, 1. Op\u0142ata skarbowa za zg\u0142oszenie:<\/em><\/p>\n\n\n\n<p><em>Waha si\u0119 od 50 do 200 z\u0142, w zale\u017cno\u015bci od lokalnych przepis\u00f3w.<\/em><\/p>\n\n\n\n<ol start=\"2\" class=\"wp-block-list\">\n<li><em>Koszty dokumentacji technicznej:<\/em><\/li>\n<\/ol>\n\n\n\n<ul class=\"wp-block-list\">\n<li><em>Mapa geodezyjna: od 500 do 1500 z\u0142, w zale\u017cno\u015bci od lokalizacji i charakteru terenu.<\/em><\/li>\n\n\n\n<li><em>Projekt budowlany: koszt to 1000\u20134000 z\u0142, w zale\u017cno\u015bci od z\u0142o\u017cono\u015bci projektu.<\/em><\/li>\n<\/ul>\n\n\n\n<ol start=\"3\" class=\"wp-block-list\">\n<li><em>Dodatkowe op\u0142aty:<\/em><\/li>\n<\/ol>\n\n\n\n<ul class=\"wp-block-list\">\n<li><em>Opinie techniczne lub uzgodnienia: 200\u20131000 z\u0142.<\/em><\/li>\n\n\n\n<li><em>Koszty notarialne (je\u015bli wymagane): 200\u20131000 z\u0142.<\/em><\/li>\n<\/ul>\n\n\n\n<p><em>Podsumowanie:<\/em><\/p>\n\n\n\n<p><em>Ca\u0142kowite koszty zg\u0142oszenia gara\u017cu blaszanego wynosz\u0105 od 1000 do 5000 z\u0142, w zale\u017cno\u015bci od lokalizacji i wymaga\u0144 formalnych&#8221;.<\/em><\/p>\n<\/blockquote>\n\n\n\n<p><strong>\u0179r\u00f3d\u0142o<\/strong>: https:\/\/uprawnienia-budowlane.com\/czy-blaszak-trzeba-zglaszac-w-2025-roku\/<\/p>\n\n\n\n<p class=\"worth-know\"><strong>WARTO WIEDZIE\u0106<\/strong><br><br><a href=\"https:\/\/www.meblobranie.pl\/garaze\/material-metal\">Gara\u017ce wolnostoj\u0105ce<\/a> s\u0105 budynkami i jako takie podlegaj\u0105 opodatkowaniu. Rok 2025 przyni\u00f3s\u0142 zmiany przepis\u00f3w w zakresie opodatkowania gara\u017cy stanowi\u0105cych cz\u0119\u015b\u0107 lokalu mieszkalnego.<\/p>\n\n\n\n<figure class=\"wp-block-image size-full\"><img loading=\"lazy\" decoding=\"async\" width=\"830\" height=\"611\" src=\"https:\/\/www.meblobranie.pl\/porady\/wp-content\/uploads\/2022\/10\/garaz-blaszany-w-srdku.jpeg\" alt=\"Wn\u0119trze gara\u017cu blaszanego\" class=\"wp-image-38463\" srcset=\"https:\/\/www.meblobranie.pl\/porady\/wp-content\/uploads\/2022\/10\/garaz-blaszany-w-srdku.jpeg 830w, https:\/\/www.meblobranie.pl\/porady\/wp-content\/uploads\/2022\/10\/garaz-blaszany-w-srdku-300x221.jpeg 300w, https:\/\/www.meblobranie.pl\/porady\/wp-content\/uploads\/2022\/10\/garaz-blaszany-w-srdku-768x565.jpeg 768w\" sizes=\"auto, (max-width: 830px) 100vw, 830px\" \/><\/figure>\n\n\n\n<h2 class=\"wp-block-heading\">Gdzie zg\u0142osi\u0107 gara\u017c blaszany?<\/h2>\n\n\n\n<p>Gara\u017c wymaga zg\u0142oszenia w odpowiednim urz\u0119dzie:<\/p>\n\n\n\n<ul class=\"wp-block-list\">\n<li><strong>w starostwie powiatowym<\/strong> &#8211; w wi\u0119kszo\u015bci przypadk\u00f3w;<\/li>\n\n\n\n<li><strong>urz\u0119dzie miasta<\/strong> &#8211; je\u015bli dzia\u0142ka znajduje si\u0119 w mie\u015bcie na prawach powiatu.<\/li>\n<\/ul>\n\n\n\n<p>Niedope\u0142nienie obowi\u0105zku zg\u0142oszenia gara\u017cu mo\u017ce prowadzi\u0107 do powa\u017cnych konsekwencji prawnych. Jakie przewidziano kary? Mo\u017ce to by\u0107 (w zale\u017cno\u015bci od sytuacji):<\/p>\n\n\n\n<ul class=\"wp-block-list\">\n<li><strong>Kara grzywny<\/strong> (wysoko\u015b\u0107 kary zale\u017cy od specyfiki danej sytuacji, ale mo\u017ce wynosi\u0107 nawet kilkadziesi\u0105t tysi\u0119cy z\u0142otych).<\/li>\n\n\n\n<li><strong>Nakaz rozbi\u00f3rki gara\u017cu <\/strong>wydany przez inspektora nadzoru budowlanego.<\/li>\n\n\n\n<li><strong>Ograniczenie lub pozbawienie wolno\u015bci <\/strong>(dotyczy sytuacji, gdy samowola budowlana powoduje zagro\u017cenie dla \u017cycia lub mienia).<\/li>\n\n\n\n<li><strong>Odpowiedzialno\u015b\u0107 na gruncie prawa cywilnego <\/strong>(dotyczy przypadk\u00f3w, gdy niezg\u0142oszony gara\u017c spowodowa\u0142 szkody lub wskutek samowoli budowlanej naruszone zosta\u0142y prawa w\u0142a\u015bcicieli dzia\u0142ek s\u0105siaduj\u0105cych, np. nie zachowano minimalnych odleg\u0142o\u015bci gara\u017cu od granicy dzia\u0142ki s\u0105siada).<\/li>\n<\/ul>\n\n\n\n<p>Co w sytuacji, gdy kto\u015b postawi\u0142 na dzia\u0142ce gara\u017c blaszany, zg\u0142oszenie nie by\u0142o dokonane, ale budynek w\u0142a\u015bciwie nie narusza \u017cadnych przepis\u00f3w budowlanych i jest zgodny z Miejscowym Planem Zagospodarowania Przestrzennego?<\/p>\n\n\n\n<p><strong>Je\u015bli wcze\u015bniej nie dope\u0142niono formalno\u015bci zg\u0142oszenia gara\u017cu, mo\u017cna spr\u00f3bowa\u0107 zalegalizowa\u0107 samowol\u0119 budowlan\u0105. <\/strong>Jest to d\u0142ugotrwa\u0142y proces, kt\u00f3ry wi\u0105\u017ce si\u0119 z dokonaniem op\u0142aty legalizacyjnej. Wysoko\u015b\u0107 op\u0142aty zale\u017cy od rodzaju obiektu. Dla gara\u017cy, kt\u00f3rych powierzchnia zabudowy nie przekracza 35 m\u00b2 przewidziano op\u0142at\u0119 legalizacyjn\u0105 w wysoko\u015bci 5 000 z\u0142 (art. 49d ust. pkt 2 Ustawy prawo budowlane).<\/p>\n\n\n\n<p>Kwestie formalne i urz\u0119dowe potyczki masz ju\u017c za sob\u0105? W takim razie czas na zas\u0142u\u017con\u0105 nagrod\u0119, czyli planowanie wn\u0119trza. Zobacz nasz poradnik i dowiedz si\u0119, <a href=\"https:\/\/www.meblobranie.pl\/porady\/jak-urzadzic-garaz-w-co-go-wyposazyc\/\">jak urz\u0105dzi\u0107 gara\u017c<\/a>, by sta\u0142 si\u0119 on funkcjonaln\u0105 i uporz\u0105dkowan\u0105 przestrzeni\u0105, z kt\u00f3rej b\u0119dziesz korzysta\u0107 z przyjemno\u015bci\u0105.<\/p>\n\n\n\n<h2 class=\"wp-block-heading\">Zg\u0142oszenie blaszaka &#8211; wz\u00f3r<\/h2>\n\n\n\n<p>Gara\u017c blaszany wymaga zg\u0142oszenia na formularzu, kt\u00f3ry dostaniesz w urz\u0119dzie w\u0142a\u015bciwym ds. administracyjno-budowlanych. Bez problemu znajdziesz te\u017c wz\u00f3r takiego formularza w Internecie. Jego najwa\u017cniejszymi elementami s\u0105 m.in.:<\/p>\n\n\n\n<ul class=\"wp-block-list\">\n<li><strong>dane osoby dokonuj\u0105cej zg\u0142oszenia;<\/strong><\/li>\n\n\n\n<li><strong>szczeg\u00f3\u0142owe dane dotycz\u0105ce inwestycji;<\/strong><\/li>\n\n\n\n<li><strong>planowany termin rozpocz\u0119cia i zako\u0144czenia rob\u00f3t budowlanych;<\/strong><\/li>\n\n\n\n<li><strong>wymagane o\u015bwiadczenia;<\/strong><\/li>\n\n\n\n<li><strong>za\u0142\u0105czniki.<\/strong><\/li>\n<\/ul>\n\n\n\n<p>Do zg\u0142oszenia nale\u017cy do\u0142\u0105czy\u0107:<\/p>\n\n\n\n<ul class=\"wp-block-list\">\n<li><strong>projekt zagospodarowania dzia\u0142ki;<\/strong><\/li>\n\n\n\n<li><strong>o\u015bwiadczenie o prawie do dysponowania nieruchomo\u015bci\u0105 na cele budowlane;<\/strong><\/li>\n\n\n\n<li><strong>odpowiednie szkice dotycz\u0105ce lokalizacji gara\u017cu blaszanego na danej dzia\u0142ce;<\/strong><\/li>\n\n\n\n<li><strong>kr\u00f3tki opis techniczny projektu gara\u017cu blaszanego;<\/strong><\/li>\n\n\n\n<li><strong>wypis i wyrys z ewidencji grunt\u00f3w lub mapa sytuacyjno-wysoko\u015bciowa<\/strong> (nie zawsze wymagane);<\/li>\n\n\n\n<li><strong>ewentualnie inne dokumenty, zgodnie z obowi\u0105zuj\u0105cymi przepisami prawa lokalnego.<\/strong><\/li>\n<\/ul>\n","protected":false},"excerpt":{"rendered":"<p>W tym artykule odpowiemy na pytanie, czy trzeba zg\u0142asza\u0107 gara\u017ce blaszane, a je\u015bli tak, to w jaki spos\u00f3b to zrobi\u0107. Jakie dokumenty b\u0119d\u0105 potrzebne w przypadku gara\u017cu blaszanego na zg\u0142oszenie? Jakie s\u0105 kary za niedope\u0142nienie formalno\u015bci? Czy w niekt\u00f3rych sytuacjach gara\u017c blaszany wymaga pozwolenia na budow\u0119? Postaramy si\u0119 wyczerpuj\u0105co odpowiedzie\u0107 na pytanie, czy postawienie blaszaka [&hellip;]<\/p>\n","protected":false},"author":20,"featured_media":38464,"comment_status":"closed","ping_status":"closed","sticky":false,"template":"","format":"standard","meta":{"_acf_changed":false,"ngg_post_thumbnail":0,"footnotes":""},"categories":[6],"tags":[],"class_list":{"0":"post-46062","1":"post","2":"type-post","3":"status-publish","4":"format-standard","5":"has-post-thumbnail","7":"category-poradnik"},"acf":[],"yoast_head":"<!-- This site is optimized with the Yoast SEO plugin v27.4 - https:\/\/yoast.com\/product\/yoast-seo-wordpress\/ -->\n<title>Czy gara\u017c blaszany trzeba zg\u0142asza\u0107? - Porady Meblobranie.pl<\/title>\n<meta name=\"robots\" content=\"index, follow, max-snippet:-1, max-image-preview:large, max-video-preview:-1\" \/>\n<link rel=\"canonical\" href=\"https:\/\/www.meblobranie.pl\/porady\/czy-garaz-blaszany-trzeba-zglaszac\/\" \/>\n<meta name=\"twitter:label1\" content=\"Napisane przez\" \/>\n\t<meta name=\"twitter:data1\" content=\"Dawid z Meblobranie.pl\" \/>\n\t<meta name=\"twitter:label2\" content=\"Szacowany czas czytania\" \/>\n\t<meta name=\"twitter:data2\" content=\"6 minut\" \/>\n<script type=\"application\/ld+json\" class=\"yoast-schema-graph\">{\"@context\":\"https:\\\/\\\/schema.org\",\"@graph\":[{\"@type\":\"Article\",\"@id\":\"https:\\\/\\\/www.meblobranie.pl\\\/porady\\\/czy-garaz-blaszany-trzeba-zglaszac\\\/#article\",\"isPartOf\":{\"@id\":\"https:\\\/\\\/www.meblobranie.pl\\\/porady\\\/czy-garaz-blaszany-trzeba-zglaszac\\\/\"},\"author\":{\"name\":\"Dawid z Meblobranie.pl\",\"@id\":\"https:\\\/\\\/www.meblobranie.pl\\\/porady\\\/#\\\/schema\\\/person\\\/0c44214399e1752805db67863333461b\"},\"headline\":\"Czy gara\u017c blaszany trzeba zg\u0142asza\u0107?\",\"datePublished\":\"2025-10-25T11:18:00+00:00\",\"dateModified\":\"2026-03-29T17:47:27+00:00\",\"mainEntityOfPage\":{\"@id\":\"https:\\\/\\\/www.meblobranie.pl\\\/porady\\\/czy-garaz-blaszany-trzeba-zglaszac\\\/\"},\"wordCount\":1103,\"image\":{\"@id\":\"https:\\\/\\\/www.meblobranie.pl\\\/porady\\\/czy-garaz-blaszany-trzeba-zglaszac\\\/#primaryimage\"},\"thumbnailUrl\":\"https:\\\/\\\/www.meblobranie.pl\\\/porady\\\/wp-content\\\/uploads\\\/2022\\\/10\\\/kostka-pod-garaz-blaszany.jpg\",\"articleSection\":[\"Poradnik\"],\"inLanguage\":\"pl-PL\"},{\"@type\":\"WebPage\",\"@id\":\"https:\\\/\\\/www.meblobranie.pl\\\/porady\\\/czy-garaz-blaszany-trzeba-zglaszac\\\/\",\"url\":\"https:\\\/\\\/www.meblobranie.pl\\\/porady\\\/czy-garaz-blaszany-trzeba-zglaszac\\\/\",\"name\":\"Czy gara\u017c blaszany trzeba zg\u0142asza\u0107? - Porady Meblobranie.pl\",\"isPartOf\":{\"@id\":\"https:\\\/\\\/www.meblobranie.pl\\\/porady\\\/#website\"},\"primaryImageOfPage\":{\"@id\":\"https:\\\/\\\/www.meblobranie.pl\\\/porady\\\/czy-garaz-blaszany-trzeba-zglaszac\\\/#primaryimage\"},\"image\":{\"@id\":\"https:\\\/\\\/www.meblobranie.pl\\\/porady\\\/czy-garaz-blaszany-trzeba-zglaszac\\\/#primaryimage\"},\"thumbnailUrl\":\"https:\\\/\\\/www.meblobranie.pl\\\/porady\\\/wp-content\\\/uploads\\\/2022\\\/10\\\/kostka-pod-garaz-blaszany.jpg\",\"datePublished\":\"2025-10-25T11:18:00+00:00\",\"dateModified\":\"2026-03-29T17:47:27+00:00\",\"author\":{\"@id\":\"https:\\\/\\\/www.meblobranie.pl\\\/porady\\\/#\\\/schema\\\/person\\\/0c44214399e1752805db67863333461b\"},\"breadcrumb\":{\"@id\":\"https:\\\/\\\/www.meblobranie.pl\\\/porady\\\/czy-garaz-blaszany-trzeba-zglaszac\\\/#breadcrumb\"},\"inLanguage\":\"pl-PL\",\"potentialAction\":[{\"@type\":\"ReadAction\",\"target\":[\"https:\\\/\\\/www.meblobranie.pl\\\/porady\\\/czy-garaz-blaszany-trzeba-zglaszac\\\/\"]}]},{\"@type\":\"ImageObject\",\"inLanguage\":\"pl-PL\",\"@id\":\"https:\\\/\\\/www.meblobranie.pl\\\/porady\\\/czy-garaz-blaszany-trzeba-zglaszac\\\/#primaryimage\",\"url\":\"https:\\\/\\\/www.meblobranie.pl\\\/porady\\\/wp-content\\\/uploads\\\/2022\\\/10\\\/kostka-pod-garaz-blaszany.jpg\",\"contentUrl\":\"https:\\\/\\\/www.meblobranie.pl\\\/porady\\\/wp-content\\\/uploads\\\/2022\\\/10\\\/kostka-pod-garaz-blaszany.jpg\",\"width\":830,\"height\":554,\"caption\":\"Kostka brukowa pod gara\u017cem blaszanym\"},{\"@type\":\"BreadcrumbList\",\"@id\":\"https:\\\/\\\/www.meblobranie.pl\\\/porady\\\/czy-garaz-blaszany-trzeba-zglaszac\\\/#breadcrumb\",\"itemListElement\":[{\"@type\":\"ListItem\",\"position\":1,\"name\":\"Home\",\"item\":\"https:\\\/\\\/www.meblobranie.pl\\\/porady\\\/\"},{\"@type\":\"ListItem\",\"position\":2,\"name\":\"Czy gara\u017c blaszany trzeba zg\u0142asza\u0107?\"}]},{\"@type\":\"WebSite\",\"@id\":\"https:\\\/\\\/www.meblobranie.pl\\\/porady\\\/#website\",\"url\":\"https:\\\/\\\/www.meblobranie.pl\\\/porady\\\/\",\"name\":\"Porady Meblobranie.pl\",\"description\":\"Blog o tarasach i ogrodach\",\"potentialAction\":[{\"@type\":\"SearchAction\",\"target\":{\"@type\":\"EntryPoint\",\"urlTemplate\":\"https:\\\/\\\/www.meblobranie.pl\\\/porady\\\/?s={search_term_string}\"},\"query-input\":{\"@type\":\"PropertyValueSpecification\",\"valueRequired\":true,\"valueName\":\"search_term_string\"}}],\"inLanguage\":\"pl-PL\"},{\"@type\":\"Person\",\"@id\":\"https:\\\/\\\/www.meblobranie.pl\\\/porady\\\/#\\\/schema\\\/person\\\/0c44214399e1752805db67863333461b\",\"name\":\"Dawid z Meblobranie.pl\",\"image\":{\"@type\":\"ImageObject\",\"inLanguage\":\"pl-PL\",\"@id\":\"https:\\\/\\\/secure.gravatar.com\\\/avatar\\\/9ede1c3924e3173d8f3ad05211531161353d772865bc4dacba314dbcd46c0fef?s=96&d=mm&r=g\",\"url\":\"https:\\\/\\\/secure.gravatar.com\\\/avatar\\\/9ede1c3924e3173d8f3ad05211531161353d772865bc4dacba314dbcd46c0fef?s=96&d=mm&r=g\",\"contentUrl\":\"https:\\\/\\\/secure.gravatar.com\\\/avatar\\\/9ede1c3924e3173d8f3ad05211531161353d772865bc4dacba314dbcd46c0fef?s=96&d=mm&r=g\",\"caption\":\"Dawid z Meblobranie.pl\"},\"description\":\"Lorem Ipsum is simply dummy text of the printing and typesetting industry. Lorem Ipsum has been the industry's standard dummy text ever since the 1500s, when an unknown printer took a galley of type and scrambled it to make a type specimen book.\"}]}<\/script>\n<!-- \/ Yoast SEO plugin. -->","yoast_head_json":{"title":"Czy gara\u017c blaszany trzeba zg\u0142asza\u0107? - Porady Meblobranie.pl","robots":{"index":"index","follow":"follow","max-snippet":"max-snippet:-1","max-image-preview":"max-image-preview:large","max-video-preview":"max-video-preview:-1"},"canonical":"https:\/\/www.meblobranie.pl\/porady\/czy-garaz-blaszany-trzeba-zglaszac\/","twitter_misc":{"Napisane przez":"Dawid z Meblobranie.pl","Szacowany czas czytania":"6 minut"},"schema":{"@context":"https:\/\/schema.org","@graph":[{"@type":"Article","@id":"https:\/\/www.meblobranie.pl\/porady\/czy-garaz-blaszany-trzeba-zglaszac\/#article","isPartOf":{"@id":"https:\/\/www.meblobranie.pl\/porady\/czy-garaz-blaszany-trzeba-zglaszac\/"},"author":{"name":"Dawid z Meblobranie.pl","@id":"https:\/\/www.meblobranie.pl\/porady\/#\/schema\/person\/0c44214399e1752805db67863333461b"},"headline":"Czy gara\u017c blaszany trzeba zg\u0142asza\u0107?","datePublished":"2025-10-25T11:18:00+00:00","dateModified":"2026-03-29T17:47:27+00:00","mainEntityOfPage":{"@id":"https:\/\/www.meblobranie.pl\/porady\/czy-garaz-blaszany-trzeba-zglaszac\/"},"wordCount":1103,"image":{"@id":"https:\/\/www.meblobranie.pl\/porady\/czy-garaz-blaszany-trzeba-zglaszac\/#primaryimage"},"thumbnailUrl":"https:\/\/www.meblobranie.pl\/porady\/wp-content\/uploads\/2022\/10\/kostka-pod-garaz-blaszany.jpg","articleSection":["Poradnik"],"inLanguage":"pl-PL"},{"@type":"WebPage","@id":"https:\/\/www.meblobranie.pl\/porady\/czy-garaz-blaszany-trzeba-zglaszac\/","url":"https:\/\/www.meblobranie.pl\/porady\/czy-garaz-blaszany-trzeba-zglaszac\/","name":"Czy gara\u017c blaszany trzeba zg\u0142asza\u0107? - Porady Meblobranie.pl","isPartOf":{"@id":"https:\/\/www.meblobranie.pl\/porady\/#website"},"primaryImageOfPage":{"@id":"https:\/\/www.meblobranie.pl\/porady\/czy-garaz-blaszany-trzeba-zglaszac\/#primaryimage"},"image":{"@id":"https:\/\/www.meblobranie.pl\/porady\/czy-garaz-blaszany-trzeba-zglaszac\/#primaryimage"},"thumbnailUrl":"https:\/\/www.meblobranie.pl\/porady\/wp-content\/uploads\/2022\/10\/kostka-pod-garaz-blaszany.jpg","datePublished":"2025-10-25T11:18:00+00:00","dateModified":"2026-03-29T17:47:27+00:00","author":{"@id":"https:\/\/www.meblobranie.pl\/porady\/#\/schema\/person\/0c44214399e1752805db67863333461b"},"breadcrumb":{"@id":"https:\/\/www.meblobranie.pl\/porady\/czy-garaz-blaszany-trzeba-zglaszac\/#breadcrumb"},"inLanguage":"pl-PL","potentialAction":[{"@type":"ReadAction","target":["https:\/\/www.meblobranie.pl\/porady\/czy-garaz-blaszany-trzeba-zglaszac\/"]}]},{"@type":"ImageObject","inLanguage":"pl-PL","@id":"https:\/\/www.meblobranie.pl\/porady\/czy-garaz-blaszany-trzeba-zglaszac\/#primaryimage","url":"https:\/\/www.meblobranie.pl\/porady\/wp-content\/uploads\/2022\/10\/kostka-pod-garaz-blaszany.jpg","contentUrl":"https:\/\/www.meblobranie.pl\/porady\/wp-content\/uploads\/2022\/10\/kostka-pod-garaz-blaszany.jpg","width":830,"height":554,"caption":"Kostka brukowa pod gara\u017cem blaszanym"},{"@type":"BreadcrumbList","@id":"https:\/\/www.meblobranie.pl\/porady\/czy-garaz-blaszany-trzeba-zglaszac\/#breadcrumb","itemListElement":[{"@type":"ListItem","position":1,"name":"Home","item":"https:\/\/www.meblobranie.pl\/porady\/"},{"@type":"ListItem","position":2,"name":"Czy gara\u017c blaszany trzeba zg\u0142asza\u0107?"}]},{"@type":"WebSite","@id":"https:\/\/www.meblobranie.pl\/porady\/#website","url":"https:\/\/www.meblobranie.pl\/porady\/","name":"Porady Meblobranie.pl","description":"Blog o tarasach i ogrodach","potentialAction":[{"@type":"SearchAction","target":{"@type":"EntryPoint","urlTemplate":"https:\/\/www.meblobranie.pl\/porady\/?s={search_term_string}"},"query-input":{"@type":"PropertyValueSpecification","valueRequired":true,"valueName":"search_term_string"}}],"inLanguage":"pl-PL"},{"@type":"Person","@id":"https:\/\/www.meblobranie.pl\/porady\/#\/schema\/person\/0c44214399e1752805db67863333461b","name":"Dawid z Meblobranie.pl","image":{"@type":"ImageObject","inLanguage":"pl-PL","@id":"https:\/\/secure.gravatar.com\/avatar\/9ede1c3924e3173d8f3ad05211531161353d772865bc4dacba314dbcd46c0fef?s=96&d=mm&r=g","url":"https:\/\/secure.gravatar.com\/avatar\/9ede1c3924e3173d8f3ad05211531161353d772865bc4dacba314dbcd46c0fef?s=96&d=mm&r=g","contentUrl":"https:\/\/secure.gravatar.com\/avatar\/9ede1c3924e3173d8f3ad05211531161353d772865bc4dacba314dbcd46c0fef?s=96&d=mm&r=g","caption":"Dawid z Meblobranie.pl"},"description":"Lorem Ipsum is simply dummy text of the printing and typesetting industry. Lorem Ipsum has been the industry's standard dummy text ever since the 1500s, when an unknown printer took a galley of type and scrambled it to make a type specimen book."}]}},"_links":{"self":[{"href":"https:\/\/www.meblobranie.pl\/porady\/wp-json\/wp\/v2\/posts\/46062","targetHints":{"allow":["GET"]}}],"collection":[{"href":"https:\/\/www.meblobranie.pl\/porady\/wp-json\/wp\/v2\/posts"}],"about":[{"href":"https:\/\/www.meblobranie.pl\/porady\/wp-json\/wp\/v2\/types\/post"}],"author":[{"embeddable":true,"href":"https:\/\/www.meblobranie.pl\/porady\/wp-json\/wp\/v2\/users\/20"}],"replies":[{"embeddable":true,"href":"https:\/\/www.meblobranie.pl\/porady\/wp-json\/wp\/v2\/comments?post=46062"}],"version-history":[{"count":3,"href":"https:\/\/www.meblobranie.pl\/porady\/wp-json\/wp\/v2\/posts\/46062\/revisions"}],"predecessor-version":[{"id":46463,"href":"https:\/\/www.meblobranie.pl\/porady\/wp-json\/wp\/v2\/posts\/46062\/revisions\/46463"}],"wp:featuredmedia":[{"embeddable":true,"href":"https:\/\/www.meblobranie.pl\/porady\/wp-json\/wp\/v2\/media\/38464"}],"wp:attachment":[{"href":"https:\/\/www.meblobranie.pl\/porady\/wp-json\/wp\/v2\/media?parent=46062"}],"wp:term":[{"taxonomy":"category","embeddable":true,"href":"https:\/\/www.meblobranie.pl\/porady\/wp-json\/wp\/v2\/categories?post=46062"},{"taxonomy":"post_tag","embeddable":true,"href":"https:\/\/www.meblobranie.pl\/porady\/wp-json\/wp\/v2\/tags?post=46062"}],"curies":[{"name":"wp","href":"https:\/\/api.w.org\/{rel}","templated":true}]}}