{"id":8593,"date":"2016-08-12T13:16:15","date_gmt":"2016-08-12T11:16:15","guid":{"rendered":"http:\/\/www.meblobranie.pl\/porady\/?p=8593"},"modified":"2023-06-22T15:44:42","modified_gmt":"2023-06-22T13:44:42","slug":"montaz-mebli-allibert-california-2","status":"publish","type":"post","link":"https:\/\/www.meblobranie.pl\/porady\/montaz-mebli-allibert-california-2\/","title":{"rendered":"Allibert California 2 &#8211; jak z\u0142o\u017cy\u0142em meble ogrodowe"},"content":{"rendered":"<p>Pami\u0119tacie nasz tekst o <a href=\"https:\/\/www.meblobranie.pl\/porady\/montaz-skrzyni-keter-brushwood\/\">monta\u017cu skrzyni Keter Brushwood<\/a>? Nasza redakcyjna kole\u017canka udowodni\u0142a w nim, \u017ce monta\u017c <a href=\"\/skrzynie-ogrodowe-na-taras\">skrzyni ogrodowej<\/a> jest bardzo prosty i ka\u017cdy sobie z nim poradzi, wystarczy wykona\u0107 wszystko zgodnie z instrukcj\u0105. Natchniony jej tekstem, <strong>postanowi\u0142em przygotowa\u0107 dla Was instrukta\u017c &#8211; czy te\u017c relacj\u0119 &#8211; z moich zmaga\u0144 z zestawem Allibert California 2<\/strong>. Mam nadziej\u0119, \u017ce tekst oka\u017ce si\u0119 pomocny i przyda si\u0119, kiedy sami b\u0119dziecie si\u0119 zabiera\u0107 za montowanie zestawu ogrodowego.<\/p>\n<p><img loading=\"lazy\" decoding=\"async\" class=\"wp-image-8662 size-full aligncenter\" src=\"https:\/\/www.meblobranie.pl\/porady\/wp-content\/uploads\/2016\/08\/allibert-california-2.jpg\" alt=\"Zestaw Allibert California 2\" width=\"680\" height=\"479\" srcset=\"https:\/\/www.meblobranie.pl\/porady\/wp-content\/uploads\/2016\/08\/allibert-california-2.jpg 680w, https:\/\/www.meblobranie.pl\/porady\/wp-content\/uploads\/2016\/08\/allibert-california-2-300x211.jpg 300w\" sizes=\"auto, (max-width: 680px) 100vw, 680px\" \/><!--more--><\/p>\n<h2><a href=\"\/zestawy-ogrodowe\">Zestaw ogrodowy<\/a> Allibert California 2<\/h2>\n<p>Wybra\u0142em do mojego ogrodu komplet Allibert California 2 w odcieniach cappuccino i czekolady. Kolorystyk\u0119 nie do ko\u0144ca sam wybra\u0142em (ma\u0142\u017conka mia\u0142a tu ostatnie s\u0142owo), ale <strong>wyb\u00f3r zestawu California 2 by\u0142 jak najbardziej \u015bwiadomy<\/strong>. Zestaw California 2 produkowany jest w Holandii przez sprawdzon\u0105 <a href=\"\/allibert-meble-ogrodowe\">mark\u0119 Allibert<\/a>, mia\u0142em wi\u0119c pewno\u015b\u0107, \u017ce komplet b\u0119dzie wysokiej jako\u015bci, a w razie ewentualnych brak\u00f3w, uszkodze\u0144 czy innych problem\u00f3w sprawa reklamacji zostanie szybko za\u0142atwiona. Obszerne rozmiary mebli ogrodowych i ich masywny wygl\u0105d r\u00f3wnie\u017c by\u0142y atutem. Wymiary zestawu ogrodowego sprawdzi\u0142em wcze\u015bniej przed zakupem &#8211; wszystko wydawa\u0142o si\u0119 idealnie pasowa\u0107 do przeznaczonego miejsca.<\/p>\n<p class=\"Standard\"><b><span style=\"color: maroon;\">[[kategoria:2002:6]]<\/span><\/b><\/p>\n<h2>Dostawa i sprawdzanie stanu paczek<\/h2>\n<p style=\"text-align: center;\"><img loading=\"lazy\" decoding=\"async\" class=\"alignnone wp-image-8641 size-full\" src=\"https:\/\/www.meblobranie.pl\/porady\/wp-content\/uploads\/2016\/08\/paczki.jpg\" alt=\"paczki z fotelami i sof\u0105 Allibert California 2\" width=\"337\" height=\"253\" srcset=\"https:\/\/www.meblobranie.pl\/porady\/wp-content\/uploads\/2016\/08\/paczki.jpg 337w, https:\/\/www.meblobranie.pl\/porady\/wp-content\/uploads\/2016\/08\/paczki-300x225.jpg 300w\" sizes=\"auto, (max-width: 337px) 100vw, 337px\" \/> <img loading=\"lazy\" decoding=\"async\" class=\"alignnone wp-image-8640 size-full\" src=\"https:\/\/www.meblobranie.pl\/porady\/wp-content\/uploads\/2016\/08\/paczka.jpg\" alt=\"paczka ze sto\u0142em Allibert California 2\" width=\"337\" height=\"253\" srcset=\"https:\/\/www.meblobranie.pl\/porady\/wp-content\/uploads\/2016\/08\/paczka.jpg 337w, https:\/\/www.meblobranie.pl\/porady\/wp-content\/uploads\/2016\/08\/paczka-300x225.jpg 300w\" sizes=\"auto, (max-width: 337px) 100vw, 337px\" \/><\/p>\n<p>Zestaw ogrodowy przyjecha\u0142 do mnie na palecie. Znajdowa\u0142y si\u0119 na niej trzy pude\u0142ka: z sof\u0105 ogrodow\u0105, dwoma fotelami na taras i niskim stolikiem kawowym. Paczki nie wygl\u0105da\u0142y na uszkodzone, wi\u0119c podpisa\u0142em odbi\u00f3r i przenios\u0142em meble do ogr\u00f3dka. Otworzy\u0142em paczki.<\/p>\n<p><img loading=\"lazy\" decoding=\"async\" class=\"wp-image-8599 size-full aligncenter\" title=\"Wn\u0119trze paczki z meblami California 2\" src=\"https:\/\/www.meblobranie.pl\/porady\/wp-content\/uploads\/2016\/08\/IMG_1457-e1470996234584.jpg\" alt=\"Wn\u0119trze paczki z meblami California 2\" width=\"680\" height=\"510\" srcset=\"https:\/\/www.meblobranie.pl\/porady\/wp-content\/uploads\/2016\/08\/IMG_1457-e1470996234584.jpg 680w, https:\/\/www.meblobranie.pl\/porady\/wp-content\/uploads\/2016\/08\/IMG_1457-e1470996234584-300x225.jpg 300w\" sizes=\"auto, (max-width: 680px) 100vw, 680px\" \/><\/p>\n<p>Wewn\u0105trz wszystko by\u0142o \u0142adnie u\u0142o\u017cone, zabezpieczone styropianem, paskami itp. Wygl\u0105da\u0142o to na solidne zabezpieczenie, odpowiednie na czas transportu.<\/p>\n<p><img loading=\"lazy\" decoding=\"async\" class=\"wp-image-8600 size-full aligncenter\" title=\"Wygl\u0105d imituj\u0105cej rattan struktury mebli California 2\" src=\"https:\/\/www.meblobranie.pl\/porady\/wp-content\/uploads\/2016\/08\/IMG_1462-e1470996330899.jpg\" alt=\"Wygl\u0105d imituj\u0105cej rattan struktury mebli California 2\" width=\"680\" height=\"510\" srcset=\"https:\/\/www.meblobranie.pl\/porady\/wp-content\/uploads\/2016\/08\/IMG_1462-e1470996330899.jpg 680w, https:\/\/www.meblobranie.pl\/porady\/wp-content\/uploads\/2016\/08\/IMG_1462-e1470996330899-300x225.jpg 300w\" sizes=\"auto, (max-width: 680px) 100vw, 680px\" \/><\/p>\n<p>Po otwarciu paczek ma\u0142\u017conka zacz\u0119\u0142a zachwyca\u0107 si\u0119 przypominaj\u0105c\u0105 rattan struktur\u0105 mebli i ich kolorystyk\u0105. Wcze\u015bniej mia\u0142a powa\u017cne w\u0105tpliwo\u015bci, czy zestaw b\u0119dzie wygl\u0105da\u0107 jak na zdj\u0119ciach. Na moje szcz\u0119\u015bcie okaza\u0142o si\u0119, \u017ce wygl\u0105da lepiej :)<\/p>\n<p><b><span style=\"color: maroon;\">[[kategoria:1849:6]]<\/span><\/b><\/p>\n<h2>Monta\u017c kompletu ogrodowego Allibert California 2<\/h2>\n<p>Wyj\u0119li\u015bmy z pude\u0142ek styropian, u\u0142o\u017cyli\u015bmy cz\u0119\u015bci na trawniku i zabrali\u015bmy si\u0119 za szukanie instrukcji.<\/p>\n<p><img loading=\"lazy\" decoding=\"async\" class=\"wp-image-8601 size-full aligncenter\" title=\"Poszczeg\u00f3lne elementy u\u0142o\u017cone w dostarczonej paczce\" src=\"https:\/\/www.meblobranie.pl\/porady\/wp-content\/uploads\/2016\/08\/IMG_1465-e1470996378953.jpg\" alt=\"Poszczeg\u00f3lne elementy u\u0142o\u017cone w dostarczonej paczce\" width=\"680\" height=\"510\" srcset=\"https:\/\/www.meblobranie.pl\/porady\/wp-content\/uploads\/2016\/08\/IMG_1465-e1470996378953.jpg 680w, https:\/\/www.meblobranie.pl\/porady\/wp-content\/uploads\/2016\/08\/IMG_1465-e1470996378953-300x225.jpg 300w\" sizes=\"auto, (max-width: 680px) 100vw, 680px\" \/><\/p>\n<p>Na wierzchu le\u017ca\u0142y po\u0142\u0105czone dw\u00f3jkami wi\u0119ksze fragmenty mebli &#8211; pod spodem by\u0142y poduszki, czasem inne elementy mebli.<\/p>\n<p style=\"text-align: center;\"><img loading=\"lazy\" decoding=\"async\" class=\"alignnone wp-image-8602 size-full\" title=\"Wn\u0119trze paczki Allibert California 2\" src=\"\/\/www.meblobranie.pl\/porady\/wp-content\/uploads\/2016\/08\/IMG_1468-e1470996428851.jpg\" alt=\"Wn\u0119trze paczki Allibert California 2\" width=\"337\" height=\"253\" srcset=\"https:\/\/www.meblobranie.pl\/porady\/wp-content\/uploads\/2016\/08\/IMG_1468-e1470996428851.jpg 337w, https:\/\/www.meblobranie.pl\/porady\/wp-content\/uploads\/2016\/08\/IMG_1468-e1470996428851-300x225.jpg 300w\" sizes=\"auto, (max-width: 337px) 100vw, 337px\" \/> <img loading=\"lazy\" decoding=\"async\" class=\"alignnone wp-image-8603 size-full\" title=\"Wn\u0119trze paczki Allibert California 2\" src=\"\/\/www.meblobranie.pl\/porady\/wp-content\/uploads\/2016\/08\/IMG_1470-e1470996470847.jpg\" alt=\"Wn\u0119trze paczki Allibert California 2\" width=\"337\" height=\"253\" srcset=\"https:\/\/www.meblobranie.pl\/porady\/wp-content\/uploads\/2016\/08\/IMG_1470-e1470996470847.jpg 337w, https:\/\/www.meblobranie.pl\/porady\/wp-content\/uploads\/2016\/08\/IMG_1470-e1470996470847-300x225.jpg 300w\" sizes=\"auto, (max-width: 337px) 100vw, 337px\" \/><\/p>\n<p>Poduszki w paczkach by\u0142y fabrycznie zafoliowane. Sprawdzili\u015bmy poszczeg\u00f3lne elementy foteli i sofy &#8211; wszystko wydawa\u0142o si\u0119 r\u00f3wne i symetryczne.<\/p>\n<p><img loading=\"lazy\" decoding=\"async\" class=\"wp-image-8604 size-full aligncenter\" title=\"Sprawdzanie zawarto\u015bci paczek - wszystkie elementy s\u0105 na miejscu\" src=\"https:\/\/www.meblobranie.pl\/porady\/wp-content\/uploads\/2016\/08\/IMG_1471-e1470996501187.jpg\" alt=\"cz\u0119\u015bci zestawu ogrodowego Allibert California 2\" width=\"680\" height=\"510\" srcset=\"https:\/\/www.meblobranie.pl\/porady\/wp-content\/uploads\/2016\/08\/IMG_1471-e1470996501187.jpg 680w, https:\/\/www.meblobranie.pl\/porady\/wp-content\/uploads\/2016\/08\/IMG_1471-e1470996501187-300x225.jpg 300w\" sizes=\"auto, (max-width: 680px) 100vw, 680px\" \/><\/p>\n<p>Sprawdzili\u015bmy dok\u0142adnie czy nic nie brakuje i zabrali\u015bmy si\u0119 za monta\u017c.<\/p>\n<p><b><span style=\"color: maroon;\">[[kategoria:30:6]]<\/span><\/b><\/p>\n<h3>Na pocz\u0105tek stolik California<\/h3>\n<p><img loading=\"lazy\" decoding=\"async\" class=\"wp-image-8605 size-full aligncenter\" title=\"Elementy potrzebne do z\u0142o\u017cenia stolika California 2\" src=\"\/\/www.meblobranie.pl\/porady\/wp-content\/uploads\/2016\/08\/IMG_1475-e1470996563136.jpg\" alt=\"Elementy potrzebne do z\u0142o\u017cenia stolika California 2\" width=\"680\" height=\"510\" srcset=\"https:\/\/www.meblobranie.pl\/porady\/wp-content\/uploads\/2016\/08\/IMG_1475-e1470996563136.jpg 680w, https:\/\/www.meblobranie.pl\/porady\/wp-content\/uploads\/2016\/08\/IMG_1475-e1470996563136-300x225.jpg 300w\" sizes=\"auto, (max-width: 680px) 100vw, 680px\" \/><\/p>\n<p>Na pierwszy ogie\u0144 poszed\u0142 <a href=\"\/stoliki-kawowe\">stolik<\/a>. Poszczeg\u00f3lne elementy wchodz\u0105 na wcisk. Najpierw trzeba po\u0142\u0105czy\u0107 boczki i podstaw\u0119.<\/p>\n<p style=\"text-align: center;\"><img loading=\"lazy\" decoding=\"async\" class=\"alignnone wp-image-8606 size-full\" title=\"\u0141\u0105czenie boczk\u00f3w stolika Allibert California 2\" src=\"\/\/www.meblobranie.pl\/porady\/wp-content\/uploads\/2016\/08\/IMG_1476-e1470997093159.jpg\" alt=\"\u0141\u0105czenie boczk\u00f3w stolika Allibert California 2\" width=\"223\" height=\"167\"> <img loading=\"lazy\" decoding=\"async\" class=\"alignnone wp-image-8607 size-full\" title=\"\u0141\u0105czenie boczk\u00f3w stolika Allibert California 2 z dnem\" src=\"https:\/\/www.meblobranie.pl\/porady\/wp-content\/uploads\/2016\/08\/IMG_1480-e1470997134671.jpg\" alt=\"\u0141\u0105czenie boczk\u00f3w stolika Allibert California 2 z dnem\" width=\"223\" height=\"167\"> <img loading=\"lazy\" decoding=\"async\" class=\"alignnone wp-image-8608 size-full\" title=\"Dno i boczki stolika Allibert California 2\" src=\"\/\/www.meblobranie.pl\/porady\/wp-content\/uploads\/2016\/08\/IMG_1482-e1470997166265.jpg\" alt=\"Dno i boczki stolika Allibert California 2\" width=\"223\" height=\"167\"><\/p>\n<p>Potem dodajemy n\u00f3\u017cki, a na koniec nak\u0142adamy na wierzch blat. Stolik gotowy!<\/p>\n<p style=\"text-align: center;\"><img loading=\"lazy\" decoding=\"async\" class=\"alignnone wp-image-8609 size-full\" title=\"Wk\u0142adanie stopek w nogi sto\u0142u\" src=\"\/\/www.meblobranie.pl\/porady\/wp-content\/uploads\/2016\/08\/IMG_1484-e1470996607691.jpg\" alt=\"Wk\u0142adanie stopek w nogi sto\u0142u\" width=\"337\" height=\"253\" srcset=\"https:\/\/www.meblobranie.pl\/porady\/wp-content\/uploads\/2016\/08\/IMG_1484-e1470996607691.jpg 337w, https:\/\/www.meblobranie.pl\/porady\/wp-content\/uploads\/2016\/08\/IMG_1484-e1470996607691-300x225.jpg 300w\" sizes=\"auto, (max-width: 337px) 100vw, 337px\" \/> <img loading=\"lazy\" decoding=\"async\" class=\"alignnone wp-image-8610 size-full\" title=\"Stolik California 2 po z\u0142o\u017ceniu\" src=\"\/\/www.meblobranie.pl\/porady\/wp-content\/uploads\/2016\/08\/IMG_1486-e1470996808773.jpg\" alt=\"Stolik California 2 po z\u0142o\u017ceniu\" width=\"337\" height=\"253\" srcset=\"https:\/\/www.meblobranie.pl\/porady\/wp-content\/uploads\/2016\/08\/IMG_1486-e1470996808773.jpg 337w, https:\/\/www.meblobranie.pl\/porady\/wp-content\/uploads\/2016\/08\/IMG_1486-e1470996808773-300x225.jpg 300w\" sizes=\"auto, (max-width: 337px) 100vw, 337px\" \/><\/p>\n<h3>Montujemy fotele Allibert California<\/h3>\n<p><img loading=\"lazy\" decoding=\"async\" class=\"wp-image-8611 size-full aligncenter\" title=\"Elementy potrzebne do monta\u017cu fotela\" src=\"\/\/www.meblobranie.pl\/porady\/wp-content\/uploads\/2016\/08\/IMG_1489-e1470997214270.jpg\" alt=\"Elementy potrzebne do monta\u017cu fotela\" width=\"680\" height=\"510\" srcset=\"https:\/\/www.meblobranie.pl\/porady\/wp-content\/uploads\/2016\/08\/IMG_1489-e1470997214270.jpg 680w, https:\/\/www.meblobranie.pl\/porady\/wp-content\/uploads\/2016\/08\/IMG_1489-e1470997214270-300x225.jpg 300w\" sizes=\"auto, (max-width: 680px) 100vw, 680px\" \/><\/p>\n<p><a href=\"https:\/\/www.meblobranie.pl\/krzesla\">Krzes\u0142o<\/a> wyda\u0142o nam si\u0119 nieco bardziej skomplikowane, ale nie mieli\u015bmy z nim problem\u00f3w.<\/p>\n<p style=\"text-align: center;\"><img loading=\"lazy\" decoding=\"async\" class=\"alignnone wp-image-8612 size-full\" title=\"Mocowanie wk\u0142adek gwintowanych w fotelu\" src=\"\/\/www.meblobranie.pl\/porady\/wp-content\/uploads\/2016\/08\/IMG_1491-e1470997472759.jpg\" alt=\"Mocowanie wk\u0142adek gwintowanych w fotelu\" width=\"337\" height=\"253\" srcset=\"https:\/\/www.meblobranie.pl\/porady\/wp-content\/uploads\/2016\/08\/IMG_1491-e1470997472759.jpg 337w, https:\/\/www.meblobranie.pl\/porady\/wp-content\/uploads\/2016\/08\/IMG_1491-e1470997472759-300x225.jpg 300w\" sizes=\"auto, (max-width: 337px) 100vw, 337px\" \/> <img loading=\"lazy\" decoding=\"async\" class=\"alignnone wp-image-8613 size-full\" title=\"Mocowanie wk\u0142adek gwintowanych w fotelu\" src=\"\/\/www.meblobranie.pl\/porady\/wp-content\/uploads\/2016\/08\/IMG_1492-e1470997511480.jpg\" alt=\"Mocowanie wk\u0142adek gwintowanych w fotelu\" width=\"337\" height=\"253\" srcset=\"https:\/\/www.meblobranie.pl\/porady\/wp-content\/uploads\/2016\/08\/IMG_1492-e1470997511480.jpg 337w, https:\/\/www.meblobranie.pl\/porady\/wp-content\/uploads\/2016\/08\/IMG_1492-e1470997511480-300x225.jpg 300w\" sizes=\"auto, (max-width: 337px) 100vw, 337px\" \/><\/p>\n<p>W pierwszej kolejno\u015bci trzeba by\u0142o w\u0142o\u017cy\u0107 w przeznaczone do tego miejsca czarne wk\u0142adki gwintowane, umo\u017cliwiaj\u0105ce p\u00f3\u017aniejsze skr\u0119cenie. Powinny zaskakiwa\u0107 na \u201eclick\u201d, ale nie zawsze si\u0119 to dzieje. Czasem trzeba docisn\u0105\u0107 mocniej, a czasem po prostu zaskakuj\u0105 bez d\u017awi\u0119ku.<\/p>\n<p style=\"text-align: center;\"><img loading=\"lazy\" decoding=\"async\" class=\"alignnone wp-image-8614 size-full\" title=\"Mocowanie n\u00f3\u017cek w fotelu Allibert California\" src=\"\/\/www.meblobranie.pl\/porady\/wp-content\/uploads\/2016\/08\/IMG_1495-e1470997659353.jpg\" alt=\"Mocowanie n\u00f3\u017cek w fotelu Allibert California\" width=\"385\" height=\"289\" srcset=\"https:\/\/www.meblobranie.pl\/porady\/wp-content\/uploads\/2016\/08\/IMG_1495-e1470997659353.jpg 385w, https:\/\/www.meblobranie.pl\/porady\/wp-content\/uploads\/2016\/08\/IMG_1495-e1470997659353-300x225.jpg 300w\" sizes=\"auto, (max-width: 385px) 100vw, 385px\" \/> <img loading=\"lazy\" decoding=\"async\" class=\"alignnone wp-image-8615 size-full\" title=\"Mocowanie n\u00f3\u017cek w fotelu Allibert California\" src=\"\/\/www.meblobranie.pl\/porady\/wp-content\/uploads\/2016\/08\/IMG_1496-e1470997717459.jpg\" alt=\"Mocowanie n\u00f3\u017cek w fotelu Allibert California\" width=\"289\" height=\"289\" srcset=\"https:\/\/www.meblobranie.pl\/porady\/wp-content\/uploads\/2016\/08\/IMG_1496-e1470997717459.jpg 289w, https:\/\/www.meblobranie.pl\/porady\/wp-content\/uploads\/2016\/08\/IMG_1496-e1470997717459-200x200.jpg 200w, https:\/\/www.meblobranie.pl\/porady\/wp-content\/uploads\/2016\/08\/IMG_1496-e1470997717459-150x150.jpg 150w\" sizes=\"auto, (max-width: 289px) 100vw, 289px\" \/><\/p>\n<p>N\u00f3\u017cki montowane s\u0105 do ca\u0142o\u015bci analogicznie jak przy stoliku &#8211; trzeba je lekko dobi\u0107 d\u0142oni\u0105.<\/p>\n<p style=\"text-align: center;\"><img loading=\"lazy\" decoding=\"async\" class=\"alignnone wp-image-8616 size-full\" title=\"Montowanie siedziska do boku fotela\" src=\"\/\/www.meblobranie.pl\/porady\/wp-content\/uploads\/2016\/08\/IMG_1497-e1470997998114.jpg\" alt=\"Montowanie siedziska do boku fotela\" width=\"223\" height=\"223\" srcset=\"https:\/\/www.meblobranie.pl\/porady\/wp-content\/uploads\/2016\/08\/IMG_1497-e1470997998114.jpg 223w, https:\/\/www.meblobranie.pl\/porady\/wp-content\/uploads\/2016\/08\/IMG_1497-e1470997998114-200x200.jpg 200w, https:\/\/www.meblobranie.pl\/porady\/wp-content\/uploads\/2016\/08\/IMG_1497-e1470997998114-150x150.jpg 150w\" sizes=\"auto, (max-width: 223px) 100vw, 223px\" \/> <img loading=\"lazy\" decoding=\"async\" class=\"alignnone wp-image-8617 size-full\" title=\"Montowanie siedziska do boku fotela\" src=\"\/\/www.meblobranie.pl\/porady\/wp-content\/uploads\/2016\/08\/IMG_1498-e1470998048115.jpg\" alt=\"Montowanie siedziska do boku fotela\" width=\"223\" height=\"223\" srcset=\"https:\/\/www.meblobranie.pl\/porady\/wp-content\/uploads\/2016\/08\/IMG_1498-e1470998048115.jpg 223w, https:\/\/www.meblobranie.pl\/porady\/wp-content\/uploads\/2016\/08\/IMG_1498-e1470998048115-200x200.jpg 200w, https:\/\/www.meblobranie.pl\/porady\/wp-content\/uploads\/2016\/08\/IMG_1498-e1470998048115-150x150.jpg 150w\" sizes=\"auto, (max-width: 223px) 100vw, 223px\" \/> <img loading=\"lazy\" decoding=\"async\" class=\"alignnone wp-image-8618 size-full\" title=\"Montowanie siedziska do boku fotela\" src=\"\/\/www.meblobranie.pl\/porady\/wp-content\/uploads\/2016\/08\/IMG_1500-e1470998070985.jpg\" alt=\"Montowanie siedziska do boku fotela\" width=\"223\" height=\"223\" srcset=\"https:\/\/www.meblobranie.pl\/porady\/wp-content\/uploads\/2016\/08\/IMG_1500-e1470998070985.jpg 223w, https:\/\/www.meblobranie.pl\/porady\/wp-content\/uploads\/2016\/08\/IMG_1500-e1470998070985-200x200.jpg 200w, https:\/\/www.meblobranie.pl\/porady\/wp-content\/uploads\/2016\/08\/IMG_1500-e1470998070985-150x150.jpg 150w\" sizes=\"auto, (max-width: 223px) 100vw, 223px\" \/><\/p>\n<p>Po zamontowaniu n\u00f3\u017cek zabrali\u015bmy si\u0119 za przymocowanie&nbsp;siedziska do boku fotela. Trzeba by\u0142o przykr\u0119ci\u0107 je na \u015brubki z tworzywa za pomoc\u0105 specjalnego kluczyka.<\/p>\n<p><img loading=\"lazy\" decoding=\"async\" class=\"wp-image-8620 size-full aligncenter\" title=\"Podgrzewanie gwintowanej wk\u0142adki - pr\u00f3ba rozwi\u0105zania problemu\" src=\"\/\/www.meblobranie.pl\/porady\/wp-content\/uploads\/2016\/08\/IMG_1501-e1470998102494.jpg\" alt=\"Podgrzewanie gwintowanej wk\u0142adki - pr\u00f3ba rozwi\u0105zania problemu\" width=\"680\" height=\"680\" srcset=\"https:\/\/www.meblobranie.pl\/porady\/wp-content\/uploads\/2016\/08\/IMG_1501-e1470998102494.jpg 680w, https:\/\/www.meblobranie.pl\/porady\/wp-content\/uploads\/2016\/08\/IMG_1501-e1470998102494-200x200.jpg 200w, https:\/\/www.meblobranie.pl\/porady\/wp-content\/uploads\/2016\/08\/IMG_1501-e1470998102494-300x300.jpg 300w, https:\/\/www.meblobranie.pl\/porady\/wp-content\/uploads\/2016\/08\/IMG_1501-e1470998102494-150x150.jpg 150w\" sizes=\"auto, (max-width: 680px) 100vw, 680px\" \/><\/p>\n<p>No i pojawi\u0142 si\u0119 pierwszy zgrzyt. Do otwor\u00f3w przy drugim boczku nie pasowa\u0142a nam gwintowana wk\u0142adka. Po kilku pr\u00f3bach zacz\u0119li\u015bmy ju\u017c rozwa\u017ca\u0107 reklamacj\u0119, ale wtedy ma\u0142\u017conka wpad\u0142a na pomys\u0142 z rozgrzaniem elementu &#8211; pomog\u0142o. Dalej nie by\u0142o ju\u017c problem\u00f3w.<\/p>\n<p style=\"text-align: center;\"><img loading=\"lazy\" decoding=\"async\" class=\"alignnone wp-image-8621 size-full\" title=\"Montowanie pozosta\u0142ych cz\u0119\u015bci fotela Allibert California\" src=\"\/\/www.meblobranie.pl\/porady\/wp-content\/uploads\/2016\/08\/IMG_1503-e1470998188919.jpg\" alt=\"Montowanie pozosta\u0142ych cz\u0119\u015bci fotela Allibert California\" width=\"337\" height=\"337\" srcset=\"https:\/\/www.meblobranie.pl\/porady\/wp-content\/uploads\/2016\/08\/IMG_1503-e1470998188919.jpg 337w, https:\/\/www.meblobranie.pl\/porady\/wp-content\/uploads\/2016\/08\/IMG_1503-e1470998188919-200x200.jpg 200w, https:\/\/www.meblobranie.pl\/porady\/wp-content\/uploads\/2016\/08\/IMG_1503-e1470998188919-300x300.jpg 300w, https:\/\/www.meblobranie.pl\/porady\/wp-content\/uploads\/2016\/08\/IMG_1503-e1470998188919-150x150.jpg 150w\" sizes=\"auto, (max-width: 337px) 100vw, 337px\" \/> <img loading=\"lazy\" decoding=\"async\" class=\"alignnone wp-image-8622 size-full\" title=\"Montowanie pozosta\u0142ych cz\u0119\u015bci fotela Allibert California\" src=\"https:\/\/www.meblobranie.pl\/porady\/wp-content\/uploads\/2016\/08\/IMG_1504-e1470998231412.jpg\" alt=\"Montowanie pozosta\u0142ych cz\u0119\u015bci fotela Allibert California\" width=\"337\" height=\"337\" srcset=\"https:\/\/www.meblobranie.pl\/porady\/wp-content\/uploads\/2016\/08\/IMG_1504-e1470998231412.jpg 337w, https:\/\/www.meblobranie.pl\/porady\/wp-content\/uploads\/2016\/08\/IMG_1504-e1470998231412-200x200.jpg 200w, https:\/\/www.meblobranie.pl\/porady\/wp-content\/uploads\/2016\/08\/IMG_1504-e1470998231412-300x300.jpg 300w, https:\/\/www.meblobranie.pl\/porady\/wp-content\/uploads\/2016\/08\/IMG_1504-e1470998231412-150x150.jpg 150w\" sizes=\"auto, (max-width: 337px) 100vw, 337px\" \/><\/p>\n<p>Przykr\u0119cili\u015bmy drugi bok, do\u0142\u0105czyli\u015bmy prz\u00f3d fotela na \u201eclick\u201d, postawili\u015bmy ca\u0142o\u015b\u0107 i za\u0142o\u017cyli\u015bmy oparcie.<\/p>\n<p style=\"text-align: center;\"><img loading=\"lazy\" decoding=\"async\" class=\"alignnone wp-image-8623 size-full\" title=\"Gotowy fotel Allibert California\" src=\"\/\/www.meblobranie.pl\/porady\/wp-content\/uploads\/2016\/08\/IMG_1505-e1470998263122.jpg\" alt=\"Gotowy fotel Allibert California\" width=\"337\" height=\"337\" srcset=\"https:\/\/www.meblobranie.pl\/porady\/wp-content\/uploads\/2016\/08\/IMG_1505-e1470998263122.jpg 337w, https:\/\/www.meblobranie.pl\/porady\/wp-content\/uploads\/2016\/08\/IMG_1505-e1470998263122-200x200.jpg 200w, https:\/\/www.meblobranie.pl\/porady\/wp-content\/uploads\/2016\/08\/IMG_1505-e1470998263122-300x300.jpg 300w, https:\/\/www.meblobranie.pl\/porady\/wp-content\/uploads\/2016\/08\/IMG_1505-e1470998263122-150x150.jpg 150w\" sizes=\"auto, (max-width: 337px) 100vw, 337px\" \/> <img loading=\"lazy\" decoding=\"async\" class=\"alignnone wp-image-8624 size-full\" title=\"Gotowy fotel Allibert California\" src=\"\/\/www.meblobranie.pl\/porady\/wp-content\/uploads\/2016\/08\/IMG_1507-e1470998294860.jpg\" alt=\"Gotowy fotel Allibert California\" width=\"337\" height=\"337\" srcset=\"https:\/\/www.meblobranie.pl\/porady\/wp-content\/uploads\/2016\/08\/IMG_1507-e1470998294860.jpg 337w, https:\/\/www.meblobranie.pl\/porady\/wp-content\/uploads\/2016\/08\/IMG_1507-e1470998294860-200x200.jpg 200w, https:\/\/www.meblobranie.pl\/porady\/wp-content\/uploads\/2016\/08\/IMG_1507-e1470998294860-300x300.jpg 300w, https:\/\/www.meblobranie.pl\/porady\/wp-content\/uploads\/2016\/08\/IMG_1507-e1470998294860-150x150.jpg 150w\" sizes=\"auto, (max-width: 337px) 100vw, 337px\" \/><\/p>\n<p>Gotowe! Po\u0142o\u017cyli\u015bmy poduszki i ca\u0142o\u015b\u0107 wygl\u0105da\u0142a super. Drugi fotel z\u0142o\u017cyli\u015bmy analogicznie &#8211; wiedzieli\u015bmy ju\u017c co i jak, wi\u0119c monta\u017c poszed\u0142 cztery razy szybciej.<\/p>\n<h3>Monta\u017c sofy dwuosobowej California 2<\/h3>\n<p>Zanim zabrali\u015bmy si\u0119 za monta\u017c sofy, chwil\u0119 zastanawiali\u015bmy si\u0119 co i jak po\u0142\u0105czy\u0107, jak sofa b\u0119dzie usztywniona.<\/p>\n<p style=\"text-align: center;\"><img loading=\"lazy\" decoding=\"async\" class=\"alignnone wp-image-8625 size-full\" title=\"Monta\u017c sofy Allibert California 2\" src=\"\/\/www.meblobranie.pl\/porady\/wp-content\/uploads\/2016\/08\/IMG_1509-e1470998356143.jpg\" alt=\"Monta\u017c sofy Allibert California 2\" width=\"337\" height=\"337\" srcset=\"https:\/\/www.meblobranie.pl\/porady\/wp-content\/uploads\/2016\/08\/IMG_1509-e1470998356143.jpg 337w, https:\/\/www.meblobranie.pl\/porady\/wp-content\/uploads\/2016\/08\/IMG_1509-e1470998356143-200x200.jpg 200w, https:\/\/www.meblobranie.pl\/porady\/wp-content\/uploads\/2016\/08\/IMG_1509-e1470998356143-300x300.jpg 300w, https:\/\/www.meblobranie.pl\/porady\/wp-content\/uploads\/2016\/08\/IMG_1509-e1470998356143-150x150.jpg 150w\" sizes=\"auto, (max-width: 337px) 100vw, 337px\" \/> <img loading=\"lazy\" decoding=\"async\" class=\"alignnone wp-image-8626 size-full\" title=\"Monta\u017c sofy Allibert California 2\" src=\"\/\/www.meblobranie.pl\/porady\/wp-content\/uploads\/2016\/08\/IMG_1510-e1470998376796.jpg\" alt=\"Monta\u017c sofy Allibert California 2\" width=\"337\" height=\"337\" srcset=\"https:\/\/www.meblobranie.pl\/porady\/wp-content\/uploads\/2016\/08\/IMG_1510-e1470998376796.jpg 337w, https:\/\/www.meblobranie.pl\/porady\/wp-content\/uploads\/2016\/08\/IMG_1510-e1470998376796-200x200.jpg 200w, https:\/\/www.meblobranie.pl\/porady\/wp-content\/uploads\/2016\/08\/IMG_1510-e1470998376796-300x300.jpg 300w, https:\/\/www.meblobranie.pl\/porady\/wp-content\/uploads\/2016\/08\/IMG_1510-e1470998376796-150x150.jpg 150w\" sizes=\"auto, (max-width: 337px) 100vw, 337px\" \/><\/p>\n<p>Monta\u017c zacz\u0105\u0142 si\u0119 tak samo jak w przypadku fotela. Siedzisko sofy r\u00f3wnie\u017c jest dwucz\u0119\u015bciowe, ale trzeba zwr\u00f3ci\u0107 uwag\u0119, \u017ce wk\u0142adki gwintowane s\u0105 w 2 rodzajach \u2013 w \u015brodkowej cz\u0119\u015bci nale\u017cy u\u017cy\u0107 tych mniejszych, dzi\u0119ki czemu elementy nie b\u0119d\u0105 od siebie odstawa\u0107.<\/p>\n<p style=\"text-align: center;\"><img loading=\"lazy\" decoding=\"async\" class=\"alignnone wp-image-8627 size-full\" title=\"Monta\u017c sofy Allibert California 2\" src=\"\/\/www.meblobranie.pl\/porady\/wp-content\/uploads\/2016\/08\/IMG_1512-e1470998620527.jpg\" alt=\"Monta\u017c sofy Allibert California 2\" width=\"182\" height=\"182\" srcset=\"https:\/\/www.meblobranie.pl\/porady\/wp-content\/uploads\/2016\/08\/IMG_1512-e1470998620527.jpg 182w, https:\/\/www.meblobranie.pl\/porady\/wp-content\/uploads\/2016\/08\/IMG_1512-e1470998620527-150x150.jpg 150w\" sizes=\"auto, (max-width: 182px) 100vw, 182px\" \/> <img loading=\"lazy\" decoding=\"async\" class=\"alignnone wp-image-8628 size-full\" title=\"Monta\u017c sofy Allibert California 2\" src=\"\/\/www.meblobranie.pl\/porady\/wp-content\/uploads\/2016\/08\/IMG_1514-e1470998665474.jpg\" alt=\"Monta\u017c sofy Allibert California 2\" width=\"243\" height=\"182\"> <img loading=\"lazy\" decoding=\"async\" class=\"alignnone wp-image-8629 size-full\" title=\"Monta\u017c sofy Allibert California 2\" src=\"\/\/www.meblobranie.pl\/porady\/wp-content\/uploads\/2016\/08\/IMG_1516-e1470998692259.jpg\" alt=\"Monta\u017c sofy Allibert California 2\" width=\"243\" height=\"182\"><\/p>\n<p>Siedzisko sofy wzmocnione jest specjalnym czarnym wspornikiem. Nale\u017cy pami\u0119ta\u0107, \u017ce powinien si\u0119 on znale\u017a\u0107 wewn\u0105trz jednej z cz\u0119\u015bci sofy (nie pomi\u0119dzy nimi), a wkr\u0119caj\u0105c \u015bruby nale\u017cy wkr\u0119ca\u0107 je tak, aby g\u0142\u00f3wka \u015bruby by\u0142a ze strony przeciwnej ni\u017c czarny wspornik \u2013 inaczej \u015bruba b\u0119dzie za kr\u00f3tka.<\/p>\n<p><img loading=\"lazy\" decoding=\"async\" class=\"wp-image-8630 size-full aligncenter\" title=\"Gotowa sofa Allibert California 2\" src=\"\/\/www.meblobranie.pl\/porady\/wp-content\/uploads\/2016\/08\/IMG_1526-e1470998720657.jpg\" alt=\"Gotowa sofa Allibert California 2\" width=\"680\" height=\"510\" srcset=\"https:\/\/www.meblobranie.pl\/porady\/wp-content\/uploads\/2016\/08\/IMG_1526-e1470998720657.jpg 680w, https:\/\/www.meblobranie.pl\/porady\/wp-content\/uploads\/2016\/08\/IMG_1526-e1470998720657-300x225.jpg 300w\" sizes=\"auto, (max-width: 680px) 100vw, 680px\" \/><\/p>\n<p>Monta\u017c ko\u0144czy si\u0119 analogicznie jak w przypadku fotela. Dodali\u015bmy poduszki i komplet by\u0142 gotowy.<\/p>\n<p><img loading=\"lazy\" decoding=\"async\" class=\"wp-image-8632 size-full aligncenter\" title=\"Gotowy komplet Allibert California 2\" src=\"\/\/www.meblobranie.pl\/porady\/wp-content\/uploads\/2016\/08\/IMG_1519-e1470998755769.jpg\" alt=\"Gotowy komplet Allibert California 2\" width=\"680\" height=\"510\" srcset=\"https:\/\/www.meblobranie.pl\/porady\/wp-content\/uploads\/2016\/08\/IMG_1519-e1470998755769.jpg 680w, https:\/\/www.meblobranie.pl\/porady\/wp-content\/uploads\/2016\/08\/IMG_1519-e1470998755769-300x225.jpg 300w\" sizes=\"auto, (max-width: 680px) 100vw, 680px\" \/><\/p>\n<h2>Oceniamy meble ogrodowe Allibert California 2<\/h2>\n<p>Po wypr\u00f3bowaniu stwierdzili\u015bmy, \u017ce zestaw jest bardzo wygodny. Poduszki s\u0105 komfortowe, zar\u00f3wno te na siedziska, jak i pod plecy. Ca\u0142o\u015b\u0107 <strong>wydaje si\u0119 trwa\u0142a i du\u017co bardziej solidna ni\u017c Corfu<\/strong>. Fotele s\u0105 lekkie &#8211; r\u00f3wnie\u017c ma\u0142\u017conka nie ma problem\u00f3w z ich przenoszeniem.<\/p>\n<p><img loading=\"lazy\" decoding=\"async\" class=\"wp-image-8631 size-full aligncenter\" title=\"Komplet Allibert California 2 ustalony w miejscu docelowym - na tarasie\" src=\"\/\/www.meblobranie.pl\/porady\/wp-content\/uploads\/2016\/08\/IMG_1534-e1470998803476.jpg\" alt=\"Komplet Allibert California 2 ustalony w miejscu docelowym - na tarasie\" width=\"680\" height=\"907\" srcset=\"https:\/\/www.meblobranie.pl\/porady\/wp-content\/uploads\/2016\/08\/IMG_1534-e1470998803476.jpg 680w, https:\/\/www.meblobranie.pl\/porady\/wp-content\/uploads\/2016\/08\/IMG_1534-e1470998803476-225x300.jpg 225w\" sizes=\"auto, (max-width: 680px) 100vw, 680px\" \/><\/p>\n<p>Wyb\u00f3r zestawu na taras by\u0142 zdecydowanie udany. Komplet ogrodowy jest <strong>\u0142adny, wygodny i warty swojej ceny<\/strong>. Trzeba tylko uwa\u017ca\u0107 podczas skr\u0119cania, \u017ceby si\u0119 nie pomyli\u0107 na jakim\u015b etapie. Ale je\u015bli uwa\u017cnie zmontujemy ca\u0142o\u015b\u0107, to zestaw tarasowy pos\u0142u\u017cy nam przez lata. I jak stwierdzi\u0142a ma\u0142\u017conka &#8211; to ciekawa alternatywa dla klasycznego technorattanu. W odlewie te\u017c mog\u0105 zdarza\u0107 si\u0119 pomy\u0142ki, ale du\u017co \u0142atwiej je naprawi\u0107 ni\u017c w przypadku mebli z Chin.<\/p>\n","protected":false},"excerpt":{"rendered":"<p>Pami\u0119tacie nasz tekst o monta\u017cu skrzyni Keter Brushwood? Nasza redakcyjna kole\u017canka udowodni\u0142a w nim, \u017ce monta\u017c skrzyni ogrodowej jest bardzo prosty i ka\u017cdy sobie z nim poradzi, wystarczy wykona\u0107 wszystko zgodnie z instrukcj\u0105. Natchniony jej tekstem, postanowi\u0142em przygotowa\u0107 dla Was instrukta\u017c &#8211; czy te\u017c relacj\u0119 &#8211; z moich zmaga\u0144 z zestawem Allibert California 2. Mam [&hellip;]<\/p>\n","protected":false},"author":16,"featured_media":8662,"comment_status":"open","ping_status":"closed","sticky":false,"template":"","format":"standard","meta":{"_acf_changed":false,"ngg_post_thumbnail":0,"footnotes":""},"categories":[9,905,6,55],"tags":[],"class_list":{"0":"post-8593","1":"post","2":"type-post","3":"status-publish","4":"format-standard","5":"has-post-thumbnail","7":"category-nasze-produkty","8":"category-ogrod","9":"category-poradnik","10":"category-z-przymruzeniem-oka"},"acf":[],"yoast_head":"<!-- This site is optimized with the Yoast SEO plugin v27.4 - https:\/\/yoast.com\/product\/yoast-seo-wordpress\/ -->\n<title>Monta\u017c mebli ogrodowych Allibert California 2 - relacja Klienta<\/title>\n<meta name=\"description\" content=\"Monta\u017c mebli ogrodowych mo\u017ce si\u0119 wydawa\u0107 trudny, ale wcale taki nie jest. Zobaczcie relacj\u0119 Klienta, kt\u00f3ry samodzielnie z\u0142o\u017cy\u0142 zestaw Allibert California 2.\" \/>\n<meta name=\"robots\" content=\"index, follow, max-snippet:-1, max-image-preview:large, max-video-preview:-1\" \/>\n<link rel=\"canonical\" href=\"https:\/\/www.meblobranie.pl\/porady\/montaz-mebli-allibert-california-2\/\" \/>\n<meta name=\"twitter:label1\" content=\"Napisane przez\" \/>\n\t<meta name=\"twitter:data1\" content=\"Piotr z Meblobranie.pl\" \/>\n\t<meta name=\"twitter:label2\" content=\"Szacowany czas czytania\" \/>\n\t<meta name=\"twitter:data2\" content=\"5 minut\" \/>\n<script type=\"application\/ld+json\" class=\"yoast-schema-graph\">{\"@context\":\"https:\\\/\\\/schema.org\",\"@graph\":[{\"@type\":\"Article\",\"@id\":\"https:\\\/\\\/www.meblobranie.pl\\\/porady\\\/montaz-mebli-allibert-california-2\\\/#article\",\"isPartOf\":{\"@id\":\"https:\\\/\\\/www.meblobranie.pl\\\/porady\\\/montaz-mebli-allibert-california-2\\\/\"},\"author\":{\"name\":\"Piotr z Meblobranie.pl\",\"@id\":\"https:\\\/\\\/www.meblobranie.pl\\\/porady\\\/#\\\/schema\\\/person\\\/16ec72728de15893e4e75fa06732d8f3\"},\"headline\":\"Allibert California 2 &#8211; jak z\u0142o\u017cy\u0142em meble ogrodowe\",\"datePublished\":\"2016-08-12T11:16:15+00:00\",\"dateModified\":\"2023-06-22T13:44:42+00:00\",\"mainEntityOfPage\":{\"@id\":\"https:\\\/\\\/www.meblobranie.pl\\\/porady\\\/montaz-mebli-allibert-california-2\\\/\"},\"wordCount\":965,\"commentCount\":7,\"image\":{\"@id\":\"https:\\\/\\\/www.meblobranie.pl\\\/porady\\\/montaz-mebli-allibert-california-2\\\/#primaryimage\"},\"thumbnailUrl\":\"https:\\\/\\\/www.meblobranie.pl\\\/porady\\\/wp-content\\\/uploads\\\/2016\\\/08\\\/allibert-california-2.jpg\",\"articleSection\":[\"Nasze produkty\",\"Ogr\u00f3d\",\"Poradnik\",\"Z przymru\u017ceniem oka\"],\"inLanguage\":\"pl-PL\",\"potentialAction\":[{\"@type\":\"CommentAction\",\"name\":\"Comment\",\"target\":[\"https:\\\/\\\/www.meblobranie.pl\\\/porady\\\/montaz-mebli-allibert-california-2\\\/#respond\"]}]},{\"@type\":\"WebPage\",\"@id\":\"https:\\\/\\\/www.meblobranie.pl\\\/porady\\\/montaz-mebli-allibert-california-2\\\/\",\"url\":\"https:\\\/\\\/www.meblobranie.pl\\\/porady\\\/montaz-mebli-allibert-california-2\\\/\",\"name\":\"Monta\u017c mebli ogrodowych Allibert California 2 - relacja Klienta\",\"isPartOf\":{\"@id\":\"https:\\\/\\\/www.meblobranie.pl\\\/porady\\\/#website\"},\"primaryImageOfPage\":{\"@id\":\"https:\\\/\\\/www.meblobranie.pl\\\/porady\\\/montaz-mebli-allibert-california-2\\\/#primaryimage\"},\"image\":{\"@id\":\"https:\\\/\\\/www.meblobranie.pl\\\/porady\\\/montaz-mebli-allibert-california-2\\\/#primaryimage\"},\"thumbnailUrl\":\"https:\\\/\\\/www.meblobranie.pl\\\/porady\\\/wp-content\\\/uploads\\\/2016\\\/08\\\/allibert-california-2.jpg\",\"datePublished\":\"2016-08-12T11:16:15+00:00\",\"dateModified\":\"2023-06-22T13:44:42+00:00\",\"author\":{\"@id\":\"https:\\\/\\\/www.meblobranie.pl\\\/porady\\\/#\\\/schema\\\/person\\\/16ec72728de15893e4e75fa06732d8f3\"},\"description\":\"Monta\u017c mebli ogrodowych mo\u017ce si\u0119 wydawa\u0107 trudny, ale wcale taki nie jest. Zobaczcie relacj\u0119 Klienta, kt\u00f3ry samodzielnie z\u0142o\u017cy\u0142 zestaw Allibert California 2.\",\"breadcrumb\":{\"@id\":\"https:\\\/\\\/www.meblobranie.pl\\\/porady\\\/montaz-mebli-allibert-california-2\\\/#breadcrumb\"},\"inLanguage\":\"pl-PL\",\"potentialAction\":[{\"@type\":\"ReadAction\",\"target\":[\"https:\\\/\\\/www.meblobranie.pl\\\/porady\\\/montaz-mebli-allibert-california-2\\\/\"]}]},{\"@type\":\"ImageObject\",\"inLanguage\":\"pl-PL\",\"@id\":\"https:\\\/\\\/www.meblobranie.pl\\\/porady\\\/montaz-mebli-allibert-california-2\\\/#primaryimage\",\"url\":\"https:\\\/\\\/www.meblobranie.pl\\\/porady\\\/wp-content\\\/uploads\\\/2016\\\/08\\\/allibert-california-2.jpg\",\"contentUrl\":\"https:\\\/\\\/www.meblobranie.pl\\\/porady\\\/wp-content\\\/uploads\\\/2016\\\/08\\\/allibert-california-2.jpg\",\"width\":680,\"height\":479,\"caption\":\"Zestaw Allibert California 2 cappuccino i czekolada\"},{\"@type\":\"BreadcrumbList\",\"@id\":\"https:\\\/\\\/www.meblobranie.pl\\\/porady\\\/montaz-mebli-allibert-california-2\\\/#breadcrumb\",\"itemListElement\":[{\"@type\":\"ListItem\",\"position\":1,\"name\":\"Home\",\"item\":\"https:\\\/\\\/www.meblobranie.pl\\\/porady\\\/\"},{\"@type\":\"ListItem\",\"position\":2,\"name\":\"Allibert California 2 &#8211; jak z\u0142o\u017cy\u0142em meble ogrodowe\"}]},{\"@type\":\"WebSite\",\"@id\":\"https:\\\/\\\/www.meblobranie.pl\\\/porady\\\/#website\",\"url\":\"https:\\\/\\\/www.meblobranie.pl\\\/porady\\\/\",\"name\":\"Porady Meblobranie.pl\",\"description\":\"Blog o tarasach i ogrodach\",\"potentialAction\":[{\"@type\":\"SearchAction\",\"target\":{\"@type\":\"EntryPoint\",\"urlTemplate\":\"https:\\\/\\\/www.meblobranie.pl\\\/porady\\\/?s={search_term_string}\"},\"query-input\":{\"@type\":\"PropertyValueSpecification\",\"valueRequired\":true,\"valueName\":\"search_term_string\"}}],\"inLanguage\":\"pl-PL\"},{\"@type\":\"Person\",\"@id\":\"https:\\\/\\\/www.meblobranie.pl\\\/porady\\\/#\\\/schema\\\/person\\\/16ec72728de15893e4e75fa06732d8f3\",\"name\":\"Piotr z Meblobranie.pl\",\"image\":{\"@type\":\"ImageObject\",\"inLanguage\":\"pl-PL\",\"@id\":\"https:\\\/\\\/secure.gravatar.com\\\/avatar\\\/be6f83ebed516d6cdc3c177280f6c777507a75584fa22e0e2c9ca2bdaada0fe3?s=96&d=mm&r=g\",\"url\":\"https:\\\/\\\/secure.gravatar.com\\\/avatar\\\/be6f83ebed516d6cdc3c177280f6c777507a75584fa22e0e2c9ca2bdaada0fe3?s=96&d=mm&r=g\",\"contentUrl\":\"https:\\\/\\\/secure.gravatar.com\\\/avatar\\\/be6f83ebed516d6cdc3c177280f6c777507a75584fa22e0e2c9ca2bdaada0fe3?s=96&d=mm&r=g\",\"caption\":\"Piotr z Meblobranie.pl\"}}]}<\/script>\n<!-- \/ Yoast SEO plugin. -->","yoast_head_json":{"title":"Monta\u017c mebli ogrodowych Allibert California 2 - relacja Klienta","description":"Monta\u017c mebli ogrodowych mo\u017ce si\u0119 wydawa\u0107 trudny, ale wcale taki nie jest. Zobaczcie relacj\u0119 Klienta, kt\u00f3ry samodzielnie z\u0142o\u017cy\u0142 zestaw Allibert California 2.","robots":{"index":"index","follow":"follow","max-snippet":"max-snippet:-1","max-image-preview":"max-image-preview:large","max-video-preview":"max-video-preview:-1"},"canonical":"https:\/\/www.meblobranie.pl\/porady\/montaz-mebli-allibert-california-2\/","twitter_misc":{"Napisane przez":"Piotr z Meblobranie.pl","Szacowany czas czytania":"5 minut"},"schema":{"@context":"https:\/\/schema.org","@graph":[{"@type":"Article","@id":"https:\/\/www.meblobranie.pl\/porady\/montaz-mebli-allibert-california-2\/#article","isPartOf":{"@id":"https:\/\/www.meblobranie.pl\/porady\/montaz-mebli-allibert-california-2\/"},"author":{"name":"Piotr z Meblobranie.pl","@id":"https:\/\/www.meblobranie.pl\/porady\/#\/schema\/person\/16ec72728de15893e4e75fa06732d8f3"},"headline":"Allibert California 2 &#8211; jak z\u0142o\u017cy\u0142em meble ogrodowe","datePublished":"2016-08-12T11:16:15+00:00","dateModified":"2023-06-22T13:44:42+00:00","mainEntityOfPage":{"@id":"https:\/\/www.meblobranie.pl\/porady\/montaz-mebli-allibert-california-2\/"},"wordCount":965,"commentCount":7,"image":{"@id":"https:\/\/www.meblobranie.pl\/porady\/montaz-mebli-allibert-california-2\/#primaryimage"},"thumbnailUrl":"https:\/\/www.meblobranie.pl\/porady\/wp-content\/uploads\/2016\/08\/allibert-california-2.jpg","articleSection":["Nasze produkty","Ogr\u00f3d","Poradnik","Z przymru\u017ceniem oka"],"inLanguage":"pl-PL","potentialAction":[{"@type":"CommentAction","name":"Comment","target":["https:\/\/www.meblobranie.pl\/porady\/montaz-mebli-allibert-california-2\/#respond"]}]},{"@type":"WebPage","@id":"https:\/\/www.meblobranie.pl\/porady\/montaz-mebli-allibert-california-2\/","url":"https:\/\/www.meblobranie.pl\/porady\/montaz-mebli-allibert-california-2\/","name":"Monta\u017c mebli ogrodowych Allibert California 2 - relacja Klienta","isPartOf":{"@id":"https:\/\/www.meblobranie.pl\/porady\/#website"},"primaryImageOfPage":{"@id":"https:\/\/www.meblobranie.pl\/porady\/montaz-mebli-allibert-california-2\/#primaryimage"},"image":{"@id":"https:\/\/www.meblobranie.pl\/porady\/montaz-mebli-allibert-california-2\/#primaryimage"},"thumbnailUrl":"https:\/\/www.meblobranie.pl\/porady\/wp-content\/uploads\/2016\/08\/allibert-california-2.jpg","datePublished":"2016-08-12T11:16:15+00:00","dateModified":"2023-06-22T13:44:42+00:00","author":{"@id":"https:\/\/www.meblobranie.pl\/porady\/#\/schema\/person\/16ec72728de15893e4e75fa06732d8f3"},"description":"Monta\u017c mebli ogrodowych mo\u017ce si\u0119 wydawa\u0107 trudny, ale wcale taki nie jest. Zobaczcie relacj\u0119 Klienta, kt\u00f3ry samodzielnie z\u0142o\u017cy\u0142 zestaw Allibert California 2.","breadcrumb":{"@id":"https:\/\/www.meblobranie.pl\/porady\/montaz-mebli-allibert-california-2\/#breadcrumb"},"inLanguage":"pl-PL","potentialAction":[{"@type":"ReadAction","target":["https:\/\/www.meblobranie.pl\/porady\/montaz-mebli-allibert-california-2\/"]}]},{"@type":"ImageObject","inLanguage":"pl-PL","@id":"https:\/\/www.meblobranie.pl\/porady\/montaz-mebli-allibert-california-2\/#primaryimage","url":"https:\/\/www.meblobranie.pl\/porady\/wp-content\/uploads\/2016\/08\/allibert-california-2.jpg","contentUrl":"https:\/\/www.meblobranie.pl\/porady\/wp-content\/uploads\/2016\/08\/allibert-california-2.jpg","width":680,"height":479,"caption":"Zestaw Allibert California 2 cappuccino i czekolada"},{"@type":"BreadcrumbList","@id":"https:\/\/www.meblobranie.pl\/porady\/montaz-mebli-allibert-california-2\/#breadcrumb","itemListElement":[{"@type":"ListItem","position":1,"name":"Home","item":"https:\/\/www.meblobranie.pl\/porady\/"},{"@type":"ListItem","position":2,"name":"Allibert California 2 &#8211; jak z\u0142o\u017cy\u0142em meble ogrodowe"}]},{"@type":"WebSite","@id":"https:\/\/www.meblobranie.pl\/porady\/#website","url":"https:\/\/www.meblobranie.pl\/porady\/","name":"Porady Meblobranie.pl","description":"Blog o tarasach i ogrodach","potentialAction":[{"@type":"SearchAction","target":{"@type":"EntryPoint","urlTemplate":"https:\/\/www.meblobranie.pl\/porady\/?s={search_term_string}"},"query-input":{"@type":"PropertyValueSpecification","valueRequired":true,"valueName":"search_term_string"}}],"inLanguage":"pl-PL"},{"@type":"Person","@id":"https:\/\/www.meblobranie.pl\/porady\/#\/schema\/person\/16ec72728de15893e4e75fa06732d8f3","name":"Piotr z Meblobranie.pl","image":{"@type":"ImageObject","inLanguage":"pl-PL","@id":"https:\/\/secure.gravatar.com\/avatar\/be6f83ebed516d6cdc3c177280f6c777507a75584fa22e0e2c9ca2bdaada0fe3?s=96&d=mm&r=g","url":"https:\/\/secure.gravatar.com\/avatar\/be6f83ebed516d6cdc3c177280f6c777507a75584fa22e0e2c9ca2bdaada0fe3?s=96&d=mm&r=g","contentUrl":"https:\/\/secure.gravatar.com\/avatar\/be6f83ebed516d6cdc3c177280f6c777507a75584fa22e0e2c9ca2bdaada0fe3?s=96&d=mm&r=g","caption":"Piotr z Meblobranie.pl"}}]}},"_links":{"self":[{"href":"https:\/\/www.meblobranie.pl\/porady\/wp-json\/wp\/v2\/posts\/8593","targetHints":{"allow":["GET"]}}],"collection":[{"href":"https:\/\/www.meblobranie.pl\/porady\/wp-json\/wp\/v2\/posts"}],"about":[{"href":"https:\/\/www.meblobranie.pl\/porady\/wp-json\/wp\/v2\/types\/post"}],"author":[{"embeddable":true,"href":"https:\/\/www.meblobranie.pl\/porady\/wp-json\/wp\/v2\/users\/16"}],"replies":[{"embeddable":true,"href":"https:\/\/www.meblobranie.pl\/porady\/wp-json\/wp\/v2\/comments?post=8593"}],"version-history":[{"count":0,"href":"https:\/\/www.meblobranie.pl\/porady\/wp-json\/wp\/v2\/posts\/8593\/revisions"}],"wp:featuredmedia":[{"embeddable":true,"href":"https:\/\/www.meblobranie.pl\/porady\/wp-json\/wp\/v2\/media\/8662"}],"wp:attachment":[{"href":"https:\/\/www.meblobranie.pl\/porady\/wp-json\/wp\/v2\/media?parent=8593"}],"wp:term":[{"taxonomy":"category","embeddable":true,"href":"https:\/\/www.meblobranie.pl\/porady\/wp-json\/wp\/v2\/categories?post=8593"},{"taxonomy":"post_tag","embeddable":true,"href":"https:\/\/www.meblobranie.pl\/porady\/wp-json\/wp\/v2\/tags?post=8593"}],"curies":[{"name":"wp","href":"https:\/\/api.w.org\/{rel}","templated":true}]}}