{"id":9178,"date":"2016-09-03T10:56:40","date_gmt":"2016-09-03T08:56:40","guid":{"rendered":"http:\/\/www.meblobranie.pl\/porady\/?p=9178"},"modified":"2023-04-26T10:07:55","modified_gmt":"2023-04-26T08:07:55","slug":"jak-oslonic-taras-przed-wiatrem","status":"publish","type":"post","link":"https:\/\/www.meblobranie.pl\/porady\/jak-oslonic-taras-przed-wiatrem\/","title":{"rendered":"Jak os\u0142oni\u0107 taras przed wiatrem?"},"content":{"rendered":"<p>Z problemem nadmiernego wiatru najcz\u0119\u015bciej borykaj\u0105 si\u0119 w\u0142a\u015bciciele taras\u00f3w po\u0142o\u017conych na wy\u017cszych pi\u0119trach. Brakuje tam naturalnej os\u0142ony drzew i ro\u015blin, wi\u0119c <strong>silny wiatr jest szczeg\u00f3lnie dokuczliwy<\/strong>. Zdarzaj\u0105 si\u0119 nawet przypadki, \u017ce du\u017cy wiatr przestawia lekkie <a href=\"https:\/\/www.meblobranie.pl\/meble-tarasowe\">meble tarasowe<\/a>, co przy silnej wichurze mo\u017ce spowodowa\u0107 uszkodzenia sprz\u0119t\u00f3w. Podobne problemy mog\u0105 mie\u0107 r\u00f3wnie\u017c osoby \u015bwie\u017co wprowadzaj\u0105ce si\u0119 do dom\u00f3w jednorodzinnych, w kt\u00f3rych ziele\u0144 ogrodowa nie jest jeszcze zbyt bujna. Jak os\u0142oni\u0107 taras przed wiatrem i rozwi\u0105za\u0107 ten problem? Sprawd\u017amy.<\/p>\n<p><img loading=\"lazy\" decoding=\"async\" class=\"aligncenter wp-image-9180 size-full\" src=\"https:\/\/www.meblobranie.pl\/porady\/wp-content\/uploads\/2016\/09\/grafitowy-zestaw-balkonowy-corona-z-bezowym-parasolem-1833.jpeg\" alt=\"taras os\u0142oni\u0119ty parasolem\" width=\"500\" height=\"375\" srcset=\"https:\/\/www.meblobranie.pl\/porady\/wp-content\/uploads\/2016\/09\/grafitowy-zestaw-balkonowy-corona-z-bezowym-parasolem-1833.jpeg 500w, https:\/\/www.meblobranie.pl\/porady\/wp-content\/uploads\/2016\/09\/grafitowy-zestaw-balkonowy-corona-z-bezowym-parasolem-1833-300x225.jpeg 300w\" sizes=\"auto, (max-width: 500px) 100vw, 500px\" \/><br \/>\n<!--more--><\/p>\n<h2>Os\u0142oni\u0119cie tarasu przed wiatrem<\/h2>\n<h3>A\u017curowe maty os\u0142onowe<\/h3>\n<p>Problem jaka os\u0142ona tarasu przed wiatrem mo\u017cna rozwi\u0105za\u0107 na kilka sposob\u00f3w. Przy tarasach w przestrzeniach miejskich najcz\u0119\u015bciej stosuje si\u0119 specjalne os\u0142ony, kt\u00f3re nie tylko stanowi\u0105 przeszkod\u0119 dla wiatru, ale te\u017c odgradzaj\u0105 przestrze\u0144 do wypoczynku od ciekawskich spojrze\u0144 s\u0105siad\u00f3w czy przechodni\u00f3w. Najcz\u0119\u015bciej wybierane s\u0105 <strong><a href=\"\/kratki-ogrodowe-balkonowe\">a\u017curowe os\u0142ony<\/a>&nbsp;tworzone z wikliny lub technorattanu<\/strong>. Ten typ os\u0142on na taras \u015bwietnie si\u0119 sprawdza w\u0142a\u015bnie ze wzgl\u0119du na plecion\u0105 struktur\u0119. A\u017curowej&nbsp;przeszkody wiatr nie przewr\u00f3ci, a jednocze\u015bnie jego si\u0142a jest rozpraszana i minimalizowana. Mo\u017cna w ten spos\u00f3b os\u0142oni\u0107 boki tarasu z ka\u017cdej strony i zabezpieczy\u0107 si\u0119 nie tylko przed porywistym wiatrem i deszczem, ale te\u017c stworzy\u0107 przyjemny cie\u0144 w upalne dni.<\/p>\n<p><img loading=\"lazy\" decoding=\"async\" class=\"aligncenter wp-image-9182 size-full\" src=\"https:\/\/www.meblobranie.pl\/porady\/wp-content\/uploads\/2016\/09\/cylindryczne-braz.jpg\" alt=\"taras os\u0142oni\u0119ty trzcin\u0105 \" width=\"500\" height=\"375\" srcset=\"https:\/\/www.meblobranie.pl\/porady\/wp-content\/uploads\/2016\/09\/cylindryczne-braz.jpg 500w, https:\/\/www.meblobranie.pl\/porady\/wp-content\/uploads\/2016\/09\/cylindryczne-braz-300x225.jpg 300w\" sizes=\"auto, (max-width: 500px) 100vw, 500px\" \/><\/p>\n<h3>Drewniane panele na tarasy<\/h3>\n<p>Podobne os\u0142ony tarasowe mog\u0105 by\u0107 wykonane z drewna. Drewniane os\u0142ony boczne na tarasy i balkony mog\u0105 mie\u0107 form\u0119 <strong>jednolitych drewnianych p\u0142yt lub a\u017curowych paneli z prze\u015bwitami<\/strong>. W przypadku drewna mo\u017cesz wi\u0119c swobodnie wybra\u0107, czy chcesz os\u0142oni\u0107 taras od wiatru ca\u0142kowicie i stworzy\u0107 nieprzejrzyst\u0105 os\u0142on\u0119 tarasu, wybieraj\u0105c jednolite drewniane p\u0142yty, czy chcesz mie\u0107 wra\u017cenie przebywania na \u015bwie\u017cym powietrzu, wybieraj\u0105c os\u0142on\u0119 tarasow\u0105 tworzon\u0105 przez a\u017curowe panele. Drewniana os\u0142ona tarasu mo\u017ce by\u0107 zastosowana zar\u00f3wno na bok tarasu, jak i na ca\u0142o\u015b\u0107. Mo\u017cna te\u017c swobodnie \u0142\u0105czy\u0107 panele a\u017curowe z jednolitymi tworz\u0105c przytulny k\u0105cik idealnie dopasowany do naszych potrzeb.<\/p>\n<p class=\"Standard\"><b><span style=\"color: maroon;\">[[kategoria:1872:6]]<\/span><\/b><\/p>\n<h3>Zielona \u015bciana na tarasie<\/h3>\n<p>Innym pomys\u0142em na os\u0142on\u0119 tarasu w bloku przed wiatrem jest <strong>stworzenie zielonej \u015bciany na tarasie<\/strong> &#8211; najlepiej wykorzysta\u0107 w tym celu&nbsp;<a href=\"\/pergole\">donice z pergol\u0105<\/a>. Wykonanie takiej \u015bciany jest bardzo proste. Kupujemy lub samodzielnie przygotowujemy odpowiedni\u0105 donic\u0119 z kratk\u0105 i sadzimy w niej ro\u015bliny pn\u0105ce, kt\u00f3rych p\u0119dy delikatnie przeplatamy przez kratk\u0119. Na efekty trzeba b\u0119dzie troch\u0119 poczeka\u0107, ale za to taka ro\u015blinna \u015bciana stworzy na tarasie du\u017co przyjemniejszy nastr\u00f3j ni\u017c klasyczna os\u0142ona. Innym popularnym sposobem, \u017ceby os\u0142oni\u0107 taras ro\u015blinami, s\u0105 ogrody wertykalne, czyli zielone \u015bciany. Mog\u0105 to by\u0107 zar\u00f3wno pionowe kwietniki mocowane do \u015bcian budynku, jak i bardziej profesjonalne zielone \u015bciany, w kt\u00f3rych nie zauwa\u017cymy granic pomi\u0119dzy poszczeg\u00f3lnymi ro\u015blinami.<\/p>\n<p><img loading=\"lazy\" decoding=\"async\" class=\"aligncenter wp-image-9184 size-full\" src=\"https:\/\/www.meblobranie.pl\/porady\/wp-content\/uploads\/2016\/09\/donica-z-kratka-40x80-sklep-internetowy-16881-xl.jpeg\" alt=\"Donice z kratk\u0105 - pergole -wykorzystane jako os\u0142ona tarasu\" width=\"500\" height=\"247\" srcset=\"https:\/\/www.meblobranie.pl\/porady\/wp-content\/uploads\/2016\/09\/donica-z-kratka-40x80-sklep-internetowy-16881-xl.jpeg 500w, https:\/\/www.meblobranie.pl\/porady\/wp-content\/uploads\/2016\/09\/donica-z-kratka-40x80-sklep-internetowy-16881-xl-300x148.jpeg 300w\" sizes=\"auto, (max-width: 500px) 100vw, 500px\" \/><\/p>\n<h3>Parasole, zacieniacze i markizy<\/h3>\n<p>Problem wiatru na otwartych tarasach mo\u017ce te\u017c rozwi\u0105za\u0107 odpowiednio dobrany <a href=\"\/parasole-ogrodowe-balkonowe\">parasol ogrodowy<\/a>. W roli os\u0142ony najlepiej sprawdzaj\u0105 si\u0119 parasole z \u0142amanym stela\u017cem, kt\u00f3re mo\u017cna pochyli\u0107 o dowolny k\u0105t. Do wykorzystania nadaj\u0105 si\u0119 te\u017c parasole z du\u017cymi czaszami montowane do \u015bciany budynku. Odpowiednio ustawiony <strong>parasol dobrze os\u0142oni przed wiatrem meble na tarasie<\/strong> i korzystaj\u0105ce z nich osoby.&nbsp;Funkcj\u0119&nbsp;os\u0142ony przed wiatrem mo\u017ce&nbsp;pe\u0142ni\u0107 r\u00f3wnie\u017c du\u017cy zacieniacz ustawiony pod odpowiednim k\u0105tem. Nowoczesnym rozwi\u0105zaniem s\u0105 markizy boczne, czyli os\u0142ony tarasu rozwijane w razie potrzeby, tworz\u0105ce jednolit\u0105 os\u0142on\u0119 przed s\u0142o\u0144cem i wiatrem.<\/p>\n<p class=\"Standard\"><b><span style=\"color: maroon;\">[[kategoria:40:6]]<\/span><\/b><\/p>\n<h2>Os\u0142ona tarasu przed s\u0142o\u0144cem<\/h2>\n<p>Przy wysokich tarasach, usytuowanych na najwy\u017cszych pi\u0119trach budynk\u00f3w, sama os\u0142ona przed wiatrem mo\u017ce nie wystarczy\u0107. W\u0142a\u015bciciele takich eleganckich przestrzeni borykaj\u0105 si\u0119 dodatkowo z problemem m\u0119cz\u0105cego s\u0142o\u0144ca, kt\u00f3re na tej wysoko\u015bci mo\u017ce by\u0107 bardzo silne i nieprzyjemne. Popo\u0142udniowy wypoczynek na tarasie nieco straci na uroku, je\u015bli <strong>pal\u0105ce s\u0142o\u0144ce nie da nam spokojnie wypocz\u0105\u0107<\/strong>. Najprostszym rozwi\u0105zaniem tego problemu jest zakup odpowiedniego parasola ogrodowego.<\/p>\n<p><img loading=\"lazy\" decoding=\"async\" class=\"aligncenter wp-image-9185 size-full\" src=\"https:\/\/www.meblobranie.pl\/porady\/wp-content\/uploads\/2016\/09\/parasol-przeciwsloneczny-uzywany-by-uchronic-przed-sloncem-drewniane-meble-ogrodowe-462.jpeg\" alt=\"ochrona przed s\u0142o\u0144cem za pomoc\u0105 parasola ogrodowego\" width=\"500\" height=\"299\" srcset=\"https:\/\/www.meblobranie.pl\/porady\/wp-content\/uploads\/2016\/09\/parasol-przeciwsloneczny-uzywany-by-uchronic-przed-sloncem-drewniane-meble-ogrodowe-462.jpeg 500w, https:\/\/www.meblobranie.pl\/porady\/wp-content\/uploads\/2016\/09\/parasol-przeciwsloneczny-uzywany-by-uchronic-przed-sloncem-drewniane-meble-ogrodowe-462-300x179.jpeg 300w\" sizes=\"auto, (max-width: 500px) 100vw, 500px\" \/><\/p>\n<p>Przy zakupie parasola przeznaczonego na wietrzny taras, warto dokupi\u0107 do niego ci\u0119\u017csz\u0105 <a href=\"\/podstawy-do-parasoli-ogrodowych\">podstaw\u0119 do parasola<\/a> ni\u017c ta zalecana przez producenta. Dzi\u0119ki temu b\u0119dziemy mie\u0107 pewno\u015b\u0107, \u017ce parasol <strong>b\u0119dzie odpowiednio stabilny i nie przewr\u00f3ci si\u0119 pod wp\u0142ywem wiatru<\/strong>. Trzeba tak\u017ce pami\u0119ta\u0107 o tym, \u017ceby zawsze sk\u0142ada\u0107 parasol kiedy z niego nie korzystamy. Z\u0142o\u017cony parasol zniesie wichur\u0119 bez wi\u0119kszych problem\u00f3w, podczas gdy roz\u0142o\u017cony m\u00f3g\u0142by zosta\u0107 uszkodzony przez wiatr. Opr\u00f3cz parasoli mo\u017cna r\u00f3wnie\u017c zastosowa\u0107 zacieniacze na tarasie, markizy czy inne zadaszenia.&nbsp;<\/p>\n<p><b><span style=\"color: maroon;\">[[kategoria:1558:6]]<\/span><\/b><\/p>\n<p>Warto te\u017c pami\u0119ta\u0107, \u017ce os\u0142ona tarasowa boczna uodparnia aran\u017cacj\u0119 tarasu nie tylko na podmuchy wiatru. Os\u0142oni\u0119ta przestrze\u0144 tarasowa <strong>pozwala chroni\u0107 taras r\u00f3wnie\u017c przed pal\u0105cym s\u0142o\u0144cem i spojrzeniami s\u0105siad\u00f3w<\/strong>, a tak\u017ce jest odporna na inne niekorzystne warunki atmosferyczne &#8211; os\u0142ony chroni\u0105 przed zacinaj\u0105cym deszczem i blokuj\u0105 cz\u0119\u015bciowo promieniowanie UV. Dlatego warto os\u0142oni\u0107 taras i wypoczywa\u0107 na \u015bwie\u017cym powietrzu niezale\u017cnie, nie boj\u0105c si\u0119 czy zmienne warunki atmosferyczne nie zak\u0142\u00f3c\u0105 wypoczynku i naszego rodzinnego sp\u0119dzania czasu na dworze.<\/p>\n<p style=\"text-align: center;\">***<\/p>\n<p>Mam nadziej\u0119, \u017ce po lekturze naszego artyku\u0142u wiecie ju\u017c czym os\u0142oni\u0107 taras od wiatru. W razie w\u0105tpliwo\u015bci pytajcie, a my ch\u0119tnie pomo\u017cemy :)<\/p>\n<p><b><span style=\"color: maroon;\">[[kategoria:1990:6]]<\/span><\/b><\/p>\n","protected":false},"excerpt":{"rendered":"<p>Z problemem nadmiernego wiatru najcz\u0119\u015bciej borykaj\u0105 si\u0119 w\u0142a\u015bciciele taras\u00f3w po\u0142o\u017conych na wy\u017cszych pi\u0119trach. Brakuje tam naturalnej os\u0142ony drzew i ro\u015blin, wi\u0119c silny wiatr jest szczeg\u00f3lnie dokuczliwy. Zdarzaj\u0105 si\u0119 nawet przypadki, \u017ce du\u017cy wiatr przestawia lekkie meble tarasowe, co przy silnej wichurze mo\u017ce spowodowa\u0107 uszkodzenia sprz\u0119t\u00f3w. Podobne problemy mog\u0105 mie\u0107 r\u00f3wnie\u017c osoby \u015bwie\u017co wprowadzaj\u0105ce si\u0119 do [&hellip;]<\/p>\n","protected":false},"author":18,"featured_media":9180,"comment_status":"open","ping_status":"closed","sticky":false,"template":"","format":"standard","meta":{"_acf_changed":false,"ngg_post_thumbnail":0,"footnotes":""},"categories":[905,6],"tags":[],"class_list":{"0":"post-9178","1":"post","2":"type-post","3":"status-publish","4":"format-standard","5":"has-post-thumbnail","7":"category-ogrod","8":"category-poradnik"},"acf":[],"yoast_head":"<!-- This site is optimized with the Yoast SEO plugin v27.4 - https:\/\/yoast.com\/product\/yoast-seo-wordpress\/ -->\n<title>Sposoby na os\u0142oni\u0119cie tarasu przed wiatrem i s\u0142o\u0144cem<\/title>\n<meta name=\"description\" content=\"Sposob\u00f3w na os\u0142oni\u0119cie tarasu przed wiatrem lub s\u0142o\u0144cem jest wiele. Zastanawiasz si\u0119, kt\u00f3ry wykorzysta\u0107 u siebie? Zebrali\u015bmy dla Ciebie najlepsze pomys\u0142y!\" \/>\n<meta name=\"robots\" content=\"index, follow, max-snippet:-1, max-image-preview:large, max-video-preview:-1\" \/>\n<link rel=\"canonical\" href=\"https:\/\/www.meblobranie.pl\/porady\/jak-oslonic-taras-przed-wiatrem\/\" \/>\n<meta name=\"twitter:label1\" content=\"Napisane przez\" \/>\n\t<meta name=\"twitter:data1\" content=\"Natalia z Meblobranie.pl\" \/>\n\t<meta name=\"twitter:label2\" content=\"Szacowany czas czytania\" \/>\n\t<meta name=\"twitter:data2\" content=\"5 minut\" \/>\n<script type=\"application\/ld+json\" class=\"yoast-schema-graph\">{\"@context\":\"https:\\\/\\\/schema.org\",\"@graph\":[{\"@type\":\"Article\",\"@id\":\"https:\\\/\\\/www.meblobranie.pl\\\/porady\\\/jak-oslonic-taras-przed-wiatrem\\\/#article\",\"isPartOf\":{\"@id\":\"https:\\\/\\\/www.meblobranie.pl\\\/porady\\\/jak-oslonic-taras-przed-wiatrem\\\/\"},\"author\":{\"name\":\"Natalia z Meblobranie.pl\",\"@id\":\"https:\\\/\\\/www.meblobranie.pl\\\/porady\\\/#\\\/schema\\\/person\\\/947af96c0073e071e3c3c7dd5c17001a\"},\"headline\":\"Jak os\u0142oni\u0107 taras przed wiatrem?\",\"datePublished\":\"2016-09-03T08:56:40+00:00\",\"dateModified\":\"2023-04-26T08:07:55+00:00\",\"mainEntityOfPage\":{\"@id\":\"https:\\\/\\\/www.meblobranie.pl\\\/porady\\\/jak-oslonic-taras-przed-wiatrem\\\/\"},\"wordCount\":937,\"commentCount\":0,\"image\":{\"@id\":\"https:\\\/\\\/www.meblobranie.pl\\\/porady\\\/jak-oslonic-taras-przed-wiatrem\\\/#primaryimage\"},\"thumbnailUrl\":\"https:\\\/\\\/www.meblobranie.pl\\\/porady\\\/wp-content\\\/uploads\\\/2016\\\/09\\\/grafitowy-zestaw-balkonowy-corona-z-bezowym-parasolem-1833.jpeg\",\"articleSection\":[\"Ogr\u00f3d\",\"Poradnik\"],\"inLanguage\":\"pl-PL\",\"potentialAction\":[{\"@type\":\"CommentAction\",\"name\":\"Comment\",\"target\":[\"https:\\\/\\\/www.meblobranie.pl\\\/porady\\\/jak-oslonic-taras-przed-wiatrem\\\/#respond\"]}]},{\"@type\":\"WebPage\",\"@id\":\"https:\\\/\\\/www.meblobranie.pl\\\/porady\\\/jak-oslonic-taras-przed-wiatrem\\\/\",\"url\":\"https:\\\/\\\/www.meblobranie.pl\\\/porady\\\/jak-oslonic-taras-przed-wiatrem\\\/\",\"name\":\"Sposoby na os\u0142oni\u0119cie tarasu przed wiatrem i s\u0142o\u0144cem\",\"isPartOf\":{\"@id\":\"https:\\\/\\\/www.meblobranie.pl\\\/porady\\\/#website\"},\"primaryImageOfPage\":{\"@id\":\"https:\\\/\\\/www.meblobranie.pl\\\/porady\\\/jak-oslonic-taras-przed-wiatrem\\\/#primaryimage\"},\"image\":{\"@id\":\"https:\\\/\\\/www.meblobranie.pl\\\/porady\\\/jak-oslonic-taras-przed-wiatrem\\\/#primaryimage\"},\"thumbnailUrl\":\"https:\\\/\\\/www.meblobranie.pl\\\/porady\\\/wp-content\\\/uploads\\\/2016\\\/09\\\/grafitowy-zestaw-balkonowy-corona-z-bezowym-parasolem-1833.jpeg\",\"datePublished\":\"2016-09-03T08:56:40+00:00\",\"dateModified\":\"2023-04-26T08:07:55+00:00\",\"author\":{\"@id\":\"https:\\\/\\\/www.meblobranie.pl\\\/porady\\\/#\\\/schema\\\/person\\\/947af96c0073e071e3c3c7dd5c17001a\"},\"description\":\"Sposob\u00f3w na os\u0142oni\u0119cie tarasu przed wiatrem lub s\u0142o\u0144cem jest wiele. Zastanawiasz si\u0119, kt\u00f3ry wykorzysta\u0107 u siebie? Zebrali\u015bmy dla Ciebie najlepsze pomys\u0142y!\",\"breadcrumb\":{\"@id\":\"https:\\\/\\\/www.meblobranie.pl\\\/porady\\\/jak-oslonic-taras-przed-wiatrem\\\/#breadcrumb\"},\"inLanguage\":\"pl-PL\",\"potentialAction\":[{\"@type\":\"ReadAction\",\"target\":[\"https:\\\/\\\/www.meblobranie.pl\\\/porady\\\/jak-oslonic-taras-przed-wiatrem\\\/\"]}]},{\"@type\":\"ImageObject\",\"inLanguage\":\"pl-PL\",\"@id\":\"https:\\\/\\\/www.meblobranie.pl\\\/porady\\\/jak-oslonic-taras-przed-wiatrem\\\/#primaryimage\",\"url\":\"https:\\\/\\\/www.meblobranie.pl\\\/porady\\\/wp-content\\\/uploads\\\/2016\\\/09\\\/grafitowy-zestaw-balkonowy-corona-z-bezowym-parasolem-1833.jpeg\",\"contentUrl\":\"https:\\\/\\\/www.meblobranie.pl\\\/porady\\\/wp-content\\\/uploads\\\/2016\\\/09\\\/grafitowy-zestaw-balkonowy-corona-z-bezowym-parasolem-1833.jpeg\",\"width\":500,\"height\":375,\"caption\":\"Du\u017cy taras w bloku os\u0142oni\u0119ty parasolem.\"},{\"@type\":\"BreadcrumbList\",\"@id\":\"https:\\\/\\\/www.meblobranie.pl\\\/porady\\\/jak-oslonic-taras-przed-wiatrem\\\/#breadcrumb\",\"itemListElement\":[{\"@type\":\"ListItem\",\"position\":1,\"name\":\"Home\",\"item\":\"https:\\\/\\\/www.meblobranie.pl\\\/porady\\\/\"},{\"@type\":\"ListItem\",\"position\":2,\"name\":\"Jak os\u0142oni\u0107 taras przed wiatrem?\"}]},{\"@type\":\"WebSite\",\"@id\":\"https:\\\/\\\/www.meblobranie.pl\\\/porady\\\/#website\",\"url\":\"https:\\\/\\\/www.meblobranie.pl\\\/porady\\\/\",\"name\":\"Porady Meblobranie.pl\",\"description\":\"Blog o tarasach i ogrodach\",\"potentialAction\":[{\"@type\":\"SearchAction\",\"target\":{\"@type\":\"EntryPoint\",\"urlTemplate\":\"https:\\\/\\\/www.meblobranie.pl\\\/porady\\\/?s={search_term_string}\"},\"query-input\":{\"@type\":\"PropertyValueSpecification\",\"valueRequired\":true,\"valueName\":\"search_term_string\"}}],\"inLanguage\":\"pl-PL\"},{\"@type\":\"Person\",\"@id\":\"https:\\\/\\\/www.meblobranie.pl\\\/porady\\\/#\\\/schema\\\/person\\\/947af96c0073e071e3c3c7dd5c17001a\",\"name\":\"Natalia z Meblobranie.pl\",\"image\":{\"@type\":\"ImageObject\",\"inLanguage\":\"pl-PL\",\"@id\":\"https:\\\/\\\/secure.gravatar.com\\\/avatar\\\/bd86e117c16df3fbfc9c15b284df1e22c6f18f9100d5f6a33d24234751403824?s=96&d=mm&r=g\",\"url\":\"https:\\\/\\\/secure.gravatar.com\\\/avatar\\\/bd86e117c16df3fbfc9c15b284df1e22c6f18f9100d5f6a33d24234751403824?s=96&d=mm&r=g\",\"contentUrl\":\"https:\\\/\\\/secure.gravatar.com\\\/avatar\\\/bd86e117c16df3fbfc9c15b284df1e22c6f18f9100d5f6a33d24234751403824?s=96&d=mm&r=g\",\"caption\":\"Natalia z Meblobranie.pl\"}}]}<\/script>\n<!-- \/ Yoast SEO plugin. -->","yoast_head_json":{"title":"Sposoby na os\u0142oni\u0119cie tarasu przed wiatrem i s\u0142o\u0144cem","description":"Sposob\u00f3w na os\u0142oni\u0119cie tarasu przed wiatrem lub s\u0142o\u0144cem jest wiele. Zastanawiasz si\u0119, kt\u00f3ry wykorzysta\u0107 u siebie? Zebrali\u015bmy dla Ciebie najlepsze pomys\u0142y!","robots":{"index":"index","follow":"follow","max-snippet":"max-snippet:-1","max-image-preview":"max-image-preview:large","max-video-preview":"max-video-preview:-1"},"canonical":"https:\/\/www.meblobranie.pl\/porady\/jak-oslonic-taras-przed-wiatrem\/","twitter_misc":{"Napisane przez":"Natalia z Meblobranie.pl","Szacowany czas czytania":"5 minut"},"schema":{"@context":"https:\/\/schema.org","@graph":[{"@type":"Article","@id":"https:\/\/www.meblobranie.pl\/porady\/jak-oslonic-taras-przed-wiatrem\/#article","isPartOf":{"@id":"https:\/\/www.meblobranie.pl\/porady\/jak-oslonic-taras-przed-wiatrem\/"},"author":{"name":"Natalia z Meblobranie.pl","@id":"https:\/\/www.meblobranie.pl\/porady\/#\/schema\/person\/947af96c0073e071e3c3c7dd5c17001a"},"headline":"Jak os\u0142oni\u0107 taras przed wiatrem?","datePublished":"2016-09-03T08:56:40+00:00","dateModified":"2023-04-26T08:07:55+00:00","mainEntityOfPage":{"@id":"https:\/\/www.meblobranie.pl\/porady\/jak-oslonic-taras-przed-wiatrem\/"},"wordCount":937,"commentCount":0,"image":{"@id":"https:\/\/www.meblobranie.pl\/porady\/jak-oslonic-taras-przed-wiatrem\/#primaryimage"},"thumbnailUrl":"https:\/\/www.meblobranie.pl\/porady\/wp-content\/uploads\/2016\/09\/grafitowy-zestaw-balkonowy-corona-z-bezowym-parasolem-1833.jpeg","articleSection":["Ogr\u00f3d","Poradnik"],"inLanguage":"pl-PL","potentialAction":[{"@type":"CommentAction","name":"Comment","target":["https:\/\/www.meblobranie.pl\/porady\/jak-oslonic-taras-przed-wiatrem\/#respond"]}]},{"@type":"WebPage","@id":"https:\/\/www.meblobranie.pl\/porady\/jak-oslonic-taras-przed-wiatrem\/","url":"https:\/\/www.meblobranie.pl\/porady\/jak-oslonic-taras-przed-wiatrem\/","name":"Sposoby na os\u0142oni\u0119cie tarasu przed wiatrem i s\u0142o\u0144cem","isPartOf":{"@id":"https:\/\/www.meblobranie.pl\/porady\/#website"},"primaryImageOfPage":{"@id":"https:\/\/www.meblobranie.pl\/porady\/jak-oslonic-taras-przed-wiatrem\/#primaryimage"},"image":{"@id":"https:\/\/www.meblobranie.pl\/porady\/jak-oslonic-taras-przed-wiatrem\/#primaryimage"},"thumbnailUrl":"https:\/\/www.meblobranie.pl\/porady\/wp-content\/uploads\/2016\/09\/grafitowy-zestaw-balkonowy-corona-z-bezowym-parasolem-1833.jpeg","datePublished":"2016-09-03T08:56:40+00:00","dateModified":"2023-04-26T08:07:55+00:00","author":{"@id":"https:\/\/www.meblobranie.pl\/porady\/#\/schema\/person\/947af96c0073e071e3c3c7dd5c17001a"},"description":"Sposob\u00f3w na os\u0142oni\u0119cie tarasu przed wiatrem lub s\u0142o\u0144cem jest wiele. Zastanawiasz si\u0119, kt\u00f3ry wykorzysta\u0107 u siebie? Zebrali\u015bmy dla Ciebie najlepsze pomys\u0142y!","breadcrumb":{"@id":"https:\/\/www.meblobranie.pl\/porady\/jak-oslonic-taras-przed-wiatrem\/#breadcrumb"},"inLanguage":"pl-PL","potentialAction":[{"@type":"ReadAction","target":["https:\/\/www.meblobranie.pl\/porady\/jak-oslonic-taras-przed-wiatrem\/"]}]},{"@type":"ImageObject","inLanguage":"pl-PL","@id":"https:\/\/www.meblobranie.pl\/porady\/jak-oslonic-taras-przed-wiatrem\/#primaryimage","url":"https:\/\/www.meblobranie.pl\/porady\/wp-content\/uploads\/2016\/09\/grafitowy-zestaw-balkonowy-corona-z-bezowym-parasolem-1833.jpeg","contentUrl":"https:\/\/www.meblobranie.pl\/porady\/wp-content\/uploads\/2016\/09\/grafitowy-zestaw-balkonowy-corona-z-bezowym-parasolem-1833.jpeg","width":500,"height":375,"caption":"Du\u017cy taras w bloku os\u0142oni\u0119ty parasolem."},{"@type":"BreadcrumbList","@id":"https:\/\/www.meblobranie.pl\/porady\/jak-oslonic-taras-przed-wiatrem\/#breadcrumb","itemListElement":[{"@type":"ListItem","position":1,"name":"Home","item":"https:\/\/www.meblobranie.pl\/porady\/"},{"@type":"ListItem","position":2,"name":"Jak os\u0142oni\u0107 taras przed wiatrem?"}]},{"@type":"WebSite","@id":"https:\/\/www.meblobranie.pl\/porady\/#website","url":"https:\/\/www.meblobranie.pl\/porady\/","name":"Porady Meblobranie.pl","description":"Blog o tarasach i ogrodach","potentialAction":[{"@type":"SearchAction","target":{"@type":"EntryPoint","urlTemplate":"https:\/\/www.meblobranie.pl\/porady\/?s={search_term_string}"},"query-input":{"@type":"PropertyValueSpecification","valueRequired":true,"valueName":"search_term_string"}}],"inLanguage":"pl-PL"},{"@type":"Person","@id":"https:\/\/www.meblobranie.pl\/porady\/#\/schema\/person\/947af96c0073e071e3c3c7dd5c17001a","name":"Natalia z Meblobranie.pl","image":{"@type":"ImageObject","inLanguage":"pl-PL","@id":"https:\/\/secure.gravatar.com\/avatar\/bd86e117c16df3fbfc9c15b284df1e22c6f18f9100d5f6a33d24234751403824?s=96&d=mm&r=g","url":"https:\/\/secure.gravatar.com\/avatar\/bd86e117c16df3fbfc9c15b284df1e22c6f18f9100d5f6a33d24234751403824?s=96&d=mm&r=g","contentUrl":"https:\/\/secure.gravatar.com\/avatar\/bd86e117c16df3fbfc9c15b284df1e22c6f18f9100d5f6a33d24234751403824?s=96&d=mm&r=g","caption":"Natalia z Meblobranie.pl"}}]}},"_links":{"self":[{"href":"https:\/\/www.meblobranie.pl\/porady\/wp-json\/wp\/v2\/posts\/9178","targetHints":{"allow":["GET"]}}],"collection":[{"href":"https:\/\/www.meblobranie.pl\/porady\/wp-json\/wp\/v2\/posts"}],"about":[{"href":"https:\/\/www.meblobranie.pl\/porady\/wp-json\/wp\/v2\/types\/post"}],"author":[{"embeddable":true,"href":"https:\/\/www.meblobranie.pl\/porady\/wp-json\/wp\/v2\/users\/18"}],"replies":[{"embeddable":true,"href":"https:\/\/www.meblobranie.pl\/porady\/wp-json\/wp\/v2\/comments?post=9178"}],"version-history":[{"count":0,"href":"https:\/\/www.meblobranie.pl\/porady\/wp-json\/wp\/v2\/posts\/9178\/revisions"}],"wp:featuredmedia":[{"embeddable":true,"href":"https:\/\/www.meblobranie.pl\/porady\/wp-json\/wp\/v2\/media\/9180"}],"wp:attachment":[{"href":"https:\/\/www.meblobranie.pl\/porady\/wp-json\/wp\/v2\/media?parent=9178"}],"wp:term":[{"taxonomy":"category","embeddable":true,"href":"https:\/\/www.meblobranie.pl\/porady\/wp-json\/wp\/v2\/categories?post=9178"},{"taxonomy":"post_tag","embeddable":true,"href":"https:\/\/www.meblobranie.pl\/porady\/wp-json\/wp\/v2\/tags?post=9178"}],"curies":[{"name":"wp","href":"https:\/\/api.w.org\/{rel}","templated":true}]}}